{"id":232738,"date":"2026-04-27T07:55:00","date_gmt":"2026-04-27T10:55:00","guid":{"rendered":"https:\/\/www.correiobraziliense.com.br\/cbradar\/?p=232738"},"modified":"2026-04-27T01:18:25","modified_gmt":"2026-04-27T04:18:25","slug":"em-1824-cerca-de-39-pessoas-desceram-de-um-barco-e-fundaram-a-alemanha-brasileira-o-berco-de-toda-a-imigracao-alema-no-brasil","status":"publish","type":"post","link":"https:\/\/www.correiobraziliense.com.br\/cbradar\/em-1824-cerca-de-39-pessoas-desceram-de-um-barco-e-fundaram-a-alemanha-brasileira-o-berco-de-toda-a-imigracao-alema-no-brasil\/","title":{"rendered":"Em 1824, um pequeno grupo de 39 pessoas deu in\u00edcio \u00e0 Alemanha brasileira, origem de toda a imigra\u00e7\u00e3o alem\u00e3 no pa\u00eds"},"content":{"rendered":"\n<p>Em <strong>S\u00e3o Leopoldo<\/strong>, no <strong>Vale do Rio dos Sinos<\/strong>, o <strong>Rio Grande do Sul<\/strong> guarda o ponto exato onde a coloniza\u00e7\u00e3o alem\u00e3 come\u00e7ou no <strong>Brasil<\/strong>. A cidade nasceu em 25 de julho de 1824, quando 39 imigrantes desembarcaram em uma antiga feitoria portuguesa.<\/p>\n\n\n\n<h2 class=\"wp-block-heading\">Por que S\u00e3o Leopoldo \u00e9 o ber\u00e7o da imigra\u00e7\u00e3o alem\u00e3?<\/h2>\n\n\n\n<p>Os 39 colonos chegaram a <strong>Porto Alegre<\/strong> uma semana antes e foram levados de barco pelo Rio dos Sinos at\u00e9 a desativada <strong>Real Feitoria do Linho C\u00e2nhamo<\/strong>. Era a \u00fanica constru\u00e7\u00e3o da regi\u00e3o com condi\u00e7\u00f5es de abrig\u00e1-los at\u00e9 receberem seus lotes coloniais.<\/p>\n\n\n\n<p>O Governo Imperial batizou o n\u00facleo de Col\u00f4nia Alem\u00e3 de S\u00e3o Leopoldo, em homenagem ao santo padroeiro da Imperatriz Leopoldina. Em 1846, a col\u00f4nia j\u00e1 era pr\u00f3spera o suficiente para se emancipar da capital. O t\u00edtulo oficial de Ber\u00e7o da Coloniza\u00e7\u00e3o Alem\u00e3 no Brasil foi formalizado pela Lei Federal 12.394 de 2011, segundo a <a href=\"https:\/\/www.saoleopoldo.rs.gov.br\/conteudo\/2980\/464?titulo=TURISMO\" target=\"_blank\" rel=\"noreferrer noopener\"><strong>Prefeitura de S\u00e3o Leopoldo<\/strong><\/a>.<\/p>\n\n\n<div class=\"wp-block-image\">\n<figure class=\"aligncenter size-large\"><img decoding=\"async\" width=\"1024\" height=\"576\" src=\"https:\/\/www.correiobraziliense.com.br\/cbradar\/wp-content\/uploads\/2025\/09\/Design-sem-nome-11-1024x576.png\" alt=\"Fundada em 1824, a cidade que iniciou a imigra\u00e7\u00e3o alem\u00e3 hoje \u00e9 um gigante tecnol\u00f3gico no Rio Grande do Sul\" class=\"wp-image-110196\" srcset=\"https:\/\/www.correiobraziliense.com.br\/cbradar\/wp-content\/uploads\/2025\/09\/Design-sem-nome-11-1024x576.png 1024w, https:\/\/www.correiobraziliense.com.br\/cbradar\/wp-content\/uploads\/2025\/09\/Design-sem-nome-11-300x169.png 300w, https:\/\/www.correiobraziliense.com.br\/cbradar\/wp-content\/uploads\/2025\/09\/Design-sem-nome-11-768x432.png 768w, https:\/\/www.correiobraziliense.com.br\/cbradar\/wp-content\/uploads\/2025\/09\/Design-sem-nome-11-750x422.png 750w, https:\/\/www.correiobraziliense.com.br\/cbradar\/wp-content\/uploads\/2025\/09\/Design-sem-nome-11-1140x641.png 1140w, https:\/\/www.correiobraziliense.com.br\/cbradar\/wp-content\/uploads\/2025\/09\/Design-sem-nome-11.png 1280w\" sizes=\"(max-width: 1024px) 100vw, 1024px\" \/><figcaption class=\"wp-element-caption\">Visite museus, parques e experimente a culin\u00e1ria t\u00edpica alem\u00e3 em S\u00e3o Leopoldo\ufeff\/\/ Cr\u00e9ditos: YouTube @BRASILVISTOPORDRONE<\/figcaption><\/figure><\/div>\n\n\n<h2 class=\"wp-block-heading\">O que ver no centro hist\u00f3rico leopoldense?<\/h2>\n\n\n\n<p>O roteiro principal cabe a p\u00e9. Os pontos centrais ficam concentrados em torno da <strong>Pra\u00e7a do Imigrante<\/strong>, ergueida em 1924 para celebrar o centen\u00e1rio da chegada.<\/p>\n\n\n\n<ul class=\"wp-block-list\">\n<li><strong>Museu Hist\u00f3rico Visconde de S\u00e3o Leopoldo<\/strong>: primeiro museu da imigra\u00e7\u00e3o alem\u00e3 do pa\u00eds, fundado em 1959, com 250 mil documentos e uma B\u00edblia em alem\u00e3o de 1765.<\/li>\n\n\n\n<li><strong>Casa do Imigrante<\/strong>: pr\u00e9dio de 1788 onde os 39 pioneiros foram acolhidos, hoje em estilo enxaimel, tombado pelo patrim\u00f4nio em 1992.<\/li>\n\n\n\n<li><strong>Museu do Trem<\/strong>: instalado na primeira esta\u00e7\u00e3o ferrovi\u00e1ria do Rio Grande do Sul, inaugurada em 1874 para ligar a col\u00f4nia a Porto Alegre.<\/li>\n\n\n\n<li><strong>Igreja Matriz S\u00e3o Lu\u00eds Gonzaga<\/strong>: catedral bas\u00edlica inaugurada em 1911, marco da conviv\u00eancia entre cat\u00f3licos e luteranos na cidade.<\/li>\n\n\n\n<li><strong>Sociedade Orpheu<\/strong>: clube social mais antigo do Brasil em atividade, fundado em 1858 por imigrantes que queriam difundir o canto orfe\u00f4nico.<\/li>\n<\/ul>\n\n\n\n<p>Este v\u00eddeo do canal <strong>Cidades &amp; Cia<\/strong> explora <strong>S\u00e3o Leopoldo<\/strong>, no Rio Grande do Sul, destacando seu papel hist\u00f3rico como o ber\u00e7o da coloniza\u00e7\u00e3o alem\u00e3 no Brasil e sua relev\u00e2ncia econ\u00f4mica atual na Regi\u00e3o Metropolitana de Porto Alegre.<\/p>\n\n\n\n<figure class=\"wp-block-embed aligncenter is-type-video is-provider-youtube wp-block-embed-youtube wp-embed-aspect-16-9 wp-has-aspect-ratio\"><div class=\"wp-block-embed__wrapper\">\n<div class=\"jeg_video_container jeg_video_content\"><iframe loading=\"lazy\" title=\"\ud83e\uddc9EXPLORANDO S\u00c3O LEOPOLDO \/ CONHE\u00c7A A HIST\u00d3RIA E ENCANTOS DESSA BEL\u00cdSSIMA CIDADE GA\u00daCHA #brasil\" width=\"500\" height=\"281\" src=\"https:\/\/www.youtube.com\/embed\/fURyZzjLIgI?feature=oembed\" frameborder=\"0\" allow=\"accelerometer; autoplay; clipboard-write; encrypted-media; gyroscope; picture-in-picture; web-share\" referrerpolicy=\"strict-origin-when-cross-origin\" allowfullscreen><\/iframe><\/div>\n<\/div><\/figure>\n\n\n\n<h2 class=\"wp-block-heading\">O dialeto alem\u00e3o que ainda se ouve nas mesas leopoldenses<\/h2>\n\n\n\n<p>Os imigrantes que fundaram a col\u00f4nia traziam o <strong>Hunsr\u00fcckisch<\/strong>, dialeto germ\u00e2nico do oeste da <strong>Alemanha<\/strong>. Duzentos anos depois, ele ainda aparece em rodas de fam\u00edlia e celebra\u00e7\u00f5es comunit\u00e1rias da regi\u00e3o.<\/p>\n\n\n\n<p>O legado tamb\u00e9m sobreviveu na arquitetura. Casar\u00f5es de enxaimel, igrejas luteranas e escolas comunit\u00e1rias comp\u00f5em um conjunto que se estende por toda a chamada <strong>Rota Rom\u00e2ntica<\/strong>, circuito tur\u00edstico que come\u00e7a em S\u00e3o Leopoldo e segue serra acima at\u00e9 <strong>Nova Petr\u00f3polis<\/strong>.<\/p>\n\n\n<div class=\"wp-block-image\">\n<figure class=\"aligncenter size-large\"><img decoding=\"async\" width=\"1024\" height=\"576\" src=\"https:\/\/www.correiobraziliense.com.br\/cbradar\/wp-content\/uploads\/2025\/09\/Design-sem-nome-10-1024x576.png\" alt=\"Fundada em 1824, a cidade que iniciou a imigra\u00e7\u00e3o alem\u00e3 hoje \u00e9 um gigante tecnol\u00f3gico no Rio Grande do Sul\" class=\"wp-image-110197\" srcset=\"https:\/\/www.correiobraziliense.com.br\/cbradar\/wp-content\/uploads\/2025\/09\/Design-sem-nome-10-1024x576.png 1024w, https:\/\/www.correiobraziliense.com.br\/cbradar\/wp-content\/uploads\/2025\/09\/Design-sem-nome-10-300x169.png 300w, https:\/\/www.correiobraziliense.com.br\/cbradar\/wp-content\/uploads\/2025\/09\/Design-sem-nome-10-768x432.png 768w, https:\/\/www.correiobraziliense.com.br\/cbradar\/wp-content\/uploads\/2025\/09\/Design-sem-nome-10-750x422.png 750w, https:\/\/www.correiobraziliense.com.br\/cbradar\/wp-content\/uploads\/2025\/09\/Design-sem-nome-10-1140x641.png 1140w, https:\/\/www.correiobraziliense.com.br\/cbradar\/wp-content\/uploads\/2025\/09\/Design-sem-nome-10.png 1280w\" sizes=\"(max-width: 1024px) 100vw, 1024px\" \/><figcaption class=\"wp-element-caption\">S\u00e3o Leopoldo destaca-se pela ind\u00fastria diversificada e polo de tecnologia na regi\u00e3o metropolitana de Porto Alegre. \/\/ Cr\u00e9ditos: YouTube @BRASILVISTOPORDRONE<\/figcaption><\/figure><\/div>\n\n\n<h2 class=\"wp-block-heading\">O que comer na capital ga\u00facha da culin\u00e1ria alem\u00e3?<\/h2>\n\n\n\n<p><strong>A mesa leopoldense mistura tradi\u00e7\u00e3o germ\u00e2nica e produtos locais. <\/strong>Padarias, caf\u00e9s coloniais e cervejarias artesanais espalham-se pelo centro e pelos bairros antigos.<\/p>\n\n\n\n<ul class=\"wp-block-list\">\n<li><strong>Eisbein<\/strong>: joelho de porco assado servido com chucrute e pur\u00ea, prato s\u00edmbolo da culin\u00e1ria alem\u00e3 da regi\u00e3o.<\/li>\n\n\n\n<li><strong>Cuca<\/strong>: bolo coberto com farofa doce, recheado com frutas locais como banana, goiaba ou uva.<\/li>\n\n\n\n<li><strong>Apfelstrudel<\/strong>: massa folhada recheada com ma\u00e7\u00e3, canela e passas, heran\u00e7a direta dos primeiros colonos.<\/li>\n\n\n\n<li><strong>Lingui\u00e7as e embutidos artesanais<\/strong>: produzidos em pequenas casas de defumados que mant\u00eam receitas centen\u00e1rias.<\/li>\n\n\n\n<li><strong>Chope artesanal<\/strong>: cervejarias locais retomam a tradi\u00e7\u00e3o germ\u00e2nica em r\u00f3tulos pr\u00f3prios.<\/li>\n<\/ul>\n\n\n<div class=\"wp-block-image\">\n<figure class=\"aligncenter size-large\"><img decoding=\"async\" width=\"1024\" height=\"576\" src=\"https:\/\/www.correiobraziliense.com.br\/cbradar\/wp-content\/uploads\/2025\/09\/Design-sem-nome-13-1-1024x576.png\" alt=\"Essa cidade do Rio Grande do Sul chama aten\u00e7\u00e3o nacional ao unir qualidade de vida e educa\u00e7\u00e3o de ponta\" class=\"wp-image-110202\" srcset=\"https:\/\/www.correiobraziliense.com.br\/cbradar\/wp-content\/uploads\/2025\/09\/Design-sem-nome-13-1-1024x576.png 1024w, https:\/\/www.correiobraziliense.com.br\/cbradar\/wp-content\/uploads\/2025\/09\/Design-sem-nome-13-1-300x169.png 300w, https:\/\/www.correiobraziliense.com.br\/cbradar\/wp-content\/uploads\/2025\/09\/Design-sem-nome-13-1-768x432.png 768w, https:\/\/www.correiobraziliense.com.br\/cbradar\/wp-content\/uploads\/2025\/09\/Design-sem-nome-13-1-750x422.png 750w, https:\/\/www.correiobraziliense.com.br\/cbradar\/wp-content\/uploads\/2025\/09\/Design-sem-nome-13-1-1140x641.png 1140w, https:\/\/www.correiobraziliense.com.br\/cbradar\/wp-content\/uploads\/2025\/09\/Design-sem-nome-13-1.png 1280w\" sizes=\"(max-width: 1024px) 100vw, 1024px\" \/><figcaption class=\"wp-element-caption\">A cidade abriga o Museu Hist\u00f3rico Visconde de S\u00e3o Leopoldo e possui festivais culturais tradicionais. \/\/ Cr\u00e9ditos: YouTube @ferraridrone1976<\/figcaption><\/figure><\/div>\n\n\n<p><strong>Leia tamb\u00e9m: <a href=\"https:\/\/www.correiobraziliense.com.br\/cbradar\/a-gramado-mineira-encanta-com-uma-vila-a-1-500m-de-altitude-onde-casinhas-coloridas-simples-neblina-e-a-lareira-ditam-o-ritmo\/\" target=\"_blank\" rel=\"noreferrer noopener\">A &#8220;Gramado Mineira&#8221; encanta com uma vila a 1.500m de altitude onde casinhas coloridas simples, neblina e a lareira ditam o ritmo.<\/a><\/strong><\/p>\n\n\n\n<h2 class=\"wp-block-heading\">Quando viajar para o Vale dos Sinos?<\/h2>\n\n\n\n<p><strong>O clima \u00e9 subtropical \u00famido, com esta\u00e7\u00f5es bem marcadas. <\/strong>O inverno frio combina com a culin\u00e1ria alem\u00e3, enquanto o outono entrega as tardes mais agrad\u00e1veis para caminhar pelo centro.<\/p>\n\n\n\n<style>\n  \/* --- CONTAINER BLINDADO (PADR\u00c3O REGISTRADO) --- *\/\n  .clima-grid-final {\n    font-family: -apple-system, BlinkMacSystemFont, \"Segoe UI\", Roboto, Arial, sans-serif !important;\n    width: 100% !important;\n    max-width: 1200px !important;\n    margin: 20px auto !important;\n    display: grid !important;\n    \/* FOR\u00c7A 4 COLUNAS NO DESKTOP *\/\n    grid-template-columns: repeat(4, 1fr) !important; \n    gap: 15px !important;\n    box-sizing: border-box !important;\n  }\n\n  .clima-grid-final * {\n    box-sizing: border-box !important;\n  }\n\n  \/* --- BLINDAGEM CONTRA ADS E PLUGINS INTRUSOS --- *\/\n  .clima-grid-final > :not(.card-clima) {\n    display: none !important;\n    width: 0 !important;\n    height: 0 !important;\n    opacity: 0 !important;\n  }\n\n  \/* --- CARD AZUL --- *\/\n  .card-clima {\n    background: #ffffff !important;\n    border: 1px solid #e3f2fd !important;\n    border-radius: 20px !important;\n    padding: 20px 10px !important;\n    text-align: center !important;\n    display: flex !important;\n    flex-direction: column !important;\n    align-items: center !important;\n    box-shadow: 0 4px 10px rgba(13, 71, 161, 0.05) !important;\n    min-width: 0 !important; \n    transition: transform 0.2s ease !important;\n    overflow: hidden !important;\n    height: 100% !important;\n  }\n\n  .card-clima:hover {\n    transform: translateY(-5px) !important;\n    border-color: #90caf9 !important;\n  }\n\n  \/* --- CONTE\u00daDO --- *\/\n  .estacao-nome { \n    font-size: 14px !important; \n    font-weight: 800 !important; \n    color: #0d47a1 !important; \n    text-transform: uppercase !important; \n    margin: 0 0 5px 0 !important; \n  }\n  \n  .estacao-meses { \n    font-size: 10px !important; \n    font-weight: 700 !important; \n    color: #1565c0 !important; \n    text-transform: uppercase !important; \n    margin-bottom: 15px !important; \n    display: block !important;\n  }\n  \n  .temp-valor { \n    font-size: 24px !important; \n    font-weight: 800 !important; \n    color: #01579b !important; \n    line-height: 1.1 !important; \n    margin: 0 !important;\n  }\n  \n  .temp-label { \n    font-size: 9px !important; \n    font-weight: 600 !important; \n    color: #0288d1 !important; \n    text-transform: uppercase !important; \n    margin-bottom: 15px !important; \n    display: block !important;\n  }\n  \n  .clima-desc { \n    font-size: 12px !important; \n    line-height: 1.4 !important; \n    color: #37474f !important; \n    margin-bottom: 15px !important; \n    flex-grow: 1 !important; \n  }\n\n  .tag-status {\n    background-color: #e1f5fe !important;\n    border: 1px solid #b3e5fc !important;\n    color: #0d47a1 !important;\n    padding: 5px 12px !important;\n    border-radius: 20px !important;\n    font-size: 9px !important;\n    font-weight: 800 !important;\n    text-transform: uppercase !important;\n    margin-top: auto !important;\n  }\n\n  \/* --- RESPONSIVIDADE --- *\/\n  @media (max-width: 800px) {\n    .clima-grid-final {\n      grid-template-columns: 1fr !important; \n    }\n    .card-clima {\n      padding: 25px 20px !important;\n    }\n  }\n<\/style>\n\n<div class=\"google-auto-ads-ignore clima-grid-final\">\n  \n  <div class=\"card-clima\">\n    <div class=\"estacao-nome\">\u2600\ufe0f Ver\u00e3o<\/div>\n    <span class=\"estacao-meses\">Dez &#8211; Fev<\/span>\n    <div class=\"temp-valor\">20-32\u00b0C<\/div>\n    <span class=\"temp-label\">M\u00e9dia<\/span>\n    <div class=\"clima-desc\">Com temperaturas elevadas e chuvas frequentes, o per\u00edodo convida a relaxantes <b>passeios pelo Rio dos Sinos<\/b> para aproveitar o vento fresco.<\/div>\n    <div class=\"tag-status\">\ud83d\udea3 Rio<\/div>\n  <\/div>\n\n  <div class=\"card-clima\">\n    <div class=\"estacao-nome\">\ud83c\udf42 Outono<\/div>\n    <span class=\"estacao-meses\">Mar &#8211; Mai<\/span>\n    <div class=\"temp-valor\">14-26\u00b0C<\/div>\n    <span class=\"temp-label\">M\u00e9dia<\/span>\n    <div class=\"clima-desc\">O clima ameno de transi\u00e7\u00e3o \u00e9 perfeito para explorar a riqueza do <b>centro hist\u00f3rico<\/b> e os diversos <b>museus<\/b> da regi\u00e3o.<\/div>\n    <div class=\"tag-status\">\ud83c\udfdb\ufe0f Cultura<\/div>\n  <\/div>\n\n  <div class=\"card-clima\">\n    <div class=\"estacao-nome\">\ud83e\udde3 Inverno<\/div>\n    <span class=\"estacao-meses\">Jun &#8211; Ago<\/span>\n    <div class=\"temp-valor\">8-20\u00b0C<\/div>\n    <span class=\"temp-label\">M\u00e9dia<\/span>\n    <div class=\"clima-desc\">O frio caracter\u00edstico pede uma imers\u00e3o nos tradicionais <b>caf\u00e9s coloniais<\/b> e nas del\u00edcias da <b>culin\u00e1ria alem\u00e3<\/b> t\u00edpica da regi\u00e3o.<\/div>\n    <div class=\"tag-status\">\ud83e\udd68 Tradi\u00e7\u00e3o<\/div>\n  <\/div>\n\n  <div class=\"card-clima\">\n    <div class=\"estacao-nome\">\ud83c\udf38 Primavera<\/div>\n    <span class=\"estacao-meses\">Set &#8211; Nov<\/span>\n    <div class=\"temp-valor\">14-26\u00b0C<\/div>\n    <span class=\"temp-label\">M\u00e9dia<\/span>\n    <div class=\"clima-desc\">Mesmo com chuvas, a esta\u00e7\u00e3o celebra o florescer com diversas <b>festas t\u00edpicas<\/b> e passeios pela encantadora <b>Rota Rom\u00e2ntica<\/b>.<\/div>\n    <div class=\"tag-status\">\ud83c\udf37 Roteiros<\/div>\n  <\/div>\n\n<\/div>\n\n\n\n<p><em>Temperaturas aproximadas com base no <a href=\"https:\/\/www.climatempo.com.br\/climatologia\/1419\/saoleopoldo-rs\" target=\"_blank\" rel=\"noreferrer noopener\"><strong>Climatempo<\/strong><\/a>. Condi\u00e7\u00f5es podem variar.<\/em><\/p>\n\n\n\n<h2 class=\"wp-block-heading\">Como chegar \u00e0 cidade dos primeiros colonos?<\/h2>\n\n\n\n<p>S\u00e3o Leopoldo fica a 35 km de Porto Alegre pela <strong>BR-116<\/strong>, cerca de 40 minutos de carro. O <strong>Trensurb<\/strong> conecta a capital ao munic\u00edpio com tr\u00eas esta\u00e7\u00f5es no munic\u00edpio, op\u00e7\u00e3o pr\u00e1tica para bate-volta a partir do <strong>Aeroporto Salgado Filho<\/strong>.<\/p>\n\n\n\n<h2 class=\"wp-block-heading\">Onde a Alemanha brasileira come\u00e7ou<\/h2>\n\n\n\n<p><strong>Poucas cidades carregam um marco fundador t\u00e3o preciso quanto S\u00e3o Leopoldo. <\/strong>Em uma \u00fanica tarde, o visitante v\u00ea a casa que abrigou os 39 pioneiros, a primeira esta\u00e7\u00e3o ferrovi\u00e1ria do estado e os museus que guardam dois s\u00e9culos de mem\u00f3ria germ\u00e2nica.<\/p>\n\n\n\n<p>Voc\u00ea precisa caminhar at\u00e9 a margem do Rio dos Sinos e imaginar aquela barca chegando em julho de 1824 para entender por que metade do sul do Brasil ainda fala com sotaque alem\u00e3o.<\/p>\n","protected":false},"excerpt":{"rendered":"<p>Em S\u00e3o Leopoldo, no Vale do Rio dos Sinos, o Rio Grande do Sul guarda o ponto exato onde a coloniza\u00e7\u00e3o alem\u00e3 come\u00e7ou no Brasil. A cidade nasceu em 25 de julho de 1824, quando 39 imigrantes desembarcaram em uma antiga feitoria portuguesa. Por que S\u00e3o Leopoldo \u00e9 o ber\u00e7o da imigra\u00e7\u00e3o alem\u00e3? Os 39 [&hellip;]<\/p>\n","protected":false},"author":8,"featured_media":210030,"comment_status":"open","ping_status":"open","sticky":false,"template":"","format":"standard","meta":{"_yoast_wpseo_focuskw":"Brasil","_yoast_wpseo_title":"","_yoast_wpseo_metadesc":"Em 1824, cerca de 39 imigrantes fundaram a \u201cAlemanha brasileira\u201d, considerada o ber\u00e7o da imigra\u00e7\u00e3o alem\u00e3 no Brasil.","jnews-multi-image_gallery":[],"jnews_single_post":{"format":"standard"},"jnews_primary_category":[],"jnews_social_meta":[],"jnews_override_counter":[],"footnotes":""},"categories":[108,111],"post_tag":[217,10508],"class_list":["post-232738","post","type-post","status-publish","format-standard","has-post-thumbnail","hentry","category-cidades","category-turismo","tag-rio-grande-do-sul","tag-sao-leopoldo"],"yoast_head":"<!-- This site is optimized with the Yoast SEO plugin v24.6 - https:\/\/yoast.com\/wordpress\/plugins\/seo\/ -->\n<title>Em 1824, um pequeno grupo de 39 pessoas deu in\u00edcio \u00e0 Alemanha brasileira, origem de toda a imigra\u00e7\u00e3o alem\u00e3 no pa\u00eds - Correio Braziliense - Radar<\/title>\n<meta name=\"description\" content=\"Em 1824, cerca de 39 imigrantes fundaram a \u201cAlemanha brasileira\u201d, considerada o ber\u00e7o da imigra\u00e7\u00e3o alem\u00e3 no Brasil.\" \/>\n<meta name=\"robots\" content=\"index, follow, max-snippet:-1, max-image-preview:large, max-video-preview:-1\" \/>\n<link rel=\"canonical\" href=\"https:\/\/www.correiobraziliense.com.br\/cbradar\/em-1824-cerca-de-39-pessoas-desceram-de-um-barco-e-fundaram-a-alemanha-brasileira-o-berco-de-toda-a-imigracao-alema-no-brasil\/\" \/>\n<meta property=\"og:locale\" content=\"pt_BR\" \/>\n<meta property=\"og:type\" content=\"article\" \/>\n<meta property=\"og:title\" content=\"Em 1824, um pequeno grupo de 39 pessoas deu in\u00edcio \u00e0 Alemanha brasileira, origem de toda a imigra\u00e7\u00e3o alem\u00e3 no pa\u00eds - Correio Braziliense - Radar\" \/>\n<meta property=\"og:description\" content=\"Em 1824, cerca de 39 imigrantes fundaram a \u201cAlemanha brasileira\u201d, considerada o ber\u00e7o da imigra\u00e7\u00e3o alem\u00e3 no Brasil.\" \/>\n<meta property=\"og:url\" content=\"https:\/\/www.correiobraziliense.com.br\/cbradar\/em-1824-cerca-de-39-pessoas-desceram-de-um-barco-e-fundaram-a-alemanha-brasileira-o-berco-de-toda-a-imigracao-alema-no-brasil\/\" \/>\n<meta property=\"og:site_name\" content=\"Correio Braziliense - Radar\" \/>\n<meta property=\"article:published_time\" content=\"2026-04-27T10:55:00+00:00\" \/>\n<meta property=\"og:image\" content=\"https:\/\/www.correiobraziliense.com.br\/cbradar\/wp-content\/uploads\/2026\/03\/aaa-44.png\" \/>\n\t<meta property=\"og:image:width\" content=\"1280\" \/>\n\t<meta property=\"og:image:height\" content=\"720\" \/>\n\t<meta property=\"og:image:type\" content=\"image\/png\" \/>\n<meta name=\"author\" content=\"Maura Pereira\" \/>\n<meta name=\"twitter:card\" content=\"summary_large_image\" \/>\n<meta name=\"twitter:label1\" content=\"Escrito por\" \/>\n\t<meta name=\"twitter:data1\" content=\"Maura Pereira\" \/>\n\t<meta name=\"twitter:label2\" content=\"Est. tempo de leitura\" \/>\n\t<meta name=\"twitter:data2\" content=\"6 minutos\" \/>\n<!-- \/ Yoast SEO plugin. -->","yoast_head_json":{"title":"Em 1824, um pequeno grupo de 39 pessoas deu in\u00edcio \u00e0 Alemanha brasileira, origem de toda a imigra\u00e7\u00e3o alem\u00e3 no pa\u00eds - Correio Braziliense - Radar","description":"Em 1824, cerca de 39 imigrantes fundaram a \u201cAlemanha brasileira\u201d, considerada o ber\u00e7o da imigra\u00e7\u00e3o alem\u00e3 no Brasil.","robots":{"index":"index","follow":"follow","max-snippet":"max-snippet:-1","max-image-preview":"max-image-preview:large","max-video-preview":"max-video-preview:-1"},"canonical":"https:\/\/www.correiobraziliense.com.br\/cbradar\/em-1824-cerca-de-39-pessoas-desceram-de-um-barco-e-fundaram-a-alemanha-brasileira-o-berco-de-toda-a-imigracao-alema-no-brasil\/","og_locale":"pt_BR","og_type":"article","og_title":"Em 1824, um pequeno grupo de 39 pessoas deu in\u00edcio \u00e0 Alemanha brasileira, origem de toda a imigra\u00e7\u00e3o alem\u00e3 no pa\u00eds - Correio Braziliense - Radar","og_description":"Em 1824, cerca de 39 imigrantes fundaram a \u201cAlemanha brasileira\u201d, considerada o ber\u00e7o da imigra\u00e7\u00e3o alem\u00e3 no Brasil.","og_url":"https:\/\/www.correiobraziliense.com.br\/cbradar\/em-1824-cerca-de-39-pessoas-desceram-de-um-barco-e-fundaram-a-alemanha-brasileira-o-berco-de-toda-a-imigracao-alema-no-brasil\/","og_site_name":"Correio Braziliense - Radar","article_published_time":"2026-04-27T10:55:00+00:00","og_image":[{"width":1280,"height":720,"url":"https:\/\/www.correiobraziliense.com.br\/cbradar\/wp-content\/uploads\/2026\/03\/aaa-44.png","type":"image\/png"}],"author":"Maura Pereira","twitter_card":"summary_large_image","twitter_misc":{"Escrito por":"Maura Pereira","Est. tempo de leitura":"6 minutos"},"schema":{"@context":"https:\/\/schema.org","@graph":[{"@type":"WebPage","@id":"https:\/\/www.correiobraziliense.com.br\/cbradar\/em-1824-cerca-de-39-pessoas-desceram-de-um-barco-e-fundaram-a-alemanha-brasileira-o-berco-de-toda-a-imigracao-alema-no-brasil\/","url":"https:\/\/www.correiobraziliense.com.br\/cbradar\/em-1824-cerca-de-39-pessoas-desceram-de-um-barco-e-fundaram-a-alemanha-brasileira-o-berco-de-toda-a-imigracao-alema-no-brasil\/","name":"Em 1824, um pequeno grupo de 39 pessoas deu in\u00edcio \u00e0 Alemanha brasileira, origem de toda a imigra\u00e7\u00e3o alem\u00e3 no pa\u00eds - Correio Braziliense - Radar","isPartOf":{"@id":"https:\/\/www.correiobraziliense.com.br\/cbradar\/#website"},"primaryImageOfPage":{"@id":"https:\/\/www.correiobraziliense.com.br\/cbradar\/em-1824-cerca-de-39-pessoas-desceram-de-um-barco-e-fundaram-a-alemanha-brasileira-o-berco-de-toda-a-imigracao-alema-no-brasil\/#primaryimage"},"image":{"@id":"https:\/\/www.correiobraziliense.com.br\/cbradar\/em-1824-cerca-de-39-pessoas-desceram-de-um-barco-e-fundaram-a-alemanha-brasileira-o-berco-de-toda-a-imigracao-alema-no-brasil\/#primaryimage"},"thumbnailUrl":"https:\/\/www.correiobraziliense.com.br\/cbradar\/wp-content\/uploads\/2026\/03\/aaa-44.png","datePublished":"2026-04-27T10:55:00+00:00","author":{"@id":"https:\/\/www.correiobraziliense.com.br\/cbradar\/#\/schema\/person\/4053c651a9bfc785afc6f4cbc9032fd3"},"description":"Em 1824, cerca de 39 imigrantes fundaram a \u201cAlemanha brasileira\u201d, considerada o ber\u00e7o da imigra\u00e7\u00e3o alem\u00e3 no Brasil.","breadcrumb":{"@id":"https:\/\/www.correiobraziliense.com.br\/cbradar\/em-1824-cerca-de-39-pessoas-desceram-de-um-barco-e-fundaram-a-alemanha-brasileira-o-berco-de-toda-a-imigracao-alema-no-brasil\/#breadcrumb"},"inLanguage":"pt-BR","potentialAction":[{"@type":"ReadAction","target":["https:\/\/www.correiobraziliense.com.br\/cbradar\/em-1824-cerca-de-39-pessoas-desceram-de-um-barco-e-fundaram-a-alemanha-brasileira-o-berco-de-toda-a-imigracao-alema-no-brasil\/"]}]},{"@type":"ImageObject","inLanguage":"pt-BR","@id":"https:\/\/www.correiobraziliense.com.br\/cbradar\/em-1824-cerca-de-39-pessoas-desceram-de-um-barco-e-fundaram-a-alemanha-brasileira-o-berco-de-toda-a-imigracao-alema-no-brasil\/#primaryimage","url":"https:\/\/www.correiobraziliense.com.br\/cbradar\/wp-content\/uploads\/2026\/03\/aaa-44.png","contentUrl":"https:\/\/www.correiobraziliense.com.br\/cbradar\/wp-content\/uploads\/2026\/03\/aaa-44.png","width":1280,"height":720,"caption":"O acervo hist\u00f3rico de S\u00e3o Leopoldo concentra museus, igrejas e monumentos que cobrem dois s\u00e9culos de presen\u00e7a germ\u00e2nica. \/ Imagem ilustrativa"},{"@type":"BreadcrumbList","@id":"https:\/\/www.correiobraziliense.com.br\/cbradar\/em-1824-cerca-de-39-pessoas-desceram-de-um-barco-e-fundaram-a-alemanha-brasileira-o-berco-de-toda-a-imigracao-alema-no-brasil\/#breadcrumb","itemListElement":[{"@type":"ListItem","position":1,"name":"In\u00edcio","item":"https:\/\/www.correiobraziliense.com.br\/cbradar\/"},{"@type":"ListItem","position":2,"name":"Em 1824, um pequeno grupo de 39 pessoas deu in\u00edcio \u00e0 Alemanha brasileira, origem de toda a imigra\u00e7\u00e3o alem\u00e3 no pa\u00eds"}]},{"@type":"WebSite","@id":"https:\/\/www.correiobraziliense.com.br\/cbradar\/#website","url":"https:\/\/www.correiobraziliense.com.br\/cbradar\/","name":"Correio Braziliense - Radar","description":"Acompanhe as \u00faltimas not\u00edcias e fique bem informado sobre tudo o que acontece no Brasil e no mundo.","potentialAction":[{"@type":"SearchAction","target":{"@type":"EntryPoint","urlTemplate":"https:\/\/www.correiobraziliense.com.br\/cbradar\/?s={search_term_string}"},"query-input":{"@type":"PropertyValueSpecification","valueRequired":true,"valueName":"search_term_string"}}],"inLanguage":"pt-BR"},{"@type":"Person","@id":"https:\/\/www.correiobraziliense.com.br\/cbradar\/#\/schema\/person\/4053c651a9bfc785afc6f4cbc9032fd3","name":"Maura Pereira","image":{"@type":"ImageObject","inLanguage":"pt-BR","@id":"https:\/\/www.correiobraziliense.com.br\/cbradar\/#\/schema\/person\/image\/","url":"https:\/\/secure.gravatar.com\/avatar\/3effd6bdadfa447f15089c7f7144eaa6?s=96&d=mm&r=g","contentUrl":"https:\/\/secure.gravatar.com\/avatar\/3effd6bdadfa447f15089c7f7144eaa6?s=96&d=mm&r=g","caption":"Maura Pereira"},"sameAs":["https:\/\/www.correiobraziliense.com.br\/"],"url":"https:\/\/www.correiobraziliense.com.br\/cbradar\/author\/mauramyth\/"}]}},"_links":{"self":[{"href":"https:\/\/www.correiobraziliense.com.br\/cbradar\/wp-json\/wp\/v2\/posts\/232738","targetHints":{"allow":["GET"]}}],"collection":[{"href":"https:\/\/www.correiobraziliense.com.br\/cbradar\/wp-json\/wp\/v2\/posts"}],"about":[{"href":"https:\/\/www.correiobraziliense.com.br\/cbradar\/wp-json\/wp\/v2\/types\/post"}],"author":[{"embeddable":true,"href":"https:\/\/www.correiobraziliense.com.br\/cbradar\/wp-json\/wp\/v2\/users\/8"}],"replies":[{"embeddable":true,"href":"https:\/\/www.correiobraziliense.com.br\/cbradar\/wp-json\/wp\/v2\/comments?post=232738"}],"version-history":[{"count":12,"href":"https:\/\/www.correiobraziliense.com.br\/cbradar\/wp-json\/wp\/v2\/posts\/232738\/revisions"}],"predecessor-version":[{"id":232850,"href":"https:\/\/www.correiobraziliense.com.br\/cbradar\/wp-json\/wp\/v2\/posts\/232738\/revisions\/232850"}],"wp:featuredmedia":[{"embeddable":true,"href":"https:\/\/www.correiobraziliense.com.br\/cbradar\/wp-json\/wp\/v2\/media\/210030"}],"wp:attachment":[{"href":"https:\/\/www.correiobraziliense.com.br\/cbradar\/wp-json\/wp\/v2\/media?parent=232738"}],"wp:term":[{"taxonomy":"category","embeddable":true,"href":"https:\/\/www.correiobraziliense.com.br\/cbradar\/wp-json\/wp\/v2\/categories?post=232738"},{"taxonomy":"post_tag","embeddable":true,"href":"https:\/\/www.correiobraziliense.com.br\/cbradar\/wp-json\/wp\/v2\/post_tag?post=232738"}],"curies":[{"name":"wp","href":"https:\/\/api.w.org\/{rel}","templated":true}]}}