{"id":232739,"date":"2026-04-27T08:25:00","date_gmt":"2026-04-27T11:25:00","guid":{"rendered":"https:\/\/www.correiobraziliense.com.br\/cbradar\/?p=232739"},"modified":"2026-04-27T01:26:50","modified_gmt":"2026-04-27T04:26:50","slug":"com-mais-de-20-milhoes-de-litros-de-vinho-por-ano-essa-cidade-atrai-turistas-de-todo-o-brasil-a-apenas-67-km-de-sao-paulo","status":"publish","type":"post","link":"https:\/\/www.correiobraziliense.com.br\/cbradar\/com-mais-de-20-milhoes-de-litros-de-vinho-por-ano-essa-cidade-atrai-turistas-de-todo-o-brasil-a-apenas-67-km-de-sao-paulo\/","title":{"rendered":"Com mais de 20 milh\u00f5es de litros de vinho por ano, essa cidade atrai turistas de todo o Brasil a apenas 67 km de S\u00e3o Paulo"},"content":{"rendered":"\n<p>Em <strong>S\u00e3o Roque<\/strong>, no interior de <strong>S\u00e3o Paulo<\/strong>, a primeira festa do vinho do <strong>Brasil<\/strong> nasceu em 1942. Hoje, tr\u00eas estradas formam o roteiro mais conhecido do enoturismo do estado, com videiras, alcachofras e casar\u00f5es portugueses entre as serras.<\/p>\n\n\n\n<h2 class=\"wp-block-heading\">Como nasceu a tradi\u00e7\u00e3o vitivin\u00edcola da cidade?<\/h2>\n\n\n\n<p>O cultivo da uva chegou no s\u00e9culo XVII, quando o capit\u00e3o paulista <strong>Pedro Vaz de Barros<\/strong> fundou a cidade em 1657 e plantou os primeiros vinhedos. A produ\u00e7\u00e3o ganhou for\u00e7a com a chegada de imigrantes portugueses, italianos e espanh\u00f3is a partir de 1884, que cobriram as encostas com parreirais.<\/p>\n\n\n\n<p>A primeira <strong>Festa do Vinho<\/strong> do pa\u00eds aconteceu em julho de 1942, segundo a <a href=\"https:\/\/www.turismo.sp.gov.br\/conheca-o-municipio-turistico-de-sao-roque\" target=\"_blank\" rel=\"noreferrer noopener\"><strong>Secretaria de Turismo de S\u00e3o Paulo<\/strong><\/a>. Em 1990, o munic\u00edpio foi elevado a est\u00e2ncia tur\u00edstica e hoje produz cerca de 20 milh\u00f5es de litros por ano, distribu\u00eddos entre 75% de vinho de mesa e 25% de vinhos finos.<\/p>\n\n\n<div class=\"wp-block-image\">\n<figure class=\"aligncenter size-large\"><img decoding=\"async\" width=\"1024\" height=\"576\" src=\"https:\/\/www.correiobraziliense.com.br\/cbradar\/wp-content\/uploads\/2025\/12\/Design-sem-nome-96-2-1024x576.png\" alt=\"A cidade a 60 km de S\u00e3o Paulo conhecida como Terra do Vinho que atrai casais pelo charme de vilas europeias\" class=\"wp-image-158833\" srcset=\"https:\/\/www.correiobraziliense.com.br\/cbradar\/wp-content\/uploads\/2025\/12\/Design-sem-nome-96-2-1024x576.png 1024w, https:\/\/www.correiobraziliense.com.br\/cbradar\/wp-content\/uploads\/2025\/12\/Design-sem-nome-96-2-300x169.png 300w, https:\/\/www.correiobraziliense.com.br\/cbradar\/wp-content\/uploads\/2025\/12\/Design-sem-nome-96-2-768x432.png 768w, https:\/\/www.correiobraziliense.com.br\/cbradar\/wp-content\/uploads\/2025\/12\/Design-sem-nome-96-2-750x422.png 750w, https:\/\/www.correiobraziliense.com.br\/cbradar\/wp-content\/uploads\/2025\/12\/Design-sem-nome-96-2-1140x641.png 1140w, https:\/\/www.correiobraziliense.com.br\/cbradar\/wp-content\/uploads\/2025\/12\/Design-sem-nome-96-2.png 1280w\" sizes=\"(max-width: 1024px) 100vw, 1024px\" \/><figcaption class=\"wp-element-caption\">S\u00e3o Roque-SP revela Rota do Vinho, Ski Mountain Park e Mata da C\u00e2mara na capital paulista do enoturismo serrano preservado. \/\/ Cr\u00e9ditos: Wikip\u00e9dia<\/figcaption><\/figure><\/div>\n\n\n<h2 class=\"wp-block-heading\">Como funciona o Roteiro do Vinho na pr\u00e1tica?<\/h2>\n\n\n\n<p>O <a href=\"https:\/\/www.roteirodovinho.com.br\/\" target=\"_blank\" rel=\"noreferrer noopener\"><strong>Roteiro do Vinho<\/strong><\/a> tem cerca de 10 km e percorre tr\u00eas vias: <strong>Estrada do Vinho<\/strong>, <strong>Estrada dos Ven\u00e2ncios<\/strong> e <strong>Rodovia Quintino de Lima<\/strong>. O trajeto \u00e9 gratuito, sinalizado e pode ser feito de carro, moto ou bicicleta.<\/p>\n\n\n\n<p>S\u00e3o cerca de 15 vin\u00edcolas ao longo do percurso, somadas a restaurantes, pesqueiros, fazendinhas e emp\u00f3rios. A regi\u00e3o recebe mais de 600 mil visitantes por ano, com pico nos fins de semana e durante a colheita da uva, entre janeiro e fevereiro.<\/p>\n\n\n\n<p>S\u00e3o Roque, a cerca de 60 km de S\u00e3o Paulo, \u00e9 apresentada neste v\u00eddeo do canal <strong>De fora em Juiz de Fora<\/strong> como a &#8220;Terra do Vinho&#8221; paulista, unindo tradi\u00e7\u00e3o europeia, gastronomia e lazer para todas as idades.<\/p>\n\n\n\n<figure class=\"wp-block-embed aligncenter is-type-video is-provider-youtube wp-block-embed-youtube wp-embed-aspect-16-9 wp-has-aspect-ratio\"><div class=\"wp-block-embed__wrapper\">\n<div class=\"jeg_video_container jeg_video_content\"><iframe loading=\"lazy\" title=\"S\u00c3O ROQUE SP: A CIDADE QUE TRANSFORMOU VINHO EM TRADI\u00c7\u00c3O A 1 HORA DE S\u00c3O PAULO - com Tati Marmon\" width=\"500\" height=\"281\" src=\"https:\/\/www.youtube.com\/embed\/JxfUKESbTK0?feature=oembed\" frameborder=\"0\" allow=\"accelerometer; autoplay; clipboard-write; encrypted-media; gyroscope; picture-in-picture; web-share\" referrerpolicy=\"strict-origin-when-cross-origin\" allowfullscreen><\/iframe><\/div>\n<\/div><\/figure>\n\n\n\n<h2 class=\"wp-block-heading\">Quais vin\u00edcolas merecem uma parada no roteiro?<\/h2>\n\n\n\n<p>Cada vin\u00edcola tem uma personalidade, desde casar\u00f5es portugueses centen\u00e1rios at\u00e9 wine bars com vista panor\u00e2mica. A maioria oferece degusta\u00e7\u00e3o gratuita de vinhos de mesa e degusta\u00e7\u00f5es pagas para os finos.<\/p>\n\n\n\n<ul class=\"wp-block-list\">\n<li><strong>Vin\u00edcola G\u00f3es<\/strong>: a mais tradicional do roteiro, fundada por imigrantes portugueses em 1938. O complexo re\u00fane casar\u00e3o, lago com carpas, restaurantes e o vinho fino Philosophia.<\/li>\n\n\n\n<li><strong>Quinta do Olivardo<\/strong>: famosa pelo Vinho dos Mortos, com garrafas enterradas por seis meses. A tradi\u00e7\u00e3o vem das invas\u00f5es napole\u00f4nicas em <strong>Portugal<\/strong>.<\/li>\n\n\n\n<li><strong>Villa Don Patto<\/strong>: vilarejo gastron\u00f4mico com restaurante portugu\u00eas, italiano, boulangerie e jardim com lagos.<\/li>\n\n\n\n<li><strong>Alma Galiza<\/strong>: vin\u00edcola intimista no alto de um morro, com deque externo e vista dos vales.<\/li>\n\n\n\n<li><strong>Vin\u00edcola XV de Novembro<\/strong>: parreirais ao lado de planta\u00e7\u00e3o de alcachofra, com food truck e emp\u00f3rio.<\/li>\n<\/ul>\n\n\n\n<h2 class=\"wp-block-heading\">Por que a cidade tamb\u00e9m \u00e9 a terra da alcachofra?<\/h2>\n\n\n\n<p><strong>Trazida por imigrantes italianos no fim do s\u00e9culo XIX, a alcachofra roxa virou identidade local.<\/strong> A safra acontece entre setembro e novembro, e os restaurantes do roteiro lan\u00e7am card\u00e1pios tem\u00e1ticos no per\u00edodo.<\/p>\n\n\n\n<p>A <strong>Expo S\u00e3o Roque<\/strong>, que une vinho e alcachofra, \u00e9 realizada todos os anos em outubro e novembro. Emp\u00f3rios como o Quintal das Alcachofras oferecem colheita participativa, em que o visitante colhe direto do p\u00e9 e paga apenas pelo que leva.<\/p>\n\n\n<div class=\"wp-block-image\">\n<figure class=\"aligncenter size-large\"><img decoding=\"async\" width=\"1024\" height=\"576\" src=\"https:\/\/www.correiobraziliense.com.br\/cbradar\/wp-content\/uploads\/2025\/12\/Design-sem-nome-99-1024x576.png\" alt=\"A cidade a 60 km de S\u00e3o Paulo conhecida como Terra do Vinho que atrai casais pelo charme de vilas europeias\" class=\"wp-image-158836\" srcset=\"https:\/\/www.correiobraziliense.com.br\/cbradar\/wp-content\/uploads\/2025\/12\/Design-sem-nome-99-1024x576.png 1024w, https:\/\/www.correiobraziliense.com.br\/cbradar\/wp-content\/uploads\/2025\/12\/Design-sem-nome-99-300x169.png 300w, https:\/\/www.correiobraziliense.com.br\/cbradar\/wp-content\/uploads\/2025\/12\/Design-sem-nome-99-768x432.png 768w, https:\/\/www.correiobraziliense.com.br\/cbradar\/wp-content\/uploads\/2025\/12\/Design-sem-nome-99-750x422.png 750w, https:\/\/www.correiobraziliense.com.br\/cbradar\/wp-content\/uploads\/2025\/12\/Design-sem-nome-99-1140x641.png 1140w, https:\/\/www.correiobraziliense.com.br\/cbradar\/wp-content\/uploads\/2025\/12\/Design-sem-nome-99.png 1280w\" sizes=\"(max-width: 1024px) 100vw, 1024px\" \/><figcaption class=\"wp-element-caption\">Vin\u00edcola G\u00f3es em S\u00e3o Roque-SP produz 1 milh\u00e3o de garrafas anuais com caves subterr\u00e2neas e tours em 50 ha de vinhedos. \/\/ Cr\u00e9ditos: Wikip\u00e9dia<\/figcaption><\/figure><\/div>\n\n\n<h2 class=\"wp-block-heading\">Que outras atra\u00e7\u00f5es vale a pena visitar?<\/h2>\n\n\n\n<p>O turismo na cidade vai al\u00e9m do vinho. Patrim\u00f4nio hist\u00f3rico, mata atl\u00e2ntica preservada e at\u00e9 esqui artificial fazem parte do mapa.<\/p>\n\n\n\n<ul class=\"wp-block-list\">\n<li><strong>S\u00edtio Santo Ant\u00f4nio<\/strong>: Casa Grande e Capela constru\u00eddas em 1681, tombadas pelo <strong>Instituto do Patrim\u00f4nio Hist\u00f3rico e Art\u00edstico Nacional (IPHAN)<\/strong> em 1947. A propriedade j\u00e1 pertenceu a <strong>M\u00e1rio de Andrade<\/strong>.<\/li>\n\n\n\n<li><strong>Ski Mountain Park<\/strong>: um dos maiores centros de entretenimento de montanha artificial da <strong>Am\u00e9rica Latina<\/strong>, com pista de esqui, snowboard, arvorismo e telef\u00e9rico.<\/li>\n\n\n\n<li><strong>Mata da C\u00e2mara<\/strong>: maior reserva ecol\u00f3gica da regi\u00e3o, com 54 alqueires de mata atl\u00e2ntica e trilha do Caminho das \u00c1guas.<\/li>\n\n\n\n<li><strong>Morro do Cruzeiro<\/strong>: mirante com a imagem do padroeiro e vista panor\u00e2mica da cidade.<\/li>\n\n\n\n<li><strong>Igreja Matriz<\/strong>: templo do s\u00e9culo XIX com vitrais em mosaico que contam a vida do santo e rel\u00edquia aut\u00eantica do antebra\u00e7o de S\u00e3o Roque.<\/li>\n<\/ul>\n\n\n\n<p><strong>Leia tamb\u00e9m: <a href=\"https:\/\/www.correiobraziliense.com.br\/cbradar\/a-gramado-mineira-encanta-com-uma-vila-a-1-500m-de-altitude-onde-casinhas-coloridas-simples-neblina-e-a-lareira-ditam-o-ritmo\/\" target=\"_blank\" rel=\"noreferrer noopener\">A &#8220;Gramado Mineira&#8221; encanta com uma vila a 1.500m de altitude onde casinhas coloridas simples, neblina e a lareira ditam o ritmo.<\/a><\/strong><\/p>\n\n\n\n<h2 class=\"wp-block-heading\">Quando ir conforme o clima e os eventos?<\/h2>\n\n\n\n<p><strong>O clima serrano \u00e9 um dos atrativos da est\u00e2ncia.<\/strong> Ver\u00f5es giram em torno dos 30\u00b0C, enquanto invernos baixos favorecem dias longos de degusta\u00e7\u00e3o ao lado da lareira.<\/p>\n\n\n\n<style>\n  \/* --- CONTAINER BLINDADO (PADR\u00c3O REGISTRADO) --- *\/\n  .clima-grid-final {\n    font-family: -apple-system, BlinkMacSystemFont, \"Segoe UI\", Roboto, Arial, sans-serif !important;\n    width: 100% !important;\n    max-width: 1200px !important;\n    margin: 20px auto !important;\n    display: grid !important;\n    \/* FOR\u00c7A 4 COLUNAS NO DESKTOP *\/\n    grid-template-columns: repeat(4, 1fr) !important; \n    gap: 15px !important;\n    box-sizing: border-box !important;\n  }\n\n  .clima-grid-final * {\n    box-sizing: border-box !important;\n  }\n\n  \/* --- BLINDAGEM CONTRA ADS E PLUGINS INTRUSOS --- *\/\n  .clima-grid-final > :not(.card-clima) {\n    display: none !important;\n    width: 0 !important;\n    height: 0 !important;\n    opacity: 0 !important;\n  }\n\n  \/* --- CARD AZUL --- *\/\n  .card-clima {\n    background: #ffffff !important;\n    border: 1px solid #e3f2fd !important;\n    border-radius: 20px !important;\n    padding: 20px 10px !important;\n    text-align: center !important;\n    display: flex !important;\n    flex-direction: column !important;\n    align-items: center !important;\n    box-shadow: 0 4px 10px rgba(13, 71, 161, 0.05) !important;\n    min-width: 0 !important; \n    transition: transform 0.2s ease !important;\n    overflow: hidden !important;\n    height: 100% !important;\n  }\n\n  .card-clima:hover {\n    transform: translateY(-5px) !important;\n    border-color: #90caf9 !important;\n  }\n\n  \/* --- CONTE\u00daDO --- *\/\n  .estacao-nome { \n    font-size: 14px !important; \n    font-weight: 800 !important; \n    color: #0d47a1 !important; \n    text-transform: uppercase !important; \n    margin: 0 0 5px 0 !important; \n  }\n  \n  .estacao-meses { \n    font-size: 10px !important; \n    font-weight: 700 !important; \n    color: #1565c0 !important; \n    text-transform: uppercase !important; \n    margin-bottom: 15px !important; \n    display: block !important;\n  }\n  \n  .temp-valor { \n    font-size: 24px !important; \n    font-weight: 800 !important; \n    color: #01579b !important; \n    line-height: 1.1 !important; \n    margin: 0 !important;\n  }\n  \n  .temp-label { \n    font-size: 9px !important; \n    font-weight: 600 !important; \n    color: #0288d1 !important; \n    text-transform: uppercase !important; \n    margin-bottom: 15px !important; \n    display: block !important;\n  }\n  \n  .clima-desc { \n    font-size: 12px !important; \n    line-height: 1.4 !important; \n    color: #37474f !important; \n    margin-bottom: 15px !important; \n    flex-grow: 1 !important; \n  }\n\n  .tag-status {\n    background-color: #e1f5fe !important;\n    border: 1px solid #b3e5fc !important;\n    color: #0d47a1 !important;\n    padding: 5px 12px !important;\n    border-radius: 20px !important;\n    font-size: 9px !important;\n    font-weight: 800 !important;\n    text-transform: uppercase !important;\n    margin-top: auto !important;\n  }\n\n  \/* --- RESPONSIVIDADE --- *\/\n  @media (max-width: 800px) {\n    .clima-grid-final {\n      grid-template-columns: 1fr !important; \n    }\n    .card-clima {\n      padding: 25px 20px !important;\n    }\n  }\n<\/style>\n\n<div class=\"google-auto-ads-ignore clima-grid-final\">\n  \n  <div class=\"card-clima\">\n    <div class=\"estacao-nome\">\u2600\ufe0f Ver\u00e3o<\/div>\n    <span class=\"estacao-meses\">Dez &#8211; Fev<\/span>\n    <div class=\"temp-valor\">18-30\u00b0C<\/div>\n    <span class=\"temp-label\">M\u00e9dia<\/span>\n    <div class=\"clima-desc\">\u00c9 a \u00e9poca da <b>Vindima<\/b>; mesmo com chuvas altas, a <b>colheita da uva<\/b> movimenta as vin\u00edcolas com experi\u00eancias sensoriais \u00fanicas.<\/div>\n    <div class=\"tag-status\">\ud83c\udf47 Vindima<\/div>\n  <\/div>\n\n  <div class=\"card-clima\">\n    <div class=\"estacao-nome\">\ud83c\udf42 Outono<\/div>\n    <span class=\"estacao-meses\">Mar &#8211; Mai<\/span>\n    <div class=\"temp-valor\">14-26\u00b0C<\/div>\n    <span class=\"temp-label\">M\u00e9dia<\/span>\n    <div class=\"clima-desc\">Com a temperatura em queda, a cidade se transforma com os <b>pl\u00e1tanos coloridos<\/b> no centro, cen\u00e1rio ideal para belas fotos.<\/div>\n    <div class=\"tag-status\">\ud83c\udf41 Paisagem<\/div>\n  <\/div>\n\n  <div class=\"card-clima\">\n    <div class=\"estacao-nome\">\ud83e\udde3 Inverno<\/div>\n    <span class=\"estacao-meses\">Jun &#8211; Ago<\/span>\n    <div class=\"temp-valor\">10-22\u00b0C<\/div>\n    <span class=\"temp-label\">M\u00e9dia<\/span>\n    <div class=\"clima-desc\">O per\u00edodo mais seco do ano convida ao aconchego da <b>lareira<\/b> e \u00e0 <b>degusta\u00e7\u00e3o de vinhos tintos<\/b> encorpados nas adegas.<\/div>\n    <div class=\"tag-status\">\ud83c\udf77 Enoturismo<\/div>\n  <\/div>\n\n  <div class=\"card-clima\">\n    <div class=\"estacao-nome\">\ud83c\udf38 Primavera<\/div>\n    <span class=\"estacao-meses\">Set &#8211; Nov<\/span>\n    <div class=\"temp-valor\">14-27\u00b0C<\/div>\n    <span class=\"temp-label\">M\u00e9dia<\/span>\n    <div class=\"clima-desc\">A esta\u00e7\u00e3o celebra a <b>Expo S\u00e3o Roque<\/b> e a <b>safra da alcachofra<\/b>, unindo gastronomia t\u00edpica e o florescer das encostas.<\/div>\n    <div class=\"tag-status\">\ud83e\udd58 Gastronomia<\/div>\n  <\/div>\n\n<\/div>\n\n\n\n<p><em>Temperaturas aproximadas com base no <a href=\"https:\/\/www.climatempo.com.br\/previsao-do-tempo\/cidade\/559\/saoroque-sp\" target=\"_blank\" rel=\"noreferrer noopener\"><strong>Climatempo<\/strong><\/a>. Condi\u00e7\u00f5es podem variar.<\/em><\/p>\n\n\n<div class=\"wp-block-image\">\n<figure class=\"aligncenter size-large\"><img decoding=\"async\" width=\"1024\" height=\"576\" src=\"https:\/\/www.correiobraziliense.com.br\/cbradar\/wp-content\/uploads\/2025\/12\/Design-sem-nome-97-1-1024x576.png\" alt=\"A cidade de S\u00e3o Paulo conhecida como Terra do Vinho que atrai casais e fam\u00edlias em busca de divers\u00e3o ao ar livre\" class=\"wp-image-158834\" srcset=\"https:\/\/www.correiobraziliense.com.br\/cbradar\/wp-content\/uploads\/2025\/12\/Design-sem-nome-97-1-1024x576.png 1024w, https:\/\/www.correiobraziliense.com.br\/cbradar\/wp-content\/uploads\/2025\/12\/Design-sem-nome-97-1-300x169.png 300w, https:\/\/www.correiobraziliense.com.br\/cbradar\/wp-content\/uploads\/2025\/12\/Design-sem-nome-97-1-768x432.png 768w, https:\/\/www.correiobraziliense.com.br\/cbradar\/wp-content\/uploads\/2025\/12\/Design-sem-nome-97-1-750x422.png 750w, https:\/\/www.correiobraziliense.com.br\/cbradar\/wp-content\/uploads\/2025\/12\/Design-sem-nome-97-1-1140x641.png 1140w, https:\/\/www.correiobraziliense.com.br\/cbradar\/wp-content\/uploads\/2025\/12\/Design-sem-nome-97-1.png 1280w\" sizes=\"(max-width: 1024px) 100vw, 1024px\" \/><figcaption class=\"wp-element-caption\">S\u00e3o Roque-SP inspira com vinhedos ondulantes e mirantes m\u00e1gicos, convidando paix\u00f5es por sabores e natureza acolhedora.  \/\/ Cr\u00e9ditos: Wikip\u00e9dia<\/figcaption><\/figure><\/div>\n\n\n<h2 class=\"wp-block-heading\">Como chegar a S\u00e3o Roque saindo da capital?<\/h2>\n\n\n\n<p>A cidade fica a 67 km de <strong>S\u00e3o Paulo<\/strong> pela <strong>Rodovia Castello Branco (SP-280)<\/strong>, com sa\u00edda pelo km 54B. Outra op\u00e7\u00e3o \u00e9 a <strong>Rodovia Raposo Tavares<\/strong>, sem ped\u00e1gios e com trajeto um pouco mais longo. O trajeto leva cerca de 1h15 e o carro \u00e9 a melhor forma de circular pelo roteiro.<\/p>\n\n\n\n<h2 class=\"wp-block-heading\">Brinde com a serra paulista bem perto da capital<\/h2>\n\n\n\n<p><strong>S\u00e3o Roque re\u00fane em poucos quil\u00f4metros uma combina\u00e7\u00e3o rara: <\/strong>vinhedos, alcachofrais, patrim\u00f4nio bandeirante e at\u00e9 pista de esqui. Tudo isso a uma hora da maior cidade do pa\u00eds, num ritmo que pede dia inteiro de mesa, ta\u00e7a e contempla\u00e7\u00e3o.<\/p>\n\n\n\n<p>Voc\u00ea precisa subir a serra, percorrer o Roteiro do Vinho e descobrir por que S\u00e3o Roque virou o destino preferido de quem quer um peda\u00e7o da Europa sem sair do interior paulista.<\/p>\n","protected":false},"excerpt":{"rendered":"<p>Em S\u00e3o Roque, no interior de S\u00e3o Paulo, a primeira festa do vinho do Brasil nasceu em 1942. Hoje, tr\u00eas estradas formam o roteiro mais conhecido do enoturismo do estado, com videiras, alcachofras e casar\u00f5es portugueses entre as serras. Como nasceu a tradi\u00e7\u00e3o vitivin\u00edcola da cidade? O cultivo da uva chegou no s\u00e9culo XVII, quando [&hellip;]<\/p>\n","protected":false},"author":8,"featured_media":232856,"comment_status":"open","ping_status":"open","sticky":false,"template":"","format":"standard","meta":{"_yoast_wpseo_focuskw":"S\u00e3o Paulo","_yoast_wpseo_title":"","_yoast_wpseo_metadesc":"Com uma produ\u00e7\u00e3o que ultrapassa 20 milh\u00f5es de litros de vinho por ano, essa cidade a 67 km de S\u00e3o Paulo atrai turistas de todo o Brasil.","jnews-multi-image_gallery":[],"jnews_single_post":{"format":"standard"},"jnews_primary_category":[],"jnews_social_meta":[],"jnews_override_counter":[],"footnotes":""},"categories":[108,111],"post_tag":[278,12981],"class_list":["post-232739","post","type-post","status-publish","format-standard","has-post-thumbnail","hentry","category-cidades","category-turismo","tag-sao-paulo","tag-sao-roque"],"yoast_head":"<!-- This site is optimized with the Yoast SEO plugin v24.6 - https:\/\/yoast.com\/wordpress\/plugins\/seo\/ -->\n<title>Com mais de 20 milh\u00f5es de litros de vinho por ano, essa cidade atrai turistas de todo o Brasil a apenas 67 km de S\u00e3o Paulo - Correio Braziliense - Radar<\/title>\n<meta name=\"description\" content=\"Com uma produ\u00e7\u00e3o que ultrapassa 20 milh\u00f5es de litros de vinho por ano, essa cidade a 67 km de S\u00e3o Paulo atrai turistas de todo o Brasil.\" \/>\n<meta name=\"robots\" content=\"index, follow, max-snippet:-1, max-image-preview:large, max-video-preview:-1\" \/>\n<link rel=\"canonical\" href=\"https:\/\/www.correiobraziliense.com.br\/cbradar\/com-mais-de-20-milhoes-de-litros-de-vinho-por-ano-essa-cidade-atrai-turistas-de-todo-o-brasil-a-apenas-67-km-de-sao-paulo\/\" \/>\n<meta property=\"og:locale\" content=\"pt_BR\" \/>\n<meta property=\"og:type\" content=\"article\" \/>\n<meta property=\"og:title\" content=\"Com mais de 20 milh\u00f5es de litros de vinho por ano, essa cidade atrai turistas de todo o Brasil a apenas 67 km de S\u00e3o Paulo - Correio Braziliense - Radar\" \/>\n<meta property=\"og:description\" content=\"Com uma produ\u00e7\u00e3o que ultrapassa 20 milh\u00f5es de litros de vinho por ano, essa cidade a 67 km de S\u00e3o Paulo atrai turistas de todo o Brasil.\" \/>\n<meta property=\"og:url\" content=\"https:\/\/www.correiobraziliense.com.br\/cbradar\/com-mais-de-20-milhoes-de-litros-de-vinho-por-ano-essa-cidade-atrai-turistas-de-todo-o-brasil-a-apenas-67-km-de-sao-paulo\/\" \/>\n<meta property=\"og:site_name\" content=\"Correio Braziliense - Radar\" \/>\n<meta property=\"article:published_time\" content=\"2026-04-27T11:25:00+00:00\" \/>\n<meta property=\"og:image\" content=\"https:\/\/www.correiobraziliense.com.br\/cbradar\/wp-content\/uploads\/2026\/04\/aaa-2026-04-27T012544.733.png\" \/>\n\t<meta property=\"og:image:width\" content=\"1280\" \/>\n\t<meta property=\"og:image:height\" content=\"720\" \/>\n\t<meta property=\"og:image:type\" content=\"image\/png\" \/>\n<meta name=\"author\" content=\"Maura Pereira\" \/>\n<meta name=\"twitter:card\" content=\"summary_large_image\" \/>\n<meta name=\"twitter:label1\" content=\"Escrito por\" \/>\n\t<meta name=\"twitter:data1\" content=\"Maura Pereira\" \/>\n\t<meta name=\"twitter:label2\" content=\"Est. tempo de leitura\" \/>\n\t<meta name=\"twitter:data2\" content=\"7 minutos\" \/>\n<!-- \/ Yoast SEO plugin. -->","yoast_head_json":{"title":"Com mais de 20 milh\u00f5es de litros de vinho por ano, essa cidade atrai turistas de todo o Brasil a apenas 67 km de S\u00e3o Paulo - Correio Braziliense - Radar","description":"Com uma produ\u00e7\u00e3o que ultrapassa 20 milh\u00f5es de litros de vinho por ano, essa cidade a 67 km de S\u00e3o Paulo atrai turistas de todo o Brasil.","robots":{"index":"index","follow":"follow","max-snippet":"max-snippet:-1","max-image-preview":"max-image-preview:large","max-video-preview":"max-video-preview:-1"},"canonical":"https:\/\/www.correiobraziliense.com.br\/cbradar\/com-mais-de-20-milhoes-de-litros-de-vinho-por-ano-essa-cidade-atrai-turistas-de-todo-o-brasil-a-apenas-67-km-de-sao-paulo\/","og_locale":"pt_BR","og_type":"article","og_title":"Com mais de 20 milh\u00f5es de litros de vinho por ano, essa cidade atrai turistas de todo o Brasil a apenas 67 km de S\u00e3o Paulo - Correio Braziliense - Radar","og_description":"Com uma produ\u00e7\u00e3o que ultrapassa 20 milh\u00f5es de litros de vinho por ano, essa cidade a 67 km de S\u00e3o Paulo atrai turistas de todo o Brasil.","og_url":"https:\/\/www.correiobraziliense.com.br\/cbradar\/com-mais-de-20-milhoes-de-litros-de-vinho-por-ano-essa-cidade-atrai-turistas-de-todo-o-brasil-a-apenas-67-km-de-sao-paulo\/","og_site_name":"Correio Braziliense - Radar","article_published_time":"2026-04-27T11:25:00+00:00","og_image":[{"width":1280,"height":720,"url":"https:\/\/www.correiobraziliense.com.br\/cbradar\/wp-content\/uploads\/2026\/04\/aaa-2026-04-27T012544.733.png","type":"image\/png"}],"author":"Maura Pereira","twitter_card":"summary_large_image","twitter_misc":{"Escrito por":"Maura Pereira","Est. tempo de leitura":"7 minutos"},"schema":{"@context":"https:\/\/schema.org","@graph":[{"@type":"WebPage","@id":"https:\/\/www.correiobraziliense.com.br\/cbradar\/com-mais-de-20-milhoes-de-litros-de-vinho-por-ano-essa-cidade-atrai-turistas-de-todo-o-brasil-a-apenas-67-km-de-sao-paulo\/","url":"https:\/\/www.correiobraziliense.com.br\/cbradar\/com-mais-de-20-milhoes-de-litros-de-vinho-por-ano-essa-cidade-atrai-turistas-de-todo-o-brasil-a-apenas-67-km-de-sao-paulo\/","name":"Com mais de 20 milh\u00f5es de litros de vinho por ano, essa cidade atrai turistas de todo o Brasil a apenas 67 km de S\u00e3o Paulo - Correio Braziliense - Radar","isPartOf":{"@id":"https:\/\/www.correiobraziliense.com.br\/cbradar\/#website"},"primaryImageOfPage":{"@id":"https:\/\/www.correiobraziliense.com.br\/cbradar\/com-mais-de-20-milhoes-de-litros-de-vinho-por-ano-essa-cidade-atrai-turistas-de-todo-o-brasil-a-apenas-67-km-de-sao-paulo\/#primaryimage"},"image":{"@id":"https:\/\/www.correiobraziliense.com.br\/cbradar\/com-mais-de-20-milhoes-de-litros-de-vinho-por-ano-essa-cidade-atrai-turistas-de-todo-o-brasil-a-apenas-67-km-de-sao-paulo\/#primaryimage"},"thumbnailUrl":"https:\/\/www.correiobraziliense.com.br\/cbradar\/wp-content\/uploads\/2026\/04\/aaa-2026-04-27T012544.733.png","datePublished":"2026-04-27T11:25:00+00:00","author":{"@id":"https:\/\/www.correiobraziliense.com.br\/cbradar\/#\/schema\/person\/4053c651a9bfc785afc6f4cbc9032fd3"},"description":"Com uma produ\u00e7\u00e3o que ultrapassa 20 milh\u00f5es de litros de vinho por ano, essa cidade a 67 km de S\u00e3o Paulo atrai turistas de todo o Brasil.","breadcrumb":{"@id":"https:\/\/www.correiobraziliense.com.br\/cbradar\/com-mais-de-20-milhoes-de-litros-de-vinho-por-ano-essa-cidade-atrai-turistas-de-todo-o-brasil-a-apenas-67-km-de-sao-paulo\/#breadcrumb"},"inLanguage":"pt-BR","potentialAction":[{"@type":"ReadAction","target":["https:\/\/www.correiobraziliense.com.br\/cbradar\/com-mais-de-20-milhoes-de-litros-de-vinho-por-ano-essa-cidade-atrai-turistas-de-todo-o-brasil-a-apenas-67-km-de-sao-paulo\/"]}]},{"@type":"ImageObject","inLanguage":"pt-BR","@id":"https:\/\/www.correiobraziliense.com.br\/cbradar\/com-mais-de-20-milhoes-de-litros-de-vinho-por-ano-essa-cidade-atrai-turistas-de-todo-o-brasil-a-apenas-67-km-de-sao-paulo\/#primaryimage","url":"https:\/\/www.correiobraziliense.com.br\/cbradar\/wp-content\/uploads\/2026\/04\/aaa-2026-04-27T012544.733.png","contentUrl":"https:\/\/www.correiobraziliense.com.br\/cbradar\/wp-content\/uploads\/2026\/04\/aaa-2026-04-27T012544.733.png","width":1280,"height":720,"caption":"S\u00e3o Roque, no interior de S\u00e3o Paulo, a primeira festa do vinho do Brasil. \/ Imagem ilustrativa"},{"@type":"BreadcrumbList","@id":"https:\/\/www.correiobraziliense.com.br\/cbradar\/com-mais-de-20-milhoes-de-litros-de-vinho-por-ano-essa-cidade-atrai-turistas-de-todo-o-brasil-a-apenas-67-km-de-sao-paulo\/#breadcrumb","itemListElement":[{"@type":"ListItem","position":1,"name":"In\u00edcio","item":"https:\/\/www.correiobraziliense.com.br\/cbradar\/"},{"@type":"ListItem","position":2,"name":"Com mais de 20 milh\u00f5es de litros de vinho por ano, essa cidade atrai turistas de todo o Brasil a apenas 67 km de S\u00e3o Paulo"}]},{"@type":"WebSite","@id":"https:\/\/www.correiobraziliense.com.br\/cbradar\/#website","url":"https:\/\/www.correiobraziliense.com.br\/cbradar\/","name":"Correio Braziliense - Radar","description":"Acompanhe as \u00faltimas not\u00edcias e fique bem informado sobre tudo o que acontece no Brasil e no mundo.","potentialAction":[{"@type":"SearchAction","target":{"@type":"EntryPoint","urlTemplate":"https:\/\/www.correiobraziliense.com.br\/cbradar\/?s={search_term_string}"},"query-input":{"@type":"PropertyValueSpecification","valueRequired":true,"valueName":"search_term_string"}}],"inLanguage":"pt-BR"},{"@type":"Person","@id":"https:\/\/www.correiobraziliense.com.br\/cbradar\/#\/schema\/person\/4053c651a9bfc785afc6f4cbc9032fd3","name":"Maura Pereira","image":{"@type":"ImageObject","inLanguage":"pt-BR","@id":"https:\/\/www.correiobraziliense.com.br\/cbradar\/#\/schema\/person\/image\/","url":"https:\/\/secure.gravatar.com\/avatar\/3effd6bdadfa447f15089c7f7144eaa6?s=96&d=mm&r=g","contentUrl":"https:\/\/secure.gravatar.com\/avatar\/3effd6bdadfa447f15089c7f7144eaa6?s=96&d=mm&r=g","caption":"Maura Pereira"},"sameAs":["https:\/\/www.correiobraziliense.com.br\/"],"url":"https:\/\/www.correiobraziliense.com.br\/cbradar\/author\/mauramyth\/"}]}},"_links":{"self":[{"href":"https:\/\/www.correiobraziliense.com.br\/cbradar\/wp-json\/wp\/v2\/posts\/232739","targetHints":{"allow":["GET"]}}],"collection":[{"href":"https:\/\/www.correiobraziliense.com.br\/cbradar\/wp-json\/wp\/v2\/posts"}],"about":[{"href":"https:\/\/www.correiobraziliense.com.br\/cbradar\/wp-json\/wp\/v2\/types\/post"}],"author":[{"embeddable":true,"href":"https:\/\/www.correiobraziliense.com.br\/cbradar\/wp-json\/wp\/v2\/users\/8"}],"replies":[{"embeddable":true,"href":"https:\/\/www.correiobraziliense.com.br\/cbradar\/wp-json\/wp\/v2\/comments?post=232739"}],"version-history":[{"count":9,"href":"https:\/\/www.correiobraziliense.com.br\/cbradar\/wp-json\/wp\/v2\/posts\/232739\/revisions"}],"predecessor-version":[{"id":232857,"href":"https:\/\/www.correiobraziliense.com.br\/cbradar\/wp-json\/wp\/v2\/posts\/232739\/revisions\/232857"}],"wp:featuredmedia":[{"embeddable":true,"href":"https:\/\/www.correiobraziliense.com.br\/cbradar\/wp-json\/wp\/v2\/media\/232856"}],"wp:attachment":[{"href":"https:\/\/www.correiobraziliense.com.br\/cbradar\/wp-json\/wp\/v2\/media?parent=232739"}],"wp:term":[{"taxonomy":"category","embeddable":true,"href":"https:\/\/www.correiobraziliense.com.br\/cbradar\/wp-json\/wp\/v2\/categories?post=232739"},{"taxonomy":"post_tag","embeddable":true,"href":"https:\/\/www.correiobraziliense.com.br\/cbradar\/wp-json\/wp\/v2\/post_tag?post=232739"}],"curies":[{"name":"wp","href":"https:\/\/api.w.org\/{rel}","templated":true}]}}