{"id":232740,"date":"2026-04-27T10:25:00","date_gmt":"2026-04-27T13:25:00","guid":{"rendered":"https:\/\/www.correiobraziliense.com.br\/cbradar\/?p=232740"},"modified":"2026-04-27T01:37:59","modified_gmt":"2026-04-27T04:37:59","slug":"onde-os-sinos-se-expressam-em-27-toques-que-so-os-moradores-entendem-e-a-cidade-guarda-mais-de-700-imoveis-historicos","status":"publish","type":"post","link":"https:\/\/www.correiobraziliense.com.br\/cbradar\/onde-os-sinos-se-expressam-em-27-toques-que-so-os-moradores-entendem-e-a-cidade-guarda-mais-de-700-imoveis-historicos\/","title":{"rendered":"Onde os sinos se expressam em 27 toques que s\u00f3 os moradores entendem e a cidade guarda mais de 700 im\u00f3veis hist\u00f3ricos"},"content":{"rendered":"\n<p>Em <strong>S\u00e3o Jo\u00e3o del Rei<\/strong>, no Campo das Vertentes, sineiros usam pelo menos 27 toques diferentes para comunicar mensagens que toda a cidade entende. A linguagem dos sinos foi reconhecida pelo <strong>IPHAN<\/strong> como Patrim\u00f4nio Imaterial do <strong>Brasil<\/strong> em 2009.<\/p>\n\n\n\n<h2 class=\"wp-block-heading\">Por que dizem que aqui os sinos falam?<\/h2>\n\n\n\n<p>A cidade tem 31 sinos nas igrejas hist\u00f3ricas do centro e mais de 50 sineiros em atividade, segundo o <a href=\"http:\/\/portal.iphan.gov.br\/noticias\/detalhes\/2685\/linguagem-do-toque-dos-sinos-de-minas-gerais-e-registrada-como-patrimonio-nacional\" target=\"_blank\" rel=\"noreferrer noopener\"><strong>Instituto do Patrim\u00f4nio Hist\u00f3rico e Art\u00edstico Nacional (IPHAN)<\/strong><\/a>. Cada toque tem um nome pr\u00f3prio, criado ainda no per\u00edodo colonial e preservado pela tradi\u00e7\u00e3o oral.<\/p>\n\n\n\n<p><strong>O sino menor marca o ritmo, o m\u00e9dio pergunta e o grande responde. <\/strong>Os repiques anunciam missas, festas, mortes e eventos da vida comunit\u00e1ria. A iniciativa de registro como patrim\u00f4nio partiu da pr\u00f3pria comunidade s\u00e3o-joanense em 2001 e culminou em 2009, com o reconhecimento conjunto do <strong>Toque dos Sinos<\/strong> e do <strong>Of\u00edcio de Sineiros<\/strong>.<\/p>\n\n\n<div class=\"wp-block-image\">\n<figure class=\"aligncenter size-large\"><img decoding=\"async\" width=\"1024\" height=\"576\" src=\"https:\/\/www.correiobraziliense.com.br\/cbradar\/wp-content\/uploads\/2025\/12\/Design-sem-nome-13-1024x576.png\" alt=\"S\u00e3o Jo\u00e3o del Rei \u00e9 uma cidade fundada em 1713 que oferece uma jornada pelo s\u00e9culo XVIII sem perder a pulsa\u00e7\u00e3o do presente.\" class=\"wp-image-166109\" srcset=\"https:\/\/www.correiobraziliense.com.br\/cbradar\/wp-content\/uploads\/2025\/12\/Design-sem-nome-13-1024x576.png 1024w, https:\/\/www.correiobraziliense.com.br\/cbradar\/wp-content\/uploads\/2025\/12\/Design-sem-nome-13-300x169.png 300w, https:\/\/www.correiobraziliense.com.br\/cbradar\/wp-content\/uploads\/2025\/12\/Design-sem-nome-13-768x432.png 768w, https:\/\/www.correiobraziliense.com.br\/cbradar\/wp-content\/uploads\/2025\/12\/Design-sem-nome-13-750x422.png 750w, https:\/\/www.correiobraziliense.com.br\/cbradar\/wp-content\/uploads\/2025\/12\/Design-sem-nome-13-1140x641.png 1140w, https:\/\/www.correiobraziliense.com.br\/cbradar\/wp-content\/uploads\/2025\/12\/Design-sem-nome-13.png 1280w\" sizes=\"(max-width: 1024px) 100vw, 1024px\" \/><figcaption class=\"wp-element-caption\">Visite S\u00e3o Jo\u00e3o del-Rei, a terra dos sinos falantes, igrejas douradas e ponte hist\u00f3rica no Rio das Mortes. \/\/ Cr\u00e9ditos: Wikimedia Commons<\/figcaption><\/figure><\/div>\n\n\n<h2 class=\"wp-block-heading\">O conjunto barroco que abriu a lista de tombamentos do pa\u00eds<\/h2>\n\n\n\n<p>S\u00e3o Jo\u00e3o del Rei foi uma das primeiras cidades brasileiras a ter o conjunto arquitet\u00f4nico tombado pelo IPHAN, em 1938. O reconhecimento abrange cerca de 700 im\u00f3veis distribu\u00eddos pelo centro hist\u00f3rico, segundo o portal oficial do <a href=\"http:\/\/portal.iphan.gov.br\/pagina\/detalhes\/375\/\" target=\"_blank\" rel=\"noreferrer noopener\"><strong>IPHAN em Minas Gerais<\/strong><\/a>.<\/p>\n\n\n\n<p>Surgida em 1696 \u00e0s margens do <strong>Rio das Mortes<\/strong> em meio \u00e0 corrida do ouro, a cidade foi sede da Comarca do Rio das Mortes, uma das mais ricas do ciclo do ouro. Os Inconfidentes chegaram a planej\u00e1-la como capital de <strong>Minas Gerais<\/strong> caso o movimento vitorisse. Hoje, ladeiras de pedra, casar\u00f5es coloniais e nove igrejas barrocas formam o cart\u00e3o-postal da cidade.<\/p>\n\n\n\n<p>S\u00e3o Jo\u00e3o del-Rei, em Minas Gerais, \u00e9 uma das cidades hist\u00f3ricas mais importantes do Brasil, conhecida por sua arquitetura preservada, tradi\u00e7\u00f5es religiosas e gastronomia. O v\u00eddeo do canal <strong>De fora em Juiz de Fora<\/strong> apresenta 10 curiosidades marcantes sobre o munic\u00edpio:<\/p>\n\n\n\n<figure class=\"wp-block-embed aligncenter is-type-video is-provider-youtube wp-block-embed-youtube wp-embed-aspect-16-9 wp-has-aspect-ratio\"><div class=\"wp-block-embed__wrapper\">\n<div class=\"jeg_video_container jeg_video_content\"><iframe loading=\"lazy\" title=\"S\u00c3O JO\u00c3O DEL-REI MG: 10 CURIOSIDADES sobre uma das mais belas cidades hist\u00f3ricas de Minas Gerais\" width=\"500\" height=\"281\" src=\"https:\/\/www.youtube.com\/embed\/b7m4iczqFmU?feature=oembed\" frameborder=\"0\" allow=\"accelerometer; autoplay; clipboard-write; encrypted-media; gyroscope; picture-in-picture; web-share\" referrerpolicy=\"strict-origin-when-cross-origin\" allowfullscreen><\/iframe><\/div>\n<\/div><\/figure>\n\n\n\n<h2 class=\"wp-block-heading\">O que ver no centro hist\u00f3rico s\u00e3o-joanense?<\/h2>\n\n\n\n<p>O passeio cabe a p\u00e9. As principais atra\u00e7\u00f5es ficam num raio de poucas quadras em torno da <strong>Avenida Tancredo Neves<\/strong> e da <strong>Pra\u00e7a Frei Orlando<\/strong>.<\/p>\n\n\n\n<ul class=\"wp-block-list\">\n<li><strong>Igreja de S\u00e3o Francisco de Assis<\/strong>: projeto atribu\u00eddo a <strong>Aleijadinho<\/strong>, constru\u00edda a partir de 1774. Obras-primas do barroco mineiro e cemit\u00e9rio onde est\u00e1 sepultado <strong>Tancredo Neves<\/strong>.<\/li>\n\n\n\n<li><strong>Catedral Bas\u00edlica de Nossa Senhora do Pilar<\/strong>: erguida em 1721, com altares dourados e os sinos mais famosos da cidade.<\/li>\n\n\n\n<li><strong>Igreja de Nossa Senhora do Carmo<\/strong>: interior em branco com detalhes dourados, constru\u00edda entre 1732 e 1759.<\/li>\n\n\n\n<li><strong>Ponte do Ros\u00e1rio<\/strong>: ponte de pedra de 1800, s\u00edmbolo do munic\u00edpio, ligando ruas onde vivia a elite colonial.<\/li>\n\n\n\n<li><strong>Memorial Tancredo Neves<\/strong>: acervo dedicado ao ex-presidente, filho ilustre da cidade, com fotos, cartas e documentos pessoais.<\/li>\n<\/ul>\n\n\n<div class=\"wp-block-image\">\n<figure class=\"aligncenter size-large\"><img decoding=\"async\" width=\"1024\" height=\"576\" src=\"https:\/\/www.correiobraziliense.com.br\/cbradar\/wp-content\/uploads\/2025\/12\/asdafgg-1024x576.png\" alt=\"S\u00e3o Jo\u00e3o del Rei \u00e9 uma cidade fundada em 1713 que oferece uma jornada pelo s\u00e9culo XVIII sem perder a pulsa\u00e7\u00e3o do presente.\" class=\"wp-image-166112\" srcset=\"https:\/\/www.correiobraziliense.com.br\/cbradar\/wp-content\/uploads\/2025\/12\/asdafgg-1024x576.png 1024w, https:\/\/www.correiobraziliense.com.br\/cbradar\/wp-content\/uploads\/2025\/12\/asdafgg-300x169.png 300w, https:\/\/www.correiobraziliense.com.br\/cbradar\/wp-content\/uploads\/2025\/12\/asdafgg-768x432.png 768w, https:\/\/www.correiobraziliense.com.br\/cbradar\/wp-content\/uploads\/2025\/12\/asdafgg-750x422.png 750w, https:\/\/www.correiobraziliense.com.br\/cbradar\/wp-content\/uploads\/2025\/12\/asdafgg-1140x641.png 1140w, https:\/\/www.correiobraziliense.com.br\/cbradar\/wp-content\/uploads\/2025\/12\/asdafgg.png 1280w\" sizes=\"(max-width: 1024px) 100vw, 1024px\" \/><figcaption class=\"wp-element-caption\">S\u00e3o Jo\u00e3o del-Rei, MG, cidade hist\u00f3rica com 94 mil habitantes, patrim\u00f4nio barroco e economia em turismo e servi\u00e7os. \/\/ Cr\u00e9ditos: Wikip\u00e9dia<\/figcaption><\/figure><\/div>\n\n\n<h2 class=\"wp-block-heading\">O trem de 1881 que entrou no Guinness Book<\/h2>\n\n\n\n<p>A <strong>Maria Fuma\u00e7a<\/strong> que liga S\u00e3o Jo\u00e3o del Rei a <strong>Tiradentes<\/strong> \u00e9 o trem de passageiros mais antigo em opera\u00e7\u00e3o no Brasil, segundo a <a href=\"https:\/\/www.vli-logistica.com.br\/maria-fumaca-de-sao-joao-del-rei-e-tiradentes-tera-quadro-de-horarios-especial-durante-o-feriado-prolongado-da-semana-santa-e-tiradentes\/\" target=\"_blank\" rel=\"noreferrer noopener\"><strong>VLI<\/strong><\/a>, atual administradora do bem. A locomotiva foi inaugurada por <strong>Dom Pedro II<\/strong> em 28 de agosto de 1881 e nunca parou de funcionar.<\/p>\n\n\n\n<p>O trajeto cobre 12 km \u00e0s margens da Serra de S\u00e3o Jos\u00e9 em cerca de 40 minutos. O complexo ferrovi\u00e1rio inclui a Rotunda, pr\u00e9dio circular onde as locomotivas s\u00e3o guardadas, e o Museu Ferrovi\u00e1rio, com a primeira locomotiva da estrada de ferro e o vag\u00e3o usado pelo Imperador. As viagens acontecem de sexta a domingo.<\/p>\n\n\n\n<h2 class=\"wp-block-heading\">Quais sabores procurar na mesa mineira?<\/h2>\n\n\n\n<p>A culin\u00e1ria de S\u00e3o Jo\u00e3o del Rei carrega o melhor do interior de Minas, com fog\u00e3o a lenha, queijo na chapa e tachos de cobre nas cozinhas. Restaurantes ocupam casar\u00f5es antigos no centro hist\u00f3rico.<\/p>\n\n\n\n<ul class=\"wp-block-list\">\n<li><strong>Frango com quiabo<\/strong>: prato emblem\u00e1tico mineiro, servido com angu de fub\u00e1 e arroz branco.<\/li>\n\n\n\n<li><strong>Tutu de feij\u00e3o<\/strong>: feij\u00e3o batido com farinha de mandioca, acompanhado de couve refogada e torresmo.<\/li>\n\n\n\n<li><strong>Doce de leite e cocada<\/strong>: produzidos artesanalmente em fazendas da regi\u00e3o, vendidos em tabuleiros pelas ruas.<\/li>\n\n\n\n<li><strong>P\u00e3o de queijo<\/strong>: receita caseira servida quentinho nos caf\u00e9s das ladeiras coloniais.<\/li>\n\n\n\n<li><strong>Cacha\u00e7a artesanal<\/strong>: a regi\u00e3o do Campo das Vertentes \u00e9 polo produtor, com alambiques abertos para visita.<\/li>\n<\/ul>\n\n\n\n<p><strong>Leia tamb\u00e9m: <a href=\"https:\/\/www.correiobraziliense.com.br\/cbradar\/a-gramado-mineira-encanta-com-uma-vila-a-1-500m-de-altitude-onde-casinhas-coloridas-simples-neblina-e-a-lareira-ditam-o-ritmo\/\" target=\"_blank\" rel=\"noreferrer noopener\">A &#8220;Gramado Mineira&#8221; encanta com uma vila a 1.500m de altitude onde casinhas coloridas simples, neblina e a lareira ditam o ritmo.<\/a><\/strong><\/p>\n\n\n<div class=\"wp-block-image\">\n<figure class=\"aligncenter size-large\"><img decoding=\"async\" width=\"1024\" height=\"576\" src=\"https:\/\/www.correiobraziliense.com.br\/cbradar\/wp-content\/uploads\/2025\/12\/Design-sem-nome-16-1024x576.png\" alt=\"A cidade fundada em 1713 conhecida como \u201cterra onde os sinos falam\u201d que une tradi\u00e7\u00e3o e vida universit\u00e1ria em Minas Gerais\" class=\"wp-image-166111\" srcset=\"https:\/\/www.correiobraziliense.com.br\/cbradar\/wp-content\/uploads\/2025\/12\/Design-sem-nome-16-1024x576.png 1024w, https:\/\/www.correiobraziliense.com.br\/cbradar\/wp-content\/uploads\/2025\/12\/Design-sem-nome-16-300x169.png 300w, https:\/\/www.correiobraziliense.com.br\/cbradar\/wp-content\/uploads\/2025\/12\/Design-sem-nome-16-768x432.png 768w, https:\/\/www.correiobraziliense.com.br\/cbradar\/wp-content\/uploads\/2025\/12\/Design-sem-nome-16-750x422.png 750w, https:\/\/www.correiobraziliense.com.br\/cbradar\/wp-content\/uploads\/2025\/12\/Design-sem-nome-16-1140x641.png 1140w, https:\/\/www.correiobraziliense.com.br\/cbradar\/wp-content\/uploads\/2025\/12\/Design-sem-nome-16.png 1280w\" sizes=\"(max-width: 1024px) 100vw, 1024px\" \/><figcaption class=\"wp-element-caption\">Em S\u00e3o Jo\u00e3o del-Rei, viva o charme colonial, Semana Santa vibrante e cultura mineira aut\u00eantica no Campo das Vertentes. \/\/ Cr\u00e9ditos: Wikimedia Commons<\/figcaption><\/figure><\/div>\n\n\n<h2 class=\"wp-block-heading\">Quando visitar a terra dos sinos?<\/h2>\n\n\n\n<p><strong>O clima \u00e9 tropical de altitude, com ver\u00e3o chuvoso e inverno seco. <\/strong>A Semana Santa \u00e9 a alta temporada, quando os sinos das diferentes igrejas dialogam pela cidade durante as prociss\u00f5es.<\/p>\n\n\n\n<style>\n  \/* --- CONTAINER BLINDADO (PADR\u00c3O REGISTRADO) --- *\/\n  .clima-grid-final {\n    font-family: -apple-system, BlinkMacSystemFont, \"Segoe UI\", Roboto, Arial, sans-serif !important;\n    width: 100% !important;\n    max-width: 1200px !important;\n    margin: 20px auto !important;\n    display: grid !important;\n    \/* FOR\u00c7A 4 COLUNAS NO DESKTOP *\/\n    grid-template-columns: repeat(4, 1fr) !important; \n    gap: 15px !important;\n    box-sizing: border-box !important;\n  }\n\n  .clima-grid-final * {\n    box-sizing: border-box !important;\n  }\n\n  \/* --- BLINDAGEM CONTRA ADS E PLUGINS INTRUSOS --- *\/\n  .clima-grid-final > :not(.card-clima) {\n    display: none !important;\n    width: 0 !important;\n    height: 0 !important;\n    opacity: 0 !important;\n  }\n\n  \/* --- CARD PADR\u00c3O (HORIZONTAL) --- *\/\n  .card-clima {\n    background: #ffffff !important;\n    border: 1px solid #eeeeee !important;\n    border-radius: 20px !important;\n    padding: 20px 10px !important;\n    text-align: center !important;\n    display: flex !important;\n    flex-direction: column !important;\n    align-items: center !important;\n    box-shadow: 0 4px 10px rgba(0, 0, 0, 0.05) !important;\n    min-width: 0 !important; \n    transition: transform 0.2s ease !important;\n    overflow: hidden !important;\n    height: 100% !important;\n  }\n\n  .card-clima:hover {\n    transform: translateY(-5px) !important;\n    border-color: #dddddd !important;\n  }\n\n  \/* --- CONTE\u00daDO --- *\/\n  .estacao-nome { \n    font-size: 14px !important; \n    font-weight: 800 !important; \n    color: #333333 !important; \n    text-transform: uppercase !important; \n    margin: 0 0 5px 0 !important; \n  }\n  \n  .estacao-meses { \n    font-size: 10px !important; \n    font-weight: 700 !important; \n    color: #666666 !important; \n    text-transform: uppercase !important; \n    margin-bottom: 15px !important; \n    display: block !important;\n  }\n  \n  .temp-valor { \n    font-size: 24px !important; \n    font-weight: 800 !important; \n    color: #222222 !important; \n    line-height: 1.1 !important; \n    margin: 0 !important;\n  }\n  \n  .temp-label { \n    font-size: 9px !important; \n    font-weight: 600 !important; \n    color: #888888 !important; \n    text-transform: uppercase !important; \n    margin-bottom: 15px !important; \n    display: block !important;\n  }\n  \n  .clima-desc { \n    font-size: 12px !important; \n    line-height: 1.4 !important; \n    color: #444444 !important; \n    margin-bottom: 15px !important; \n    flex-grow: 1 !important; \n  }\n\n  .tag-status {\n    background-color: #f5f5f5 !important;\n    border: 1px solid #e0e0e0 !important;\n    color: #555555 !important;\n    padding: 5px 12px !important;\n    border-radius: 20px !important;\n    font-size: 9px !important;\n    font-weight: 800 !important;\n    text-transform: uppercase !important;\n    margin-top: auto !important;\n  }\n\n  \/* --- RESPONSIVIDADE --- *\/\n  @media (max-width: 800px) {\n    .clima-grid-final {\n      grid-template-columns: 1fr !important; \n    }\n    .card-clima {\n      padding: 25px 20px !important;\n    }\n  }\n<\/style>\n\n<div class=\"google-auto-ads-ignore clima-grid-final\">\n  \n  <div class=\"card-clima\">\n    <div class=\"estacao-nome\">\u2600\ufe0f Ver\u00e3o<\/div>\n    <span class=\"estacao-meses\">Dez &#8211; Fev<\/span>\n    <div class=\"temp-valor\">17-28\u00b0C<\/div>\n    <span class=\"temp-label\">M\u00e9dia<\/span>\n    <div class=\"clima-desc\">Mesmo com chuvas altas, aproveite as <b>cachoeiras<\/b> da regi\u00e3o e as trilhas na <b>Serra do Lenheiro<\/b> para se refrescar nos dias quentes.<\/div>\n    <div class=\"tag-status\">\ud83d\udca6 Natureza<\/div>\n  <\/div>\n\n  <div class=\"card-clima\">\n    <div class=\"estacao-nome\">\ud83c\udf42 Outono<\/div>\n    <span class=\"estacao-meses\">Mar &#8211; Mai<\/span>\n    <div class=\"temp-valor\">14-26\u00b0C<\/div>\n    <span class=\"temp-label\">M\u00e9dia<\/span>\n    <div class=\"clima-desc\">\u00c9 a \u00e9poca da <b>Semana Santa<\/b>; o clima ameno acompanha as tradicionais <b>prociss\u00f5es<\/b> e os tapetes de serragem nas ruas hist\u00f3ricas.<\/div>\n    <div class=\"tag-status\">\u26ea Tradi\u00e7\u00e3o<\/div>\n  <\/div>\n\n  <div class=\"card-clima\">\n    <div class=\"estacao-nome\">\ud83e\udde3 Inverno<\/div>\n    <span class=\"estacao-meses\">Jun &#8211; Ago<\/span>\n    <div class=\"temp-valor\">10-24\u00b0C<\/div>\n    <span class=\"temp-label\">M\u00e9dia<\/span>\n    <div class=\"clima-desc\">A esta\u00e7\u00e3o seca \u00e9 perfeita para visitar as <b>igrejas<\/b> coloniais e fazer o cl\u00e1ssico passeio de <b>Maria Fuma\u00e7a<\/b> at\u00e9 Tiradentes.<\/div>\n    <div class=\"tag-status\">\ud83d\ude82 Hist\u00f3ria<\/div>\n  <\/div>\n\n  <div class=\"card-clima\">\n    <div class=\"estacao-nome\">\ud83c\udf38 Primavera<\/div>\n    <span class=\"estacao-meses\">Set &#8211; Nov<\/span>\n    <div class=\"temp-valor\">14-27\u00b0C<\/div>\n    <span class=\"temp-label\">M\u00e9dia<\/span>\n    <div class=\"clima-desc\">Com chuvas moderadas, o per\u00edodo convida a circular pelo <b>centro hist\u00f3rico<\/b> e explorar a riqueza cultural dos <b>museus<\/b> locais.<\/div>\n    <div class=\"tag-status\">\ud83c\udfdb\ufe0f Cultura<\/div>\n  <\/div>\n\n<\/div>\n\n\n\n<p><em>Temperaturas aproximadas com base no <a href=\"https:\/\/www.climatempo.com.br\/climatologia\/193\/saojoaodelrei-mg\" target=\"_blank\" rel=\"noreferrer noopener\"><strong>Climatempo<\/strong><\/a>. Condi\u00e7\u00f5es podem variar.<\/em><\/p>\n\n\n\n<h2 class=\"wp-block-heading\">Como chegar \u00e0 cidade dos sinos?<\/h2>\n\n\n\n<p>S\u00e3o Jo\u00e3o del Rei fica a 188 km de <strong>Belo Horizonte<\/strong> pela <strong>BR-040<\/strong> e <strong>BR-265<\/strong>, cerca de tr\u00eas horas de carro. A partir do <strong>Rio de Janeiro<\/strong>, s\u00e3o 322 km pela BR-040, aproximadamente quatro horas e meia. A cidade tem rodovi\u00e1ria com partidas di\u00e1rias das duas capitais.<\/p>\n\n\n\n<h2 class=\"wp-block-heading\">Onde a hist\u00f3ria mineira ainda toca<\/h2>\n\n\n\n<p><strong>Poucos lugares no Brasil oferecem em poucas quadras um conjunto barroco intacto<\/strong>, um trem do s\u00e9culo 19 ainda em opera\u00e7\u00e3o e uma tradi\u00e7\u00e3o sonora viva h\u00e1 trezentos anos. S\u00e3o Jo\u00e3o del Rei mant\u00e9m a alma do ciclo do ouro de uma forma que nenhuma outra cidade mineira preserva.<\/p>\n\n\n\n<p>Voc\u00ea precisa caminhar pelas ladeiras de pedra ao entardecer, esperar o primeiro repique das torres e entender por que dizem que nesta cidade os sinos realmente falam.<\/p>\n","protected":false},"excerpt":{"rendered":"<p>Em S\u00e3o Jo\u00e3o del Rei, no Campo das Vertentes, sineiros usam pelo menos 27 toques diferentes para comunicar mensagens que toda a cidade entende. A linguagem dos sinos foi reconhecida pelo IPHAN como Patrim\u00f4nio Imaterial do Brasil em 2009. Por que dizem que aqui os sinos falam? A cidade tem 31 sinos nas igrejas hist\u00f3ricas [&hellip;]<\/p>\n","protected":false},"author":8,"featured_media":184965,"comment_status":"open","ping_status":"open","sticky":false,"template":"","format":"standard","meta":{"_yoast_wpseo_focuskw":"cidade","_yoast_wpseo_title":"","_yoast_wpseo_metadesc":"Na cidade dos sinos que soam em 27 linguagens sonoras, decifradas pelos moradores, mais de 700 im\u00f3veis hist\u00f3ricos resistem ao tempo.","jnews-multi-image_gallery":[],"jnews_single_post":{"format":"standard"},"jnews_primary_category":[],"jnews_social_meta":[],"jnews_override_counter":[],"footnotes":""},"categories":[108,111],"post_tag":[388,9254],"class_list":["post-232740","post","type-post","status-publish","format-standard","has-post-thumbnail","hentry","category-cidades","category-turismo","tag-minas-gerais","tag-sao-joao-del-rei"],"yoast_head":"<!-- This site is optimized with the Yoast SEO plugin v24.6 - https:\/\/yoast.com\/wordpress\/plugins\/seo\/ -->\n<title>Onde os sinos se expressam em 27 toques que s\u00f3 os moradores entendem e a cidade guarda mais de 700 im\u00f3veis hist\u00f3ricos - Correio Braziliense - Radar<\/title>\n<meta name=\"description\" content=\"Na cidade dos sinos que soam em 27 linguagens sonoras, decifradas pelos moradores, mais de 700 im\u00f3veis hist\u00f3ricos resistem ao tempo.\" \/>\n<meta name=\"robots\" content=\"index, follow, max-snippet:-1, max-image-preview:large, max-video-preview:-1\" \/>\n<link rel=\"canonical\" href=\"https:\/\/www.correiobraziliense.com.br\/cbradar\/onde-os-sinos-se-expressam-em-27-toques-que-so-os-moradores-entendem-e-a-cidade-guarda-mais-de-700-imoveis-historicos\/\" \/>\n<meta property=\"og:locale\" content=\"pt_BR\" \/>\n<meta property=\"og:type\" content=\"article\" \/>\n<meta property=\"og:title\" content=\"Onde os sinos se expressam em 27 toques que s\u00f3 os moradores entendem e a cidade guarda mais de 700 im\u00f3veis hist\u00f3ricos - Correio Braziliense - Radar\" \/>\n<meta property=\"og:description\" content=\"Na cidade dos sinos que soam em 27 linguagens sonoras, decifradas pelos moradores, mais de 700 im\u00f3veis hist\u00f3ricos resistem ao tempo.\" \/>\n<meta property=\"og:url\" content=\"https:\/\/www.correiobraziliense.com.br\/cbradar\/onde-os-sinos-se-expressam-em-27-toques-que-so-os-moradores-entendem-e-a-cidade-guarda-mais-de-700-imoveis-historicos\/\" \/>\n<meta property=\"og:site_name\" content=\"Correio Braziliense - Radar\" \/>\n<meta property=\"article:published_time\" content=\"2026-04-27T13:25:00+00:00\" \/>\n<meta property=\"og:image\" content=\"https:\/\/www.correiobraziliense.com.br\/cbradar\/wp-content\/uploads\/2026\/01\/aaa-2026-01-30T192727.786.png\" \/>\n\t<meta property=\"og:image:width\" content=\"1280\" \/>\n\t<meta property=\"og:image:height\" content=\"720\" \/>\n\t<meta property=\"og:image:type\" content=\"image\/png\" \/>\n<meta name=\"author\" content=\"Maura Pereira\" \/>\n<meta name=\"twitter:card\" content=\"summary_large_image\" \/>\n<meta name=\"twitter:label1\" content=\"Escrito por\" \/>\n\t<meta name=\"twitter:data1\" content=\"Maura Pereira\" \/>\n\t<meta name=\"twitter:label2\" content=\"Est. tempo de leitura\" \/>\n\t<meta name=\"twitter:data2\" content=\"7 minutos\" \/>\n<!-- \/ Yoast SEO plugin. -->","yoast_head_json":{"title":"Onde os sinos se expressam em 27 toques que s\u00f3 os moradores entendem e a cidade guarda mais de 700 im\u00f3veis hist\u00f3ricos - Correio Braziliense - Radar","description":"Na cidade dos sinos que soam em 27 linguagens sonoras, decifradas pelos moradores, mais de 700 im\u00f3veis hist\u00f3ricos resistem ao tempo.","robots":{"index":"index","follow":"follow","max-snippet":"max-snippet:-1","max-image-preview":"max-image-preview:large","max-video-preview":"max-video-preview:-1"},"canonical":"https:\/\/www.correiobraziliense.com.br\/cbradar\/onde-os-sinos-se-expressam-em-27-toques-que-so-os-moradores-entendem-e-a-cidade-guarda-mais-de-700-imoveis-historicos\/","og_locale":"pt_BR","og_type":"article","og_title":"Onde os sinos se expressam em 27 toques que s\u00f3 os moradores entendem e a cidade guarda mais de 700 im\u00f3veis hist\u00f3ricos - Correio Braziliense - Radar","og_description":"Na cidade dos sinos que soam em 27 linguagens sonoras, decifradas pelos moradores, mais de 700 im\u00f3veis hist\u00f3ricos resistem ao tempo.","og_url":"https:\/\/www.correiobraziliense.com.br\/cbradar\/onde-os-sinos-se-expressam-em-27-toques-que-so-os-moradores-entendem-e-a-cidade-guarda-mais-de-700-imoveis-historicos\/","og_site_name":"Correio Braziliense - Radar","article_published_time":"2026-04-27T13:25:00+00:00","og_image":[{"width":1280,"height":720,"url":"https:\/\/www.correiobraziliense.com.br\/cbradar\/wp-content\/uploads\/2026\/01\/aaa-2026-01-30T192727.786.png","type":"image\/png"}],"author":"Maura Pereira","twitter_card":"summary_large_image","twitter_misc":{"Escrito por":"Maura Pereira","Est. tempo de leitura":"7 minutos"},"schema":{"@context":"https:\/\/schema.org","@graph":[{"@type":"WebPage","@id":"https:\/\/www.correiobraziliense.com.br\/cbradar\/onde-os-sinos-se-expressam-em-27-toques-que-so-os-moradores-entendem-e-a-cidade-guarda-mais-de-700-imoveis-historicos\/","url":"https:\/\/www.correiobraziliense.com.br\/cbradar\/onde-os-sinos-se-expressam-em-27-toques-que-so-os-moradores-entendem-e-a-cidade-guarda-mais-de-700-imoveis-historicos\/","name":"Onde os sinos se expressam em 27 toques que s\u00f3 os moradores entendem e a cidade guarda mais de 700 im\u00f3veis hist\u00f3ricos - Correio Braziliense - Radar","isPartOf":{"@id":"https:\/\/www.correiobraziliense.com.br\/cbradar\/#website"},"primaryImageOfPage":{"@id":"https:\/\/www.correiobraziliense.com.br\/cbradar\/onde-os-sinos-se-expressam-em-27-toques-que-so-os-moradores-entendem-e-a-cidade-guarda-mais-de-700-imoveis-historicos\/#primaryimage"},"image":{"@id":"https:\/\/www.correiobraziliense.com.br\/cbradar\/onde-os-sinos-se-expressam-em-27-toques-que-so-os-moradores-entendem-e-a-cidade-guarda-mais-de-700-imoveis-historicos\/#primaryimage"},"thumbnailUrl":"https:\/\/www.correiobraziliense.com.br\/cbradar\/wp-content\/uploads\/2026\/01\/aaa-2026-01-30T192727.786.png","datePublished":"2026-04-27T13:25:00+00:00","author":{"@id":"https:\/\/www.correiobraziliense.com.br\/cbradar\/#\/schema\/person\/4053c651a9bfc785afc6f4cbc9032fd3"},"description":"Na cidade dos sinos que soam em 27 linguagens sonoras, decifradas pelos moradores, mais de 700 im\u00f3veis hist\u00f3ricos resistem ao tempo.","breadcrumb":{"@id":"https:\/\/www.correiobraziliense.com.br\/cbradar\/onde-os-sinos-se-expressam-em-27-toques-que-so-os-moradores-entendem-e-a-cidade-guarda-mais-de-700-imoveis-historicos\/#breadcrumb"},"inLanguage":"pt-BR","potentialAction":[{"@type":"ReadAction","target":["https:\/\/www.correiobraziliense.com.br\/cbradar\/onde-os-sinos-se-expressam-em-27-toques-que-so-os-moradores-entendem-e-a-cidade-guarda-mais-de-700-imoveis-historicos\/"]}]},{"@type":"ImageObject","inLanguage":"pt-BR","@id":"https:\/\/www.correiobraziliense.com.br\/cbradar\/onde-os-sinos-se-expressam-em-27-toques-que-so-os-moradores-entendem-e-a-cidade-guarda-mais-de-700-imoveis-historicos\/#primaryimage","url":"https:\/\/www.correiobraziliense.com.br\/cbradar\/wp-content\/uploads\/2026\/01\/aaa-2026-01-30T192727.786.png","contentUrl":"https:\/\/www.correiobraziliense.com.br\/cbradar\/wp-content\/uploads\/2026\/01\/aaa-2026-01-30T192727.786.png","width":1280,"height":720,"caption":"O clima de S\u00e3o Jo\u00e3o del Rei \u00e9 o tropical de altitude, com ver\u00f5es amenos e invernos que registram temperaturas baixas nas \u00e1reas serranas. \/ Imagem Ilustrativa"},{"@type":"BreadcrumbList","@id":"https:\/\/www.correiobraziliense.com.br\/cbradar\/onde-os-sinos-se-expressam-em-27-toques-que-so-os-moradores-entendem-e-a-cidade-guarda-mais-de-700-imoveis-historicos\/#breadcrumb","itemListElement":[{"@type":"ListItem","position":1,"name":"In\u00edcio","item":"https:\/\/www.correiobraziliense.com.br\/cbradar\/"},{"@type":"ListItem","position":2,"name":"Onde os sinos se expressam em 27 toques que s\u00f3 os moradores entendem e a cidade guarda mais de 700 im\u00f3veis hist\u00f3ricos"}]},{"@type":"WebSite","@id":"https:\/\/www.correiobraziliense.com.br\/cbradar\/#website","url":"https:\/\/www.correiobraziliense.com.br\/cbradar\/","name":"Correio Braziliense - Radar","description":"Acompanhe as \u00faltimas not\u00edcias e fique bem informado sobre tudo o que acontece no Brasil e no mundo.","potentialAction":[{"@type":"SearchAction","target":{"@type":"EntryPoint","urlTemplate":"https:\/\/www.correiobraziliense.com.br\/cbradar\/?s={search_term_string}"},"query-input":{"@type":"PropertyValueSpecification","valueRequired":true,"valueName":"search_term_string"}}],"inLanguage":"pt-BR"},{"@type":"Person","@id":"https:\/\/www.correiobraziliense.com.br\/cbradar\/#\/schema\/person\/4053c651a9bfc785afc6f4cbc9032fd3","name":"Maura Pereira","image":{"@type":"ImageObject","inLanguage":"pt-BR","@id":"https:\/\/www.correiobraziliense.com.br\/cbradar\/#\/schema\/person\/image\/","url":"https:\/\/secure.gravatar.com\/avatar\/3effd6bdadfa447f15089c7f7144eaa6?s=96&d=mm&r=g","contentUrl":"https:\/\/secure.gravatar.com\/avatar\/3effd6bdadfa447f15089c7f7144eaa6?s=96&d=mm&r=g","caption":"Maura Pereira"},"sameAs":["https:\/\/www.correiobraziliense.com.br\/"],"url":"https:\/\/www.correiobraziliense.com.br\/cbradar\/author\/mauramyth\/"}]}},"_links":{"self":[{"href":"https:\/\/www.correiobraziliense.com.br\/cbradar\/wp-json\/wp\/v2\/posts\/232740","targetHints":{"allow":["GET"]}}],"collection":[{"href":"https:\/\/www.correiobraziliense.com.br\/cbradar\/wp-json\/wp\/v2\/posts"}],"about":[{"href":"https:\/\/www.correiobraziliense.com.br\/cbradar\/wp-json\/wp\/v2\/types\/post"}],"author":[{"embeddable":true,"href":"https:\/\/www.correiobraziliense.com.br\/cbradar\/wp-json\/wp\/v2\/users\/8"}],"replies":[{"embeddable":true,"href":"https:\/\/www.correiobraziliense.com.br\/cbradar\/wp-json\/wp\/v2\/comments?post=232740"}],"version-history":[{"count":9,"href":"https:\/\/www.correiobraziliense.com.br\/cbradar\/wp-json\/wp\/v2\/posts\/232740\/revisions"}],"predecessor-version":[{"id":232863,"href":"https:\/\/www.correiobraziliense.com.br\/cbradar\/wp-json\/wp\/v2\/posts\/232740\/revisions\/232863"}],"wp:featuredmedia":[{"embeddable":true,"href":"https:\/\/www.correiobraziliense.com.br\/cbradar\/wp-json\/wp\/v2\/media\/184965"}],"wp:attachment":[{"href":"https:\/\/www.correiobraziliense.com.br\/cbradar\/wp-json\/wp\/v2\/media?parent=232740"}],"wp:term":[{"taxonomy":"category","embeddable":true,"href":"https:\/\/www.correiobraziliense.com.br\/cbradar\/wp-json\/wp\/v2\/categories?post=232740"},{"taxonomy":"post_tag","embeddable":true,"href":"https:\/\/www.correiobraziliense.com.br\/cbradar\/wp-json\/wp\/v2\/post_tag?post=232740"}],"curies":[{"name":"wp","href":"https:\/\/api.w.org\/{rel}","templated":true}]}}