{"id":232741,"date":"2026-04-27T11:45:00","date_gmt":"2026-04-27T14:45:00","guid":{"rendered":"https:\/\/www.correiobraziliense.com.br\/cbradar\/?p=232741"},"modified":"2026-04-27T01:45:05","modified_gmt":"2026-04-27T04:45:05","slug":"inspirada-na-europa-e-fundada-em-1860-essa-cidade-de-santa-catarina-se-destaca-no-mercado-de-roupas-e-recebe-turistas-de-todo-o-brasil","status":"publish","type":"post","link":"https:\/\/www.correiobraziliense.com.br\/cbradar\/inspirada-na-europa-e-fundada-em-1860-essa-cidade-de-santa-catarina-se-destaca-no-mercado-de-roupas-e-recebe-turistas-de-todo-o-brasil\/","title":{"rendered":"Inspirada na Europa e fundada em 1860, essa cidade de Santa Catarina se destaca no mercado de roupas e recebe turistas de todo o Brasil"},"content":{"rendered":"\n<p>No <strong>Vale Europeu<\/strong> catarinense, <strong>Brusque<\/strong> guarda uma raridade da arquitetura mundial: uma igreja desenhada por <strong>Gottfried B\u00f6hm<\/strong>, vencedor do Pr\u00eamio Pritzker em 1986. A cidade abriga ainda o ber\u00e7o da fia\u00e7\u00e3o de <strong>Santa Catarina<\/strong> e a maior festa do marreco do pa\u00eds.<\/p>\n\n\n\n<h2 class=\"wp-block-heading\">Como Brusque virou a capital t\u00eaxtil do Brasil?<\/h2>\n\n\n\n<p>A cidade foi colonizada por imigrantes alem\u00e3es em 1860, seguidos por italianos e poloneses na d\u00e9cada seguinte. Em 1892, recebeu a primeira ind\u00fastria t\u00eaxtil de Santa Catarina, marco que rendeu o apelido de ber\u00e7o da fia\u00e7\u00e3o catarinense.<\/p>\n\n\n\n<p>A voca\u00e7\u00e3o atravessou o s\u00e9culo XX e segue forte hoje. Brusque concentra um dos maiores parques t\u00eaxteis da <strong>Am\u00e9rica Latina<\/strong>, com centenas de lojas atacadistas e varejistas espalhadas principalmente pela <strong>Rodovia Ant\u00f4nio Heil (BR-486)<\/strong>. Os dois principais centros de compras, <strong>Feira da Moda (FIP)<\/strong> e <strong>Stop Shop<\/strong>, ficam frente a frente no km 23.<\/p>\n\n\n<div class=\"wp-block-image\">\n<figure class=\"aligncenter size-large\"><img decoding=\"async\" width=\"1024\" height=\"576\" src=\"https:\/\/www.correiobraziliense.com.br\/cbradar\/wp-content\/uploads\/2025\/11\/G-57-1024x576.png\" alt=\"A cidade pacata de Santa Catarina que supera grandes metr\u00f3poles brasileiras em qualidade\" class=\"wp-image-144767\" srcset=\"https:\/\/www.correiobraziliense.com.br\/cbradar\/wp-content\/uploads\/2025\/11\/G-57-1024x576.png 1024w, https:\/\/www.correiobraziliense.com.br\/cbradar\/wp-content\/uploads\/2025\/11\/G-57-300x169.png 300w, https:\/\/www.correiobraziliense.com.br\/cbradar\/wp-content\/uploads\/2025\/11\/G-57-768x432.png 768w, https:\/\/www.correiobraziliense.com.br\/cbradar\/wp-content\/uploads\/2025\/11\/G-57-750x422.png 750w, https:\/\/www.correiobraziliense.com.br\/cbradar\/wp-content\/uploads\/2025\/11\/G-57-1140x641.png 1140w, https:\/\/www.correiobraziliense.com.br\/cbradar\/wp-content\/uploads\/2025\/11\/G-57.png 1280w\" sizes=\"(max-width: 1024px) 100vw, 1024px\" \/><figcaption class=\"wp-element-caption\">Brusque \u00e9 uma cidade em Santa Catarina, conhecida por tradi\u00e7\u00e3o t\u00eaxtil, ind\u00fastria de confec\u00e7\u00f5es e inova\u00e7\u00e3o manufatureira. \/\/ Cr\u00e9ditos: Wikip\u00e9dia<\/figcaption><\/figure><\/div>\n\n\n<h2 class=\"wp-block-heading\">Por que a Igreja Matriz \u00e9 parada obrigat\u00f3ria no centro?<\/h2>\n\n\n\n<p>A <strong>Par\u00f3quia S\u00e3o Lu\u00eds Gonzaga<\/strong> foi projetada pelo arquiteto alem\u00e3o Gottfried B\u00f6hm, \u00fanico alem\u00e3o a receber o <strong>Pr\u00eamio Pritzker<\/strong> em vida. Ele assumiu o desenho em 1953 e a obra foi inaugurada em 17 de junho de 1962, segundo o <a href=\"https:\/\/www.caubr.gov.br\/arquiteto-alemao-ganhador-do-pritzker-com-obras-no-brasil-morre-aos-101-anos\/\" target=\"_blank\" rel=\"noreferrer noopener\"><strong>Conselho de Arquitetura e Urbanismo do Brasil (CAU\/BR)<\/strong><\/a>.<\/p>\n\n\n\n<p>O templo \u00e9 todo erguido em blocos irregulares de granito extra\u00eddos da pr\u00f3pria regi\u00e3o, com pared\u00f5es de 39 m, 16 colunas e ab\u00f3boda de 26,40 m. A entrada se d\u00e1 por uma escadaria que cruza o morro central, criando um portal que conduz da rua \u00e0 nave principal. \u00c9 uma das duas \u00fanicas obras de B\u00f6hm no <strong>Brasil<\/strong>, ao lado da <a href=\"https:\/\/arquifln.org.br\/igrejas\/paroquia-sao-luis-gonzaga\" target=\"_blank\" rel=\"noreferrer noopener\"><strong>Catedral S\u00e3o Paulo Ap\u00f3stolo<\/strong><\/a> em <strong>Blumenau<\/strong>.<\/p>\n\n\n\n<p>O v\u00eddeo do canal <strong>Cidades do Interior<\/strong> apresenta Brusque, em <strong>Santa Catarina<\/strong>, como um destino que combina heran\u00e7a cultural europeia com um forte desenvolvimento econ\u00f4mico, sendo considerada uma das melhores cidades para se viver no estado.<\/p>\n\n\n\n<figure class=\"wp-block-embed aligncenter is-type-video is-provider-youtube wp-block-embed-youtube wp-embed-aspect-16-9 wp-has-aspect-ratio\"><div class=\"wp-block-embed__wrapper\">\n<div class=\"jeg_video_container jeg_video_content\"><iframe loading=\"lazy\" title=\"BRUSQUE - SC | Descubra como \u00e9 morar nessa cidade catarinense!\" width=\"500\" height=\"281\" src=\"https:\/\/www.youtube.com\/embed\/KVASB2a86xE?feature=oembed\" frameborder=\"0\" allow=\"accelerometer; autoplay; clipboard-write; encrypted-media; gyroscope; picture-in-picture; web-share\" referrerpolicy=\"strict-origin-when-cross-origin\" allowfullscreen><\/iframe><\/div>\n<\/div><\/figure>\n\n\n\n<h2 class=\"wp-block-heading\">O que conhecer al\u00e9m da arquitetura modernista?<\/h2>\n\n\n\n<p>O turismo religioso, cultural e de natureza convive com o de compras. V\u00e1rias atra\u00e7\u00f5es ficam a poucos minutos do centro e s\u00e3o gratuitas.<\/p>\n\n\n\n<ul class=\"wp-block-list\">\n<li><strong>Santu\u00e1rio de Nossa Senhora de Azambuja<\/strong>: templo constru\u00eddo entre 1939 e 1956, abriga o <strong>Museu Arquidiocesano Dom Joaquim<\/strong>, maior museu de arte sacra do sul do pa\u00eds, com cerca de 5 mil pe\u00e7as.<\/li>\n\n\n\n<li><strong>Parque das Esculturas<\/strong>: gramado aberto com mais de 40 obras de artistas como <strong>Oscar Niemeyer<\/strong>, pr\u00f3ximo aos centros de compras.<\/li>\n\n\n\n<li><strong>Parque Leopoldo Moritz<\/strong>: \u00e1rea verde no centro com lagos, parquinho e uma r\u00e9plica do avi\u00e3o North American T-6D usado pela For\u00e7a A\u00e9rea Brasileira na Segunda Guerra.<\/li>\n\n\n\n<li><strong>Morro do Ros\u00e1rio<\/strong>: trilha curta com 15 monumentos do Ros\u00e1rio e capela no topo, com vista panor\u00e2mica do vale.<\/li>\n\n\n\n<li><strong>Observat\u00f3rio Astron\u00f4mico Tadeu Crist\u00f3vam Mikowski<\/strong>: instala\u00e7\u00e3o no centro com um dos melhores telesc\u00f3pios do pa\u00eds.<\/li>\n<\/ul>\n\n\n<div class=\"wp-block-image\">\n<figure class=\"aligncenter size-large\"><img decoding=\"async\" width=\"1024\" height=\"576\" src=\"https:\/\/www.correiobraziliense.com.br\/cbradar\/wp-content\/uploads\/2025\/04\/Brusque_1744874184804-1024x576.jpg\" alt=\"\" class=\"wp-image-24822\" srcset=\"https:\/\/www.correiobraziliense.com.br\/cbradar\/wp-content\/uploads\/2025\/04\/Brusque_1744874184804-1024x576.jpg 1024w, https:\/\/www.correiobraziliense.com.br\/cbradar\/wp-content\/uploads\/2025\/04\/Brusque_1744874184804-300x169.jpg 300w, https:\/\/www.correiobraziliense.com.br\/cbradar\/wp-content\/uploads\/2025\/04\/Brusque_1744874184804-768x432.jpg 768w, https:\/\/www.correiobraziliense.com.br\/cbradar\/wp-content\/uploads\/2025\/04\/Brusque_1744874184804-750x422.jpg 750w, https:\/\/www.correiobraziliense.com.br\/cbradar\/wp-content\/uploads\/2025\/04\/Brusque_1744874184804-1140x641.jpg 1140w, https:\/\/www.correiobraziliense.com.br\/cbradar\/wp-content\/uploads\/2025\/04\/Brusque_1744874184804.jpg 1280w\" sizes=\"(max-width: 1024px) 100vw, 1024px\" \/><figcaption class=\"wp-element-caption\">Brusque se consolida como uma das cidades mais pr\u00f3speras e bem estruturadas do Vale do Itaja\u00ed. \/\/ Cr\u00e9ditos: depositphotos.com \/ brunomartins246<\/figcaption><\/figure><\/div>\n\n\n<h2 class=\"wp-block-heading\">Quando ir para a Festa Nacional do Marreco?<\/h2>\n\n\n\n<p>A <strong>Fenarreco<\/strong> acontece em outubro e \u00e9 a maior festa da cidade, com m\u00fasica alem\u00e3, chope artesanal e pratos t\u00edpicos a base de marreco com repolho-roxo. O evento ocorre no <strong>Pavilh\u00e3o Maria Celina Vidotto Imhof<\/strong>, vizinho ao Parque das Esculturas.<\/p>\n\n\n\n<p>Fora do per\u00edodo da festa, restaurantes da regi\u00e3o mant\u00eam o prato no card\u00e1pio. Cervejarias locais, como a <strong>Zehn Bier<\/strong>, oferecem visita \u00e0 f\u00e1brica e harmoniza\u00e7\u00e3o com a cozinha de raiz alem\u00e3.<\/p>\n\n\n\n<p><strong>Leia tamb\u00e9m: <a href=\"https:\/\/www.correiobraziliense.com.br\/cbradar\/a-gramado-mineira-encanta-com-uma-vila-a-1-500m-de-altitude-onde-casinhas-coloridas-simples-neblina-e-a-lareira-ditam-o-ritmo\/\" target=\"_blank\" rel=\"noreferrer noopener\">A &#8220;Gramado Mineira&#8221; encanta com uma vila a 1.500m de altitude onde casinhas coloridas simples, neblina e a lareira ditam o ritmo.<\/a><\/strong><\/p>\n\n\n\n<h2 class=\"wp-block-heading\">Como o clima do Vale Europeu se comporta no ano?<\/h2>\n\n\n\n<p><strong>Brusque tem ver\u00f5es \u00famidos e quentes, com chuvas frequentes, e invernos amenos com manh\u00e3s de neblina nos morros.<\/strong> A primavera costuma equilibrar sol e ventos suaves, ideal para caminhadas.<\/p>\n\n\n\n<style>\n  \/* --- CONTAINER BLINDADO (PADR\u00c3O REGISTRADO) --- *\/\n  .clima-grid-final {\n    font-family: -apple-system, BlinkMacSystemFont, \"Segoe UI\", Roboto, Arial, sans-serif !important;\n    width: 100% !important;\n    max-width: 1200px !important;\n    margin: 20px auto !important;\n    display: grid !important;\n    \/* FOR\u00c7A 4 COLUNAS NO DESKTOP *\/\n    grid-template-columns: repeat(4, 1fr) !important; \n    gap: 15px !important;\n    box-sizing: border-box !important;\n  }\n\n  .clima-grid-final * {\n    box-sizing: border-box !important;\n  }\n\n  \/* --- BLINDAGEM CONTRA ADS E PLUGINS INTRUSOS --- *\/\n  .clima-grid-final > :not(.card-clima) {\n    display: none !important;\n    width: 0 !important;\n    height: 0 !important;\n    opacity: 0 !important;\n  }\n\n  \/* --- CARD PADR\u00c3O (HORIZONTAL) --- *\/\n  .card-clima {\n    background: #ffffff !important;\n    border: 1px solid #eeeeee !important;\n    border-radius: 20px !important;\n    padding: 20px 10px !important;\n    text-align: center !important;\n    display: flex !important;\n    flex-direction: column !important;\n    align-items: center !important;\n    box-shadow: 0 4px 10px rgba(0, 0, 0, 0.05) !important;\n    min-width: 0 !important; \n    transition: transform 0.2s ease !important;\n    overflow: hidden !important;\n    height: 100% !important;\n  }\n\n  .card-clima:hover {\n    transform: translateY(-5px) !important;\n    border-color: #dddddd !important;\n  }\n\n  \/* --- CONTE\u00daDO --- *\/\n  .estacao-nome { \n    font-size: 14px !important; \n    font-weight: 800 !important; \n    color: #333333 !important; \n    text-transform: uppercase !important; \n    margin: 0 0 5px 0 !important; \n  }\n  \n  .estacao-meses { \n    font-size: 10px !important; \n    font-weight: 700 !important; \n    color: #666666 !important; \n    text-transform: uppercase !important; \n    margin-bottom: 15px !important; \n    display: block !important;\n  }\n  \n  .temp-valor { \n    font-size: 24px !important; \n    font-weight: 800 !important; \n    color: #222222 !important; \n    line-height: 1.1 !important; \n    margin: 0 !important;\n  }\n  \n  .temp-label { \n    font-size: 9px !important; \n    font-weight: 600 !important; \n    color: #888888 !important; \n    text-transform: uppercase !important; \n    margin-bottom: 15px !important; \n    display: block !important;\n  }\n  \n  .clima-desc { \n    font-size: 12px !important; \n    line-height: 1.4 !important; \n    color: #444444 !important; \n    margin-bottom: 15px !important; \n    flex-grow: 1 !important; \n  }\n\n  .tag-status {\n    background-color: #f5f5f5 !important;\n    border: 1px solid #e0e0e0 !important;\n    color: #555555 !important;\n    padding: 5px 12px !important;\n    border-radius: 20px !important;\n    font-size: 9px !important;\n    font-weight: 800 !important;\n    text-transform: uppercase !important;\n    margin-top: auto !important;\n  }\n\n  \/* --- RESPONSIVIDADE --- *\/\n  @media (max-width: 800px) {\n    .clima-grid-final {\n      grid-template-columns: 1fr !important; \n    }\n    .card-clima {\n      padding: 25px 20px !important;\n    }\n  }\n<\/style>\n\n<div class=\"google-auto-ads-ignore clima-grid-final\">\n  \n  <div class=\"card-clima\">\n    <div class=\"estacao-nome\">\u2600\ufe0f Ver\u00e3o<\/div>\n    <span class=\"estacao-meses\">Dez &#8211; Fev<\/span>\n    <div class=\"temp-valor\">20-31\u00b0C<\/div>\n    <span class=\"temp-label\">M\u00e9dia<\/span>\n    <div class=\"clima-desc\">Com as chuvas em alta de tarde, aproveite os <b>parques pela manh\u00e3<\/b> para desfrutar do sol e das \u00e1reas verdes locais.<\/div>\n    <div class=\"tag-status\">\ud83c\udf33 Manh\u00e3s Sol<\/div>\n  <\/div>\n\n  <div class=\"card-clima\">\n    <div class=\"estacao-nome\">\ud83c\udf42 Outono<\/div>\n    <span class=\"estacao-meses\">Mar &#8211; Mai<\/span>\n    <div class=\"temp-valor\">16-26\u00b0C<\/div>\n    <span class=\"temp-label\">M\u00e9dia<\/span>\n    <div class=\"clima-desc\">As temperaturas amenas favorecem roteiros hist\u00f3ricos; n\u00e3o deixe de visitar a <b>Igreja Matriz<\/b> e os <b>museus<\/b> da cidade.<\/div>\n    <div class=\"tag-status\">\ud83c\udfdb\ufe0f Cultura<\/div>\n  <\/div>\n\n  <div class=\"card-clima\">\n    <div class=\"estacao-nome\">\ud83e\udde3 Inverno<\/div>\n    <span class=\"estacao-meses\">Jun &#8211; Ago<\/span>\n    <div class=\"temp-valor\">10-22\u00b0C<\/div>\n    <span class=\"temp-label\">M\u00e9dia<\/span>\n    <div class=\"clima-desc\">A esta\u00e7\u00e3o mais seca brilha com a <b>Fenarreco<\/b>; \u00e9poca perfeita para mergulhar na tradi\u00e7\u00e3o das <b>cervejarias<\/b> locais.<\/div>\n    <div class=\"tag-status\">\ud83c\udf7a Tradi\u00e7\u00e3o<\/div>\n  <\/div>\n\n  <div class=\"card-clima\">\n    <div class=\"estacao-nome\">\ud83c\udf38 Primavera<\/div>\n    <span class=\"estacao-meses\">Set &#8211; Nov<\/span>\n    <div class=\"temp-valor\">14-27\u00b0C<\/div>\n    <span class=\"temp-label\">M\u00e9dia<\/span>\n    <div class=\"clima-desc\">Com clima agrad\u00e1vel, aproveite o florescer da esta\u00e7\u00e3o para percorrer a <b>Trilha do Morro do Ros\u00e1rio<\/b> e admirar a vista.<\/div>\n    <div class=\"tag-status\">\ud83e\udd7e Natureza<\/div>\n  <\/div>\n\n<\/div>\n\n\n\n<p><em>Temperaturas aproximadas com base no <a href=\"https:\/\/www.climatempo.com.br\/previsao-do-tempo\/cidade\/1429\/brusque-sc\" target=\"_blank\" rel=\"noreferrer noopener\"><strong>Climatempo<\/strong><\/a>. Condi\u00e7\u00f5es podem variar.<\/em><\/p>\n\n\n<div class=\"wp-block-image\">\n<figure class=\"aligncenter size-large\"><img decoding=\"async\" width=\"1024\" height=\"576\" src=\"https:\/\/www.correiobraziliense.com.br\/cbradar\/wp-content\/uploads\/2025\/08\/Edicoes-52-1024x576.png\" alt=\"A cidade pacata de Santa Catarina que supera grandes metr\u00f3poles brasileiras em qualidade\" class=\"wp-image-79974\" srcset=\"https:\/\/www.correiobraziliense.com.br\/cbradar\/wp-content\/uploads\/2025\/08\/Edicoes-52-1024x576.png 1024w, https:\/\/www.correiobraziliense.com.br\/cbradar\/wp-content\/uploads\/2025\/08\/Edicoes-52-300x169.png 300w, https:\/\/www.correiobraziliense.com.br\/cbradar\/wp-content\/uploads\/2025\/08\/Edicoes-52-768x432.png 768w, https:\/\/www.correiobraziliense.com.br\/cbradar\/wp-content\/uploads\/2025\/08\/Edicoes-52-750x422.png 750w, https:\/\/www.correiobraziliense.com.br\/cbradar\/wp-content\/uploads\/2025\/08\/Edicoes-52-1140x641.png 1140w, https:\/\/www.correiobraziliense.com.br\/cbradar\/wp-content\/uploads\/2025\/08\/Edicoes-52.png 1280w\" sizes=\"(max-width: 1024px) 100vw, 1024px\" \/><figcaption class=\"wp-element-caption\">Com economia diversificada, Brusque \u00e9 destaque nacional na ind\u00fastria t\u00eaxtil e no com\u00e9rcio regional. \/\/ Cr\u00e9ditos: YouTube @flyingaround6446<\/figcaption><\/figure><\/div>\n\n\n<h2 class=\"wp-block-heading\">Como chegar \u00e0 cidade saindo do litoral catarinense?<\/h2>\n\n\n\n<p>Brusque fica a 100 km de <strong>Florian\u00f3polis<\/strong>, 40 km de Blumenau e 44 km de <strong>Balne\u00e1rio Cambori\u00fa<\/strong>. O acesso principal \u00e9 pela <strong>BR-101<\/strong>, com entrada pela Rodovia Ant\u00f4nio Heil. Os aeroportos mais pr\u00f3ximos s\u00e3o o de <strong>Navegantes (NVT)<\/strong>, a 60 km, e o <strong>Herc\u00edlio Luz<\/strong> em Florian\u00f3polis.<\/p>\n\n\n\n<h2 class=\"wp-block-heading\">Suba a escadaria e descubra Brusque<\/h2>\n\n\n\n<p><strong>Poucas cidades brasileiras unem patrim\u00f4nio modernista premiado<\/strong>, heran\u00e7a alem\u00e3 viva e moda direto da f\u00e1brica em apenas alguns quil\u00f4metros quadrados. Brusque entrega tudo isso a uma hora do mar e ao lado dos vizinhos mais conhecidos do Vale Europeu.<\/p>\n\n\n\n<p>Voc\u00ea precisa subir a escadaria da matriz, brindar na Fenarreco e sentir por que essa cidade catarinense \u00e9 parada obrigat\u00f3ria no roteiro do sul.<\/p>\n","protected":false},"excerpt":{"rendered":"<p>No Vale Europeu catarinense, Brusque guarda uma raridade da arquitetura mundial: uma igreja desenhada por Gottfried B\u00f6hm, vencedor do Pr\u00eamio Pritzker em 1986. A cidade abriga ainda o ber\u00e7o da fia\u00e7\u00e3o de Santa Catarina e a maior festa do marreco do pa\u00eds. Como Brusque virou a capital t\u00eaxtil do Brasil? A cidade foi colonizada por [&hellip;]<\/p>\n","protected":false},"author":8,"featured_media":185424,"comment_status":"open","ping_status":"open","sticky":false,"template":"","format":"standard","meta":{"_yoast_wpseo_focuskw":"Santa Catarina","_yoast_wpseo_title":"","_yoast_wpseo_metadesc":"Desde 1860, uma cidade de Santa Catarina com tra\u00e7os europeus lidera o mercado de moda e atrai turistas de todos os cantos do Brasil.","jnews-multi-image_gallery":[],"jnews_single_post":{"format":"standard"},"jnews_primary_category":[],"jnews_social_meta":[],"jnews_override_counter":[],"footnotes":""},"categories":[108,111],"post_tag":[3465,851],"class_list":["post-232741","post","type-post","status-publish","format-standard","has-post-thumbnail","hentry","category-cidades","category-turismo","tag-brusque","tag-santa-catarina"],"yoast_head":"<!-- This site is optimized with the Yoast SEO plugin v24.6 - https:\/\/yoast.com\/wordpress\/plugins\/seo\/ -->\n<title>Inspirada na Europa e fundada em 1860, essa cidade de Santa Catarina se destaca no mercado de roupas e recebe turistas de todo o Brasil - Correio Braziliense - Radar<\/title>\n<meta name=\"description\" content=\"Desde 1860, uma cidade de Santa Catarina com tra\u00e7os europeus lidera o mercado de moda e atrai turistas de todos os cantos do Brasil.\" \/>\n<meta name=\"robots\" content=\"index, follow, max-snippet:-1, max-image-preview:large, max-video-preview:-1\" \/>\n<link rel=\"canonical\" href=\"https:\/\/www.correiobraziliense.com.br\/cbradar\/inspirada-na-europa-e-fundada-em-1860-essa-cidade-de-santa-catarina-se-destaca-no-mercado-de-roupas-e-recebe-turistas-de-todo-o-brasil\/\" \/>\n<meta property=\"og:locale\" content=\"pt_BR\" \/>\n<meta property=\"og:type\" content=\"article\" \/>\n<meta property=\"og:title\" content=\"Inspirada na Europa e fundada em 1860, essa cidade de Santa Catarina se destaca no mercado de roupas e recebe turistas de todo o Brasil - Correio Braziliense - Radar\" \/>\n<meta property=\"og:description\" content=\"Desde 1860, uma cidade de Santa Catarina com tra\u00e7os europeus lidera o mercado de moda e atrai turistas de todos os cantos do Brasil.\" \/>\n<meta property=\"og:url\" content=\"https:\/\/www.correiobraziliense.com.br\/cbradar\/inspirada-na-europa-e-fundada-em-1860-essa-cidade-de-santa-catarina-se-destaca-no-mercado-de-roupas-e-recebe-turistas-de-todo-o-brasil\/\" \/>\n<meta property=\"og:site_name\" content=\"Correio Braziliense - Radar\" \/>\n<meta property=\"article:published_time\" content=\"2026-04-27T14:45:00+00:00\" \/>\n<meta property=\"og:image\" content=\"https:\/\/www.correiobraziliense.com.br\/cbradar\/wp-content\/uploads\/2026\/02\/aaa-2026-02-01T014308.295.png\" \/>\n\t<meta property=\"og:image:width\" content=\"1280\" \/>\n\t<meta property=\"og:image:height\" content=\"720\" \/>\n\t<meta property=\"og:image:type\" content=\"image\/png\" \/>\n<meta name=\"author\" content=\"Maura Pereira\" \/>\n<meta name=\"twitter:card\" content=\"summary_large_image\" \/>\n<meta name=\"twitter:label1\" content=\"Escrito por\" \/>\n\t<meta name=\"twitter:data1\" content=\"Maura Pereira\" \/>\n\t<meta name=\"twitter:label2\" content=\"Est. tempo de leitura\" \/>\n\t<meta name=\"twitter:data2\" content=\"6 minutos\" \/>\n<!-- \/ Yoast SEO plugin. -->","yoast_head_json":{"title":"Inspirada na Europa e fundada em 1860, essa cidade de Santa Catarina se destaca no mercado de roupas e recebe turistas de todo o Brasil - Correio Braziliense - Radar","description":"Desde 1860, uma cidade de Santa Catarina com tra\u00e7os europeus lidera o mercado de moda e atrai turistas de todos os cantos do Brasil.","robots":{"index":"index","follow":"follow","max-snippet":"max-snippet:-1","max-image-preview":"max-image-preview:large","max-video-preview":"max-video-preview:-1"},"canonical":"https:\/\/www.correiobraziliense.com.br\/cbradar\/inspirada-na-europa-e-fundada-em-1860-essa-cidade-de-santa-catarina-se-destaca-no-mercado-de-roupas-e-recebe-turistas-de-todo-o-brasil\/","og_locale":"pt_BR","og_type":"article","og_title":"Inspirada na Europa e fundada em 1860, essa cidade de Santa Catarina se destaca no mercado de roupas e recebe turistas de todo o Brasil - Correio Braziliense - Radar","og_description":"Desde 1860, uma cidade de Santa Catarina com tra\u00e7os europeus lidera o mercado de moda e atrai turistas de todos os cantos do Brasil.","og_url":"https:\/\/www.correiobraziliense.com.br\/cbradar\/inspirada-na-europa-e-fundada-em-1860-essa-cidade-de-santa-catarina-se-destaca-no-mercado-de-roupas-e-recebe-turistas-de-todo-o-brasil\/","og_site_name":"Correio Braziliense - Radar","article_published_time":"2026-04-27T14:45:00+00:00","og_image":[{"width":1280,"height":720,"url":"https:\/\/www.correiobraziliense.com.br\/cbradar\/wp-content\/uploads\/2026\/02\/aaa-2026-02-01T014308.295.png","type":"image\/png"}],"author":"Maura Pereira","twitter_card":"summary_large_image","twitter_misc":{"Escrito por":"Maura Pereira","Est. tempo de leitura":"6 minutos"},"schema":{"@context":"https:\/\/schema.org","@graph":[{"@type":"WebPage","@id":"https:\/\/www.correiobraziliense.com.br\/cbradar\/inspirada-na-europa-e-fundada-em-1860-essa-cidade-de-santa-catarina-se-destaca-no-mercado-de-roupas-e-recebe-turistas-de-todo-o-brasil\/","url":"https:\/\/www.correiobraziliense.com.br\/cbradar\/inspirada-na-europa-e-fundada-em-1860-essa-cidade-de-santa-catarina-se-destaca-no-mercado-de-roupas-e-recebe-turistas-de-todo-o-brasil\/","name":"Inspirada na Europa e fundada em 1860, essa cidade de Santa Catarina se destaca no mercado de roupas e recebe turistas de todo o Brasil - Correio Braziliense - Radar","isPartOf":{"@id":"https:\/\/www.correiobraziliense.com.br\/cbradar\/#website"},"primaryImageOfPage":{"@id":"https:\/\/www.correiobraziliense.com.br\/cbradar\/inspirada-na-europa-e-fundada-em-1860-essa-cidade-de-santa-catarina-se-destaca-no-mercado-de-roupas-e-recebe-turistas-de-todo-o-brasil\/#primaryimage"},"image":{"@id":"https:\/\/www.correiobraziliense.com.br\/cbradar\/inspirada-na-europa-e-fundada-em-1860-essa-cidade-de-santa-catarina-se-destaca-no-mercado-de-roupas-e-recebe-turistas-de-todo-o-brasil\/#primaryimage"},"thumbnailUrl":"https:\/\/www.correiobraziliense.com.br\/cbradar\/wp-content\/uploads\/2026\/02\/aaa-2026-02-01T014308.295.png","datePublished":"2026-04-27T14:45:00+00:00","author":{"@id":"https:\/\/www.correiobraziliense.com.br\/cbradar\/#\/schema\/person\/4053c651a9bfc785afc6f4cbc9032fd3"},"description":"Desde 1860, uma cidade de Santa Catarina com tra\u00e7os europeus lidera o mercado de moda e atrai turistas de todos os cantos do Brasil.","breadcrumb":{"@id":"https:\/\/www.correiobraziliense.com.br\/cbradar\/inspirada-na-europa-e-fundada-em-1860-essa-cidade-de-santa-catarina-se-destaca-no-mercado-de-roupas-e-recebe-turistas-de-todo-o-brasil\/#breadcrumb"},"inLanguage":"pt-BR","potentialAction":[{"@type":"ReadAction","target":["https:\/\/www.correiobraziliense.com.br\/cbradar\/inspirada-na-europa-e-fundada-em-1860-essa-cidade-de-santa-catarina-se-destaca-no-mercado-de-roupas-e-recebe-turistas-de-todo-o-brasil\/"]}]},{"@type":"ImageObject","inLanguage":"pt-BR","@id":"https:\/\/www.correiobraziliense.com.br\/cbradar\/inspirada-na-europa-e-fundada-em-1860-essa-cidade-de-santa-catarina-se-destaca-no-mercado-de-roupas-e-recebe-turistas-de-todo-o-brasil\/#primaryimage","url":"https:\/\/www.correiobraziliense.com.br\/cbradar\/wp-content\/uploads\/2026\/02\/aaa-2026-02-01T014308.295.png","contentUrl":"https:\/\/www.correiobraziliense.com.br\/cbradar\/wp-content\/uploads\/2026\/02\/aaa-2026-02-01T014308.295.png","width":1280,"height":720,"caption":"O desenvolvimento da cidade est\u00e1 ligado \u00e0 sua funda\u00e7\u00e3o em 1860, quando imigrantes trouxeram a tradi\u00e7\u00e3o da tecelagem para o solo catarinense. \/ Imagem ilustrativa"},{"@type":"BreadcrumbList","@id":"https:\/\/www.correiobraziliense.com.br\/cbradar\/inspirada-na-europa-e-fundada-em-1860-essa-cidade-de-santa-catarina-se-destaca-no-mercado-de-roupas-e-recebe-turistas-de-todo-o-brasil\/#breadcrumb","itemListElement":[{"@type":"ListItem","position":1,"name":"In\u00edcio","item":"https:\/\/www.correiobraziliense.com.br\/cbradar\/"},{"@type":"ListItem","position":2,"name":"Inspirada na Europa e fundada em 1860, essa cidade de Santa Catarina se destaca no mercado de roupas e recebe turistas de todo o Brasil"}]},{"@type":"WebSite","@id":"https:\/\/www.correiobraziliense.com.br\/cbradar\/#website","url":"https:\/\/www.correiobraziliense.com.br\/cbradar\/","name":"Correio Braziliense - Radar","description":"Acompanhe as \u00faltimas not\u00edcias e fique bem informado sobre tudo o que acontece no Brasil e no mundo.","potentialAction":[{"@type":"SearchAction","target":{"@type":"EntryPoint","urlTemplate":"https:\/\/www.correiobraziliense.com.br\/cbradar\/?s={search_term_string}"},"query-input":{"@type":"PropertyValueSpecification","valueRequired":true,"valueName":"search_term_string"}}],"inLanguage":"pt-BR"},{"@type":"Person","@id":"https:\/\/www.correiobraziliense.com.br\/cbradar\/#\/schema\/person\/4053c651a9bfc785afc6f4cbc9032fd3","name":"Maura Pereira","image":{"@type":"ImageObject","inLanguage":"pt-BR","@id":"https:\/\/www.correiobraziliense.com.br\/cbradar\/#\/schema\/person\/image\/","url":"https:\/\/secure.gravatar.com\/avatar\/3effd6bdadfa447f15089c7f7144eaa6?s=96&d=mm&r=g","contentUrl":"https:\/\/secure.gravatar.com\/avatar\/3effd6bdadfa447f15089c7f7144eaa6?s=96&d=mm&r=g","caption":"Maura Pereira"},"sameAs":["https:\/\/www.correiobraziliense.com.br\/"],"url":"https:\/\/www.correiobraziliense.com.br\/cbradar\/author\/mauramyth\/"}]}},"_links":{"self":[{"href":"https:\/\/www.correiobraziliense.com.br\/cbradar\/wp-json\/wp\/v2\/posts\/232741","targetHints":{"allow":["GET"]}}],"collection":[{"href":"https:\/\/www.correiobraziliense.com.br\/cbradar\/wp-json\/wp\/v2\/posts"}],"about":[{"href":"https:\/\/www.correiobraziliense.com.br\/cbradar\/wp-json\/wp\/v2\/types\/post"}],"author":[{"embeddable":true,"href":"https:\/\/www.correiobraziliense.com.br\/cbradar\/wp-json\/wp\/v2\/users\/8"}],"replies":[{"embeddable":true,"href":"https:\/\/www.correiobraziliense.com.br\/cbradar\/wp-json\/wp\/v2\/comments?post=232741"}],"version-history":[{"count":10,"href":"https:\/\/www.correiobraziliense.com.br\/cbradar\/wp-json\/wp\/v2\/posts\/232741\/revisions"}],"predecessor-version":[{"id":232870,"href":"https:\/\/www.correiobraziliense.com.br\/cbradar\/wp-json\/wp\/v2\/posts\/232741\/revisions\/232870"}],"wp:featuredmedia":[{"embeddable":true,"href":"https:\/\/www.correiobraziliense.com.br\/cbradar\/wp-json\/wp\/v2\/media\/185424"}],"wp:attachment":[{"href":"https:\/\/www.correiobraziliense.com.br\/cbradar\/wp-json\/wp\/v2\/media?parent=232741"}],"wp:term":[{"taxonomy":"category","embeddable":true,"href":"https:\/\/www.correiobraziliense.com.br\/cbradar\/wp-json\/wp\/v2\/categories?post=232741"},{"taxonomy":"post_tag","embeddable":true,"href":"https:\/\/www.correiobraziliense.com.br\/cbradar\/wp-json\/wp\/v2\/post_tag?post=232741"}],"curies":[{"name":"wp","href":"https:\/\/api.w.org\/{rel}","templated":true}]}}