{"id":232742,"date":"2026-04-27T12:45:00","date_gmt":"2026-04-27T15:45:00","guid":{"rendered":"https:\/\/www.correiobraziliense.com.br\/cbradar\/?p=232742"},"modified":"2026-04-27T01:58:16","modified_gmt":"2026-04-27T04:58:16","slug":"a-cidade-natal-com-6-milhoes-de-garrafas-pet-recicladas-ganha-forma-de-sao-paulo-em-uma-celebracao-sustentavel-de-fim-de-ano","status":"publish","type":"post","link":"https:\/\/www.correiobraziliense.com.br\/cbradar\/a-cidade-natal-com-6-milhoes-de-garrafas-pet-recicladas-ganha-forma-de-sao-paulo-em-uma-celebracao-sustentavel-de-fim-de-ano\/","title":{"rendered":"A \u201cCidade Natal\u201d, com 6 milh\u00f5es de garrafas PET recicladas, ganha forma de S\u00e3o Paulo em uma celebra\u00e7\u00e3o sustent\u00e1vel de fim de ano"},"content":{"rendered":"\n<p>Em <strong>Guararema<\/strong>, a 80 km da capital paulista, dezembro chega com 45 km de luzes LED e uma decora\u00e7\u00e3o natalina feita inteiramente com garrafas PET arrecadadas o ano todo. A  \u201cCidade Natal\u201d recebe cerca de 700 mil visitantes por temporada.<\/p>\n\n\n\n<h2 class=\"wp-block-heading\">Por que Guararema \u00e9 a Cidade Natal de S\u00e3o Paulo?<\/h2>\n\n\n\n<p><strong>Desde 2010, a prefeitura promove uma oficina permanente onde artes\u00e3os transformam garrafas PET em \u00e1rvores<\/strong>, sinos, anjos e renas. Mais de 6 milh\u00f5es de unidades j\u00e1 foram recicladas ao longo dos anos do projeto, segundo a <a href=\"https:\/\/www.guararema.sp.gov.br\/turismo\" target=\"_blank\" rel=\"noreferrer noopener\"><strong>Prefeitura de Guararema<\/strong><\/a>.<\/p>\n\n\n\n<p><strong>O acender das luzes acontece no in\u00edcio de dezembro e a programa\u00e7\u00e3o se estende at\u00e9 janeiro.<\/strong> Doze pr\u00e9dios p\u00fablicos, sete pra\u00e7as e cinco quil\u00f4metros de ruas ganham ilumina\u00e7\u00e3o especial. O ponto alto \u00e9 a proje\u00e7\u00e3o mapeada na fachada da Igreja Matriz, com cerca de oito minutos de imagens ao som de can\u00e7\u00f5es natalinas.<\/p>\n\n\n<div class=\"wp-block-image\">\n<figure class=\"aligncenter size-large\"><img decoding=\"async\" width=\"1024\" height=\"576\" src=\"https:\/\/www.correiobraziliense.com.br\/cbradar\/wp-content\/uploads\/2025\/12\/Design-sem-nome-97-1024x576.png\" alt=\"Pouca gente imagina, mas a \u201cCidade das Orqu\u00eddeas\u201d em S\u00e3o Paulo virou ref\u00fagio de ar puro e sossego\" class=\"wp-image-158817\" srcset=\"https:\/\/www.correiobraziliense.com.br\/cbradar\/wp-content\/uploads\/2025\/12\/Design-sem-nome-97-1024x576.png 1024w, https:\/\/www.correiobraziliense.com.br\/cbradar\/wp-content\/uploads\/2025\/12\/Design-sem-nome-97-300x169.png 300w, https:\/\/www.correiobraziliense.com.br\/cbradar\/wp-content\/uploads\/2025\/12\/Design-sem-nome-97-768x432.png 768w, https:\/\/www.correiobraziliense.com.br\/cbradar\/wp-content\/uploads\/2025\/12\/Design-sem-nome-97-750x422.png 750w, https:\/\/www.correiobraziliense.com.br\/cbradar\/wp-content\/uploads\/2025\/12\/Design-sem-nome-97-1140x641.png 1140w, https:\/\/www.correiobraziliense.com.br\/cbradar\/wp-content\/uploads\/2025\/12\/Design-sem-nome-97.png 1280w\" sizes=\"(max-width: 1024px) 100vw, 1024px\" \/><figcaption class=\"wp-element-caption\"> Guararema-SP oferece roteiros familiares com parques acess\u00edveis e fazendas hist\u00f3ricas para experi\u00eancias sustent\u00e1veis. \/\/ Cr\u00e9ditos: Wikip\u00e9dia<\/figcaption><\/figure><\/div>\n\n\n<h2 class=\"wp-block-heading\">O que ver no centro hist\u00f3rico da P\u00e9rola do Vale?<\/h2>\n\n\n\n<p><strong>O passeio cabe a p\u00e9.<\/strong> Os principais pontos ficam concentrados no entorno da Pra\u00e7a 9 de Julho e da Esta\u00e7\u00e3o Ferrovi\u00e1ria.<\/p>\n\n\n\n<ul class=\"wp-block-list\">\n<li><strong>Esta\u00e7\u00e3o Ferrovi\u00e1ria de Guararema<\/strong>: marco hist\u00f3rico do munic\u00edpio, com a Maria Fuma\u00e7a em garagem de vidro e arquitetura preservada do s\u00e9culo 19.<\/li>\n\n\n\n<li><strong>Pontilh\u00e3o de Ferro<\/strong>: estrutura belga inaugurada em 1910 sobre o <strong>Rio Para\u00edba do Sul<\/strong>, trazida pelos ingleses para a antiga ferrovia.<\/li>\n\n\n\n<li><strong>Recanto do Am\u00e9rico (Pau D&#8217;Alho)<\/strong>: cart\u00e3o-postal \u00e0s margens do rio, com ponte p\u00eansil e ilhas no meio das \u00e1guas.<\/li>\n\n\n\n<li><strong>Mirante Prefeito Gerb\u00e1sio Marcelino<\/strong>: ponto a 80 metros de altura com vista panor\u00e2mica da cidade e do rio.<\/li>\n\n\n\n<li><strong>Parque Municipal Ilha Grande<\/strong>: ilha urbana no Rio Para\u00edba do Sul, acessada por ponte, ideal para caminhadas em fam\u00edlia.<\/li>\n<\/ul>\n\n\n\n<p><strong>Guararema, situada a cerca de 80 km de S\u00e3o Paulo<\/strong>, \u00e9 apresentada neste v\u00eddeo do canal <strong>De fora em Juiz de Fora<\/strong> como um destino encantador que une preserva\u00e7\u00e3o hist\u00f3rica, natureza exuberante e excelente infraestrutura urbana.<\/p>\n\n\n\n<figure class=\"wp-block-embed aligncenter is-type-video is-provider-youtube wp-block-embed-youtube wp-embed-aspect-16-9 wp-has-aspect-ratio\"><div class=\"wp-block-embed__wrapper\">\n<div class=\"jeg_video_container jeg_video_content\"><iframe loading=\"lazy\" title=\"CONHE\u00c7A GUARAREMA SP: Cidade Tur\u00edstica de S\u00c3O PAULO - com Tati Marmon\" width=\"500\" height=\"281\" src=\"https:\/\/www.youtube.com\/embed\/hdQCfMlRzTA?feature=oembed\" frameborder=\"0\" allow=\"accelerometer; autoplay; clipboard-write; encrypted-media; gyroscope; picture-in-picture; web-share\" referrerpolicy=\"strict-origin-when-cross-origin\" allowfullscreen><\/iframe><\/div>\n<\/div><\/figure>\n\n\n\n<h2 class=\"wp-block-heading\">A igreja onde mora o Santo dos objetos perdidos<\/h2>\n\n\n\n<p>A <strong>Igreja Nossa Senhora da Escada<\/strong>, no bairro da Freguesia da Escada, \u00e9 a \u00fanica do <strong>Brasil<\/strong> com imagem de <strong>S\u00e3o Longuinho<\/strong> em altar, segundo a <a href=\"https:\/\/www.ipatrimonio.org\/guararema-igreja-nossa-senhora-da-escada\/\" target=\"_blank\" rel=\"noreferrer noopener\"><strong>ficha de tombamento do IPHAN<\/strong><\/a>. Constru\u00edda em 1652 sob orienta\u00e7\u00e3o dos jesu\u00edtas e reformada pelos franciscanos em 1732, foi tombada pelo Patrim\u00f4nio Hist\u00f3rico Nacional em 1941.<\/p>\n\n\n\n<p>O santo, conhecido como o protetor das causas perdidas, atrai devotos de todo o estado. A tradi\u00e7\u00e3o manda dar tr\u00eas pulinhos quando o objeto perdido \u00e9 encontrado. A 5,5 km dali fica a <strong>Igreja Nossa Senhora D&#8217;Ajuda<\/strong>, erguida em 1682 sobre uma colina, com 81 degraus de acesso e uma das imagens em terracota mais antigas do <strong>estado de S\u00e3o Paulo<\/strong>.<\/p>\n\n\n\n<h2 class=\"wp-block-heading\">O passeio de Maria Fuma\u00e7a at\u00e9 a Vila Lu\u00eds Carlos<\/h2>\n\n\n\n<p>A locomotiva a vapor parte da Esta\u00e7\u00e3o Guararema aos s\u00e1bados, domingos e feriados em dire\u00e7\u00e3o \u00e0 <strong>Vila de Lu\u00eds Carlos<\/strong>, a 7 km do centro. O percurso de ida e volta dura cerca de duas horas, incluindo a parada na vila.<\/p>\n\n\n\n<p><strong>Inaugurada em 1914 como ponto de escoamento agr\u00edcola<\/strong>, Lu\u00eds Carlos hoje re\u00fane casar\u00f5es coloridos com lojas de artesanato, restaurantes, caf\u00e9s e a Igreja de S\u00e3o Louren\u00e7o, de 1906. O cen\u00e1rio j\u00e1 apareceu em novelas e seriados. As passagens podem ser compradas com anteced\u00eancia pelo site oficial do trem.<\/p>\n\n\n<div class=\"wp-block-image\">\n<figure class=\"aligncenter size-large\"><img decoding=\"async\" width=\"1024\" height=\"576\" src=\"https:\/\/www.correiobraziliense.com.br\/cbradar\/wp-content\/uploads\/2025\/12\/Design-sem-nome-95-2-1024x576.png\" alt=\"A cidade de S\u00e3o Paulo surpreendentemente tranquila que une qualidade de vida e infraestrutura colonial\" class=\"wp-image-158815\" srcset=\"https:\/\/www.correiobraziliense.com.br\/cbradar\/wp-content\/uploads\/2025\/12\/Design-sem-nome-95-2-1024x576.png 1024w, https:\/\/www.correiobraziliense.com.br\/cbradar\/wp-content\/uploads\/2025\/12\/Design-sem-nome-95-2-300x169.png 300w, https:\/\/www.correiobraziliense.com.br\/cbradar\/wp-content\/uploads\/2025\/12\/Design-sem-nome-95-2-768x432.png 768w, https:\/\/www.correiobraziliense.com.br\/cbradar\/wp-content\/uploads\/2025\/12\/Design-sem-nome-95-2-750x422.png 750w, https:\/\/www.correiobraziliense.com.br\/cbradar\/wp-content\/uploads\/2025\/12\/Design-sem-nome-95-2-1140x641.png 1140w, https:\/\/www.correiobraziliense.com.br\/cbradar\/wp-content\/uploads\/2025\/12\/Design-sem-nome-95-2.png 1280w\" sizes=\"(max-width: 1024px) 100vw, 1024px\" \/><figcaption class=\"wp-element-caption\">Guararema-SP eleva-se a Est\u00e2ncia Tur\u00edstica com ecoturismo em alta e Selo Verde Azul, atraindo visitantes atuais. \/\/ Cr\u00e9ditos: Wikip\u00e9dia<\/figcaption><\/figure><\/div>\n\n\n<h2 class=\"wp-block-heading\">Quais sabores procurar na mesa guararemense?<\/h2>\n\n\n\n<p><strong>A cidade tem perfil de gastronomia caseira e caf\u00e9s coloniais espalhados pelo centro e pela vila. <\/strong>O cal\u00e7ad\u00e3o coberto abriga o renovado Mercado Municipal.<\/p>\n\n\n\n<ul class=\"wp-block-list\">\n<li><strong>Caf\u00e9 colonial<\/strong>: mesa farta com bolos, geleias caseiras, queijos e p\u00e3es r\u00fasticos servidos em casar\u00f5es antigos.<\/li>\n\n\n\n<li><strong>Truta na brasa<\/strong>: peixe local servido em restaurantes rurais e fazendas-hot\u00e9is ao redor da cidade.<\/li>\n\n\n\n<li><strong>Doces caseiros<\/strong>: goiabada casc\u00e3o, doce de leite e compotas artesanais vendidos em feirinhas e mercados.<\/li>\n\n\n\n<li><strong>Cerveja artesanal<\/strong>: produzida em pequenas cervejarias da regi\u00e3o, algumas instaladas na pr\u00f3pria Vila Lu\u00eds Carlos.<\/li>\n<\/ul>\n\n\n\n<p><strong>Leia tamb\u00e9m: <a href=\"https:\/\/www.correiobraziliense.com.br\/cbradar\/a-gramado-mineira-encanta-com-uma-vila-a-1-500m-de-altitude-onde-casinhas-coloridas-simples-neblina-e-a-lareira-ditam-o-ritmo\/\" target=\"_blank\" rel=\"noreferrer noopener\">A &#8220;Gramado Mineira&#8221; encanta com uma vila a 1.500m de altitude onde casinhas coloridas simples, neblina e a lareira ditam o ritmo.<\/a><\/strong><\/p>\n\n\n\n<h2 class=\"wp-block-heading\">Quando viajar para a P\u00e9rola do Vale?<\/h2>\n\n\n\n<p><strong>O clima \u00e9 tropical de altitude, com ver\u00e3o quente e chuvoso e inverno seco e ameno. <\/strong>Dezembro \u00e9 a alta temporada por causa do Cidade Natal, mas o restante do ano oferece sossego e atra\u00e7\u00f5es sem multid\u00f5es.<\/p>\n\n\n\n<style>\n  \/* --- CONTAINER BLINDADO (PADR\u00c3O REGISTRADO) --- *\/\n  .clima-grid-final {\n    font-family: -apple-system, BlinkMacSystemFont, \"Segoe UI\", Roboto, Arial, sans-serif !important;\n    width: 100% !important;\n    max-width: 1200px !important;\n    margin: 20px auto !important;\n    display: grid !important;\n    \/* FOR\u00c7A 4 COLUNAS NO DESKTOP *\/\n    grid-template-columns: repeat(4, 1fr) !important; \n    gap: 15px !important;\n    box-sizing: border-box !important;\n  }\n\n  .clima-grid-final * {\n    box-sizing: border-box !important;\n  }\n\n  \/* --- BLINDAGEM CONTRA ADS E PLUGINS INTRUSOS --- *\/\n  .clima-grid-final > :not(.card-clima) {\n    display: none !important;\n    width: 0 !important;\n    height: 0 !important;\n    opacity: 0 !important;\n  }\n\n  \/* --- CARD PADR\u00c3O (ESTILO SOLICITADO) --- *\/\n  .card-clima {\n    background: #ffffff !important;\n    border: 1px solid #eeeeee !important;\n    border-radius: 20px !important;\n    padding: 20px 10px !important;\n    text-align: center !important;\n    display: flex !important;\n    flex-direction: column !important;\n    align-items: center !important;\n    box-shadow: 0 4px 10px rgba(0, 0, 0, 0.05) !important;\n    min-width: 0 !important; \n    transition: transform 0.2s ease !important;\n    overflow: hidden !important;\n    height: 100% !important;\n  }\n\n  .card-clima:hover {\n    transform: translateY(-5px) !important;\n    border-color: #dddddd !important;\n  }\n\n  \/* --- CONTE\u00daDO --- *\/\n  .estacao-nome { \n    font-size: 14px !important; \n    font-weight: 800 !important; \n    color: #333333 !important; \n    text-transform: uppercase !important; \n    margin: 0 0 5px 0 !important; \n  }\n  \n  .estacao-meses { \n    font-size: 10px !important; \n    font-weight: 700 !important; \n    color: #666666 !important; \n    text-transform: uppercase !important; \n    margin-bottom: 15px !important; \n    display: block !important;\n  }\n  \n  .temp-valor { \n    font-size: 24px !important; \n    font-weight: 800 !important; \n    color: #222222 !important; \n    line-height: 1.1 !important; \n    margin: 0 !important;\n  }\n  \n  .temp-label { \n    font-size: 9px !important; \n    font-weight: 600 !important; \n    color: #888888 !important; \n    text-transform: uppercase !important; \n    margin-bottom: 15px !important; \n    display: block !important;\n  }\n  \n  .clima-desc { \n    font-size: 12px !important; \n    line-height: 1.4 !important; \n    color: #444444 !important; \n    margin-bottom: 15px !important; \n    flex-grow: 1 !important; \n  }\n\n  .tag-status {\n    background-color: #f5f5f5 !important;\n    border: 1px solid #e0e0e0 !important;\n    color: #555555 !important;\n    padding: 5px 12px !important;\n    border-radius: 20px !important;\n    font-size: 9px !important;\n    font-weight: 800 !important;\n    text-transform: uppercase !important;\n    margin-top: auto !important;\n  }\n\n  \/* --- RESPONSIVIDADE --- *\/\n  @media (max-width: 800px) {\n    .clima-grid-final {\n      grid-template-columns: 1fr !important; \n    }\n    .card-clima {\n      padding: 25px 20px !important;\n    }\n  }\n<\/style>\n\n<div class=\"google-auto-ads-ignore clima-grid-final\">\n  \n  <div class=\"card-clima\">\n    <div class=\"estacao-nome\">\u2600\ufe0f Ver\u00e3o<\/div>\n    <span class=\"estacao-meses\">Dez &#8211; Fev<\/span>\n    <div class=\"temp-valor\">18-29\u00b0C<\/div>\n    <span class=\"temp-label\">M\u00e9dia<\/span>\n    <div class=\"clima-desc\">Mesmo com as chuvas altas, aproveite o encanto da <b>Cidade Natal<\/b> e refresque-se na bel\u00edssima <b>Cachoeira do Putim<\/b> nos dias de calor.<\/div>\n    <div class=\"tag-status\">\ud83d\udca6 Natal e Rios<\/div>\n  <\/div>\n\n  <div class=\"card-clima\">\n    <div class=\"estacao-nome\">\ud83c\udf42 Outono<\/div>\n    <span class=\"estacao-meses\">Mar &#8211; Mai<\/span>\n    <div class=\"temp-valor\">15-26\u00b0C<\/div>\n    <span class=\"temp-label\">M\u00e9dia<\/span>\n    <div class=\"clima-desc\">O clima ameno de transi\u00e7\u00e3o \u00e9 perfeito para o passeio de <b>Maria Fuma\u00e7a<\/b> e para explorar o vilarejo ferrovi\u00e1rio de <b>Vila Lu\u00eds Carlos<\/b>.<\/div>\n    <div class=\"tag-status\">\ud83d\ude82 Ferrovi\u00e1rio<\/div>\n  <\/div>\n\n  <div class=\"card-clima\">\n    <div class=\"estacao-nome\">\ud83e\udde3 Inverno<\/div>\n    <span class=\"estacao-meses\">Jun &#8211; Ago<\/span>\n    <div class=\"temp-valor\">10-23\u00b0C<\/div>\n    <span class=\"temp-label\">M\u00e9dia<\/span>\n    <div class=\"clima-desc\">Na esta\u00e7\u00e3o seca, o roteiro ideal inclui visitas \u00e0s <b>igrejas hist\u00f3ricas<\/b> e uma pausa para os tradicionais e fartos <b>caf\u00e9s coloniais<\/b>.<\/div>\n    <div class=\"tag-status\">\u2615 Gastronomia<\/div>\n  <\/div>\n\n  <div class=\"card-clima\">\n    <div class=\"estacao-nome\">\ud83c\udf38 Primavera<\/div>\n    <span class=\"estacao-meses\">Set &#8211; Nov<\/span>\n    <div class=\"temp-valor\">14-26\u00b0C<\/div>\n    <span class=\"temp-label\">M\u00e9dia<\/span>\n    <div class=\"clima-desc\">Aproveite as temperaturas agrad\u00e1veis e o florescer da natureza para percorrer as <b>trilhas<\/b> do ic\u00f4nico <b>Parque da Pedra Montada<\/b>.<\/div>\n    <div class=\"tag-status\">\ud83e\udd7e Ecoturismo<\/div>\n  <\/div>\n\n<\/div>\n\n\n\n<p><em>Temperaturas aproximadas com base no <a href=\"https:\/\/www.climatempo.com.br\/climatologia\/2313\/guararema-sp\" target=\"_blank\" rel=\"noreferrer noopener\"><strong>Climatempo<\/strong><\/a>. Condi\u00e7\u00f5es podem variar.<\/em><\/p>\n\n\n<div class=\"wp-block-image\">\n<figure class=\"aligncenter size-large\"><img decoding=\"async\" width=\"1024\" height=\"576\" src=\"https:\/\/www.correiobraziliense.com.br\/cbradar\/wp-content\/uploads\/2025\/12\/Guarareamaa-1024x576.png\" alt=\"\" class=\"wp-image-158818\" srcset=\"https:\/\/www.correiobraziliense.com.br\/cbradar\/wp-content\/uploads\/2025\/12\/Guarareamaa-1024x576.png 1024w, https:\/\/www.correiobraziliense.com.br\/cbradar\/wp-content\/uploads\/2025\/12\/Guarareamaa-300x169.png 300w, https:\/\/www.correiobraziliense.com.br\/cbradar\/wp-content\/uploads\/2025\/12\/Guarareamaa-768x432.png 768w, https:\/\/www.correiobraziliense.com.br\/cbradar\/wp-content\/uploads\/2025\/12\/Guarareamaa-750x422.png 750w, https:\/\/www.correiobraziliense.com.br\/cbradar\/wp-content\/uploads\/2025\/12\/Guarareamaa-1140x641.png 1140w, https:\/\/www.correiobraziliense.com.br\/cbradar\/wp-content\/uploads\/2025\/12\/Guarareamaa.png 1280w\" sizes=\"(max-width: 1024px) 100vw, 1024px\" \/><figcaption class=\"wp-element-caption\">Guararema-SP inspira com cachoeiras serenas e trilhas m\u00e1gicas, convidando a paz profunda e aventuras na natureza acolhedora. \/\/ Cr\u00e9ditos: Wikip\u00e9dia<\/figcaption><\/figure><\/div>\n\n\n<h2 class=\"wp-block-heading\">Como chegar \u00e0 cidade do Vale do Para\u00edba?<\/h2>\n\n\n\n<p>Guararema fica a 80 km da capital paulista pela Rodovia <strong>Ayrton Senna<\/strong>, com acesso pela <strong>Rodovia Carvalho Pinto<\/strong> e sa\u00edda 68. A viagem dura cerca de 1h20 sem tr\u00e2nsito. H\u00e1 tamb\u00e9m \u00f4nibus diretos partindo do <strong>Terminal Tiet\u00ea<\/strong>, em <strong>S\u00e3o Paulo<\/strong>.<\/p>\n\n\n\n<h2 class=\"wp-block-heading\">A cidade que brilha o ano todo<\/h2>\n\n\n\n<p><strong>Pouca cidade paulista combina patrim\u00f4nio colonial<\/strong>, ferrovia centen\u00e1ria e o maior festival natalino sustent\u00e1vel do estado em um s\u00f3 endere\u00e7o. Guararema entrega charme de interior a uma hora e meia da capital, com a vantagem rara de oferecer atra\u00e7\u00f5es diferentes em cada esta\u00e7\u00e3o.<\/p>\n\n\n\n<p>Voc\u00ea precisa visitar Guararema na \u00e9poca do Cidade Natal para entender por que 700 mil pessoas atravessam o Vale do Para\u00edba todo ano s\u00f3 para ver garrafas PET virarem m\u00e1gica.<\/p>\n","protected":false},"excerpt":{"rendered":"<p>Em Guararema, a 80 km da capital paulista, dezembro chega com 45 km de luzes LED e uma decora\u00e7\u00e3o natalina feita inteiramente com garrafas PET arrecadadas o ano todo. A \u201cCidade Natal\u201d recebe cerca de 700 mil visitantes por temporada. Por que Guararema \u00e9 a Cidade Natal de S\u00e3o Paulo? Desde 2010, a prefeitura promove [&hellip;]<\/p>\n","protected":false},"author":8,"featured_media":232879,"comment_status":"open","ping_status":"open","sticky":false,"template":"","format":"standard","meta":{"_yoast_wpseo_focuskw":"Cidade Natal","_yoast_wpseo_title":"","_yoast_wpseo_metadesc":"Com 6 milh\u00f5es de PET recicladas, a \u201cCidade Natal\u201d se transforma em uma vers\u00e3o sustent\u00e1vel de S\u00e3o Paulo para o fim do ano.","jnews-multi-image_gallery":[],"jnews_single_post":{"format":"standard"},"jnews_primary_category":[],"jnews_social_meta":[],"jnews_override_counter":[],"footnotes":""},"categories":[108,111],"post_tag":[12979,278],"class_list":["post-232742","post","type-post","status-publish","format-standard","has-post-thumbnail","hentry","category-cidades","category-turismo","tag-guararema","tag-sao-paulo"],"yoast_head":"<!-- This site is optimized with the Yoast SEO plugin v24.6 - https:\/\/yoast.com\/wordpress\/plugins\/seo\/ -->\n<title>A \u201cCidade Natal\u201d, com 6 milh\u00f5es de garrafas PET recicladas, ganha forma de S\u00e3o Paulo em uma celebra\u00e7\u00e3o sustent\u00e1vel de fim de ano - Correio Braziliense - Radar<\/title>\n<meta name=\"description\" content=\"Com 6 milh\u00f5es de PET recicladas, a \u201cCidade Natal\u201d se transforma em uma vers\u00e3o sustent\u00e1vel de S\u00e3o Paulo para o fim do ano.\" \/>\n<meta name=\"robots\" content=\"index, follow, max-snippet:-1, max-image-preview:large, max-video-preview:-1\" \/>\n<link rel=\"canonical\" href=\"https:\/\/www.correiobraziliense.com.br\/cbradar\/a-cidade-natal-com-6-milhoes-de-garrafas-pet-recicladas-ganha-forma-de-sao-paulo-em-uma-celebracao-sustentavel-de-fim-de-ano\/\" \/>\n<meta property=\"og:locale\" content=\"pt_BR\" \/>\n<meta property=\"og:type\" content=\"article\" \/>\n<meta property=\"og:title\" content=\"A \u201cCidade Natal\u201d, com 6 milh\u00f5es de garrafas PET recicladas, ganha forma de S\u00e3o Paulo em uma celebra\u00e7\u00e3o sustent\u00e1vel de fim de ano - Correio Braziliense - Radar\" \/>\n<meta property=\"og:description\" content=\"Com 6 milh\u00f5es de PET recicladas, a \u201cCidade Natal\u201d se transforma em uma vers\u00e3o sustent\u00e1vel de S\u00e3o Paulo para o fim do ano.\" \/>\n<meta property=\"og:url\" content=\"https:\/\/www.correiobraziliense.com.br\/cbradar\/a-cidade-natal-com-6-milhoes-de-garrafas-pet-recicladas-ganha-forma-de-sao-paulo-em-uma-celebracao-sustentavel-de-fim-de-ano\/\" \/>\n<meta property=\"og:site_name\" content=\"Correio Braziliense - Radar\" \/>\n<meta property=\"article:published_time\" content=\"2026-04-27T15:45:00+00:00\" \/>\n<meta property=\"og:image\" content=\"https:\/\/www.correiobraziliense.com.br\/cbradar\/wp-content\/uploads\/2026\/04\/aaa-2026-04-27T015328.380.png\" \/>\n\t<meta property=\"og:image:width\" content=\"1280\" \/>\n\t<meta property=\"og:image:height\" content=\"720\" \/>\n\t<meta property=\"og:image:type\" content=\"image\/png\" \/>\n<meta name=\"author\" content=\"Maura Pereira\" \/>\n<meta name=\"twitter:card\" content=\"summary_large_image\" \/>\n<meta name=\"twitter:label1\" content=\"Escrito por\" \/>\n\t<meta name=\"twitter:data1\" content=\"Maura Pereira\" \/>\n\t<meta name=\"twitter:label2\" content=\"Est. tempo de leitura\" \/>\n\t<meta name=\"twitter:data2\" content=\"7 minutos\" \/>\n<!-- \/ Yoast SEO plugin. -->","yoast_head_json":{"title":"A \u201cCidade Natal\u201d, com 6 milh\u00f5es de garrafas PET recicladas, ganha forma de S\u00e3o Paulo em uma celebra\u00e7\u00e3o sustent\u00e1vel de fim de ano - Correio Braziliense - Radar","description":"Com 6 milh\u00f5es de PET recicladas, a \u201cCidade Natal\u201d se transforma em uma vers\u00e3o sustent\u00e1vel de S\u00e3o Paulo para o fim do ano.","robots":{"index":"index","follow":"follow","max-snippet":"max-snippet:-1","max-image-preview":"max-image-preview:large","max-video-preview":"max-video-preview:-1"},"canonical":"https:\/\/www.correiobraziliense.com.br\/cbradar\/a-cidade-natal-com-6-milhoes-de-garrafas-pet-recicladas-ganha-forma-de-sao-paulo-em-uma-celebracao-sustentavel-de-fim-de-ano\/","og_locale":"pt_BR","og_type":"article","og_title":"A \u201cCidade Natal\u201d, com 6 milh\u00f5es de garrafas PET recicladas, ganha forma de S\u00e3o Paulo em uma celebra\u00e7\u00e3o sustent\u00e1vel de fim de ano - Correio Braziliense - Radar","og_description":"Com 6 milh\u00f5es de PET recicladas, a \u201cCidade Natal\u201d se transforma em uma vers\u00e3o sustent\u00e1vel de S\u00e3o Paulo para o fim do ano.","og_url":"https:\/\/www.correiobraziliense.com.br\/cbradar\/a-cidade-natal-com-6-milhoes-de-garrafas-pet-recicladas-ganha-forma-de-sao-paulo-em-uma-celebracao-sustentavel-de-fim-de-ano\/","og_site_name":"Correio Braziliense - Radar","article_published_time":"2026-04-27T15:45:00+00:00","og_image":[{"width":1280,"height":720,"url":"https:\/\/www.correiobraziliense.com.br\/cbradar\/wp-content\/uploads\/2026\/04\/aaa-2026-04-27T015328.380.png","type":"image\/png"}],"author":"Maura Pereira","twitter_card":"summary_large_image","twitter_misc":{"Escrito por":"Maura Pereira","Est. tempo de leitura":"7 minutos"},"schema":{"@context":"https:\/\/schema.org","@graph":[{"@type":"WebPage","@id":"https:\/\/www.correiobraziliense.com.br\/cbradar\/a-cidade-natal-com-6-milhoes-de-garrafas-pet-recicladas-ganha-forma-de-sao-paulo-em-uma-celebracao-sustentavel-de-fim-de-ano\/","url":"https:\/\/www.correiobraziliense.com.br\/cbradar\/a-cidade-natal-com-6-milhoes-de-garrafas-pet-recicladas-ganha-forma-de-sao-paulo-em-uma-celebracao-sustentavel-de-fim-de-ano\/","name":"A \u201cCidade Natal\u201d, com 6 milh\u00f5es de garrafas PET recicladas, ganha forma de S\u00e3o Paulo em uma celebra\u00e7\u00e3o sustent\u00e1vel de fim de ano - Correio Braziliense - Radar","isPartOf":{"@id":"https:\/\/www.correiobraziliense.com.br\/cbradar\/#website"},"primaryImageOfPage":{"@id":"https:\/\/www.correiobraziliense.com.br\/cbradar\/a-cidade-natal-com-6-milhoes-de-garrafas-pet-recicladas-ganha-forma-de-sao-paulo-em-uma-celebracao-sustentavel-de-fim-de-ano\/#primaryimage"},"image":{"@id":"https:\/\/www.correiobraziliense.com.br\/cbradar\/a-cidade-natal-com-6-milhoes-de-garrafas-pet-recicladas-ganha-forma-de-sao-paulo-em-uma-celebracao-sustentavel-de-fim-de-ano\/#primaryimage"},"thumbnailUrl":"https:\/\/www.correiobraziliense.com.br\/cbradar\/wp-content\/uploads\/2026\/04\/aaa-2026-04-27T015328.380.png","datePublished":"2026-04-27T15:45:00+00:00","author":{"@id":"https:\/\/www.correiobraziliense.com.br\/cbradar\/#\/schema\/person\/4053c651a9bfc785afc6f4cbc9032fd3"},"description":"Com 6 milh\u00f5es de PET recicladas, a \u201cCidade Natal\u201d se transforma em uma vers\u00e3o sustent\u00e1vel de S\u00e3o Paulo para o fim do ano.","breadcrumb":{"@id":"https:\/\/www.correiobraziliense.com.br\/cbradar\/a-cidade-natal-com-6-milhoes-de-garrafas-pet-recicladas-ganha-forma-de-sao-paulo-em-uma-celebracao-sustentavel-de-fim-de-ano\/#breadcrumb"},"inLanguage":"pt-BR","potentialAction":[{"@type":"ReadAction","target":["https:\/\/www.correiobraziliense.com.br\/cbradar\/a-cidade-natal-com-6-milhoes-de-garrafas-pet-recicladas-ganha-forma-de-sao-paulo-em-uma-celebracao-sustentavel-de-fim-de-ano\/"]}]},{"@type":"ImageObject","inLanguage":"pt-BR","@id":"https:\/\/www.correiobraziliense.com.br\/cbradar\/a-cidade-natal-com-6-milhoes-de-garrafas-pet-recicladas-ganha-forma-de-sao-paulo-em-uma-celebracao-sustentavel-de-fim-de-ano\/#primaryimage","url":"https:\/\/www.correiobraziliense.com.br\/cbradar\/wp-content\/uploads\/2026\/04\/aaa-2026-04-27T015328.380.png","contentUrl":"https:\/\/www.correiobraziliense.com.br\/cbradar\/wp-content\/uploads\/2026\/04\/aaa-2026-04-27T015328.380.png","width":1280,"height":720,"caption":"O acender das luzes acontece no in\u00edcio de dezembro e a programa\u00e7\u00e3o se estende at\u00e9 janeiro. \/ Imagem ilustrativa"},{"@type":"BreadcrumbList","@id":"https:\/\/www.correiobraziliense.com.br\/cbradar\/a-cidade-natal-com-6-milhoes-de-garrafas-pet-recicladas-ganha-forma-de-sao-paulo-em-uma-celebracao-sustentavel-de-fim-de-ano\/#breadcrumb","itemListElement":[{"@type":"ListItem","position":1,"name":"In\u00edcio","item":"https:\/\/www.correiobraziliense.com.br\/cbradar\/"},{"@type":"ListItem","position":2,"name":"A \u201cCidade Natal\u201d, com 6 milh\u00f5es de garrafas PET recicladas, ganha forma de S\u00e3o Paulo em uma celebra\u00e7\u00e3o sustent\u00e1vel de fim de ano"}]},{"@type":"WebSite","@id":"https:\/\/www.correiobraziliense.com.br\/cbradar\/#website","url":"https:\/\/www.correiobraziliense.com.br\/cbradar\/","name":"Correio Braziliense - Radar","description":"Acompanhe as \u00faltimas not\u00edcias e fique bem informado sobre tudo o que acontece no Brasil e no mundo.","potentialAction":[{"@type":"SearchAction","target":{"@type":"EntryPoint","urlTemplate":"https:\/\/www.correiobraziliense.com.br\/cbradar\/?s={search_term_string}"},"query-input":{"@type":"PropertyValueSpecification","valueRequired":true,"valueName":"search_term_string"}}],"inLanguage":"pt-BR"},{"@type":"Person","@id":"https:\/\/www.correiobraziliense.com.br\/cbradar\/#\/schema\/person\/4053c651a9bfc785afc6f4cbc9032fd3","name":"Maura Pereira","image":{"@type":"ImageObject","inLanguage":"pt-BR","@id":"https:\/\/www.correiobraziliense.com.br\/cbradar\/#\/schema\/person\/image\/","url":"https:\/\/secure.gravatar.com\/avatar\/3effd6bdadfa447f15089c7f7144eaa6?s=96&d=mm&r=g","contentUrl":"https:\/\/secure.gravatar.com\/avatar\/3effd6bdadfa447f15089c7f7144eaa6?s=96&d=mm&r=g","caption":"Maura Pereira"},"sameAs":["https:\/\/www.correiobraziliense.com.br\/"],"url":"https:\/\/www.correiobraziliense.com.br\/cbradar\/author\/mauramyth\/"}]}},"_links":{"self":[{"href":"https:\/\/www.correiobraziliense.com.br\/cbradar\/wp-json\/wp\/v2\/posts\/232742","targetHints":{"allow":["GET"]}}],"collection":[{"href":"https:\/\/www.correiobraziliense.com.br\/cbradar\/wp-json\/wp\/v2\/posts"}],"about":[{"href":"https:\/\/www.correiobraziliense.com.br\/cbradar\/wp-json\/wp\/v2\/types\/post"}],"author":[{"embeddable":true,"href":"https:\/\/www.correiobraziliense.com.br\/cbradar\/wp-json\/wp\/v2\/users\/8"}],"replies":[{"embeddable":true,"href":"https:\/\/www.correiobraziliense.com.br\/cbradar\/wp-json\/wp\/v2\/comments?post=232742"}],"version-history":[{"count":16,"href":"https:\/\/www.correiobraziliense.com.br\/cbradar\/wp-json\/wp\/v2\/posts\/232742\/revisions"}],"predecessor-version":[{"id":232881,"href":"https:\/\/www.correiobraziliense.com.br\/cbradar\/wp-json\/wp\/v2\/posts\/232742\/revisions\/232881"}],"wp:featuredmedia":[{"embeddable":true,"href":"https:\/\/www.correiobraziliense.com.br\/cbradar\/wp-json\/wp\/v2\/media\/232879"}],"wp:attachment":[{"href":"https:\/\/www.correiobraziliense.com.br\/cbradar\/wp-json\/wp\/v2\/media?parent=232742"}],"wp:term":[{"taxonomy":"category","embeddable":true,"href":"https:\/\/www.correiobraziliense.com.br\/cbradar\/wp-json\/wp\/v2\/categories?post=232742"},{"taxonomy":"post_tag","embeddable":true,"href":"https:\/\/www.correiobraziliense.com.br\/cbradar\/wp-json\/wp\/v2\/post_tag?post=232742"}],"curies":[{"name":"wp","href":"https:\/\/api.w.org\/{rel}","templated":true}]}}