{"id":232743,"date":"2026-04-27T15:25:00","date_gmt":"2026-04-27T18:25:00","guid":{"rendered":"https:\/\/www.correiobraziliense.com.br\/cbradar\/?p=232743"},"modified":"2026-04-27T02:07:03","modified_gmt":"2026-04-27T05:07:03","slug":"a-cidade-americana-do-brasil-fundada-por-familias-dos-estados-unidos-que-cruzaram-o-mar-em-1866-esta-liderando-em-qualidade-de-vida","status":"publish","type":"post","link":"https:\/\/www.correiobraziliense.com.br\/cbradar\/a-cidade-americana-do-brasil-fundada-por-familias-dos-estados-unidos-que-cruzaram-o-mar-em-1866-esta-liderando-em-qualidade-de-vida\/","title":{"rendered":"A cidade &#8220;Americana&#8221; do Brasil fundada por fam\u00edlias dos Estados Unidos que cruzaram o mar em 1866 est\u00e1 liderando em qualidade de vida"},"content":{"rendered":"\n<p>A 130 km de <strong>S\u00e3o Paulo<\/strong>, <strong>Americana<\/strong> guarda a heran\u00e7a rara de fam\u00edlias sulistas dos <strong>Estados Unidos<\/strong> que cruzaram o Atl\u00e2ntico em 1866. A cidade da Regi\u00e3o Metropolitana de Campinas tem IDH de 0,811, acima dos 0,805 da capital.<\/p>\n\n\n\n<h2 class=\"wp-block-heading\">De vila dos confederados a Princesa Tecel\u00e3<\/h2>\n\n\n\n<p>Em 1866, o coronel <strong>William Hutchinson Norris<\/strong>, ex-senador do Alabama, foi o primeiro confederado a se instalar na regi\u00e3o ap\u00f3s a Guerra Civil dos EUA. Dezenas de fam\u00edlias vieram em seguida, atra\u00eddas por incentivos de <strong>Dom Pedro II<\/strong>, e plantaram algod\u00e3o \u00e0s margens do Ribeir\u00e3o Quilombo.<\/p>\n\n\n\n<p>O nome da cidade nasceu de um erro postal. Cartas endere\u00e7adas \u00e0 esta\u00e7\u00e3o local eram entregues na vizinha Santa B\u00e1rbara d&#8217;Oeste, e a Companhia Paulista de Estradas de Ferro rebatizou a parada como Villa Americana em 1900 para resolver a confus\u00e3o. A voca\u00e7\u00e3o t\u00eaxtil se firmou ainda no s\u00e9culo XIX e rendeu o apelido de Princesa Tecel\u00e3.<\/p>\n\n\n<div class=\"wp-block-image\">\n<figure class=\"aligncenter size-large\"><img decoding=\"async\" width=\"1024\" height=\"576\" src=\"https:\/\/www.correiobraziliense.com.br\/cbradar\/wp-content\/uploads\/2025\/12\/G-2025-12-13T232126.029-1024x576.png\" alt=\"A cidade &quot;Americana&quot; do Brasil fundada por fam\u00edlias dos Estados Unidos que cruzaram o mar em 1866 est\u00e1 liderando em qualidade de vida\" class=\"wp-image-155755\" srcset=\"https:\/\/www.correiobraziliense.com.br\/cbradar\/wp-content\/uploads\/2025\/12\/G-2025-12-13T232126.029-1024x576.png 1024w, https:\/\/www.correiobraziliense.com.br\/cbradar\/wp-content\/uploads\/2025\/12\/G-2025-12-13T232126.029-300x169.png 300w, https:\/\/www.correiobraziliense.com.br\/cbradar\/wp-content\/uploads\/2025\/12\/G-2025-12-13T232126.029-768x432.png 768w, https:\/\/www.correiobraziliense.com.br\/cbradar\/wp-content\/uploads\/2025\/12\/G-2025-12-13T232126.029-750x422.png 750w, https:\/\/www.correiobraziliense.com.br\/cbradar\/wp-content\/uploads\/2025\/12\/G-2025-12-13T232126.029-1140x641.png 1140w, https:\/\/www.correiobraziliense.com.br\/cbradar\/wp-content\/uploads\/2025\/12\/G-2025-12-13T232126.029.png 1280w\" sizes=\"(max-width: 1024px) 100vw, 1024px\" \/><figcaption class=\"wp-element-caption\">Em Americana d\u00e1 pra passear na Avenida Brasil, tomar sorvete na Pra\u00e7a Comendador M\u00fcller e espiar os bichinhos no Zoo por ingresso baratinho. \/\/ Cr\u00e9ditos: YouTube @droneshowtime<\/figcaption><\/figure><\/div>\n\n\n<h2 class=\"wp-block-heading\">O que os rankings dizem sobre a qualidade de vida americanense?<\/h2>\n\n\n\n<p>Americana foi considerada a melhor cidade do estado com mais de 200 mil habitantes em seguran\u00e7a e meio ambiente, segundo o estudo do <strong>N\u00facleo de Estudos das Cidades (NEC)<\/strong>, com participa\u00e7\u00e3o da <strong>Universidade de S\u00e3o Paulo (USP)<\/strong> e da <strong>Universidade Federal de S\u00e3o Carlos (UFSCAR)<\/strong>. Na classifica\u00e7\u00e3o geral, a cidade ficou em <a href=\"https:\/\/www.americana.sp.gov.br\/americana-index.php?a=noticia&amp;id=27950\" target=\"_blank\" rel=\"noreferrer noopener\"><strong>3\u00ba lugar com nota 9,6<\/strong><\/a>.<\/p>\n\n\n\n<p>O munic\u00edpio figura entre os 20 melhores do <strong>Brasil<\/strong> em qualidade de vida pelo Atlas do Desenvolvimento Humano do <strong>Programa das Na\u00e7\u00f5es Unidas para o Desenvolvimento (PNUD)<\/strong>. A cobertura de esgoto tratado \u00e9 praticamente universal e a taxa de escolariza\u00e7\u00e3o entre crian\u00e7as de 6 a 14 anos chega a 98%.<\/p>\n\n\n\n<p>Americana, localizada no interior de S\u00e3o Paulo a cerca de 2 horas da capital, \u00e9 apresentada neste v\u00eddeo do canal <strong>MAIS 50<\/strong> como uma cidade de alto IDH, excelente infraestrutura e forte potencial econ\u00f4mico.<\/p>\n\n\n\n<figure class=\"wp-block-embed aligncenter is-type-video is-provider-youtube wp-block-embed-youtube wp-embed-aspect-16-9 wp-has-aspect-ratio\"><div class=\"wp-block-embed__wrapper\">\n<div class=\"jeg_video_container jeg_video_content\"><iframe loading=\"lazy\" title=\"MORAR EM AMERICANA NO INTERIOR DE S\u00c3O PAULO\" width=\"500\" height=\"281\" src=\"https:\/\/www.youtube.com\/embed\/-NVt6-a245Y?feature=oembed\" frameborder=\"0\" allow=\"accelerometer; autoplay; clipboard-write; encrypted-media; gyroscope; picture-in-picture; web-share\" referrerpolicy=\"strict-origin-when-cross-origin\" allowfullscreen><\/iframe><\/div>\n<\/div><\/figure>\n\n\n\n<h2 class=\"wp-block-heading\">Como \u00e9 o cotidiano nos bairros da cidade?<\/h2>\n\n\n\n<p>Americana tem cerca de 247 mil habitantes e ritmo de cidade m\u00e9dia com infraestrutura de centro maior. <strong>Jardim Girassol<\/strong> e <strong>Jardim S\u00e3o Paulo<\/strong> atraem fam\u00edlias pela tranquilidade, ruas arborizadas e proximidade de escolas.<\/p>\n\n\n\n<p>O centro re\u00fane com\u00e9rcio diversificado e o <strong>Mercado Municipal Luiza Padovani<\/strong>, inaugurado em 1959 e tombado como patrim\u00f4nio sociocultural. A <strong>Avenida Brasil<\/strong>, com fileiras de palmeiras-imperiais e bares ao longo da cal\u00e7ada, funciona como sala de estar coletiva nos fins de semana e \u00e9 um dos pontos preferidos do morador.<\/p>\n\n\n\n<p>O <a href=\"https:\/\/www.americana.sp.gov.br\/americana-index.php?a=perfil-indice\" target=\"_blank\" rel=\"noreferrer noopener\"><strong>perfil socioecon\u00f4mico<\/strong><\/a> divulgado pela prefeitura aponta que 93,8% da popula\u00e7\u00e3o est\u00e1 em grupos de baixa, m\u00e9dia ou nenhuma vulnerabilidade social, o que sustenta a sensa\u00e7\u00e3o de seguran\u00e7a ao caminhar pelos bairros.<\/p>\n\n\n<div class=\"wp-block-image\">\n<figure class=\"aligncenter size-large\"><img decoding=\"async\" width=\"1024\" height=\"576\" src=\"https:\/\/www.correiobraziliense.com.br\/cbradar\/wp-content\/uploads\/2025\/12\/G-2025-12-13T232113.559-1024x576.png\" alt=\"A cidade fundada em 1875 por norte americanos est\u00e1 liderando em qualidade de vida em S\u00e3o Paulo como um \u00f3timo lugar para viver\" class=\"wp-image-155756\" srcset=\"https:\/\/www.correiobraziliense.com.br\/cbradar\/wp-content\/uploads\/2025\/12\/G-2025-12-13T232113.559-1024x576.png 1024w, https:\/\/www.correiobraziliense.com.br\/cbradar\/wp-content\/uploads\/2025\/12\/G-2025-12-13T232113.559-300x169.png 300w, https:\/\/www.correiobraziliense.com.br\/cbradar\/wp-content\/uploads\/2025\/12\/G-2025-12-13T232113.559-768x432.png 768w, https:\/\/www.correiobraziliense.com.br\/cbradar\/wp-content\/uploads\/2025\/12\/G-2025-12-13T232113.559-750x422.png 750w, https:\/\/www.correiobraziliense.com.br\/cbradar\/wp-content\/uploads\/2025\/12\/G-2025-12-13T232113.559-1140x641.png 1140w, https:\/\/www.correiobraziliense.com.br\/cbradar\/wp-content\/uploads\/2025\/12\/G-2025-12-13T232113.559.png 1280w\" sizes=\"(max-width: 1024px) 100vw, 1024px\" \/><figcaption class=\"wp-element-caption\">Viva Americana em um dia leve! Caminhe sob palmeiras na Avenida Brasil, visite o Zoo e termine vendo o p\u00f4r do sol no Jardim Bot\u00e2nico. \/\/ Cr\u00e9ditos: YouTube @droneshowtime<\/figcaption><\/figure><\/div>\n\n\n<h2 class=\"wp-block-heading\">Onde o morador encontra lazer no dia a dia?<\/h2>\n\n\n\n<p><strong>A vida ao ar livre \u00e9 parte da rotina. <\/strong>A cidade preserva reservas florestais transformadas em parques urbanos e mant\u00e9m um calend\u00e1rio cultural ativo durante o ano todo.<\/p>\n\n\n\n<ul class=\"wp-block-list\">\n<li><strong>Parque Ecol\u00f3gico Engenheiro Cid Almeida Franco<\/strong>: zool\u00f3gico com recintos amplos, lagos e trilhas, refer\u00eancia regional em conserva\u00e7\u00e3o.<\/li>\n\n\n\n<li><strong>Jardim Bot\u00e2nico<\/strong>: 100 mil m\u00b2 com 8.500 mudas, pista de corrida, ciclovia e \u00e1rea de piquenique.<\/li>\n\n\n\n<li><strong>Bas\u00edlica Santo Ant\u00f4nio de P\u00e1dua<\/strong>: templo neocl\u00e1ssico com pinturas internas dos irm\u00e3os italianos Pedro e Uldorico Gentilli, elevado a Bas\u00edlica menor por <strong>Papa Francisco<\/strong> em 2014.<\/li>\n\n\n\n<li><strong>Vila Carioba<\/strong>: bairro inteiro tombado, com a Casa de Cultura Hermann M\u00fcller, capela e galp\u00f5es fabris da industrializa\u00e7\u00e3o paulista.<\/li>\n\n\n\n<li><strong>Observat\u00f3rio Municipal de Americana (OMA)<\/strong>: equipado com telesc\u00f3pios potentes e sess\u00f5es p\u00fablicas de observa\u00e7\u00e3o.<\/li>\n<\/ul>\n\n\n\n<h2 class=\"wp-block-heading\">Como a heran\u00e7a multicultural aparece \u00e0 mesa?<\/h2>\n\n\n\n<p><strong>A cozinha local mistura tradi\u00e7\u00e3o italiana, heran\u00e7a sulista americana e raiz interiorana. <\/strong>Cantinas tradicionais convivem com churrascarias e padarias de bairro.<\/p>\n\n\n\n<ul class=\"wp-block-list\">\n<li><strong>Frango frito sulista<\/strong>: receita herdada dos confederados, servida em restaurantes tem\u00e1ticos durante eventos da heran\u00e7a norte-americana.<\/li>\n\n\n\n<li><strong>Massas italianas<\/strong>: cantinas com pratos da forte comunidade descendente, presen\u00e7a forte na Vila Carioba.<\/li>\n\n\n\n<li><strong>Pizza de massa fina<\/strong>: tradi\u00e7\u00e3o italiana que disputa o paladar local com as esfihas libanesas.<\/li>\n\n\n\n<li><strong>Doces e tortas caseiras<\/strong>: padarias e cafeterias misturam influ\u00eancias americanas e italianas, com receitas passadas de gera\u00e7\u00e3o.<\/li>\n<\/ul>\n\n\n\n<p><strong>Leia tamb\u00e9m: <a href=\"https:\/\/www.correiobraziliense.com.br\/cbradar\/a-gramado-mineira-encanta-com-uma-vila-a-1-500m-de-altitude-onde-casinhas-coloridas-simples-neblina-e-a-lareira-ditam-o-ritmo\/\" target=\"_blank\" rel=\"noreferrer noopener\">A &#8220;Gramado Mineira&#8221; encanta com uma vila a 1.500m de altitude onde casinhas coloridas simples, neblina e a lareira ditam o ritmo.<\/a><\/strong><\/p>\n\n\n\n<h2 class=\"wp-block-heading\">Quando acontece a maior festa do morador?<\/h2>\n\n\n\n<p>A <strong>Festa do Pe\u00e3o de Americana<\/strong> \u00e9 realizada todo m\u00eas de junho, no <strong>Parque de Eventos CCA<\/strong>, e est\u00e1 entre os maiores rodeios do pa\u00eds. Para o americanense, o evento transforma a cidade por dez dias e movimenta hotelaria, gastronomia e com\u00e9rcio.<\/p>\n\n\n\n<p>O <strong>Festival Italiano<\/strong> e o <strong>Roteiro de Boteco<\/strong>, esse promovido pela Secretaria de Cultura, ocupam a Avenida Brasil em outras \u00e9pocas do ano com gastronomia e shows ao ar livre.<\/p>\n\n\n<div class=\"wp-block-image\">\n<figure class=\"aligncenter size-large\"><img decoding=\"async\" width=\"1024\" height=\"576\" src=\"https:\/\/www.correiobraziliense.com.br\/cbradar\/wp-content\/uploads\/2025\/12\/G-2025-12-13T231805.134-1024x576.png\" alt=\"A cidade fundada em 1875 por norte americanos est\u00e1 liderando em qualidade de vida em S\u00e3o Paulo como um \u00f3timo lugar para viver\" class=\"wp-image-155761\" srcset=\"https:\/\/www.correiobraziliense.com.br\/cbradar\/wp-content\/uploads\/2025\/12\/G-2025-12-13T231805.134-1024x576.png 1024w, https:\/\/www.correiobraziliense.com.br\/cbradar\/wp-content\/uploads\/2025\/12\/G-2025-12-13T231805.134-300x169.png 300w, https:\/\/www.correiobraziliense.com.br\/cbradar\/wp-content\/uploads\/2025\/12\/G-2025-12-13T231805.134-768x432.png 768w, https:\/\/www.correiobraziliense.com.br\/cbradar\/wp-content\/uploads\/2025\/12\/G-2025-12-13T231805.134-750x422.png 750w, https:\/\/www.correiobraziliense.com.br\/cbradar\/wp-content\/uploads\/2025\/12\/G-2025-12-13T231805.134-1140x641.png 1140w, https:\/\/www.correiobraziliense.com.br\/cbradar\/wp-content\/uploads\/2025\/12\/G-2025-12-13T231805.134.png 1280w\" sizes=\"(max-width: 1024px) 100vw, 1024px\" \/><figcaption class=\"wp-element-caption\">Planeje a visita incluindo Zoo, Jardim Bot\u00e2nico, Bas\u00edlica, Mercado Municipal e eventos sazonais como o Roteiro Gastron\u00f4mico em agosto. \/\/ Cr\u00e9ditos: Wikip\u00e9dia<\/figcaption><\/figure><\/div>\n\n\n<h2 class=\"wp-block-heading\">Como o clima trata quem mora em Americana?<\/h2>\n\n\n\n<p>O clima \u00e9 tropical de altitude, com 525 m acima do n\u00edvel do mar. Ver\u00f5es s\u00e3o quentes e chuvosos, e invernos secos com noites frescas.<\/p>\n\n\n\n<style>\n  \/* --- CONTAINER BLINDADO (PADR\u00c3O REGISTRADO) --- *\/\n  .clima-grid-final {\n    font-family: -apple-system, BlinkMacSystemFont, \"Segoe UI\", Roboto, Arial, sans-serif !important;\n    width: 100% !important;\n    max-width: 1200px !important;\n    margin: 20px auto !important;\n    display: grid !important;\n    \/* FOR\u00c7A 4 COLUNAS NO DESKTOP *\/\n    grid-template-columns: repeat(4, 1fr) !important; \n    gap: 15px !important;\n    box-sizing: border-box !important;\n  }\n\n  .clima-grid-final * {\n    box-sizing: border-box !important;\n  }\n\n  \/* --- BLINDAGEM CONTRA ADS E PLUGINS INTRUSOS --- *\/\n  .clima-grid-final > :not(.card-clima) {\n    display: none !important;\n    width: 0 !important;\n    height: 0 !important;\n    opacity: 0 !important;\n  }\n\n  \/* --- CARD PADR\u00c3O (LIMPO) --- *\/\n  .card-clima {\n    background: #ffffff !important;\n    border: 1px solid #eeeeee !important;\n    border-radius: 20px !important;\n    padding: 20px 10px !important;\n    text-align: center !important;\n    display: flex !important;\n    flex-direction: column !important;\n    align-items: center !important;\n    box-shadow: 0 4px 10px rgba(0, 0, 0, 0.05) !important;\n    min-width: 0 !important; \n    transition: transform 0.2s ease !important;\n    overflow: hidden !important;\n    height: 100% !important;\n  }\n\n  .card-clima:hover {\n    transform: translateY(-5px) !important;\n    border-color: #dddddd !important;\n  }\n\n  \/* --- CONTE\u00daDO --- *\/\n  .estacao-nome { \n    font-size: 14px !important; \n    font-weight: 800 !important; \n    color: #333333 !important; \n    text-transform: uppercase !important; \n    margin: 0 0 5px 0 !important; \n  }\n  \n  .estacao-meses { \n    font-size: 10px !important; \n    font-weight: 700 !important; \n    color: #666666 !important; \n    text-transform: uppercase !important; \n    margin-bottom: 15px !important; \n    display: block !important;\n  }\n  \n  .temp-valor { \n    font-size: 24px !important; \n    font-weight: 800 !important; \n    color: #222222 !important; \n    line-height: 1.1 !important; \n    margin: 0 !important;\n  }\n  \n  .temp-label { \n    font-size: 9px !important; \n    font-weight: 600 !important; \n    color: #888888 !important; \n    text-transform: uppercase !important; \n    margin-bottom: 15px !important; \n    display: block !important;\n  }\n  \n  .clima-desc { \n    font-size: 12px !important; \n    line-height: 1.4 !important; \n    color: #444444 !important; \n    margin-bottom: 15px !important; \n    flex-grow: 1 !important; \n  }\n\n  .tag-status {\n    background-color: #f5f5f5 !important;\n    border: 1px solid #e0e0e0 !important;\n    color: #555555 !important;\n    padding: 5px 12px !important;\n    border-radius: 20px !important;\n    font-size: 9px !important;\n    font-weight: 800 !important;\n    text-transform: uppercase !important;\n    margin-top: auto !important;\n  }\n\n  \/* --- RESPONSIVIDADE --- *\/\n  @media (max-width: 800px) {\n    .clima-grid-final {\n      grid-template-columns: 1fr !important; \n    }\n    .card-clima {\n      padding: 25px 20px !important;\n    }\n  }\n<\/style>\n\n<div class=\"google-auto-ads-ignore clima-grid-final\">\n  \n  <div class=\"card-clima\">\n    <div class=\"estacao-nome\">\u2600\ufe0f Ver\u00e3o<\/div>\n    <span class=\"estacao-meses\">Dez &#8211; Fev<\/span>\n    <div class=\"temp-valor\">20-32\u00b0C<\/div>\n    <span class=\"temp-label\">M\u00e9dia<\/span>\n    <div class=\"clima-desc\">Com as chuvas t\u00edpicas de tarde, o ideal \u00e9 aproveitar o <b>Jardim Bot\u00e2nico pela manh\u00e3<\/b> para caminhar e contemplar a flora local.<\/div>\n    <div class=\"tag-status\">\ud83c\udf33 Manh\u00e3s Sol<\/div>\n  <\/div>\n\n  <div class=\"card-clima\">\n    <div class=\"estacao-nome\">\ud83c\udf42 Outono<\/div>\n    <span class=\"estacao-meses\">Mar &#8211; Mai<\/span>\n    <div class=\"temp-valor\">16-28\u00b0C<\/div>\n    <span class=\"temp-label\">M\u00e9dia<\/span>\n    <div class=\"clima-desc\">As temperaturas mais amenas e o tempo est\u00e1vel s\u00e3o perfeitos para uma <b>caminhada na Avenida Brasil<\/b>, aproveitando o com\u00e9rcio.<\/div>\n    <div class=\"tag-status\">\ud83d\udc5f Urbano<\/div>\n  <\/div>\n\n  <div class=\"card-clima\">\n    <div class=\"estacao-nome\">\ud83e\udde3 Inverno<\/div>\n    <span class=\"estacao-meses\">Jun &#8211; Ago<\/span>\n    <div class=\"temp-valor\">10-25\u00b0C<\/div>\n    <span class=\"temp-label\">M\u00e9dia<\/span>\n    <div class=\"clima-desc\">Na esta\u00e7\u00e3o seca, a cidade vibra com a <b>Festa do Pe\u00e3o<\/b>; aproveite as noites frescas para conhecer as tradicionais <b>cantinas<\/b>.<\/div>\n    <div class=\"tag-status\">\ud83e\udd20 Eventos<\/div>\n  <\/div>\n\n  <div class=\"card-clima\">\n    <div class=\"estacao-nome\">\ud83c\udf38 Primavera<\/div>\n    <span class=\"estacao-meses\">Set &#8211; Nov<\/span>\n    <div class=\"temp-valor\">15-30\u00b0C<\/div>\n    <span class=\"temp-label\">M\u00e9dia<\/span>\n    <div class=\"clima-desc\">O florescer da esta\u00e7\u00e3o embeleza o <b>Parque Ecol\u00f3gico<\/b>; aproveite tamb\u00e9m para mergulhar na hist\u00f3ria visitando a <b>Vila Carioba<\/b>.<\/div>\n    <div class=\"tag-status\">\ud83c\udf37 Hist\u00f3ria<\/div>\n  <\/div>\n\n<\/div>\n\n\n\n<p><em>Temperaturas aproximadas com base no <a href=\"https:\/\/www.climatempo.com.br\/previsao-do-tempo\/cidade\/391\/americana-sp\" target=\"_blank\" rel=\"noreferrer noopener\"><strong>Climatempo<\/strong><\/a>. Condi\u00e7\u00f5es podem variar.<\/em><\/p>\n\n\n\n<h2 class=\"wp-block-heading\">Como chegar \u00e0 cidade saindo da capital?<\/h2>\n\n\n\n<p>Americana fica a 130 km de S\u00e3o Paulo pela <strong>Rodovia Anhanguera (SP-330)<\/strong>, cerca de 1h30 de carro. A <strong>Rodovia dos Bandeirantes (SP-348)<\/strong> \u00e9 a alternativa para quem vem da capital. O <strong>Aeroporto de Viracopos<\/strong>, em Campinas, fica a 30 km e opera voos nacionais e internacionais.<\/p>\n\n\n\n<h2 class=\"wp-block-heading\">Venha descobrir o interior que cresceu sem perder o ritmo<\/h2>\n\n\n\n<p><strong>Americana costurou uma hist\u00f3ria improv\u00e1vel<\/strong>: vila de refugiados sulistas que virou pot\u00eancia t\u00eaxtil e hoje vive a tranquilidade do interior com indicadores de pa\u00eds desenvolvido. Tudo isso a uma hora de Campinas e a noventa minutos da capital.<\/p>\n\n\n\n<p>Voc\u00ea precisa caminhar sob as palmeiras da Avenida Brasil para entender por que tanta gente troca a metr\u00f3pole pelo ritmo equilibrado da Princesa Tecel\u00e3.<\/p>\n","protected":false},"excerpt":{"rendered":"<p>A 130 km de S\u00e3o Paulo, Americana guarda a heran\u00e7a rara de fam\u00edlias sulistas dos Estados Unidos que cruzaram o Atl\u00e2ntico em 1866. A cidade da Regi\u00e3o Metropolitana de Campinas tem IDH de 0,811, acima dos 0,805 da capital. De vila dos confederados a Princesa Tecel\u00e3 Em 1866, o coronel William Hutchinson Norris, ex-senador do [&hellip;]<\/p>\n","protected":false},"author":8,"featured_media":184468,"comment_status":"open","ping_status":"open","sticky":false,"template":"","format":"standard","meta":{"_yoast_wpseo_focuskw":"Estados Unidos","_yoast_wpseo_title":"","_yoast_wpseo_metadesc":"A hist\u00f3ria da cidade \u201cAmericana\u201d come\u00e7a em 1866 com imigrantes dos Estados Unidos e hoje ela lidera em qualidade de moradia.","jnews-multi-image_gallery":[],"jnews_single_post":{"format":"standard"},"jnews_primary_category":[],"jnews_social_meta":[],"jnews_override_counter":[],"footnotes":""},"categories":[108,111],"post_tag":[12769,278],"class_list":["post-232743","post","type-post","status-publish","format-standard","has-post-thumbnail","hentry","category-cidades","category-turismo","tag-americana","tag-sao-paulo"],"yoast_head":"<!-- This site is optimized with the Yoast SEO plugin v24.6 - https:\/\/yoast.com\/wordpress\/plugins\/seo\/ -->\n<title>A cidade &quot;Americana&quot; do Brasil fundada por fam\u00edlias dos Estados Unidos que cruzaram o mar em 1866 est\u00e1 liderando em qualidade de vida - Correio Braziliense - Radar<\/title>\n<meta name=\"description\" content=\"A hist\u00f3ria da cidade \u201cAmericana\u201d come\u00e7a em 1866 com imigrantes dos Estados Unidos e hoje ela lidera em qualidade de moradia.\" \/>\n<meta name=\"robots\" content=\"index, follow, max-snippet:-1, max-image-preview:large, max-video-preview:-1\" \/>\n<link rel=\"canonical\" href=\"https:\/\/www.correiobraziliense.com.br\/cbradar\/a-cidade-americana-do-brasil-fundada-por-familias-dos-estados-unidos-que-cruzaram-o-mar-em-1866-esta-liderando-em-qualidade-de-vida\/\" \/>\n<meta property=\"og:locale\" content=\"pt_BR\" \/>\n<meta property=\"og:type\" content=\"article\" \/>\n<meta property=\"og:title\" content=\"A cidade &quot;Americana&quot; do Brasil fundada por fam\u00edlias dos Estados Unidos que cruzaram o mar em 1866 est\u00e1 liderando em qualidade de vida - Correio Braziliense - Radar\" \/>\n<meta property=\"og:description\" content=\"A hist\u00f3ria da cidade \u201cAmericana\u201d come\u00e7a em 1866 com imigrantes dos Estados Unidos e hoje ela lidera em qualidade de moradia.\" \/>\n<meta property=\"og:url\" content=\"https:\/\/www.correiobraziliense.com.br\/cbradar\/a-cidade-americana-do-brasil-fundada-por-familias-dos-estados-unidos-que-cruzaram-o-mar-em-1866-esta-liderando-em-qualidade-de-vida\/\" \/>\n<meta property=\"og:site_name\" content=\"Correio Braziliense - Radar\" \/>\n<meta property=\"article:published_time\" content=\"2026-04-27T18:25:00+00:00\" \/>\n<meta property=\"og:image\" content=\"https:\/\/www.correiobraziliense.com.br\/cbradar\/wp-content\/uploads\/2026\/01\/aaa-2026-01-30T044247.372.png\" \/>\n\t<meta property=\"og:image:width\" content=\"1280\" \/>\n\t<meta property=\"og:image:height\" content=\"720\" \/>\n\t<meta property=\"og:image:type\" content=\"image\/png\" \/>\n<meta name=\"author\" content=\"Maura Pereira\" \/>\n<meta name=\"twitter:card\" content=\"summary_large_image\" \/>\n<meta name=\"twitter:label1\" content=\"Escrito por\" \/>\n\t<meta name=\"twitter:data1\" content=\"Maura Pereira\" \/>\n\t<meta name=\"twitter:label2\" content=\"Est. tempo de leitura\" \/>\n\t<meta name=\"twitter:data2\" content=\"7 minutos\" \/>\n<!-- \/ Yoast SEO plugin. -->","yoast_head_json":{"title":"A cidade \"Americana\" do Brasil fundada por fam\u00edlias dos Estados Unidos que cruzaram o mar em 1866 est\u00e1 liderando em qualidade de vida - Correio Braziliense - Radar","description":"A hist\u00f3ria da cidade \u201cAmericana\u201d come\u00e7a em 1866 com imigrantes dos Estados Unidos e hoje ela lidera em qualidade de moradia.","robots":{"index":"index","follow":"follow","max-snippet":"max-snippet:-1","max-image-preview":"max-image-preview:large","max-video-preview":"max-video-preview:-1"},"canonical":"https:\/\/www.correiobraziliense.com.br\/cbradar\/a-cidade-americana-do-brasil-fundada-por-familias-dos-estados-unidos-que-cruzaram-o-mar-em-1866-esta-liderando-em-qualidade-de-vida\/","og_locale":"pt_BR","og_type":"article","og_title":"A cidade \"Americana\" do Brasil fundada por fam\u00edlias dos Estados Unidos que cruzaram o mar em 1866 est\u00e1 liderando em qualidade de vida - Correio Braziliense - Radar","og_description":"A hist\u00f3ria da cidade \u201cAmericana\u201d come\u00e7a em 1866 com imigrantes dos Estados Unidos e hoje ela lidera em qualidade de moradia.","og_url":"https:\/\/www.correiobraziliense.com.br\/cbradar\/a-cidade-americana-do-brasil-fundada-por-familias-dos-estados-unidos-que-cruzaram-o-mar-em-1866-esta-liderando-em-qualidade-de-vida\/","og_site_name":"Correio Braziliense - Radar","article_published_time":"2026-04-27T18:25:00+00:00","og_image":[{"width":1280,"height":720,"url":"https:\/\/www.correiobraziliense.com.br\/cbradar\/wp-content\/uploads\/2026\/01\/aaa-2026-01-30T044247.372.png","type":"image\/png"}],"author":"Maura Pereira","twitter_card":"summary_large_image","twitter_misc":{"Escrito por":"Maura Pereira","Est. tempo de leitura":"7 minutos"},"schema":{"@context":"https:\/\/schema.org","@graph":[{"@type":"WebPage","@id":"https:\/\/www.correiobraziliense.com.br\/cbradar\/a-cidade-americana-do-brasil-fundada-por-familias-dos-estados-unidos-que-cruzaram-o-mar-em-1866-esta-liderando-em-qualidade-de-vida\/","url":"https:\/\/www.correiobraziliense.com.br\/cbradar\/a-cidade-americana-do-brasil-fundada-por-familias-dos-estados-unidos-que-cruzaram-o-mar-em-1866-esta-liderando-em-qualidade-de-vida\/","name":"A cidade \"Americana\" do Brasil fundada por fam\u00edlias dos Estados Unidos que cruzaram o mar em 1866 est\u00e1 liderando em qualidade de vida - Correio Braziliense - Radar","isPartOf":{"@id":"https:\/\/www.correiobraziliense.com.br\/cbradar\/#website"},"primaryImageOfPage":{"@id":"https:\/\/www.correiobraziliense.com.br\/cbradar\/a-cidade-americana-do-brasil-fundada-por-familias-dos-estados-unidos-que-cruzaram-o-mar-em-1866-esta-liderando-em-qualidade-de-vida\/#primaryimage"},"image":{"@id":"https:\/\/www.correiobraziliense.com.br\/cbradar\/a-cidade-americana-do-brasil-fundada-por-familias-dos-estados-unidos-que-cruzaram-o-mar-em-1866-esta-liderando-em-qualidade-de-vida\/#primaryimage"},"thumbnailUrl":"https:\/\/www.correiobraziliense.com.br\/cbradar\/wp-content\/uploads\/2026\/01\/aaa-2026-01-30T044247.372.png","datePublished":"2026-04-27T18:25:00+00:00","author":{"@id":"https:\/\/www.correiobraziliense.com.br\/cbradar\/#\/schema\/person\/4053c651a9bfc785afc6f4cbc9032fd3"},"description":"A hist\u00f3ria da cidade \u201cAmericana\u201d come\u00e7a em 1866 com imigrantes dos Estados Unidos e hoje ela lidera em qualidade de moradia.","breadcrumb":{"@id":"https:\/\/www.correiobraziliense.com.br\/cbradar\/a-cidade-americana-do-brasil-fundada-por-familias-dos-estados-unidos-que-cruzaram-o-mar-em-1866-esta-liderando-em-qualidade-de-vida\/#breadcrumb"},"inLanguage":"pt-BR","potentialAction":[{"@type":"ReadAction","target":["https:\/\/www.correiobraziliense.com.br\/cbradar\/a-cidade-americana-do-brasil-fundada-por-familias-dos-estados-unidos-que-cruzaram-o-mar-em-1866-esta-liderando-em-qualidade-de-vida\/"]}]},{"@type":"ImageObject","inLanguage":"pt-BR","@id":"https:\/\/www.correiobraziliense.com.br\/cbradar\/a-cidade-americana-do-brasil-fundada-por-familias-dos-estados-unidos-que-cruzaram-o-mar-em-1866-esta-liderando-em-qualidade-de-vida\/#primaryimage","url":"https:\/\/www.correiobraziliense.com.br\/cbradar\/wp-content\/uploads\/2026\/01\/aaa-2026-01-30T044247.372.png","contentUrl":"https:\/\/www.correiobraziliense.com.br\/cbradar\/wp-content\/uploads\/2026\/01\/aaa-2026-01-30T044247.372.png","width":1280,"height":720,"caption":"A cidade desenvolveu um dos maiores polos t\u00eaxteis da Am\u00e9rica Latina, especializando-se em tecidos de fibras artificiais e sint\u00e9ticas. \/ Imagem ilustrativa"},{"@type":"BreadcrumbList","@id":"https:\/\/www.correiobraziliense.com.br\/cbradar\/a-cidade-americana-do-brasil-fundada-por-familias-dos-estados-unidos-que-cruzaram-o-mar-em-1866-esta-liderando-em-qualidade-de-vida\/#breadcrumb","itemListElement":[{"@type":"ListItem","position":1,"name":"In\u00edcio","item":"https:\/\/www.correiobraziliense.com.br\/cbradar\/"},{"@type":"ListItem","position":2,"name":"A cidade &#8220;Americana&#8221; do Brasil fundada por fam\u00edlias dos Estados Unidos que cruzaram o mar em 1866 est\u00e1 liderando em qualidade de vida"}]},{"@type":"WebSite","@id":"https:\/\/www.correiobraziliense.com.br\/cbradar\/#website","url":"https:\/\/www.correiobraziliense.com.br\/cbradar\/","name":"Correio Braziliense - Radar","description":"Acompanhe as \u00faltimas not\u00edcias e fique bem informado sobre tudo o que acontece no Brasil e no mundo.","potentialAction":[{"@type":"SearchAction","target":{"@type":"EntryPoint","urlTemplate":"https:\/\/www.correiobraziliense.com.br\/cbradar\/?s={search_term_string}"},"query-input":{"@type":"PropertyValueSpecification","valueRequired":true,"valueName":"search_term_string"}}],"inLanguage":"pt-BR"},{"@type":"Person","@id":"https:\/\/www.correiobraziliense.com.br\/cbradar\/#\/schema\/person\/4053c651a9bfc785afc6f4cbc9032fd3","name":"Maura Pereira","image":{"@type":"ImageObject","inLanguage":"pt-BR","@id":"https:\/\/www.correiobraziliense.com.br\/cbradar\/#\/schema\/person\/image\/","url":"https:\/\/secure.gravatar.com\/avatar\/3effd6bdadfa447f15089c7f7144eaa6?s=96&d=mm&r=g","contentUrl":"https:\/\/secure.gravatar.com\/avatar\/3effd6bdadfa447f15089c7f7144eaa6?s=96&d=mm&r=g","caption":"Maura Pereira"},"sameAs":["https:\/\/www.correiobraziliense.com.br\/"],"url":"https:\/\/www.correiobraziliense.com.br\/cbradar\/author\/mauramyth\/"}]}},"_links":{"self":[{"href":"https:\/\/www.correiobraziliense.com.br\/cbradar\/wp-json\/wp\/v2\/posts\/232743","targetHints":{"allow":["GET"]}}],"collection":[{"href":"https:\/\/www.correiobraziliense.com.br\/cbradar\/wp-json\/wp\/v2\/posts"}],"about":[{"href":"https:\/\/www.correiobraziliense.com.br\/cbradar\/wp-json\/wp\/v2\/types\/post"}],"author":[{"embeddable":true,"href":"https:\/\/www.correiobraziliense.com.br\/cbradar\/wp-json\/wp\/v2\/users\/8"}],"replies":[{"embeddable":true,"href":"https:\/\/www.correiobraziliense.com.br\/cbradar\/wp-json\/wp\/v2\/comments?post=232743"}],"version-history":[{"count":10,"href":"https:\/\/www.correiobraziliense.com.br\/cbradar\/wp-json\/wp\/v2\/posts\/232743\/revisions"}],"predecessor-version":[{"id":232888,"href":"https:\/\/www.correiobraziliense.com.br\/cbradar\/wp-json\/wp\/v2\/posts\/232743\/revisions\/232888"}],"wp:featuredmedia":[{"embeddable":true,"href":"https:\/\/www.correiobraziliense.com.br\/cbradar\/wp-json\/wp\/v2\/media\/184468"}],"wp:attachment":[{"href":"https:\/\/www.correiobraziliense.com.br\/cbradar\/wp-json\/wp\/v2\/media?parent=232743"}],"wp:term":[{"taxonomy":"category","embeddable":true,"href":"https:\/\/www.correiobraziliense.com.br\/cbradar\/wp-json\/wp\/v2\/categories?post=232743"},{"taxonomy":"post_tag","embeddable":true,"href":"https:\/\/www.correiobraziliense.com.br\/cbradar\/wp-json\/wp\/v2\/post_tag?post=232743"}],"curies":[{"name":"wp","href":"https:\/\/api.w.org\/{rel}","templated":true}]}}