{"id":232744,"date":"2026-04-27T19:15:00","date_gmt":"2026-04-27T22:15:00","guid":{"rendered":"https:\/\/www.correiobraziliense.com.br\/cbradar\/?p=232744"},"modified":"2026-04-27T02:13:17","modified_gmt":"2026-04-27T05:13:17","slug":"o-caribe-brasileiro-com-40-km-de-praias-e-piscinas-naturais-sobre-a-maior-area-de-corais-do-pais","status":"publish","type":"post","link":"https:\/\/www.correiobraziliense.com.br\/cbradar\/o-caribe-brasileiro-com-40-km-de-praias-e-piscinas-naturais-sobre-a-maior-area-de-corais-do-pais\/","title":{"rendered":"O Caribe brasileiro com 40 km de praias e piscinas naturais sobre a maior \u00e1rea de corais do pa\u00eds"},"content":{"rendered":"\n<p>O mar verde-esmeralda aparece antes mesmo de o avi\u00e3o pousar em <strong>Macei\u00f3<\/strong>. A capital de <strong>Alagoas<\/strong> distribui ao longo da orla recifes que formam piscinas naturais a 2 km da areia, dentro da maior unidade de conserva\u00e7\u00e3o marinha federal do <strong>Brasil<\/strong>.<\/p>\n\n\n\n<h2 class=\"wp-block-heading\">Por que Macei\u00f3 \u00e9 chamada de Caribe brasileiro?<\/h2>\n\n\n\n<p>O litoral inteiro da cidade est\u00e1 dentro da <a href=\"https:\/\/www4.icmbio.gov.br\/apacostadoscorais\/\" target=\"_blank\" rel=\"noreferrer noopener\"><strong>\u00c1rea de Prote\u00e7\u00e3o Ambiental Costa dos Corais<\/strong><\/a>, criada em 23 de outubro de 1997 e gerida pelo <strong>Instituto Chico Mendes de Conserva\u00e7\u00e3o da Biodiversidade (ICMBio)<\/strong>. A unidade tem 120 km de praias entre Alagoas e <strong>Pernambuco<\/strong>.<\/p>\n\n\n\n<p>Em 2025, o governo federal ampliou a APA para <a href=\"https:\/\/www.gov.br\/mma\/pt-br\/noticias\/maior-unidade-de-conservacao-marinha-do-pais-e-ampliada-pelo-governo-federal\" target=\"_blank\" rel=\"noreferrer noopener\"><strong>495.084 hectares<\/strong><\/a>, segundo o <strong>Minist\u00e9rio do Meio Ambiente<\/strong>. A barreira de corais reduz a for\u00e7a das ondas, mant\u00e9m a \u00e1gua rasa e transparente e cria condi\u00e7\u00f5es para que peixes coloridos circulem a poucos metros da areia.<\/p>\n\n\n<div class=\"wp-block-image\">\n<figure class=\"aligncenter size-large\"><img decoding=\"async\" width=\"1024\" height=\"576\" src=\"https:\/\/www.correiobraziliense.com.br\/cbradar\/wp-content\/uploads\/2025\/02\/Maceio_1739489209370-1024x576.jpg\" alt=\"A cidade mais vendida do Brasil lidera o ranking de destinos mais procurados e tem piscinas naturais a 20 minutos da orla urbana\" class=\"wp-image-2390\" srcset=\"https:\/\/www.correiobraziliense.com.br\/cbradar\/wp-content\/uploads\/2025\/02\/Maceio_1739489209370-1024x576.jpg 1024w, https:\/\/www.correiobraziliense.com.br\/cbradar\/wp-content\/uploads\/2025\/02\/Maceio_1739489209370-300x169.jpg 300w, https:\/\/www.correiobraziliense.com.br\/cbradar\/wp-content\/uploads\/2025\/02\/Maceio_1739489209370-768x432.jpg 768w, https:\/\/www.correiobraziliense.com.br\/cbradar\/wp-content\/uploads\/2025\/02\/Maceio_1739489209370-750x422.jpg 750w, https:\/\/www.correiobraziliense.com.br\/cbradar\/wp-content\/uploads\/2025\/02\/Maceio_1739489209370-1140x641.jpg 1140w, https:\/\/www.correiobraziliense.com.br\/cbradar\/wp-content\/uploads\/2025\/02\/Maceio_1739489209370.jpg 1280w\" sizes=\"(max-width: 1024px) 100vw, 1024px\" \/><figcaption class=\"wp-element-caption\">Macei\u00f3, capital de Alagoas, destaca-se pelo turismo, belas praias e rica cultura local. \/\/ Cr\u00e9ditos: depositphotos.com \/ Cristian_Lourenco<\/figcaption><\/figure><\/div>\n\n\n<h2 class=\"wp-block-heading\">Como \u00e9 o passeio \u00e0s piscinas naturais de Paju\u00e7ara?<\/h2>\n\n\n\n<p>O passeio mais tradicional de Macei\u00f3 come\u00e7a na <strong>Praia de Paju\u00e7ara<\/strong>. Jangadas coloridas partem da orla e levam cerca de 20 minutos at\u00e9 um banco de areia a 2 km da costa, onde o mar vira piscina rasa cristalina.<\/p>\n\n\n\n<p>O programa s\u00f3 funciona em mar\u00e9 baixa. Antes de embarcar, o visitante consulta a t\u00e1bua de mar\u00e9s e prefere \u00edndices abaixo de 0,5 m. No banco, jangadas servem bebidas e petiscos, e o aluguel de m\u00e1scara permite mergulhar entre os peixes-sargento e os corais.<\/p>\n\n\n\n<p>Macei\u00f3 \u00e9 um dos destinos mais procurados do Nordeste, e este guia do canal <strong>Partiu de F\u00e9rias<\/strong> oferece um panorama completo com mais de 50 dicas pr\u00e1ticas, focando em passeios, gastronomia e custos atualizados.<\/p>\n\n\n\n<figure class=\"wp-block-embed aligncenter is-type-video is-provider-youtube wp-block-embed-youtube wp-embed-aspect-16-9 wp-has-aspect-ratio\"><div class=\"wp-block-embed__wrapper\">\n<div class=\"jeg_video_container jeg_video_content\"><iframe loading=\"lazy\" title=\"MACEI\u00d3: 60 Dicas de quem mora aqui com PRE\u00c7OS ATUALIZADOS! \ud83c\udf34\" width=\"500\" height=\"281\" src=\"https:\/\/www.youtube.com\/embed\/k5t2dUX2nwk?feature=oembed\" frameborder=\"0\" allow=\"accelerometer; autoplay; clipboard-write; encrypted-media; gyroscope; picture-in-picture; web-share\" referrerpolicy=\"strict-origin-when-cross-origin\" allowfullscreen><\/iframe><\/div>\n<\/div><\/figure>\n\n\n\n<h2 class=\"wp-block-heading\">Que praias urbanas merecem o dia inteiro?<\/h2>\n\n\n\n<p><strong>A orla emenda tr\u00eas bairros:<\/strong> Paju\u00e7ara, Ponta Verde e Jati\u00faca. Cada uma tem perfil pr\u00f3prio, e o cal\u00e7ad\u00e3o arborizado permite caminhar entre elas.<\/p>\n\n\n\n<ul class=\"wp-block-list\">\n<li><strong>Paju\u00e7ara<\/strong>: ponto de partida das jangadas, com mar calmo, feirinha de artesanato e barracas que servem caldinho de sururu e camar\u00e3o.<\/li>\n\n\n\n<li><strong>Ponta Verde<\/strong>: trecho mais nobre, com o famoso letreiro da cidade e o <strong>Caminho de Mois\u00e9s<\/strong>, banco de areia que aparece na mar\u00e9 baixa e permite caminhar sobre o mar.<\/li>\n\n\n\n<li><strong>Jati\u00faca<\/strong>: ondas mais fortes, atrai surfistas e tem \u00f3tima estrutura de bares e restaurantes na orla.<\/li>\n\n\n\n<li><strong>Praia da Sereia<\/strong>: j\u00e1 no litoral norte, mais tranquila, com a ic\u00f4nica escultura da sereia e barreira natural de pedras.<\/li>\n\n\n\n<li><strong>Marco dos Corais<\/strong>: pra\u00e7a suspensa sobre o mar inaugurada em 2022, ideal para o p\u00f4r do sol em frente ao porto.<\/li>\n<\/ul>\n\n\n\n<h2 class=\"wp-block-heading\">O que conhecer fora da areia?<\/h2>\n\n\n\n<p><strong>O lado cultural e hist\u00f3rico da capital alagoana fica concentrado em alguns bairros tradicionais.<\/strong> As atra\u00e7\u00f5es ficam pr\u00f3ximas e cabem em um dia de roteiro.<\/p>\n\n\n\n<ul class=\"wp-block-list\">\n<li><strong>Pontal da Barra<\/strong>: bairro \u00e0s margens da <strong>Lagoa Munda\u00fa<\/strong>, reduto das filezeiras que produzem a renda fil\u00e9 com agulhas de redes de pescar.<\/li>\n\n\n\n<li><strong>Lagoa Munda\u00fa<\/strong>: passeios de barco entre nove ilhas e vilas de pescadores, com o p\u00f4r do sol mais fotografado da cidade.<\/li>\n\n\n\n<li><strong>Catedral Metropolitana de Macei\u00f3<\/strong>: pedra fundamental lan\u00e7ada em 1840, frequentada por <strong>Dom Pedro II<\/strong> em visitas a Alagoas.<\/li>\n\n\n\n<li><strong>Bairro de Jaragu\u00e1<\/strong>: bairro portu\u00e1rio com casar\u00f5es do in\u00edcio do s\u00e9culo XX e arquitetura colonial preservada.<\/li>\n\n\n\n<li><strong>Mirante S\u00e3o Gon\u00e7alo<\/strong>: vista de Paju\u00e7ara, Ponta Verde e do centro hist\u00f3rico, na simp\u00e1tica Pra\u00e7a Rosalvo Ribeiro.<\/li>\n<\/ul>\n\n\n<div class=\"wp-block-image\">\n<figure class=\"aligncenter size-large\"><img decoding=\"async\" width=\"1024\" height=\"576\" src=\"https:\/\/www.correiobraziliense.com.br\/cbradar\/wp-content\/uploads\/2025\/02\/Maceio_1739489159811-1024x576.jpg\" alt=\"A cidade mais vendida do Brasil lidera o ranking de destinos mais procurados e tem piscinas naturais a 20 minutos da orla urbana\" class=\"wp-image-2389\" srcset=\"https:\/\/www.correiobraziliense.com.br\/cbradar\/wp-content\/uploads\/2025\/02\/Maceio_1739489159811-1024x576.jpg 1024w, https:\/\/www.correiobraziliense.com.br\/cbradar\/wp-content\/uploads\/2025\/02\/Maceio_1739489159811-300x169.jpg 300w, https:\/\/www.correiobraziliense.com.br\/cbradar\/wp-content\/uploads\/2025\/02\/Maceio_1739489159811-768x432.jpg 768w, https:\/\/www.correiobraziliense.com.br\/cbradar\/wp-content\/uploads\/2025\/02\/Maceio_1739489159811-750x422.jpg 750w, https:\/\/www.correiobraziliense.com.br\/cbradar\/wp-content\/uploads\/2025\/02\/Maceio_1739489159811-1140x641.jpg 1140w, https:\/\/www.correiobraziliense.com.br\/cbradar\/wp-content\/uploads\/2025\/02\/Maceio_1739489159811.jpg 1280w\" sizes=\"(max-width: 1024px) 100vw, 1024px\" \/><figcaption class=\"wp-element-caption\">Macei\u00f3 \u00e9 um destino cheio de beleza natural, festas animadas e comida deliciosa. \/\/ Cr\u00e9ditos: depositphotos.com \/ rosarenan@hotmail.com<\/figcaption><\/figure><\/div>\n\n\n<h2 class=\"wp-block-heading\">O que comer na cozinha alagoana?<\/h2>\n\n\n\n<p><strong>A gastronomia local nasce das lagoas Munda\u00fa e Manguaba e dos recifes da costa. <\/strong>Os pratos misturam frutos do mar, leite de coco e tradi\u00e7\u00e3o interiorana.<\/p>\n\n\n\n<ul class=\"wp-block-list\">\n<li><strong>Sururu de Capote<\/strong>: molusco retirado das lagoas, servido cozido no caldo ou com leite de coco. \u00c9 o prato mais emblem\u00e1tico da cozinha alagoana.<\/li>\n\n\n\n<li><strong>Chiclete de camar\u00e3o<\/strong>: cria\u00e7\u00e3o local com camar\u00f5es envolvidos em queijo derretido, servida em barracas e restaurantes da orla.<\/li>\n\n\n\n<li><strong>Moqueca de peixe<\/strong>: cl\u00e1ssico de frutos do mar com leite de coco e dend\u00ea, presen\u00e7a constante nos card\u00e1pios \u00e0 beira-mar.<\/li>\n\n\n\n<li><strong>Tapioca recheada<\/strong>: do queijo coalho \u00e0 carne de sol, vendida em barracas espalhadas pela orla.<\/li>\n<\/ul>\n\n\n\n<p><strong>Leia tamb\u00e9m: <a href=\"https:\/\/www.correiobraziliense.com.br\/cbradar\/a-gramado-mineira-encanta-com-uma-vila-a-1-500m-de-altitude-onde-casinhas-coloridas-simples-neblina-e-a-lareira-ditam-o-ritmo\/\" target=\"_blank\" rel=\"noreferrer noopener\">A &#8220;Gramado Mineira&#8221; encanta com uma vila a 1.500m de altitude onde casinhas coloridas simples, neblina e a lareira ditam o ritmo.<\/a><\/strong><\/p>\n\n\n\n<h2 class=\"wp-block-heading\">Qual a melhor \u00e9poca para conhecer a capital?<\/h2>\n\n\n\n<p><strong>O calor \u00e9 constante o ano todo, mas a transpar\u00eancia do mar muda com o regime de chuvas. <\/strong>A mar\u00e9 baixa tamb\u00e9m dita os melhores dias para o passeio \u00e0s piscinas.<\/p>\n\n\n\n<style>\n  \/* --- CONTAINER BLINDADO (PADR\u00c3O REGISTRADO) --- *\/\n  .clima-grid-final {\n    font-family: -apple-system, BlinkMacSystemFont, \"Segoe UI\", Roboto, Arial, sans-serif !important;\n    width: 100% !important;\n    max-width: 1200px !important;\n    margin: 20px auto !important;\n    display: grid !important;\n    \/* FOR\u00c7A 4 COLUNAS NO DESKTOP *\/\n    grid-template-columns: repeat(4, 1fr) !important; \n    gap: 15px !important;\n    box-sizing: border-box !important;\n  }\n\n  .clima-grid-final * {\n    box-sizing: border-box !important;\n  }\n\n  \/* --- BLINDAGEM CONTRA ADS E PLUGINS INTRUSOS --- *\/\n  .clima-grid-final > :not(.card-clima) {\n    display: none !important;\n    width: 0 !important;\n    height: 0 !important;\n    opacity: 0 !important;\n  }\n\n  \/* --- CARD PADR\u00c3O (ESTILO SOLICITADO) --- *\/\n  .card-clima {\n    background: #ffffff !important;\n    border: 1px solid #eeeeee !important;\n    border-radius: 20px !important;\n    padding: 20px 10px !important;\n    text-align: center !important;\n    display: flex !important;\n    flex-direction: column !important;\n    align-items: center !important;\n    box-shadow: 0 4px 10px rgba(0, 0, 0, 0.05) !important;\n    min-width: 0 !important; \n    transition: transform 0.2s ease !important;\n    overflow: hidden !important;\n    height: 100% !important;\n  }\n\n  .card-clima:hover {\n    transform: translateY(-5px) !important;\n    border-color: #dddddd !important;\n  }\n\n  \/* --- CONTE\u00daDO --- *\/\n  .estacao-nome { \n    font-size: 14px !important; \n    font-weight: 800 !important; \n    color: #333333 !important; \n    text-transform: uppercase !important; \n    margin: 0 0 5px 0 !important; \n  }\n  \n  .estacao-meses { \n    font-size: 10px !important; \n    font-weight: 700 !important; \n    color: #666666 !important; \n    text-transform: uppercase !important; \n    margin-bottom: 15px !important; \n    display: block !important;\n  }\n  \n  .temp-valor { \n    font-size: 24px !important; \n    font-weight: 800 !important; \n    color: #222222 !important; \n    line-height: 1.1 !important; \n    margin: 0 !important;\n  }\n  \n  .temp-label { \n    font-size: 9px !important; \n    font-weight: 600 !important; \n    color: #888888 !important; \n    text-transform: uppercase !important; \n    margin-bottom: 15px !important; \n    display: block !important;\n  }\n  \n  .clima-desc { \n    font-size: 12px !important; \n    line-height: 1.4 !important; \n    color: #444444 !important; \n    margin-bottom: 15px !important; \n    flex-grow: 1 !important; \n  }\n\n  .tag-status {\n    background-color: #f5f5f5 !important;\n    border: 1px solid #e0e0e0 !important;\n    color: #555555 !important;\n    padding: 5px 12px !important;\n    border-radius: 20px !important;\n    font-size: 9px !important;\n    font-weight: 800 !important;\n    text-transform: uppercase !important;\n    margin-top: auto !important;\n  }\n\n  \/* --- RESPONSIVIDADE --- *\/\n  @media (max-width: 800px) {\n    .clima-grid-final {\n      grid-template-columns: 1fr !important; \n    }\n    .card-clima {\n      padding: 25px 20px !important;\n    }\n  }\n<\/style>\n\n<div class=\"google-auto-ads-ignore clima-grid-final\">\n  \n  <div class=\"card-clima\">\n    <div class=\"estacao-nome\">\u2600\ufe0f Ver\u00e3o<\/div>\n    <span class=\"estacao-meses\">Dez &#8211; Fev<\/span>\n    <div class=\"temp-valor\">24-31\u00b0C<\/div>\n    <span class=\"temp-label\">M\u00e9dia<\/span>\n    <div class=\"clima-desc\">Com o tempo firme e chuvas baixas, o per\u00edodo \u00e9 perfeito para explorar as <b>piscinas naturais cristalinas<\/b> e curtir o mar calmo.<\/div>\n    <div class=\"tag-status\">\ud83c\udf0a \u00c1guas Claras<\/div>\n  <\/div>\n\n  <div class=\"card-clima\">\n    <div class=\"estacao-nome\">\ud83c\udf42 Outono<\/div>\n    <span class=\"estacao-meses\">Mar &#8211; Mai<\/span>\n    <div class=\"temp-valor\">23-30\u00b0C<\/div>\n    <span class=\"temp-label\">M\u00e9dia<\/span>\n    <div class=\"clima-desc\">O aumento das chuvas convida a roteiros culturais; aproveite para conhecer o <b>centro hist\u00f3rico<\/b> e mergulhar na rica <b>gastronomia<\/b> local.<\/div>\n    <div class=\"tag-status\">\ud83c\udfdb\ufe0f Cultura<\/div>\n  <\/div>\n\n  <div class=\"card-clima\">\n    <div class=\"estacao-nome\">\ud83e\udde3 Inverno<\/div>\n    <span class=\"estacao-meses\">Jun &#8211; Ago<\/span>\n    <div class=\"temp-valor\">22-28\u00b0C<\/div>\n    <span class=\"temp-label\">M\u00e9dia<\/span>\n    <div class=\"clima-desc\">Mesmo com chuvas altas, as temperaturas seguem agrad\u00e1veis para passeios na <b>Lagoa Munda\u00fa<\/b> e visitas aos diversos <b>museus<\/b> da regi\u00e3o.<\/div>\n    <div class=\"tag-status\">\ud83d\udef6 Lagoas<\/div>\n  <\/div>\n\n  <div class=\"card-clima\">\n    <div class=\"estacao-nome\">\ud83c\udf38 Primavera<\/div>\n    <span class=\"estacao-meses\">Set &#8211; Nov<\/span>\n    <div class=\"temp-valor\">23-30\u00b0C<\/div>\n    <span class=\"temp-label\">M\u00e9dia<\/span>\n    <div class=\"clima-desc\">A volta do tempo seco \u00e9 ideal para circular pela <b>orla<\/b> urbana e realizar <b>mergulhos guiados<\/b> para observar a vida marinha.<\/div>\n    <div class=\"tag-status\">\ud83e\udd3f Mergulho<\/div>\n  <\/div>\n\n<\/div>\n\n\n\n<p><em>Temperaturas aproximadas com base no <a href=\"https:\/\/www.climatempo.com.br\/previsao-do-tempo\/cidade\/8\/maceio-al\" target=\"_blank\" rel=\"noreferrer noopener\"><strong>Climatempo<\/strong><\/a>. Condi\u00e7\u00f5es podem variar.<\/em><\/p>\n\n\n<div class=\"wp-block-image\">\n<figure class=\"aligncenter size-large\"><img decoding=\"async\" width=\"1024\" height=\"576\" src=\"https:\/\/www.correiobraziliense.com.br\/cbradar\/wp-content\/uploads\/2025\/07\/Maceio_1752730955774-1024x576.jpg\" alt=\"O \u201cCaribe brasileiro\u201d est\u00e1 liderando o turismo no Nordeste com praias de \u00e1guas cristalinas e orla moderna\" class=\"wp-image-70992\" srcset=\"https:\/\/www.correiobraziliense.com.br\/cbradar\/wp-content\/uploads\/2025\/07\/Maceio_1752730955774-1024x576.jpg 1024w, https:\/\/www.correiobraziliense.com.br\/cbradar\/wp-content\/uploads\/2025\/07\/Maceio_1752730955774-300x169.jpg 300w, https:\/\/www.correiobraziliense.com.br\/cbradar\/wp-content\/uploads\/2025\/07\/Maceio_1752730955774-768x432.jpg 768w, https:\/\/www.correiobraziliense.com.br\/cbradar\/wp-content\/uploads\/2025\/07\/Maceio_1752730955774-750x422.jpg 750w, https:\/\/www.correiobraziliense.com.br\/cbradar\/wp-content\/uploads\/2025\/07\/Maceio_1752730955774-1140x641.jpg 1140w, https:\/\/www.correiobraziliense.com.br\/cbradar\/wp-content\/uploads\/2025\/07\/Maceio_1752730955774.jpg 1280w\" sizes=\"(max-width: 1024px) 100vw, 1024px\" \/><figcaption class=\"wp-element-caption\">Macei\u00f3, capital de Alagoas, destaca-se pelas praias paradis\u00edacas e rica cultura local. \/\/ Cr\u00e9ditos: depositphotos.com \/ Cristian_Lourenco<\/figcaption><\/figure><\/div>\n\n\n<h2 class=\"wp-block-heading\">Como chegar \u00e0 capital alagoana?<\/h2>\n\n\n\n<p>O <strong>Aeroporto Internacional Zumbi dos Palmares<\/strong> recebe voos de todo o pa\u00eds e fica a cerca de 30 minutos da orla. Quem vem de carro pelo nordeste usa a <strong>BR-101<\/strong> e a <strong>AL-101<\/strong>, principais acessos ao litoral. <strong>Recife<\/strong> est\u00e1 a 260 km, e <strong>Aracaju<\/strong>, a 272 km.<\/p>\n\n\n\n<h2 class=\"wp-block-heading\">Mergulhe no Caribe que cabe no Brasil<\/h2>\n\n\n\n<p><strong>Macei\u00f3 re\u00fane o que raramente se encontra junto: <\/strong>piscinas naturais a poucos metros da orla, uma lagoa cheia de tradi\u00e7\u00f5es e uma cozinha que transforma moluscos humildes em patrim\u00f4nio. Tudo dentro da maior reserva marinha do pa\u00eds.<\/p>\n\n\n\n<p>Voc\u00ea precisa subir numa jangada na Paju\u00e7ara e descobrir por que o mar daqui parece pintado a aquarela.<\/p>\n","protected":false},"excerpt":{"rendered":"<p>O mar verde-esmeralda aparece antes mesmo de o avi\u00e3o pousar em Macei\u00f3. A capital de Alagoas distribui ao longo da orla recifes que formam piscinas naturais a 2 km da areia, dentro da maior unidade de conserva\u00e7\u00e3o marinha federal do Brasil. Por que Macei\u00f3 \u00e9 chamada de Caribe brasileiro? O litoral inteiro da cidade est\u00e1 [&hellip;]<\/p>\n","protected":false},"author":8,"featured_media":232895,"comment_status":"open","ping_status":"open","sticky":false,"template":"","format":"standard","meta":{"_yoast_wpseo_focuskw":"Caribe brasileiro","_yoast_wpseo_title":"","_yoast_wpseo_metadesc":"Com 40 km de praias e piscinas naturais, o Caribe brasileiro se estende sobre a maior \u00e1rea de corais do pa\u00eds.","jnews-multi-image_gallery":[],"jnews_single_post":{"format":"standard"},"jnews_primary_category":[],"jnews_social_meta":[],"jnews_override_counter":[],"footnotes":""},"categories":[108,111],"post_tag":[2815,666],"class_list":["post-232744","post","type-post","status-publish","format-standard","has-post-thumbnail","hentry","category-cidades","category-turismo","tag-alagoas","tag-maceio"],"yoast_head":"<!-- This site is optimized with the Yoast SEO plugin v24.6 - https:\/\/yoast.com\/wordpress\/plugins\/seo\/ -->\n<title>O Caribe brasileiro com 40 km de praias e piscinas naturais sobre a maior \u00e1rea de corais do pa\u00eds - Correio Braziliense - Radar<\/title>\n<meta name=\"description\" content=\"Com 40 km de praias e piscinas naturais, o Caribe brasileiro se estende sobre a maior \u00e1rea de corais do pa\u00eds.\" \/>\n<meta name=\"robots\" content=\"index, follow, max-snippet:-1, max-image-preview:large, max-video-preview:-1\" \/>\n<link rel=\"canonical\" href=\"https:\/\/www.correiobraziliense.com.br\/cbradar\/o-caribe-brasileiro-com-40-km-de-praias-e-piscinas-naturais-sobre-a-maior-area-de-corais-do-pais\/\" \/>\n<meta property=\"og:locale\" content=\"pt_BR\" \/>\n<meta property=\"og:type\" content=\"article\" \/>\n<meta property=\"og:title\" content=\"O Caribe brasileiro com 40 km de praias e piscinas naturais sobre a maior \u00e1rea de corais do pa\u00eds - Correio Braziliense - Radar\" \/>\n<meta property=\"og:description\" content=\"Com 40 km de praias e piscinas naturais, o Caribe brasileiro se estende sobre a maior \u00e1rea de corais do pa\u00eds.\" \/>\n<meta property=\"og:url\" content=\"https:\/\/www.correiobraziliense.com.br\/cbradar\/o-caribe-brasileiro-com-40-km-de-praias-e-piscinas-naturais-sobre-a-maior-area-de-corais-do-pais\/\" \/>\n<meta property=\"og:site_name\" content=\"Correio Braziliense - Radar\" \/>\n<meta property=\"article:published_time\" content=\"2026-04-27T22:15:00+00:00\" \/>\n<meta property=\"og:image\" content=\"https:\/\/www.correiobraziliense.com.br\/cbradar\/wp-content\/uploads\/2026\/04\/aaa-2026-04-27T021127.563.png\" \/>\n\t<meta property=\"og:image:width\" content=\"1280\" \/>\n\t<meta property=\"og:image:height\" content=\"720\" \/>\n\t<meta property=\"og:image:type\" content=\"image\/png\" \/>\n<meta name=\"author\" content=\"Maura Pereira\" \/>\n<meta name=\"twitter:card\" content=\"summary_large_image\" \/>\n<meta name=\"twitter:label1\" content=\"Escrito por\" \/>\n\t<meta name=\"twitter:data1\" content=\"Maura Pereira\" \/>\n\t<meta name=\"twitter:label2\" content=\"Est. tempo de leitura\" \/>\n\t<meta name=\"twitter:data2\" content=\"7 minutos\" \/>\n<!-- \/ Yoast SEO plugin. -->","yoast_head_json":{"title":"O Caribe brasileiro com 40 km de praias e piscinas naturais sobre a maior \u00e1rea de corais do pa\u00eds - Correio Braziliense - Radar","description":"Com 40 km de praias e piscinas naturais, o Caribe brasileiro se estende sobre a maior \u00e1rea de corais do pa\u00eds.","robots":{"index":"index","follow":"follow","max-snippet":"max-snippet:-1","max-image-preview":"max-image-preview:large","max-video-preview":"max-video-preview:-1"},"canonical":"https:\/\/www.correiobraziliense.com.br\/cbradar\/o-caribe-brasileiro-com-40-km-de-praias-e-piscinas-naturais-sobre-a-maior-area-de-corais-do-pais\/","og_locale":"pt_BR","og_type":"article","og_title":"O Caribe brasileiro com 40 km de praias e piscinas naturais sobre a maior \u00e1rea de corais do pa\u00eds - Correio Braziliense - Radar","og_description":"Com 40 km de praias e piscinas naturais, o Caribe brasileiro se estende sobre a maior \u00e1rea de corais do pa\u00eds.","og_url":"https:\/\/www.correiobraziliense.com.br\/cbradar\/o-caribe-brasileiro-com-40-km-de-praias-e-piscinas-naturais-sobre-a-maior-area-de-corais-do-pais\/","og_site_name":"Correio Braziliense - Radar","article_published_time":"2026-04-27T22:15:00+00:00","og_image":[{"width":1280,"height":720,"url":"https:\/\/www.correiobraziliense.com.br\/cbradar\/wp-content\/uploads\/2026\/04\/aaa-2026-04-27T021127.563.png","type":"image\/png"}],"author":"Maura Pereira","twitter_card":"summary_large_image","twitter_misc":{"Escrito por":"Maura Pereira","Est. tempo de leitura":"7 minutos"},"schema":{"@context":"https:\/\/schema.org","@graph":[{"@type":"WebPage","@id":"https:\/\/www.correiobraziliense.com.br\/cbradar\/o-caribe-brasileiro-com-40-km-de-praias-e-piscinas-naturais-sobre-a-maior-area-de-corais-do-pais\/","url":"https:\/\/www.correiobraziliense.com.br\/cbradar\/o-caribe-brasileiro-com-40-km-de-praias-e-piscinas-naturais-sobre-a-maior-area-de-corais-do-pais\/","name":"O Caribe brasileiro com 40 km de praias e piscinas naturais sobre a maior \u00e1rea de corais do pa\u00eds - Correio Braziliense - Radar","isPartOf":{"@id":"https:\/\/www.correiobraziliense.com.br\/cbradar\/#website"},"primaryImageOfPage":{"@id":"https:\/\/www.correiobraziliense.com.br\/cbradar\/o-caribe-brasileiro-com-40-km-de-praias-e-piscinas-naturais-sobre-a-maior-area-de-corais-do-pais\/#primaryimage"},"image":{"@id":"https:\/\/www.correiobraziliense.com.br\/cbradar\/o-caribe-brasileiro-com-40-km-de-praias-e-piscinas-naturais-sobre-a-maior-area-de-corais-do-pais\/#primaryimage"},"thumbnailUrl":"https:\/\/www.correiobraziliense.com.br\/cbradar\/wp-content\/uploads\/2026\/04\/aaa-2026-04-27T021127.563.png","datePublished":"2026-04-27T22:15:00+00:00","author":{"@id":"https:\/\/www.correiobraziliense.com.br\/cbradar\/#\/schema\/person\/4053c651a9bfc785afc6f4cbc9032fd3"},"description":"Com 40 km de praias e piscinas naturais, o Caribe brasileiro se estende sobre a maior \u00e1rea de corais do pa\u00eds.","breadcrumb":{"@id":"https:\/\/www.correiobraziliense.com.br\/cbradar\/o-caribe-brasileiro-com-40-km-de-praias-e-piscinas-naturais-sobre-a-maior-area-de-corais-do-pais\/#breadcrumb"},"inLanguage":"pt-BR","potentialAction":[{"@type":"ReadAction","target":["https:\/\/www.correiobraziliense.com.br\/cbradar\/o-caribe-brasileiro-com-40-km-de-praias-e-piscinas-naturais-sobre-a-maior-area-de-corais-do-pais\/"]}]},{"@type":"ImageObject","inLanguage":"pt-BR","@id":"https:\/\/www.correiobraziliense.com.br\/cbradar\/o-caribe-brasileiro-com-40-km-de-praias-e-piscinas-naturais-sobre-a-maior-area-de-corais-do-pais\/#primaryimage","url":"https:\/\/www.correiobraziliense.com.br\/cbradar\/wp-content\/uploads\/2026\/04\/aaa-2026-04-27T021127.563.png","contentUrl":"https:\/\/www.correiobraziliense.com.br\/cbradar\/wp-content\/uploads\/2026\/04\/aaa-2026-04-27T021127.563.png","width":1280,"height":720,"caption":"O mar verde-esmeralda aparece antes mesmo de o avi\u00e3o pousar em Macei\u00f3. \/ Imagem ilustrativa"},{"@type":"BreadcrumbList","@id":"https:\/\/www.correiobraziliense.com.br\/cbradar\/o-caribe-brasileiro-com-40-km-de-praias-e-piscinas-naturais-sobre-a-maior-area-de-corais-do-pais\/#breadcrumb","itemListElement":[{"@type":"ListItem","position":1,"name":"In\u00edcio","item":"https:\/\/www.correiobraziliense.com.br\/cbradar\/"},{"@type":"ListItem","position":2,"name":"O Caribe brasileiro com 40 km de praias e piscinas naturais sobre a maior \u00e1rea de corais do pa\u00eds"}]},{"@type":"WebSite","@id":"https:\/\/www.correiobraziliense.com.br\/cbradar\/#website","url":"https:\/\/www.correiobraziliense.com.br\/cbradar\/","name":"Correio Braziliense - Radar","description":"Acompanhe as \u00faltimas not\u00edcias e fique bem informado sobre tudo o que acontece no Brasil e no mundo.","potentialAction":[{"@type":"SearchAction","target":{"@type":"EntryPoint","urlTemplate":"https:\/\/www.correiobraziliense.com.br\/cbradar\/?s={search_term_string}"},"query-input":{"@type":"PropertyValueSpecification","valueRequired":true,"valueName":"search_term_string"}}],"inLanguage":"pt-BR"},{"@type":"Person","@id":"https:\/\/www.correiobraziliense.com.br\/cbradar\/#\/schema\/person\/4053c651a9bfc785afc6f4cbc9032fd3","name":"Maura Pereira","image":{"@type":"ImageObject","inLanguage":"pt-BR","@id":"https:\/\/www.correiobraziliense.com.br\/cbradar\/#\/schema\/person\/image\/","url":"https:\/\/secure.gravatar.com\/avatar\/3effd6bdadfa447f15089c7f7144eaa6?s=96&d=mm&r=g","contentUrl":"https:\/\/secure.gravatar.com\/avatar\/3effd6bdadfa447f15089c7f7144eaa6?s=96&d=mm&r=g","caption":"Maura Pereira"},"sameAs":["https:\/\/www.correiobraziliense.com.br\/"],"url":"https:\/\/www.correiobraziliense.com.br\/cbradar\/author\/mauramyth\/"}]}},"_links":{"self":[{"href":"https:\/\/www.correiobraziliense.com.br\/cbradar\/wp-json\/wp\/v2\/posts\/232744","targetHints":{"allow":["GET"]}}],"collection":[{"href":"https:\/\/www.correiobraziliense.com.br\/cbradar\/wp-json\/wp\/v2\/posts"}],"about":[{"href":"https:\/\/www.correiobraziliense.com.br\/cbradar\/wp-json\/wp\/v2\/types\/post"}],"author":[{"embeddable":true,"href":"https:\/\/www.correiobraziliense.com.br\/cbradar\/wp-json\/wp\/v2\/users\/8"}],"replies":[{"embeddable":true,"href":"https:\/\/www.correiobraziliense.com.br\/cbradar\/wp-json\/wp\/v2\/comments?post=232744"}],"version-history":[{"count":10,"href":"https:\/\/www.correiobraziliense.com.br\/cbradar\/wp-json\/wp\/v2\/posts\/232744\/revisions"}],"predecessor-version":[{"id":232896,"href":"https:\/\/www.correiobraziliense.com.br\/cbradar\/wp-json\/wp\/v2\/posts\/232744\/revisions\/232896"}],"wp:featuredmedia":[{"embeddable":true,"href":"https:\/\/www.correiobraziliense.com.br\/cbradar\/wp-json\/wp\/v2\/media\/232895"}],"wp:attachment":[{"href":"https:\/\/www.correiobraziliense.com.br\/cbradar\/wp-json\/wp\/v2\/media?parent=232744"}],"wp:term":[{"taxonomy":"category","embeddable":true,"href":"https:\/\/www.correiobraziliense.com.br\/cbradar\/wp-json\/wp\/v2\/categories?post=232744"},{"taxonomy":"post_tag","embeddable":true,"href":"https:\/\/www.correiobraziliense.com.br\/cbradar\/wp-json\/wp\/v2\/post_tag?post=232744"}],"curies":[{"name":"wp","href":"https:\/\/api.w.org\/{rel}","templated":true}]}}