{"id":232745,"date":"2026-04-27T23:05:00","date_gmt":"2026-04-28T02:05:00","guid":{"rendered":"https:\/\/www.correiobraziliense.com.br\/cbradar\/?p=232745"},"modified":"2026-04-27T02:19:45","modified_gmt":"2026-04-27T05:19:45","slug":"uma-cidade-gaucha-onde-flamingos-chilenos-pousam-apos-voar-8-mil-km-e-o-sol-nasce-no-oceano","status":"publish","type":"post","link":"https:\/\/www.correiobraziliense.com.br\/cbradar\/uma-cidade-gaucha-onde-flamingos-chilenos-pousam-apos-voar-8-mil-km-e-o-sol-nasce-no-oceano\/","title":{"rendered":"Uma cidade ga\u00facha onde flamingos chilenos pousam ap\u00f3s voar 8 mil km e o sol nasce no oceano"},"content":{"rendered":"\n<p>Em <strong>Mostardas<\/strong>, no litoral m\u00e9dio do <strong>Rio Grande do Sul<\/strong>, flamingos vindos do <strong>Chile<\/strong> e da <strong>Argentina<\/strong> dividem as \u00e1guas rasas do <strong>Parque Nacional da Lagoa do Peixe<\/strong> com ma\u00e7aricos que voam at\u00e9 8 mil km do <strong>Hemisf\u00e9rio Norte<\/strong>. A  cidade ga\u00facha est\u00e1 cravada no \u00fanico istmo brasileiro entre o <strong>Oceano Atl\u00e2ntico<\/strong> e a <strong>Lagoa dos Patos<\/strong>.<\/p>\n\n\n\n<h2 class=\"wp-block-heading\">Por que Mostardas \u00e9 ref\u00fagio de aves migrat\u00f3rias?<\/h2>\n\n\n\n<p>O <strong>Parque Nacional da Lagoa do Peixe<\/strong> foi criado em 1986 com 36.722 hectares para proteger uma rota crucial de aves migrat\u00f3rias. Em 1993 foi reconhecido como S\u00edtio Ramsar, designa\u00e7\u00e3o internacional para zonas \u00famidas de import\u00e2ncia global, segundo o <a href=\"https:\/\/www.gov.br\/icmbio\/pt-br\/assuntos\/biodiversidade\/unidade-de-conservacao\/unidades-de-biomas\/marinho\/lista-de-ucs\/parna-da-lagoa-do-peixe\/informacoes-sobre-visitacao-parna-da-lagoa-do-peixe\" target=\"_blank\" rel=\"noreferrer noopener\"><strong>Instituto Chico Mendes de Conserva\u00e7\u00e3o da Biodiversidade (ICMBio)<\/strong><\/a>.<\/p>\n\n\n\n<p>J\u00e1 foram catalogadas 349 esp\u00e9cies, das quais 74 s\u00e3o migrat\u00f3rias e 13 est\u00e3o sob algum grau de amea\u00e7a. A lagoa principal \u00e9 rasa, com 60 cm de profundidade m\u00e9dia e 35 km de extens\u00e3o, ideal para a alimenta\u00e7\u00e3o de bandos enormes. Entre julho e novembro, flamingos rosados, cisnes-de-pesco\u00e7o-preto e capororocas formam o espet\u00e1culo mais procurado pelos observadores de aves do <strong>Brasil<\/strong>.<\/p>\n\n\n<div class=\"wp-block-image\">\n<figure class=\"aligncenter size-large\"><img decoding=\"async\" width=\"1024\" height=\"576\" src=\"https:\/\/www.correiobraziliense.com.br\/cbradar\/wp-content\/uploads\/2025\/12\/canva-2025-12-28T082239.421-1024x576.png\" alt=\"Com aves que migram do Alasca \u00e0 Patag\u00f4nia, o \u201cNordeste\u201d do Sul \u00e9 um ref\u00fagio com uma lagoa essencial para alimenta\u00e7\u00e3o dessas aves\" class=\"wp-image-164129\" srcset=\"https:\/\/www.correiobraziliense.com.br\/cbradar\/wp-content\/uploads\/2025\/12\/canva-2025-12-28T082239.421-1024x576.png 1024w, https:\/\/www.correiobraziliense.com.br\/cbradar\/wp-content\/uploads\/2025\/12\/canva-2025-12-28T082239.421-300x169.png 300w, https:\/\/www.correiobraziliense.com.br\/cbradar\/wp-content\/uploads\/2025\/12\/canva-2025-12-28T082239.421-768x432.png 768w, https:\/\/www.correiobraziliense.com.br\/cbradar\/wp-content\/uploads\/2025\/12\/canva-2025-12-28T082239.421-750x422.png 750w, https:\/\/www.correiobraziliense.com.br\/cbradar\/wp-content\/uploads\/2025\/12\/canva-2025-12-28T082239.421-1140x641.png 1140w, https:\/\/www.correiobraziliense.com.br\/cbradar\/wp-content\/uploads\/2025\/12\/canva-2025-12-28T082239.421.png 1280w\" sizes=\"(max-width: 1024px) 100vw, 1024px\" \/><figcaption class=\"wp-element-caption\">Mostardas-RS emociona com horizontes infinitos de lagoa e mar, inspirando ecoturismo em dunas e observa\u00e7\u00e3o de aves no Parque Nacional da Lagoa do Peixe. \/\/ Cr\u00e9ditos: Wikip\u00e9dia<\/figcaption><\/figure><\/div>\n\n\n<h2 class=\"wp-block-heading\">O istmo onde o dia come\u00e7a no mar e termina na lagoa<\/h2>\n\n\n\n<p>Mostardas se estende sobre uma faixa estreita de terra com cerca de 100 km de litoral oce\u00e2nico e outros 100 km de litoral lagunar. \u00c9 poss\u00edvel ver o sol nascer sobre o <strong>Atl\u00e2ntico<\/strong> e se p\u00f4r sobre as \u00e1guas doces da Lagoa dos Patos no mesmo dia.<\/p>\n\n\n\n<p>O territ\u00f3rio abriga 46 lagoas formando um cord\u00e3o lagunar, intercalado por dunas, banhados e mata de restinga. Capivaras, rat\u00f5es-do-banhado, jacar\u00e9s-de-papo-amarelo e bandos de emas dividem o espa\u00e7o com pescadores artesanais e produtores de arroz.<\/p>\n\n\n\n<p>A <strong>Lagoa do Bacupari<\/strong>, situada no munic\u00edpio de <strong>Mostardas (RS)<\/strong>, \u00e9 destacada pelo canal <em>O Mundo aos Nossos P\u00e9s<\/em> como um dos destinos mais surpreendentes do litoral ga\u00facho, com um visual que remete \u00e0s paisagens do Nordeste brasileiro.<\/p>\n\n\n\n<figure class=\"wp-block-embed aligncenter is-type-video is-provider-youtube wp-block-embed-youtube wp-embed-aspect-16-9 wp-has-aspect-ratio\"><div class=\"wp-block-embed__wrapper\">\n<div class=\"jeg_video_container jeg_video_content\"><iframe loading=\"lazy\" title=\"LAGOA DO BACUPARI - MOSTARDAS\/RS - A incr\u00edvel lagoa escondida no Sul do Brasil!\" width=\"500\" height=\"281\" src=\"https:\/\/www.youtube.com\/embed\/Gn75B_eCqRw?feature=oembed\" frameborder=\"0\" allow=\"accelerometer; autoplay; clipboard-write; encrypted-media; gyroscope; picture-in-picture; web-share\" referrerpolicy=\"strict-origin-when-cross-origin\" allowfullscreen><\/iframe><\/div>\n<\/div><\/figure>\n\n\n\n<h2 class=\"wp-block-heading\">O que ver no Parque Nacional da Lagoa do Peixe?<\/h2>\n\n\n\n<p>Quatro trilhas permitem percorrer o parque por conta pr\u00f3pria ou com guias credenciados. As duas principais cortam o istmo at\u00e9 a praia ou as margens da lagoa.<\/p>\n\n\n\n<ul class=\"wp-block-list\">\n<li><strong>Trilha do Talhamar<\/strong>: 6 km de extens\u00e3o, percorre as margens da Lagoa do Peixe e oferece um dos melhores pontos para avistar flamingos e colhereiros.<\/li>\n\n\n\n<li><strong>Trilha das Figueiras<\/strong>: percurso curto e mais acess\u00edvel, ideal para iniciantes em birdwatching.<\/li>\n\n\n\n<li><strong>Trilha do Talha-mar Norte<\/strong>: cerca de 10 km, leva \u00e0 parte norte da lagoa, com cisnes-de-pesco\u00e7o-preto e capororocas.<\/li>\n\n\n\n<li><strong>Trilha das Dunas<\/strong>: 13 km que cortam restinga, banhados e dunas at\u00e9 alcan\u00e7ar a praia, com ma\u00e7aricos e batu\u00edras.<\/li>\n<\/ul>\n\n\n\n<h2 class=\"wp-block-heading\">Quatro far\u00f3is hist\u00f3ricos no litoral mostardense<\/h2>\n\n\n\n<p>O litoral de Mostardas \u00e9 pontuado por sentinelas do s\u00e9culo 19. O <strong>Farol de Mostardas<\/strong>, constru\u00eddo em 1858, ergue-se a 30 metros sobre a costa atl\u00e2ntica e ainda orienta navegantes. Em dire\u00e7\u00e3o \u00e0 Lagoa dos Patos ficam o <strong>Farol Crist\u00f3v\u00e3o Pereira<\/strong> e o <strong>Farol Cap\u00e3o da Marca<\/strong>, acess\u00edveis apenas por ve\u00edculos 4&#215;4.<\/p>\n\n\n\n<p>O <strong>Farol da Solid\u00e3o<\/strong>, na orla atl\u00e2ntica, \u00e9 um dos pontos mais procurados pelos visitantes pela vista panor\u00e2mica do encontro entre mar e dunas. V\u00e1rios trechos do caminho cruzam estradas de areia, parte do charme r\u00fastico da regi\u00e3o, segundo a <a href=\"https:\/\/www.turismo.rs.gov.br\/turismo\/municipio\/visitar\/209\" target=\"_blank\" rel=\"noreferrer noopener\"><strong>Secretaria de Turismo do RS<\/strong><\/a>.<\/p>\n\n\n<div class=\"wp-block-image\">\n<figure class=\"aligncenter size-large\"><img decoding=\"async\" width=\"1024\" height=\"576\" src=\"https:\/\/www.correiobraziliense.com.br\/cbradar\/wp-content\/uploads\/2025\/12\/canva-2025-12-28T082301.768-1024x576.png\" alt=\"A cidade pequena com 12 mil habitantes que encanta pela natureza e vida pacata no Rio Grande do Sul\" class=\"wp-image-164130\" srcset=\"https:\/\/www.correiobraziliense.com.br\/cbradar\/wp-content\/uploads\/2025\/12\/canva-2025-12-28T082301.768-1024x576.png 1024w, https:\/\/www.correiobraziliense.com.br\/cbradar\/wp-content\/uploads\/2025\/12\/canva-2025-12-28T082301.768-300x169.png 300w, https:\/\/www.correiobraziliense.com.br\/cbradar\/wp-content\/uploads\/2025\/12\/canva-2025-12-28T082301.768-768x432.png 768w, https:\/\/www.correiobraziliense.com.br\/cbradar\/wp-content\/uploads\/2025\/12\/canva-2025-12-28T082301.768-750x422.png 750w, https:\/\/www.correiobraziliense.com.br\/cbradar\/wp-content\/uploads\/2025\/12\/canva-2025-12-28T082301.768-1140x641.png 1140w, https:\/\/www.correiobraziliense.com.br\/cbradar\/wp-content\/uploads\/2025\/12\/canva-2025-12-28T082301.768.png 1280w\" sizes=\"(max-width: 1024px) 100vw, 1024px\" \/><figcaption class=\"wp-element-caption\">Em Mostardas-RS, relaxe na Praia do Balne\u00e1rio, pedale na Lagoa de Bacupari e aprecie pores do sol na lagoa em clima tranquilo e natureza ga\u00facha acolhedora. \/\/ Cr\u00e9ditos: Wikip\u00e9dia<\/figcaption><\/figure><\/div>\n\n\n<h2 class=\"wp-block-heading\">O centro hist\u00f3rico a\u00e7oriano e o cobertor mostardeiro<\/h2>\n\n\n\n<p>Mostardas foi colonizada por imigrantes a\u00e7orianos a partir de 1773, quando a freguesia foi criada. O centro hist\u00f3rico \u00e9 tombado pelo patrim\u00f4nio municipal desde 1989 e preserva casario com telhados de eira e beira e s\u00edmbolos religiosos como a Pomba do Divino Esp\u00edrito Santo.<\/p>\n\n\n\n<p>A <strong>Igreja Matriz de S\u00e3o Luiz Rei<\/strong>, constru\u00edda em 1773, \u00e9 uma das igrejas mais antigas do estado. O artesanato local mant\u00e9m viva a tradi\u00e7\u00e3o do <strong>cobertor mostardeiro<\/strong>, pe\u00e7a feita com l\u00e3 de ovelha crua tingida com corantes naturais, vendida diretamente pelas artes\u00e3s no centro da cidade.<\/p>\n\n\n\n<p><strong>Leia tamb\u00e9m: <a href=\"https:\/\/www.correiobraziliense.com.br\/cbradar\/a-gramado-mineira-encanta-com-uma-vila-a-1-500m-de-altitude-onde-casinhas-coloridas-simples-neblina-e-a-lareira-ditam-o-ritmo\/\" target=\"_blank\" rel=\"noreferrer noopener\">A &#8220;Gramado Mineira&#8221; encanta com uma vila a 1.500m de altitude onde casinhas coloridas simples, neblina e a lareira ditam o ritmo.<\/a><\/strong><\/p>\n\n\n\n<h2 class=\"wp-block-heading\">Quando viajar para o litoral m\u00e9dio ga\u00facho?<\/h2>\n\n\n\n<p><strong>O clima \u00e9 subtropical \u00famido, com temperatura m\u00e9dia anual de 16,5\u00b0C e ventos constantes que moldam as dunas.<\/strong> A melhor janela para birdwatching vai de julho a novembro, quando chegam as aves migrat\u00f3rias.<\/p>\n\n\n\n<style>\n  \/* --- CONTAINER BLINDADO (PADR\u00c3O REGISTRADO) --- *\/\n  .clima-grid-final {\n    font-family: -apple-system, BlinkMacSystemFont, \"Segoe UI\", Roboto, Arial, sans-serif !important;\n    width: 100% !important;\n    max-width: 1200px !important;\n    margin: 20px auto !important;\n    display: grid !important;\n    \/* FOR\u00c7A 4 COLUNAS NO DESKTOP *\/\n    grid-template-columns: repeat(4, 1fr) !important; \n    gap: 15px !important;\n    box-sizing: border-box !important;\n  }\n\n  .clima-grid-final * {\n    box-sizing: border-box !important;\n  }\n\n  \/* --- BLINDAGEM CONTRA ADS E PLUGINS INTRUSOS --- *\/\n  .clima-grid-final > :not(.card-clima) {\n    display: none !important;\n    width: 0 !important;\n    height: 0 !important;\n    opacity: 0 !important;\n  }\n\n  \/* --- CARD PADR\u00c3O (ESTILO SOLICITADO) --- *\/\n  .card-clima {\n    background: #ffffff !important;\n    border: 1px solid #eeeeee !important;\n    border-radius: 20px !important;\n    padding: 20px 10px !important;\n    text-align: center !important;\n    display: flex !important;\n    flex-direction: column !important;\n    align-items: center !important;\n    box-shadow: 0 4px 10px rgba(0, 0, 0, 0.05) !important;\n    min-width: 0 !important; \n    transition: transform 0.2s ease !important;\n    overflow: hidden !important;\n    height: 100% !important;\n  }\n\n  .card-clima:hover {\n    transform: translateY(-5px) !important;\n    border-color: #dddddd !important;\n  }\n\n  \/* --- CONTE\u00daDO --- *\/\n  .estacao-nome { \n    font-size: 14px !important; \n    font-weight: 800 !important; \n    color: #333333 !important; \n    text-transform: uppercase !important; \n    margin: 0 0 5px 0 !important; \n  }\n  \n  .estacao-meses { \n    font-size: 10px !important; \n    font-weight: 700 !important; \n    color: #666666 !important; \n    text-transform: uppercase !important; \n    margin-bottom: 15px !important; \n    display: block !important;\n  }\n  \n  .temp-valor { \n    font-size: 24px !important; \n    font-weight: 800 !important; \n    color: #222222 !important; \n    line-height: 1.1 !important; \n    margin: 0 !important;\n  }\n  \n  .temp-label { \n    font-size: 9px !important; \n    font-weight: 600 !important; \n    color: #888888 !important; \n    text-transform: uppercase !important; \n    margin-bottom: 15px !important; \n    display: block !important;\n  }\n  \n  .clima-desc { \n    font-size: 12px !important; \n    line-height: 1.4 !important; \n    color: #444444 !important; \n    margin-bottom: 15px !important; \n    flex-grow: 1 !important; \n  }\n\n  .tag-status {\n    background-color: #f5f5f5 !important;\n    border: 1px solid #e0e0e0 !important;\n    color: #555555 !important;\n    padding: 5px 12px !important;\n    border-radius: 20px !important;\n    font-size: 9px !important;\n    font-weight: 800 !important;\n    text-transform: uppercase !important;\n    margin-top: auto !important;\n  }\n\n  \/* --- RESPONSIVIDADE --- *\/\n  @media (max-width: 800px) {\n    .clima-grid-final {\n      grid-template-columns: 1fr !important; \n    }\n    .card-clima {\n      padding: 25px 20px !important;\n    }\n  }\n<\/style>\n\n<div class=\"google-auto-ads-ignore clima-grid-final\">\n  \n  <div class=\"card-clima\">\n    <div class=\"estacao-nome\">\u2600\ufe0f Ver\u00e3o<\/div>\n    <span class=\"estacao-meses\">Dez &#8211; Fev<\/span>\n    <div class=\"temp-valor\">18-29\u00b0C<\/div>\n    <span class=\"temp-label\">M\u00e9dia<\/span>\n    <div class=\"clima-desc\">Com os dias mais quentes e ensolarados, a esta\u00e7\u00e3o \u00e9 ideal para desfrutar das <b>praias<\/b> locais e mergulhar nas \u00e1guas calmas da <b>Lagoa do Bacupari<\/b>.<\/div>\n    <div class=\"tag-status\">\ud83c\udfd6\ufe0f Lagoa<\/div>\n  <\/div>\n\n  <div class=\"card-clima\">\n    <div class=\"estacao-nome\">\ud83c\udf42 Outono<\/div>\n    <span class=\"estacao-meses\">Mar &#8211; Mai<\/span>\n    <div class=\"temp-valor\">13-24\u00b0C<\/div>\n    <span class=\"temp-label\">M\u00e9dia<\/span>\n    <div class=\"clima-desc\">O clima ameno de transi\u00e7\u00e3o favorece a explora\u00e7\u00e3o de <b>trilhas<\/b> naturais e caminhadas culturais pelo <b>centro hist\u00f3rico<\/b> da regi\u00e3o.<\/div>\n    <div class=\"tag-status\">\ud83e\udd7e Caminhadas<\/div>\n  <\/div>\n\n  <div class=\"card-clima\">\n    <div class=\"estacao-nome\">\ud83e\udde3 Inverno<\/div>\n    <span class=\"estacao-meses\">Jun &#8211; Ago<\/span>\n    <div class=\"temp-valor\">9-19\u00b0C<\/div>\n    <span class=\"temp-label\">M\u00e9dia<\/span>\n    <div class=\"clima-desc\">Mesmo com chuvas mais frequentes, o frio atrai visitantes para a <b>observa\u00e7\u00e3o de aves migrat\u00f3rias<\/b>, que chegam em busca de ref\u00fagio.<\/div>\n    <div class=\"tag-status\">\ud83d\udc27 Aves<\/div>\n  <\/div>\n\n  <div class=\"card-clima\">\n    <div class=\"estacao-nome\">\ud83c\udf38 Primavera<\/div>\n    <span class=\"estacao-meses\">Set &#8211; Nov<\/span>\n    <div class=\"temp-valor\">13-24\u00b0C<\/div>\n    <span class=\"temp-label\">M\u00e9dia<\/span>\n    <div class=\"clima-desc\">A esta\u00e7\u00e3o das flores \u00e9 o momento \u00e1ureo para o <b>birdwatching<\/b> e para fotografar os imponentes <b>far\u00f3is hist\u00f3ricos<\/b> sob o sol suave.<\/div>\n    <div class=\"tag-status\">\ud83d\udd2d Natureza<\/div>\n  <\/div>\n\n<\/div>\n\n\n\n<p><em>Temperaturas aproximadas com base no <a href=\"https:\/\/www.climatempo.com.br\/climatologia\/1401\/mostardas-rs\" target=\"_blank\" rel=\"noreferrer noopener\"><strong>Climatempo<\/strong><\/a>. Condi\u00e7\u00f5es podem variar.<\/em><\/p>\n\n\n<div class=\"wp-block-image\">\n<figure class=\"aligncenter size-large\"><img decoding=\"async\" width=\"1024\" height=\"576\" src=\"https:\/\/www.correiobraziliense.com.br\/cbradar\/wp-content\/uploads\/2025\/12\/canva-2025-12-28T082313.595-1024x576.png\" alt=\"A cidade pequena com 12 mil habitantes que encanta pela natureza e vida pacata no Rio Grande do Sul\" class=\"wp-image-164131\" srcset=\"https:\/\/www.correiobraziliense.com.br\/cbradar\/wp-content\/uploads\/2025\/12\/canva-2025-12-28T082313.595-1024x576.png 1024w, https:\/\/www.correiobraziliense.com.br\/cbradar\/wp-content\/uploads\/2025\/12\/canva-2025-12-28T082313.595-300x169.png 300w, https:\/\/www.correiobraziliense.com.br\/cbradar\/wp-content\/uploads\/2025\/12\/canva-2025-12-28T082313.595-768x432.png 768w, https:\/\/www.correiobraziliense.com.br\/cbradar\/wp-content\/uploads\/2025\/12\/canva-2025-12-28T082313.595-750x422.png 750w, https:\/\/www.correiobraziliense.com.br\/cbradar\/wp-content\/uploads\/2025\/12\/canva-2025-12-28T082313.595-1140x641.png 1140w, https:\/\/www.correiobraziliense.com.br\/cbradar\/wp-content\/uploads\/2025\/12\/canva-2025-12-28T082313.595.png 1280w\" sizes=\"(max-width: 1024px) 100vw, 1024px\" \/><figcaption class=\"wp-element-caption\">Mostardas oferece Parque Nacional Lagoa do Peixe, far\u00f3is Mostardas\/Solid\u00e3o, trilhas de dunas e Porto do Barquinho para birdwatching e pesca esportiva. \/\/ Cr\u00e9ditos: Wikip\u00e9dia<\/figcaption><\/figure><\/div>\n\n\n<h2 class=\"wp-block-heading\">Como chegar \u00e0 P\u00e9rola do Litoral M\u00e9dio?<\/h2>\n\n\n\n<p>Mostardas fica a 200 km de <strong>Porto Alegre<\/strong>. O acesso pelo norte parte da capital pela <strong>RS-040<\/strong> at\u00e9 <strong>Capivari do Sul<\/strong>, depois pela <strong>RST-101<\/strong> at\u00e9 o munic\u00edpio. H\u00e1 tamb\u00e9m \u00f4nibus diretos da Rodovi\u00e1ria de Porto Alegre, com cerca de cinco horas de viagem. Para chegar at\u00e9 as trilhas do parque, \u00e9 recomendado ve\u00edculo com tra\u00e7\u00e3o nas quatro rodas.<\/p>\n\n\n\n<h2 class=\"wp-block-heading\">A faixa de areia onde o Brasil encontra os hemisf\u00e9rios<\/h2>\n\n\n\n<p><strong>Pouca cidade brasileira re\u00fane um santu\u00e1rio de aves migrat\u00f3rias reconhecido pela ONU<\/strong>, far\u00f3is do s\u00e9culo 19 e um centro hist\u00f3rico a\u00e7oriano em uma faixa de terra com mar dos dois lados. Mostardas \u00e9 destino raro para quem prefere natureza bruta a turismo de massa.<\/p>\n\n\n\n<p>Voc\u00ea precisa caminhar pela Trilha do Talhamar ao amanhecer e ver bandos de flamingos rosa decolando sobre a Lagoa do Peixe para entender por que o Brasil \u00e9 parada obrigat\u00f3ria nas rotas migrat\u00f3rias do continente.<\/p>\n","protected":false},"excerpt":{"rendered":"<p>Em Mostardas, no litoral m\u00e9dio do Rio Grande do Sul, flamingos vindos do Chile e da Argentina dividem as \u00e1guas rasas do Parque Nacional da Lagoa do Peixe com ma\u00e7aricos que voam at\u00e9 8 mil km do Hemisf\u00e9rio Norte. A cidade ga\u00facha est\u00e1 cravada no \u00fanico istmo brasileiro entre o Oceano Atl\u00e2ntico e a Lagoa [&hellip;]<\/p>\n","protected":false},"author":8,"featured_media":232903,"comment_status":"open","ping_status":"open","sticky":false,"template":"","format":"standard","meta":{"_yoast_wpseo_focuskw":"cidade ga\u00facha","_yoast_wpseo_title":"","_yoast_wpseo_metadesc":"Entre o voo de 8 mil km dos flamingos chilenos e o nascer do sol no oceano, revela-se uma cidade ga\u00facha \u00fanica.","jnews-multi-image_gallery":[],"jnews_single_post":{"format":"standard"},"jnews_primary_category":[],"jnews_social_meta":[],"jnews_override_counter":[],"footnotes":""},"categories":[108,111],"post_tag":[13220,217],"class_list":["post-232745","post","type-post","status-publish","format-standard","has-post-thumbnail","hentry","category-cidades","category-turismo","tag-mostardas","tag-rio-grande-do-sul"],"yoast_head":"<!-- This site is optimized with the Yoast SEO plugin v24.6 - https:\/\/yoast.com\/wordpress\/plugins\/seo\/ -->\n<title>Uma cidade ga\u00facha onde flamingos chilenos pousam ap\u00f3s voar 8 mil km e o sol nasce no oceano - Correio Braziliense - Radar<\/title>\n<meta name=\"description\" content=\"Entre o voo de 8 mil km dos flamingos chilenos e o nascer do sol no oceano, revela-se uma cidade ga\u00facha \u00fanica.\" \/>\n<meta name=\"robots\" content=\"index, follow, max-snippet:-1, max-image-preview:large, max-video-preview:-1\" \/>\n<link rel=\"canonical\" href=\"https:\/\/www.correiobraziliense.com.br\/cbradar\/uma-cidade-gaucha-onde-flamingos-chilenos-pousam-apos-voar-8-mil-km-e-o-sol-nasce-no-oceano\/\" \/>\n<meta property=\"og:locale\" content=\"pt_BR\" \/>\n<meta property=\"og:type\" content=\"article\" \/>\n<meta property=\"og:title\" content=\"Uma cidade ga\u00facha onde flamingos chilenos pousam ap\u00f3s voar 8 mil km e o sol nasce no oceano - Correio Braziliense - Radar\" \/>\n<meta property=\"og:description\" content=\"Entre o voo de 8 mil km dos flamingos chilenos e o nascer do sol no oceano, revela-se uma cidade ga\u00facha \u00fanica.\" \/>\n<meta property=\"og:url\" content=\"https:\/\/www.correiobraziliense.com.br\/cbradar\/uma-cidade-gaucha-onde-flamingos-chilenos-pousam-apos-voar-8-mil-km-e-o-sol-nasce-no-oceano\/\" \/>\n<meta property=\"og:site_name\" content=\"Correio Braziliense - Radar\" \/>\n<meta property=\"article:published_time\" content=\"2026-04-28T02:05:00+00:00\" \/>\n<meta property=\"og:image\" content=\"https:\/\/www.correiobraziliense.com.br\/cbradar\/wp-content\/uploads\/2026\/04\/aaa-2026-04-27T021703.487.png\" \/>\n\t<meta property=\"og:image:width\" content=\"1280\" \/>\n\t<meta property=\"og:image:height\" content=\"720\" \/>\n\t<meta property=\"og:image:type\" content=\"image\/png\" \/>\n<meta name=\"author\" content=\"Maura Pereira\" \/>\n<meta name=\"twitter:card\" content=\"summary_large_image\" \/>\n<meta name=\"twitter:label1\" content=\"Escrito por\" \/>\n\t<meta name=\"twitter:data1\" content=\"Maura Pereira\" \/>\n\t<meta name=\"twitter:label2\" content=\"Est. tempo de leitura\" \/>\n\t<meta name=\"twitter:data2\" content=\"7 minutos\" \/>\n<!-- \/ Yoast SEO plugin. -->","yoast_head_json":{"title":"Uma cidade ga\u00facha onde flamingos chilenos pousam ap\u00f3s voar 8 mil km e o sol nasce no oceano - Correio Braziliense - Radar","description":"Entre o voo de 8 mil km dos flamingos chilenos e o nascer do sol no oceano, revela-se uma cidade ga\u00facha \u00fanica.","robots":{"index":"index","follow":"follow","max-snippet":"max-snippet:-1","max-image-preview":"max-image-preview:large","max-video-preview":"max-video-preview:-1"},"canonical":"https:\/\/www.correiobraziliense.com.br\/cbradar\/uma-cidade-gaucha-onde-flamingos-chilenos-pousam-apos-voar-8-mil-km-e-o-sol-nasce-no-oceano\/","og_locale":"pt_BR","og_type":"article","og_title":"Uma cidade ga\u00facha onde flamingos chilenos pousam ap\u00f3s voar 8 mil km e o sol nasce no oceano - Correio Braziliense - Radar","og_description":"Entre o voo de 8 mil km dos flamingos chilenos e o nascer do sol no oceano, revela-se uma cidade ga\u00facha \u00fanica.","og_url":"https:\/\/www.correiobraziliense.com.br\/cbradar\/uma-cidade-gaucha-onde-flamingos-chilenos-pousam-apos-voar-8-mil-km-e-o-sol-nasce-no-oceano\/","og_site_name":"Correio Braziliense - Radar","article_published_time":"2026-04-28T02:05:00+00:00","og_image":[{"width":1280,"height":720,"url":"https:\/\/www.correiobraziliense.com.br\/cbradar\/wp-content\/uploads\/2026\/04\/aaa-2026-04-27T021703.487.png","type":"image\/png"}],"author":"Maura Pereira","twitter_card":"summary_large_image","twitter_misc":{"Escrito por":"Maura Pereira","Est. tempo de leitura":"7 minutos"},"schema":{"@context":"https:\/\/schema.org","@graph":[{"@type":"WebPage","@id":"https:\/\/www.correiobraziliense.com.br\/cbradar\/uma-cidade-gaucha-onde-flamingos-chilenos-pousam-apos-voar-8-mil-km-e-o-sol-nasce-no-oceano\/","url":"https:\/\/www.correiobraziliense.com.br\/cbradar\/uma-cidade-gaucha-onde-flamingos-chilenos-pousam-apos-voar-8-mil-km-e-o-sol-nasce-no-oceano\/","name":"Uma cidade ga\u00facha onde flamingos chilenos pousam ap\u00f3s voar 8 mil km e o sol nasce no oceano - Correio Braziliense - Radar","isPartOf":{"@id":"https:\/\/www.correiobraziliense.com.br\/cbradar\/#website"},"primaryImageOfPage":{"@id":"https:\/\/www.correiobraziliense.com.br\/cbradar\/uma-cidade-gaucha-onde-flamingos-chilenos-pousam-apos-voar-8-mil-km-e-o-sol-nasce-no-oceano\/#primaryimage"},"image":{"@id":"https:\/\/www.correiobraziliense.com.br\/cbradar\/uma-cidade-gaucha-onde-flamingos-chilenos-pousam-apos-voar-8-mil-km-e-o-sol-nasce-no-oceano\/#primaryimage"},"thumbnailUrl":"https:\/\/www.correiobraziliense.com.br\/cbradar\/wp-content\/uploads\/2026\/04\/aaa-2026-04-27T021703.487.png","datePublished":"2026-04-28T02:05:00+00:00","author":{"@id":"https:\/\/www.correiobraziliense.com.br\/cbradar\/#\/schema\/person\/4053c651a9bfc785afc6f4cbc9032fd3"},"description":"Entre o voo de 8 mil km dos flamingos chilenos e o nascer do sol no oceano, revela-se uma cidade ga\u00facha \u00fanica.","breadcrumb":{"@id":"https:\/\/www.correiobraziliense.com.br\/cbradar\/uma-cidade-gaucha-onde-flamingos-chilenos-pousam-apos-voar-8-mil-km-e-o-sol-nasce-no-oceano\/#breadcrumb"},"inLanguage":"pt-BR","potentialAction":[{"@type":"ReadAction","target":["https:\/\/www.correiobraziliense.com.br\/cbradar\/uma-cidade-gaucha-onde-flamingos-chilenos-pousam-apos-voar-8-mil-km-e-o-sol-nasce-no-oceano\/"]}]},{"@type":"ImageObject","inLanguage":"pt-BR","@id":"https:\/\/www.correiobraziliense.com.br\/cbradar\/uma-cidade-gaucha-onde-flamingos-chilenos-pousam-apos-voar-8-mil-km-e-o-sol-nasce-no-oceano\/#primaryimage","url":"https:\/\/www.correiobraziliense.com.br\/cbradar\/wp-content\/uploads\/2026\/04\/aaa-2026-04-27T021703.487.png","contentUrl":"https:\/\/www.correiobraziliense.com.br\/cbradar\/wp-content\/uploads\/2026\/04\/aaa-2026-04-27T021703.487.png","width":1280,"height":720},{"@type":"BreadcrumbList","@id":"https:\/\/www.correiobraziliense.com.br\/cbradar\/uma-cidade-gaucha-onde-flamingos-chilenos-pousam-apos-voar-8-mil-km-e-o-sol-nasce-no-oceano\/#breadcrumb","itemListElement":[{"@type":"ListItem","position":1,"name":"In\u00edcio","item":"https:\/\/www.correiobraziliense.com.br\/cbradar\/"},{"@type":"ListItem","position":2,"name":"Uma cidade ga\u00facha onde flamingos chilenos pousam ap\u00f3s voar 8 mil km e o sol nasce no oceano"}]},{"@type":"WebSite","@id":"https:\/\/www.correiobraziliense.com.br\/cbradar\/#website","url":"https:\/\/www.correiobraziliense.com.br\/cbradar\/","name":"Correio Braziliense - Radar","description":"Acompanhe as \u00faltimas not\u00edcias e fique bem informado sobre tudo o que acontece no Brasil e no mundo.","potentialAction":[{"@type":"SearchAction","target":{"@type":"EntryPoint","urlTemplate":"https:\/\/www.correiobraziliense.com.br\/cbradar\/?s={search_term_string}"},"query-input":{"@type":"PropertyValueSpecification","valueRequired":true,"valueName":"search_term_string"}}],"inLanguage":"pt-BR"},{"@type":"Person","@id":"https:\/\/www.correiobraziliense.com.br\/cbradar\/#\/schema\/person\/4053c651a9bfc785afc6f4cbc9032fd3","name":"Maura Pereira","image":{"@type":"ImageObject","inLanguage":"pt-BR","@id":"https:\/\/www.correiobraziliense.com.br\/cbradar\/#\/schema\/person\/image\/","url":"https:\/\/secure.gravatar.com\/avatar\/3effd6bdadfa447f15089c7f7144eaa6?s=96&d=mm&r=g","contentUrl":"https:\/\/secure.gravatar.com\/avatar\/3effd6bdadfa447f15089c7f7144eaa6?s=96&d=mm&r=g","caption":"Maura Pereira"},"sameAs":["https:\/\/www.correiobraziliense.com.br\/"],"url":"https:\/\/www.correiobraziliense.com.br\/cbradar\/author\/mauramyth\/"}]}},"_links":{"self":[{"href":"https:\/\/www.correiobraziliense.com.br\/cbradar\/wp-json\/wp\/v2\/posts\/232745","targetHints":{"allow":["GET"]}}],"collection":[{"href":"https:\/\/www.correiobraziliense.com.br\/cbradar\/wp-json\/wp\/v2\/posts"}],"about":[{"href":"https:\/\/www.correiobraziliense.com.br\/cbradar\/wp-json\/wp\/v2\/types\/post"}],"author":[{"embeddable":true,"href":"https:\/\/www.correiobraziliense.com.br\/cbradar\/wp-json\/wp\/v2\/users\/8"}],"replies":[{"embeddable":true,"href":"https:\/\/www.correiobraziliense.com.br\/cbradar\/wp-json\/wp\/v2\/comments?post=232745"}],"version-history":[{"count":11,"href":"https:\/\/www.correiobraziliense.com.br\/cbradar\/wp-json\/wp\/v2\/posts\/232745\/revisions"}],"predecessor-version":[{"id":232904,"href":"https:\/\/www.correiobraziliense.com.br\/cbradar\/wp-json\/wp\/v2\/posts\/232745\/revisions\/232904"}],"wp:featuredmedia":[{"embeddable":true,"href":"https:\/\/www.correiobraziliense.com.br\/cbradar\/wp-json\/wp\/v2\/media\/232903"}],"wp:attachment":[{"href":"https:\/\/www.correiobraziliense.com.br\/cbradar\/wp-json\/wp\/v2\/media?parent=232745"}],"wp:term":[{"taxonomy":"category","embeddable":true,"href":"https:\/\/www.correiobraziliense.com.br\/cbradar\/wp-json\/wp\/v2\/categories?post=232745"},{"taxonomy":"post_tag","embeddable":true,"href":"https:\/\/www.correiobraziliense.com.br\/cbradar\/wp-json\/wp\/v2\/post_tag?post=232745"}],"curies":[{"name":"wp","href":"https:\/\/api.w.org\/{rel}","templated":true}]}}