{"id":232746,"date":"2026-04-27T04:05:00","date_gmt":"2026-04-27T07:05:00","guid":{"rendered":"https:\/\/www.correiobraziliense.com.br\/cbradar\/?p=232746"},"modified":"2026-04-27T00:29:07","modified_gmt":"2026-04-27T03:29:07","slug":"no-interior-de-sao-paulo-a-8a-cidade-mais-desenvolvida-do-brasil-e-referencia-em-saude-e-abriga-o-2o-maior-hospital-escola-do-pais","status":"publish","type":"post","link":"https:\/\/www.correiobraziliense.com.br\/cbradar\/no-interior-de-sao-paulo-a-8a-cidade-mais-desenvolvida-do-brasil-e-referencia-em-saude-e-abriga-o-2o-maior-hospital-escola-do-pais\/","title":{"rendered":"No interior de S\u00e3o Paulo, a 8\u00aa cidade mais desenvolvida do Brasil \u00e9 refer\u00eancia em sa\u00fade e abriga o 2\u00ba maior hospital-escola do pa\u00eds"},"content":{"rendered":"\n<p>O complexo hospitalar de <strong>S\u00e3o Jos\u00e9 do Rio Preto<\/strong> atende pacientes de 102 munic\u00edpios e abriga o segundo maior hospital-escola do pa\u00eds. Em 2026, a cidade do noroeste paulista inaugurou o primeiro Centro de Manuten\u00e7\u00e3o de \u00d3rg\u00e3os do Brasil.<\/p>\n\n\n\n<h2 class=\"wp-block-heading\">Por que Rio Preto \u00e9 refer\u00eancia em sa\u00fade no pa\u00eds?<\/h2>\n\n\n\n<p>O <strong>Hospital de Base<\/strong> \u00e9 o segundo maior hospital-escola brasileiro em produ\u00e7\u00e3o <strong>SUS<\/strong>, ligado \u00e0 <strong>Faculdade de Medicina de Rio Preto (FAMERP)<\/strong>. S\u00e3o 781 leitos, 27 salas cir\u00fargicas e mais de 55 especialidades, com mais de 85% dos atendimentos pelo sistema p\u00fablico.<\/p>\n\n\n\n<p>Desde 1990, o complexo j\u00e1 realizou mais de <a href=\"https:\/\/site.abto.org.br\/en\/hospital-de-base-de-sao-jose-do-rio-preto-realiza-transplante-de-rim-numero-2-000\/\" target=\"_blank\" rel=\"noreferrer noopener\"><strong>5.800 procedimentos de transplante<\/strong><\/a> de f\u00edgado, rins, p\u00e2ncreas, cora\u00e7\u00e3o, pulm\u00e3o, medula \u00f3ssea e c\u00f3rneas. Em abril de 2026, instituiu o primeiro Centro de Manuten\u00e7\u00e3o de \u00d3rg\u00e3os do pa\u00eds, com tecnologia que mant\u00e9m o f\u00edgado em funcionamento fora do corpo por at\u00e9 24 horas.<\/p>\n\n\n\n<p>Se a regi\u00e3o noroeste fosse um pa\u00eds, estaria atr\u00e1s apenas de Estados Unidos e Espanha em transplantes de rim por milh\u00e3o de habitantes, segundo o cirurgi\u00e3o M\u00e1rio Abbud Filho, diretor do <a href=\"https:\/\/www.hospitaldebase.com.br\/servicos\/transplantes\" target=\"_blank\" rel=\"noreferrer noopener\"><strong>Centro Integrado de Transplantes<\/strong><\/a>.<\/p>\n\n\n<div class=\"wp-block-image\">\n<figure class=\"aligncenter size-large\"><img decoding=\"async\" width=\"1024\" height=\"576\" src=\"https:\/\/www.correiobraziliense.com.br\/cbradar\/wp-content\/uploads\/2025\/06\/Edicoes-11-1-1024x576.png\" alt=\"A cidade barata e acolhedora de SP refer\u00eancia em medicina que prova ser poss\u00edvel viver bem no interior de S\u00e3o Paulo\" class=\"wp-image-47147\" srcset=\"https:\/\/www.correiobraziliense.com.br\/cbradar\/wp-content\/uploads\/2025\/06\/Edicoes-11-1-1024x576.png 1024w, https:\/\/www.correiobraziliense.com.br\/cbradar\/wp-content\/uploads\/2025\/06\/Edicoes-11-1-300x169.png 300w, https:\/\/www.correiobraziliense.com.br\/cbradar\/wp-content\/uploads\/2025\/06\/Edicoes-11-1-768x432.png 768w, https:\/\/www.correiobraziliense.com.br\/cbradar\/wp-content\/uploads\/2025\/06\/Edicoes-11-1-750x422.png 750w, https:\/\/www.correiobraziliense.com.br\/cbradar\/wp-content\/uploads\/2025\/06\/Edicoes-11-1-1140x641.png 1140w, https:\/\/www.correiobraziliense.com.br\/cbradar\/wp-content\/uploads\/2025\/06\/Edicoes-11-1.png 1280w\" sizes=\"(max-width: 1024px) 100vw, 1024px\" \/><figcaption class=\"wp-element-caption\">Desfrute do clima acolhedor e das op\u00e7\u00f5es de lazer em S\u00e3o Jos\u00e9 do Rio Preto. \/\/ Reprodu\u00e7\u00e3o: Wikip\u00e9dia<\/figcaption><\/figure><\/div>\n\n\n<h2 class=\"wp-block-heading\">O que faz da cidade a 8\u00aa mais desenvolvida do pa\u00eds?<\/h2>\n\n\n\n<p>Rio Preto ocupa a 8\u00aa posi\u00e7\u00e3o no <a href=\"https:\/\/www.riopreto.sp.gov.br\/noticias\/sao-jose-do-rio-preto-e-8-cidade-mais-desenvolvida-do-pais\" target=\"_blank\" rel=\"noreferrer noopener\"><strong>\u00cdndice Firjan de Desenvolvimento Municipal (IFDM)<\/strong><\/a> 2025. Entre as cidades \u00e0 frente dela no ranking nacional, apenas <strong>Curitiba<\/strong> tem mais habitantes.<\/p>\n\n\n\n<p>O munic\u00edpio subiu 13 posi\u00e7\u00f5es em um ano e atingiu desenvolvimento alto em <strong>Emprego e Renda<\/strong> (0,9750) e <strong>Sa\u00fade <\/strong>(0,8503). Em saneamento, a cidade tem 100% de cobertura de \u00e1gua tratada e ficou em primeiro lugar entre as 100 maiores do pa\u00eds no ranking do Trata Brasil em 2023.<\/p>\n\n\n\n<p>O v\u00eddeo do canal <strong>Cidades do Interior<\/strong> apresenta <strong>S\u00e3o Jos\u00e9 do Rio Preto<\/strong>, no noroeste de S\u00e3o Paulo, destacando-a como uma das melhores cidades do pa\u00eds para se viver, com uma infraestrutura completa que equilibra o ritmo do interior com as facilidades de uma metr\u00f3pole.<\/p>\n\n\n\n<figure class=\"wp-block-embed aligncenter is-type-video is-provider-youtube wp-block-embed-youtube wp-embed-aspect-16-9 wp-has-aspect-ratio\"><div class=\"wp-block-embed__wrapper\">\n<div class=\"jeg_video_container jeg_video_content\"><iframe loading=\"lazy\" title=\"S\u00c3O JOS\u00c9 DO RIO PRETO SP - Uma das melhores cidades para viver no interior paulista\" width=\"500\" height=\"281\" src=\"https:\/\/www.youtube.com\/embed\/49o8znSPjjg?feature=oembed\" frameborder=\"0\" allow=\"accelerometer; autoplay; clipboard-write; encrypted-media; gyroscope; picture-in-picture; web-share\" referrerpolicy=\"strict-origin-when-cross-origin\" allowfullscreen><\/iframe><\/div>\n<\/div><\/figure>\n\n\n\n<h2 class=\"wp-block-heading\">Como \u00e9 o cotidiano de quem mora em Rio Preto?<\/h2>\n\n\n\n<p>A cidade tem cerca de 504 mil habitantes distribu\u00eddos em mais de 360 bairros, segundo o <a href=\"https:\/\/cidades.ibge.gov.br\/brasil\/sp\/sao-jose-do-rio-preto\" target=\"_blank\" rel=\"noreferrer noopener\"><strong>IBGE<\/strong><\/a>. A malha vi\u00e1ria bem distribu\u00edda permite atravessar o munic\u00edpio em cerca de 20 minutos, algo raro em cidades desse porte.<\/p>\n\n\n\n<p>O <strong>IDH<\/strong> de 0,797 coloca o munic\u00edpio entre os 50 mais desenvolvidos do Brasil. Bairros como Jardim Vivendas, Boa Vista e Vila Redentora re\u00fanem ruas arborizadas, com\u00e9rcio consolidado e proximidade com escolas e supermercados, o que reduz deslocamentos no dia a dia.<\/p>\n\n\n\n<p>Outro detalhe curioso da rotina rio-pretense: capivaras viraram s\u00edmbolo informal da cidade. Mais de 120 vivem no <strong>Parque da Represa<\/strong> e d\u00e3o nome a com\u00e9rcios, bandas e times locais.<\/p>\n\n\n<div class=\"wp-block-image\">\n<figure class=\"aligncenter size-large\"><img decoding=\"async\" width=\"1024\" height=\"576\" src=\"https:\/\/www.correiobraziliense.com.br\/cbradar\/wp-content\/uploads\/2025\/07\/Edicoes-100-1024x576.png\" alt=\"Uma das melhores cidades de S\u00e3o Paulo se destaca em sa\u00fade e medicina, provando ser refer\u00eancia no pa\u00eds\" class=\"wp-image-77249\" srcset=\"https:\/\/www.correiobraziliense.com.br\/cbradar\/wp-content\/uploads\/2025\/07\/Edicoes-100-1024x576.png 1024w, https:\/\/www.correiobraziliense.com.br\/cbradar\/wp-content\/uploads\/2025\/07\/Edicoes-100-300x169.png 300w, https:\/\/www.correiobraziliense.com.br\/cbradar\/wp-content\/uploads\/2025\/07\/Edicoes-100-768x432.png 768w, https:\/\/www.correiobraziliense.com.br\/cbradar\/wp-content\/uploads\/2025\/07\/Edicoes-100-750x422.png 750w, https:\/\/www.correiobraziliense.com.br\/cbradar\/wp-content\/uploads\/2025\/07\/Edicoes-100-1140x641.png 1140w, https:\/\/www.correiobraziliense.com.br\/cbradar\/wp-content\/uploads\/2025\/07\/Edicoes-100.png 1280w\" sizes=\"(max-width: 1024px) 100vw, 1024px\" \/><figcaption class=\"wp-element-caption\">S\u00e3o Jos\u00e9 do Rio Preto se destaca por sua economia din\u00e2mica e eventos culturais. \/\/ Cr\u00e9ditos: YouTube @falavininhu<\/figcaption><\/figure><\/div>\n\n\n<h2 class=\"wp-block-heading\">Quais atra\u00e7\u00f5es merecem uma visita na cidade?<\/h2>\n\n\n\n<p>O lazer rio-pretense gira em torno de \u00e1reas verdes amplas e patrim\u00f4nio tombado. Boa parte das op\u00e7\u00f5es abre de ter\u00e7a a domingo com entrada gratuita.<\/p>\n\n\n\n<ul class=\"wp-block-list\">\n<li><strong>Parque da Represa Municipal<\/strong>: cart\u00e3o-postal com pista de 2,7 km, tr\u00eas lagos e a segunda maior fonte luminosa do Brasil, com mais de 30 jatos de at\u00e9 15 m de altura.<\/li>\n\n\n\n<li><strong>Mercado Municipal<\/strong>: pr\u00e9dio de 1944 em estilo art d\u00e9co, tombado em 2004, ponto de encontro tradicional para pastel e produtos frescos.<\/li>\n\n\n\n<li><strong>Complexo Swift de Educa\u00e7\u00e3o e Cultura<\/strong>: antiga sede da Companhia Swift de 1944, em estilo brit\u00e2nico, hoje abriga o Teatro Municipal Paulo Moura com 954 lugares.<\/li>\n\n\n\n<li><strong>Museu de Arte Primitivista Jos\u00e9 Ant\u00f4nio da Silva<\/strong>: acervo de 67 telas a \u00f3leo do artista na\u00eff nascido na regi\u00e3o.<\/li>\n\n\n\n<li><strong>Catedral de S\u00e3o Jos\u00e9<\/strong>: templo moderno com vitrais coloridos e capacidade para 3 mil pessoas.<\/li>\n<\/ul>\n\n\n\n<h2 class=\"wp-block-heading\">O que comer na rota gastron\u00f4mica rio-pretense?<\/h2>\n\n\n\n<p><strong>A cena local mistura comida caipira inventiva com cozinha contempor\u00e2nea. <\/strong>A cidade j\u00e1 revelou nomes como Jackie Watanabe, do programa Mestre do Sabor, e tem tradi\u00e7\u00e3o em concursos como o Comida di Buteco.<\/p>\n\n\n\n<ul class=\"wp-block-list\">\n<li><strong>Pil\u00e3ozinho<\/strong>: massa de caboti\u00e3 recheada com ragu de rabada e pesto de manjeric\u00e3o, cria\u00e7\u00e3o do Bar do Cidinho que venceu o Comida di Buteco em 2019.<\/li>\n\n\n\n<li><strong>Baurustela<\/strong>: bolinho de til\u00e1pia com queijo meia-cura, caj\u00e1-manga e pimenta dedo-de-mo\u00e7a, classificado como Sabor de S\u00e3o Paulo.<\/li>\n\n\n\n<li><strong>Cabo de relho<\/strong>: lingui\u00e7a de porco combinada com costelinha, prato t\u00edpico da culin\u00e1ria regional de raiz.<\/li>\n\n\n\n<li><strong>Pastel do Mercad\u00e3o<\/strong>: cl\u00e1ssico do <a href=\"https:\/\/www.riopreto.sp.gov.br\/interesses\/gastronomia\" target=\"_blank\" rel=\"noreferrer noopener\"><strong>roteiro gastron\u00f4mico oficial<\/strong><\/a>, servido na hora desde os anos 1940.<\/li>\n<\/ul>\n\n\n\n<p><strong>Leia tamb\u00e9m: <a href=\"https:\/\/www.correiobraziliense.com.br\/cbradar\/a-gramado-mineira-encanta-com-uma-vila-a-1-500m-de-altitude-onde-casinhas-coloridas-simples-neblina-e-a-lareira-ditam-o-ritmo\/\" target=\"_blank\" rel=\"noreferrer noopener\">A &#8220;Gramado Mineira&#8221; encanta com uma vila a 1.500m de altitude onde casinhas coloridas simples, neblina e a lareira ditam o ritmo.<\/a><\/strong><\/p>\n\n\n\n<h2 class=\"wp-block-heading\">Como \u00e9 o clima ao longo do ano em Rio Preto?<\/h2>\n\n\n\n<p><strong>O munic\u00edpio tem clima quente durante quase o ano todo, com ver\u00f5es chuvosos e invernos secos.<\/strong> A baixa umidade nos meses frios costuma surpreender visitantes desavisados.<\/p>\n\n\n\n<style>\n  \/* --- CONTAINER BLINDADO (PADR\u00c3O REGISTRADO) --- *\/\n  .clima-grid-final {\n    font-family: -apple-system, BlinkMacSystemFont, \"Segoe UI\", Roboto, Arial, sans-serif !important;\n    width: 100% !important;\n    max-width: 1200px !important;\n    margin: 20px auto !important;\n    display: grid !important;\n    \/* FOR\u00c7A 4 COLUNAS NO DESKTOP *\/\n    grid-template-columns: repeat(4, 1fr) !important; \n    gap: 15px !important;\n    box-sizing: border-box !important;\n  }\n\n  .clima-grid-final * {\n    box-sizing: border-box !important;\n  }\n\n  \/* --- BLINDAGEM CONTRA ADS E PLUGINS INTRUSOS --- *\/\n  .clima-grid-final > :not(.card-clima) {\n    display: none !important;\n    width: 0 !important;\n    height: 0 !important;\n    opacity: 0 !important;\n  }\n\n  \/* --- CARD AZUL --- *\/\n  .card-clima {\n    background: #ffffff !important;\n    border: 1px solid #e3f2fd !important;\n    border-radius: 20px !important;\n    padding: 20px 10px !important;\n    text-align: center !important;\n    display: flex !important;\n    flex-direction: column !important;\n    align-items: center !important;\n    box-shadow: 0 4px 10px rgba(13, 71, 161, 0.05) !important;\n    min-width: 0 !important; \n    transition: transform 0.2s ease !important;\n    overflow: hidden !important;\n    height: 100% !important;\n  }\n\n  .card-clima:hover {\n    transform: translateY(-5px) !important;\n    border-color: #90caf9 !important;\n  }\n\n  \/* --- CONTE\u00daDO --- *\/\n  .estacao-nome { \n    font-size: 14px !important; \n    font-weight: 800 !important; \n    color: #0d47a1 !important; \n    text-transform: uppercase !important; \n    margin: 0 0 5px 0 !important; \n  }\n  \n  .estacao-meses { \n    font-size: 10px !important; \n    font-weight: 700 !important; \n    color: #1565c0 !important; \n    text-transform: uppercase !important; \n    margin-bottom: 15px !important; \n    display: block !important;\n  }\n  \n  .temp-valor { \n    font-size: 24px !important; \n    font-weight: 800 !important; \n    color: #01579b !important; \n    line-height: 1.1 !important; \n    margin: 0 !important;\n  }\n  \n  .temp-label { \n    font-size: 9px !important; \n    font-weight: 600 !important; \n    color: #0288d1 !important; \n    text-transform: uppercase !important; \n    margin-bottom: 15px !important; \n    display: block !important;\n  }\n  \n  .clima-desc { \n    font-size: 12px !important; \n    line-height: 1.4 !important; \n    color: #37474f !important; \n    margin-bottom: 15px !important; \n    flex-grow: 1 !important; \n  }\n\n  .tag-status {\n    background-color: #e1f5fe !important;\n    border: 1px solid #b3e5fc !important;\n    color: #0d47a1 !important;\n    padding: 5px 12px !important;\n    border-radius: 20px !important;\n    font-size: 9px !important;\n    font-weight: 800 !important;\n    text-transform: uppercase !important;\n    margin-top: auto !important;\n  }\n\n  \/* --- RESPONSIVIDADE --- *\/\n  @media (max-width: 800px) {\n    .clima-grid-final {\n      grid-template-columns: 1fr !important; \n    }\n    .card-clima {\n      padding: 25px 20px !important;\n    }\n  }\n<\/style>\n\n<div class=\"google-auto-ads-ignore clima-grid-final\">\n  \n  <div class=\"card-clima\">\n    <div class=\"estacao-nome\">\u2600\ufe0f Ver\u00e3o<\/div>\n    <span class=\"estacao-meses\">Dez &#8211; Fev<\/span>\n    <div class=\"temp-valor\">22-32\u00b0C<\/div>\n    <span class=\"temp-label\">M\u00e9dia<\/span>\n    <div class=\"clima-desc\">Com a chuva em alta, o ideal \u00e9 aproveitar os <b>parques pela manh\u00e3<\/b>, garantindo o lazer antes das pancadas de tarde.<\/div>\n    <div class=\"tag-status\">\ud83c\udf33 Ar Livre<\/div>\n  <\/div>\n\n  <div class=\"card-clima\">\n    <div class=\"estacao-nome\">\ud83c\udf42 Outono<\/div>\n    <span class=\"estacao-meses\">Mar &#8211; Mai<\/span>\n    <div class=\"temp-valor\">18-30\u00b0C<\/div>\n    <span class=\"temp-label\">M\u00e9dia<\/span>\n    <div class=\"clima-desc\">O clima ameno favorece roteiros culturais e gastron\u00f4micos; n\u00e3o deixe de visitar o <b>Mercad\u00e3o<\/b> e os <b>museus<\/b> da cidade.<\/div>\n    <div class=\"tag-status\">\ud83c\udfd9\ufe0f Urbano<\/div>\n  <\/div>\n\n  <div class=\"card-clima\">\n    <div class=\"estacao-nome\">\ud83e\udde3 Inverno<\/div>\n    <span class=\"estacao-meses\">Jun &#8211; Ago<\/span>\n    <div class=\"temp-valor\">14-28\u00b0C<\/div>\n    <span class=\"temp-label\">M\u00e9dia<\/span>\n    <div class=\"clima-desc\">Na esta\u00e7\u00e3o mais seca, a visibilidade e o tempo firme s\u00e3o perfeitos para explorar <b>trilhas<\/b> e contemplar as <b>cachoeiras<\/b> regionais.<\/div>\n    <div class=\"tag-status\">\ud83e\udd7e Aventura<\/div>\n  <\/div>\n\n  <div class=\"card-clima\">\n    <div class=\"estacao-nome\">\ud83c\udf38 Primavera<\/div>\n    <span class=\"estacao-meses\">Set &#8211; Nov<\/span>\n    <div class=\"temp-valor\">18-32\u00b0C<\/div>\n    <span class=\"temp-label\">M\u00e9dia<\/span>\n    <div class=\"clima-desc\">Aproveite o fim de tarde na <b>pista da represa<\/b> para admirar o <b>p\u00f4r do sol<\/b>, um dos cen\u00e1rios mais bonitos do per\u00edodo.<\/div>\n    <div class=\"tag-status\">\ud83c\udf05 Contempla\u00e7\u00e3o<\/div>\n  <\/div>\n\n<\/div>\n\n\n\n<p><em>Temperaturas aproximadas com base no <a href=\"https:\/\/www.climatempo.com.br\/previsao-do-tempo\/cidade\/552\/saojosedoriopreto-sp\" target=\"_blank\" rel=\"noreferrer noopener\"><strong>Climatempo<\/strong><\/a>. Condi\u00e7\u00f5es podem variar.<\/em><\/p>\n\n\n<div class=\"wp-block-image\">\n<figure class=\"aligncenter size-large\"><img decoding=\"async\" width=\"1024\" height=\"576\" src=\"https:\/\/www.correiobraziliense.com.br\/cbradar\/wp-content\/uploads\/2025\/06\/Edicoes-10-1-1024x576.png\" alt=\"A metr\u00f3pole de excel\u00eancia que lidera a qualidade de vida no interior de S\u00e3o Paulo e conquista novos moradores todo ano\" class=\"wp-image-47144\" srcset=\"https:\/\/www.correiobraziliense.com.br\/cbradar\/wp-content\/uploads\/2025\/06\/Edicoes-10-1-1024x576.png 1024w, https:\/\/www.correiobraziliense.com.br\/cbradar\/wp-content\/uploads\/2025\/06\/Edicoes-10-1-300x169.png 300w, https:\/\/www.correiobraziliense.com.br\/cbradar\/wp-content\/uploads\/2025\/06\/Edicoes-10-1-768x432.png 768w, https:\/\/www.correiobraziliense.com.br\/cbradar\/wp-content\/uploads\/2025\/06\/Edicoes-10-1-750x422.png 750w, https:\/\/www.correiobraziliense.com.br\/cbradar\/wp-content\/uploads\/2025\/06\/Edicoes-10-1-1140x641.png 1140w, https:\/\/www.correiobraziliense.com.br\/cbradar\/wp-content\/uploads\/2025\/06\/Edicoes-10-1.png 1280w\" sizes=\"(max-width: 1024px) 100vw, 1024px\" \/><figcaption class=\"wp-element-caption\">S\u00e3o Jos\u00e9 do Rio Preto \u00e9 um importante centro comercial e cultural no interior de S\u00e3o Paulo. \/\/ Reprodu\u00e7\u00e3o: Wikip\u00e9dia<\/figcaption><\/figure><\/div>\n\n\n<h2 class=\"wp-block-heading\">Como chegar a S\u00e3o Jos\u00e9 do Rio Preto?<\/h2>\n\n\n\n<p>Rio Preto fica a 442 km da capital paulista pela <strong>Rodovia Washington Lu\u00eds<\/strong>, cerca de 5h30 de carro. A cidade \u00e9 cortada tamb\u00e9m pela <strong>Transbrasiliana (BR-153)<\/strong> e pela Assis Chateaubriand, e tem aeroporto regional com voos diretos para <strong>S\u00e3o Paulo<\/strong>, <strong>Campinas<\/strong> e <strong>Bras\u00edlia<\/strong>.<\/p>\n\n\n\n<h2 class=\"wp-block-heading\">A cidade que cuida do interior paulista<\/h2>\n\n\n\n<p><strong>Rio Preto re\u00fane uma combina\u00e7\u00e3o rara no Brasil: <\/strong>hospitais de refer\u00eancia nacional, saneamento de capital europeia e a leveza de uma cidade onde capivaras circulam livres. O ritmo do interior convive com a estrutura de um grande centro a poucos minutos de qualquer bairro.<\/p>\n\n\n\n<p>Voc\u00ea precisa conhecer S\u00e3o Jos\u00e9 do Rio Preto e sentir o que \u00e9 viver em uma cidade que cresce com sa\u00fade e ainda preserva o jeito calmo de quem mora em um bom lugar.<\/p>\n","protected":false},"excerpt":{"rendered":"<p>O complexo hospitalar de S\u00e3o Jos\u00e9 do Rio Preto atende pacientes de 102 munic\u00edpios e abriga o segundo maior hospital-escola do pa\u00eds. Em 2026, a cidade do noroeste paulista inaugurou o primeiro Centro de Manuten\u00e7\u00e3o de \u00d3rg\u00e3os do Brasil. Por que Rio Preto \u00e9 refer\u00eancia em sa\u00fade no pa\u00eds? O Hospital de Base \u00e9 o [&hellip;]<\/p>\n","protected":false},"author":8,"featured_media":185073,"comment_status":"open","ping_status":"open","sticky":false,"template":"","format":"standard","meta":{"_yoast_wpseo_focuskw":"s\u00e3o paulo","_yoast_wpseo_title":"","_yoast_wpseo_metadesc":"No interior de S\u00e3o Paulo, a cidade \u00e9 a 8\u00aa mais desenvolvida do Brasil, refer\u00eancia em sa\u00fade e sede do 2\u00ba maior hospital-escola do pa\u00eds.","jnews-multi-image_gallery":[],"jnews_single_post":{"format":"standard"},"jnews_primary_category":[],"jnews_social_meta":[],"jnews_override_counter":[],"footnotes":""},"categories":[108,111],"post_tag":[791,278],"class_list":["post-232746","post","type-post","status-publish","format-standard","has-post-thumbnail","hentry","category-cidades","category-turismo","tag-sao-jose-do-rio-preto","tag-sao-paulo"],"yoast_head":"<!-- This site is optimized with the Yoast SEO plugin v24.6 - https:\/\/yoast.com\/wordpress\/plugins\/seo\/ -->\n<title>No interior de S\u00e3o Paulo, a 8\u00aa cidade mais desenvolvida do Brasil \u00e9 refer\u00eancia em sa\u00fade e abriga o 2\u00ba maior hospital-escola do pa\u00eds - Correio Braziliense - Radar<\/title>\n<meta name=\"description\" content=\"No interior de S\u00e3o Paulo, a cidade \u00e9 a 8\u00aa mais desenvolvida do Brasil, refer\u00eancia em sa\u00fade e sede do 2\u00ba maior hospital-escola do pa\u00eds.\" \/>\n<meta name=\"robots\" content=\"index, follow, max-snippet:-1, max-image-preview:large, max-video-preview:-1\" \/>\n<link rel=\"canonical\" href=\"https:\/\/www.correiobraziliense.com.br\/cbradar\/no-interior-de-sao-paulo-a-8a-cidade-mais-desenvolvida-do-brasil-e-referencia-em-saude-e-abriga-o-2o-maior-hospital-escola-do-pais\/\" \/>\n<meta property=\"og:locale\" content=\"pt_BR\" \/>\n<meta property=\"og:type\" content=\"article\" \/>\n<meta property=\"og:title\" content=\"No interior de S\u00e3o Paulo, a 8\u00aa cidade mais desenvolvida do Brasil \u00e9 refer\u00eancia em sa\u00fade e abriga o 2\u00ba maior hospital-escola do pa\u00eds - Correio Braziliense - Radar\" \/>\n<meta property=\"og:description\" content=\"No interior de S\u00e3o Paulo, a cidade \u00e9 a 8\u00aa mais desenvolvida do Brasil, refer\u00eancia em sa\u00fade e sede do 2\u00ba maior hospital-escola do pa\u00eds.\" \/>\n<meta property=\"og:url\" content=\"https:\/\/www.correiobraziliense.com.br\/cbradar\/no-interior-de-sao-paulo-a-8a-cidade-mais-desenvolvida-do-brasil-e-referencia-em-saude-e-abriga-o-2o-maior-hospital-escola-do-pais\/\" \/>\n<meta property=\"og:site_name\" content=\"Correio Braziliense - Radar\" \/>\n<meta property=\"article:published_time\" content=\"2026-04-27T07:05:00+00:00\" \/>\n<meta property=\"og:image\" content=\"https:\/\/www.correiobraziliense.com.br\/cbradar\/wp-content\/uploads\/2026\/01\/aaa-2026-01-30T203034.928.png\" \/>\n\t<meta property=\"og:image:width\" content=\"1280\" \/>\n\t<meta property=\"og:image:height\" content=\"720\" \/>\n\t<meta property=\"og:image:type\" content=\"image\/png\" \/>\n<meta name=\"author\" content=\"Maura Pereira\" \/>\n<meta name=\"twitter:card\" content=\"summary_large_image\" \/>\n<meta name=\"twitter:label1\" content=\"Escrito por\" \/>\n\t<meta name=\"twitter:data1\" content=\"Maura Pereira\" \/>\n\t<meta name=\"twitter:label2\" content=\"Est. tempo de leitura\" \/>\n\t<meta name=\"twitter:data2\" content=\"7 minutos\" \/>\n<!-- \/ Yoast SEO plugin. -->","yoast_head_json":{"title":"No interior de S\u00e3o Paulo, a 8\u00aa cidade mais desenvolvida do Brasil \u00e9 refer\u00eancia em sa\u00fade e abriga o 2\u00ba maior hospital-escola do pa\u00eds - Correio Braziliense - Radar","description":"No interior de S\u00e3o Paulo, a cidade \u00e9 a 8\u00aa mais desenvolvida do Brasil, refer\u00eancia em sa\u00fade e sede do 2\u00ba maior hospital-escola do pa\u00eds.","robots":{"index":"index","follow":"follow","max-snippet":"max-snippet:-1","max-image-preview":"max-image-preview:large","max-video-preview":"max-video-preview:-1"},"canonical":"https:\/\/www.correiobraziliense.com.br\/cbradar\/no-interior-de-sao-paulo-a-8a-cidade-mais-desenvolvida-do-brasil-e-referencia-em-saude-e-abriga-o-2o-maior-hospital-escola-do-pais\/","og_locale":"pt_BR","og_type":"article","og_title":"No interior de S\u00e3o Paulo, a 8\u00aa cidade mais desenvolvida do Brasil \u00e9 refer\u00eancia em sa\u00fade e abriga o 2\u00ba maior hospital-escola do pa\u00eds - Correio Braziliense - Radar","og_description":"No interior de S\u00e3o Paulo, a cidade \u00e9 a 8\u00aa mais desenvolvida do Brasil, refer\u00eancia em sa\u00fade e sede do 2\u00ba maior hospital-escola do pa\u00eds.","og_url":"https:\/\/www.correiobraziliense.com.br\/cbradar\/no-interior-de-sao-paulo-a-8a-cidade-mais-desenvolvida-do-brasil-e-referencia-em-saude-e-abriga-o-2o-maior-hospital-escola-do-pais\/","og_site_name":"Correio Braziliense - Radar","article_published_time":"2026-04-27T07:05:00+00:00","og_image":[{"width":1280,"height":720,"url":"https:\/\/www.correiobraziliense.com.br\/cbradar\/wp-content\/uploads\/2026\/01\/aaa-2026-01-30T203034.928.png","type":"image\/png"}],"author":"Maura Pereira","twitter_card":"summary_large_image","twitter_misc":{"Escrito por":"Maura Pereira","Est. tempo de leitura":"7 minutos"},"schema":{"@context":"https:\/\/schema.org","@graph":[{"@type":"WebPage","@id":"https:\/\/www.correiobraziliense.com.br\/cbradar\/no-interior-de-sao-paulo-a-8a-cidade-mais-desenvolvida-do-brasil-e-referencia-em-saude-e-abriga-o-2o-maior-hospital-escola-do-pais\/","url":"https:\/\/www.correiobraziliense.com.br\/cbradar\/no-interior-de-sao-paulo-a-8a-cidade-mais-desenvolvida-do-brasil-e-referencia-em-saude-e-abriga-o-2o-maior-hospital-escola-do-pais\/","name":"No interior de S\u00e3o Paulo, a 8\u00aa cidade mais desenvolvida do Brasil \u00e9 refer\u00eancia em sa\u00fade e abriga o 2\u00ba maior hospital-escola do pa\u00eds - Correio Braziliense - Radar","isPartOf":{"@id":"https:\/\/www.correiobraziliense.com.br\/cbradar\/#website"},"primaryImageOfPage":{"@id":"https:\/\/www.correiobraziliense.com.br\/cbradar\/no-interior-de-sao-paulo-a-8a-cidade-mais-desenvolvida-do-brasil-e-referencia-em-saude-e-abriga-o-2o-maior-hospital-escola-do-pais\/#primaryimage"},"image":{"@id":"https:\/\/www.correiobraziliense.com.br\/cbradar\/no-interior-de-sao-paulo-a-8a-cidade-mais-desenvolvida-do-brasil-e-referencia-em-saude-e-abriga-o-2o-maior-hospital-escola-do-pais\/#primaryimage"},"thumbnailUrl":"https:\/\/www.correiobraziliense.com.br\/cbradar\/wp-content\/uploads\/2026\/01\/aaa-2026-01-30T203034.928.png","datePublished":"2026-04-27T07:05:00+00:00","author":{"@id":"https:\/\/www.correiobraziliense.com.br\/cbradar\/#\/schema\/person\/4053c651a9bfc785afc6f4cbc9032fd3"},"description":"No interior de S\u00e3o Paulo, a cidade \u00e9 a 8\u00aa mais desenvolvida do Brasil, refer\u00eancia em sa\u00fade e sede do 2\u00ba maior hospital-escola do pa\u00eds.","breadcrumb":{"@id":"https:\/\/www.correiobraziliense.com.br\/cbradar\/no-interior-de-sao-paulo-a-8a-cidade-mais-desenvolvida-do-brasil-e-referencia-em-saude-e-abriga-o-2o-maior-hospital-escola-do-pais\/#breadcrumb"},"inLanguage":"pt-BR","potentialAction":[{"@type":"ReadAction","target":["https:\/\/www.correiobraziliense.com.br\/cbradar\/no-interior-de-sao-paulo-a-8a-cidade-mais-desenvolvida-do-brasil-e-referencia-em-saude-e-abriga-o-2o-maior-hospital-escola-do-pais\/"]}]},{"@type":"ImageObject","inLanguage":"pt-BR","@id":"https:\/\/www.correiobraziliense.com.br\/cbradar\/no-interior-de-sao-paulo-a-8a-cidade-mais-desenvolvida-do-brasil-e-referencia-em-saude-e-abriga-o-2o-maior-hospital-escola-do-pais\/#primaryimage","url":"https:\/\/www.correiobraziliense.com.br\/cbradar\/wp-content\/uploads\/2026\/01\/aaa-2026-01-30T203034.928.png","contentUrl":"https:\/\/www.correiobraziliense.com.br\/cbradar\/wp-content\/uploads\/2026\/01\/aaa-2026-01-30T203034.928.png","width":1280,"height":720,"caption":"Viver em S\u00e3o Jos\u00e9 do Rio Preto significa usufruir de um com\u00e9rcio vibrante e uma vida cultural que se manifesta intensamente nos shoppings e teatros. \/ Imagem ilustrativa"},{"@type":"BreadcrumbList","@id":"https:\/\/www.correiobraziliense.com.br\/cbradar\/no-interior-de-sao-paulo-a-8a-cidade-mais-desenvolvida-do-brasil-e-referencia-em-saude-e-abriga-o-2o-maior-hospital-escola-do-pais\/#breadcrumb","itemListElement":[{"@type":"ListItem","position":1,"name":"In\u00edcio","item":"https:\/\/www.correiobraziliense.com.br\/cbradar\/"},{"@type":"ListItem","position":2,"name":"No interior de S\u00e3o Paulo, a 8\u00aa cidade mais desenvolvida do Brasil \u00e9 refer\u00eancia em sa\u00fade e abriga o 2\u00ba maior hospital-escola do pa\u00eds"}]},{"@type":"WebSite","@id":"https:\/\/www.correiobraziliense.com.br\/cbradar\/#website","url":"https:\/\/www.correiobraziliense.com.br\/cbradar\/","name":"Correio Braziliense - Radar","description":"Acompanhe as \u00faltimas not\u00edcias e fique bem informado sobre tudo o que acontece no Brasil e no mundo.","potentialAction":[{"@type":"SearchAction","target":{"@type":"EntryPoint","urlTemplate":"https:\/\/www.correiobraziliense.com.br\/cbradar\/?s={search_term_string}"},"query-input":{"@type":"PropertyValueSpecification","valueRequired":true,"valueName":"search_term_string"}}],"inLanguage":"pt-BR"},{"@type":"Person","@id":"https:\/\/www.correiobraziliense.com.br\/cbradar\/#\/schema\/person\/4053c651a9bfc785afc6f4cbc9032fd3","name":"Maura Pereira","image":{"@type":"ImageObject","inLanguage":"pt-BR","@id":"https:\/\/www.correiobraziliense.com.br\/cbradar\/#\/schema\/person\/image\/","url":"https:\/\/secure.gravatar.com\/avatar\/3effd6bdadfa447f15089c7f7144eaa6?s=96&d=mm&r=g","contentUrl":"https:\/\/secure.gravatar.com\/avatar\/3effd6bdadfa447f15089c7f7144eaa6?s=96&d=mm&r=g","caption":"Maura Pereira"},"sameAs":["https:\/\/www.correiobraziliense.com.br\/"],"url":"https:\/\/www.correiobraziliense.com.br\/cbradar\/author\/mauramyth\/"}]}},"_links":{"self":[{"href":"https:\/\/www.correiobraziliense.com.br\/cbradar\/wp-json\/wp\/v2\/posts\/232746","targetHints":{"allow":["GET"]}}],"collection":[{"href":"https:\/\/www.correiobraziliense.com.br\/cbradar\/wp-json\/wp\/v2\/posts"}],"about":[{"href":"https:\/\/www.correiobraziliense.com.br\/cbradar\/wp-json\/wp\/v2\/types\/post"}],"author":[{"embeddable":true,"href":"https:\/\/www.correiobraziliense.com.br\/cbradar\/wp-json\/wp\/v2\/users\/8"}],"replies":[{"embeddable":true,"href":"https:\/\/www.correiobraziliense.com.br\/cbradar\/wp-json\/wp\/v2\/comments?post=232746"}],"version-history":[{"count":15,"href":"https:\/\/www.correiobraziliense.com.br\/cbradar\/wp-json\/wp\/v2\/posts\/232746\/revisions"}],"predecessor-version":[{"id":232823,"href":"https:\/\/www.correiobraziliense.com.br\/cbradar\/wp-json\/wp\/v2\/posts\/232746\/revisions\/232823"}],"wp:featuredmedia":[{"embeddable":true,"href":"https:\/\/www.correiobraziliense.com.br\/cbradar\/wp-json\/wp\/v2\/media\/185073"}],"wp:attachment":[{"href":"https:\/\/www.correiobraziliense.com.br\/cbradar\/wp-json\/wp\/v2\/media?parent=232746"}],"wp:term":[{"taxonomy":"category","embeddable":true,"href":"https:\/\/www.correiobraziliense.com.br\/cbradar\/wp-json\/wp\/v2\/categories?post=232746"},{"taxonomy":"post_tag","embeddable":true,"href":"https:\/\/www.correiobraziliense.com.br\/cbradar\/wp-json\/wp\/v2\/post_tag?post=232746"}],"curies":[{"name":"wp","href":"https:\/\/api.w.org\/{rel}","templated":true}]}}