{"id":232758,"date":"2026-04-28T06:15:00","date_gmt":"2026-04-28T09:15:00","guid":{"rendered":"https:\/\/www.correiobraziliense.com.br\/cbradar\/?p=232758"},"modified":"2026-04-27T14:27:07","modified_gmt":"2026-04-27T17:27:07","slug":"o-caminho-se-abre-para-esses-3-signos-quando-tudo-parecia-travado","status":"publish","type":"post","link":"https:\/\/www.correiobraziliense.com.br\/cbradar\/o-caminho-se-abre-para-esses-3-signos-quando-tudo-parecia-travado\/","title":{"rendered":"O caminho se abre para esses 3 signos quando tudo parecia travado"},"content":{"rendered":"\n<p>Muitas vezes a vida parece estagnada, mas as movimenta\u00e7\u00f5es astrol\u00f3gicas indicam que o <strong>jogo vai virar<\/strong> para determinados grupos do zod\u00edaco em <strong>2026<\/strong>. Esse movimento de abertura ocorre justamente quando a paci\u00eancia parece esgotada, trazendo renova\u00e7\u00e3o e oportunidades inesperadas que prometem destravar projetos antigos.<\/p>\n\n\n\n<h2 class=\"wp-block-heading\">A reviravolta para os arianos com a chegada de novas propostas<\/h2>\n\n\n\n<p>Os nativos de <strong>\u00c1ries<\/strong> t\u00eam sentido uma press\u00e3o incomum em suas ambi\u00e7\u00f5es profissionais, mas o cen\u00e1rio est\u00e1 prestes a mudar drasticamente com o tr\u00e2nsito planet\u00e1rio favor\u00e1vel. A sensa\u00e7\u00e3o de lutar contra a mar\u00e9 d\u00e1 lugar a um fluxo de <strong>prosperidade financeira<\/strong>, onde contatos do passado reaparecem com convites que podem mudar o rumo da carreira.<\/p>\n\n\n\n<p>Para quem nasceu sob este signo, o momento exige coragem para abandonar velhos m\u00e9todos que j\u00e1 n\u00e3o trazem resultados e abra\u00e7ar a inova\u00e7\u00e3o tecnol\u00f3gica. A <strong>intui\u00e7\u00e3o agu\u00e7ada<\/strong> servir\u00e1 como b\u00fassola para identificar qual porta deve ser atravessada, garantindo que o esfor\u00e7o acumulado nos \u00faltimos meses seja finalmente recompensado com reconhecimento p\u00fablico.<\/p>\n\n\n<div class=\"wp-block-image\">\n<figure class=\"aligncenter size-full\"><img decoding=\"async\" width=\"1280\" height=\"720\" src=\"https:\/\/www.correiobraziliense.com.br\/cbradar\/wp-content\/uploads\/2026\/04\/Aries-_1777256507525.jpg\" alt=\"\" class=\"wp-image-232761\" srcset=\"https:\/\/www.correiobraziliense.com.br\/cbradar\/wp-content\/uploads\/2026\/04\/Aries-_1777256507525.jpg 1280w, https:\/\/www.correiobraziliense.com.br\/cbradar\/wp-content\/uploads\/2026\/04\/Aries-_1777256507525-300x169.jpg 300w, https:\/\/www.correiobraziliense.com.br\/cbradar\/wp-content\/uploads\/2026\/04\/Aries-_1777256507525-768x432.jpg 768w, https:\/\/www.correiobraziliense.com.br\/cbradar\/wp-content\/uploads\/2026\/04\/Aries-_1777256507525-750x422.jpg 750w, https:\/\/www.correiobraziliense.com.br\/cbradar\/wp-content\/uploads\/2026\/04\/Aries-_1777256507525-1140x641.jpg 1140w\" sizes=\"(max-width: 1280px) 100vw, 1280px\" \/><figcaption class=\"wp-element-caption\">Os nativos de \u00c1ries t\u00eam sentido uma press\u00e3o incomum em suas ambi\u00e7\u00f5es profissionais &#8211; Cr\u00e9ditos: depositphotos.com \/ Dzzen<\/figcaption><\/figure><\/div>\n\n\n<p>Leia tamb\u00e9m: <a href=\"https:\/\/www.correiobraziliense.com.br\/cbradar\/3-signos-que-nao-gostam-de-dividir-atencao-e-acabam-sendo-os-mais-ciumentos\/\" target=\"_blank\" rel=\"noreferrer noopener\">3 signos que n\u00e3o gostam de dividir aten\u00e7\u00e3o e acabam sendo os mais ciumentos<\/a><\/p>\n\n\n\n<h2 class=\"wp-block-heading\">G\u00eameos e a facilidade de comunica\u00e7\u00e3o que gera lucros<\/h2>\n\n\n\n<p>Para o signo de <strong>G\u00eameos<\/strong>, o travamento costuma ocorrer na \u00e1rea da execu\u00e7\u00e3o, mas uma clareza mental s\u00fabita ajudar\u00e1 a organizar o caos nas pr\u00f3ximas semanas. A habilidade natural de se expressar ser\u00e1 o motor para destravar negocia\u00e7\u00f5es que estavam paradas na burocracia ou na falta de entendimento entre as partes envolvidas.<\/p>\n\n\n\n<p>Oportunidades de <strong>viagens de neg\u00f3cios<\/strong> ou novos cursos podem surgir como o estalo necess\u00e1rio para que a engrenagem volte a girar com for\u00e7a total. \u00c9 o per\u00edodo ideal para investir em parcerias estrat\u00e9gicas, pois o carisma geminiano estar\u00e1 em seu \u00e1pice, facilitando o convencimento de investidores ou figuras de autoridade que antes pareciam inacess\u00edveis.<\/p>\n\n\n\n<h2 class=\"wp-block-heading\">O guia para identificar os sinais de mudan\u00e7a no seu cotidiano<\/h2>\n\n\n\n<p>Nem sempre o desbloqueio chega com um grande evento, muitas vezes ele se manifesta em pequenos detalhes que indicam que a <strong>energia vital<\/strong> voltou a circular. Estar atento aos sinais do universo e manter a mente aberta para o novo \u00e9 essencial para n\u00e3o deixar as oportunidades passarem despercebidas durante esta fase de transi\u00e7\u00e3o.<\/p>\n\n\n\n<link href=\"https:\/\/fonts.googleapis.com\/css2?family=Inter:wght@400;600;700;800&#038;display=swap\" rel=\"stylesheet\">\n<style>\n\/* Prote\u00e7\u00e3o contra inje\u00e7\u00e3o do \"Veja Tamb\u00e9m\" (JNews inline related posts) *\/\n.rdp-pontos-wrapper .jnews_inline_related_post_wrapper,\n.rdp-pontos-wrapper .jnews_inline_related_post,\n.rdp-pontos-wrapper .jeg_postblock,\n.rdp-pontos-wrapper [class*=\"jnews_inline\"],\n.rdp-pontos-wrapper [class*=\"jeg_postblock\"],\n.rdp-pontos-wrapper [class*=\"jeg_block\"] {\n  display: none !important;\n  height: 0 !important;\n  max-height: 0 !important;\n  overflow: hidden !important;\n  visibility: hidden !important;\n  margin: 0 !important;\n  padding: 0 !important;\n  border: none !important;\n  font-size: 0 !important;\n  line-height: 0 !important;\n}\n.rdp-pontos-wrapper {\n  max-width: 100%;\n  margin: 32px 0;\n  background: #F8F9FA;\n  border: 1px solid #E0E0E0;\n  border-radius: 12px;\n  padding: 28px 28px 20px;\n  font-family: 'Inter', sans-serif;\n  box-shadow: 0 4px 20px rgba(47,195,238,0.12);\n  overflow: hidden;\n  contain: layout style;\n  isolation: isolate;\n  position: relative;\n  z-index: 1;\n}\n.rdp-pontos-wrapper > *:not(.rdp-pontos-title):not(.rdp-pontos-grid) {\n  display: none !important;\n  height: 0 !important;\n  overflow: hidden !important;\n  margin: 0 !important;\n  padding: 0 !important;\n  border: none !important;\n}\n.rdp-pontos-title {\n  font-family: 'Inter', sans-serif;\n  font-size: 20px;\n  font-weight: 800;\n  color: #1A1A1A;\n  margin: 0 0 20px 0;\n  line-height: 1.3;\n  text-align: center;\n}\n.rdp-pontos-grid {\n  display: grid;\n  grid-template-columns: repeat(3, 1fr);\n  gap: 18px;\n}\n.rdp-pontos-item {\n  background: #FFFFFF;\n  border: 1px solid #E0E0E0;\n  border-top: 3px solid #2FC3EE;\n  border-radius: 10px;\n  padding: 22px 20px;\n  box-shadow: 0 2px 10px rgba(47,195,238,0.10);\n  transition: box-shadow 0.3s ease, border-color 0.3s ease;\n  text-align: center;\n}\n.rdp-pontos-item:hover {\n  box-shadow: 0 4px 20px rgba(47,195,238,0.22);\n  border-color: #2FC3EE;\n}\n.rdp-pontos-emoji {\n  font-size: 32px;\n  line-height: 1;\n  margin-bottom: 12px;\n  display: block;\n  text-align: center;\n}\n.rdp-pontos-item-title {\n  font-size: 15px;\n  font-weight: 700;\n  color: #1A1A1A;\n  margin-bottom: 8px;\n  line-height: 1.3;\n}\n.rdp-pontos-item-desc {\n  font-size: 14px;\n  color: #333333;\n  line-height: 1.6;\n  margin: 0;\n}\n@media (max-width: 768px) {\n  .rdp-pontos-wrapper {\n    padding: 20px 16px 14px;\n  }\n  .rdp-pontos-grid {\n    grid-template-columns: 1fr;\n    gap: 14px;\n  }\n  .rdp-pontos-title {\n    font-size: 18px;\n  }\n}\n<\/style>\n\n<div class=\"rdp-pontos-wrapper\">\n  <div class=\"rdp-pontos-title\">Sinais de Sincronicidade e Intui\u00e7\u00e3o<\/div>\n  <div class=\"rdp-pontos-grid\">\n    <div class=\"rdp-pontos-item\">\n      <span class=\"rdp-pontos-emoji\">\ud83e\udd1d<\/span>\n      <div class=\"rdp-pontos-item-title\">Coincid\u00eancias<\/div>\n      <p class=\"rdp-pontos-item-desc\">Reencontros inesperados com pessoas que possuem a chave para o seu problema atual.<\/p>\n    <\/div>\n    <div class=\"rdp-pontos-item\">\n      <span class=\"rdp-pontos-emoji\">\ud83d\udca4<\/span>\n      <div class=\"rdp-pontos-item-title\">Sonhos L\u00facidos<\/div>\n      <p class=\"rdp-pontos-item-desc\">O subconsciente enviando respostas para dilemas que pareciam insol\u00faveis na vig\u00edlia.<\/p>\n    <\/div>\n    <div class=\"rdp-pontos-item\">\n      <span class=\"rdp-pontos-emoji\">\ud83d\udce9<\/span>\n      <div class=\"rdp-pontos-item-title\">Convites Repentinos<\/div>\n      <p class=\"rdp-pontos-item-desc\">Propostas de \u00faltima hora que, mesmo fora do plano, levam ao destino desejado.<\/p>\n    <\/div>\n    <div class=\"rdp-pontos-item\">\n      <span class=\"rdp-pontos-emoji\">\u2728<\/span>\n      <div class=\"rdp-pontos-item-title\">Leveza Emocional<\/div>\n      <p class=\"rdp-pontos-item-desc\">Uma sensa\u00e7\u00e3o de paz inexplic\u00e1vel que antecede grandes conquistas materiais ou espirituais.<\/p>\n    <\/div>\n    <div class=\"rdp-pontos-item\">\n      <span class=\"rdp-pontos-emoji\">\ud83d\udd22<\/span>\n      <div class=\"rdp-pontos-item-title\">Sincronicidade Num\u00e9rica<\/div>\n      <p class=\"rdp-pontos-item-desc\">Observar padr\u00f5es que refor\u00e7am a sensa\u00e7\u00e3o de estar no caminho certo para o sucesso.<\/p>\n    <\/div>\n  <\/div>\n<\/div>\n<div style=\"clear:both;height:0;overflow:hidden;\"><\/div>\n\n\n\n<p>Aten\u00e7\u00e3o: n\u00e3o force situa\u00e7\u00f5es que ainda resistem, pois o verdadeiro fluxo de abertura ocorre de forma natural e sem desgaste excessivo de energia. Praticar a <strong>gratid\u00e3o antecipada<\/strong> ajuda a sintonizar a sua frequ\u00eancia com as novas possibilidades que est\u00e3o sendo desenhadas pelo destino para este ciclo de <strong>Abril<\/strong>.<\/p>\n\n\n\n<h2 class=\"wp-block-heading\">Sagit\u00e1rio encontra a sorte em novos horizontes geogr\u00e1ficos<\/h2>\n\n\n\n<p>O signo de <strong>Sagit\u00e1rio<\/strong>, mestre em buscar sentido na vida, ver\u00e1 as barreiras ca\u00edrem especialmente em quest\u00f5es ligadas ao estrangeiro ou ao ensino superior. Se processos judiciais ou vistos estavam travados, a movimenta\u00e7\u00e3o de <strong>J\u00fapiter<\/strong> favorece a resolu\u00e7\u00e3o positiva desses impasses, trazendo uma liberdade de movimento h\u00e1 muito esperada.<\/p>\n\n\n\n<p>Este \u00e9 o sinal verde para quem deseja mudar de ares ou iniciar um projeto ousado que envolva expans\u00e3o de territ\u00f3rio ou de conhecimento profundo. A <strong>sorte repentina<\/strong> bater\u00e1 \u00e0 porta, mas o sagitariano deve estar preparado para agir r\u00e1pido, transformando o entusiasmo em a\u00e7\u00f5es pr\u00e1ticas que consolidem essa nova e iluminada fase da vida.<\/p>\n\n\n<div class=\"wp-block-image\">\n<figure class=\"aligncenter size-large\"><img decoding=\"async\" width=\"1280\" height=\"714\" src=\"https:\/\/www.correiobraziliense.com.br\/cbradar\/wp-content\/uploads\/2026\/04\/freepik_bussola-metalica-realista_2864564758-1280x714.jpeg\" alt=\"\" class=\"wp-image-232028\" srcset=\"https:\/\/www.correiobraziliense.com.br\/cbradar\/wp-content\/uploads\/2026\/04\/freepik_bussola-metalica-realista_2864564758-1280x714.jpeg 1280w, https:\/\/www.correiobraziliense.com.br\/cbradar\/wp-content\/uploads\/2026\/04\/freepik_bussola-metalica-realista_2864564758-300x167.jpeg 300w, https:\/\/www.correiobraziliense.com.br\/cbradar\/wp-content\/uploads\/2026\/04\/freepik_bussola-metalica-realista_2864564758-768x429.jpeg 768w, https:\/\/www.correiobraziliense.com.br\/cbradar\/wp-content\/uploads\/2026\/04\/freepik_bussola-metalica-realista_2864564758-750x419.jpeg 750w, https:\/\/www.correiobraziliense.com.br\/cbradar\/wp-content\/uploads\/2026\/04\/freepik_bussola-metalica-realista_2864564758-1140x636.jpeg 1140w, https:\/\/www.correiobraziliense.com.br\/cbradar\/wp-content\/uploads\/2026\/04\/freepik_bussola-metalica-realista_2864564758.jpeg 1376w\" sizes=\"(max-width: 1280px) 100vw, 1280px\" \/><figcaption class=\"wp-element-caption\">Identificar essas caracter\u00edsticas nos amigos e familiares facilita a conviv\u00eancia, permitindo respeitar o tempo de cada personalidade astrol\u00f3gica<\/figcaption><\/figure><\/div>\n\n\n<h2 class=\"wp-block-heading\">Como manter a energia em alta enquanto o caminho se abre<\/h2>\n\n\n\n<p>Manter uma postura otimista e o foco no objetivo final \u00e9 fundamental para que o processo de <strong>desbloqueio astrol\u00f3gico<\/strong> seja duradouro e est\u00e1vel. Evite compartilhar seus planos com pessoas pessimistas, protegendo sua nova fase de influ\u00eancias externas que podem tentar frear o seu \u00edmpeto de crescimento e realiza\u00e7\u00e3o pessoal.<\/p>\n\n\n\n<p>Dica r\u00e1pida: reserve momentos de medita\u00e7\u00e3o ao amanhecer para visualizar seus caminhos abertos e sem obst\u00e1culos, fortalecendo sua <strong>resili\u00eancia emocional<\/strong>. Ao alinhar seus pensamentos com a vontade de progredir, voc\u00ea se torna um \u00edm\u00e3 para as solu\u00e7\u00f5es pr\u00e1ticas que o universo est\u00e1 pronto para entregar nos pr\u00f3ximos dias desta jornada.<\/p>\n","protected":false},"excerpt":{"rendered":"<p>Muitas vezes a vida parece estagnada, mas as movimenta\u00e7\u00f5es astrol\u00f3gicas indicam que o jogo vai virar para determinados grupos do zod\u00edaco em 2026. Esse movimento de abertura ocorre justamente quando a paci\u00eancia parece esgotada, trazendo renova\u00e7\u00e3o e oportunidades inesperadas que prometem destravar projetos antigos. A reviravolta para os arianos com a chegada de novas propostas [&hellip;]<\/p>\n","protected":false},"author":9,"featured_media":233212,"comment_status":"open","ping_status":"open","sticky":false,"template":"","format":"standard","meta":{"_yoast_wpseo_focuskw":"signos com reviravolta","_yoast_wpseo_title":"","_yoast_wpseo_metadesc":"Veja quais signos ter\u00e3o desbloqueios em 2026 e como aproveitar essa fase de oportunidades e crescimento inesperado.","jnews-multi-image_gallery":[],"jnews_single_post":{"format":"standard"},"jnews_primary_category":[],"jnews_social_meta":[],"jnews_override_counter":[],"footnotes":""},"categories":[112],"post_tag":[],"class_list":["post-232758","post","type-post","status-publish","format-standard","has-post-thumbnail","hentry","category-curiosidades"],"yoast_head":"<!-- This site is optimized with the Yoast SEO plugin v24.6 - https:\/\/yoast.com\/wordpress\/plugins\/seo\/ -->\n<title>O caminho se abre para esses 3 signos quando tudo parecia travado - Correio Braziliense - Radar<\/title>\n<meta name=\"description\" content=\"Veja quais signos ter\u00e3o desbloqueios em 2026 e como aproveitar essa fase de oportunidades e crescimento inesperado.\" \/>\n<meta name=\"robots\" content=\"index, follow, max-snippet:-1, max-image-preview:large, max-video-preview:-1\" \/>\n<link rel=\"canonical\" href=\"https:\/\/www.correiobraziliense.com.br\/cbradar\/o-caminho-se-abre-para-esses-3-signos-quando-tudo-parecia-travado\/\" \/>\n<meta property=\"og:locale\" content=\"pt_BR\" \/>\n<meta property=\"og:type\" content=\"article\" \/>\n<meta property=\"og:title\" content=\"O caminho se abre para esses 3 signos quando tudo parecia travado - Correio Braziliense - Radar\" \/>\n<meta property=\"og:description\" content=\"Veja quais signos ter\u00e3o desbloqueios em 2026 e como aproveitar essa fase de oportunidades e crescimento inesperado.\" \/>\n<meta property=\"og:url\" content=\"https:\/\/www.correiobraziliense.com.br\/cbradar\/o-caminho-se-abre-para-esses-3-signos-quando-tudo-parecia-travado\/\" \/>\n<meta property=\"og:site_name\" content=\"Correio Braziliense - Radar\" \/>\n<meta property=\"article:published_time\" content=\"2026-04-28T09:15:00+00:00\" \/>\n<meta property=\"og:image\" content=\"https:\/\/www.correiobraziliense.com.br\/cbradar\/wp-content\/uploads\/2026\/04\/Path_opening_illuminated_202604271416.jpeg\" \/>\n\t<meta property=\"og:image:width\" content=\"1280\" \/>\n\t<meta property=\"og:image:height\" content=\"720\" \/>\n\t<meta property=\"og:image:type\" content=\"image\/jpeg\" \/>\n<meta name=\"author\" content=\"Daniely Cardoso\" \/>\n<meta name=\"twitter:card\" content=\"summary_large_image\" \/>\n<meta name=\"twitter:label1\" content=\"Escrito por\" \/>\n\t<meta name=\"twitter:data1\" content=\"Daniely Cardoso\" \/>\n\t<meta name=\"twitter:label2\" content=\"Est. tempo de leitura\" \/>\n\t<meta name=\"twitter:data2\" content=\"5 minutos\" \/>\n<!-- \/ Yoast SEO plugin. -->","yoast_head_json":{"title":"O caminho se abre para esses 3 signos quando tudo parecia travado - Correio Braziliense - Radar","description":"Veja quais signos ter\u00e3o desbloqueios em 2026 e como aproveitar essa fase de oportunidades e crescimento inesperado.","robots":{"index":"index","follow":"follow","max-snippet":"max-snippet:-1","max-image-preview":"max-image-preview:large","max-video-preview":"max-video-preview:-1"},"canonical":"https:\/\/www.correiobraziliense.com.br\/cbradar\/o-caminho-se-abre-para-esses-3-signos-quando-tudo-parecia-travado\/","og_locale":"pt_BR","og_type":"article","og_title":"O caminho se abre para esses 3 signos quando tudo parecia travado - Correio Braziliense - Radar","og_description":"Veja quais signos ter\u00e3o desbloqueios em 2026 e como aproveitar essa fase de oportunidades e crescimento inesperado.","og_url":"https:\/\/www.correiobraziliense.com.br\/cbradar\/o-caminho-se-abre-para-esses-3-signos-quando-tudo-parecia-travado\/","og_site_name":"Correio Braziliense - Radar","article_published_time":"2026-04-28T09:15:00+00:00","og_image":[{"width":1280,"height":720,"url":"https:\/\/www.correiobraziliense.com.br\/cbradar\/wp-content\/uploads\/2026\/04\/Path_opening_illuminated_202604271416.jpeg","type":"image\/jpeg"}],"author":"Daniely Cardoso","twitter_card":"summary_large_image","twitter_misc":{"Escrito por":"Daniely Cardoso","Est. tempo de leitura":"5 minutos"},"schema":{"@context":"https:\/\/schema.org","@graph":[{"@type":"WebPage","@id":"https:\/\/www.correiobraziliense.com.br\/cbradar\/o-caminho-se-abre-para-esses-3-signos-quando-tudo-parecia-travado\/","url":"https:\/\/www.correiobraziliense.com.br\/cbradar\/o-caminho-se-abre-para-esses-3-signos-quando-tudo-parecia-travado\/","name":"O caminho se abre para esses 3 signos quando tudo parecia travado - Correio Braziliense - Radar","isPartOf":{"@id":"https:\/\/www.correiobraziliense.com.br\/cbradar\/#website"},"primaryImageOfPage":{"@id":"https:\/\/www.correiobraziliense.com.br\/cbradar\/o-caminho-se-abre-para-esses-3-signos-quando-tudo-parecia-travado\/#primaryimage"},"image":{"@id":"https:\/\/www.correiobraziliense.com.br\/cbradar\/o-caminho-se-abre-para-esses-3-signos-quando-tudo-parecia-travado\/#primaryimage"},"thumbnailUrl":"https:\/\/www.correiobraziliense.com.br\/cbradar\/wp-content\/uploads\/2026\/04\/Path_opening_illuminated_202604271416.jpeg","datePublished":"2026-04-28T09:15:00+00:00","author":{"@id":"https:\/\/www.correiobraziliense.com.br\/cbradar\/#\/schema\/person\/7356666e12ec0ee53f348ee5db227032"},"description":"Veja quais signos ter\u00e3o desbloqueios em 2026 e como aproveitar essa fase de oportunidades e crescimento inesperado.","breadcrumb":{"@id":"https:\/\/www.correiobraziliense.com.br\/cbradar\/o-caminho-se-abre-para-esses-3-signos-quando-tudo-parecia-travado\/#breadcrumb"},"inLanguage":"pt-BR","potentialAction":[{"@type":"ReadAction","target":["https:\/\/www.correiobraziliense.com.br\/cbradar\/o-caminho-se-abre-para-esses-3-signos-quando-tudo-parecia-travado\/"]}]},{"@type":"ImageObject","inLanguage":"pt-BR","@id":"https:\/\/www.correiobraziliense.com.br\/cbradar\/o-caminho-se-abre-para-esses-3-signos-quando-tudo-parecia-travado\/#primaryimage","url":"https:\/\/www.correiobraziliense.com.br\/cbradar\/wp-content\/uploads\/2026\/04\/Path_opening_illuminated_202604271416.jpeg","contentUrl":"https:\/\/www.correiobraziliense.com.br\/cbradar\/wp-content\/uploads\/2026\/04\/Path_opening_illuminated_202604271416.jpeg","width":1280,"height":720,"caption":"Alguns signos passam por fases de maior abertura de caminhos"},{"@type":"BreadcrumbList","@id":"https:\/\/www.correiobraziliense.com.br\/cbradar\/o-caminho-se-abre-para-esses-3-signos-quando-tudo-parecia-travado\/#breadcrumb","itemListElement":[{"@type":"ListItem","position":1,"name":"In\u00edcio","item":"https:\/\/www.correiobraziliense.com.br\/cbradar\/"},{"@type":"ListItem","position":2,"name":"O caminho se abre para esses 3 signos quando tudo parecia travado"}]},{"@type":"WebSite","@id":"https:\/\/www.correiobraziliense.com.br\/cbradar\/#website","url":"https:\/\/www.correiobraziliense.com.br\/cbradar\/","name":"Correio Braziliense - Radar","description":"Acompanhe as \u00faltimas not\u00edcias e fique bem informado sobre tudo o que acontece no Brasil e no mundo.","potentialAction":[{"@type":"SearchAction","target":{"@type":"EntryPoint","urlTemplate":"https:\/\/www.correiobraziliense.com.br\/cbradar\/?s={search_term_string}"},"query-input":{"@type":"PropertyValueSpecification","valueRequired":true,"valueName":"search_term_string"}}],"inLanguage":"pt-BR"},{"@type":"Person","@id":"https:\/\/www.correiobraziliense.com.br\/cbradar\/#\/schema\/person\/7356666e12ec0ee53f348ee5db227032","name":"Daniely Cardoso","image":{"@type":"ImageObject","inLanguage":"pt-BR","@id":"https:\/\/www.correiobraziliense.com.br\/cbradar\/#\/schema\/person\/image\/","url":"https:\/\/secure.gravatar.com\/avatar\/4b80ddbd124d1f071b626d52d62e5dff?s=96&d=mm&r=g","contentUrl":"https:\/\/secure.gravatar.com\/avatar\/4b80ddbd124d1f071b626d52d62e5dff?s=96&d=mm&r=g","caption":"Daniely Cardoso"},"description":"Redatora nos portais CB Radar e EM Foco, formada pela Universidade Federal de Goi\u00e1s, em Goi\u00e2nia. Apaixonada por comunica\u00e7\u00e3o, arte, decora\u00e7\u00e3o e tend\u00eancias, atuo na produ\u00e7\u00e3o de conte\u00fados envolventes sobre curiosidades, moda, beleza e paisagismo, sempre com um olhar atento \u00e0s novidades do momento.","sameAs":["https:\/\/www.correiobraziliense.com.br\/cbradar"],"url":"https:\/\/www.correiobraziliense.com.br\/cbradar\/author\/danielymyth\/"}]}},"_links":{"self":[{"href":"https:\/\/www.correiobraziliense.com.br\/cbradar\/wp-json\/wp\/v2\/posts\/232758","targetHints":{"allow":["GET"]}}],"collection":[{"href":"https:\/\/www.correiobraziliense.com.br\/cbradar\/wp-json\/wp\/v2\/posts"}],"about":[{"href":"https:\/\/www.correiobraziliense.com.br\/cbradar\/wp-json\/wp\/v2\/types\/post"}],"author":[{"embeddable":true,"href":"https:\/\/www.correiobraziliense.com.br\/cbradar\/wp-json\/wp\/v2\/users\/9"}],"replies":[{"embeddable":true,"href":"https:\/\/www.correiobraziliense.com.br\/cbradar\/wp-json\/wp\/v2\/comments?post=232758"}],"version-history":[{"count":1,"href":"https:\/\/www.correiobraziliense.com.br\/cbradar\/wp-json\/wp\/v2\/posts\/232758\/revisions"}],"predecessor-version":[{"id":232762,"href":"https:\/\/www.correiobraziliense.com.br\/cbradar\/wp-json\/wp\/v2\/posts\/232758\/revisions\/232762"}],"wp:featuredmedia":[{"embeddable":true,"href":"https:\/\/www.correiobraziliense.com.br\/cbradar\/wp-json\/wp\/v2\/media\/233212"}],"wp:attachment":[{"href":"https:\/\/www.correiobraziliense.com.br\/cbradar\/wp-json\/wp\/v2\/media?parent=232758"}],"wp:term":[{"taxonomy":"category","embeddable":true,"href":"https:\/\/www.correiobraziliense.com.br\/cbradar\/wp-json\/wp\/v2\/categories?post=232758"},{"taxonomy":"post_tag","embeddable":true,"href":"https:\/\/www.correiobraziliense.com.br\/cbradar\/wp-json\/wp\/v2\/post_tag?post=232758"}],"curies":[{"name":"wp","href":"https:\/\/api.w.org\/{rel}","templated":true}]}}