{"id":232763,"date":"2026-04-28T14:55:00","date_gmt":"2026-04-28T17:55:00","guid":{"rendered":"https:\/\/www.correiobraziliense.com.br\/cbradar\/?p=232763"},"modified":"2026-04-27T14:21:50","modified_gmt":"2026-04-27T17:21:50","slug":"o-que-parecia-perdido-volta-com-forca-para-esses-3-signos-nos-proximos-dias","status":"publish","type":"post","link":"https:\/\/www.correiobraziliense.com.br\/cbradar\/o-que-parecia-perdido-volta-com-forca-para-esses-3-signos-nos-proximos-dias\/","title":{"rendered":"O que parecia perdido volta com for\u00e7a para esses 3 signos nos pr\u00f3ximos dias"},"content":{"rendered":"\n<p>Muitas vezes, a sensa\u00e7\u00e3o de perda \u00e9 apenas um prel\u00fadio para um retorno ainda mais impactante e recompensador em nossas vidas. Em <strong>maio de 2026<\/strong>, as configura\u00e7\u00f5es astrol\u00f3gicas indicam que o <strong>jogo vai virar<\/strong> para tr\u00eas signos espec\u00edficos, trazendo de volta oportunidades, amores ou projetos que pareciam ter ficado no passado.<\/p>\n\n\n\n<h2 class=\"wp-block-heading\">A reconquista da estabilidade para o signo de Touro<\/h2>\n\n\n\n<p>Os nativos de <strong>Touro<\/strong> t\u00eam enfrentado um per\u00edodo de incertezas, mas a energia de <strong>V\u00eanus<\/strong> promete resgatar algo valioso que foi deixado para tr\u00e1s. Pode ser uma quantia financeira inesperada ou uma proposta de trabalho que voc\u00ea acreditava ter perdido para a concorr\u00eancia, retornando agora com condi\u00e7\u00f5es muito mais vantajosas.<\/p>\n\n\n\n<p>Para quem busca reconcilia\u00e7\u00e3o, o momento \u00e9 de <strong>cura emocional<\/strong> e di\u00e1logos esclarecedores que removem m\u00e1goas antigas de forma natural. A persist\u00eancia taurina ser\u00e1 recompensada, transformando o que era frustra\u00e7\u00e3o em uma base s\u00f3lida para construir um futuro pr\u00f3spero e cheio de <strong>seguran\u00e7a material<\/strong> nos pr\u00f3ximos dias desta semana.<\/p>\n\n\n<div class=\"wp-block-image\">\n<figure class=\"aligncenter size-full\"><img decoding=\"async\" width=\"1280\" height=\"720\" src=\"https:\/\/www.correiobraziliense.com.br\/cbradar\/wp-content\/uploads\/2026\/04\/venus-astros_1777256769432.jpg\" alt=\"\" class=\"wp-image-232764\" srcset=\"https:\/\/www.correiobraziliense.com.br\/cbradar\/wp-content\/uploads\/2026\/04\/venus-astros_1777256769432.jpg 1280w, https:\/\/www.correiobraziliense.com.br\/cbradar\/wp-content\/uploads\/2026\/04\/venus-astros_1777256769432-300x169.jpg 300w, https:\/\/www.correiobraziliense.com.br\/cbradar\/wp-content\/uploads\/2026\/04\/venus-astros_1777256769432-768x432.jpg 768w, https:\/\/www.correiobraziliense.com.br\/cbradar\/wp-content\/uploads\/2026\/04\/venus-astros_1777256769432-750x422.jpg 750w, https:\/\/www.correiobraziliense.com.br\/cbradar\/wp-content\/uploads\/2026\/04\/venus-astros_1777256769432-1140x641.jpg 1140w\" sizes=\"(max-width: 1280px) 100vw, 1280px\" \/><figcaption class=\"wp-element-caption\">Os nativos de Touro t\u00eam enfrentado um per\u00edodo de incertezas, mas a energia de V\u00eanus promete resgatar algo valioso &#8211; Cr\u00e9ditos: depositphotos.com \/ hon_hon_zaza.hotmail.com<\/figcaption><\/figure><\/div>\n\n\n<p>Leia tamb\u00e9m: <a href=\"https:\/\/www.correiobraziliense.com.br\/cbradar\/3-signos-que-nao-gostam-de-dividir-atencao-e-acabam-sendo-os-mais-ciumentos\/\" target=\"_blank\" rel=\"noreferrer noopener\">3 signos que n\u00e3o gostam de dividir aten\u00e7\u00e3o e acabam sendo os mais ciumentos<\/a><\/p>\n\n\n\n<h2 class=\"wp-block-heading\">O retorno de conex\u00f5es profundas para os escorpianos<\/h2>\n\n\n\n<p>Para o signo de <strong>Escorpi\u00e3o<\/strong>, o que volta com for\u00e7a total s\u00e3o os la\u00e7os afetivos e as parcerias de confian\u00e7a que haviam se desgastado com o tempo. A influ\u00eancia de <strong>Plut\u00e3o<\/strong> facilita a transmuta\u00e7\u00e3o de sentimentos negativos, permitindo que uma pessoa importante retorne \u00e0 sua vida trazendo respostas e um novo f\u00f4lego para o seu cora\u00e7\u00e3o.<\/p>\n\n\n\n<p>Essa fase de <strong>renascimento pessoal<\/strong> tamb\u00e9m se estende aos projetos criativos que foram engavetados por falta de recursos ou de incentivo externo. A intensidade escorpiana ser\u00e1 o combust\u00edvel necess\u00e1rio para retomar essas ideias, garantindo que o brilho e a paix\u00e3o voltem a guiar suas escolhas mais importantes na jornada rumo ao sucesso.<\/p>\n\n\n\n<h2 class=\"wp-block-heading\">O guia para lidar com o retorno de situa\u00e7\u00f5es do passado<\/h2>\n\n\n\n<p>Receber de volta algo que consider\u00e1vamos perdido exige maturidade para n\u00e3o repetir os mesmos erros que levaram ao afastamento inicial. \u00c9 fundamental avaliar se o que est\u00e1 retornando ainda faz sentido para a sua <strong>evolu\u00e7\u00e3o espiritual<\/strong> e se voc\u00ea est\u00e1 preparado para integrar essa novidade na sua rotina atual de forma equilibrada.<\/p>\n\n\n\n<link href=\"https:\/\/fonts.googleapis.com\/css2?family=Inter:wght@400;600;700;800&#038;display=swap\" rel=\"stylesheet\">\n<style>\n\/* Prote\u00e7\u00e3o contra inje\u00e7\u00e3o do \"Veja Tamb\u00e9m\" (JNews inline related posts) *\/\n.rdp-pontos-wrapper .jnews_inline_related_post_wrapper,\n.rdp-pontos-wrapper .jnews_inline_related_post,\n.rdp-pontos-wrapper .jeg_postblock,\n.rdp-pontos-wrapper [class*=\"jnews_inline\"],\n.rdp-pontos-wrapper [class*=\"jeg_postblock\"],\n.rdp-pontos-wrapper [class*=\"jeg_block\"] {\n  display: none !important;\n  height: 0 !important;\n  max-height: 0 !important;\n  overflow: hidden !important;\n  visibility: hidden !important;\n  margin: 0 !important;\n  padding: 0 !important;\n  border: none !important;\n  font-size: 0 !important;\n  line-height: 0 !important;\n}\n.rdp-pontos-wrapper {\n  max-width: 100%;\n  margin: 32px 0;\n  background: #F8F9FA;\n  border: 1px solid #E0E0E0;\n  border-radius: 12px;\n  padding: 28px 28px 20px;\n  font-family: 'Inter', sans-serif;\n  box-shadow: 0 4px 20px rgba(47,195,238,0.12);\n  overflow: hidden;\n  contain: layout style;\n  isolation: isolate;\n  position: relative;\n  z-index: 1;\n}\n.rdp-pontos-wrapper > *:not(.rdp-pontos-title):not(.rdp-pontos-grid) {\n  display: none !important;\n  height: 0 !important;\n  overflow: hidden !important;\n  margin: 0 !important;\n  padding: 0 !important;\n  border: none !important;\n}\n.rdp-pontos-title {\n  font-family: 'Inter', sans-serif;\n  font-size: 20px;\n  font-weight: 800;\n  color: #1A1A1A;\n  margin: 0 0 20px 0;\n  line-height: 1.3;\n  text-align: center;\n}\n.rdp-pontos-grid {\n  display: grid;\n  grid-template-columns: repeat(3, 1fr);\n  gap: 18px;\n}\n.rdp-pontos-item {\n  background: #FFFFFF;\n  border: 1px solid #E0E0E0;\n  border-top: 3px solid #2FC3EE;\n  border-radius: 10px;\n  padding: 22px 20px;\n  box-shadow: 0 2px 10px rgba(47,195,238,0.10);\n  transition: box-shadow 0.3s ease, border-color 0.3s ease;\n  text-align: center;\n}\n.rdp-pontos-item:hover {\n  box-shadow: 0 4px 20px rgba(47,195,238,0.22);\n  border-color: #2FC3EE;\n}\n.rdp-pontos-emoji {\n  font-size: 32px;\n  line-height: 1;\n  margin-bottom: 12px;\n  display: block;\n  text-align: center;\n}\n.rdp-pontos-item-title {\n  font-size: 15px;\n  font-weight: 700;\n  color: #1A1A1A;\n  margin-bottom: 8px;\n  line-height: 1.3;\n}\n.rdp-pontos-item-desc {\n  font-size: 14px;\n  color: #333333;\n  line-height: 1.6;\n  margin: 0;\n}\n@media (max-width: 768px) {\n  .rdp-pontos-wrapper {\n    padding: 20px 16px 14px;\n  }\n  .rdp-pontos-grid {\n    grid-template-columns: 1fr;\n    gap: 14px;\n  }\n  .rdp-pontos-title {\n    font-size: 18px;\n  }\n}\n<\/style>\n\n<div class=\"rdp-pontos-wrapper\">\n  <div class=\"rdp-pontos-title\">Dicas para Lidar com Retornos e Oportunidades<\/div>\n  <div class=\"rdp-pontos-grid\">\n    <div class=\"rdp-pontos-item\">\n      <span class=\"rdp-pontos-emoji\">\ud83e\uddd8<\/span>\n      <div class=\"rdp-pontos-item-title\">Desapego do Ego<\/div>\n      <p class=\"rdp-pontos-item-desc\">Receba a novidade sem ressentimentos, focando no aprendizado gerado pelo tempo de aus\u00eancia.<\/p>\n    <\/div>\n    <div class=\"rdp-pontos-item\">\n      <span class=\"rdp-pontos-emoji\">\ud83d\udd04<\/span>\n      <div class=\"rdp-pontos-item-title\">Avalie as Condi\u00e7\u00f5es<\/div>\n      <p class=\"rdp-pontos-item-desc\">Muitas vezes o retorno vem com uma roupagem diferente e mais alinhada ao seu momento presente.<\/p>\n    <\/div>\n    <div class=\"rdp-pontos-item\">\n      <span class=\"rdp-pontos-emoji\">\ud83e\udd10<\/span>\n      <div class=\"rdp-pontos-item-title\">Mantenha a Discri\u00e7\u00e3o<\/div>\n      <p class=\"rdp-pontos-item-desc\">Proteja sua esperan\u00e7a evitando compartilhar planos com pessoas invejosas ou pessimistas.<\/p>\n    <\/div>\n    <div class=\"rdp-pontos-item\">\n      <span class=\"rdp-pontos-emoji\">\ud83d\udd2e<\/span>\n      <div class=\"rdp-pontos-item-title\">Use a Intui\u00e7\u00e3o<\/div>\n      <p class=\"rdp-pontos-item-desc\">Sinta se o retorno traz leveza ou peso; o que \u00e9 seu por direito deve fluir com naturalidade.<\/p>\n    <\/div>\n    <div class=\"rdp-pontos-item\">\n      <span class=\"rdp-pontos-emoji\">\ud83d\udcb0<\/span>\n      <div class=\"rdp-pontos-item-title\">Organize as Finan\u00e7as<\/div>\n      <p class=\"rdp-pontos-item-desc\">Caso o retorno seja material, planeje como investir esse recurso para gerar frutos duradouros.<\/p>\n    <\/div>\n  <\/div>\n<\/div>\n<div style=\"clear:both;height:0;overflow:hidden;\"><\/div>\n\n\n\n<p>Aten\u00e7\u00e3o: nem tudo o que volta deve ficar para sempre; algumas situa\u00e7\u00f5es retornam apenas para que o ciclo seja encerrado com <strong>gratid\u00e3o e paz<\/strong>. Esteja atento aos sinais do universo e n\u00e3o tenha medo de dizer sim para a felicidade que bate \u00e0 sua porta ap\u00f3s um longo per\u00edodo de espera e sil\u00eancio absoluto.<\/p>\n\n\n\n<h2 class=\"wp-block-heading\">Capric\u00f3rnio resgata o prest\u00edgio e a autoridade profissional<\/h2>\n\n\n\n<p>Os capricornianos ver\u00e3o o retorno de uma posi\u00e7\u00e3o de destaque ou de um cliente importante que havia se afastado por quest\u00f5es alheias \u00e0 sua vontade. A <strong>disciplina inabal\u00e1vel<\/strong> demonstrada durante a crise serviu como prova de car\u00e1ter, e agora o mercado ou o c\u00edrculo social reconhece o seu valor com honras e novas responsabilidades.<\/p>\n\n\n\n<p>Este movimento de <strong>justi\u00e7a c\u00f3smica<\/strong> traz um al\u00edvio para quem sentia que estava trabalhando no vazio sem o devido retorno financeiro ou moral. Aproveite essa onda de reconhecimento para consolidar sua imagem e expandir seus horizontes, pois o que parecia perdido era apenas uma pausa necess\u00e1ria para que voc\u00ea pudesse se fortalecer para o pr\u00f3ximo n\u00edvel.<\/p>\n\n\n\n<h2 class=\"wp-block-heading\">Como aproveitar a mar\u00e9 de sorte que se aproxima em maio <\/h2>\n\n\n\n<p>Para potencializar esses efeitos, \u00e9 essencial manter a vibra\u00e7\u00e3o elevada e evitar pensamentos de escassez que tentam sabotar o seu merecimento. Dica r\u00e1pida: fa\u00e7a uma limpeza f\u00edsica e energ\u00e9tica em sua casa, abrindo espa\u00e7o para que o novo (ou o antigo renovado) encontre um lugar acolhedor para se instalar e <strong>prosperar plenamente<\/strong>.<\/p>\n\n\n<div class=\"wp-block-image\">\n<figure class=\"aligncenter size-full\"><img decoding=\"async\" width=\"1280\" height=\"720\" src=\"https:\/\/www.correiobraziliense.com.br\/cbradar\/wp-content\/uploads\/2026\/04\/signos-astro_1776914409978.jpg\" alt=\"\" class=\"wp-image-230386\" srcset=\"https:\/\/www.correiobraziliense.com.br\/cbradar\/wp-content\/uploads\/2026\/04\/signos-astro_1776914409978.jpg 1280w, https:\/\/www.correiobraziliense.com.br\/cbradar\/wp-content\/uploads\/2026\/04\/signos-astro_1776914409978-300x169.jpg 300w, https:\/\/www.correiobraziliense.com.br\/cbradar\/wp-content\/uploads\/2026\/04\/signos-astro_1776914409978-768x432.jpg 768w, https:\/\/www.correiobraziliense.com.br\/cbradar\/wp-content\/uploads\/2026\/04\/signos-astro_1776914409978-750x422.jpg 750w, https:\/\/www.correiobraziliense.com.br\/cbradar\/wp-content\/uploads\/2026\/04\/signos-astro_1776914409978-1140x641.jpg 1140w\" sizes=\"(max-width: 1280px) 100vw, 1280px\" \/><figcaption class=\"wp-element-caption\">Conviver com signos que n\u00e3o t\u00eam filtro pode ser um desafio para o orgulho, &#8211; Cr\u00e9ditos: depositphotos.com \/ alonesdj<\/figcaption><\/figure><\/div>\n\n\n<p>Ao alinhar suas inten\u00e7\u00f5es com o movimento dos astros, voc\u00ea acelera o processo de manifesta\u00e7\u00e3o e garante que as b\u00ean\u00e7\u00e3os cheguem sem obst\u00e1culos. Lembre-se que o <strong>tempo divino<\/strong> \u00e9 diferente do tempo humano, e o que volta agora vem carregado de uma sabedoria que voc\u00ea n\u00e3o possu\u00eda quando a perda aconteceu originalmente nesta sua caminhada.<\/p>\n\n\n\n<h2 class=\"wp-block-heading\">A vit\u00f3ria est\u00e1 garantida para quem souber esperar o tempo certo<\/h2>\n\n\n\n<p>O universo n\u00e3o esquece dos seus esfor\u00e7os e, em <strong>2026<\/strong>, a colheita promete ser generosa para aqueles que mantiveram a f\u00e9 mesmo nos dias mais sombrios. O que parecia perdido volta n\u00e3o para causar dor, mas para provar que voc\u00ea \u00e9 capaz de superar qualquer desafio e transformar perdas em <strong>vit\u00f3rias memor\u00e1veis<\/strong>.<\/p>\n\n\n\n<p>Receba essas d\u00e1divas com o cora\u00e7\u00e3o aberto e a mente serena, sabendo que voc\u00ea \u00e9 o coautor do seu destino e que o melhor ainda est\u00e1 por vir. Celebre cada pequeno retorno e sinta a for\u00e7a da vida se renovando em cada detalhe, confirmando que, para os astros, nada se perde, tudo se transforma em oportunidade de crescimento e alegria.<\/p>\n","protected":false},"excerpt":{"rendered":"<p>Muitas vezes, a sensa\u00e7\u00e3o de perda \u00e9 apenas um prel\u00fadio para um retorno ainda mais impactante e recompensador em nossas vidas. Em maio de 2026, as configura\u00e7\u00f5es astrol\u00f3gicas indicam que o jogo vai virar para tr\u00eas signos espec\u00edficos, trazendo de volta oportunidades, amores ou projetos que pareciam ter ficado no passado. A reconquista da estabilidade [&hellip;]<\/p>\n","protected":false},"author":9,"featured_media":233193,"comment_status":"open","ping_status":"open","sticky":false,"template":"","format":"standard","meta":{"_yoast_wpseo_focuskw":"signos com estabilidade","_yoast_wpseo_title":"","_yoast_wpseo_metadesc":"Veja quais signos ter\u00e3o algo importante de volta em maio e como aproveitar essa fase de reconex\u00f5es e novas oportunidades.","jnews-multi-image_gallery":[],"jnews_single_post":{"format":"standard"},"jnews_primary_category":[],"jnews_social_meta":[],"jnews_override_counter":[],"footnotes":""},"categories":[112],"post_tag":[],"class_list":["post-232763","post","type-post","status-publish","format-standard","has-post-thumbnail","hentry","category-curiosidades"],"yoast_head":"<!-- This site is optimized with the Yoast SEO plugin v24.6 - https:\/\/yoast.com\/wordpress\/plugins\/seo\/ -->\n<title>O que parecia perdido volta com for\u00e7a para esses 3 signos nos pr\u00f3ximos dias - Correio Braziliense - Radar<\/title>\n<meta name=\"description\" content=\"Veja quais signos ter\u00e3o algo importante de volta em maio e como aproveitar essa fase de reconex\u00f5es e novas oportunidades.\" \/>\n<meta name=\"robots\" content=\"index, follow, max-snippet:-1, max-image-preview:large, max-video-preview:-1\" \/>\n<link rel=\"canonical\" href=\"https:\/\/www.correiobraziliense.com.br\/cbradar\/o-que-parecia-perdido-volta-com-forca-para-esses-3-signos-nos-proximos-dias\/\" \/>\n<meta property=\"og:locale\" content=\"pt_BR\" \/>\n<meta property=\"og:type\" content=\"article\" \/>\n<meta property=\"og:title\" content=\"O que parecia perdido volta com for\u00e7a para esses 3 signos nos pr\u00f3ximos dias - Correio Braziliense - Radar\" \/>\n<meta property=\"og:description\" content=\"Veja quais signos ter\u00e3o algo importante de volta em maio e como aproveitar essa fase de reconex\u00f5es e novas oportunidades.\" \/>\n<meta property=\"og:url\" content=\"https:\/\/www.correiobraziliense.com.br\/cbradar\/o-que-parecia-perdido-volta-com-forca-para-esses-3-signos-nos-proximos-dias\/\" \/>\n<meta property=\"og:site_name\" content=\"Correio Braziliense - Radar\" \/>\n<meta property=\"article:published_time\" content=\"2026-04-28T17:55:00+00:00\" \/>\n<meta property=\"og:image\" content=\"https:\/\/www.correiobraziliense.com.br\/cbradar\/wp-content\/uploads\/2026\/04\/Pessoa_perdida_confusa_202604271355.jpeg\" \/>\n\t<meta property=\"og:image:width\" content=\"1280\" \/>\n\t<meta property=\"og:image:height\" content=\"720\" \/>\n\t<meta property=\"og:image:type\" content=\"image\/jpeg\" \/>\n<meta name=\"author\" content=\"Daniely Cardoso\" \/>\n<meta name=\"twitter:card\" content=\"summary_large_image\" \/>\n<meta name=\"twitter:label1\" content=\"Escrito por\" \/>\n\t<meta name=\"twitter:data1\" content=\"Daniely Cardoso\" \/>\n\t<meta name=\"twitter:label2\" content=\"Est. tempo de leitura\" \/>\n\t<meta name=\"twitter:data2\" content=\"6 minutos\" \/>\n<!-- \/ Yoast SEO plugin. -->","yoast_head_json":{"title":"O que parecia perdido volta com for\u00e7a para esses 3 signos nos pr\u00f3ximos dias - Correio Braziliense - Radar","description":"Veja quais signos ter\u00e3o algo importante de volta em maio e como aproveitar essa fase de reconex\u00f5es e novas oportunidades.","robots":{"index":"index","follow":"follow","max-snippet":"max-snippet:-1","max-image-preview":"max-image-preview:large","max-video-preview":"max-video-preview:-1"},"canonical":"https:\/\/www.correiobraziliense.com.br\/cbradar\/o-que-parecia-perdido-volta-com-forca-para-esses-3-signos-nos-proximos-dias\/","og_locale":"pt_BR","og_type":"article","og_title":"O que parecia perdido volta com for\u00e7a para esses 3 signos nos pr\u00f3ximos dias - Correio Braziliense - Radar","og_description":"Veja quais signos ter\u00e3o algo importante de volta em maio e como aproveitar essa fase de reconex\u00f5es e novas oportunidades.","og_url":"https:\/\/www.correiobraziliense.com.br\/cbradar\/o-que-parecia-perdido-volta-com-forca-para-esses-3-signos-nos-proximos-dias\/","og_site_name":"Correio Braziliense - Radar","article_published_time":"2026-04-28T17:55:00+00:00","og_image":[{"width":1280,"height":720,"url":"https:\/\/www.correiobraziliense.com.br\/cbradar\/wp-content\/uploads\/2026\/04\/Pessoa_perdida_confusa_202604271355.jpeg","type":"image\/jpeg"}],"author":"Daniely Cardoso","twitter_card":"summary_large_image","twitter_misc":{"Escrito por":"Daniely Cardoso","Est. tempo de leitura":"6 minutos"},"schema":{"@context":"https:\/\/schema.org","@graph":[{"@type":"WebPage","@id":"https:\/\/www.correiobraziliense.com.br\/cbradar\/o-que-parecia-perdido-volta-com-forca-para-esses-3-signos-nos-proximos-dias\/","url":"https:\/\/www.correiobraziliense.com.br\/cbradar\/o-que-parecia-perdido-volta-com-forca-para-esses-3-signos-nos-proximos-dias\/","name":"O que parecia perdido volta com for\u00e7a para esses 3 signos nos pr\u00f3ximos dias - Correio Braziliense - Radar","isPartOf":{"@id":"https:\/\/www.correiobraziliense.com.br\/cbradar\/#website"},"primaryImageOfPage":{"@id":"https:\/\/www.correiobraziliense.com.br\/cbradar\/o-que-parecia-perdido-volta-com-forca-para-esses-3-signos-nos-proximos-dias\/#primaryimage"},"image":{"@id":"https:\/\/www.correiobraziliense.com.br\/cbradar\/o-que-parecia-perdido-volta-com-forca-para-esses-3-signos-nos-proximos-dias\/#primaryimage"},"thumbnailUrl":"https:\/\/www.correiobraziliense.com.br\/cbradar\/wp-content\/uploads\/2026\/04\/Pessoa_perdida_confusa_202604271355.jpeg","datePublished":"2026-04-28T17:55:00+00:00","author":{"@id":"https:\/\/www.correiobraziliense.com.br\/cbradar\/#\/schema\/person\/7356666e12ec0ee53f348ee5db227032"},"description":"Veja quais signos ter\u00e3o algo importante de volta em maio e como aproveitar essa fase de reconex\u00f5es e novas oportunidades.","breadcrumb":{"@id":"https:\/\/www.correiobraziliense.com.br\/cbradar\/o-que-parecia-perdido-volta-com-forca-para-esses-3-signos-nos-proximos-dias\/#breadcrumb"},"inLanguage":"pt-BR","potentialAction":[{"@type":"ReadAction","target":["https:\/\/www.correiobraziliense.com.br\/cbradar\/o-que-parecia-perdido-volta-com-forca-para-esses-3-signos-nos-proximos-dias\/"]}]},{"@type":"ImageObject","inLanguage":"pt-BR","@id":"https:\/\/www.correiobraziliense.com.br\/cbradar\/o-que-parecia-perdido-volta-com-forca-para-esses-3-signos-nos-proximos-dias\/#primaryimage","url":"https:\/\/www.correiobraziliense.com.br\/cbradar\/wp-content\/uploads\/2026\/04\/Pessoa_perdida_confusa_202604271355.jpeg","contentUrl":"https:\/\/www.correiobraziliense.com.br\/cbradar\/wp-content\/uploads\/2026\/04\/Pessoa_perdida_confusa_202604271355.jpeg","width":1280,"height":720,"caption":"A astrologia associa per\u00edodos a fases de perda e retomada"},{"@type":"BreadcrumbList","@id":"https:\/\/www.correiobraziliense.com.br\/cbradar\/o-que-parecia-perdido-volta-com-forca-para-esses-3-signos-nos-proximos-dias\/#breadcrumb","itemListElement":[{"@type":"ListItem","position":1,"name":"In\u00edcio","item":"https:\/\/www.correiobraziliense.com.br\/cbradar\/"},{"@type":"ListItem","position":2,"name":"O que parecia perdido volta com for\u00e7a para esses 3 signos nos pr\u00f3ximos dias"}]},{"@type":"WebSite","@id":"https:\/\/www.correiobraziliense.com.br\/cbradar\/#website","url":"https:\/\/www.correiobraziliense.com.br\/cbradar\/","name":"Correio Braziliense - Radar","description":"Acompanhe as \u00faltimas not\u00edcias e fique bem informado sobre tudo o que acontece no Brasil e no mundo.","potentialAction":[{"@type":"SearchAction","target":{"@type":"EntryPoint","urlTemplate":"https:\/\/www.correiobraziliense.com.br\/cbradar\/?s={search_term_string}"},"query-input":{"@type":"PropertyValueSpecification","valueRequired":true,"valueName":"search_term_string"}}],"inLanguage":"pt-BR"},{"@type":"Person","@id":"https:\/\/www.correiobraziliense.com.br\/cbradar\/#\/schema\/person\/7356666e12ec0ee53f348ee5db227032","name":"Daniely Cardoso","image":{"@type":"ImageObject","inLanguage":"pt-BR","@id":"https:\/\/www.correiobraziliense.com.br\/cbradar\/#\/schema\/person\/image\/","url":"https:\/\/secure.gravatar.com\/avatar\/4b80ddbd124d1f071b626d52d62e5dff?s=96&d=mm&r=g","contentUrl":"https:\/\/secure.gravatar.com\/avatar\/4b80ddbd124d1f071b626d52d62e5dff?s=96&d=mm&r=g","caption":"Daniely Cardoso"},"description":"Redatora nos portais CB Radar e EM Foco, formada pela Universidade Federal de Goi\u00e1s, em Goi\u00e2nia. Apaixonada por comunica\u00e7\u00e3o, arte, decora\u00e7\u00e3o e tend\u00eancias, atuo na produ\u00e7\u00e3o de conte\u00fados envolventes sobre curiosidades, moda, beleza e paisagismo, sempre com um olhar atento \u00e0s novidades do momento.","sameAs":["https:\/\/www.correiobraziliense.com.br\/cbradar"],"url":"https:\/\/www.correiobraziliense.com.br\/cbradar\/author\/danielymyth\/"}]}},"_links":{"self":[{"href":"https:\/\/www.correiobraziliense.com.br\/cbradar\/wp-json\/wp\/v2\/posts\/232763","targetHints":{"allow":["GET"]}}],"collection":[{"href":"https:\/\/www.correiobraziliense.com.br\/cbradar\/wp-json\/wp\/v2\/posts"}],"about":[{"href":"https:\/\/www.correiobraziliense.com.br\/cbradar\/wp-json\/wp\/v2\/types\/post"}],"author":[{"embeddable":true,"href":"https:\/\/www.correiobraziliense.com.br\/cbradar\/wp-json\/wp\/v2\/users\/9"}],"replies":[{"embeddable":true,"href":"https:\/\/www.correiobraziliense.com.br\/cbradar\/wp-json\/wp\/v2\/comments?post=232763"}],"version-history":[{"count":1,"href":"https:\/\/www.correiobraziliense.com.br\/cbradar\/wp-json\/wp\/v2\/posts\/232763\/revisions"}],"predecessor-version":[{"id":232768,"href":"https:\/\/www.correiobraziliense.com.br\/cbradar\/wp-json\/wp\/v2\/posts\/232763\/revisions\/232768"}],"wp:featuredmedia":[{"embeddable":true,"href":"https:\/\/www.correiobraziliense.com.br\/cbradar\/wp-json\/wp\/v2\/media\/233193"}],"wp:attachment":[{"href":"https:\/\/www.correiobraziliense.com.br\/cbradar\/wp-json\/wp\/v2\/media?parent=232763"}],"wp:term":[{"taxonomy":"category","embeddable":true,"href":"https:\/\/www.correiobraziliense.com.br\/cbradar\/wp-json\/wp\/v2\/categories?post=232763"},{"taxonomy":"post_tag","embeddable":true,"href":"https:\/\/www.correiobraziliense.com.br\/cbradar\/wp-json\/wp\/v2\/post_tag?post=232763"}],"curies":[{"name":"wp","href":"https:\/\/api.w.org\/{rel}","templated":true}]}}