{"id":232769,"date":"2026-04-28T16:25:00","date_gmt":"2026-04-28T19:25:00","guid":{"rendered":"https:\/\/www.correiobraziliense.com.br\/cbradar\/?p=232769"},"modified":"2026-04-27T14:21:18","modified_gmt":"2026-04-27T17:21:18","slug":"uma-nova-fase-de-decisoes-inesperadas-comeca-a-ganhar-forca-para-3-signos","status":"publish","type":"post","link":"https:\/\/www.correiobraziliense.com.br\/cbradar\/uma-nova-fase-de-decisoes-inesperadas-comeca-a-ganhar-forca-para-3-signos\/","title":{"rendered":"Uma nova fase de decis\u00f5es inesperadas come\u00e7a a ganhar for\u00e7a para 3 signos"},"content":{"rendered":"\n<p>O c\u00e9u de <strong>abril de 2026<\/strong> reserva movimenta\u00e7\u00f5es astrol\u00f3gicas intensas que prometem sacudir a estabilidade de determinados grupos zodiacais nos pr\u00f3ximos dias. Essa configura\u00e7\u00e3o celeste favorece <strong>mudan\u00e7as repentinas<\/strong> e exige que os nativos estejam preparados para agir sob press\u00e3o emocional e estrat\u00e9gica.<\/p>\n\n\n\n<h2 class=\"wp-block-heading\">O impacto de Urano nas escolhas de Touro<\/h2>\n\n\n\n<p>Os nativos de <strong>Touro<\/strong> sentir\u00e3o uma necessidade urgente de romper com velhos padr\u00f5es que limitam sua <strong>expans\u00e3o profissional<\/strong> e pessoal. A influ\u00eancia planet\u00e1ria atual gera um desconforto produtivo, for\u00e7ando o signo a abandonar a zona de conforto em busca de <strong>liberdade financeira<\/strong> e novos projetos.<\/p>\n\n\n\n<p>Essa transi\u00e7\u00e3o exige cautela, mas tamb\u00e9m coragem para aceitar propostas que fogem do planejamento convencional que <strong>Touro<\/strong> costuma seguir rigorosamente. Ao abra\u00e7ar o inesperado, voc\u00ea permite que <strong>oportunidades valiosas<\/strong> entrem em seu fluxo de vida, transformando desafios em degraus para o sucesso.<\/p>\n\n\n<div class=\"wp-block-image\">\n<figure class=\"aligncenter size-full\"><img decoding=\"async\" width=\"1280\" height=\"720\" src=\"https:\/\/www.correiobraziliense.com.br\/cbradar\/wp-content\/uploads\/2026\/04\/astrologia-SIGNO_1776651026161.jpg\" alt=\"\" class=\"wp-image-228630\" srcset=\"https:\/\/www.correiobraziliense.com.br\/cbradar\/wp-content\/uploads\/2026\/04\/astrologia-SIGNO_1776651026161.jpg 1280w, https:\/\/www.correiobraziliense.com.br\/cbradar\/wp-content\/uploads\/2026\/04\/astrologia-SIGNO_1776651026161-300x169.jpg 300w, https:\/\/www.correiobraziliense.com.br\/cbradar\/wp-content\/uploads\/2026\/04\/astrologia-SIGNO_1776651026161-768x432.jpg 768w, https:\/\/www.correiobraziliense.com.br\/cbradar\/wp-content\/uploads\/2026\/04\/astrologia-SIGNO_1776651026161-750x422.jpg 750w, https:\/\/www.correiobraziliense.com.br\/cbradar\/wp-content\/uploads\/2026\/04\/astrologia-SIGNO_1776651026161-1140x641.jpg 1140w\" sizes=\"(max-width: 1280px) 100vw, 1280px\" \/><figcaption class=\"wp-element-caption\">A astrologia funciona como um mapa que nos ajuda a entender as janelas de oportunidade onde o v\u00e9u entre o plano f\u00edsico &#8211; Cr\u00e9ditos: depositphotos.com \/ andriano_cz<\/figcaption><\/figure><\/div>\n\n\n<p>Leia tamb\u00e9m: <a href=\"https:\/\/www.correiobraziliense.com.br\/cbradar\/3-signos-que-nao-gostam-de-dividir-atencao-e-acabam-sendo-os-mais-ciumentos\/\" target=\"_blank\" rel=\"noreferrer noopener\">3 signos que n\u00e3o gostam de dividir aten\u00e7\u00e3o e acabam sendo os mais ciumentos<\/a><\/p>\n\n\n\n<h2 class=\"wp-block-heading\">Como Escorpi\u00e3o deve lidar com revela\u00e7\u00f5es afetivas<\/h2>\n\n\n\n<p>Para <strong>Escorpi\u00e3o<\/strong>, o cen\u00e1rio astral aponta para o encerramento de ciclos que j\u00e1 n\u00e3o sustentam a <strong>verdade emocional<\/strong> necess\u00e1ria para o seu crescimento. Decis\u00f5es dr\u00e1sticas sobre parcerias e alian\u00e7as de longo prazo podem surgir de forma s\u00fabita, exigindo <strong>intui\u00e7\u00e3o agu\u00e7ada<\/strong> para separar o que \u00e9 essencial do que \u00e9 apenas apego.<\/p>\n\n\n\n<p>Manter a calma diante de informa\u00e7\u00f5es novas ser\u00e1 o grande diferencial para quem nasceu sob o signo de <strong>Escorpi\u00e3o<\/strong> durante este per\u00edodo de <strong>turbul\u00eancia c\u00f3smica<\/strong>. Refletir sobre as consequ\u00eancias antes de agir evita desgastes desnecess\u00e1rios e garante que a <strong>estabilidade interna<\/strong> seja preservada mesmo em tempos de grandes transforma\u00e7\u00f5es externas.<\/p>\n\n\n\n<h2 class=\"wp-block-heading\">Aqu\u00e1rio e a guinada rumo ao prop\u00f3sito de vida<\/h2>\n\n\n\n<p>O signo de <strong>Aqu\u00e1rio<\/strong> entra em uma rota de colis\u00e3o com o destino, onde escolhas feitas agora ter\u00e3o reflexos profundos pelos pr\u00f3ximos anos. A <strong>energia de renova\u00e7\u00e3o<\/strong> atinge diretamente a \u00e1rea das aspira\u00e7\u00f5es, fazendo com que planos antigos sejam descartados em favor de uma <strong>jornada aut\u00eantica<\/strong> e conectada com o presente.<\/p>\n\n\n\n<p>A adaptabilidade ser\u00e1 a ferramenta mais poderosa dos aquarianos, permitindo que naveguem por essas <strong>\u00e1guas desconhecidas<\/strong> com intelig\u00eancia e inova\u00e7\u00e3o constante. \u00c9 o momento ideal para testar novos modelos de neg\u00f3cio ou mudar a din\u00e2mica de conviv\u00eancia, priorizando sempre a <strong>independ\u00eancia intelectual<\/strong> e o bem-estar coletivo.<\/p>\n\n\n\n<h2 class=\"wp-block-heading\">Estrat\u00e9gias pr\u00e1ticas para atravessar o per\u00edodo de mudan\u00e7as<\/h2>\n\n\n\n<p>A melhor forma de aproveitar essas <strong>frequ\u00eancias astrol\u00f3gicas<\/strong> \u00e9 manter a mente aberta e os p\u00e9s no ch\u00e3o, evitando rea\u00e7\u00f5es impulsivas que possam comprometer seu <strong>patrim\u00f4nio emocional<\/strong>. O autocontrole se torna um aliado fundamental quando o universo decide acelerar processos que estavam estagnados ou ocultos.<\/p>\n\n\n\n<link href=\"https:\/\/fonts.googleapis.com\/css2?family=Inter:wght@400;600;700;800&#038;display=swap\" rel=\"stylesheet\">\n<style>\n\/* Prote\u00e7\u00e3o contra inje\u00e7\u00e3o do \"Veja Tamb\u00e9m\" (JNews inline related posts) *\/\n.rdp-pontos-wrapper .jnews_inline_related_post_wrapper,\n.rdp-pontos-wrapper .jnews_inline_related_post,\n.rdp-pontos-wrapper .jeg_postblock,\n.rdp-pontos-wrapper [class*=\"jnews_inline\"],\n.rdp-pontos-wrapper [class*=\"jeg_postblock\"],\n.rdp-pontos-wrapper [class*=\"jeg_block\"] {\n  display: none !important;\n  height: 0 !important;\n  max-height: 0 !important;\n  overflow: hidden !important;\n  visibility: hidden !important;\n  margin: 0 !important;\n  padding: 0 !important;\n  border: none !important;\n  font-size: 0 !important;\n  line-height: 0 !important;\n}\n.rdp-pontos-wrapper {\n  max-width: 100%;\n  margin: 32px 0;\n  background: #F8F9FA;\n  border: 1px solid #E0E0E0;\n  border-radius: 12px;\n  padding: 28px 28px 20px;\n  font-family: 'Inter', sans-serif;\n  box-shadow: 0 4px 20px rgba(47,195,238,0.12);\n  overflow: hidden;\n  contain: layout style;\n  isolation: isolate;\n  position: relative;\n  z-index: 1;\n}\n.rdp-pontos-wrapper > *:not(.rdp-pontos-title):not(.rdp-pontos-grid) {\n  display: none !important;\n  height: 0 !important;\n  overflow: hidden !important;\n  margin: 0 !important;\n  padding: 0 !important;\n  border: none !important;\n}\n.rdp-pontos-title {\n  font-family: 'Inter', sans-serif;\n  font-size: 20px;\n  font-weight: 800;\n  color: #1A1A1A;\n  margin: 0 0 20px 0;\n  line-height: 1.3;\n  text-align: center;\n}\n.rdp-pontos-grid {\n  display: grid;\n  grid-template-columns: repeat(3, 1fr);\n  gap: 18px;\n}\n.rdp-pontos-item {\n  background: #FFFFFF;\n  border: 1px solid #E0E0E0;\n  border-top: 3px solid #2FC3EE;\n  border-radius: 10px;\n  padding: 22px 20px;\n  box-shadow: 0 2px 10px rgba(47,195,238,0.10);\n  transition: box-shadow 0.3s ease, border-color 0.3s ease;\n  text-align: center;\n}\n.rdp-pontos-item:hover {\n  box-shadow: 0 4px 20px rgba(47,195,238,0.22);\n  border-color: #2FC3EE;\n}\n.rdp-pontos-emoji {\n  font-size: 32px;\n  line-height: 1;\n  margin-bottom: 12px;\n  display: block;\n  text-align: center;\n}\n.rdp-pontos-item-title {\n  font-size: 15px;\n  font-weight: 700;\n  color: #1A1A1A;\n  margin-bottom: 8px;\n  line-height: 1.3;\n}\n.rdp-pontos-item-desc {\n  font-size: 14px;\n  color: #333333;\n  line-height: 1.6;\n  margin: 0;\n}\n@media (max-width: 768px) {\n  .rdp-pontos-wrapper {\n    padding: 20px 16px 14px;\n  }\n  .rdp-pontos-grid {\n    grid-template-columns: 1fr;\n    gap: 14px;\n  }\n  .rdp-pontos-title {\n    font-size: 18px;\n  }\n}\n<\/style>\n\n<div class=\"rdp-pontos-wrapper\">\n  <div class=\"rdp-pontos-title\">Orienta\u00e7\u00f5es para Equil\u00edbrio e Decis\u00f5es<\/div>\n  <div class=\"rdp-pontos-grid\">\n    <div class=\"rdp-pontos-item\">\n      <span class=\"rdp-pontos-emoji\">\ud83d\udc42<\/span>\n      <div class=\"rdp-pontos-item-title\">Escuta Ativa<\/div>\n      <p class=\"rdp-pontos-item-desc\">Pratique o ouvir antes de tomar decis\u00f5es definitivas em reuni\u00f5es ou discuss\u00f5es familiares.<\/p>\n    <\/div>\n    <div class=\"rdp-pontos-item\">\n      <span class=\"rdp-pontos-emoji\">\ud83c\udfaf<\/span>\n      <div class=\"rdp-pontos-item-title\">Metas Priorit\u00e1rias<\/div>\n      <p class=\"rdp-pontos-item-desc\">Revise seus objetivos para garantir que os novos caminhos estejam alinhados com seus valores.<\/p>\n    <\/div>\n    <div class=\"rdp-pontos-item\">\n      <span class=\"rdp-pontos-emoji\">\ud83e\uddd8<\/span>\n      <div class=\"rdp-pontos-item-title\">Conex\u00e3o Espiritual<\/div>\n      <p class=\"rdp-pontos-item-desc\">Reserve momentos de sil\u00eancio para fortalecer sua paz interna e diminuir a ansiedade di\u00e1ria.<\/p>\n    <\/div>\n    <div class=\"rdp-pontos-item\">\n      <span class=\"rdp-pontos-emoji\">\ud83e\udde0<\/span>\n      <div class=\"rdp-pontos-item-title\">Sa\u00fade Mental<\/div>\n      <p class=\"rdp-pontos-item-desc\">Fique atento aos sinais do corpo, pois sua mente reflete diretamente na capacidade de escolha.<\/p>\n    <\/div>\n    <div class=\"rdp-pontos-item\">\n      <span class=\"rdp-pontos-emoji\">\u2728<\/span>\n      <div class=\"rdp-pontos-item-title\">Configura\u00e7\u00e3o Astral<\/div>\n      <p class=\"rdp-pontos-item-desc\">Evite investimentos de alto risco at\u00e9 que o cen\u00e1rio apresente maior clareza sobre o futuro.<\/p>\n    <\/div>\n  <\/div>\n<\/div>\n<div style=\"clear:both;height:0;overflow:hidden;\"><\/div>\n\n\n\n<p>Observar como esses pontos se aplicam ao seu cotidiano ajuda a transformar a <strong>imprevisibilidade<\/strong> em uma aliada estrat\u00e9gica para o seu desenvolvimento. Compartilhar essas percep\u00e7\u00f5es com pessoas de confian\u00e7a pode clarear a vis\u00e3o e trazer <strong>novas perspectivas<\/strong> sobre os desafios que batem \u00e0 porta.<\/p>\n\n\n\n<h2 class=\"wp-block-heading\">O preparo necess\u00e1rio para as transforma\u00e7\u00f5es de abril<\/h2>\n\n\n\n<p>As configura\u00e7\u00f5es celestes no <strong>Brasil<\/strong> e no mundo indicam que este \u00e9 apenas o come\u00e7o de um ciclo de <strong>amadurecimento for\u00e7ado<\/strong> para muitos. Entender que o controle \u00e9 uma ilus\u00e3o permite que voc\u00ea flua com mais leveza pelas <strong>decis\u00f5es inesperadas<\/strong> que a vida imp\u00f5e sem aviso pr\u00e9vio.<\/p>\n\n\n\n<p>Finalizar este m\u00eas com resili\u00eancia prepara o terreno para colheitas muito mais abundantes e alinhadas com sua <strong>miss\u00e3o pessoal<\/strong> no zod\u00edaco. Acompanhar o movimento dos astros \u00e9, acima de tudo, uma ferramenta de <strong>autoconhecimento profundo<\/strong> que facilita a navega\u00e7\u00e3o pelas incertezas do destino humano.<\/p>\n\n\n<div class=\"wp-block-image\">\n<figure class=\"aligncenter size-full\"><img decoding=\"async\" width=\"1280\" height=\"720\" src=\"https:\/\/www.correiobraziliense.com.br\/cbradar\/wp-content\/uploads\/2026\/04\/astrologia-SIGNO_1776650993328.jpg\" alt=\"\" class=\"wp-image-228629\" srcset=\"https:\/\/www.correiobraziliense.com.br\/cbradar\/wp-content\/uploads\/2026\/04\/astrologia-SIGNO_1776650993328.jpg 1280w, https:\/\/www.correiobraziliense.com.br\/cbradar\/wp-content\/uploads\/2026\/04\/astrologia-SIGNO_1776650993328-300x169.jpg 300w, https:\/\/www.correiobraziliense.com.br\/cbradar\/wp-content\/uploads\/2026\/04\/astrologia-SIGNO_1776650993328-768x432.jpg 768w, https:\/\/www.correiobraziliense.com.br\/cbradar\/wp-content\/uploads\/2026\/04\/astrologia-SIGNO_1776650993328-750x422.jpg 750w, https:\/\/www.correiobraziliense.com.br\/cbradar\/wp-content\/uploads\/2026\/04\/astrologia-SIGNO_1776650993328-1140x641.jpg 1140w\" sizes=\"(max-width: 1280px) 100vw, 1280px\" \/><figcaption class=\"wp-element-caption\">Os aquarianos est\u00e3o prestes a receber um sinal do universo que alterar\u00e1 profundamente suas prioridades &#8211; Cr\u00e9ditos: depositphotos.com \/ sarayut<\/figcaption><\/figure><\/div>\n\n\n<h2 class=\"wp-block-heading\">Novos caminhos se abrem com a aceita\u00e7\u00e3o do destino<\/h2>\n\n\n\n<p>Ao aceitar que certas mudan\u00e7as s\u00e3o inevit\u00e1veis, o indiv\u00edduo ganha o poder de moldar sua <strong>realidade imediata<\/strong> com muito mais propriedade e foco. As surpresas que o c\u00e9u reserva para os <strong>3 signos<\/strong> mencionados s\u00e3o convites para uma evolu\u00e7\u00e3o que n\u00e3o poderia ocorrer em tempos de calmaria absoluta.<\/p>\n\n\n\n<p>Confiar na pr\u00f3pria jornada \u00e9 o passo final para converter a tens\u00e3o em <strong>progresso real<\/strong> e duradouro em todas as esferas da vida cotidiana. Esteja pronto para dizer sim ao novo, pois o <strong>cosmos<\/strong> trabalha silenciosamente para alinhar suas a\u00e7\u00f5es com os desejos mais sinceros da sua alma.<\/p>\n","protected":false},"excerpt":{"rendered":"<p>O c\u00e9u de abril de 2026 reserva movimenta\u00e7\u00f5es astrol\u00f3gicas intensas que prometem sacudir a estabilidade de determinados grupos zodiacais nos pr\u00f3ximos dias. Essa configura\u00e7\u00e3o celeste favorece mudan\u00e7as repentinas e exige que os nativos estejam preparados para agir sob press\u00e3o emocional e estrat\u00e9gica. O impacto de Urano nas escolhas de Touro Os nativos de Touro sentir\u00e3o [&hellip;]<\/p>\n","protected":false},"author":9,"featured_media":233205,"comment_status":"open","ping_status":"open","sticky":false,"template":"","format":"standard","meta":{"_yoast_wpseo_focuskw":"decis\u00f5es inesperadas","_yoast_wpseo_title":"","_yoast_wpseo_metadesc":"Veja quais signos enfrentar\u00e3o mudan\u00e7as intensas em abril e como lidar com decis\u00f5es importantes nesse per\u00edodo desafiador.","jnews-multi-image_gallery":[],"jnews_single_post":{"format":"standard"},"jnews_primary_category":[],"jnews_social_meta":[],"jnews_override_counter":[],"footnotes":""},"categories":[112],"post_tag":[],"class_list":["post-232769","post","type-post","status-publish","format-standard","has-post-thumbnail","hentry","category-curiosidades"],"yoast_head":"<!-- This site is optimized with the Yoast SEO plugin v24.6 - https:\/\/yoast.com\/wordpress\/plugins\/seo\/ -->\n<title>Uma nova fase de decis\u00f5es inesperadas come\u00e7a a ganhar for\u00e7a para 3 signos - Correio Braziliense - Radar<\/title>\n<meta name=\"description\" content=\"Veja quais signos enfrentar\u00e3o mudan\u00e7as intensas em abril e como lidar com decis\u00f5es importantes nesse per\u00edodo desafiador.\" \/>\n<meta name=\"robots\" content=\"index, follow, max-snippet:-1, max-image-preview:large, max-video-preview:-1\" \/>\n<link rel=\"canonical\" href=\"https:\/\/www.correiobraziliense.com.br\/cbradar\/uma-nova-fase-de-decisoes-inesperadas-comeca-a-ganhar-forca-para-3-signos\/\" \/>\n<meta property=\"og:locale\" content=\"pt_BR\" \/>\n<meta property=\"og:type\" content=\"article\" \/>\n<meta property=\"og:title\" content=\"Uma nova fase de decis\u00f5es inesperadas come\u00e7a a ganhar for\u00e7a para 3 signos - Correio Braziliense - Radar\" \/>\n<meta property=\"og:description\" content=\"Veja quais signos enfrentar\u00e3o mudan\u00e7as intensas em abril e como lidar com decis\u00f5es importantes nesse per\u00edodo desafiador.\" \/>\n<meta property=\"og:url\" content=\"https:\/\/www.correiobraziliense.com.br\/cbradar\/uma-nova-fase-de-decisoes-inesperadas-comeca-a-ganhar-forca-para-3-signos\/\" \/>\n<meta property=\"og:site_name\" content=\"Correio Braziliense - Radar\" \/>\n<meta property=\"article:published_time\" content=\"2026-04-28T19:25:00+00:00\" \/>\n<meta property=\"og:image\" content=\"https:\/\/www.correiobraziliense.com.br\/cbradar\/wp-content\/uploads\/2026\/04\/Brazilian_person_making_202604271352.jpeg\" \/>\n\t<meta property=\"og:image:width\" content=\"1280\" \/>\n\t<meta property=\"og:image:height\" content=\"720\" \/>\n\t<meta property=\"og:image:type\" content=\"image\/jpeg\" \/>\n<meta name=\"author\" content=\"Daniely Cardoso\" \/>\n<meta name=\"twitter:card\" content=\"summary_large_image\" \/>\n<meta name=\"twitter:label1\" content=\"Escrito por\" \/>\n\t<meta name=\"twitter:data1\" content=\"Daniely Cardoso\" \/>\n\t<meta name=\"twitter:label2\" content=\"Est. tempo de leitura\" \/>\n\t<meta name=\"twitter:data2\" content=\"6 minutos\" \/>\n<!-- \/ Yoast SEO plugin. -->","yoast_head_json":{"title":"Uma nova fase de decis\u00f5es inesperadas come\u00e7a a ganhar for\u00e7a para 3 signos - Correio Braziliense - Radar","description":"Veja quais signos enfrentar\u00e3o mudan\u00e7as intensas em abril e como lidar com decis\u00f5es importantes nesse per\u00edodo desafiador.","robots":{"index":"index","follow":"follow","max-snippet":"max-snippet:-1","max-image-preview":"max-image-preview:large","max-video-preview":"max-video-preview:-1"},"canonical":"https:\/\/www.correiobraziliense.com.br\/cbradar\/uma-nova-fase-de-decisoes-inesperadas-comeca-a-ganhar-forca-para-3-signos\/","og_locale":"pt_BR","og_type":"article","og_title":"Uma nova fase de decis\u00f5es inesperadas come\u00e7a a ganhar for\u00e7a para 3 signos - Correio Braziliense - Radar","og_description":"Veja quais signos enfrentar\u00e3o mudan\u00e7as intensas em abril e como lidar com decis\u00f5es importantes nesse per\u00edodo desafiador.","og_url":"https:\/\/www.correiobraziliense.com.br\/cbradar\/uma-nova-fase-de-decisoes-inesperadas-comeca-a-ganhar-forca-para-3-signos\/","og_site_name":"Correio Braziliense - Radar","article_published_time":"2026-04-28T19:25:00+00:00","og_image":[{"width":1280,"height":720,"url":"https:\/\/www.correiobraziliense.com.br\/cbradar\/wp-content\/uploads\/2026\/04\/Brazilian_person_making_202604271352.jpeg","type":"image\/jpeg"}],"author":"Daniely Cardoso","twitter_card":"summary_large_image","twitter_misc":{"Escrito por":"Daniely Cardoso","Est. tempo de leitura":"6 minutos"},"schema":{"@context":"https:\/\/schema.org","@graph":[{"@type":"WebPage","@id":"https:\/\/www.correiobraziliense.com.br\/cbradar\/uma-nova-fase-de-decisoes-inesperadas-comeca-a-ganhar-forca-para-3-signos\/","url":"https:\/\/www.correiobraziliense.com.br\/cbradar\/uma-nova-fase-de-decisoes-inesperadas-comeca-a-ganhar-forca-para-3-signos\/","name":"Uma nova fase de decis\u00f5es inesperadas come\u00e7a a ganhar for\u00e7a para 3 signos - Correio Braziliense - Radar","isPartOf":{"@id":"https:\/\/www.correiobraziliense.com.br\/cbradar\/#website"},"primaryImageOfPage":{"@id":"https:\/\/www.correiobraziliense.com.br\/cbradar\/uma-nova-fase-de-decisoes-inesperadas-comeca-a-ganhar-forca-para-3-signos\/#primaryimage"},"image":{"@id":"https:\/\/www.correiobraziliense.com.br\/cbradar\/uma-nova-fase-de-decisoes-inesperadas-comeca-a-ganhar-forca-para-3-signos\/#primaryimage"},"thumbnailUrl":"https:\/\/www.correiobraziliense.com.br\/cbradar\/wp-content\/uploads\/2026\/04\/Brazilian_person_making_202604271352.jpeg","datePublished":"2026-04-28T19:25:00+00:00","author":{"@id":"https:\/\/www.correiobraziliense.com.br\/cbradar\/#\/schema\/person\/7356666e12ec0ee53f348ee5db227032"},"description":"Veja quais signos enfrentar\u00e3o mudan\u00e7as intensas em abril e como lidar com decis\u00f5es importantes nesse per\u00edodo desafiador.","breadcrumb":{"@id":"https:\/\/www.correiobraziliense.com.br\/cbradar\/uma-nova-fase-de-decisoes-inesperadas-comeca-a-ganhar-forca-para-3-signos\/#breadcrumb"},"inLanguage":"pt-BR","potentialAction":[{"@type":"ReadAction","target":["https:\/\/www.correiobraziliense.com.br\/cbradar\/uma-nova-fase-de-decisoes-inesperadas-comeca-a-ganhar-forca-para-3-signos\/"]}]},{"@type":"ImageObject","inLanguage":"pt-BR","@id":"https:\/\/www.correiobraziliense.com.br\/cbradar\/uma-nova-fase-de-decisoes-inesperadas-comeca-a-ganhar-forca-para-3-signos\/#primaryimage","url":"https:\/\/www.correiobraziliense.com.br\/cbradar\/wp-content\/uploads\/2026\/04\/Brazilian_person_making_202604271352.jpeg","contentUrl":"https:\/\/www.correiobraziliense.com.br\/cbradar\/wp-content\/uploads\/2026\/04\/Brazilian_person_making_202604271352.jpeg","width":1280,"height":720,"caption":"Decis\u00f5es inesperadas podem surgir em fases de transi\u00e7\u00e3o"},{"@type":"BreadcrumbList","@id":"https:\/\/www.correiobraziliense.com.br\/cbradar\/uma-nova-fase-de-decisoes-inesperadas-comeca-a-ganhar-forca-para-3-signos\/#breadcrumb","itemListElement":[{"@type":"ListItem","position":1,"name":"In\u00edcio","item":"https:\/\/www.correiobraziliense.com.br\/cbradar\/"},{"@type":"ListItem","position":2,"name":"Uma nova fase de decis\u00f5es inesperadas come\u00e7a a ganhar for\u00e7a para 3 signos"}]},{"@type":"WebSite","@id":"https:\/\/www.correiobraziliense.com.br\/cbradar\/#website","url":"https:\/\/www.correiobraziliense.com.br\/cbradar\/","name":"Correio Braziliense - Radar","description":"Acompanhe as \u00faltimas not\u00edcias e fique bem informado sobre tudo o que acontece no Brasil e no mundo.","potentialAction":[{"@type":"SearchAction","target":{"@type":"EntryPoint","urlTemplate":"https:\/\/www.correiobraziliense.com.br\/cbradar\/?s={search_term_string}"},"query-input":{"@type":"PropertyValueSpecification","valueRequired":true,"valueName":"search_term_string"}}],"inLanguage":"pt-BR"},{"@type":"Person","@id":"https:\/\/www.correiobraziliense.com.br\/cbradar\/#\/schema\/person\/7356666e12ec0ee53f348ee5db227032","name":"Daniely Cardoso","image":{"@type":"ImageObject","inLanguage":"pt-BR","@id":"https:\/\/www.correiobraziliense.com.br\/cbradar\/#\/schema\/person\/image\/","url":"https:\/\/secure.gravatar.com\/avatar\/4b80ddbd124d1f071b626d52d62e5dff?s=96&d=mm&r=g","contentUrl":"https:\/\/secure.gravatar.com\/avatar\/4b80ddbd124d1f071b626d52d62e5dff?s=96&d=mm&r=g","caption":"Daniely Cardoso"},"description":"Redatora nos portais CB Radar e EM Foco, formada pela Universidade Federal de Goi\u00e1s, em Goi\u00e2nia. Apaixonada por comunica\u00e7\u00e3o, arte, decora\u00e7\u00e3o e tend\u00eancias, atuo na produ\u00e7\u00e3o de conte\u00fados envolventes sobre curiosidades, moda, beleza e paisagismo, sempre com um olhar atento \u00e0s novidades do momento.","sameAs":["https:\/\/www.correiobraziliense.com.br\/cbradar"],"url":"https:\/\/www.correiobraziliense.com.br\/cbradar\/author\/danielymyth\/"}]}},"_links":{"self":[{"href":"https:\/\/www.correiobraziliense.com.br\/cbradar\/wp-json\/wp\/v2\/posts\/232769","targetHints":{"allow":["GET"]}}],"collection":[{"href":"https:\/\/www.correiobraziliense.com.br\/cbradar\/wp-json\/wp\/v2\/posts"}],"about":[{"href":"https:\/\/www.correiobraziliense.com.br\/cbradar\/wp-json\/wp\/v2\/types\/post"}],"author":[{"embeddable":true,"href":"https:\/\/www.correiobraziliense.com.br\/cbradar\/wp-json\/wp\/v2\/users\/9"}],"replies":[{"embeddable":true,"href":"https:\/\/www.correiobraziliense.com.br\/cbradar\/wp-json\/wp\/v2\/comments?post=232769"}],"version-history":[{"count":1,"href":"https:\/\/www.correiobraziliense.com.br\/cbradar\/wp-json\/wp\/v2\/posts\/232769\/revisions"}],"predecessor-version":[{"id":232773,"href":"https:\/\/www.correiobraziliense.com.br\/cbradar\/wp-json\/wp\/v2\/posts\/232769\/revisions\/232773"}],"wp:featuredmedia":[{"embeddable":true,"href":"https:\/\/www.correiobraziliense.com.br\/cbradar\/wp-json\/wp\/v2\/media\/233205"}],"wp:attachment":[{"href":"https:\/\/www.correiobraziliense.com.br\/cbradar\/wp-json\/wp\/v2\/media?parent=232769"}],"wp:term":[{"taxonomy":"category","embeddable":true,"href":"https:\/\/www.correiobraziliense.com.br\/cbradar\/wp-json\/wp\/v2\/categories?post=232769"},{"taxonomy":"post_tag","embeddable":true,"href":"https:\/\/www.correiobraziliense.com.br\/cbradar\/wp-json\/wp\/v2\/post_tag?post=232769"}],"curies":[{"name":"wp","href":"https:\/\/api.w.org\/{rel}","templated":true}]}}