{"id":232785,"date":"2026-04-28T08:05:00","date_gmt":"2026-04-28T11:05:00","guid":{"rendered":"https:\/\/www.correiobraziliense.com.br\/cbradar\/?p=232785"},"modified":"2026-04-27T14:26:19","modified_gmt":"2026-04-27T17:26:19","slug":"como-usar-blazer-oversized-aos-40-com-calca-jeans-e-tenis-em-looks-elegantes-para-o-outono-2026","status":"publish","type":"post","link":"https:\/\/www.correiobraziliense.com.br\/cbradar\/como-usar-blazer-oversized-aos-40-com-calca-jeans-e-tenis-em-looks-elegantes-para-o-outono-2026\/","title":{"rendered":"Como usar blazer oversized aos 40 com cal\u00e7a jeans e t\u00eanis em looks elegantes para o outono 2026"},"content":{"rendered":"\n<p>O <strong>outono 2026<\/strong> consolida a est\u00e9tica do conforto sofisticado, trazendo o <strong>blazer oversized<\/strong> como a pe\u00e7a central para mulheres que buscam modernidade e eleg\u00e2ncia. Combinar essa modelagem ampla com cal\u00e7a jeans e t\u00eanis exige equil\u00edbrio visual para garantir um visual polido ap\u00f3s os <strong>40 anos<\/strong>.<\/p>\n\n\n\n<h2 class=\"wp-block-heading\">O segredo das propor\u00e7\u00f5es para um visual equilibrado<\/h2>\n\n\n\n<p>Ao adotar o <strong>blazer oversized<\/strong>, o maior desafio \u00e9 evitar que o excesso de tecido esconda a silhueta de forma desfavor\u00e1vel na <strong>meia-esta\u00e7\u00e3o<\/strong>. A dica de ouro \u00e9 combinar a pe\u00e7a superior volumosa com uma <strong>cal\u00e7a jeans de corte reto<\/strong> ou slim, criando uma linha vertical que alonga o corpo naturalmente.<\/p>\n\n\n\n<p>Para manter a sofistica\u00e7\u00e3o, prefira blazers com <strong>ombreiras estruturadas<\/strong>, que garantem que o caimento pare\u00e7a intencional e n\u00e3o apenas um tamanho maior. O uso de um cinto fino sobre o blazer ou dobrar as mangas para expor os pulsos s\u00e3o <strong>truques de estilo<\/strong> que adicionam um toque de feminilidade imediata ao conjunto.<\/p>\n\n\n<div class=\"wp-block-image\">\n<figure class=\"aligncenter size-full\"><img decoding=\"async\" width=\"1280\" height=\"720\" src=\"https:\/\/www.correiobraziliense.com.br\/cbradar\/wp-content\/uploads\/2026\/04\/calca-jeans-e-tenis.jpg\" alt=\"\" class=\"wp-image-232796\" srcset=\"https:\/\/www.correiobraziliense.com.br\/cbradar\/wp-content\/uploads\/2026\/04\/calca-jeans-e-tenis.jpg 1280w, https:\/\/www.correiobraziliense.com.br\/cbradar\/wp-content\/uploads\/2026\/04\/calca-jeans-e-tenis-300x169.jpg 300w, https:\/\/www.correiobraziliense.com.br\/cbradar\/wp-content\/uploads\/2026\/04\/calca-jeans-e-tenis-768x432.jpg 768w, https:\/\/www.correiobraziliense.com.br\/cbradar\/wp-content\/uploads\/2026\/04\/calca-jeans-e-tenis-750x422.jpg 750w, https:\/\/www.correiobraziliense.com.br\/cbradar\/wp-content\/uploads\/2026\/04\/calca-jeans-e-tenis-1140x641.jpg 1140w\" sizes=\"(max-width: 1280px) 100vw, 1280px\" \/><figcaption class=\"wp-element-caption\">Ao adotar o blazer oversized, o maior desafio \u00e9 evitar que o excesso de tecido esconda a silhueta de forma desfavor\u00e1vel na meia-esta\u00e7\u00e3o<\/figcaption><\/figure><\/div>\n\n\n<p>Leia tamb\u00e9m: <a href=\"https:\/\/www.correiobraziliense.com.br\/cbradar\/4-cortes-de-cabelo-curto-que-ajudam-a-dar-mais-corpo-aos-fios-ralos-e-sem-volume\/\" target=\"_blank\" rel=\"noreferrer noopener\">4 cortes de cabelo curto que ajudam a dar mais corpo aos fios ralos e sem volume<\/a><\/p>\n\n\n\n<h2 class=\"wp-block-heading\">Escolhendo o jeans ideal para compor com alfaiataria<\/h2>\n\n\n\n<p>A escolha da lavagem do jeans determina o n\u00edvel de formalidade do seu look para eventos de <strong>trabalho ou lazer<\/strong> no outono. Cores escuras, como o <strong>azul marinho ou grafite<\/strong>, conferem um ar mais s\u00e9rio e profissional, funcionando perfeitamente com blazers em tons terrosos ou o cl\u00e1ssico xadrez <strong>Pr\u00edncipe de Gales<\/strong>.<\/p>\n\n\n\n<p>Evite modelos com muitos pu\u00eddos ou rasgos exagerados, priorizando o acabamento limpo que a <strong>moda madura<\/strong> exige para transmitir autoridade e estilo. O modelo <strong>jeans mom<\/strong> ou a pantalona de corte seco s\u00e3o tend\u00eancias fortes em <strong>2026<\/strong> que harmonizam com o volume do blazer sem comprometer a eleg\u00e2ncia da composi\u00e7\u00e3o.<\/p>\n\n\n\n<h2 class=\"wp-block-heading\">T\u00eanis casuais que elevam o status da produ\u00e7\u00e3o<\/h2>\n\n\n\n<p>Engana-se quem pensa que o t\u00eanis retira a seriedade do visual; o cal\u00e7ado certo pode ser o ponto de <strong>modernidade urbana<\/strong> indispens\u00e1vel. Os modelos em <strong>couro branco<\/strong> ou tons neutros, com design minimalista, s\u00e3o as escolhas favoritas para manter o refinamento sem abrir m\u00e3o do conforto absoluto.<\/p>\n\n\n\n<p>Para o <strong>outono 2026<\/strong>, os t\u00eanis com solados levemente tratorados ou est\u00e9tica retr\u00f4 ganham destaque, criando um contraste interessante com a <strong>alfaiataria cl\u00e1ssica<\/strong>. Esta combina\u00e7\u00e3o permite transitar do escrit\u00f3rio para um jantar informal com seguran\u00e7a, provando que a <strong>praticidade est\u00e9tica<\/strong> \u00e9 a maior aliada da mulher contempor\u00e2nea.<\/p>\n\n\n<div class=\"wp-block-image\">\n<figure class=\"aligncenter size-full\"><img decoding=\"async\" width=\"1280\" height=\"720\" src=\"https:\/\/www.correiobraziliense.com.br\/cbradar\/wp-content\/uploads\/2026\/04\/calca-jeans-e-tenis-1.jpg\" alt=\"\" class=\"wp-image-232812\" srcset=\"https:\/\/www.correiobraziliense.com.br\/cbradar\/wp-content\/uploads\/2026\/04\/calca-jeans-e-tenis-1.jpg 1280w, https:\/\/www.correiobraziliense.com.br\/cbradar\/wp-content\/uploads\/2026\/04\/calca-jeans-e-tenis-1-300x169.jpg 300w, https:\/\/www.correiobraziliense.com.br\/cbradar\/wp-content\/uploads\/2026\/04\/calca-jeans-e-tenis-1-768x432.jpg 768w, https:\/\/www.correiobraziliense.com.br\/cbradar\/wp-content\/uploads\/2026\/04\/calca-jeans-e-tenis-1-750x422.jpg 750w, https:\/\/www.correiobraziliense.com.br\/cbradar\/wp-content\/uploads\/2026\/04\/calca-jeans-e-tenis-1-1140x641.jpg 1140w\" sizes=\"(max-width: 1280px) 100vw, 1280px\" \/><figcaption class=\"wp-element-caption\">Engana-se quem pensa que o t\u00eanis retira a seriedade do visual; o cal\u00e7ado certo pode ser o ponto de modernidade urbana indispens\u00e1vel<\/figcaption><\/figure><\/div>\n\n\n<h2 class=\"wp-block-heading\">Elementos essenciais para finalizar o look de outono<\/h2>\n\n\n\n<p>Os acess\u00f3rios desempenham um papel fundamental em transformar uma combina\u00e7\u00e3o b\u00e1sica em uma verdadeira <strong>assinatura de estilo<\/strong> pessoal. No outono, a sobreposi\u00e7\u00e3o inteligente de camadas ajuda a lidar com as varia\u00e7\u00f5es de temperatura sem perder a <strong>coer\u00eancia visual<\/strong> do look escolhido.<\/p>\n\n\n\n<ul class=\"wp-block-list\">\n<li>Utilize <strong>camisetas de algod\u00e3o premium<\/strong> ou blusas de gola alta em tecidos finos por baixo do blazer para um acabamento luxuoso.<\/li>\n\n\n\n<li>Invista em uma <strong>bolsa estruturada<\/strong> de tamanho m\u00e9dio, que contraponha a fluidez das pe\u00e7as de roupa maiores.<\/li>\n\n\n\n<li>Escolha <strong>brincos e colares minimalistas<\/strong> em dourado ou prata para iluminar o rosto sem competir com a for\u00e7a do blazer.<\/li>\n\n\n\n<li>Dobre a barra da cal\u00e7a jeans levemente para deixar o <strong>tornozelo \u00e0 mostra<\/strong>, truque que confere leveza ao usar t\u00eanis fechados.<\/li>\n\n\n\n<li>Opte por blazers em <strong>l\u00e3 fria ou linho encorpado<\/strong>, tecidos que garantem um caimento impec\u00e1vel durante todo o dia de uso.<\/li>\n<\/ul>\n\n\n\n<p>Ao seguir essas diretrizes, voc\u00ea cria uma imagem que comunica <strong>confian\u00e7a e atualidade<\/strong>, respeitando sua trajet\u00f3ria e estilo pessoal. A moda aos <strong>40 anos<\/strong> deve ser libertadora, permitindo que o cl\u00e1ssico e o esportivo convivam em perfeita <strong>harmonia visual<\/strong> e funcional.<\/p>\n\n\n\n<h2 class=\"wp-block-heading\">Cores e texturas que dominam a temporada de 2026<\/h2>\n\n\n\n<p>A paleta crom\u00e1tica deste outono favorece tons de <strong>vinho, verde militar e manteiga<\/strong>, que trazem uma sensa\u00e7\u00e3o de acolhimento e luxo silencioso. Misturar texturas, como o jeans denso com a <strong>maciez do blazer<\/strong>, enriquece a percep\u00e7\u00e3o visual e demonstra um repert\u00f3rio de moda apurado e consciente. Se voc\u00ea gosta de moda, separamos esse v\u00eddeo da <a href=\"https:\/\/www.youtube.com\/@brunasorage\" target=\"_blank\" rel=\"noreferrer noopener\">Bruna Sorage<\/a> mostrando como usar blazer de forma moderna:<\/p>\n\n\n\n<figure class=\"wp-block-embed is-type-video is-provider-youtube wp-block-embed-youtube wp-embed-aspect-16-9 wp-has-aspect-ratio\"><div class=\"wp-block-embed__wrapper\">\n<div class=\"jeg_video_container jeg_video_content\"><iframe loading=\"lazy\" title=\"Como usar blazer de forma mais moderna?\" width=\"500\" height=\"281\" src=\"https:\/\/www.youtube.com\/embed\/vCUhUCMCVd8?feature=oembed\" frameborder=\"0\" allow=\"accelerometer; autoplay; clipboard-write; encrypted-media; gyroscope; picture-in-picture; web-share\" referrerpolicy=\"strict-origin-when-cross-origin\" allowfullscreen><\/iframe><\/div>\n<\/div><\/figure>\n\n\n\n<p>N\u00e3o tenha medo de experimentar o monocromatismo, utilizando varia\u00e7\u00f5es da mesma cor em todas as pe\u00e7as para um efeito de <strong>alongamento corporal<\/strong> potente. A moda \u00e9 uma ferramenta de <strong>express\u00e3o pessoal<\/strong> que, quando bem utilizada, reflete a seguran\u00e7a de uma mulher que conhece bem suas prefer\u00eancias e estilo.<\/p>\n\n\n\n<h2 class=\"wp-block-heading\">A versatilidade do blazer como investimento de moda<\/h2>\n\n\n\n<p>O blazer oversized \u00e9 muito mais do que uma tend\u00eancia passageira; trata-se de um <strong>investimento inteligente<\/strong> para o guarda-roupa de qualquer esta\u00e7\u00e3o. Sua capacidade de transformar um jeans b\u00e1sico e um t\u00eanis simples em um visual de <strong>capa de revista<\/strong> justifica sua presen\u00e7a em todas as listas de desejos.<\/p>\n\n\n\n<p>Ao abra\u00e7ar essa pe\u00e7a, voc\u00ea garante versatilidade para diversas ocasi\u00f5es, otimizando o seu tempo na hora de se vestir pela manh\u00e3 com <strong>foco na eleg\u00e2ncia<\/strong>. O equil\u00edbrio entre o despojado e o sofisticado \u00e9 a marca registrada de quem domina a arte de se vestir bem em <strong>2026<\/strong>.<\/p>\n","protected":false},"excerpt":{"rendered":"<p>O outono 2026 consolida a est\u00e9tica do conforto sofisticado, trazendo o blazer oversized como a pe\u00e7a central para mulheres que buscam modernidade e eleg\u00e2ncia. Combinar essa modelagem ampla com cal\u00e7a jeans e t\u00eanis exige equil\u00edbrio visual para garantir um visual polido ap\u00f3s os 40 anos. O segredo das propor\u00e7\u00f5es para um visual equilibrado Ao adotar [&hellip;]<\/p>\n","protected":false},"author":9,"featured_media":233202,"comment_status":"open","ping_status":"open","sticky":false,"template":"","format":"standard","meta":{"_yoast_wpseo_focuskw":"blazer oversized","_yoast_wpseo_title":"","_yoast_wpseo_metadesc":"Aprenda a combinar pe\u00e7as confort\u00e1veis com eleg\u00e2ncia e criar looks modernos, equilibrados e vers\u00e1teis para o outono 2026.","jnews-multi-image_gallery":[],"jnews_single_post":{"format":"standard"},"jnews_primary_category":[],"jnews_social_meta":[],"jnews_override_counter":[],"footnotes":""},"categories":[124],"post_tag":[],"class_list":["post-232785","post","type-post","status-publish","format-standard","has-post-thumbnail","hentry","category-beleza"],"yoast_head":"<!-- This site is optimized with the Yoast SEO plugin v24.6 - https:\/\/yoast.com\/wordpress\/plugins\/seo\/ -->\n<title>Como usar blazer oversized aos 40 com cal\u00e7a jeans e t\u00eanis em looks elegantes para o outono 2026 - Correio Braziliense - Radar<\/title>\n<meta name=\"description\" content=\"Aprenda a combinar pe\u00e7as confort\u00e1veis com eleg\u00e2ncia e criar looks modernos, equilibrados e vers\u00e1teis para o outono 2026.\" \/>\n<meta name=\"robots\" content=\"index, follow, max-snippet:-1, max-image-preview:large, max-video-preview:-1\" \/>\n<link rel=\"canonical\" href=\"https:\/\/www.correiobraziliense.com.br\/cbradar\/como-usar-blazer-oversized-aos-40-com-calca-jeans-e-tenis-em-looks-elegantes-para-o-outono-2026\/\" \/>\n<meta property=\"og:locale\" content=\"pt_BR\" \/>\n<meta property=\"og:type\" content=\"article\" \/>\n<meta property=\"og:title\" content=\"Como usar blazer oversized aos 40 com cal\u00e7a jeans e t\u00eanis em looks elegantes para o outono 2026 - Correio Braziliense - Radar\" \/>\n<meta property=\"og:description\" content=\"Aprenda a combinar pe\u00e7as confort\u00e1veis com eleg\u00e2ncia e criar looks modernos, equilibrados e vers\u00e1teis para o outono 2026.\" \/>\n<meta property=\"og:url\" content=\"https:\/\/www.correiobraziliense.com.br\/cbradar\/como-usar-blazer-oversized-aos-40-com-calca-jeans-e-tenis-em-looks-elegantes-para-o-outono-2026\/\" \/>\n<meta property=\"og:site_name\" content=\"Correio Braziliense - Radar\" \/>\n<meta property=\"article:published_time\" content=\"2026-04-28T11:05:00+00:00\" \/>\n<meta property=\"og:image\" content=\"https:\/\/www.correiobraziliense.com.br\/cbradar\/wp-content\/uploads\/2026\/04\/Woman_walking_autumn_202604271409.jpeg\" \/>\n\t<meta property=\"og:image:width\" content=\"1280\" \/>\n\t<meta property=\"og:image:height\" content=\"720\" \/>\n\t<meta property=\"og:image:type\" content=\"image\/jpeg\" \/>\n<meta name=\"author\" content=\"Daniely Cardoso\" \/>\n<meta name=\"twitter:card\" content=\"summary_large_image\" \/>\n<meta name=\"twitter:label1\" content=\"Escrito por\" \/>\n\t<meta name=\"twitter:data1\" content=\"Daniely Cardoso\" \/>\n\t<meta name=\"twitter:label2\" content=\"Est. tempo de leitura\" \/>\n\t<meta name=\"twitter:data2\" content=\"6 minutos\" \/>\n<!-- \/ Yoast SEO plugin. -->","yoast_head_json":{"title":"Como usar blazer oversized aos 40 com cal\u00e7a jeans e t\u00eanis em looks elegantes para o outono 2026 - Correio Braziliense - Radar","description":"Aprenda a combinar pe\u00e7as confort\u00e1veis com eleg\u00e2ncia e criar looks modernos, equilibrados e vers\u00e1teis para o outono 2026.","robots":{"index":"index","follow":"follow","max-snippet":"max-snippet:-1","max-image-preview":"max-image-preview:large","max-video-preview":"max-video-preview:-1"},"canonical":"https:\/\/www.correiobraziliense.com.br\/cbradar\/como-usar-blazer-oversized-aos-40-com-calca-jeans-e-tenis-em-looks-elegantes-para-o-outono-2026\/","og_locale":"pt_BR","og_type":"article","og_title":"Como usar blazer oversized aos 40 com cal\u00e7a jeans e t\u00eanis em looks elegantes para o outono 2026 - Correio Braziliense - Radar","og_description":"Aprenda a combinar pe\u00e7as confort\u00e1veis com eleg\u00e2ncia e criar looks modernos, equilibrados e vers\u00e1teis para o outono 2026.","og_url":"https:\/\/www.correiobraziliense.com.br\/cbradar\/como-usar-blazer-oversized-aos-40-com-calca-jeans-e-tenis-em-looks-elegantes-para-o-outono-2026\/","og_site_name":"Correio Braziliense - Radar","article_published_time":"2026-04-28T11:05:00+00:00","og_image":[{"width":1280,"height":720,"url":"https:\/\/www.correiobraziliense.com.br\/cbradar\/wp-content\/uploads\/2026\/04\/Woman_walking_autumn_202604271409.jpeg","type":"image\/jpeg"}],"author":"Daniely Cardoso","twitter_card":"summary_large_image","twitter_misc":{"Escrito por":"Daniely Cardoso","Est. tempo de leitura":"6 minutos"},"schema":{"@context":"https:\/\/schema.org","@graph":[{"@type":"WebPage","@id":"https:\/\/www.correiobraziliense.com.br\/cbradar\/como-usar-blazer-oversized-aos-40-com-calca-jeans-e-tenis-em-looks-elegantes-para-o-outono-2026\/","url":"https:\/\/www.correiobraziliense.com.br\/cbradar\/como-usar-blazer-oversized-aos-40-com-calca-jeans-e-tenis-em-looks-elegantes-para-o-outono-2026\/","name":"Como usar blazer oversized aos 40 com cal\u00e7a jeans e t\u00eanis em looks elegantes para o outono 2026 - Correio Braziliense - Radar","isPartOf":{"@id":"https:\/\/www.correiobraziliense.com.br\/cbradar\/#website"},"primaryImageOfPage":{"@id":"https:\/\/www.correiobraziliense.com.br\/cbradar\/como-usar-blazer-oversized-aos-40-com-calca-jeans-e-tenis-em-looks-elegantes-para-o-outono-2026\/#primaryimage"},"image":{"@id":"https:\/\/www.correiobraziliense.com.br\/cbradar\/como-usar-blazer-oversized-aos-40-com-calca-jeans-e-tenis-em-looks-elegantes-para-o-outono-2026\/#primaryimage"},"thumbnailUrl":"https:\/\/www.correiobraziliense.com.br\/cbradar\/wp-content\/uploads\/2026\/04\/Woman_walking_autumn_202604271409.jpeg","datePublished":"2026-04-28T11:05:00+00:00","author":{"@id":"https:\/\/www.correiobraziliense.com.br\/cbradar\/#\/schema\/person\/7356666e12ec0ee53f348ee5db227032"},"description":"Aprenda a combinar pe\u00e7as confort\u00e1veis com eleg\u00e2ncia e criar looks modernos, equilibrados e vers\u00e1teis para o outono 2026.","breadcrumb":{"@id":"https:\/\/www.correiobraziliense.com.br\/cbradar\/como-usar-blazer-oversized-aos-40-com-calca-jeans-e-tenis-em-looks-elegantes-para-o-outono-2026\/#breadcrumb"},"inLanguage":"pt-BR","potentialAction":[{"@type":"ReadAction","target":["https:\/\/www.correiobraziliense.com.br\/cbradar\/como-usar-blazer-oversized-aos-40-com-calca-jeans-e-tenis-em-looks-elegantes-para-o-outono-2026\/"]}]},{"@type":"ImageObject","inLanguage":"pt-BR","@id":"https:\/\/www.correiobraziliense.com.br\/cbradar\/como-usar-blazer-oversized-aos-40-com-calca-jeans-e-tenis-em-looks-elegantes-para-o-outono-2026\/#primaryimage","url":"https:\/\/www.correiobraziliense.com.br\/cbradar\/wp-content\/uploads\/2026\/04\/Woman_walking_autumn_202604271409.jpeg","contentUrl":"https:\/\/www.correiobraziliense.com.br\/cbradar\/wp-content\/uploads\/2026\/04\/Woman_walking_autumn_202604271409.jpeg","width":1280,"height":720,"caption":"Blazer oversized traz estrutura e modernidade ao visual"},{"@type":"BreadcrumbList","@id":"https:\/\/www.correiobraziliense.com.br\/cbradar\/como-usar-blazer-oversized-aos-40-com-calca-jeans-e-tenis-em-looks-elegantes-para-o-outono-2026\/#breadcrumb","itemListElement":[{"@type":"ListItem","position":1,"name":"In\u00edcio","item":"https:\/\/www.correiobraziliense.com.br\/cbradar\/"},{"@type":"ListItem","position":2,"name":"Como usar blazer oversized aos 40 com cal\u00e7a jeans e t\u00eanis em looks elegantes para o outono 2026"}]},{"@type":"WebSite","@id":"https:\/\/www.correiobraziliense.com.br\/cbradar\/#website","url":"https:\/\/www.correiobraziliense.com.br\/cbradar\/","name":"Correio Braziliense - Radar","description":"Acompanhe as \u00faltimas not\u00edcias e fique bem informado sobre tudo o que acontece no Brasil e no mundo.","potentialAction":[{"@type":"SearchAction","target":{"@type":"EntryPoint","urlTemplate":"https:\/\/www.correiobraziliense.com.br\/cbradar\/?s={search_term_string}"},"query-input":{"@type":"PropertyValueSpecification","valueRequired":true,"valueName":"search_term_string"}}],"inLanguage":"pt-BR"},{"@type":"Person","@id":"https:\/\/www.correiobraziliense.com.br\/cbradar\/#\/schema\/person\/7356666e12ec0ee53f348ee5db227032","name":"Daniely Cardoso","image":{"@type":"ImageObject","inLanguage":"pt-BR","@id":"https:\/\/www.correiobraziliense.com.br\/cbradar\/#\/schema\/person\/image\/","url":"https:\/\/secure.gravatar.com\/avatar\/4b80ddbd124d1f071b626d52d62e5dff?s=96&d=mm&r=g","contentUrl":"https:\/\/secure.gravatar.com\/avatar\/4b80ddbd124d1f071b626d52d62e5dff?s=96&d=mm&r=g","caption":"Daniely Cardoso"},"description":"Redatora nos portais CB Radar e EM Foco, formada pela Universidade Federal de Goi\u00e1s, em Goi\u00e2nia. Apaixonada por comunica\u00e7\u00e3o, arte, decora\u00e7\u00e3o e tend\u00eancias, atuo na produ\u00e7\u00e3o de conte\u00fados envolventes sobre curiosidades, moda, beleza e paisagismo, sempre com um olhar atento \u00e0s novidades do momento.","sameAs":["https:\/\/www.correiobraziliense.com.br\/cbradar"],"url":"https:\/\/www.correiobraziliense.com.br\/cbradar\/author\/danielymyth\/"}]}},"_links":{"self":[{"href":"https:\/\/www.correiobraziliense.com.br\/cbradar\/wp-json\/wp\/v2\/posts\/232785","targetHints":{"allow":["GET"]}}],"collection":[{"href":"https:\/\/www.correiobraziliense.com.br\/cbradar\/wp-json\/wp\/v2\/posts"}],"about":[{"href":"https:\/\/www.correiobraziliense.com.br\/cbradar\/wp-json\/wp\/v2\/types\/post"}],"author":[{"embeddable":true,"href":"https:\/\/www.correiobraziliense.com.br\/cbradar\/wp-json\/wp\/v2\/users\/9"}],"replies":[{"embeddable":true,"href":"https:\/\/www.correiobraziliense.com.br\/cbradar\/wp-json\/wp\/v2\/comments?post=232785"}],"version-history":[{"count":1,"href":"https:\/\/www.correiobraziliense.com.br\/cbradar\/wp-json\/wp\/v2\/posts\/232785\/revisions"}],"predecessor-version":[{"id":232814,"href":"https:\/\/www.correiobraziliense.com.br\/cbradar\/wp-json\/wp\/v2\/posts\/232785\/revisions\/232814"}],"wp:featuredmedia":[{"embeddable":true,"href":"https:\/\/www.correiobraziliense.com.br\/cbradar\/wp-json\/wp\/v2\/media\/233202"}],"wp:attachment":[{"href":"https:\/\/www.correiobraziliense.com.br\/cbradar\/wp-json\/wp\/v2\/media?parent=232785"}],"wp:term":[{"taxonomy":"category","embeddable":true,"href":"https:\/\/www.correiobraziliense.com.br\/cbradar\/wp-json\/wp\/v2\/categories?post=232785"},{"taxonomy":"post_tag","embeddable":true,"href":"https:\/\/www.correiobraziliense.com.br\/cbradar\/wp-json\/wp\/v2\/post_tag?post=232785"}],"curies":[{"name":"wp","href":"https:\/\/api.w.org\/{rel}","templated":true}]}}