{"id":232815,"date":"2026-04-28T09:25:00","date_gmt":"2026-04-28T12:25:00","guid":{"rendered":"https:\/\/www.correiobraziliense.com.br\/cbradar\/?p=232815"},"modified":"2026-04-27T14:25:23","modified_gmt":"2026-04-27T17:25:23","slug":"como-usar-jaquetas-jeans-aos-40-com-vestidos-e-botas-em-combinacoes-praticas-para-2026","status":"publish","type":"post","link":"https:\/\/www.correiobraziliense.com.br\/cbradar\/como-usar-jaquetas-jeans-aos-40-com-vestidos-e-botas-em-combinacoes-praticas-para-2026\/","title":{"rendered":"Como usar jaquetas jeans aos 40 com vestidos e botas em combina\u00e7\u00f5es pr\u00e1ticas para 2026"},"content":{"rendered":"\n<p>A <strong>jaqueta jeans<\/strong> \u00e9 um item atemporal que ganha novos contornos de sofistica\u00e7\u00e3o quando integrada ao guarda-roupa da mulher de <strong>40 anos<\/strong>. Em <strong>2026<\/strong>, a tend\u00eancia foca em misturar a robustez do denim com a fluidez dos vestidos, criando um equil\u00edbrio visual que transmite modernidade e praticidade para os dias de temperatura amena.<\/p>\n\n\n\n<h2 class=\"wp-block-heading\">O equil\u00edbrio ideal entre o casual e o sofisticado<\/h2>\n\n\n\n<p>Para acertar na composi\u00e7\u00e3o aos <strong>40 anos<\/strong>, o segredo reside na escolha da lavagem da <strong>jaqueta jeans<\/strong> e no comprimento do vestido. Lavagens escuras ou o cl\u00e1ssico <strong>denim raw<\/strong> conferem um ar mais polido, ideal para ambientes que exigem uma formalidade leve, enquanto as modelagens <strong>ajustadas ao corpo<\/strong> evitam o excesso de volume indesejado.<\/p>\n\n\n\n<p>Ao combinar a pe\u00e7a com um <strong>vestido midi<\/strong>, voc\u00ea cria uma silhueta alongada que favorece todos os tipos f\u00edsicos, garantindo um visual elegante sem esfor\u00e7o. Esta sobreposi\u00e7\u00e3o \u00e9 perfeita para enfrentar as <strong>mudan\u00e7as clim\u00e1ticas<\/strong> repentinas da primavera ou do outono, permitindo que voc\u00ea adapte o look conforme a necessidade do momento.<\/p>\n\n\n<div class=\"wp-block-image\">\n<figure class=\"aligncenter size-full\"><img decoding=\"async\" width=\"1280\" height=\"720\" src=\"https:\/\/www.correiobraziliense.com.br\/cbradar\/wp-content\/uploads\/2026\/04\/jaqueta-jeans.jpg\" alt=\"\" class=\"wp-image-232818\" srcset=\"https:\/\/www.correiobraziliense.com.br\/cbradar\/wp-content\/uploads\/2026\/04\/jaqueta-jeans.jpg 1280w, https:\/\/www.correiobraziliense.com.br\/cbradar\/wp-content\/uploads\/2026\/04\/jaqueta-jeans-300x169.jpg 300w, https:\/\/www.correiobraziliense.com.br\/cbradar\/wp-content\/uploads\/2026\/04\/jaqueta-jeans-768x432.jpg 768w, https:\/\/www.correiobraziliense.com.br\/cbradar\/wp-content\/uploads\/2026\/04\/jaqueta-jeans-750x422.jpg 750w, https:\/\/www.correiobraziliense.com.br\/cbradar\/wp-content\/uploads\/2026\/04\/jaqueta-jeans-1140x641.jpg 1140w\" sizes=\"(max-width: 1280px) 100vw, 1280px\" \/><figcaption class=\"wp-element-caption\">Para acertar na composi\u00e7\u00e3o aos 40 anos, o segredo reside na escolha da lavagem da jaqueta jeans e no comprimento do vestido<\/figcaption><\/figure><\/div>\n\n\n<p>Leia tamb\u00e9m: <a href=\"https:\/\/www.correiobraziliense.com.br\/cbradar\/4-cortes-de-cabelo-curto-que-ajudam-a-dar-mais-corpo-aos-fios-ralos-e-sem-volume\/\" target=\"_blank\" rel=\"noreferrer noopener\">4 cortes de cabelo curto que ajudam a dar mais corpo aos fios ralos e sem volume<\/a><\/p>\n\n\n\n<h2 class=\"wp-block-heading\">Modelagens de vestidos que valorizam a est\u00e9tica madura<\/h2>\n\n\n\n<p>Os <strong>vestidos evas\u00ea<\/strong> e os modelos envelope continuam sendo os melhores amigos da mulher madura pela capacidade de marcar a cintura com sutileza. Em <strong>2026<\/strong>, as estampas geom\u00e9tricas e florais em tons de <strong>terracota e azul profundo<\/strong> surgem como protagonistas, harmonizando perfeitamente com a tonalidade neutra do jeans.<\/p>\n\n\n\n<p>Optar por tecidos de qualidade, como a <strong>seda ou o algod\u00e3o premium<\/strong>, eleva o status da jaqueta jeans de um item b\u00e1sico para um complemento de luxo. Essa mistura de texturas \u00e9 o que diferencia uma produ\u00e7\u00e3o comum de um <strong>look de assinatura<\/strong>, focado em transmitir autoconfian\u00e7a e conhecimento de moda contempor\u00e2nea.<\/p>\n\n\n\n<h2 class=\"wp-block-heading\">Botas que definem o tom da produ\u00e7\u00e3o di\u00e1ria<\/h2>\n\n\n\n<p>A escolha da bota \u00e9 o que determina se o seu visual ser\u00e1 voltado para o <strong>estilo urbano<\/strong> ou para uma proposta mais boho-chic. As <strong>botas de cano curto<\/strong> com salto bloco s\u00e3o a escolha mais inteligente para quem prioriza o conforto durante longas jornadas, mantendo a postura impec\u00e1vel e a eleg\u00e2ncia necess\u00e1ria.<\/p>\n\n\n\n<figure class=\"wp-block-embed is-type-rich is-provider-pinterest wp-block-embed-pinterest\"><div class=\"wp-block-embed__wrapper\">\n<iframe loading=\"lazy\" title=\" \" src=\"https:\/\/assets.pinterest.com\/ext\/embed.html?id=103864335152030142&#038;src=oembed\" height=\"899\" width=\"450\" frameborder=\"0\" scrolling=\"no\" ><\/iframe>\n<\/div><\/figure>\n\n\n\n<figure class=\"wp-block-embed is-type-rich is-provider-pinterest wp-block-embed-pinterest\"><div class=\"wp-block-embed__wrapper\">\n<iframe loading=\"lazy\" title=\" \" src=\"https:\/\/assets.pinterest.com\/ext\/embed.html?id=351912467135608&#038;src=oembed\" height=\"663\" width=\"450\" frameborder=\"0\" scrolling=\"no\" ><\/iframe>\n<\/div><\/figure>\n\n\n\n<p>Para um toque extra de ousadia em <strong>2026<\/strong>, as botas em couro com acabamento fosco em tons de <strong>marrom ou off-white<\/strong> quebram a monotonia dos looks escuros. O importante \u00e9 garantir que a dist\u00e2ncia entre o final do vestido e o in\u00edcio da bota valorize suas pernas, mantendo a <strong>harmonia est\u00e9tica<\/strong> de toda a composi\u00e7\u00e3o.<\/p>\n\n\n\n<h2 class=\"wp-block-heading\">Truques de estilo para otimizar o uso da jaqueta<\/h2>\n\n\n\n<p>Pequenos detalhes no modo de vestir a <strong>jaqueta jeans<\/strong> podem transformar completamente a percep\u00e7\u00e3o do seu corpo e do seu estilo pessoal. A moda atual valoriza o <strong>conforto inteligente<\/strong>, onde cada pe\u00e7a cumpre uma fun\u00e7\u00e3o est\u00e9tica e funcional dentro da rotina agitada da mulher moderna.<\/p>\n\n\n\n<ul class=\"wp-block-list\">\n<li>Dobre as mangas da jaqueta at\u00e9 a altura do cotovelo para criar um visual mais <strong>despojado e leve<\/strong>.<\/li>\n\n\n\n<li>Utilize um <strong>cinto fino<\/strong> por cima do vestido para definir a cintura antes de colocar a jaqueta por cima dos ombros.<\/li>\n\n\n\n<li>Combine com <strong>acess\u00f3rios minimalistas<\/strong> em prata ou resina para manter o foco na sobreposi\u00e7\u00e3o das pe\u00e7as principais.<\/li>\n\n\n\n<li>Prefira vestidos com <strong>fendas discretas<\/strong>, que adicionam movimento ao caminhar e mostram a bota de forma estrat\u00e9gica.<\/li>\n\n\n\n<li>Escolha jaquetas com <strong>acabamento interno limpo<\/strong>, permitindo que voc\u00ea a use aberta sem comprometer o refinamento do look.<\/li>\n<\/ul>\n\n\n\n<p>Implementar essas dicas no cotidiano facilita a montagem de malas de viagem ou a escolha do look matinal para o <strong>trabalho criativo<\/strong>. A versatilidade do jeans aliada \u00e0 feminilidade do vestido cria uma <strong>armadura de estilo<\/strong> que funciona em diversas ocasi\u00f5es sociais e profissionais.<\/p>\n\n\n\n<h2 class=\"wp-block-heading\">Acess\u00f3rios que complementam o visual com bota<\/h2>\n\n\n\n<p>As bolsas de <strong>couro estruturadas<\/strong> s\u00e3o as melhores companheiras para este trio de pe\u00e7as, pois equilibram a informalidade do jeans com uma dose de seriedade. \u00d3culos de sol com <strong>arma\u00e7\u00f5es cl\u00e1ssicas<\/strong> finalizam a produ\u00e7\u00e3o, protegendo e adicionando um mist\u00e9rio sofisticado que \u00e9 a cara das tend\u00eancias de <strong>2026<\/strong>. Para aprofundar no tema, separamos esse v\u00eddeo do canal <a href=\"https:\/\/www.youtube.com\/@chiquesemfrescura\" target=\"_blank\" rel=\"noreferrer noopener\">Chique sem Frescura<\/a> falando mais sobre os erros ao combinar sua jaqueta jeans:<\/p>\n\n\n\n<figure class=\"wp-block-embed is-type-video is-provider-youtube wp-block-embed-youtube wp-embed-aspect-16-9 wp-has-aspect-ratio\"><div class=\"wp-block-embed__wrapper\">\n<div class=\"jeg_video_container jeg_video_content\"><iframe loading=\"lazy\" title=\"CUIDADO: Os MAIORES ERROS ao COMBINAR JAQUETA JEANS! VEJA ANTES QUE SEJA TARDE\" width=\"500\" height=\"281\" src=\"https:\/\/www.youtube.com\/embed\/-Ys1JEctcHo?feature=oembed\" frameborder=\"0\" allow=\"accelerometer; autoplay; clipboard-write; encrypted-media; gyroscope; picture-in-picture; web-share\" referrerpolicy=\"strict-origin-when-cross-origin\" allowfullscreen><\/iframe><\/div>\n<\/div><\/figure>\n\n\n\n<p>N\u00e3o se esque\u00e7a de coordenar a cor da bota com algum elemento da estampa do vestido ou com o tom da bolsa para criar <strong>unidade visual<\/strong>. Essa repeti\u00e7\u00e3o de cores, mesmo que sutil, \u00e9 um dos pilares do <strong>design de moda<\/strong> que ajuda a projetar uma imagem organizada e bem planejada aos olhos alheios.<\/p>\n\n\n\n<h2 class=\"wp-block-heading\">A jaqueta jeans como aliada da autoconfian\u00e7a aos 40<\/h2>\n\n\n\n<p>Dominar o uso da <strong>jaqueta jeans aos 40<\/strong> \u00e9 um exerc\u00edcio de liberdade, provando que n\u00e3o existem regras r\u00edgidas quando o assunto \u00e9 expressar sua personalidade. A combina\u00e7\u00e3o com vestidos e botas oferece a <strong>seguran\u00e7a necess\u00e1ria<\/strong> para transitar entre diferentes ambientes com a certeza de estar bem vestida.<\/p>\n\n\n\n<p>Este visual celebra a maturidade com um toque de juventude perene, focado na <strong>qualidade das escolhas<\/strong> e no caimento impec\u00e1vel das roupas. Ouse experimentar novas propor\u00e7\u00f5es em <strong>2026<\/strong> e descubra como pe\u00e7as cl\u00e1ssicas podem se renovar totalmente quando usadas com intelig\u00eancia e criatividade constante.<\/p>\n","protected":false},"excerpt":{"rendered":"<p>A jaqueta jeans \u00e9 um item atemporal que ganha novos contornos de sofistica\u00e7\u00e3o quando integrada ao guarda-roupa da mulher de 40 anos. Em 2026, a tend\u00eancia foca em misturar a robustez do denim com a fluidez dos vestidos, criando um equil\u00edbrio visual que transmite modernidade e praticidade para os dias de temperatura amena. O equil\u00edbrio [&hellip;]<\/p>\n","protected":false},"author":9,"featured_media":233200,"comment_status":"open","ping_status":"open","sticky":false,"template":"","format":"standard","meta":{"_yoast_wpseo_focuskw":"jaquetas jeans","_yoast_wpseo_title":"","_yoast_wpseo_metadesc":"Descubra como criar looks elegantes e vers\u00e1teis combinando pe\u00e7as cl\u00e1ssicas com conforto e estilo no dia a dia.","jnews-multi-image_gallery":[],"jnews_single_post":{"format":"standard"},"jnews_primary_category":[],"jnews_social_meta":[],"jnews_override_counter":[],"footnotes":""},"categories":[124],"post_tag":[],"class_list":["post-232815","post","type-post","status-publish","format-standard","has-post-thumbnail","hentry","category-beleza"],"yoast_head":"<!-- This site is optimized with the Yoast SEO plugin v24.6 - https:\/\/yoast.com\/wordpress\/plugins\/seo\/ -->\n<title>Como usar jaquetas jeans aos 40 com vestidos e botas em combina\u00e7\u00f5es pr\u00e1ticas para 2026 - Correio Braziliense - Radar<\/title>\n<meta name=\"description\" content=\"Descubra como criar looks elegantes e vers\u00e1teis combinando pe\u00e7as cl\u00e1ssicas com conforto e estilo no dia a dia.\" \/>\n<meta name=\"robots\" content=\"index, follow, max-snippet:-1, max-image-preview:large, max-video-preview:-1\" \/>\n<link rel=\"canonical\" href=\"https:\/\/www.correiobraziliense.com.br\/cbradar\/como-usar-jaquetas-jeans-aos-40-com-vestidos-e-botas-em-combinacoes-praticas-para-2026\/\" \/>\n<meta property=\"og:locale\" content=\"pt_BR\" \/>\n<meta property=\"og:type\" content=\"article\" \/>\n<meta property=\"og:title\" content=\"Como usar jaquetas jeans aos 40 com vestidos e botas em combina\u00e7\u00f5es pr\u00e1ticas para 2026 - Correio Braziliense - Radar\" \/>\n<meta property=\"og:description\" content=\"Descubra como criar looks elegantes e vers\u00e1teis combinando pe\u00e7as cl\u00e1ssicas com conforto e estilo no dia a dia.\" \/>\n<meta property=\"og:url\" content=\"https:\/\/www.correiobraziliense.com.br\/cbradar\/como-usar-jaquetas-jeans-aos-40-com-vestidos-e-botas-em-combinacoes-praticas-para-2026\/\" \/>\n<meta property=\"og:site_name\" content=\"Correio Braziliense - Radar\" \/>\n<meta property=\"article:published_time\" content=\"2026-04-28T12:25:00+00:00\" \/>\n<meta property=\"og:image\" content=\"https:\/\/www.correiobraziliense.com.br\/cbradar\/wp-content\/uploads\/2026\/04\/Mulher_40_usando_202604271405.jpeg\" \/>\n\t<meta property=\"og:image:width\" content=\"1280\" \/>\n\t<meta property=\"og:image:height\" content=\"720\" \/>\n\t<meta property=\"og:image:type\" content=\"image\/jpeg\" \/>\n<meta name=\"author\" content=\"Daniely Cardoso\" \/>\n<meta name=\"twitter:card\" content=\"summary_large_image\" \/>\n<meta name=\"twitter:label1\" content=\"Escrito por\" \/>\n\t<meta name=\"twitter:data1\" content=\"Daniely Cardoso\" \/>\n\t<meta name=\"twitter:label2\" content=\"Est. tempo de leitura\" \/>\n\t<meta name=\"twitter:data2\" content=\"5 minutos\" \/>\n<!-- \/ Yoast SEO plugin. -->","yoast_head_json":{"title":"Como usar jaquetas jeans aos 40 com vestidos e botas em combina\u00e7\u00f5es pr\u00e1ticas para 2026 - Correio Braziliense - Radar","description":"Descubra como criar looks elegantes e vers\u00e1teis combinando pe\u00e7as cl\u00e1ssicas com conforto e estilo no dia a dia.","robots":{"index":"index","follow":"follow","max-snippet":"max-snippet:-1","max-image-preview":"max-image-preview:large","max-video-preview":"max-video-preview:-1"},"canonical":"https:\/\/www.correiobraziliense.com.br\/cbradar\/como-usar-jaquetas-jeans-aos-40-com-vestidos-e-botas-em-combinacoes-praticas-para-2026\/","og_locale":"pt_BR","og_type":"article","og_title":"Como usar jaquetas jeans aos 40 com vestidos e botas em combina\u00e7\u00f5es pr\u00e1ticas para 2026 - Correio Braziliense - Radar","og_description":"Descubra como criar looks elegantes e vers\u00e1teis combinando pe\u00e7as cl\u00e1ssicas com conforto e estilo no dia a dia.","og_url":"https:\/\/www.correiobraziliense.com.br\/cbradar\/como-usar-jaquetas-jeans-aos-40-com-vestidos-e-botas-em-combinacoes-praticas-para-2026\/","og_site_name":"Correio Braziliense - Radar","article_published_time":"2026-04-28T12:25:00+00:00","og_image":[{"width":1280,"height":720,"url":"https:\/\/www.correiobraziliense.com.br\/cbradar\/wp-content\/uploads\/2026\/04\/Mulher_40_usando_202604271405.jpeg","type":"image\/jpeg"}],"author":"Daniely Cardoso","twitter_card":"summary_large_image","twitter_misc":{"Escrito por":"Daniely Cardoso","Est. tempo de leitura":"5 minutos"},"schema":{"@context":"https:\/\/schema.org","@graph":[{"@type":"WebPage","@id":"https:\/\/www.correiobraziliense.com.br\/cbradar\/como-usar-jaquetas-jeans-aos-40-com-vestidos-e-botas-em-combinacoes-praticas-para-2026\/","url":"https:\/\/www.correiobraziliense.com.br\/cbradar\/como-usar-jaquetas-jeans-aos-40-com-vestidos-e-botas-em-combinacoes-praticas-para-2026\/","name":"Como usar jaquetas jeans aos 40 com vestidos e botas em combina\u00e7\u00f5es pr\u00e1ticas para 2026 - Correio Braziliense - Radar","isPartOf":{"@id":"https:\/\/www.correiobraziliense.com.br\/cbradar\/#website"},"primaryImageOfPage":{"@id":"https:\/\/www.correiobraziliense.com.br\/cbradar\/como-usar-jaquetas-jeans-aos-40-com-vestidos-e-botas-em-combinacoes-praticas-para-2026\/#primaryimage"},"image":{"@id":"https:\/\/www.correiobraziliense.com.br\/cbradar\/como-usar-jaquetas-jeans-aos-40-com-vestidos-e-botas-em-combinacoes-praticas-para-2026\/#primaryimage"},"thumbnailUrl":"https:\/\/www.correiobraziliense.com.br\/cbradar\/wp-content\/uploads\/2026\/04\/Mulher_40_usando_202604271405.jpeg","datePublished":"2026-04-28T12:25:00+00:00","author":{"@id":"https:\/\/www.correiobraziliense.com.br\/cbradar\/#\/schema\/person\/7356666e12ec0ee53f348ee5db227032"},"description":"Descubra como criar looks elegantes e vers\u00e1teis combinando pe\u00e7as cl\u00e1ssicas com conforto e estilo no dia a dia.","breadcrumb":{"@id":"https:\/\/www.correiobraziliense.com.br\/cbradar\/como-usar-jaquetas-jeans-aos-40-com-vestidos-e-botas-em-combinacoes-praticas-para-2026\/#breadcrumb"},"inLanguage":"pt-BR","potentialAction":[{"@type":"ReadAction","target":["https:\/\/www.correiobraziliense.com.br\/cbradar\/como-usar-jaquetas-jeans-aos-40-com-vestidos-e-botas-em-combinacoes-praticas-para-2026\/"]}]},{"@type":"ImageObject","inLanguage":"pt-BR","@id":"https:\/\/www.correiobraziliense.com.br\/cbradar\/como-usar-jaquetas-jeans-aos-40-com-vestidos-e-botas-em-combinacoes-praticas-para-2026\/#primaryimage","url":"https:\/\/www.correiobraziliense.com.br\/cbradar\/wp-content\/uploads\/2026\/04\/Mulher_40_usando_202604271405.jpeg","contentUrl":"https:\/\/www.correiobraziliense.com.br\/cbradar\/wp-content\/uploads\/2026\/04\/Mulher_40_usando_202604271405.jpeg","width":1280,"height":720,"caption":"Combinar pe\u00e7as b\u00e1sicas facilita a rotina de se vestir"},{"@type":"BreadcrumbList","@id":"https:\/\/www.correiobraziliense.com.br\/cbradar\/como-usar-jaquetas-jeans-aos-40-com-vestidos-e-botas-em-combinacoes-praticas-para-2026\/#breadcrumb","itemListElement":[{"@type":"ListItem","position":1,"name":"In\u00edcio","item":"https:\/\/www.correiobraziliense.com.br\/cbradar\/"},{"@type":"ListItem","position":2,"name":"Como usar jaquetas jeans aos 40 com vestidos e botas em combina\u00e7\u00f5es pr\u00e1ticas para 2026"}]},{"@type":"WebSite","@id":"https:\/\/www.correiobraziliense.com.br\/cbradar\/#website","url":"https:\/\/www.correiobraziliense.com.br\/cbradar\/","name":"Correio Braziliense - Radar","description":"Acompanhe as \u00faltimas not\u00edcias e fique bem informado sobre tudo o que acontece no Brasil e no mundo.","potentialAction":[{"@type":"SearchAction","target":{"@type":"EntryPoint","urlTemplate":"https:\/\/www.correiobraziliense.com.br\/cbradar\/?s={search_term_string}"},"query-input":{"@type":"PropertyValueSpecification","valueRequired":true,"valueName":"search_term_string"}}],"inLanguage":"pt-BR"},{"@type":"Person","@id":"https:\/\/www.correiobraziliense.com.br\/cbradar\/#\/schema\/person\/7356666e12ec0ee53f348ee5db227032","name":"Daniely Cardoso","image":{"@type":"ImageObject","inLanguage":"pt-BR","@id":"https:\/\/www.correiobraziliense.com.br\/cbradar\/#\/schema\/person\/image\/","url":"https:\/\/secure.gravatar.com\/avatar\/4b80ddbd124d1f071b626d52d62e5dff?s=96&d=mm&r=g","contentUrl":"https:\/\/secure.gravatar.com\/avatar\/4b80ddbd124d1f071b626d52d62e5dff?s=96&d=mm&r=g","caption":"Daniely Cardoso"},"description":"Redatora nos portais CB Radar e EM Foco, formada pela Universidade Federal de Goi\u00e1s, em Goi\u00e2nia. Apaixonada por comunica\u00e7\u00e3o, arte, decora\u00e7\u00e3o e tend\u00eancias, atuo na produ\u00e7\u00e3o de conte\u00fados envolventes sobre curiosidades, moda, beleza e paisagismo, sempre com um olhar atento \u00e0s novidades do momento.","sameAs":["https:\/\/www.correiobraziliense.com.br\/cbradar"],"url":"https:\/\/www.correiobraziliense.com.br\/cbradar\/author\/danielymyth\/"}]}},"_links":{"self":[{"href":"https:\/\/www.correiobraziliense.com.br\/cbradar\/wp-json\/wp\/v2\/posts\/232815","targetHints":{"allow":["GET"]}}],"collection":[{"href":"https:\/\/www.correiobraziliense.com.br\/cbradar\/wp-json\/wp\/v2\/posts"}],"about":[{"href":"https:\/\/www.correiobraziliense.com.br\/cbradar\/wp-json\/wp\/v2\/types\/post"}],"author":[{"embeddable":true,"href":"https:\/\/www.correiobraziliense.com.br\/cbradar\/wp-json\/wp\/v2\/users\/9"}],"replies":[{"embeddable":true,"href":"https:\/\/www.correiobraziliense.com.br\/cbradar\/wp-json\/wp\/v2\/comments?post=232815"}],"version-history":[{"count":2,"href":"https:\/\/www.correiobraziliense.com.br\/cbradar\/wp-json\/wp\/v2\/posts\/232815\/revisions"}],"predecessor-version":[{"id":232820,"href":"https:\/\/www.correiobraziliense.com.br\/cbradar\/wp-json\/wp\/v2\/posts\/232815\/revisions\/232820"}],"wp:featuredmedia":[{"embeddable":true,"href":"https:\/\/www.correiobraziliense.com.br\/cbradar\/wp-json\/wp\/v2\/media\/233200"}],"wp:attachment":[{"href":"https:\/\/www.correiobraziliense.com.br\/cbradar\/wp-json\/wp\/v2\/media?parent=232815"}],"wp:term":[{"taxonomy":"category","embeddable":true,"href":"https:\/\/www.correiobraziliense.com.br\/cbradar\/wp-json\/wp\/v2\/categories?post=232815"},{"taxonomy":"post_tag","embeddable":true,"href":"https:\/\/www.correiobraziliense.com.br\/cbradar\/wp-json\/wp\/v2\/post_tag?post=232815"}],"curies":[{"name":"wp","href":"https:\/\/api.w.org\/{rel}","templated":true}]}}