{"id":232821,"date":"2026-04-28T10:05:00","date_gmt":"2026-04-28T13:05:00","guid":{"rendered":"https:\/\/www.correiobraziliense.com.br\/cbradar\/?p=232821"},"modified":"2026-04-27T14:25:04","modified_gmt":"2026-04-27T17:25:04","slug":"perfumes-femininos-ideais-para-mulheres-acima-dos-40-anos-e-fragrancias-que-marcam-presenca-em-2026","status":"publish","type":"post","link":"https:\/\/www.correiobraziliense.com.br\/cbradar\/perfumes-femininos-ideais-para-mulheres-acima-dos-40-anos-e-fragrancias-que-marcam-presenca-em-2026\/","title":{"rendered":"Perfumes femininos ideais para mulheres acima dos 40 anos e fragr\u00e2ncias que marcam presen\u00e7a em 2026"},"content":{"rendered":"\n<p>A escolha de uma assinatura olfativa ap\u00f3s os <strong>40 anos<\/strong> reflete um momento de autoconhecimento profundo e a busca por notas que transmitam seguran\u00e7a e sofistica\u00e7\u00e3o. Em <strong>2026<\/strong>, a perfumaria de luxo foca em composi\u00e7\u00f5es que equilibram o cl\u00e1ssico com toques contempor\u00e2neos, garantindo uma <strong>presen\u00e7a marcante<\/strong> em qualquer ambiente.<\/p>\n\n\n\n<h2 class=\"wp-block-heading\">O eterno fasc\u00ednio do Chanel N\u00ba5 na maturidade<\/h2>\n\n\n\n<p>Considerado o \u00edcone m\u00e1ximo da perfumaria mundial, o <strong>Chanel N\u00ba5<\/strong> continua sendo a escolha primordial para mulheres que desejam exalar uma <strong>eleg\u00e2ncia atemporal<\/strong>. Sua composi\u00e7\u00e3o complexa de alde\u00eddos e notas florais de jasmim e rosa de maio cria uma aura de mist\u00e9rio e poder que se adapta perfeitamente \u00e0 pele na <strong>fase madura<\/strong>.<\/p>\n\n\n\n<p>Para as mulheres de <strong>40 anos<\/strong> ou mais, este perfume representa mais do que uma fragr\u00e2ncia; \u00e9 um s\u00edmbolo de status e refinamento que atravessa gera\u00e7\u00f5es sem perder a relev\u00e2ncia. Em <strong>2026<\/strong>, o uso dessa ess\u00eancia \u00e9 visto como um ato de <strong>sofistica\u00e7\u00e3o consciente<\/strong>, ideal para eventos noturnos ou reuni\u00f5es de alta c\u00fapula profissional.<\/p>\n\n\n<div class=\"wp-block-image\">\n<figure class=\"aligncenter size-large\"><img decoding=\"async\" width=\"1280\" height=\"714\" src=\"https:\/\/www.correiobraziliense.com.br\/cbradar\/wp-content\/uploads\/2026\/04\/freepik_frascos-elegantes-de-perf_2864433028-1280x714.jpeg\" alt=\"\" class=\"wp-image-232010\" srcset=\"https:\/\/www.correiobraziliense.com.br\/cbradar\/wp-content\/uploads\/2026\/04\/freepik_frascos-elegantes-de-perf_2864433028-1280x714.jpeg 1280w, https:\/\/www.correiobraziliense.com.br\/cbradar\/wp-content\/uploads\/2026\/04\/freepik_frascos-elegantes-de-perf_2864433028-300x167.jpeg 300w, https:\/\/www.correiobraziliense.com.br\/cbradar\/wp-content\/uploads\/2026\/04\/freepik_frascos-elegantes-de-perf_2864433028-768x429.jpeg 768w, https:\/\/www.correiobraziliense.com.br\/cbradar\/wp-content\/uploads\/2026\/04\/freepik_frascos-elegantes-de-perf_2864433028-750x419.jpeg 750w, https:\/\/www.correiobraziliense.com.br\/cbradar\/wp-content\/uploads\/2026\/04\/freepik_frascos-elegantes-de-perf_2864433028-1140x636.jpeg 1140w, https:\/\/www.correiobraziliense.com.br\/cbradar\/wp-content\/uploads\/2026\/04\/freepik_frascos-elegantes-de-perf_2864433028.jpeg 1376w\" sizes=\"(max-width: 1280px) 100vw, 1280px\" \/><figcaption class=\"wp-element-caption\">Para encontrar o perfume que mais se adapta ao seu estilo, \u00e9 fundamental testar a evolu\u00e7\u00e3o das notas de cora\u00e7\u00e3o na pr\u00f3pria pele<\/figcaption><\/figure><\/div>\n\n\n<p>Leia tamb\u00e9m: <a href=\"https:\/\/www.correiobraziliense.com.br\/cbradar\/4-cortes-de-cabelo-curto-que-ajudam-a-dar-mais-corpo-aos-fios-ralos-e-sem-volume\/\" target=\"_blank\" rel=\"noreferrer noopener\">4 cortes de cabelo curto que ajudam a dar mais corpo aos fios ralos e sem volume<\/a><\/p>\n\n\n\n<h2 class=\"wp-block-heading\">A luminosidade floral de Dior J\u2019adore para o cotidiano luxuoso<\/h2>\n\n\n\n<p>O <strong>Dior J\u2019adore<\/strong> se destaca por sua capacidade de iluminar a presen\u00e7a feminina atrav\u00e9s de um buqu\u00ea floral rico, onde o ylang-ylang e a rosa damascena protagonizam. Esta fragr\u00e2ncia \u00e9 ideal para a <strong>mulher contempor\u00e2nea<\/strong> que busca um perfume que transite com facilidade entre o ambiente de trabalho e compromissos sociais sofisticados.<\/p>\n\n\n\n<p>Sua ess\u00eancia solar e equilibrada projeta uma imagem de <strong>vitalidade e sucesso<\/strong>, caracter\u00edsticas muito valorizadas na est\u00e9tica de beleza em <strong>2026<\/strong>. Ao optar por este cl\u00e1ssico da <strong>Dior<\/strong>, voc\u00ea garante uma trilha olfativa que \u00e9 ao mesmo tempo delicada e imponente, refor\u00e7ando a feminilidade em sua forma mais plena e confiante.<\/p>\n\n\n\n<h2 class=\"wp-block-heading\">A celebra\u00e7\u00e3o da felicidade com Lanc\u00f4me La Vie Est Belle<\/h2>\n\n\n\n<p>Para quem prefere notas mais doces e envolventes, o <strong>Lanc\u00f4me La Vie Est Belle<\/strong> permanece no topo das prefer\u00eancias globais por sua mensagem de otimismo e do\u00e7ura. A combina\u00e7\u00e3o de \u00edris, patchouli e baunilha resulta em uma fragr\u00e2ncia densa que adere \u00e0 pele, proporcionando uma <strong>longa fixa\u00e7\u00e3o<\/strong> indispens\u00e1vel na rotina atual.<\/p>\n\n\n\n<p>Aos <strong>40 anos<\/strong>, este perfume ganha uma nova interpreta\u00e7\u00e3o, simbolizando a conquista da liberdade pessoal e a celebra\u00e7\u00e3o das <strong>vit\u00f3rias individuais<\/strong> acumuladas ao longo da vida. \u00c9 a escolha perfeita para mulheres que n\u00e3o t\u00eam medo de marcar presen\u00e7a e que desejam ser lembradas por uma <strong>energia contagiante<\/strong> e calorosa.<\/p>\n\n\n\n<figure class=\"wp-block-embed is-type-rich is-provider-pinterest wp-block-embed-pinterest\"><div class=\"wp-block-embed__wrapper\">\n<iframe loading=\"lazy\" title=\"Lanc\u00f4me La Vie Est Belle Iris Absolu - Parfum Femme Chaud &amp; \u00c9pic\u00e9\" src=\"https:\/\/assets.pinterest.com\/ext\/embed.html?id=1144969905284122340&#038;src=oembed\" height=\"899\" width=\"450\" frameborder=\"0\" scrolling=\"no\" ><\/iframe>\n<\/div><\/figure>\n\n\n\n<h2 class=\"wp-block-heading\">Dicas essenciais para maximizar a fixa\u00e7\u00e3o da sua fragr\u00e2ncia<\/h2>\n\n\n\n<p>Manter a intensidade do perfume ao longo do dia exige alguns cuidados estrat\u00e9gicos que preservam as <strong>notas de cora\u00e7\u00e3o<\/strong> da ess\u00eancia por mais tempo. A hidrata\u00e7\u00e3o da pele e os pontos de aplica\u00e7\u00e3o s\u00e3o fundamentais para que o investimento em <strong>perfumaria de nicho<\/strong> ou luxo entregue o resultado esperado em <strong>2026<\/strong>.<\/p>\n\n\n\n<ul class=\"wp-block-list\">\n<li>Aplique o perfume logo ap\u00f3s o banho em <strong>\u00e1reas de pulsa\u00e7\u00e3o<\/strong>, como pulsos, pesco\u00e7o e atr\u00e1s das orelhas, onde o calor corporal difunde a fragr\u00e2ncia.<\/li>\n\n\n\n<li>Mantenha a pele sempre hidratada com lo\u00e7\u00f5es neutras para que as <strong>mol\u00e9culas do perfume<\/strong> tenham onde se fixar com maior ader\u00eancia.<\/li>\n\n\n\n<li>Evite esfregar os pulsos ap\u00f3s a aplica\u00e7\u00e3o, pois esse atrito quebra as <strong>notas de topo<\/strong> e altera o desenvolvimento natural do aroma na pele.<\/li>\n\n\n\n<li>Armazene seus frascos de <strong>Chanel<\/strong> ou <strong>Dior<\/strong> longe da luz e da umidade do banheiro para preservar a integridade qu\u00edmica dos componentes.<\/li>\n\n\n\n<li>Considere o uso de &#8220;hair mist&#8221; (perfume para cabelo) para criar uma <strong>nuvem olfativa<\/strong> envolvente que se movimenta junto com voc\u00ea.<\/li>\n<\/ul>\n\n\n\n<p>Seguir esses passos garante que sua <strong>assinatura olfativa<\/strong> seja percebida de forma elegante e cont\u00ednua, evitando a necessidade de reaplica\u00e7\u00f5es constantes. A percep\u00e7\u00e3o do perfume \u00e9 uma extens\u00e3o da sua <strong>identidade visual<\/strong>, por isso, cuidar da forma como ele \u00e9 apresentado \u00e9 essencial para manter o padr\u00e3o de sofistica\u00e7\u00e3o. Separamos esse v\u00eddeo do canal do <a href=\"https:\/\/www.youtube.com\/@taiguaraalmeida\" target=\"_blank\" rel=\"noreferrer noopener\">taiguara almeida<\/a> falando mais sobre o Chanel:<\/p>\n\n\n\n<figure class=\"wp-block-embed is-type-video is-provider-youtube wp-block-embed-youtube wp-embed-aspect-16-9 wp-has-aspect-ratio\"><div class=\"wp-block-embed__wrapper\">\n<div class=\"jeg_video_container jeg_video_content\"><iframe loading=\"lazy\" title=\"PERFUME CHANEL N5 Eau de Parfum ( CHANEL ) VERS\u00c3O LANCADA EM 1986 RESENHA\" width=\"500\" height=\"281\" src=\"https:\/\/www.youtube.com\/embed\/wRh8ChuspyY?feature=oembed\" frameborder=\"0\" allow=\"accelerometer; autoplay; clipboard-write; encrypted-media; gyroscope; picture-in-picture; web-share\" referrerpolicy=\"strict-origin-when-cross-origin\" allowfullscreen><\/iframe><\/div>\n<\/div><\/figure>\n\n\n\n<h2 class=\"wp-block-heading\">A evolu\u00e7\u00e3o das notas olfativas na pele madura<\/h2>\n\n\n\n<p>\u00c9 importante notar que a qu\u00edmica da pele sofre altera\u00e7\u00f5es naturais com o passar do tempo, o que pode modificar levemente a <strong>percep\u00e7\u00e3o arom\u00e1tica<\/strong> de cl\u00e1ssicos como o <strong>Lanc\u00f4me<\/strong>. Em <strong>2026<\/strong>, a tend\u00eancia \u00e9 abra\u00e7ar essas varia\u00e7\u00f5es, permitindo que cada fragr\u00e2ncia se torne \u00fanica em contato com o seu corpo e hist\u00f3ria.<\/p>\n\n\n\n<p>Testar a fragr\u00e2ncia por algumas horas antes da compra definitiva permite entender como as <strong>notas de fundo<\/strong> interagem com seu PH atual, garantindo uma escolha assertiva. O perfume ideal \u00e9 aquele que n\u00e3o apenas cheira bem, mas que eleva sua <strong>autoestima e seguran\u00e7a<\/strong> diante dos desafios di\u00e1rios da maturidade.<\/p>\n\n\n\n<h2 class=\"wp-block-heading\">O perfume como ferramenta de poder e autoconfian\u00e7a<\/h2>\n\n\n\n<p>Escolher entre <strong>Chanel N\u00ba5<\/strong>, <strong>Dior J\u2019adore<\/strong> ou <strong>La Vie Est Belle<\/strong> \u00e9 decidir qual faceta da sua personalidade voc\u00ea deseja destacar para o mundo. Cada uma dessas obras-primas da <strong>perfumaria internacional<\/strong> oferece uma narrativa diferente, capaz de moldar a forma como voc\u00ea \u00e9 percebida e lembrada em <strong>2026<\/strong>.<\/p>\n\n\n\n<p>Investir em um perfume de alta qualidade aos <strong>40 anos<\/strong> \u00e9 um ritual de autocuidado que reafirma sua posi\u00e7\u00e3o de destaque e sua busca por excel\u00eancia. Deixe que sua fragr\u00e2ncia conte sua hist\u00f3ria de <strong>sucesso e eleg\u00e2ncia<\/strong>, transformando cada borrifada em um manifesto de poder feminino absoluto.<\/p>\n","protected":false},"excerpt":{"rendered":"<p>A escolha de uma assinatura olfativa ap\u00f3s os 40 anos reflete um momento de autoconhecimento profundo e a busca por notas que transmitam seguran\u00e7a e sofistica\u00e7\u00e3o. Em 2026, a perfumaria de luxo foca em composi\u00e7\u00f5es que equilibram o cl\u00e1ssico com toques contempor\u00e2neos, garantindo uma presen\u00e7a marcante em qualquer ambiente. O eterno fasc\u00ednio do Chanel N\u00ba5 [&hellip;]<\/p>\n","protected":false},"author":9,"featured_media":233201,"comment_status":"open","ping_status":"open","sticky":false,"template":"","format":"standard","meta":{"_yoast_wpseo_focuskw":"Perfumes femininos","_yoast_wpseo_title":"","_yoast_wpseo_metadesc":"Descubra fragr\u00e2ncias marcantes que combinam eleg\u00e2ncia, personalidade e presen\u00e7a para destacar seu estilo com sofistica\u00e7\u00e3o.","jnews-multi-image_gallery":[],"jnews_single_post":{"format":"standard"},"jnews_primary_category":[],"jnews_social_meta":[],"jnews_override_counter":[],"footnotes":""},"categories":[124],"post_tag":[],"class_list":["post-232821","post","type-post","status-publish","format-standard","has-post-thumbnail","hentry","category-beleza"],"yoast_head":"<!-- This site is optimized with the Yoast SEO plugin v24.6 - https:\/\/yoast.com\/wordpress\/plugins\/seo\/ -->\n<title>Perfumes femininos ideais para mulheres acima dos 40 anos e fragr\u00e2ncias que marcam presen\u00e7a em 2026 - Correio Braziliense - Radar<\/title>\n<meta name=\"description\" content=\"Descubra fragr\u00e2ncias marcantes que combinam eleg\u00e2ncia, personalidade e presen\u00e7a para destacar seu estilo com sofistica\u00e7\u00e3o.\" \/>\n<meta name=\"robots\" content=\"index, follow, max-snippet:-1, max-image-preview:large, max-video-preview:-1\" \/>\n<link rel=\"canonical\" href=\"https:\/\/www.correiobraziliense.com.br\/cbradar\/perfumes-femininos-ideais-para-mulheres-acima-dos-40-anos-e-fragrancias-que-marcam-presenca-em-2026\/\" \/>\n<meta property=\"og:locale\" content=\"pt_BR\" \/>\n<meta property=\"og:type\" content=\"article\" \/>\n<meta property=\"og:title\" content=\"Perfumes femininos ideais para mulheres acima dos 40 anos e fragr\u00e2ncias que marcam presen\u00e7a em 2026 - Correio Braziliense - Radar\" \/>\n<meta property=\"og:description\" content=\"Descubra fragr\u00e2ncias marcantes que combinam eleg\u00e2ncia, personalidade e presen\u00e7a para destacar seu estilo com sofistica\u00e7\u00e3o.\" \/>\n<meta property=\"og:url\" content=\"https:\/\/www.correiobraziliense.com.br\/cbradar\/perfumes-femininos-ideais-para-mulheres-acima-dos-40-anos-e-fragrancias-que-marcam-presenca-em-2026\/\" \/>\n<meta property=\"og:site_name\" content=\"Correio Braziliense - Radar\" \/>\n<meta property=\"article:published_time\" content=\"2026-04-28T13:05:00+00:00\" \/>\n<meta property=\"og:image\" content=\"https:\/\/www.correiobraziliense.com.br\/cbradar\/wp-content\/uploads\/2026\/04\/Perfume_bottle_on_202604271400.jpeg\" \/>\n\t<meta property=\"og:image:width\" content=\"1280\" \/>\n\t<meta property=\"og:image:height\" content=\"720\" \/>\n\t<meta property=\"og:image:type\" content=\"image\/jpeg\" \/>\n<meta name=\"author\" content=\"Daniely Cardoso\" \/>\n<meta name=\"twitter:card\" content=\"summary_large_image\" \/>\n<meta name=\"twitter:label1\" content=\"Escrito por\" \/>\n\t<meta name=\"twitter:data1\" content=\"Daniely Cardoso\" \/>\n\t<meta name=\"twitter:label2\" content=\"Est. tempo de leitura\" \/>\n\t<meta name=\"twitter:data2\" content=\"6 minutos\" \/>\n<!-- \/ Yoast SEO plugin. -->","yoast_head_json":{"title":"Perfumes femininos ideais para mulheres acima dos 40 anos e fragr\u00e2ncias que marcam presen\u00e7a em 2026 - Correio Braziliense - Radar","description":"Descubra fragr\u00e2ncias marcantes que combinam eleg\u00e2ncia, personalidade e presen\u00e7a para destacar seu estilo com sofistica\u00e7\u00e3o.","robots":{"index":"index","follow":"follow","max-snippet":"max-snippet:-1","max-image-preview":"max-image-preview:large","max-video-preview":"max-video-preview:-1"},"canonical":"https:\/\/www.correiobraziliense.com.br\/cbradar\/perfumes-femininos-ideais-para-mulheres-acima-dos-40-anos-e-fragrancias-que-marcam-presenca-em-2026\/","og_locale":"pt_BR","og_type":"article","og_title":"Perfumes femininos ideais para mulheres acima dos 40 anos e fragr\u00e2ncias que marcam presen\u00e7a em 2026 - Correio Braziliense - Radar","og_description":"Descubra fragr\u00e2ncias marcantes que combinam eleg\u00e2ncia, personalidade e presen\u00e7a para destacar seu estilo com sofistica\u00e7\u00e3o.","og_url":"https:\/\/www.correiobraziliense.com.br\/cbradar\/perfumes-femininos-ideais-para-mulheres-acima-dos-40-anos-e-fragrancias-que-marcam-presenca-em-2026\/","og_site_name":"Correio Braziliense - Radar","article_published_time":"2026-04-28T13:05:00+00:00","og_image":[{"width":1280,"height":720,"url":"https:\/\/www.correiobraziliense.com.br\/cbradar\/wp-content\/uploads\/2026\/04\/Perfume_bottle_on_202604271400.jpeg","type":"image\/jpeg"}],"author":"Daniely Cardoso","twitter_card":"summary_large_image","twitter_misc":{"Escrito por":"Daniely Cardoso","Est. tempo de leitura":"6 minutos"},"schema":{"@context":"https:\/\/schema.org","@graph":[{"@type":"WebPage","@id":"https:\/\/www.correiobraziliense.com.br\/cbradar\/perfumes-femininos-ideais-para-mulheres-acima-dos-40-anos-e-fragrancias-que-marcam-presenca-em-2026\/","url":"https:\/\/www.correiobraziliense.com.br\/cbradar\/perfumes-femininos-ideais-para-mulheres-acima-dos-40-anos-e-fragrancias-que-marcam-presenca-em-2026\/","name":"Perfumes femininos ideais para mulheres acima dos 40 anos e fragr\u00e2ncias que marcam presen\u00e7a em 2026 - Correio Braziliense - Radar","isPartOf":{"@id":"https:\/\/www.correiobraziliense.com.br\/cbradar\/#website"},"primaryImageOfPage":{"@id":"https:\/\/www.correiobraziliense.com.br\/cbradar\/perfumes-femininos-ideais-para-mulheres-acima-dos-40-anos-e-fragrancias-que-marcam-presenca-em-2026\/#primaryimage"},"image":{"@id":"https:\/\/www.correiobraziliense.com.br\/cbradar\/perfumes-femininos-ideais-para-mulheres-acima-dos-40-anos-e-fragrancias-que-marcam-presenca-em-2026\/#primaryimage"},"thumbnailUrl":"https:\/\/www.correiobraziliense.com.br\/cbradar\/wp-content\/uploads\/2026\/04\/Perfume_bottle_on_202604271400.jpeg","datePublished":"2026-04-28T13:05:00+00:00","author":{"@id":"https:\/\/www.correiobraziliense.com.br\/cbradar\/#\/schema\/person\/7356666e12ec0ee53f348ee5db227032"},"description":"Descubra fragr\u00e2ncias marcantes que combinam eleg\u00e2ncia, personalidade e presen\u00e7a para destacar seu estilo com sofistica\u00e7\u00e3o.","breadcrumb":{"@id":"https:\/\/www.correiobraziliense.com.br\/cbradar\/perfumes-femininos-ideais-para-mulheres-acima-dos-40-anos-e-fragrancias-que-marcam-presenca-em-2026\/#breadcrumb"},"inLanguage":"pt-BR","potentialAction":[{"@type":"ReadAction","target":["https:\/\/www.correiobraziliense.com.br\/cbradar\/perfumes-femininos-ideais-para-mulheres-acima-dos-40-anos-e-fragrancias-que-marcam-presenca-em-2026\/"]}]},{"@type":"ImageObject","inLanguage":"pt-BR","@id":"https:\/\/www.correiobraziliense.com.br\/cbradar\/perfumes-femininos-ideais-para-mulheres-acima-dos-40-anos-e-fragrancias-que-marcam-presenca-em-2026\/#primaryimage","url":"https:\/\/www.correiobraziliense.com.br\/cbradar\/wp-content\/uploads\/2026\/04\/Perfume_bottle_on_202604271400.jpeg","contentUrl":"https:\/\/www.correiobraziliense.com.br\/cbradar\/wp-content\/uploads\/2026\/04\/Perfume_bottle_on_202604271400.jpeg","width":1280,"height":720,"caption":"Fragr\u00e2ncias florais e amadeiradas s\u00e3o populares entre mulheres acima dos 40"},{"@type":"BreadcrumbList","@id":"https:\/\/www.correiobraziliense.com.br\/cbradar\/perfumes-femininos-ideais-para-mulheres-acima-dos-40-anos-e-fragrancias-que-marcam-presenca-em-2026\/#breadcrumb","itemListElement":[{"@type":"ListItem","position":1,"name":"In\u00edcio","item":"https:\/\/www.correiobraziliense.com.br\/cbradar\/"},{"@type":"ListItem","position":2,"name":"Perfumes femininos ideais para mulheres acima dos 40 anos e fragr\u00e2ncias que marcam presen\u00e7a em 2026"}]},{"@type":"WebSite","@id":"https:\/\/www.correiobraziliense.com.br\/cbradar\/#website","url":"https:\/\/www.correiobraziliense.com.br\/cbradar\/","name":"Correio Braziliense - Radar","description":"Acompanhe as \u00faltimas not\u00edcias e fique bem informado sobre tudo o que acontece no Brasil e no mundo.","potentialAction":[{"@type":"SearchAction","target":{"@type":"EntryPoint","urlTemplate":"https:\/\/www.correiobraziliense.com.br\/cbradar\/?s={search_term_string}"},"query-input":{"@type":"PropertyValueSpecification","valueRequired":true,"valueName":"search_term_string"}}],"inLanguage":"pt-BR"},{"@type":"Person","@id":"https:\/\/www.correiobraziliense.com.br\/cbradar\/#\/schema\/person\/7356666e12ec0ee53f348ee5db227032","name":"Daniely Cardoso","image":{"@type":"ImageObject","inLanguage":"pt-BR","@id":"https:\/\/www.correiobraziliense.com.br\/cbradar\/#\/schema\/person\/image\/","url":"https:\/\/secure.gravatar.com\/avatar\/4b80ddbd124d1f071b626d52d62e5dff?s=96&d=mm&r=g","contentUrl":"https:\/\/secure.gravatar.com\/avatar\/4b80ddbd124d1f071b626d52d62e5dff?s=96&d=mm&r=g","caption":"Daniely Cardoso"},"description":"Redatora nos portais CB Radar e EM Foco, formada pela Universidade Federal de Goi\u00e1s, em Goi\u00e2nia. Apaixonada por comunica\u00e7\u00e3o, arte, decora\u00e7\u00e3o e tend\u00eancias, atuo na produ\u00e7\u00e3o de conte\u00fados envolventes sobre curiosidades, moda, beleza e paisagismo, sempre com um olhar atento \u00e0s novidades do momento.","sameAs":["https:\/\/www.correiobraziliense.com.br\/cbradar"],"url":"https:\/\/www.correiobraziliense.com.br\/cbradar\/author\/danielymyth\/"}]}},"_links":{"self":[{"href":"https:\/\/www.correiobraziliense.com.br\/cbradar\/wp-json\/wp\/v2\/posts\/232821","targetHints":{"allow":["GET"]}}],"collection":[{"href":"https:\/\/www.correiobraziliense.com.br\/cbradar\/wp-json\/wp\/v2\/posts"}],"about":[{"href":"https:\/\/www.correiobraziliense.com.br\/cbradar\/wp-json\/wp\/v2\/types\/post"}],"author":[{"embeddable":true,"href":"https:\/\/www.correiobraziliense.com.br\/cbradar\/wp-json\/wp\/v2\/users\/9"}],"replies":[{"embeddable":true,"href":"https:\/\/www.correiobraziliense.com.br\/cbradar\/wp-json\/wp\/v2\/comments?post=232821"}],"version-history":[{"count":1,"href":"https:\/\/www.correiobraziliense.com.br\/cbradar\/wp-json\/wp\/v2\/posts\/232821\/revisions"}],"predecessor-version":[{"id":232825,"href":"https:\/\/www.correiobraziliense.com.br\/cbradar\/wp-json\/wp\/v2\/posts\/232821\/revisions\/232825"}],"wp:featuredmedia":[{"embeddable":true,"href":"https:\/\/www.correiobraziliense.com.br\/cbradar\/wp-json\/wp\/v2\/media\/233201"}],"wp:attachment":[{"href":"https:\/\/www.correiobraziliense.com.br\/cbradar\/wp-json\/wp\/v2\/media?parent=232821"}],"wp:term":[{"taxonomy":"category","embeddable":true,"href":"https:\/\/www.correiobraziliense.com.br\/cbradar\/wp-json\/wp\/v2\/categories?post=232821"},{"taxonomy":"post_tag","embeddable":true,"href":"https:\/\/www.correiobraziliense.com.br\/cbradar\/wp-json\/wp\/v2\/post_tag?post=232821"}],"curies":[{"name":"wp","href":"https:\/\/api.w.org\/{rel}","templated":true}]}}