{"id":232833,"date":"2026-04-28T12:55:00","date_gmt":"2026-04-28T15:55:00","guid":{"rendered":"https:\/\/www.correiobraziliense.com.br\/cbradar\/?p=232833"},"modified":"2026-04-27T14:24:10","modified_gmt":"2026-04-27T17:24:10","slug":"perfumes-femininos-mais-elogiados-por-homens-fragrancias-que-despertam-atracao-e-deixam-rastro-inesquecivel","status":"publish","type":"post","link":"https:\/\/www.correiobraziliense.com.br\/cbradar\/perfumes-femininos-mais-elogiados-por-homens-fragrancias-que-despertam-atracao-e-deixam-rastro-inesquecivel\/","title":{"rendered":"Perfumes femininos mais elogiados por homens, fragr\u00e2ncias que despertam atra\u00e7\u00e3o e deixam rastro inesquec\u00edvel"},"content":{"rendered":"\n<p>A ci\u00eancia da sedu\u00e7\u00e3o atrav\u00e9s do olfato revela que certas notas possuem a capacidade de criar uma <strong>assinatura inesquec\u00edvel<\/strong> na mem\u00f3ria masculina. Em <strong>2026<\/strong>, a busca por fragr\u00e2ncias que deixam um rastro magn\u00e9tico e sofisticado coloca as composi\u00e7\u00f5es orientais e gourmands no centro das aten\u00e7\u00f5es das mulheres que desejam <strong>marcar presen\u00e7a<\/strong>.<\/p>\n\n\n\n<h2 class=\"wp-block-heading\">O poder de sedu\u00e7\u00e3o do Good Girl de Carolina Herrera<\/h2>\n\n\n\n<p>Desde o seu lan\u00e7amento, o <strong>Good Girl<\/strong> de <strong>Carolina Herrera<\/strong> consolidou-se como um dos perfumes mais elogiados por homens devido ao seu contraste fascinante. A fragr\u00e2ncia brinca com a dualidade feminina, misturando o brilho da <strong>tuberosa<\/strong> com a profundidade viciante da fava tonka e do cacau, criando uma <strong>aura de mist\u00e9rio<\/strong> irresist\u00edvel.<\/p>\n\n\n\n<p>Para a mulher que utiliza esta ess\u00eancia em <strong>2026<\/strong>, a mensagem \u00e9 de aud\u00e1cia e eleg\u00e2ncia, ideal para ocasi\u00f5es em que a <strong>atra\u00e7\u00e3o imediata<\/strong> \u00e9 o objetivo. O rastro deixado por este sapatinho de cristal ic\u00f4nico \u00e9 denso e envolvente, garantindo que sua passagem n\u00e3o seja apenas notada, mas lembrada por muito tempo ap\u00f3s sua sa\u00edda.<\/p>\n\n\n<div class=\"wp-block-image\">\n<figure class=\"aligncenter size-full\"><img decoding=\"async\" width=\"1280\" height=\"720\" src=\"https:\/\/www.correiobraziliense.com.br\/cbradar\/wp-content\/uploads\/2026\/04\/Good-Girl-de-Carolina-Herrera.jpg\" alt=\"\" class=\"wp-image-232834\" srcset=\"https:\/\/www.correiobraziliense.com.br\/cbradar\/wp-content\/uploads\/2026\/04\/Good-Girl-de-Carolina-Herrera.jpg 1280w, https:\/\/www.correiobraziliense.com.br\/cbradar\/wp-content\/uploads\/2026\/04\/Good-Girl-de-Carolina-Herrera-300x169.jpg 300w, https:\/\/www.correiobraziliense.com.br\/cbradar\/wp-content\/uploads\/2026\/04\/Good-Girl-de-Carolina-Herrera-768x432.jpg 768w, https:\/\/www.correiobraziliense.com.br\/cbradar\/wp-content\/uploads\/2026\/04\/Good-Girl-de-Carolina-Herrera-750x422.jpg 750w, https:\/\/www.correiobraziliense.com.br\/cbradar\/wp-content\/uploads\/2026\/04\/Good-Girl-de-Carolina-Herrera-1140x641.jpg 1140w\" sizes=\"(max-width: 1280px) 100vw, 1280px\" \/><figcaption class=\"wp-element-caption\">Desde o seu lan\u00e7amento, o Good Girl de Carolina Herrera consolidou-se como um dos perfumes mais elogiados <\/figcaption><\/figure><\/div>\n\n\n<p>Leia tamb\u00e9m: <a href=\"https:\/\/www.correiobraziliense.com.br\/cbradar\/4-cortes-de-cabelo-curto-que-ajudam-a-dar-mais-corpo-aos-fios-ralos-e-sem-volume\/\" target=\"_blank\" rel=\"noreferrer noopener\">4 cortes de cabelo curto que ajudam a dar mais corpo aos fios ralos e sem volume<\/a><\/p>\n\n\n\n<h2 class=\"wp-block-heading\">Black Opium e a energia viciante do caf\u00e9 com baunilha<\/h2>\n\n\n\n<p>O <strong>Black Opium<\/strong> de <strong>Yves Saint Laurent<\/strong> \u00e9 amplamente reconhecido como uma das fragr\u00e2ncias mais sensuais da perfumaria moderna, focada em uma <strong>feminilidade rock&#8217;n&#8217;roll<\/strong>. A combina\u00e7\u00e3o inusitada de caf\u00e9 preto com flores brancas e uma base de baunilha cria uma tens\u00e3o olfativa que desperta a curiosidade e o <strong>instinto de proximidade<\/strong>.<\/p>\n\n\n\n<p>Em ambientes noturnos ou encontros rom\u00e2nticos, esta fragr\u00e2ncia se comporta como um verdadeiro im\u00e3, projetando uma imagem de <strong>confian\u00e7a absoluta<\/strong> e sofistica\u00e7\u00e3o urbana. A mulher que escolhe <strong>Yves Saint Laurent<\/strong> busca uma assinatura que fuja do \u00f3bvio, preferindo notas que exalam uma energia noturna e profundamente <strong>provocante e luxuosa<\/strong>.<\/p>\n\n\n\n<h2 class=\"wp-block-heading\">Como criar um rastro inesquec\u00edvel com intelig\u00eancia olfativa<\/h2>\n\n\n\n<p>Deixar um rastro (ou <em>sillage<\/em>) n\u00e3o se trata apenas da quantidade de perfume aplicada, mas sim da <strong>estrat\u00e9gia de aplica\u00e7\u00e3o<\/strong> em pontos-chave de calor. Em <strong>2026<\/strong>, a tend\u00eancia \u00e9 a perfuma\u00e7\u00e3o em camadas, t\u00e9cnica que potencializa a fixa\u00e7\u00e3o das notas mais atraentes na pele por <strong>longas horas<\/strong> de exposi\u00e7\u00e3o.<\/p>\n\n\n\n<p>Ao escolher fragr\u00e2ncias como o <strong>Good Girl<\/strong> ou o <strong>Black Opium<\/strong>, voc\u00ea est\u00e1 investindo em componentes qu\u00edmicos que reagem ao calor humano de forma intensa. Essa rea\u00e7\u00e3o \u00e9 o que gera os <strong>elogios espont\u00e2neos<\/strong>, pois a fragr\u00e2ncia parece emanar naturalmente da pele, criando uma conex\u00e3o sensorial \u00fanica entre quem usa e quem sente o aroma. Separmos esse v\u00eddeo do canal da <a href=\"https:\/\/www.youtube.com\/@GiseleSouzaPerfumes\" target=\"_blank\" rel=\"noreferrer noopener\">Gisele Souza Perfumes Considera\u00e7\u00f5es Borrif\u00edsticas<\/a> falando mais sobre o Black Opium:<\/p>\n\n\n\n<figure class=\"wp-block-embed is-type-video is-provider-youtube wp-block-embed-youtube wp-embed-aspect-16-9 wp-has-aspect-ratio\"><div class=\"wp-block-embed__wrapper\">\n<div class=\"jeg_video_container jeg_video_content\"><iframe loading=\"lazy\" title=\"Lan\u00e7amento: Black Opium LE PARFUM, by Yves Saint Laurent! \ud83d\udda4\" width=\"500\" height=\"281\" src=\"https:\/\/www.youtube.com\/embed\/QiNGgDAovwk?feature=oembed\" frameborder=\"0\" allow=\"accelerometer; autoplay; clipboard-write; encrypted-media; gyroscope; picture-in-picture; web-share\" referrerpolicy=\"strict-origin-when-cross-origin\" allowfullscreen><\/iframe><\/div>\n<\/div><\/figure>\n\n\n\n<h2 class=\"wp-block-heading\">T\u00e9cnicas de aplica\u00e7\u00e3o para potencializar o efeito de atra\u00e7\u00e3o<\/h2>\n\n\n\n<p>A forma como voc\u00ea borrifa sua fragr\u00e2ncia favorita pode determinar o sucesso da sua <strong>proje\u00e7\u00e3o olfativa<\/strong> em eventos sociais ou encontros \u00edntimos. Dominar esses pequenos rituais de beleza transforma o ato de se perfumar em uma ferramenta de <strong>poder e conquista<\/strong> silenciosa e extremamente eficaz.<\/p>\n\n\n\n<ul class=\"wp-block-list\">\n<li>Aplique a fragr\u00e2ncia na <strong>nuca e atr\u00e1s dos joelhos<\/strong>, pontos que liberam o aroma conforme voc\u00ea se movimenta e caminha pelo ambiente.<\/li>\n\n\n\n<li>Utilize a t\u00e9cnica do &#8220;cloud&#8221; (nuvem) para que a <strong>n\u00e9voa do perfume<\/strong> se deposite de forma homog\u00eanea sobre suas roupas e cabelos.<\/li>\n\n\n\n<li>Mantenha as \u00e1reas de aplica\u00e7\u00e3o bem hidratadas, preferencialmente com \u00f3leos corporais que n\u00e3o conflitem com as <strong>notas de baunilha<\/strong> ou caf\u00e9.<\/li>\n\n\n\n<li>Evite borrifar perfume em excesso em ambientes fechados; o segredo da atra\u00e7\u00e3o \u00e9 a <strong>curiosidade provocada<\/strong> pela sutileza do rastro.<\/li>\n\n\n\n<li>Combine seu perfume com uma <strong>atitude confiante<\/strong>, pois o olfato \u00e9 o sentido mais ligado \u00e0s emo\u00e7\u00f5es e \u00e0 mem\u00f3ria afetiva duradoura.<\/li>\n<\/ul>\n\n\n\n<p>Essas pr\u00e1ticas garantem que o seu investimento em <strong>perfumaria de luxo<\/strong> entregue o m\u00e1ximo de rendimento e impacto visual e sensorial. O rastro inesquec\u00edvel \u00e9 aquele que convida o outro a se aproximar para descobrir a origem de um <strong>aroma t\u00e3o envolvente<\/strong> e bem constru\u00eddo.<\/p>\n\n\n\n<h2 class=\"wp-block-heading\">O veredito sobre as fragr\u00e2ncias campe\u00e3s de elogios<\/h2>\n\n\n\n<p>Escolher entre a eleg\u00e2ncia atrevida de <strong>Good Girl<\/strong> ou o magnetismo rebelde de <strong>Black Opium<\/strong> depende da faceta da sua personalidade que deseja destacar. Ambas s\u00e3o escolhas seguras para quem busca um <strong>feedback positivo imediato<\/strong> e deseja ocupar o espa\u00e7o com uma aura de sedu\u00e7\u00e3o impec\u00e1vel.<\/p>\n\n\n\n<p>Seja qual for a sua escolha, lembre-se que o perfume mais atraente \u00e9 aquele que faz voc\u00ea se sentir poderosa e <strong>dona da situa\u00e7\u00e3o<\/strong>. A verdadeira magia acontece quando a fragr\u00e2ncia se funde \u00e0 sua pele, criando um aroma que \u00e9 exclusivamente seu e <strong>completamente inesquec\u00edvel<\/strong> para quem cruzar o seu caminho.<\/p>\n","protected":false},"excerpt":{"rendered":"<p>A ci\u00eancia da sedu\u00e7\u00e3o atrav\u00e9s do olfato revela que certas notas possuem a capacidade de criar uma assinatura inesquec\u00edvel na mem\u00f3ria masculina. Em 2026, a busca por fragr\u00e2ncias que deixam um rastro magn\u00e9tico e sofisticado coloca as composi\u00e7\u00f5es orientais e gourmands no centro das aten\u00e7\u00f5es das mulheres que desejam marcar presen\u00e7a. O poder de sedu\u00e7\u00e3o [&hellip;]<\/p>\n","protected":false},"author":9,"featured_media":233209,"comment_status":"open","ping_status":"open","sticky":false,"template":"","format":"standard","meta":{"_yoast_wpseo_focuskw":"perfumes importados","_yoast_wpseo_title":"","_yoast_wpseo_metadesc":"Perfumes com notas intensas como baunilha e caf\u00e9 criam rastro marcante, atraem elogios e destacam presen\u00e7a com eleg\u00e2ncia.","jnews-multi-image_gallery":[],"jnews_single_post":{"format":"standard"},"jnews_primary_category":[],"jnews_social_meta":[],"jnews_override_counter":[],"footnotes":""},"categories":[124],"post_tag":[],"class_list":["post-232833","post","type-post","status-publish","format-standard","has-post-thumbnail","hentry","category-beleza"],"yoast_head":"<!-- This site is optimized with the Yoast SEO plugin v24.6 - https:\/\/yoast.com\/wordpress\/plugins\/seo\/ -->\n<title>Perfumes femininos mais elogiados por homens, fragr\u00e2ncias que despertam atra\u00e7\u00e3o e deixam rastro inesquec\u00edvel - Correio Braziliense - Radar<\/title>\n<meta name=\"description\" content=\"Perfumes com notas intensas como baunilha e caf\u00e9 criam rastro marcante, atraem elogios e destacam presen\u00e7a com eleg\u00e2ncia.\" \/>\n<meta name=\"robots\" content=\"index, follow, max-snippet:-1, max-image-preview:large, max-video-preview:-1\" \/>\n<link rel=\"canonical\" href=\"https:\/\/www.correiobraziliense.com.br\/cbradar\/perfumes-femininos-mais-elogiados-por-homens-fragrancias-que-despertam-atracao-e-deixam-rastro-inesquecivel\/\" \/>\n<meta property=\"og:locale\" content=\"pt_BR\" \/>\n<meta property=\"og:type\" content=\"article\" \/>\n<meta property=\"og:title\" content=\"Perfumes femininos mais elogiados por homens, fragr\u00e2ncias que despertam atra\u00e7\u00e3o e deixam rastro inesquec\u00edvel - Correio Braziliense - Radar\" \/>\n<meta property=\"og:description\" content=\"Perfumes com notas intensas como baunilha e caf\u00e9 criam rastro marcante, atraem elogios e destacam presen\u00e7a com eleg\u00e2ncia.\" \/>\n<meta property=\"og:url\" content=\"https:\/\/www.correiobraziliense.com.br\/cbradar\/perfumes-femininos-mais-elogiados-por-homens-fragrancias-que-despertam-atracao-e-deixam-rastro-inesquecivel\/\" \/>\n<meta property=\"og:site_name\" content=\"Correio Braziliense - Radar\" \/>\n<meta property=\"article:published_time\" content=\"2026-04-28T15:55:00+00:00\" \/>\n<meta property=\"og:image\" content=\"https:\/\/www.correiobraziliense.com.br\/cbradar\/wp-content\/uploads\/2026\/04\/Elegante_frasco_de_202604271357.jpeg\" \/>\n\t<meta property=\"og:image:width\" content=\"1280\" \/>\n\t<meta property=\"og:image:height\" content=\"720\" \/>\n\t<meta property=\"og:image:type\" content=\"image\/jpeg\" \/>\n<meta name=\"author\" content=\"Daniely Cardoso\" \/>\n<meta name=\"twitter:card\" content=\"summary_large_image\" \/>\n<meta name=\"twitter:label1\" content=\"Escrito por\" \/>\n\t<meta name=\"twitter:data1\" content=\"Daniely Cardoso\" \/>\n\t<meta name=\"twitter:label2\" content=\"Est. tempo de leitura\" \/>\n\t<meta name=\"twitter:data2\" content=\"5 minutos\" \/>\n<!-- \/ Yoast SEO plugin. -->","yoast_head_json":{"title":"Perfumes femininos mais elogiados por homens, fragr\u00e2ncias que despertam atra\u00e7\u00e3o e deixam rastro inesquec\u00edvel - Correio Braziliense - Radar","description":"Perfumes com notas intensas como baunilha e caf\u00e9 criam rastro marcante, atraem elogios e destacam presen\u00e7a com eleg\u00e2ncia.","robots":{"index":"index","follow":"follow","max-snippet":"max-snippet:-1","max-image-preview":"max-image-preview:large","max-video-preview":"max-video-preview:-1"},"canonical":"https:\/\/www.correiobraziliense.com.br\/cbradar\/perfumes-femininos-mais-elogiados-por-homens-fragrancias-que-despertam-atracao-e-deixam-rastro-inesquecivel\/","og_locale":"pt_BR","og_type":"article","og_title":"Perfumes femininos mais elogiados por homens, fragr\u00e2ncias que despertam atra\u00e7\u00e3o e deixam rastro inesquec\u00edvel - Correio Braziliense - Radar","og_description":"Perfumes com notas intensas como baunilha e caf\u00e9 criam rastro marcante, atraem elogios e destacam presen\u00e7a com eleg\u00e2ncia.","og_url":"https:\/\/www.correiobraziliense.com.br\/cbradar\/perfumes-femininos-mais-elogiados-por-homens-fragrancias-que-despertam-atracao-e-deixam-rastro-inesquecivel\/","og_site_name":"Correio Braziliense - Radar","article_published_time":"2026-04-28T15:55:00+00:00","og_image":[{"width":1280,"height":720,"url":"https:\/\/www.correiobraziliense.com.br\/cbradar\/wp-content\/uploads\/2026\/04\/Elegante_frasco_de_202604271357.jpeg","type":"image\/jpeg"}],"author":"Daniely Cardoso","twitter_card":"summary_large_image","twitter_misc":{"Escrito por":"Daniely Cardoso","Est. tempo de leitura":"5 minutos"},"schema":{"@context":"https:\/\/schema.org","@graph":[{"@type":"WebPage","@id":"https:\/\/www.correiobraziliense.com.br\/cbradar\/perfumes-femininos-mais-elogiados-por-homens-fragrancias-que-despertam-atracao-e-deixam-rastro-inesquecivel\/","url":"https:\/\/www.correiobraziliense.com.br\/cbradar\/perfumes-femininos-mais-elogiados-por-homens-fragrancias-que-despertam-atracao-e-deixam-rastro-inesquecivel\/","name":"Perfumes femininos mais elogiados por homens, fragr\u00e2ncias que despertam atra\u00e7\u00e3o e deixam rastro inesquec\u00edvel - Correio Braziliense - Radar","isPartOf":{"@id":"https:\/\/www.correiobraziliense.com.br\/cbradar\/#website"},"primaryImageOfPage":{"@id":"https:\/\/www.correiobraziliense.com.br\/cbradar\/perfumes-femininos-mais-elogiados-por-homens-fragrancias-que-despertam-atracao-e-deixam-rastro-inesquecivel\/#primaryimage"},"image":{"@id":"https:\/\/www.correiobraziliense.com.br\/cbradar\/perfumes-femininos-mais-elogiados-por-homens-fragrancias-que-despertam-atracao-e-deixam-rastro-inesquecivel\/#primaryimage"},"thumbnailUrl":"https:\/\/www.correiobraziliense.com.br\/cbradar\/wp-content\/uploads\/2026\/04\/Elegante_frasco_de_202604271357.jpeg","datePublished":"2026-04-28T15:55:00+00:00","author":{"@id":"https:\/\/www.correiobraziliense.com.br\/cbradar\/#\/schema\/person\/7356666e12ec0ee53f348ee5db227032"},"description":"Perfumes com notas intensas como baunilha e caf\u00e9 criam rastro marcante, atraem elogios e destacam presen\u00e7a com eleg\u00e2ncia.","breadcrumb":{"@id":"https:\/\/www.correiobraziliense.com.br\/cbradar\/perfumes-femininos-mais-elogiados-por-homens-fragrancias-que-despertam-atracao-e-deixam-rastro-inesquecivel\/#breadcrumb"},"inLanguage":"pt-BR","potentialAction":[{"@type":"ReadAction","target":["https:\/\/www.correiobraziliense.com.br\/cbradar\/perfumes-femininos-mais-elogiados-por-homens-fragrancias-que-despertam-atracao-e-deixam-rastro-inesquecivel\/"]}]},{"@type":"ImageObject","inLanguage":"pt-BR","@id":"https:\/\/www.correiobraziliense.com.br\/cbradar\/perfumes-femininos-mais-elogiados-por-homens-fragrancias-que-despertam-atracao-e-deixam-rastro-inesquecivel\/#primaryimage","url":"https:\/\/www.correiobraziliense.com.br\/cbradar\/wp-content\/uploads\/2026\/04\/Elegante_frasco_de_202604271357.jpeg","contentUrl":"https:\/\/www.correiobraziliense.com.br\/cbradar\/wp-content\/uploads\/2026\/04\/Elegante_frasco_de_202604271357.jpeg","width":1280,"height":720,"caption":"Fragr\u00e2ncias doces e amadeiradas costumam ser bem avaliadas"},{"@type":"BreadcrumbList","@id":"https:\/\/www.correiobraziliense.com.br\/cbradar\/perfumes-femininos-mais-elogiados-por-homens-fragrancias-que-despertam-atracao-e-deixam-rastro-inesquecivel\/#breadcrumb","itemListElement":[{"@type":"ListItem","position":1,"name":"In\u00edcio","item":"https:\/\/www.correiobraziliense.com.br\/cbradar\/"},{"@type":"ListItem","position":2,"name":"Perfumes femininos mais elogiados por homens, fragr\u00e2ncias que despertam atra\u00e7\u00e3o e deixam rastro inesquec\u00edvel"}]},{"@type":"WebSite","@id":"https:\/\/www.correiobraziliense.com.br\/cbradar\/#website","url":"https:\/\/www.correiobraziliense.com.br\/cbradar\/","name":"Correio Braziliense - Radar","description":"Acompanhe as \u00faltimas not\u00edcias e fique bem informado sobre tudo o que acontece no Brasil e no mundo.","potentialAction":[{"@type":"SearchAction","target":{"@type":"EntryPoint","urlTemplate":"https:\/\/www.correiobraziliense.com.br\/cbradar\/?s={search_term_string}"},"query-input":{"@type":"PropertyValueSpecification","valueRequired":true,"valueName":"search_term_string"}}],"inLanguage":"pt-BR"},{"@type":"Person","@id":"https:\/\/www.correiobraziliense.com.br\/cbradar\/#\/schema\/person\/7356666e12ec0ee53f348ee5db227032","name":"Daniely Cardoso","image":{"@type":"ImageObject","inLanguage":"pt-BR","@id":"https:\/\/www.correiobraziliense.com.br\/cbradar\/#\/schema\/person\/image\/","url":"https:\/\/secure.gravatar.com\/avatar\/4b80ddbd124d1f071b626d52d62e5dff?s=96&d=mm&r=g","contentUrl":"https:\/\/secure.gravatar.com\/avatar\/4b80ddbd124d1f071b626d52d62e5dff?s=96&d=mm&r=g","caption":"Daniely Cardoso"},"description":"Redatora nos portais CB Radar e EM Foco, formada pela Universidade Federal de Goi\u00e1s, em Goi\u00e2nia. Apaixonada por comunica\u00e7\u00e3o, arte, decora\u00e7\u00e3o e tend\u00eancias, atuo na produ\u00e7\u00e3o de conte\u00fados envolventes sobre curiosidades, moda, beleza e paisagismo, sempre com um olhar atento \u00e0s novidades do momento.","sameAs":["https:\/\/www.correiobraziliense.com.br\/cbradar"],"url":"https:\/\/www.correiobraziliense.com.br\/cbradar\/author\/danielymyth\/"}]}},"_links":{"self":[{"href":"https:\/\/www.correiobraziliense.com.br\/cbradar\/wp-json\/wp\/v2\/posts\/232833","targetHints":{"allow":["GET"]}}],"collection":[{"href":"https:\/\/www.correiobraziliense.com.br\/cbradar\/wp-json\/wp\/v2\/posts"}],"about":[{"href":"https:\/\/www.correiobraziliense.com.br\/cbradar\/wp-json\/wp\/v2\/types\/post"}],"author":[{"embeddable":true,"href":"https:\/\/www.correiobraziliense.com.br\/cbradar\/wp-json\/wp\/v2\/users\/9"}],"replies":[{"embeddable":true,"href":"https:\/\/www.correiobraziliense.com.br\/cbradar\/wp-json\/wp\/v2\/comments?post=232833"}],"version-history":[{"count":1,"href":"https:\/\/www.correiobraziliense.com.br\/cbradar\/wp-json\/wp\/v2\/posts\/232833\/revisions"}],"predecessor-version":[{"id":232835,"href":"https:\/\/www.correiobraziliense.com.br\/cbradar\/wp-json\/wp\/v2\/posts\/232833\/revisions\/232835"}],"wp:featuredmedia":[{"embeddable":true,"href":"https:\/\/www.correiobraziliense.com.br\/cbradar\/wp-json\/wp\/v2\/media\/233209"}],"wp:attachment":[{"href":"https:\/\/www.correiobraziliense.com.br\/cbradar\/wp-json\/wp\/v2\/media?parent=232833"}],"wp:term":[{"taxonomy":"category","embeddable":true,"href":"https:\/\/www.correiobraziliense.com.br\/cbradar\/wp-json\/wp\/v2\/categories?post=232833"},{"taxonomy":"post_tag","embeddable":true,"href":"https:\/\/www.correiobraziliense.com.br\/cbradar\/wp-json\/wp\/v2\/post_tag?post=232833"}],"curies":[{"name":"wp","href":"https:\/\/api.w.org\/{rel}","templated":true}]}}