{"id":232836,"date":"2026-04-28T13:05:00","date_gmt":"2026-04-28T16:05:00","guid":{"rendered":"https:\/\/www.correiobraziliense.com.br\/cbradar\/?p=232836"},"modified":"2026-04-27T14:23:51","modified_gmt":"2026-04-27T17:23:51","slug":"ainda-e-tendencia-usar-maquiagem-glow-em-2026-ou-o-efeito-matte-voltou-como-referencia-de-beleza","status":"publish","type":"post","link":"https:\/\/www.correiobraziliense.com.br\/cbradar\/ainda-e-tendencia-usar-maquiagem-glow-em-2026-ou-o-efeito-matte-voltou-como-referencia-de-beleza\/","title":{"rendered":"Ainda \u00e9 tend\u00eancia usar maquiagem glow em 2026 ou o efeito matte voltou como refer\u00eancia de beleza"},"content":{"rendered":"\n<p>O universo da est\u00e9tica atravessa um momento de transi\u00e7\u00e3o fascinante, onde o brilho extremo do passado recente agora divide espa\u00e7o com a precis\u00e3o do acabamento aveludado. Em <strong>2026<\/strong>, a d\u00favida sobre qual textura adotar domina as rotinas de beleza, revelando um movimento que prioriza a <strong>sa\u00fade da pele<\/strong> acima de padr\u00f5es r\u00edgidos.<\/p>\n\n\n\n<h2 class=\"wp-block-heading\">O novo glow focado na hidrata\u00e7\u00e3o profunda<\/h2>\n\n\n\n<p>O visual luminoso que marcou os \u00faltimos anos n\u00e3o desapareceu, mas evoluiu para o que os especialistas chamam de <strong>brilho org\u00e2nico<\/strong> em <strong>2026<\/strong>. Diferente das part\u00edculas de glitter evidentes, a tend\u00eancia atual foca em uma pele que irradia luz de dentro para fora atrav\u00e9s de uma <strong>rotina de skincare<\/strong> rigorosa e eficiente.<\/p>\n\n\n\n<p>Essa abordagem valoriza a transpar\u00eancia e a textura real do rosto, utilizando iluminadores cremosos apenas em pontos estrat\u00e9gicos para destacar a <strong>estrutura \u00f3ssea<\/strong> de forma natural. O objetivo \u00e9 transmitir um aspecto de vitalidade e frescor, ideal para quem busca uma imagem de <strong>beleza aut\u00eantica<\/strong> e sem esfor\u00e7os aparentes durante o dia.<\/p>\n\n\n<div class=\"wp-block-image\">\n<figure class=\"aligncenter size-full\"><img decoding=\"async\" width=\"1280\" height=\"720\" src=\"https:\/\/www.correiobraziliense.com.br\/cbradar\/wp-content\/uploads\/2026\/04\/make-glow.jpg\" alt=\"\" class=\"wp-image-232837\" srcset=\"https:\/\/www.correiobraziliense.com.br\/cbradar\/wp-content\/uploads\/2026\/04\/make-glow.jpg 1280w, https:\/\/www.correiobraziliense.com.br\/cbradar\/wp-content\/uploads\/2026\/04\/make-glow-300x169.jpg 300w, https:\/\/www.correiobraziliense.com.br\/cbradar\/wp-content\/uploads\/2026\/04\/make-glow-768x432.jpg 768w, https:\/\/www.correiobraziliense.com.br\/cbradar\/wp-content\/uploads\/2026\/04\/make-glow-750x422.jpg 750w, https:\/\/www.correiobraziliense.com.br\/cbradar\/wp-content\/uploads\/2026\/04\/make-glow-1140x641.jpg 1140w\" sizes=\"(max-width: 1280px) 100vw, 1280px\" \/><figcaption class=\"wp-element-caption\">Essa abordagem valoriza a transpar\u00eancia e a textura real do rosto<\/figcaption><\/figure><\/div>\n\n\n<p>Leia tamb\u00e9m: <a href=\"https:\/\/www.correiobraziliense.com.br\/cbradar\/4-cortes-de-cabelo-curto-que-ajudam-a-dar-mais-corpo-aos-fios-ralos-e-sem-volume\/\" target=\"_blank\" rel=\"noreferrer noopener\">4 cortes de cabelo curto que ajudam a dar mais corpo aos fios ralos e sem volume<\/a><\/p>\n\n\n\n<h2 class=\"wp-block-heading\">O retorno estrat\u00e9gico do acabamento matte aveludado<\/h2>\n\n\n\n<p>Por outro lado, o efeito matte ressurge com for\u00e7a total, mas longe daquela apar\u00eancia pesada e ressecada que dominou as redes sociais h\u00e1 uma d\u00e9cada. A tecnologia de <strong>maquiagem contempor\u00e2nea<\/strong> permitiu a cria\u00e7\u00e3o de bases e p\u00f3s que controlam o brilho indesejado enquanto mant\u00eam a <strong>elasticidade da pele<\/strong> intacta por horas.<\/p>\n\n\n\n<p>Este &#8220;novo matte&#8221; \u00e9 preferido para eventos noturnos e produ\u00e7\u00f5es fotogr\u00e1ficas, onde a <strong>defini\u00e7\u00e3o de contornos<\/strong> e a durabilidade s\u00e3o essenciais sob as luzes artificiais. Ele oferece um ar de sofistica\u00e7\u00e3o e profissionalismo, sendo a escolha n\u00famero um para mulheres que desejam uma <strong>apar\u00eancia polida<\/strong> e impec\u00e1vel em ambientes corporativos ou celebra\u00e7\u00f5es formais.<\/p>\n\n\n\n<h2 class=\"wp-block-heading\">A converg\u00eancia das texturas na t\u00e9cnica Cloud Skin<\/h2>\n\n\n\n<p>A grande novidade de <strong>2026<\/strong> \u00e9 a fus\u00e3o dessas duas propostas atrav\u00e9s de t\u00e9cnicas que equilibram o vi\u00e7o com a fixa\u00e7\u00e3o, garantindo o melhor dos dois mundos. A pele &#8220;nuvem&#8221; utiliza a luminosidade em \u00e1reas espec\u00edficas, como as t\u00eamporas, enquanto sela com <strong>p\u00f3 transl\u00facido<\/strong> as zonas de maior oleosidade, como a testa e o nariz.<\/p>\n\n\n\n<p>Essa versatilidade permite que a maquiagem se adapte ao <strong>clima e \u00e0 ilumina\u00e7\u00e3o<\/strong>, evitando o aspecto suado do glow excessivo ou a palidez de um matte total. \u00c9 a solu\u00e7\u00e3o perfeita para quem vive em <strong>grandes centros urbanos<\/strong> e precisa de um visual que resista ao ritmo fren\u00e9tico do cotidiano sem perder o refinamento est\u00e9tico.<\/p>\n\n\n\n<figure class=\"wp-block-embed is-type-rich is-provider-pinterest wp-block-embed-pinterest\"><div class=\"wp-block-embed__wrapper\">\n<iframe loading=\"lazy\" title=\"#makeupoftheday #maquillaje #maquiagem #tutorialesdemaquillaje #tutorial #instagram #tiktok #maquiagembrasil\" src=\"https:\/\/assets.pinterest.com\/ext\/embed.html?id=17451517303257100&#038;src=oembed\" height=\"899\" width=\"450\" frameborder=\"0\" scrolling=\"no\" ><\/iframe>\n<\/div><\/figure>\n\n\n\n<h2 class=\"wp-block-heading\">Como escolher o acabamento ideal para o seu tipo de pele<\/h2>\n\n\n\n<p>A escolha entre o brilho e a opacidade deve ser pautada n\u00e3o apenas pela moda, mas pelas necessidades biol\u00f3gicas do seu rosto e pelo <strong>objetivo de imagem<\/strong> desejado. Entender como os produtos reagem \u00e0 sua textura natural \u00e9 o primeiro passo para uma aplica\u00e7\u00e3o de <strong>sucesso e durabilidade<\/strong> em qualquer esta\u00e7\u00e3o do ano.<\/p>\n\n\n\n<ul class=\"wp-block-list\">\n<li>Peles oleosas devem priorizar o <strong>matte no centro do rosto<\/strong> para evitar a apar\u00eancia de poros dilatados sob luzes fortes.<\/li>\n\n\n\n<li>Peles maduras ou secas se beneficiam do <strong>acabamento glow<\/strong>, que disfar\u00e7a linhas finas e traz um aspecto rejuvenescido imediato.<\/li>\n\n\n\n<li>Utilize brumas fixadoras para fundir as camadas de p\u00f3 e creme, criando uma <strong>fus\u00e3o de texturas<\/strong> mais natural e resistente.<\/li>\n\n\n\n<li>Aposte em primers matificantes apenas nas \u00e1reas necess\u00e1rias para manter o vi\u00e7o nas <strong>ma\u00e7\u00e3s do rosto<\/strong> e no arco do cupido.<\/li>\n\n\n\n<li>Escolha bases de <strong>cobertura m\u00e9dia<\/strong> que permitam a constru\u00e7\u00e3o de camadas, adaptando-se tanto ao dia quanto \u00e0 noite.<\/li>\n<\/ul>\n\n\n\n<p>Ao dominar essas aplica\u00e7\u00f5es, voc\u00ea ganha autonomia para transitar entre as tend\u00eancias conforme o seu humor e a ocasi\u00e3o social. A maquiagem em <strong>2026<\/strong> \u00e9, acima de tudo, uma ferramenta de <strong>autoexpress\u00e3o e conforto<\/strong>, onde a sua confian\u00e7a \u00e9 o acabamento mais importante de todos na finaliza\u00e7\u00e3o do look.<\/p>\n\n\n\n<h2 class=\"wp-block-heading\">O impacto das redes sociais na percep\u00e7\u00e3o da beleza real<\/h2>\n\n\n\n<p>A influ\u00eancia de plataformas visuais continua moldando o que consideramos atraente, mas agora com um foco crescente no <strong>minimalismo est\u00e9tico<\/strong> e na funcionalidade dos produtos. A tend\u00eancia em <strong>2026<\/strong> foge dos filtros pesados, abra\u00e7ando a <strong>individualidade de cada rosto<\/strong> com t\u00e9cnicas que real\u00e7am em vez de esconder os tra\u00e7os \u00fanicos.<\/p>\n\n\n\n<p>Se voc\u00ea gosta de cuidados, separamos esse v\u00eddeo do canal da <a href=\"https:\/\/www.youtube.com\/@brunamalheirosmakeup\" target=\"_blank\" rel=\"noreferrer noopener\">Bruna Malheiros<\/a> ensinando a fazer uma make glow:<\/p>\n\n\n\n<figure class=\"wp-block-embed is-type-video is-provider-youtube wp-block-embed-youtube wp-embed-aspect-16-9 wp-has-aspect-ratio\"><div class=\"wp-block-embed__wrapper\">\n<div class=\"jeg_video_container jeg_video_content\"><iframe loading=\"lazy\" title=\"MAKE GLOW F\u00c1CIL\" width=\"500\" height=\"281\" src=\"https:\/\/www.youtube.com\/embed\/YtL_myqaY9A?feature=oembed\" frameborder=\"0\" allow=\"accelerometer; autoplay; clipboard-write; encrypted-media; gyroscope; picture-in-picture; web-share\" referrerpolicy=\"strict-origin-when-cross-origin\" allowfullscreen><\/iframe><\/div>\n<\/div><\/figure>\n\n\n\n<p>Marcas de cosm\u00e9ticos t\u00eam investido em f\u00f3rmulas h\u00edbridas que tratam a derme enquanto maquiam, refor\u00e7ando que o <strong>resultado visual<\/strong> \u00e9 reflexo direto da sa\u00fade celular. Essa mudan\u00e7a de paradigma coloca o bem-estar no centro da discuss\u00e3o de beleza, tornando o ato de se maquiar um momento de <strong>autocuidado e prazer<\/strong> di\u00e1rio.<\/p>\n\n\n\n<h2 class=\"wp-block-heading\">Equil\u00edbrio \u00e9 a palavra de ordem para o sucesso visual<\/h2>\n\n\n\n<p>Em \u00faltima an\u00e1lise, a resposta para o dilema entre glow e matte em <strong>2026<\/strong> \u00e9 a conviv\u00eancia harmoniosa e estrat\u00e9gica de ambas as refer\u00eancias de estilo. A moda agora permite a <strong>liberdade criativa<\/strong> para misturar brilhos sutis com \u00e1reas foscas, criando uma tridimensionalidade que valoriza o rosto em qualquer \u00e2ngulo.<\/p>\n\n\n\n<p>Seja qual for sua prefer\u00eancia, lembre-se que a tend\u00eancia mais forte \u00e9 aquela que faz voc\u00ea se sentir bem diante do espelho e segura em suas intera\u00e7\u00f5es. O futuro da beleza reside na <strong>personaliza\u00e7\u00e3o t\u00e9cnica<\/strong> e na capacidade de adaptar o que h\u00e1 de novo ao que melhor funciona para a sua rotina e personalidade marcante.<\/p>\n","protected":false},"excerpt":{"rendered":"<p>O universo da est\u00e9tica atravessa um momento de transi\u00e7\u00e3o fascinante, onde o brilho extremo do passado recente agora divide espa\u00e7o com a precis\u00e3o do acabamento aveludado. Em 2026, a d\u00favida sobre qual textura adotar domina as rotinas de beleza, revelando um movimento que prioriza a sa\u00fade da pele acima de padr\u00f5es r\u00edgidos. O novo glow [&hellip;]<\/p>\n","protected":false},"author":9,"featured_media":233210,"comment_status":"open","ping_status":"open","sticky":false,"template":"","format":"standard","meta":{"_yoast_wpseo_focuskw":"maquiagem glow","_yoast_wpseo_title":"","_yoast_wpseo_metadesc":"Glow natural e matte aveludado se unem em 2026 para criar uma pele equilibrada bonita e adaptada ao seu tipo.","jnews-multi-image_gallery":[],"jnews_single_post":{"format":"standard"},"jnews_primary_category":[],"jnews_social_meta":[],"jnews_override_counter":[],"footnotes":""},"categories":[124],"post_tag":[],"class_list":["post-232836","post","type-post","status-publish","format-standard","has-post-thumbnail","hentry","category-beleza"],"yoast_head":"<!-- This site is optimized with the Yoast SEO plugin v24.6 - https:\/\/yoast.com\/wordpress\/plugins\/seo\/ -->\n<title>Ainda \u00e9 tend\u00eancia usar maquiagem glow em 2026 ou o efeito matte voltou como refer\u00eancia de beleza - Correio Braziliense - Radar<\/title>\n<meta name=\"description\" content=\"Glow natural e matte aveludado se unem em 2026 para criar uma pele equilibrada bonita e adaptada ao seu tipo.\" \/>\n<meta name=\"robots\" content=\"index, follow, max-snippet:-1, max-image-preview:large, max-video-preview:-1\" \/>\n<link rel=\"canonical\" href=\"https:\/\/www.correiobraziliense.com.br\/cbradar\/ainda-e-tendencia-usar-maquiagem-glow-em-2026-ou-o-efeito-matte-voltou-como-referencia-de-beleza\/\" \/>\n<meta property=\"og:locale\" content=\"pt_BR\" \/>\n<meta property=\"og:type\" content=\"article\" \/>\n<meta property=\"og:title\" content=\"Ainda \u00e9 tend\u00eancia usar maquiagem glow em 2026 ou o efeito matte voltou como refer\u00eancia de beleza - Correio Braziliense - Radar\" \/>\n<meta property=\"og:description\" content=\"Glow natural e matte aveludado se unem em 2026 para criar uma pele equilibrada bonita e adaptada ao seu tipo.\" \/>\n<meta property=\"og:url\" content=\"https:\/\/www.correiobraziliense.com.br\/cbradar\/ainda-e-tendencia-usar-maquiagem-glow-em-2026-ou-o-efeito-matte-voltou-como-referencia-de-beleza\/\" \/>\n<meta property=\"og:site_name\" content=\"Correio Braziliense - Radar\" \/>\n<meta property=\"article:published_time\" content=\"2026-04-28T16:05:00+00:00\" \/>\n<meta property=\"og:image\" content=\"https:\/\/www.correiobraziliense.com.br\/cbradar\/wp-content\/uploads\/2026\/04\/Female_face_makeup_202604271357.jpeg\" \/>\n\t<meta property=\"og:image:width\" content=\"1280\" \/>\n\t<meta property=\"og:image:height\" content=\"720\" \/>\n\t<meta property=\"og:image:type\" content=\"image\/jpeg\" \/>\n<meta name=\"author\" content=\"Daniely Cardoso\" \/>\n<meta name=\"twitter:card\" content=\"summary_large_image\" \/>\n<meta name=\"twitter:label1\" content=\"Escrito por\" \/>\n\t<meta name=\"twitter:data1\" content=\"Daniely Cardoso\" \/>\n\t<meta name=\"twitter:label2\" content=\"Est. tempo de leitura\" \/>\n\t<meta name=\"twitter:data2\" content=\"6 minutos\" \/>\n<!-- \/ Yoast SEO plugin. -->","yoast_head_json":{"title":"Ainda \u00e9 tend\u00eancia usar maquiagem glow em 2026 ou o efeito matte voltou como refer\u00eancia de beleza - Correio Braziliense - Radar","description":"Glow natural e matte aveludado se unem em 2026 para criar uma pele equilibrada bonita e adaptada ao seu tipo.","robots":{"index":"index","follow":"follow","max-snippet":"max-snippet:-1","max-image-preview":"max-image-preview:large","max-video-preview":"max-video-preview:-1"},"canonical":"https:\/\/www.correiobraziliense.com.br\/cbradar\/ainda-e-tendencia-usar-maquiagem-glow-em-2026-ou-o-efeito-matte-voltou-como-referencia-de-beleza\/","og_locale":"pt_BR","og_type":"article","og_title":"Ainda \u00e9 tend\u00eancia usar maquiagem glow em 2026 ou o efeito matte voltou como refer\u00eancia de beleza - Correio Braziliense - Radar","og_description":"Glow natural e matte aveludado se unem em 2026 para criar uma pele equilibrada bonita e adaptada ao seu tipo.","og_url":"https:\/\/www.correiobraziliense.com.br\/cbradar\/ainda-e-tendencia-usar-maquiagem-glow-em-2026-ou-o-efeito-matte-voltou-como-referencia-de-beleza\/","og_site_name":"Correio Braziliense - Radar","article_published_time":"2026-04-28T16:05:00+00:00","og_image":[{"width":1280,"height":720,"url":"https:\/\/www.correiobraziliense.com.br\/cbradar\/wp-content\/uploads\/2026\/04\/Female_face_makeup_202604271357.jpeg","type":"image\/jpeg"}],"author":"Daniely Cardoso","twitter_card":"summary_large_image","twitter_misc":{"Escrito por":"Daniely Cardoso","Est. tempo de leitura":"6 minutos"},"schema":{"@context":"https:\/\/schema.org","@graph":[{"@type":"WebPage","@id":"https:\/\/www.correiobraziliense.com.br\/cbradar\/ainda-e-tendencia-usar-maquiagem-glow-em-2026-ou-o-efeito-matte-voltou-como-referencia-de-beleza\/","url":"https:\/\/www.correiobraziliense.com.br\/cbradar\/ainda-e-tendencia-usar-maquiagem-glow-em-2026-ou-o-efeito-matte-voltou-como-referencia-de-beleza\/","name":"Ainda \u00e9 tend\u00eancia usar maquiagem glow em 2026 ou o efeito matte voltou como refer\u00eancia de beleza - Correio Braziliense - Radar","isPartOf":{"@id":"https:\/\/www.correiobraziliense.com.br\/cbradar\/#website"},"primaryImageOfPage":{"@id":"https:\/\/www.correiobraziliense.com.br\/cbradar\/ainda-e-tendencia-usar-maquiagem-glow-em-2026-ou-o-efeito-matte-voltou-como-referencia-de-beleza\/#primaryimage"},"image":{"@id":"https:\/\/www.correiobraziliense.com.br\/cbradar\/ainda-e-tendencia-usar-maquiagem-glow-em-2026-ou-o-efeito-matte-voltou-como-referencia-de-beleza\/#primaryimage"},"thumbnailUrl":"https:\/\/www.correiobraziliense.com.br\/cbradar\/wp-content\/uploads\/2026\/04\/Female_face_makeup_202604271357.jpeg","datePublished":"2026-04-28T16:05:00+00:00","author":{"@id":"https:\/\/www.correiobraziliense.com.br\/cbradar\/#\/schema\/person\/7356666e12ec0ee53f348ee5db227032"},"description":"Glow natural e matte aveludado se unem em 2026 para criar uma pele equilibrada bonita e adaptada ao seu tipo.","breadcrumb":{"@id":"https:\/\/www.correiobraziliense.com.br\/cbradar\/ainda-e-tendencia-usar-maquiagem-glow-em-2026-ou-o-efeito-matte-voltou-como-referencia-de-beleza\/#breadcrumb"},"inLanguage":"pt-BR","potentialAction":[{"@type":"ReadAction","target":["https:\/\/www.correiobraziliense.com.br\/cbradar\/ainda-e-tendencia-usar-maquiagem-glow-em-2026-ou-o-efeito-matte-voltou-como-referencia-de-beleza\/"]}]},{"@type":"ImageObject","inLanguage":"pt-BR","@id":"https:\/\/www.correiobraziliense.com.br\/cbradar\/ainda-e-tendencia-usar-maquiagem-glow-em-2026-ou-o-efeito-matte-voltou-como-referencia-de-beleza\/#primaryimage","url":"https:\/\/www.correiobraziliense.com.br\/cbradar\/wp-content\/uploads\/2026\/04\/Female_face_makeup_202604271357.jpeg","contentUrl":"https:\/\/www.correiobraziliense.com.br\/cbradar\/wp-content\/uploads\/2026\/04\/Female_face_makeup_202604271357.jpeg","width":1280,"height":720,"caption":"A escolha depende do tipo de pele e da proposta do visual"},{"@type":"BreadcrumbList","@id":"https:\/\/www.correiobraziliense.com.br\/cbradar\/ainda-e-tendencia-usar-maquiagem-glow-em-2026-ou-o-efeito-matte-voltou-como-referencia-de-beleza\/#breadcrumb","itemListElement":[{"@type":"ListItem","position":1,"name":"In\u00edcio","item":"https:\/\/www.correiobraziliense.com.br\/cbradar\/"},{"@type":"ListItem","position":2,"name":"Ainda \u00e9 tend\u00eancia usar maquiagem glow em 2026 ou o efeito matte voltou como refer\u00eancia de beleza"}]},{"@type":"WebSite","@id":"https:\/\/www.correiobraziliense.com.br\/cbradar\/#website","url":"https:\/\/www.correiobraziliense.com.br\/cbradar\/","name":"Correio Braziliense - Radar","description":"Acompanhe as \u00faltimas not\u00edcias e fique bem informado sobre tudo o que acontece no Brasil e no mundo.","potentialAction":[{"@type":"SearchAction","target":{"@type":"EntryPoint","urlTemplate":"https:\/\/www.correiobraziliense.com.br\/cbradar\/?s={search_term_string}"},"query-input":{"@type":"PropertyValueSpecification","valueRequired":true,"valueName":"search_term_string"}}],"inLanguage":"pt-BR"},{"@type":"Person","@id":"https:\/\/www.correiobraziliense.com.br\/cbradar\/#\/schema\/person\/7356666e12ec0ee53f348ee5db227032","name":"Daniely Cardoso","image":{"@type":"ImageObject","inLanguage":"pt-BR","@id":"https:\/\/www.correiobraziliense.com.br\/cbradar\/#\/schema\/person\/image\/","url":"https:\/\/secure.gravatar.com\/avatar\/4b80ddbd124d1f071b626d52d62e5dff?s=96&d=mm&r=g","contentUrl":"https:\/\/secure.gravatar.com\/avatar\/4b80ddbd124d1f071b626d52d62e5dff?s=96&d=mm&r=g","caption":"Daniely Cardoso"},"description":"Redatora nos portais CB Radar e EM Foco, formada pela Universidade Federal de Goi\u00e1s, em Goi\u00e2nia. Apaixonada por comunica\u00e7\u00e3o, arte, decora\u00e7\u00e3o e tend\u00eancias, atuo na produ\u00e7\u00e3o de conte\u00fados envolventes sobre curiosidades, moda, beleza e paisagismo, sempre com um olhar atento \u00e0s novidades do momento.","sameAs":["https:\/\/www.correiobraziliense.com.br\/cbradar"],"url":"https:\/\/www.correiobraziliense.com.br\/cbradar\/author\/danielymyth\/"}]}},"_links":{"self":[{"href":"https:\/\/www.correiobraziliense.com.br\/cbradar\/wp-json\/wp\/v2\/posts\/232836","targetHints":{"allow":["GET"]}}],"collection":[{"href":"https:\/\/www.correiobraziliense.com.br\/cbradar\/wp-json\/wp\/v2\/posts"}],"about":[{"href":"https:\/\/www.correiobraziliense.com.br\/cbradar\/wp-json\/wp\/v2\/types\/post"}],"author":[{"embeddable":true,"href":"https:\/\/www.correiobraziliense.com.br\/cbradar\/wp-json\/wp\/v2\/users\/9"}],"replies":[{"embeddable":true,"href":"https:\/\/www.correiobraziliense.com.br\/cbradar\/wp-json\/wp\/v2\/comments?post=232836"}],"version-history":[{"count":1,"href":"https:\/\/www.correiobraziliense.com.br\/cbradar\/wp-json\/wp\/v2\/posts\/232836\/revisions"}],"predecessor-version":[{"id":232838,"href":"https:\/\/www.correiobraziliense.com.br\/cbradar\/wp-json\/wp\/v2\/posts\/232836\/revisions\/232838"}],"wp:featuredmedia":[{"embeddable":true,"href":"https:\/\/www.correiobraziliense.com.br\/cbradar\/wp-json\/wp\/v2\/media\/233210"}],"wp:attachment":[{"href":"https:\/\/www.correiobraziliense.com.br\/cbradar\/wp-json\/wp\/v2\/media?parent=232836"}],"wp:term":[{"taxonomy":"category","embeddable":true,"href":"https:\/\/www.correiobraziliense.com.br\/cbradar\/wp-json\/wp\/v2\/categories?post=232836"},{"taxonomy":"post_tag","embeddable":true,"href":"https:\/\/www.correiobraziliense.com.br\/cbradar\/wp-json\/wp\/v2\/post_tag?post=232836"}],"curies":[{"name":"wp","href":"https:\/\/api.w.org\/{rel}","templated":true}]}}