{"id":232909,"date":"2026-04-27T11:05:00","date_gmt":"2026-04-27T14:05:00","guid":{"rendered":"https:\/\/www.correiobraziliense.com.br\/cbradar\/?p=232909"},"modified":"2026-04-27T09:04:16","modified_gmt":"2026-04-27T12:04:16","slug":"voce-pode-estar-destruindo-seus-dentes-enquanto-dorme-e-nem-faz-ideia-disso","status":"publish","type":"post","link":"https:\/\/www.correiobraziliense.com.br\/cbradar\/voce-pode-estar-destruindo-seus-dentes-enquanto-dorme-e-nem-faz-ideia-disso\/","title":{"rendered":"Voc\u00ea pode estar destruindo seus dentes enquanto dorme e nem faz ideia disso"},"content":{"rendered":"\n<p>O <strong>Bruxismo <\/strong>\u00e9 um dist\u00farbio de movimento caracterizado por apertar ou ranger involuntariamente os dentes, frequentemente sem que a pessoa perceba, estando fortemente relacionado ao sistema nervoso central e a fatores como estresse, ansiedade e h\u00e1bitos de vida, gerando impactos que variam desde desgaste dent\u00e1rio at\u00e9 dores musculares e sensa\u00e7\u00e3o constante de cansa\u00e7o facial.<\/p>\n\n\n\n<h2 class=\"wp-block-heading\">Como o Bruxismo atua no corpo?<\/h2>\n\n\n\n<p>Especialistas consideram o bruxismo um dist\u00farbio neurol\u00f3gico modul\u00e1vel por fatores emocionais e comportamentais, com participa\u00e7\u00e3o ativa do sistema nervoso central em ambos os tipos: sono e vig\u00edlia. No bruxismo do sono, h\u00e1 ativa\u00e7\u00e3o intensa dos m\u00fasculos mastigat\u00f3rios durante microdespertares, com contra\u00e7\u00f5es involunt\u00e1rias dos masseteres e temporais.<\/p>\n\n\n\n<p>No bruxismo de vig\u00edlia, o fen\u00f4meno \u00e9 mais est\u00e1tico, com dentes pressionados por longos per\u00edodos em momentos de concentra\u00e7\u00e3o ou tens\u00e3o. Nesses epis\u00f3dios, o sistema nervoso simp\u00e1tico \u00e9 ativado, aumentando o t\u00f4nus muscular facial e sobrecarregando a articula\u00e7\u00e3o temporomandibular (ATM) e estruturas adjacentes.<\/p>\n\n\n\n<h2 class=\"wp-block-heading\">Quais s\u00e3o os impactos do bruxismo nos dentes e na musculatura facial?<\/h2>\n\n\n\n<p>O desgaste dent\u00e1rio cont\u00ednuo \u00e9 uma consequ\u00eancia direta do bruxismo, levando ao achatamento das bordas dos dentes e, em casos severos, \u00e0 exposi\u00e7\u00e3o da dentina. Isso pode causar sensibilidade a temperaturas extremas, aumentar o risco de fraturas dent\u00e1rias e exigir restaura\u00e7\u00f5es mais complexas.<\/p>\n\n\n\n<p>A sobrecarga na ATM e na musculatura facial e cervical provoca estalos, travamentos, dor ao mastigar e rigidez muscular. Esses sintomas podem gerar fadiga ao mastigar, sensa\u00e7\u00e3o de sono n\u00e3o reparador e perpetuar um padr\u00e3o di\u00e1rio de dor, tens\u00e3o e maior vulnerabilidade ao <a href=\"https:\/\/www.correiobraziliense.com.br\/cbradar\/o-avanco-tecnologico-que-esta-deixando-diagnosticos-mais-rapidos-e-precisos\/\" target=\"_blank\" rel=\"noreferrer noopener\">estresse<\/a>.<\/p>\n\n\n<div class=\"wp-block-image\">\n<figure class=\"aligncenter size-large\"><img decoding=\"async\" width=\"1024\" height=\"576\" src=\"https:\/\/www.correiobraziliense.com.br\/cbradar\/wp-content\/uploads\/2025\/06\/bruxismo_1750424576366-1024x576.jpg\" alt=\"\" class=\"wp-image-56340\" srcset=\"https:\/\/www.correiobraziliense.com.br\/cbradar\/wp-content\/uploads\/2025\/06\/bruxismo_1750424576366-1024x576.jpg 1024w, https:\/\/www.correiobraziliense.com.br\/cbradar\/wp-content\/uploads\/2025\/06\/bruxismo_1750424576366-300x169.jpg 300w, https:\/\/www.correiobraziliense.com.br\/cbradar\/wp-content\/uploads\/2025\/06\/bruxismo_1750424576366-768x432.jpg 768w, https:\/\/www.correiobraziliense.com.br\/cbradar\/wp-content\/uploads\/2025\/06\/bruxismo_1750424576366-750x422.jpg 750w, https:\/\/www.correiobraziliense.com.br\/cbradar\/wp-content\/uploads\/2025\/06\/bruxismo_1750424576366-1140x641.jpg 1140w, https:\/\/www.correiobraziliense.com.br\/cbradar\/wp-content\/uploads\/2025\/06\/bruxismo_1750424576366.jpg 1280w\" sizes=\"(max-width: 1024px) 100vw, 1024px\" \/><figcaption class=\"wp-element-caption\">Bruxismo &#8211; Cr\u00e9ditos: depositphotos.com \/ 9nong<\/figcaption><\/figure><\/div>\n\n\n<h2 class=\"wp-block-heading\">Qual \u00e9 a rela\u00e7\u00e3o entre bruxismo, estresse e ansiedade?<\/h2>\n\n\n\n<p>A liga\u00e7\u00e3o entre bruxismo e estresse \u00e9 forte, sobretudo no bruxismo de vig\u00edlia, em que o c\u00e9rebro aumenta a libera\u00e7\u00e3o de horm\u00f4nios como noradrenalina. Esse excesso eleva o t\u00f4nus muscular da face e favorece o h\u00e1bito involunt\u00e1rio de apertar os dentes, muitas vezes sem que a pessoa perceba ao longo do dia.<\/p>\n\n\n\n<p>No bruxismo do sono, o estresse fragmenta o sono em microdespertares, durante os quais ocorre a atividade mastigat\u00f3ria involunt\u00e1ria. Consumo de cafe\u00edna, \u00e1lcool e nicotina \u00e0 noite agrava o quadro, pois interfere na regula\u00e7\u00e3o do sistema nervoso, na qualidade do sono e na capacidade de relaxar a musculatura.<\/p>\n\n\n\n<h2 class=\"wp-block-heading\">Quais estrat\u00e9gias ajudam a tratar e prevenir os danos do bruxismo?<\/h2>\n\n\n\n<p>O tratamento do bruxismo exige abordagem multifacetada, envolvendo dentistas, m\u00e9dicos e, quando necess\u00e1rio, psic\u00f3logos ou fisioterapeutas. Al\u00e9m de proteger dentes e ATM, busca-se reduzir dor, melhorar o sono e atuar sobre fatores emocionais, comportamentais e posturais que perpetuam o quadro.<\/p>\n\n\n\n<p>Entre as principais estrat\u00e9gias utilizadas na pr\u00e1tica cl\u00ednica, destacam-se recursos de prote\u00e7\u00e3o, ajustes de rotina e t\u00e9cnicas de controle do estresse, que podem ser combinados de forma personalizada. A seguir, alguns exemplos de medidas frequentemente recomendadas:<\/p>\n\n\n\n<style>\n  .make-wrap{\n    max-width: 760px;\n    margin: 26px auto;\n    padding: 18px;\n    border-radius: 18px;\n    background: linear-gradient(135deg,#fff7fb 0%,#f6f2ff 100%);\n    border: 1px solid #f7d4ea;\n    box-shadow: 0 8px 20px rgba(236,72,153,.12);\n    font-family: system-ui, -apple-system, Segoe UI, Roboto, Helvetica, Arial, sans-serif;\n  }\n\n  .make-title{\n    display:flex; \n    align-items:center; \n    gap:10px;\n    margin:0 0 12px 4px;\n    font-size:1.2rem; \n    font-weight:900; \n    color:#9d174d;\n  }\n\n  .make-table{\n    width:100%;\n    border-collapse:separate;\n    border-spacing:0;\n    overflow:hidden;\n    border-radius:16px;\n    border:1px solid #f7d4ea;\n    background:#fff;\n    font-size:.92rem;\n  }\n\n  .make-table thead th{\n    background:linear-gradient(90deg,#fde7f3 0%,#f8e9ff 100%);\n    padding:12px;\n    color:#7a1e63;\n    font-weight:800;\n    text-align:left;\n    border-bottom:1px solid #f7d4ea;\n  }\n\n  .make-table tbody td{\n    padding:12px;\n    color:#374151;\n    vertical-align:top;\n    border-bottom:1px dashed #f7d4ea;\n  }\n\n  .make-table tbody tr:nth-child(odd){\n    background:#fffaff;\n  }\n\n  .price{\n    display:inline-flex;\n    align-items:center;\n    background:#fff7ed;\n    color:#b45309;\n    padding:6px 10px;\n    border-radius:10px;\n    border:1px solid #fed7aa;\n    font-weight:700;\n    white-space:nowrap;\n  }\n\n  .badge{\n    display:inline-block;\n    background:#fde7f3;\n    color:#c026d3;\n    border:1px solid #fecdd3;\n    padding:4px 10px;\n    border-radius:999px;\n    font-weight:700;\n    font-size:.78rem;\n  }\n\n  @media (max-width:720px){\n    .make-table thead{display:none}\n    .make-table, .make-table tbody, .make-table tr, .make-table td{\n      display:block; \n      width:100%;\n    }\n    .make-table tr{\n      margin-bottom:12px;\n      border:1px solid #f7d4ea;\n      border-radius:14px;\n      overflow:hidden;\n      background:#fff;\n    }\n    .make-table td[data-label]:before{\n      content:attr(data-label);\n      display:block;\n      font-weight:800;\n      color:#7a1e63;\n      margin-bottom:4px;\n    }\n    .make-table tbody td:last-child{border-bottom:none}\n  }\n<\/style>\n\n<div class=\"make-wrap\">\n  <h3 class=\"make-title\">\ud83d\ude34\u2728 Cuidados Essenciais para Bruxismo e ATM<\/h3>\n\n  <table class=\"make-table\">\n    <thead>\n      <tr>\n        <th>Recomenda\u00e7\u00e3o<\/th>\n      <\/tr>\n    <\/thead>\n    <tbody>\n      <tr>\n        <td data-label=\"Recomenda\u00e7\u00e3o\">Placas miorrelaxantes para proteger os dentes e aliviar a musculatura da face.<\/td>\n      <\/tr>\n      <tr>\n        <td data-label=\"Recomenda\u00e7\u00e3o\">Higiene do sono com hor\u00e1rios regulares, ambiente adequado e redu\u00e7\u00e3o de telas antes de dormir.<\/td>\n      <\/tr>\n      <tr>\n        <td data-label=\"Recomenda\u00e7\u00e3o\">T\u00e9cnicas de relaxamento, respira\u00e7\u00e3o, mindfulness e terapia para manejo de estresse e ansiedade.<\/td>\n      <\/tr>\n      <tr>\n        <td data-label=\"Recomenda\u00e7\u00e3o\">Ajustes de h\u00e1bitos di\u00e1rios, como reduzir cafe\u00edna e \u00e1lcool, monitorar a posi\u00e7\u00e3o da mand\u00edbula e fazer pausas para alongar pesco\u00e7o e face.<\/td>\n      <\/tr>\n      <tr>\n        <td data-label=\"Recomenda\u00e7\u00e3o\">Consultas regulares ao dentista para monitorar desgaste dent\u00e1rio e intervir precocemente em altera\u00e7\u00f5es da ATM.<\/td>\n      <\/tr>\n    <\/tbody>\n  <\/table>\n\n  <p style=\"margin-top:14px; color:#6b7280; font-size:.9rem;\">\n    \ud83d\udca1 <strong>Dica:<\/strong> A combina\u00e7\u00e3o de cuidados di\u00e1rios com acompanhamento profissional traz melhores resultados a longo prazo.\n  <\/p>\n<\/div>\n\n\n\n<a href=\"https:\/\/www.instagram.com\/dra.annaluisabf\/\" target=\"_blank\" rel=\"noopener\" style=\"text-decoration: none; color: inherit;\">\n    <span style=\"display: inline-block; border: 1px solid #ccc; border-radius: 10px; padding: 15px; max-width: 550px; font-family: sans-serif; box-shadow: 0 2px 5px rgba(0,0,0,0.1); width: 100%;\">\n\n      <!-- T\u00edtulo -->\n      <span style=\"display: block; margin: 0 0 15px 0; font-weight: bold; color: #2c3e50; text-align: center;\">\n        Entre em contato:\n      <\/span>\n\n      <!-- Linha do perfil -->\n      <span style=\"display: flex; align-items: center; gap: 15px;\">\n        <img decoding=\"async\"\n          src=\"https:\/\/www.correiobraziliense.com.br\/cbradar\/wp-content\/uploads\/2025\/08\/dra_anna_luisa.jpeg\"\n          alt=\"Foto da Dra. Anna Lu\u00edsa\"\n          style=\"border-radius: 50%; width: 80px; height: 80px; object-fit: cover;\"\n        \/>\n        <span style=\"display: flex; flex-direction: column;\">\n          <span style=\"font-size: 18px; font-weight: 700; color: #2c3e50;\">Dra. Anna Lu\u00edsa Barbosa Fernandes<\/span>\n          <span style=\"color: #555;\">CRM-GO 33.271<\/span>\n        <\/span>\n      <\/span>\n\n      <!-- Redes -->\n      <span style=\"display: flex; align-items: center; gap: 10px; margin-top: 12px;\">\n        <img decoding=\"async\" src=\"https:\/\/cdn-icons-png.flaticon.com\/24\/1384\/1384063.png\" alt=\"Instagram\" width=\"24\" height=\"24\" \/>\n        <span style=\"text-decoration: underline; color: #2c3e50;\">@dra.annaluisabf<\/span>\n      <\/span>\n\n    <\/span>\n  <\/a>","protected":false},"excerpt":{"rendered":"<p>O Bruxismo \u00e9 um dist\u00farbio de movimento caracterizado por apertar ou ranger involuntariamente os dentes, frequentemente sem que a pessoa perceba, estando fortemente relacionado ao sistema nervoso central e a fatores como estresse, ansiedade e h\u00e1bitos de vida, gerando impactos que variam desde desgaste dent\u00e1rio at\u00e9 dores musculares e sensa\u00e7\u00e3o constante de cansa\u00e7o facial. Como [&hellip;]<\/p>\n","protected":false},"author":14,"featured_media":56341,"comment_status":"open","ping_status":"open","sticky":false,"template":"","format":"standard","meta":{"_yoast_wpseo_focuskw":"Bruxismo","_yoast_wpseo_title":"","_yoast_wpseo_metadesc":"Entenda o bruxismo e descubra como ele pode causar desgaste dent\u00e1rio, dor na mand\u00edbula e piorar seu sono sem voc\u00ea perceber","jnews-multi-image_gallery":[],"jnews_single_post":{"format":"standard"},"jnews_primary_category":[],"jnews_social_meta":[],"jnews_override_counter":[],"footnotes":""},"categories":[4404],"post_tag":[],"class_list":["post-232909","post","type-post","status-publish","format-standard","has-post-thumbnail","hentry","category-saude"],"yoast_head":"<!-- This site is optimized with the Yoast SEO plugin v24.6 - https:\/\/yoast.com\/wordpress\/plugins\/seo\/ -->\n<title>Voc\u00ea pode estar destruindo seus dentes enquanto dorme e nem faz ideia disso - Correio Braziliense - Radar<\/title>\n<meta name=\"description\" content=\"Entenda o bruxismo e descubra como ele pode causar desgaste dent\u00e1rio, dor na mand\u00edbula e piorar seu sono sem voc\u00ea perceber\" \/>\n<meta name=\"robots\" content=\"index, follow, max-snippet:-1, max-image-preview:large, max-video-preview:-1\" \/>\n<link rel=\"canonical\" href=\"https:\/\/www.correiobraziliense.com.br\/cbradar\/voce-pode-estar-destruindo-seus-dentes-enquanto-dorme-e-nem-faz-ideia-disso\/\" \/>\n<meta property=\"og:locale\" content=\"pt_BR\" \/>\n<meta property=\"og:type\" content=\"article\" \/>\n<meta property=\"og:title\" content=\"Voc\u00ea pode estar destruindo seus dentes enquanto dorme e nem faz ideia disso - Correio Braziliense - Radar\" \/>\n<meta property=\"og:description\" content=\"Entenda o bruxismo e descubra como ele pode causar desgaste dent\u00e1rio, dor na mand\u00edbula e piorar seu sono sem voc\u00ea perceber\" \/>\n<meta property=\"og:url\" content=\"https:\/\/www.correiobraziliense.com.br\/cbradar\/voce-pode-estar-destruindo-seus-dentes-enquanto-dorme-e-nem-faz-ideia-disso\/\" \/>\n<meta property=\"og:site_name\" content=\"Correio Braziliense - Radar\" \/>\n<meta property=\"article:published_time\" content=\"2026-04-27T14:05:00+00:00\" \/>\n<meta property=\"og:image\" content=\"https:\/\/www.correiobraziliense.com.br\/cbradar\/wp-content\/uploads\/2025\/06\/bruxismo_1750424634760.jpg\" \/>\n\t<meta property=\"og:image:width\" content=\"1280\" \/>\n\t<meta property=\"og:image:height\" content=\"720\" \/>\n\t<meta property=\"og:image:type\" content=\"image\/jpeg\" \/>\n<meta name=\"author\" content=\"guilherme_saude\" \/>\n<meta name=\"twitter:card\" content=\"summary_large_image\" \/>\n<meta name=\"twitter:label1\" content=\"Escrito por\" \/>\n\t<meta name=\"twitter:data1\" content=\"guilherme_saude\" \/>\n\t<meta name=\"twitter:label2\" content=\"Est. tempo de leitura\" \/>\n\t<meta name=\"twitter:data2\" content=\"4 minutos\" \/>\n<!-- \/ Yoast SEO plugin. -->","yoast_head_json":{"title":"Voc\u00ea pode estar destruindo seus dentes enquanto dorme e nem faz ideia disso - Correio Braziliense - Radar","description":"Entenda o bruxismo e descubra como ele pode causar desgaste dent\u00e1rio, dor na mand\u00edbula e piorar seu sono sem voc\u00ea perceber","robots":{"index":"index","follow":"follow","max-snippet":"max-snippet:-1","max-image-preview":"max-image-preview:large","max-video-preview":"max-video-preview:-1"},"canonical":"https:\/\/www.correiobraziliense.com.br\/cbradar\/voce-pode-estar-destruindo-seus-dentes-enquanto-dorme-e-nem-faz-ideia-disso\/","og_locale":"pt_BR","og_type":"article","og_title":"Voc\u00ea pode estar destruindo seus dentes enquanto dorme e nem faz ideia disso - Correio Braziliense - Radar","og_description":"Entenda o bruxismo e descubra como ele pode causar desgaste dent\u00e1rio, dor na mand\u00edbula e piorar seu sono sem voc\u00ea perceber","og_url":"https:\/\/www.correiobraziliense.com.br\/cbradar\/voce-pode-estar-destruindo-seus-dentes-enquanto-dorme-e-nem-faz-ideia-disso\/","og_site_name":"Correio Braziliense - Radar","article_published_time":"2026-04-27T14:05:00+00:00","og_image":[{"width":1280,"height":720,"url":"https:\/\/www.correiobraziliense.com.br\/cbradar\/wp-content\/uploads\/2025\/06\/bruxismo_1750424634760.jpg","type":"image\/jpeg"}],"author":"guilherme_saude","twitter_card":"summary_large_image","twitter_misc":{"Escrito por":"guilherme_saude","Est. tempo de leitura":"4 minutos"},"schema":{"@context":"https:\/\/schema.org","@graph":[{"@type":"WebPage","@id":"https:\/\/www.correiobraziliense.com.br\/cbradar\/voce-pode-estar-destruindo-seus-dentes-enquanto-dorme-e-nem-faz-ideia-disso\/","url":"https:\/\/www.correiobraziliense.com.br\/cbradar\/voce-pode-estar-destruindo-seus-dentes-enquanto-dorme-e-nem-faz-ideia-disso\/","name":"Voc\u00ea pode estar destruindo seus dentes enquanto dorme e nem faz ideia disso - Correio Braziliense - Radar","isPartOf":{"@id":"https:\/\/www.correiobraziliense.com.br\/cbradar\/#website"},"primaryImageOfPage":{"@id":"https:\/\/www.correiobraziliense.com.br\/cbradar\/voce-pode-estar-destruindo-seus-dentes-enquanto-dorme-e-nem-faz-ideia-disso\/#primaryimage"},"image":{"@id":"https:\/\/www.correiobraziliense.com.br\/cbradar\/voce-pode-estar-destruindo-seus-dentes-enquanto-dorme-e-nem-faz-ideia-disso\/#primaryimage"},"thumbnailUrl":"https:\/\/www.correiobraziliense.com.br\/cbradar\/wp-content\/uploads\/2025\/06\/bruxismo_1750424634760.jpg","datePublished":"2026-04-27T14:05:00+00:00","author":{"@id":"https:\/\/www.correiobraziliense.com.br\/cbradar\/#\/schema\/person\/5aa4bf3c8fa699c267933611de12978b"},"description":"Entenda o bruxismo e descubra como ele pode causar desgaste dent\u00e1rio, dor na mand\u00edbula e piorar seu sono sem voc\u00ea perceber","breadcrumb":{"@id":"https:\/\/www.correiobraziliense.com.br\/cbradar\/voce-pode-estar-destruindo-seus-dentes-enquanto-dorme-e-nem-faz-ideia-disso\/#breadcrumb"},"inLanguage":"pt-BR","potentialAction":[{"@type":"ReadAction","target":["https:\/\/www.correiobraziliense.com.br\/cbradar\/voce-pode-estar-destruindo-seus-dentes-enquanto-dorme-e-nem-faz-ideia-disso\/"]}]},{"@type":"ImageObject","inLanguage":"pt-BR","@id":"https:\/\/www.correiobraziliense.com.br\/cbradar\/voce-pode-estar-destruindo-seus-dentes-enquanto-dorme-e-nem-faz-ideia-disso\/#primaryimage","url":"https:\/\/www.correiobraziliense.com.br\/cbradar\/wp-content\/uploads\/2025\/06\/bruxismo_1750424634760.jpg","contentUrl":"https:\/\/www.correiobraziliense.com.br\/cbradar\/wp-content\/uploads\/2025\/06\/bruxismo_1750424634760.jpg","width":1280,"height":720,"caption":"O dist\u00farbio do sono que faz voc\u00ea ranger os dentes e acordar exausto - Cr\u00e9ditos: depositphotos.com \/ 9nong"},{"@type":"BreadcrumbList","@id":"https:\/\/www.correiobraziliense.com.br\/cbradar\/voce-pode-estar-destruindo-seus-dentes-enquanto-dorme-e-nem-faz-ideia-disso\/#breadcrumb","itemListElement":[{"@type":"ListItem","position":1,"name":"In\u00edcio","item":"https:\/\/www.correiobraziliense.com.br\/cbradar\/"},{"@type":"ListItem","position":2,"name":"Voc\u00ea pode estar destruindo seus dentes enquanto dorme e nem faz ideia disso"}]},{"@type":"WebSite","@id":"https:\/\/www.correiobraziliense.com.br\/cbradar\/#website","url":"https:\/\/www.correiobraziliense.com.br\/cbradar\/","name":"Correio Braziliense - Radar","description":"Acompanhe as \u00faltimas not\u00edcias e fique bem informado sobre tudo o que acontece no Brasil e no mundo.","potentialAction":[{"@type":"SearchAction","target":{"@type":"EntryPoint","urlTemplate":"https:\/\/www.correiobraziliense.com.br\/cbradar\/?s={search_term_string}"},"query-input":{"@type":"PropertyValueSpecification","valueRequired":true,"valueName":"search_term_string"}}],"inLanguage":"pt-BR"},{"@type":"Person","@id":"https:\/\/www.correiobraziliense.com.br\/cbradar\/#\/schema\/person\/5aa4bf3c8fa699c267933611de12978b","name":"guilherme_saude","image":{"@type":"ImageObject","inLanguage":"pt-BR","@id":"https:\/\/www.correiobraziliense.com.br\/cbradar\/#\/schema\/person\/image\/","url":"https:\/\/secure.gravatar.com\/avatar\/df9adfb835d344bc0af109d41756253f?s=96&d=mm&r=g","contentUrl":"https:\/\/secure.gravatar.com\/avatar\/df9adfb835d344bc0af109d41756253f?s=96&d=mm&r=g","caption":"guilherme_saude"},"url":"https:\/\/www.correiobraziliense.com.br\/cbradar\/author\/guilherme_saude\/"}]}},"_links":{"self":[{"href":"https:\/\/www.correiobraziliense.com.br\/cbradar\/wp-json\/wp\/v2\/posts\/232909","targetHints":{"allow":["GET"]}}],"collection":[{"href":"https:\/\/www.correiobraziliense.com.br\/cbradar\/wp-json\/wp\/v2\/posts"}],"about":[{"href":"https:\/\/www.correiobraziliense.com.br\/cbradar\/wp-json\/wp\/v2\/types\/post"}],"author":[{"embeddable":true,"href":"https:\/\/www.correiobraziliense.com.br\/cbradar\/wp-json\/wp\/v2\/users\/14"}],"replies":[{"embeddable":true,"href":"https:\/\/www.correiobraziliense.com.br\/cbradar\/wp-json\/wp\/v2\/comments?post=232909"}],"version-history":[{"count":1,"href":"https:\/\/www.correiobraziliense.com.br\/cbradar\/wp-json\/wp\/v2\/posts\/232909\/revisions"}],"predecessor-version":[{"id":232910,"href":"https:\/\/www.correiobraziliense.com.br\/cbradar\/wp-json\/wp\/v2\/posts\/232909\/revisions\/232910"}],"wp:featuredmedia":[{"embeddable":true,"href":"https:\/\/www.correiobraziliense.com.br\/cbradar\/wp-json\/wp\/v2\/media\/56341"}],"wp:attachment":[{"href":"https:\/\/www.correiobraziliense.com.br\/cbradar\/wp-json\/wp\/v2\/media?parent=232909"}],"wp:term":[{"taxonomy":"category","embeddable":true,"href":"https:\/\/www.correiobraziliense.com.br\/cbradar\/wp-json\/wp\/v2\/categories?post=232909"},{"taxonomy":"post_tag","embeddable":true,"href":"https:\/\/www.correiobraziliense.com.br\/cbradar\/wp-json\/wp\/v2\/post_tag?post=232909"}],"curies":[{"name":"wp","href":"https:\/\/api.w.org\/{rel}","templated":true}]}}