{"id":232912,"date":"2026-04-27T13:15:00","date_gmt":"2026-04-27T16:15:00","guid":{"rendered":"https:\/\/www.correiobraziliense.com.br\/cbradar\/?p=232912"},"modified":"2026-04-27T09:06:14","modified_gmt":"2026-04-27T12:06:14","slug":"voce-esta-limpando-o-ouvido-errado-e-isso-pode-prejudicar-sua-audicao","status":"publish","type":"post","link":"https:\/\/www.correiobraziliense.com.br\/cbradar\/voce-esta-limpando-o-ouvido-errado-e-isso-pode-prejudicar-sua-audicao\/","title":{"rendered":"Voc\u00ea est\u00e1 limpando o ouvido errado e isso pode prejudicar sua audi\u00e7\u00e3o"},"content":{"rendered":"\n<p>A cera de ouvido, muitas vezes confundida com sujeira, \u00e9 essencial para a defesa e manuten\u00e7\u00e3o do canal auditivo. Produzida por gl\u00e2ndulas especializadas, ela atua como uma barreira tempor\u00e1ria, protegendo contra micro-organismos, part\u00edculas e excesso de umidade, enquanto \u00e9 continuamente renovada e expelida pelo pr\u00f3prio corpo.<\/p>\n\n\n\n<h2 class=\"wp-block-heading\">Como a cera de ouvido protege o canal auditivo?<\/h2>\n\n\n\n<p>Produzida por gl\u00e2ndulas ceruminosas e seb\u00e1ceas no ter\u00e7o externo do canal auditivo, a cera cont\u00e9m lip\u00eddios e prote\u00ednas com propriedades antimicrobianas. Al\u00e9m de impedir a prolifera\u00e7\u00e3o de micro-organismos, forma uma pel\u00edcula oleosa que reduz a entrada de \u00e1gua, prevenindo infec\u00e7\u00f5es como a otite externa.<\/p>\n\n\n\n<p>Esse mecanismo tamb\u00e9m ajuda a prender pequenas part\u00edculas e insetos, impedindo que avancem para regi\u00f5es mais internas e sens\u00edveis do ouvido. Assim, a cera funciona como um filtro natural, contribuindo para a preserva\u00e7\u00e3o da audi\u00e7\u00e3o e para a integridade do t\u00edmpano.<\/p>\n\n\n\n<h2 class=\"wp-block-heading\">Como o corpo realiza a autolimpeza da cera de ouvido?<\/h2>\n\n\n\n<p>A anatomia do ouvido conta com um sistema de limpeza interna eficiente, conhecido como migra\u00e7\u00e3o epitelial. Nesse processo, as c\u00e9lulas da pele deslocam gradualmente a cera e suas impurezas do interior para a sa\u00edda do canal auditivo, movimento auxiliado por a\u00e7\u00f5es como falar e mastigar.<\/p>\n\n\n\n<p>Em condi\u00e7\u00f5es normais, n\u00e3o h\u00e1 necessidade de remover a cera manualmente, pois o organismo a elimina de forma natural. A apar\u00eancia da cera varia conforme fatores gen\u00e9ticos, podendo ser seca e esbranqui\u00e7ada ou \u00famida e amarronzada, sem indicar falta de higiene ou doen\u00e7a.<\/p>\n\n\n<div class=\"wp-block-image\">\n<figure class=\"aligncenter size-large\"><img decoding=\"async\" width=\"1024\" height=\"576\" src=\"https:\/\/www.correiobraziliense.com.br\/cbradar\/wp-content\/uploads\/2025\/06\/cera-de-ouvido_1748966201787-1024x576.jpg\" alt=\"\" class=\"wp-image-47515\" srcset=\"https:\/\/www.correiobraziliense.com.br\/cbradar\/wp-content\/uploads\/2025\/06\/cera-de-ouvido_1748966201787-1024x576.jpg 1024w, https:\/\/www.correiobraziliense.com.br\/cbradar\/wp-content\/uploads\/2025\/06\/cera-de-ouvido_1748966201787-300x169.jpg 300w, https:\/\/www.correiobraziliense.com.br\/cbradar\/wp-content\/uploads\/2025\/06\/cera-de-ouvido_1748966201787-768x432.jpg 768w, https:\/\/www.correiobraziliense.com.br\/cbradar\/wp-content\/uploads\/2025\/06\/cera-de-ouvido_1748966201787-750x422.jpg 750w, https:\/\/www.correiobraziliense.com.br\/cbradar\/wp-content\/uploads\/2025\/06\/cera-de-ouvido_1748966201787-1140x641.jpg 1140w, https:\/\/www.correiobraziliense.com.br\/cbradar\/wp-content\/uploads\/2025\/06\/cera-de-ouvido_1748966201787.jpg 1280w\" sizes=\"(max-width: 1024px) 100vw, 1024px\" \/><figcaption class=\"wp-element-caption\">Cera de OuvidoFatores que agravam zumbido e prejudicam sono -Cr\u00e9ditos: depositphotos.com \/ 9nong<\/figcaption><\/figure><\/div>\n\n\n<h2 class=\"wp-block-heading\">Por que evitar o uso de hastes flex\u00edveis no ouvido?<\/h2>\n\n\n\n<p>O uso de hastes flex\u00edveis para \u201climpar\u201d o interior do ouvido \u00e9 comum, mas n\u00e3o recomendado por especialistas. Ao serem inseridas no canal auditivo, podem empurrar a cera para dentro, favorecendo o ac\u00famulo pr\u00f3ximo ao t\u00edmpano e causando sensa\u00e7\u00e3o de ouvido tampado, zumbido ou redu\u00e7\u00e3o tempor\u00e1ria da audi\u00e7\u00e3o.<\/p>\n\n\n\n<p>Al\u00e9m disso, a haste pode ferir a pele fina do canal, facilitando infec\u00e7\u00f5es e at\u00e9 provocar perfura\u00e7\u00e3o de t\u00edmpano em movimentos bruscos. Em pessoas com hist\u00f3rico de cirurgias otol\u00f3gicas, crian\u00e7as e idosos, o risco de complica\u00e7\u00f5es \u00e9 ainda maior, exigindo cuidado redobrado.<\/p>\n\n\n\n<h2 class=\"wp-block-heading\">Como higienizar o ouvido de forma segura no dia a dia?<\/h2>\n\n\n\n<p>A higiene auditiva segura deve concentrar-se na parte externa da orelha, sem introduzir objetos no canal auditivo. Pequenos cuidados di\u00e1rios ajudam a manter a regi\u00e3o limpa, respeitando o mecanismo natural de autolimpeza do ouvido e reduzindo o risco de irrita\u00e7\u00f5es e infec\u00e7\u00f5es.<\/p>\n\n\n\n<p>Algumas pr\u00e1ticas simples e seguras podem ser adotadas em casa para cuidar da orelha externa sem prejudicar o canal auditivo:<\/p>\n\n\n\n<style>\n  .make-wrap{\n    max-width: 760px;\n    margin: 26px auto;\n    padding: 18px;\n    border-radius: 18px;\n    background: linear-gradient(135deg,#fff7fb 0%,#f6f2ff 100%);\n    border: 1px solid #f7d4ea;\n    box-shadow: 0 8px 20px rgba(236,72,153,.12);\n    font-family: system-ui, -apple-system, Segoe UI, Roboto, Helvetica, Arial, sans-serif;\n  }\n\n  .make-title{\n    display:flex; \n    align-items:center; \n    gap:10px;\n    margin:0 0 12px 4px;\n    font-size:1.2rem; \n    font-weight:900; \n    color:#9d174d;\n  }\n\n  .make-table{\n    width:100%;\n    border-collapse:separate;\n    border-spacing:0;\n    overflow:hidden;\n    border-radius:16px;\n    border:1px solid #f7d4ea;\n    background:#fff;\n    font-size:.92rem;\n  }\n\n  .make-table thead th{\n    background:linear-gradient(90deg,#fde7f3 0%,#f8e9ff 100%);\n    padding:12px;\n    color:#7a1e63;\n    font-weight:800;\n    text-align:left;\n    border-bottom:1px solid #f7d4ea;\n  }\n\n  .make-table tbody td{\n    padding:12px;\n    color:#374151;\n    vertical-align:top;\n    border-bottom:1px dashed #f7d4ea;\n  }\n\n  .make-table tbody tr:nth-child(odd){\n    background:#fffaff;\n  }\n\n  .price{\n    display:inline-flex;\n    align-items:center;\n    background:#fff7ed;\n    color:#b45309;\n    padding:6px 10px;\n    border-radius:10px;\n    border:1px solid #fed7aa;\n    font-weight:700;\n    white-space:nowrap;\n  }\n\n  .badge{\n    display:inline-block;\n    background:#fde7f3;\n    color:#c026d3;\n    border:1px solid #fecdd3;\n    padding:4px 10px;\n    border-radius:999px;\n    font-weight:700;\n    font-size:.78rem;\n  }\n\n  @media (max-width:720px){\n    .make-table thead{display:none}\n    .make-table, .make-table tbody, .make-table tr, .make-table td{\n      display:block; \n      width:100%;\n    }\n    .make-table tr{\n      margin-bottom:12px;\n      border:1px solid #f7d4ea;\n      border-radius:14px;\n      overflow:hidden;\n      background:#fff;\n    }\n    .make-table td[data-label]:before{\n      content:attr(data-label);\n      display:block;\n      font-weight:800;\n      color:#7a1e63;\n      margin-bottom:4px;\n    }\n    .make-table tbody td:last-child{border-bottom:none}\n  }\n<\/style>\n\n<div class=\"make-wrap\">\n  <h3 class=\"make-title\">\ud83d\udc42\u2728 Cuidados Essenciais com a Higiene dos Ouvidos<\/h3>\n\n  <table class=\"make-table\">\n    <thead>\n      <tr>\n        <th>Recomenda\u00e7\u00e3o<\/th>\n      <\/tr>\n    <\/thead>\n    <tbody>\n      <tr>\n        <td data-label=\"Recomenda\u00e7\u00e3o\">Limpar apenas a parte externa da orelha com uma toalha macia e levemente umedecida ap\u00f3s o banho.<\/td>\n      <\/tr>\n      <tr>\n        <td data-label=\"Recomenda\u00e7\u00e3o\">Secar delicadamente a regi\u00e3o, sem esfregar com for\u00e7a nem utilizar objetos pontiagudos.<\/td>\n      <\/tr>\n      <tr>\n        <td data-label=\"Recomenda\u00e7\u00e3o\">Evitar o uso de hastes flex\u00edveis, grampos, tampas de caneta ou outros objetos para \u201cco\u00e7ar\u201d ou \u201climpar\u201d o interior do ouvido.<\/td>\n      <\/tr>\n    <\/tbody>\n  <\/table>\n\n  <p style=\"margin-top:14px; color:#6b7280; font-size:.9rem;\">\n    \ud83d\udca1 <strong>Dica:<\/strong> O ouvido possui mecanismos naturais de limpeza, ent\u00e3o menos interven\u00e7\u00e3o costuma ser mais seguro.\n  <\/p>\n<\/div>\n\n\n\n\n<h2 class=\"wp-block-heading\">Quais cuidados tomar em caso de desconforto auditivo?<\/h2>\n\n\n\n<p>Se houver dor, coceira persistente, secre\u00e7\u00e3o, zumbido ou sensa\u00e7\u00e3o de ouvido tampado, o ideal \u00e9 procurar avalia\u00e7\u00e3o profissional. Em situa\u00e7\u00f5es de ac\u00famulo excessivo de cera, uso de aparelhos auditivos, nata\u00e7\u00e3o frequente ou hist\u00f3rico de infec\u00e7\u00f5es, o otorrinolaringologista pode indicar a melhor forma de tratamento.<\/p>\n\n\n\n<p>A remo\u00e7\u00e3o de cera em excesso deve ser feita apenas por profissionais habilitados, com t\u00e9cnicas seguras e instrumentos adequados. Compreender a cera de ouvido como aliada natural do organismo ajuda a adotar h\u00e1bitos de higiene mais <a href=\"https:\/\/www.correiobraziliense.com.br\/cbradar\/o-avanco-tecnologico-que-esta-deixando-diagnosticos-mais-rapidos-e-precisos\/\" target=\"_blank\" rel=\"noreferrer noopener\">saud\u00e1veis<\/a>, preservando a audi\u00e7\u00e3o e o conforto auditivo ao longo da vida.<\/p>\n\n\n<a href=\"https:\/\/www.instagram.com\/dra.annaluisabf\/\" target=\"_blank\" rel=\"noopener\" style=\"text-decoration: none; color: inherit;\">\n    <span style=\"display: inline-block; border: 1px solid #ccc; border-radius: 10px; padding: 15px; max-width: 550px; font-family: sans-serif; box-shadow: 0 2px 5px rgba(0,0,0,0.1); width: 100%;\">\n\n      <!-- T\u00edtulo -->\n      <span style=\"display: block; margin: 0 0 15px 0; font-weight: bold; color: #2c3e50; text-align: center;\">\n        Entre em contato:\n      <\/span>\n\n      <!-- Linha do perfil -->\n      <span style=\"display: flex; align-items: center; gap: 15px;\">\n        <img decoding=\"async\"\n          src=\"https:\/\/www.correiobraziliense.com.br\/cbradar\/wp-content\/uploads\/2025\/08\/dra_anna_luisa.jpeg\"\n          alt=\"Foto da Dra. Anna Lu\u00edsa\"\n          style=\"border-radius: 50%; width: 80px; height: 80px; object-fit: cover;\"\n        \/>\n        <span style=\"display: flex; flex-direction: column;\">\n          <span style=\"font-size: 18px; font-weight: 700; color: #2c3e50;\">Dra. Anna Lu\u00edsa Barbosa Fernandes<\/span>\n          <span style=\"color: #555;\">CRM-GO 33.271<\/span>\n        <\/span>\n      <\/span>\n\n      <!-- Redes -->\n      <span style=\"display: flex; align-items: center; gap: 10px; margin-top: 12px;\">\n        <img decoding=\"async\" src=\"https:\/\/cdn-icons-png.flaticon.com\/24\/1384\/1384063.png\" alt=\"Instagram\" width=\"24\" height=\"24\" \/>\n        <span style=\"text-decoration: underline; color: #2c3e50;\">@dra.annaluisabf<\/span>\n      <\/span>\n\n    <\/span>\n  <\/a>","protected":false},"excerpt":{"rendered":"<p>A cera de ouvido, muitas vezes confundida com sujeira, \u00e9 essencial para a defesa e manuten\u00e7\u00e3o do canal auditivo. Produzida por gl\u00e2ndulas especializadas, ela atua como uma barreira tempor\u00e1ria, protegendo contra micro-organismos, part\u00edculas e excesso de umidade, enquanto \u00e9 continuamente renovada e expelida pelo pr\u00f3prio corpo. Como a cera de ouvido protege o canal auditivo? [&hellip;]<\/p>\n","protected":false},"author":14,"featured_media":47516,"comment_status":"open","ping_status":"open","sticky":false,"template":"","format":"standard","meta":{"_yoast_wpseo_focuskw":"cera de ouvido","_yoast_wpseo_title":"","_yoast_wpseo_metadesc":"A cera de ouvido pode ser essencial para prote\u00e7\u00e3o natural e um h\u00e1bito comum pode estar causando mais danos do que voc\u00ea imagina","jnews-multi-image_gallery":[],"jnews_single_post":{"format":"standard"},"jnews_primary_category":[],"jnews_social_meta":[],"jnews_override_counter":[],"footnotes":""},"categories":[4404],"post_tag":[],"class_list":["post-232912","post","type-post","status-publish","format-standard","has-post-thumbnail","hentry","category-saude"],"yoast_head":"<!-- This site is optimized with the Yoast SEO plugin v24.6 - https:\/\/yoast.com\/wordpress\/plugins\/seo\/ -->\n<title>Voc\u00ea est\u00e1 limpando o ouvido errado e isso pode prejudicar sua audi\u00e7\u00e3o - Correio Braziliense - Radar<\/title>\n<meta name=\"description\" content=\"A cera de ouvido pode ser essencial para prote\u00e7\u00e3o natural e um h\u00e1bito comum pode estar causando mais danos do que voc\u00ea imagina\" \/>\n<meta name=\"robots\" content=\"index, follow, max-snippet:-1, max-image-preview:large, max-video-preview:-1\" \/>\n<link rel=\"canonical\" href=\"https:\/\/www.correiobraziliense.com.br\/cbradar\/voce-esta-limpando-o-ouvido-errado-e-isso-pode-prejudicar-sua-audicao\/\" \/>\n<meta property=\"og:locale\" content=\"pt_BR\" \/>\n<meta property=\"og:type\" content=\"article\" \/>\n<meta property=\"og:title\" content=\"Voc\u00ea est\u00e1 limpando o ouvido errado e isso pode prejudicar sua audi\u00e7\u00e3o - Correio Braziliense - Radar\" \/>\n<meta property=\"og:description\" content=\"A cera de ouvido pode ser essencial para prote\u00e7\u00e3o natural e um h\u00e1bito comum pode estar causando mais danos do que voc\u00ea imagina\" \/>\n<meta property=\"og:url\" content=\"https:\/\/www.correiobraziliense.com.br\/cbradar\/voce-esta-limpando-o-ouvido-errado-e-isso-pode-prejudicar-sua-audicao\/\" \/>\n<meta property=\"og:site_name\" content=\"Correio Braziliense - Radar\" \/>\n<meta property=\"article:published_time\" content=\"2026-04-27T16:15:00+00:00\" \/>\n<meta property=\"og:image\" content=\"https:\/\/www.correiobraziliense.com.br\/cbradar\/wp-content\/uploads\/2025\/06\/cera-de-ouvido_1748966236471.jpg\" \/>\n\t<meta property=\"og:image:width\" content=\"1280\" \/>\n\t<meta property=\"og:image:height\" content=\"720\" \/>\n\t<meta property=\"og:image:type\" content=\"image\/jpeg\" \/>\n<meta name=\"author\" content=\"guilherme_saude\" \/>\n<meta name=\"twitter:card\" content=\"summary_large_image\" \/>\n<meta name=\"twitter:label1\" content=\"Escrito por\" \/>\n\t<meta name=\"twitter:data1\" content=\"guilherme_saude\" \/>\n\t<meta name=\"twitter:label2\" content=\"Est. tempo de leitura\" \/>\n\t<meta name=\"twitter:data2\" content=\"5 minutos\" \/>\n<!-- \/ Yoast SEO plugin. -->","yoast_head_json":{"title":"Voc\u00ea est\u00e1 limpando o ouvido errado e isso pode prejudicar sua audi\u00e7\u00e3o - Correio Braziliense - Radar","description":"A cera de ouvido pode ser essencial para prote\u00e7\u00e3o natural e um h\u00e1bito comum pode estar causando mais danos do que voc\u00ea imagina","robots":{"index":"index","follow":"follow","max-snippet":"max-snippet:-1","max-image-preview":"max-image-preview:large","max-video-preview":"max-video-preview:-1"},"canonical":"https:\/\/www.correiobraziliense.com.br\/cbradar\/voce-esta-limpando-o-ouvido-errado-e-isso-pode-prejudicar-sua-audicao\/","og_locale":"pt_BR","og_type":"article","og_title":"Voc\u00ea est\u00e1 limpando o ouvido errado e isso pode prejudicar sua audi\u00e7\u00e3o - Correio Braziliense - Radar","og_description":"A cera de ouvido pode ser essencial para prote\u00e7\u00e3o natural e um h\u00e1bito comum pode estar causando mais danos do que voc\u00ea imagina","og_url":"https:\/\/www.correiobraziliense.com.br\/cbradar\/voce-esta-limpando-o-ouvido-errado-e-isso-pode-prejudicar-sua-audicao\/","og_site_name":"Correio Braziliense - Radar","article_published_time":"2026-04-27T16:15:00+00:00","og_image":[{"width":1280,"height":720,"url":"https:\/\/www.correiobraziliense.com.br\/cbradar\/wp-content\/uploads\/2025\/06\/cera-de-ouvido_1748966236471.jpg","type":"image\/jpeg"}],"author":"guilherme_saude","twitter_card":"summary_large_image","twitter_misc":{"Escrito por":"guilherme_saude","Est. tempo de leitura":"5 minutos"},"schema":{"@context":"https:\/\/schema.org","@graph":[{"@type":"WebPage","@id":"https:\/\/www.correiobraziliense.com.br\/cbradar\/voce-esta-limpando-o-ouvido-errado-e-isso-pode-prejudicar-sua-audicao\/","url":"https:\/\/www.correiobraziliense.com.br\/cbradar\/voce-esta-limpando-o-ouvido-errado-e-isso-pode-prejudicar-sua-audicao\/","name":"Voc\u00ea est\u00e1 limpando o ouvido errado e isso pode prejudicar sua audi\u00e7\u00e3o - Correio Braziliense - Radar","isPartOf":{"@id":"https:\/\/www.correiobraziliense.com.br\/cbradar\/#website"},"primaryImageOfPage":{"@id":"https:\/\/www.correiobraziliense.com.br\/cbradar\/voce-esta-limpando-o-ouvido-errado-e-isso-pode-prejudicar-sua-audicao\/#primaryimage"},"image":{"@id":"https:\/\/www.correiobraziliense.com.br\/cbradar\/voce-esta-limpando-o-ouvido-errado-e-isso-pode-prejudicar-sua-audicao\/#primaryimage"},"thumbnailUrl":"https:\/\/www.correiobraziliense.com.br\/cbradar\/wp-content\/uploads\/2025\/06\/cera-de-ouvido_1748966236471.jpg","datePublished":"2026-04-27T16:15:00+00:00","author":{"@id":"https:\/\/www.correiobraziliense.com.br\/cbradar\/#\/schema\/person\/5aa4bf3c8fa699c267933611de12978b"},"description":"A cera de ouvido pode ser essencial para prote\u00e7\u00e3o natural e um h\u00e1bito comum pode estar causando mais danos do que voc\u00ea imagina","breadcrumb":{"@id":"https:\/\/www.correiobraziliense.com.br\/cbradar\/voce-esta-limpando-o-ouvido-errado-e-isso-pode-prejudicar-sua-audicao\/#breadcrumb"},"inLanguage":"pt-BR","potentialAction":[{"@type":"ReadAction","target":["https:\/\/www.correiobraziliense.com.br\/cbradar\/voce-esta-limpando-o-ouvido-errado-e-isso-pode-prejudicar-sua-audicao\/"]}]},{"@type":"ImageObject","inLanguage":"pt-BR","@id":"https:\/\/www.correiobraziliense.com.br\/cbradar\/voce-esta-limpando-o-ouvido-errado-e-isso-pode-prejudicar-sua-audicao\/#primaryimage","url":"https:\/\/www.correiobraziliense.com.br\/cbradar\/wp-content\/uploads\/2025\/06\/cera-de-ouvido_1748966236471.jpg","contentUrl":"https:\/\/www.correiobraziliense.com.br\/cbradar\/wp-content\/uploads\/2025\/06\/cera-de-ouvido_1748966236471.jpg","width":1280,"height":720,"caption":"Cera de ouvido -Cr\u00e9ditos: depositphotos.com \/ Sakurra"},{"@type":"BreadcrumbList","@id":"https:\/\/www.correiobraziliense.com.br\/cbradar\/voce-esta-limpando-o-ouvido-errado-e-isso-pode-prejudicar-sua-audicao\/#breadcrumb","itemListElement":[{"@type":"ListItem","position":1,"name":"In\u00edcio","item":"https:\/\/www.correiobraziliense.com.br\/cbradar\/"},{"@type":"ListItem","position":2,"name":"Voc\u00ea est\u00e1 limpando o ouvido errado e isso pode prejudicar sua audi\u00e7\u00e3o"}]},{"@type":"WebSite","@id":"https:\/\/www.correiobraziliense.com.br\/cbradar\/#website","url":"https:\/\/www.correiobraziliense.com.br\/cbradar\/","name":"Correio Braziliense - Radar","description":"Acompanhe as \u00faltimas not\u00edcias e fique bem informado sobre tudo o que acontece no Brasil e no mundo.","potentialAction":[{"@type":"SearchAction","target":{"@type":"EntryPoint","urlTemplate":"https:\/\/www.correiobraziliense.com.br\/cbradar\/?s={search_term_string}"},"query-input":{"@type":"PropertyValueSpecification","valueRequired":true,"valueName":"search_term_string"}}],"inLanguage":"pt-BR"},{"@type":"Person","@id":"https:\/\/www.correiobraziliense.com.br\/cbradar\/#\/schema\/person\/5aa4bf3c8fa699c267933611de12978b","name":"guilherme_saude","image":{"@type":"ImageObject","inLanguage":"pt-BR","@id":"https:\/\/www.correiobraziliense.com.br\/cbradar\/#\/schema\/person\/image\/","url":"https:\/\/secure.gravatar.com\/avatar\/df9adfb835d344bc0af109d41756253f?s=96&d=mm&r=g","contentUrl":"https:\/\/secure.gravatar.com\/avatar\/df9adfb835d344bc0af109d41756253f?s=96&d=mm&r=g","caption":"guilherme_saude"},"url":"https:\/\/www.correiobraziliense.com.br\/cbradar\/author\/guilherme_saude\/"}]}},"_links":{"self":[{"href":"https:\/\/www.correiobraziliense.com.br\/cbradar\/wp-json\/wp\/v2\/posts\/232912","targetHints":{"allow":["GET"]}}],"collection":[{"href":"https:\/\/www.correiobraziliense.com.br\/cbradar\/wp-json\/wp\/v2\/posts"}],"about":[{"href":"https:\/\/www.correiobraziliense.com.br\/cbradar\/wp-json\/wp\/v2\/types\/post"}],"author":[{"embeddable":true,"href":"https:\/\/www.correiobraziliense.com.br\/cbradar\/wp-json\/wp\/v2\/users\/14"}],"replies":[{"embeddable":true,"href":"https:\/\/www.correiobraziliense.com.br\/cbradar\/wp-json\/wp\/v2\/comments?post=232912"}],"version-history":[{"count":1,"href":"https:\/\/www.correiobraziliense.com.br\/cbradar\/wp-json\/wp\/v2\/posts\/232912\/revisions"}],"predecessor-version":[{"id":232913,"href":"https:\/\/www.correiobraziliense.com.br\/cbradar\/wp-json\/wp\/v2\/posts\/232912\/revisions\/232913"}],"wp:featuredmedia":[{"embeddable":true,"href":"https:\/\/www.correiobraziliense.com.br\/cbradar\/wp-json\/wp\/v2\/media\/47516"}],"wp:attachment":[{"href":"https:\/\/www.correiobraziliense.com.br\/cbradar\/wp-json\/wp\/v2\/media?parent=232912"}],"wp:term":[{"taxonomy":"category","embeddable":true,"href":"https:\/\/www.correiobraziliense.com.br\/cbradar\/wp-json\/wp\/v2\/categories?post=232912"},{"taxonomy":"post_tag","embeddable":true,"href":"https:\/\/www.correiobraziliense.com.br\/cbradar\/wp-json\/wp\/v2\/post_tag?post=232912"}],"curies":[{"name":"wp","href":"https:\/\/api.w.org\/{rel}","templated":true}]}}