{"id":232915,"date":"2026-04-27T15:55:00","date_gmt":"2026-04-27T18:55:00","guid":{"rendered":"https:\/\/www.correiobraziliense.com.br\/cbradar\/?p=232915"},"modified":"2026-04-27T09:09:21","modified_gmt":"2026-04-27T12:09:21","slug":"o-zumbido-no-ouvido-pode-indicar-algo-serio-e-quase-ninguem-presta-atencao","status":"publish","type":"post","link":"https:\/\/www.correiobraziliense.com.br\/cbradar\/o-zumbido-no-ouvido-pode-indicar-algo-serio-e-quase-ninguem-presta-atencao\/","title":{"rendered":"O zumbido no ouvido pode indicar algo s\u00e9rio e quase ningu\u00e9m presta aten\u00e7\u00e3o"},"content":{"rendered":"\n<p>No mundo contempor\u00e2neo, o zumbido no ouvido, clinicamente conhecido como&nbsp;<em>tinnitus<\/em>, representa uma queixa comum que afeta uma parte significativa da popula\u00e7\u00e3o. Este fen\u00f4meno envolve a percep\u00e7\u00e3o de sons, como apitos ou chiados, que n\u00e3o t\u00eam uma fonte externa e pode ser influenciado por fatores como exposi\u00e7\u00e3o a ru\u00eddos intensos, estresse e algumas condi\u00e7\u00f5es de sa\u00fade.<\/p>\n\n\n\n<h2 class=\"wp-block-heading\">Como os sons intensos afetam o ouvido interno?<\/h2>\n\n\n\n<p>O pilar central na compreens\u00e3o do\u00a0<strong>zumbido no ouvido<\/strong>\u00a0est\u00e1 na c\u00f3clea. Esta estrutura abriga c\u00e9lulas ciliadas, que convertem vibra\u00e7\u00f5es sonoras em sinais el\u00e9tricos para o c\u00e9rebro e s\u00e3o extremamente sens\u00edveis a agress\u00f5es sonoras.<\/p>\n\n\n\n<p>Quando submetidas a volumes muito altos, essas c\u00e9lulas sofrem les\u00f5es. Uma t\u00edpica analogia compara essas c\u00e9lulas a &#8220;gramas&#8221; que, quando esmagadas, podem n\u00e3o se recuperar completamente, levando \u00e0 perda auditiva e ao&nbsp;<em>zumbido<\/em>&nbsp;ap\u00f3s exposi\u00e7\u00f5es repetidas.<\/p>\n\n\n\n<h2 class=\"wp-block-heading\">Por que o c\u00e9rebro amplifica ru\u00eddos inexistentes?<\/h2>\n\n\n\n<p>A g\u00eanese do&nbsp;<strong>som fantasma<\/strong>&nbsp;est\u00e1 ligada ao c\u00e9rebro tentando compensar a falta de est\u00edmulos sonoros. Quando ocorre dano nas c\u00e9lulas ciliadas, o c\u00e9rebro busca preencher as lacunas criadas no mapa auditivo, reorganizando conex\u00f5es neuronais.<\/p>\n\n\n\n<p>Esse ajuste pode resultar em disparos neurais desorganizados, interpretados como ru\u00eddos apesar de n\u00e3o haver som externo correspondente. Em muitos casos, o zumbido persiste mesmo ap\u00f3s o fim da exposi\u00e7\u00e3o ao ru\u00eddo, revelando uma altera\u00e7\u00e3o funcional nas vias auditivas centrais.<\/p>\n\n\n<div class=\"wp-block-image\">\n<figure class=\"aligncenter size-full\"><img decoding=\"async\" width=\"1280\" height=\"720\" src=\"https:\/\/www.correiobraziliense.com.br\/cbradar\/wp-content\/uploads\/2026\/04\/ruido-no-ouvido_1777291725400.jpg\" alt=\"\" class=\"wp-image-232917\" srcset=\"https:\/\/www.correiobraziliense.com.br\/cbradar\/wp-content\/uploads\/2026\/04\/ruido-no-ouvido_1777291725400.jpg 1280w, https:\/\/www.correiobraziliense.com.br\/cbradar\/wp-content\/uploads\/2026\/04\/ruido-no-ouvido_1777291725400-300x169.jpg 300w, https:\/\/www.correiobraziliense.com.br\/cbradar\/wp-content\/uploads\/2026\/04\/ruido-no-ouvido_1777291725400-768x432.jpg 768w, https:\/\/www.correiobraziliense.com.br\/cbradar\/wp-content\/uploads\/2026\/04\/ruido-no-ouvido_1777291725400-750x422.jpg 750w, https:\/\/www.correiobraziliense.com.br\/cbradar\/wp-content\/uploads\/2026\/04\/ruido-no-ouvido_1777291725400-1140x641.jpg 1140w\" sizes=\"(max-width: 1280px) 100vw, 1280px\" \/><figcaption class=\"wp-element-caption\">O som fantasma no ouvido que pode estar ligado ao estresse e desgaste auditivo &#8211; Cr\u00e9ditos: depositphotos.com \/ dariakulkova.gmail.com<\/figcaption><\/figure><\/div>\n\n\n<h2 class=\"wp-block-heading\">Quais fatores podem agravar o zumbido?<\/h2>\n\n\n\n<p>V\u00e1rios elementos podem intensificar o zumbido no ouvido ao longo do tempo. O estresse cr\u00f4nico \u00e9 um dos principais fatores, pois altera subst\u00e2ncias qu\u00edmicas no c\u00e9rebro que afetam as \u00e1reas auditivas, amplificando a percep\u00e7\u00e3o do zumbido.<\/p>\n\n\n\n<p>Entre os fatores mais associados ao agravamento do sintoma, destacam-se:<\/p>\n\n\n\n<style>\n  .make-wrap{\n    max-width: 760px;\n    margin: 26px auto;\n    padding: 18px;\n    border-radius: 18px;\n    background: linear-gradient(135deg,#fff7fb 0%,#f6f2ff 100%);\n    border: 1px solid #f7d4ea;\n    box-shadow: 0 8px 20px rgba(236,72,153,.12);\n    font-family: system-ui, -apple-system, Segoe UI, Roboto, Helvetica, Arial, sans-serif;\n  }\n\n  .make-title{\n    display:flex; \n    align-items:center; \n    gap:10px;\n    margin:0 0 12px 4px;\n    font-size:1.2rem; \n    font-weight:900; \n    color:#9d174d;\n  }\n\n  .make-table{\n    width:100%;\n    border-collapse:separate;\n    border-spacing:0;\n    overflow:hidden;\n    border-radius:16px;\n    border:1px solid #f7d4ea;\n    background:#fff;\n    font-size:.92rem;\n  }\n\n  .make-table thead th{\n    background:linear-gradient(90deg,#fde7f3 0%,#f8e9ff 100%);\n    padding:12px;\n    color:#7a1e63;\n    font-weight:800;\n    text-align:left;\n    border-bottom:1px solid #f7d4ea;\n  }\n\n  .make-table tbody td{\n    padding:12px;\n    color:#374151;\n    vertical-align:top;\n    border-bottom:1px dashed #f7d4ea;\n  }\n\n  .make-table tbody tr:nth-child(odd){\n    background:#fffaff;\n  }\n\n  .price{\n    display:inline-flex;\n    align-items:center;\n    background:#fff7ed;\n    color:#b45309;\n    padding:6px 10px;\n    border-radius:10px;\n    border:1px solid #fed7aa;\n    font-weight:700;\n    white-space:nowrap;\n  }\n\n  .badge{\n    display:inline-block;\n    background:#fde7f3;\n    color:#c026d3;\n    border:1px solid #fecdd3;\n    padding:4px 10px;\n    border-radius:999px;\n    font-weight:700;\n    font-size:.78rem;\n  }\n\n  @media (max-width:720px){\n    .make-table thead{display:none}\n    .make-table, .make-table tbody, .make-table tr, .make-table td{\n      display:block; \n      width:100%;\n    }\n    .make-table tr{\n      margin-bottom:12px;\n      border:1px solid #f7d4ea;\n      border-radius:14px;\n      overflow:hidden;\n      background:#fff;\n    }\n    .make-table td[data-label]:before{\n      content:attr(data-label);\n      display:block;\n      font-weight:800;\n      color:#7a1e63;\n      margin-bottom:4px;\n    }\n    .make-table tbody td:last-child{border-bottom:none}\n  }\n<\/style>\n\n<div class=\"make-wrap\">\n  <h3 class=\"make-title\">\u26a0\ufe0f\ud83d\udc42 Poss\u00edveis Causas de Altera\u00e7\u00f5es Auditivas<\/h3>\n\n  <table class=\"make-table\">\n    <thead>\n      <tr>\n        <th>Fator<\/th>\n      <\/tr>\n    <\/thead>\n    <tbody>\n      <tr>\n        <td data-label=\"Fator\">Altera\u00e7\u00f5es na articula\u00e7\u00e3o temporomandibular (ATM), principalmente ao mastigar ou bocejar;<\/td>\n      <\/tr>\n      <tr>\n        <td data-label=\"Fator\">Hipertens\u00e3o e doen\u00e7as cardiovasculares mal controladas;<\/td>\n      <\/tr>\n      <tr>\n        <td data-label=\"Fator\">Algumas infec\u00e7\u00f5es de ouvido ou sist\u00eamicas;<\/td>\n      <\/tr>\n      <tr>\n        <td data-label=\"Fator\">Uso de medicamentos otot\u00f3xicos, como certos antibi\u00f3ticos e diur\u00e9ticos.<\/td>\n      <\/tr>\n    <\/tbody>\n  <\/table>\n\n  <p style=\"margin-top:14px; color:#6b7280; font-size:.9rem;\">\n    \ud83d\udca1 <strong>Dica:<\/strong> Ao notar sintomas persistentes, procure avalia\u00e7\u00e3o profissional para identificar a causa correta.\n  <\/p>\n<\/div>\n\n\n\n\n<h2 class=\"wp-block-heading\">Como prevenir o zumbido e quando procurar ajuda m\u00e9dica?<\/h2>\n\n\n\n<p>Pr\u00e1ticas adequadas de&nbsp;<strong>higiene auditiva<\/strong>&nbsp;s\u00e3o fundamentais para prevenir o zumbido. Proteger os ouvidos em ambientes ruidosos, controlar o volume dos fones de ouvido e fazer pausas em ambientes barulhentos s\u00e3o medidas preventivas importantes.<\/p>\n\n\n\n<p>Quando o zumbido surge de forma s\u00fabita, sem raz\u00e3o aparente, ou interfere nas atividades di\u00e1rias e no sono, \u00e9 crucial buscar avalia\u00e7\u00e3o profissional. A consulta pode envolver otorrinolaringologista, fonoaudi\u00f3logo e, em alguns casos, neurologista ou dentista, para uma abordagem abrangente e personalizada.<\/p>\n\n\n\n<p>Em resumo, o zumbido no ouvido \u00e9 um desafio auditivo complexo. Sua natureza multifatorial exige aten\u00e7\u00e3o cont\u00ednua e cuidados preventivos para mitigar seus efeitos sobre a qualidade de vida. Adotar h\u00e1bitos <a href=\"https:\/\/www.correiobraziliense.com.br\/cbradar\/o-avanco-tecnologico-que-esta-deixando-diagnosticos-mais-rapidos-e-precisos\/\" target=\"_blank\" rel=\"noreferrer noopener\">saud\u00e1veis <\/a>e reconhecer os sinais de alerta s\u00e3o passos essenciais na gest\u00e3o eficaz dessa condi\u00e7\u00e3o.<\/p>\n\n\n<a href=\"https:\/\/www.instagram.com\/dra.annaluisabf\/\" target=\"_blank\" rel=\"noopener\" style=\"text-decoration: none; color: inherit;\">\n    <span style=\"display: inline-block; border: 1px solid #ccc; border-radius: 10px; padding: 15px; max-width: 550px; font-family: sans-serif; box-shadow: 0 2px 5px rgba(0,0,0,0.1); width: 100%;\">\n\n      <!-- T\u00edtulo -->\n      <span style=\"display: block; margin: 0 0 15px 0; font-weight: bold; color: #2c3e50; text-align: center;\">\n        Entre em contato:\n      <\/span>\n\n      <!-- Linha do perfil -->\n      <span style=\"display: flex; align-items: center; gap: 15px;\">\n        <img decoding=\"async\"\n          src=\"https:\/\/www.correiobraziliense.com.br\/cbradar\/wp-content\/uploads\/2025\/08\/dra_anna_luisa.jpeg\"\n          alt=\"Foto da Dra. Anna Lu\u00edsa\"\n          style=\"border-radius: 50%; width: 80px; height: 80px; object-fit: cover;\"\n        \/>\n        <span style=\"display: flex; flex-direction: column;\">\n          <span style=\"font-size: 18px; font-weight: 700; color: #2c3e50;\">Dra. Anna Lu\u00edsa Barbosa Fernandes<\/span>\n          <span style=\"color: #555;\">CRM-GO 33.271<\/span>\n        <\/span>\n      <\/span>\n\n      <!-- Redes -->\n      <span style=\"display: flex; align-items: center; gap: 10px; margin-top: 12px;\">\n        <img decoding=\"async\" src=\"https:\/\/cdn-icons-png.flaticon.com\/24\/1384\/1384063.png\" alt=\"Instagram\" width=\"24\" height=\"24\" \/>\n        <span style=\"text-decoration: underline; color: #2c3e50;\">@dra.annaluisabf<\/span>\n      <\/span>\n\n    <\/span>\n  <\/a>","protected":false},"excerpt":{"rendered":"<p>No mundo contempor\u00e2neo, o zumbido no ouvido, clinicamente conhecido como&nbsp;tinnitus, representa uma queixa comum que afeta uma parte significativa da popula\u00e7\u00e3o. Este fen\u00f4meno envolve a percep\u00e7\u00e3o de sons, como apitos ou chiados, que n\u00e3o t\u00eam uma fonte externa e pode ser influenciado por fatores como exposi\u00e7\u00e3o a ru\u00eddos intensos, estresse e algumas condi\u00e7\u00f5es de sa\u00fade. [&hellip;]<\/p>\n","protected":false},"author":14,"featured_media":232916,"comment_status":"open","ping_status":"open","sticky":false,"template":"","format":"standard","meta":{"_yoast_wpseo_focuskw":"zumbido","_yoast_wpseo_title":"","_yoast_wpseo_metadesc":"Entenda o zumbido no ouvido e descubra o que pode causar esse som inc\u00f4modo mesmo no sil\u00eancio","jnews-multi-image_gallery":[],"jnews_single_post":{"format":"standard"},"jnews_primary_category":[],"jnews_social_meta":[],"jnews_override_counter":[],"footnotes":""},"categories":[4404],"post_tag":[],"class_list":["post-232915","post","type-post","status-publish","format-standard","has-post-thumbnail","hentry","category-saude"],"yoast_head":"<!-- This site is optimized with the Yoast SEO plugin v24.6 - https:\/\/yoast.com\/wordpress\/plugins\/seo\/ -->\n<title>O zumbido no ouvido pode indicar algo s\u00e9rio e quase ningu\u00e9m presta aten\u00e7\u00e3o - Correio Braziliense - Radar<\/title>\n<meta name=\"description\" content=\"Entenda o zumbido no ouvido e descubra o que pode causar esse som inc\u00f4modo mesmo no sil\u00eancio\" \/>\n<meta name=\"robots\" content=\"index, follow, max-snippet:-1, max-image-preview:large, max-video-preview:-1\" \/>\n<link rel=\"canonical\" href=\"https:\/\/www.correiobraziliense.com.br\/cbradar\/o-zumbido-no-ouvido-pode-indicar-algo-serio-e-quase-ninguem-presta-atencao\/\" \/>\n<meta property=\"og:locale\" content=\"pt_BR\" \/>\n<meta property=\"og:type\" content=\"article\" \/>\n<meta property=\"og:title\" content=\"O zumbido no ouvido pode indicar algo s\u00e9rio e quase ningu\u00e9m presta aten\u00e7\u00e3o - Correio Braziliense - Radar\" \/>\n<meta property=\"og:description\" content=\"Entenda o zumbido no ouvido e descubra o que pode causar esse som inc\u00f4modo mesmo no sil\u00eancio\" \/>\n<meta property=\"og:url\" content=\"https:\/\/www.correiobraziliense.com.br\/cbradar\/o-zumbido-no-ouvido-pode-indicar-algo-serio-e-quase-ninguem-presta-atencao\/\" \/>\n<meta property=\"og:site_name\" content=\"Correio Braziliense - Radar\" \/>\n<meta property=\"article:published_time\" content=\"2026-04-27T18:55:00+00:00\" \/>\n<meta property=\"og:image\" content=\"https:\/\/www.correiobraziliense.com.br\/cbradar\/wp-content\/uploads\/2026\/04\/ruido-no-ouvido_1777291670027.jpg\" \/>\n\t<meta property=\"og:image:width\" content=\"1280\" \/>\n\t<meta property=\"og:image:height\" content=\"720\" \/>\n\t<meta property=\"og:image:type\" content=\"image\/jpeg\" \/>\n<meta name=\"author\" content=\"guilherme_saude\" \/>\n<meta name=\"twitter:card\" content=\"summary_large_image\" \/>\n<meta name=\"twitter:label1\" content=\"Escrito por\" \/>\n\t<meta name=\"twitter:data1\" content=\"guilherme_saude\" \/>\n\t<meta name=\"twitter:label2\" content=\"Est. tempo de leitura\" \/>\n\t<meta name=\"twitter:data2\" content=\"4 minutos\" \/>\n<!-- \/ Yoast SEO plugin. -->","yoast_head_json":{"title":"O zumbido no ouvido pode indicar algo s\u00e9rio e quase ningu\u00e9m presta aten\u00e7\u00e3o - Correio Braziliense - Radar","description":"Entenda o zumbido no ouvido e descubra o que pode causar esse som inc\u00f4modo mesmo no sil\u00eancio","robots":{"index":"index","follow":"follow","max-snippet":"max-snippet:-1","max-image-preview":"max-image-preview:large","max-video-preview":"max-video-preview:-1"},"canonical":"https:\/\/www.correiobraziliense.com.br\/cbradar\/o-zumbido-no-ouvido-pode-indicar-algo-serio-e-quase-ninguem-presta-atencao\/","og_locale":"pt_BR","og_type":"article","og_title":"O zumbido no ouvido pode indicar algo s\u00e9rio e quase ningu\u00e9m presta aten\u00e7\u00e3o - Correio Braziliense - Radar","og_description":"Entenda o zumbido no ouvido e descubra o que pode causar esse som inc\u00f4modo mesmo no sil\u00eancio","og_url":"https:\/\/www.correiobraziliense.com.br\/cbradar\/o-zumbido-no-ouvido-pode-indicar-algo-serio-e-quase-ninguem-presta-atencao\/","og_site_name":"Correio Braziliense - Radar","article_published_time":"2026-04-27T18:55:00+00:00","og_image":[{"width":1280,"height":720,"url":"https:\/\/www.correiobraziliense.com.br\/cbradar\/wp-content\/uploads\/2026\/04\/ruido-no-ouvido_1777291670027.jpg","type":"image\/jpeg"}],"author":"guilherme_saude","twitter_card":"summary_large_image","twitter_misc":{"Escrito por":"guilherme_saude","Est. tempo de leitura":"4 minutos"},"schema":{"@context":"https:\/\/schema.org","@graph":[{"@type":"WebPage","@id":"https:\/\/www.correiobraziliense.com.br\/cbradar\/o-zumbido-no-ouvido-pode-indicar-algo-serio-e-quase-ninguem-presta-atencao\/","url":"https:\/\/www.correiobraziliense.com.br\/cbradar\/o-zumbido-no-ouvido-pode-indicar-algo-serio-e-quase-ninguem-presta-atencao\/","name":"O zumbido no ouvido pode indicar algo s\u00e9rio e quase ningu\u00e9m presta aten\u00e7\u00e3o - Correio Braziliense - Radar","isPartOf":{"@id":"https:\/\/www.correiobraziliense.com.br\/cbradar\/#website"},"primaryImageOfPage":{"@id":"https:\/\/www.correiobraziliense.com.br\/cbradar\/o-zumbido-no-ouvido-pode-indicar-algo-serio-e-quase-ninguem-presta-atencao\/#primaryimage"},"image":{"@id":"https:\/\/www.correiobraziliense.com.br\/cbradar\/o-zumbido-no-ouvido-pode-indicar-algo-serio-e-quase-ninguem-presta-atencao\/#primaryimage"},"thumbnailUrl":"https:\/\/www.correiobraziliense.com.br\/cbradar\/wp-content\/uploads\/2026\/04\/ruido-no-ouvido_1777291670027.jpg","datePublished":"2026-04-27T18:55:00+00:00","author":{"@id":"https:\/\/www.correiobraziliense.com.br\/cbradar\/#\/schema\/person\/5aa4bf3c8fa699c267933611de12978b"},"description":"Entenda o zumbido no ouvido e descubra o que pode causar esse som inc\u00f4modo mesmo no sil\u00eancio","breadcrumb":{"@id":"https:\/\/www.correiobraziliense.com.br\/cbradar\/o-zumbido-no-ouvido-pode-indicar-algo-serio-e-quase-ninguem-presta-atencao\/#breadcrumb"},"inLanguage":"pt-BR","potentialAction":[{"@type":"ReadAction","target":["https:\/\/www.correiobraziliense.com.br\/cbradar\/o-zumbido-no-ouvido-pode-indicar-algo-serio-e-quase-ninguem-presta-atencao\/"]}]},{"@type":"ImageObject","inLanguage":"pt-BR","@id":"https:\/\/www.correiobraziliense.com.br\/cbradar\/o-zumbido-no-ouvido-pode-indicar-algo-serio-e-quase-ninguem-presta-atencao\/#primaryimage","url":"https:\/\/www.correiobraziliense.com.br\/cbradar\/wp-content\/uploads\/2026\/04\/ruido-no-ouvido_1777291670027.jpg","contentUrl":"https:\/\/www.correiobraziliense.com.br\/cbradar\/wp-content\/uploads\/2026\/04\/ruido-no-ouvido_1777291670027.jpg","width":1280,"height":720,"caption":"O som fantasma no ouvido que pode estar ligado ao estresse e desgaste auditivo - Cr\u00e9ditos: depositphotos.com \/ dariakulkova.gmail.com"},{"@type":"BreadcrumbList","@id":"https:\/\/www.correiobraziliense.com.br\/cbradar\/o-zumbido-no-ouvido-pode-indicar-algo-serio-e-quase-ninguem-presta-atencao\/#breadcrumb","itemListElement":[{"@type":"ListItem","position":1,"name":"In\u00edcio","item":"https:\/\/www.correiobraziliense.com.br\/cbradar\/"},{"@type":"ListItem","position":2,"name":"O zumbido no ouvido pode indicar algo s\u00e9rio e quase ningu\u00e9m presta aten\u00e7\u00e3o"}]},{"@type":"WebSite","@id":"https:\/\/www.correiobraziliense.com.br\/cbradar\/#website","url":"https:\/\/www.correiobraziliense.com.br\/cbradar\/","name":"Correio Braziliense - Radar","description":"Acompanhe as \u00faltimas not\u00edcias e fique bem informado sobre tudo o que acontece no Brasil e no mundo.","potentialAction":[{"@type":"SearchAction","target":{"@type":"EntryPoint","urlTemplate":"https:\/\/www.correiobraziliense.com.br\/cbradar\/?s={search_term_string}"},"query-input":{"@type":"PropertyValueSpecification","valueRequired":true,"valueName":"search_term_string"}}],"inLanguage":"pt-BR"},{"@type":"Person","@id":"https:\/\/www.correiobraziliense.com.br\/cbradar\/#\/schema\/person\/5aa4bf3c8fa699c267933611de12978b","name":"guilherme_saude","image":{"@type":"ImageObject","inLanguage":"pt-BR","@id":"https:\/\/www.correiobraziliense.com.br\/cbradar\/#\/schema\/person\/image\/","url":"https:\/\/secure.gravatar.com\/avatar\/df9adfb835d344bc0af109d41756253f?s=96&d=mm&r=g","contentUrl":"https:\/\/secure.gravatar.com\/avatar\/df9adfb835d344bc0af109d41756253f?s=96&d=mm&r=g","caption":"guilherme_saude"},"url":"https:\/\/www.correiobraziliense.com.br\/cbradar\/author\/guilherme_saude\/"}]}},"_links":{"self":[{"href":"https:\/\/www.correiobraziliense.com.br\/cbradar\/wp-json\/wp\/v2\/posts\/232915","targetHints":{"allow":["GET"]}}],"collection":[{"href":"https:\/\/www.correiobraziliense.com.br\/cbradar\/wp-json\/wp\/v2\/posts"}],"about":[{"href":"https:\/\/www.correiobraziliense.com.br\/cbradar\/wp-json\/wp\/v2\/types\/post"}],"author":[{"embeddable":true,"href":"https:\/\/www.correiobraziliense.com.br\/cbradar\/wp-json\/wp\/v2\/users\/14"}],"replies":[{"embeddable":true,"href":"https:\/\/www.correiobraziliense.com.br\/cbradar\/wp-json\/wp\/v2\/comments?post=232915"}],"version-history":[{"count":1,"href":"https:\/\/www.correiobraziliense.com.br\/cbradar\/wp-json\/wp\/v2\/posts\/232915\/revisions"}],"predecessor-version":[{"id":232918,"href":"https:\/\/www.correiobraziliense.com.br\/cbradar\/wp-json\/wp\/v2\/posts\/232915\/revisions\/232918"}],"wp:featuredmedia":[{"embeddable":true,"href":"https:\/\/www.correiobraziliense.com.br\/cbradar\/wp-json\/wp\/v2\/media\/232916"}],"wp:attachment":[{"href":"https:\/\/www.correiobraziliense.com.br\/cbradar\/wp-json\/wp\/v2\/media?parent=232915"}],"wp:term":[{"taxonomy":"category","embeddable":true,"href":"https:\/\/www.correiobraziliense.com.br\/cbradar\/wp-json\/wp\/v2\/categories?post=232915"},{"taxonomy":"post_tag","embeddable":true,"href":"https:\/\/www.correiobraziliense.com.br\/cbradar\/wp-json\/wp\/v2\/post_tag?post=232915"}],"curies":[{"name":"wp","href":"https:\/\/api.w.org\/{rel}","templated":true}]}}