{"id":232920,"date":"2026-04-27T17:15:00","date_gmt":"2026-04-27T20:15:00","guid":{"rendered":"https:\/\/www.correiobraziliense.com.br\/cbradar\/?p=232920"},"modified":"2026-04-27T09:12:00","modified_gmt":"2026-04-27T12:12:00","slug":"o-habito-diario-com-cafe-e-cha-que-pode-reduzir-risco-de-avc-e-proteger-o-cerebro","status":"publish","type":"post","link":"https:\/\/www.correiobraziliense.com.br\/cbradar\/o-habito-diario-com-cafe-e-cha-que-pode-reduzir-risco-de-avc-e-proteger-o-cerebro\/","title":{"rendered":"O h\u00e1bito di\u00e1rio com caf\u00e9 e ch\u00e1 que pode reduzir risco de AVC e proteger o c\u00e9rebro"},"content":{"rendered":"\n<p>Uma investiga\u00e7\u00e3o realizada no Reino Unido tem trazido novos olhares sobre o consumo de caf\u00e9 e ch\u00e1, indicando uma poss\u00edvel associa\u00e7\u00e3o entre essas bebidas e a redu\u00e7\u00e3o do risco de doen\u00e7as neurol\u00f3gicas. O estudo publicado na revista PLOS Medicine envolveu mais de 365 mil indiv\u00edduos com idades entre 50 e 74 anos, e seus resultados sugerem que o consumo di\u00e1rio de caf\u00e9 e ch\u00e1 pode ter implica\u00e7\u00f5es positivas na preven\u00e7\u00e3o de condi\u00e7\u00f5es como o acidente vascular cerebral (AVC) e a dem\u00eancia.<\/p>\n\n\n\n<h2 class=\"wp-block-heading\">Qual o impacto do consumo de caf\u00e9 e ch\u00e1 na sa\u00fade cerebral?<\/h2>\n\n\n\n<p>Os pesquisadores apontam que a ingest\u00e3o de 2 a 3 x\u00edcaras de caf\u00e9 ou 3 a 5 x\u00edcaras de ch\u00e1 diariamente, ou uma combina\u00e7\u00e3o de at\u00e9 6 x\u00edcaras de ambas as bebidas, est\u00e1 ligada a uma diminui\u00e7\u00e3o significativa no risco dessas doen\u00e7as. Esse achado \u00e9 atribu\u00eddo \u00e0 riqueza dessas bebidas em compostos antioxidantes e subst\u00e2ncias que estimulam a atividade cerebral, como a cafe\u00edna, que favorece a circula\u00e7\u00e3o cerebral e reduz processos inflamat\u00f3rios associados a danos no sistema nervoso.<\/p>\n\n\n\n<p>A combina\u00e7\u00e3o de caf\u00e9 e ch\u00e1 trouxe resultados ainda mais expressivos, mostrando uma redu\u00e7\u00e3o de 32% no risco de AVC e de 28% no risco de dem\u00eancia. Esses dados ressaltam a import\u00e2ncia de h\u00e1bitos alimentares simples para a <a href=\"https:\/\/www.correiobraziliense.com.br\/cbradar\/o-avanco-tecnologico-que-esta-deixando-diagnosticos-mais-rapidos-e-precisos\/\" target=\"_blank\" rel=\"noreferrer noopener\">sa\u00fade <\/a>neurol\u00f3gica ao longo dos anos, como destaca o neurocirurgi\u00e3o Dr. Victor Hugo Esp\u00edndola Ala, ao mencionar o papel crucial da dieta na manuten\u00e7\u00e3o da sa\u00fade do c\u00e9rebro.<\/p>\n\n\n<div class=\"wp-block-image\">\n<figure class=\"aligncenter size-large\"><img decoding=\"async\" width=\"1024\" height=\"576\" src=\"https:\/\/www.correiobraziliense.com.br\/cbradar\/wp-content\/uploads\/2025\/05\/coffe_1748267454764-1024x576.jpg\" alt=\"\" class=\"wp-image-43110\" srcset=\"https:\/\/www.correiobraziliense.com.br\/cbradar\/wp-content\/uploads\/2025\/05\/coffe_1748267454764-1024x576.jpg 1024w, https:\/\/www.correiobraziliense.com.br\/cbradar\/wp-content\/uploads\/2025\/05\/coffe_1748267454764-300x169.jpg 300w, https:\/\/www.correiobraziliense.com.br\/cbradar\/wp-content\/uploads\/2025\/05\/coffe_1748267454764-768x432.jpg 768w, https:\/\/www.correiobraziliense.com.br\/cbradar\/wp-content\/uploads\/2025\/05\/coffe_1748267454764-750x422.jpg 750w, https:\/\/www.correiobraziliense.com.br\/cbradar\/wp-content\/uploads\/2025\/05\/coffe_1748267454764-1140x641.jpg 1140w, https:\/\/www.correiobraziliense.com.br\/cbradar\/wp-content\/uploads\/2025\/05\/coffe_1748267454764.jpg 1280w\" sizes=\"(max-width: 1024px) 100vw, 1024px\" \/><figcaption class=\"wp-element-caption\">Caf\u00e9 &#8211; Cr\u00e9ditos: depositphotos.com \/ VitalikRadko<\/figcaption><\/figure><\/div>\n\n\n<h2 class=\"wp-block-heading\">Quais os fatores que influenciam a preven\u00e7\u00e3o de doen\u00e7as neurol\u00f3gicas?<\/h2>\n\n\n\n<p>Ainda que as descobertas do estudo sejam promissoras, \u00e9 importante lembrar que a preven\u00e7\u00e3o de doen\u00e7as neurol\u00f3gicas \u00e9 multifatorial e depende de um conjunto de h\u00e1bitos consistentes ao longo da vida. Al\u00e9m da inclus\u00e3o de caf\u00e9 e ch\u00e1 na dieta, outras pr\u00e1ticas di\u00e1rias podem contribuir para preservar a fun\u00e7\u00e3o cognitiva e reduzir o risco de AVC e dem\u00eancia.<\/p>\n\n\n\n<p>Entre os pilares recomendados pelos especialistas, destacam-se comportamentos que atuam na prote\u00e7\u00e3o dos vasos sangu\u00edneos, no equil\u00edbrio metab\u00f3lico e na reserva cognitiva do c\u00e9rebro:<\/p>\n\n\n\n<style>\n  .make-wrap{\n    max-width: 760px;\n    margin: 26px auto;\n    padding: 18px;\n    border-radius: 18px;\n    background: linear-gradient(135deg,#f0f7ff 0%,#eef2ff 100%);\n    border: 1px solid #c7d2fe;\n    box-shadow: 0 8px 20px rgba(59,130,246,.12);\n    font-family: system-ui, -apple-system, Segoe UI, Roboto, Helvetica, Arial, sans-serif;\n  }\n\n  .make-title{\n    display:flex; \n    align-items:center; \n    gap:10px;\n    margin:0 0 12px 4px;\n    font-size:1.2rem; \n    font-weight:900; \n    color:#1e3a8a;\n  }\n\n  .make-table{\n    width:100%;\n    border-collapse:separate;\n    border-spacing:0;\n    overflow:hidden;\n    border-radius:16px;\n    border:1px solid #c7d2fe;\n    background:#fff;\n    font-size:.92rem;\n  }\n\n  .make-table thead th{\n    background:linear-gradient(90deg,#dbeafe 0%,#e0e7ff 100%);\n    padding:12px;\n    color:#1e40af;\n    font-weight:800;\n    text-align:left;\n    border-bottom:1px solid #c7d2fe;\n  }\n\n  .make-table tbody td{\n    padding:12px;\n    color:#374151;\n    vertical-align:top;\n    border-bottom:1px dashed #c7d2fe;\n  }\n\n  .make-table tbody tr:nth-child(odd){\n    background:#f8fbff;\n  }\n\n  .price{\n    display:inline-flex;\n    align-items:center;\n    background:#eff6ff;\n    color:#1d4ed8;\n    padding:6px 10px;\n    border-radius:10px;\n    border:1px solid #bfdbfe;\n    font-weight:700;\n    white-space:nowrap;\n  }\n\n  .badge{\n    display:inline-block;\n    background:#e0e7ff;\n    color:#4338ca;\n    border:1px solid #c7d2fe;\n    padding:4px 10px;\n    border-radius:999px;\n    font-weight:700;\n    font-size:.78rem;\n  }\n\n  @media (max-width:720px){\n    .make-table thead{display:none}\n    .make-table, .make-table tbody, .make-table tr, .make-table td{\n      display:block; \n      width:100%;\n    }\n    .make-table tr{\n      margin-bottom:12px;\n      border:1px solid #c7d2fe;\n      border-radius:14px;\n      overflow:hidden;\n      background:#fff;\n    }\n    .make-table td[data-label]:before{\n      content:attr(data-label);\n      display:block;\n      font-weight:800;\n      color:#1e40af;\n      margin-bottom:4px;\n    }\n    .make-table tbody td:last-child{border-bottom:none}\n  }\n<\/style>\n\n<div class=\"make-wrap\">\n  <h3 class=\"make-title\">\ud83d\udc99\ud83e\udde0 H\u00e1bitos Essenciais para Sa\u00fade do Corpo e da Mente<\/h3>\n\n  <table class=\"make-table\">\n    <thead>\n      <tr>\n        <th>H\u00e1bito<\/th>\n      <\/tr>\n    <\/thead>\n    <tbody>\n      <tr>\n        <td data-label=\"H\u00e1bito\">Dormir adequadamente, com rotina regular e qualidade do sono preservada.<\/td>\n      <\/tr>\n      <tr>\n        <td data-label=\"H\u00e1bito\">Praticar exerc\u00edcios f\u00edsicos de forma constante, respeitando orienta\u00e7\u00e3o profissional.<\/td>\n      <\/tr>\n      <tr>\n        <td data-label=\"H\u00e1bito\">Controlar a press\u00e3o arterial, o diabetes, o colesterol e evitar o tabagismo.<\/td>\n      <\/tr>\n      <tr>\n        <td data-label=\"H\u00e1bito\">Manter a mente estimulada com leitura, estudos, jogos de l\u00f3gica e intera\u00e7\u00e3o social.<\/td>\n      <\/tr>\n    <\/tbody>\n  <\/table>\n\n  <p style=\"margin-top:14px; color:#6b7280; font-size:.9rem;\">\n    \ud83d\udca1 <strong>Dica:<\/strong> Pequenas atitudes di\u00e1rias fazem grande diferen\u00e7a na preven\u00e7\u00e3o de doen\u00e7as e na qualidade de vida.\n  <\/p>\n<\/div>\n\n\n\n\n<h2 class=\"wp-block-heading\">Quais os principais sinais de AVC e como agir rapidamente<\/h2>\n\n\n\n<p>Identificar rapidamente os sinais de um AVC pode salvar vidas e reduzir sequelas neurol\u00f3gicas permanentes. Um m\u00e9todo simples, f\u00e1cil de lembrar e aplicado em situa\u00e7\u00f5es de emerg\u00eancia \u00e9 o SAMU, que se baseia em quatro elementos de resposta frente a uma suspeita de AVC.<\/p>\n\n\n\n<style>\n  .make-wrap{\n    max-width: 760px;\n    margin: 26px auto;\n    padding: 18px;\n    border-radius: 18px;\n    background: linear-gradient(135deg,#fff7fb 0%,#f6f2ff 100%);\n    border: 1px solid #f7d4ea;\n    box-shadow: 0 8px 20px rgba(236,72,153,.12);\n    font-family: system-ui, -apple-system, Segoe UI, Roboto, Helvetica, Arial, sans-serif;\n  }\n\n  .make-title{\n    display:flex; \n    align-items:center; \n    gap:10px;\n    margin:0 0 12px 4px;\n    font-size:1.2rem; \n    font-weight:900; \n    color:#9d174d;\n  }\n\n  .make-table{\n    width:100%;\n    border-collapse:separate;\n    border-spacing:0;\n    overflow:hidden;\n    border-radius:16px;\n    border:1px solid #f7d4ea;\n    background:#fff;\n    font-size:.92rem;\n  }\n\n  .make-table thead th{\n    background:linear-gradient(90deg,#fde7f3 0%,#f8e9ff 100%);\n    padding:12px;\n    color:#7a1e63;\n    font-weight:800;\n    text-align:left;\n    border-bottom:1px solid #f7d4ea;\n  }\n\n  .make-table tbody td{\n    padding:12px;\n    color:#374151;\n    vertical-align:top;\n    border-bottom:1px dashed #f7d4ea;\n  }\n\n  .make-table tbody tr:nth-child(odd){\n    background:#fffaff;\n  }\n\n  .price{\n    display:inline-flex;\n    align-items:center;\n    background:#fff7ed;\n    color:#b45309;\n    padding:6px 10px;\n    border-radius:10px;\n    border:1px solid #fed7aa;\n    font-weight:700;\n    white-space:nowrap;\n  }\n\n  .badge{\n    display:inline-block;\n    background:#fde7f3;\n    color:#c026d3;\n    border:1px solid #fecdd3;\n    padding:4px 10px;\n    border-radius:999px;\n    font-weight:700;\n    font-size:.78rem;\n  }\n\n  @media (max-width:720px){\n    .make-table thead{display:none}\n    .make-table, .make-table tbody, .make-table tr, .make-table td{\n      display:block; \n      width:100%;\n    }\n    .make-table tr{\n      margin-bottom:12px;\n      border:1px solid #f7d4ea;\n      border-radius:14px;\n      overflow:hidden;\n      background:#fff;\n    }\n    .make-table td[data-label]:before{\n      content:attr(data-label);\n      display:block;\n      font-weight:800;\n      color:#7a1e63;\n      margin-bottom:4px;\n    }\n    .make-table tbody td:last-child{border-bottom:none}\n  }\n<\/style>\n\n<div class=\"make-wrap\">\n  <h3 class=\"make-title\">\ud83d\udea8\ud83e\udde0 Sinais de Alerta para AVC (Aja R\u00e1pido!)<\/h3>\n\n  <table class=\"make-table\">\n    <thead>\n      <tr>\n        <th>A\u00e7\u00e3o<\/th>\n        <th>O que observar<\/th>\n      <\/tr>\n    <\/thead>\n    <tbody>\n      <tr>\n        <td data-label=\"A\u00e7\u00e3o\">Sorria<\/td>\n        <td data-label=\"O que observar\">Pe\u00e7a para a pessoa sorrir. Se um lado do rosto n\u00e3o se mover ou parecer torto, pode ser indica\u00e7\u00e3o de AVC.<\/td>\n      <\/tr>\n      <tr>\n        <td data-label=\"A\u00e7\u00e3o\">Abrace<\/td>\n        <td data-label=\"O que observar\">Solicite que a pessoa levante os dois bra\u00e7os. Se um bra\u00e7o n\u00e3o responder ou cair, \u00e9 um alerta.<\/td>\n      <\/tr>\n      <tr>\n        <td data-label=\"A\u00e7\u00e3o\">M\u00fasica<\/td>\n        <td data-label=\"O que observar\">Pe\u00e7a para repetir uma frase simples. Se houver dificuldades ou a fala estiver arrastada, \u00e9 sinal de alerta.<\/td>\n      <\/tr>\n      <tr>\n        <td data-label=\"A\u00e7\u00e3o\">Urgente<\/td>\n        <td data-label=\"O que observar\">Diante de qualquer sinal acima, ligue imediatamente para servi\u00e7os de emerg\u00eancia, pois cada segundo \u00e9 crucial.<\/td>\n      <\/tr>\n    <\/tbody>\n  <\/table>\n\n  <p style=\"margin-top:14px; color:#6b7280; font-size:.9rem;\">\n    \ud83d\udca1 <strong>Dica:<\/strong> Reconhecer rapidamente esses sinais pode salvar vidas e reduzir sequelas.\n  <\/p>\n<\/div>\n\n\n\n\n<p>Portanto, embora o consumo de caf\u00e9 e ch\u00e1 possa ser um aliado na redu\u00e7\u00e3o dos riscos de algumas condi\u00e7\u00f5es neurol\u00f3gicas, \u00e9 a combina\u00e7\u00e3o de uma dieta equilibrada e de um estilo de vida saud\u00e1vel que garante uma prote\u00e7\u00e3o mais robusta ao c\u00e9rebro. Assegurar acompanhamento m\u00e9dico regular e adotar um estilo de vida ativo s\u00e3o passos fundamentais nesse percurso de preven\u00e7\u00e3o e cuidado neurol\u00f3gico ao longo dos anos.<\/p>\n\n\n<a href=\"https:\/\/www.instagram.com\/dra.annaluisabf\/\" target=\"_blank\" rel=\"noopener\" style=\"text-decoration: none; color: inherit;\">\n    <span style=\"display: inline-block; border: 1px solid #ccc; border-radius: 10px; padding: 15px; max-width: 550px; font-family: sans-serif; box-shadow: 0 2px 5px rgba(0,0,0,0.1); width: 100%;\">\n\n      <!-- T\u00edtulo -->\n      <span style=\"display: block; margin: 0 0 15px 0; font-weight: bold; color: #2c3e50; text-align: center;\">\n        Entre em contato:\n      <\/span>\n\n      <!-- Linha do perfil -->\n      <span style=\"display: flex; align-items: center; gap: 15px;\">\n        <img decoding=\"async\"\n          src=\"https:\/\/www.correiobraziliense.com.br\/cbradar\/wp-content\/uploads\/2025\/08\/dra_anna_luisa.jpeg\"\n          alt=\"Foto da Dra. Anna Lu\u00edsa\"\n          style=\"border-radius: 50%; width: 80px; height: 80px; object-fit: cover;\"\n        \/>\n        <span style=\"display: flex; flex-direction: column;\">\n          <span style=\"font-size: 18px; font-weight: 700; color: #2c3e50;\">Dra. Anna Lu\u00edsa Barbosa Fernandes<\/span>\n          <span style=\"color: #555;\">CRM-GO 33.271<\/span>\n        <\/span>\n      <\/span>\n\n      <!-- Redes -->\n      <span style=\"display: flex; align-items: center; gap: 10px; margin-top: 12px;\">\n        <img decoding=\"async\" src=\"https:\/\/cdn-icons-png.flaticon.com\/24\/1384\/1384063.png\" alt=\"Instagram\" width=\"24\" height=\"24\" \/>\n        <span style=\"text-decoration: underline; color: #2c3e50;\">@dra.annaluisabf<\/span>\n      <\/span>\n\n    <\/span>\n  <\/a>","protected":false},"excerpt":{"rendered":"<p>Uma investiga\u00e7\u00e3o realizada no Reino Unido tem trazido novos olhares sobre o consumo de caf\u00e9 e ch\u00e1, indicando uma poss\u00edvel associa\u00e7\u00e3o entre essas bebidas e a redu\u00e7\u00e3o do risco de doen\u00e7as neurol\u00f3gicas. O estudo publicado na revista PLOS Medicine envolveu mais de 365 mil indiv\u00edduos com idades entre 50 e 74 anos, e seus resultados [&hellip;]<\/p>\n","protected":false},"author":14,"featured_media":35084,"comment_status":"open","ping_status":"open","sticky":false,"template":"","format":"standard","meta":{"_yoast_wpseo_focuskw":"caf\u00e9 e ch\u00e1","_yoast_wpseo_title":"","_yoast_wpseo_metadesc":"Descubra como caf\u00e9 e ch\u00e1 podem reduzir o risco de AVC e dem\u00eancia e proteger o c\u00e9rebro ao longo do tempo","jnews-multi-image_gallery":[],"jnews_single_post":{"format":"standard"},"jnews_primary_category":[],"jnews_social_meta":[],"jnews_override_counter":[],"footnotes":""},"categories":[4404],"post_tag":[],"class_list":["post-232920","post","type-post","status-publish","format-standard","has-post-thumbnail","hentry","category-saude"],"yoast_head":"<!-- This site is optimized with the Yoast SEO plugin v24.6 - https:\/\/yoast.com\/wordpress\/plugins\/seo\/ -->\n<title>O h\u00e1bito di\u00e1rio com caf\u00e9 e ch\u00e1 que pode reduzir risco de AVC e proteger o c\u00e9rebro - Correio Braziliense - Radar<\/title>\n<meta name=\"description\" content=\"Descubra como caf\u00e9 e ch\u00e1 podem reduzir o risco de AVC e dem\u00eancia e proteger o c\u00e9rebro ao longo do tempo\" \/>\n<meta name=\"robots\" content=\"index, follow, max-snippet:-1, max-image-preview:large, max-video-preview:-1\" \/>\n<link rel=\"canonical\" href=\"https:\/\/www.correiobraziliense.com.br\/cbradar\/o-habito-diario-com-cafe-e-cha-que-pode-reduzir-risco-de-avc-e-proteger-o-cerebro\/\" \/>\n<meta property=\"og:locale\" content=\"pt_BR\" \/>\n<meta property=\"og:type\" content=\"article\" \/>\n<meta property=\"og:title\" content=\"O h\u00e1bito di\u00e1rio com caf\u00e9 e ch\u00e1 que pode reduzir risco de AVC e proteger o c\u00e9rebro - Correio Braziliense - Radar\" \/>\n<meta property=\"og:description\" content=\"Descubra como caf\u00e9 e ch\u00e1 podem reduzir o risco de AVC e dem\u00eancia e proteger o c\u00e9rebro ao longo do tempo\" \/>\n<meta property=\"og:url\" content=\"https:\/\/www.correiobraziliense.com.br\/cbradar\/o-habito-diario-com-cafe-e-cha-que-pode-reduzir-risco-de-avc-e-proteger-o-cerebro\/\" \/>\n<meta property=\"og:site_name\" content=\"Correio Braziliense - Radar\" \/>\n<meta property=\"article:published_time\" content=\"2026-04-27T20:15:00+00:00\" \/>\n<meta property=\"og:image\" content=\"https:\/\/www.correiobraziliense.com.br\/cbradar\/wp-content\/uploads\/2025\/05\/avc_1746901509958.jpg\" \/>\n\t<meta property=\"og:image:width\" content=\"1280\" \/>\n\t<meta property=\"og:image:height\" content=\"720\" \/>\n\t<meta property=\"og:image:type\" content=\"image\/jpeg\" \/>\n<meta name=\"author\" content=\"guilherme_saude\" \/>\n<meta name=\"twitter:card\" content=\"summary_large_image\" \/>\n<meta name=\"twitter:label1\" content=\"Escrito por\" \/>\n\t<meta name=\"twitter:data1\" content=\"guilherme_saude\" \/>\n\t<meta name=\"twitter:label2\" content=\"Est. tempo de leitura\" \/>\n\t<meta name=\"twitter:data2\" content=\"5 minutos\" \/>\n<!-- \/ Yoast SEO plugin. -->","yoast_head_json":{"title":"O h\u00e1bito di\u00e1rio com caf\u00e9 e ch\u00e1 que pode reduzir risco de AVC e proteger o c\u00e9rebro - Correio Braziliense - Radar","description":"Descubra como caf\u00e9 e ch\u00e1 podem reduzir o risco de AVC e dem\u00eancia e proteger o c\u00e9rebro ao longo do tempo","robots":{"index":"index","follow":"follow","max-snippet":"max-snippet:-1","max-image-preview":"max-image-preview:large","max-video-preview":"max-video-preview:-1"},"canonical":"https:\/\/www.correiobraziliense.com.br\/cbradar\/o-habito-diario-com-cafe-e-cha-que-pode-reduzir-risco-de-avc-e-proteger-o-cerebro\/","og_locale":"pt_BR","og_type":"article","og_title":"O h\u00e1bito di\u00e1rio com caf\u00e9 e ch\u00e1 que pode reduzir risco de AVC e proteger o c\u00e9rebro - Correio Braziliense - Radar","og_description":"Descubra como caf\u00e9 e ch\u00e1 podem reduzir o risco de AVC e dem\u00eancia e proteger o c\u00e9rebro ao longo do tempo","og_url":"https:\/\/www.correiobraziliense.com.br\/cbradar\/o-habito-diario-com-cafe-e-cha-que-pode-reduzir-risco-de-avc-e-proteger-o-cerebro\/","og_site_name":"Correio Braziliense - Radar","article_published_time":"2026-04-27T20:15:00+00:00","og_image":[{"width":1280,"height":720,"url":"https:\/\/www.correiobraziliense.com.br\/cbradar\/wp-content\/uploads\/2025\/05\/avc_1746901509958.jpg","type":"image\/jpeg"}],"author":"guilherme_saude","twitter_card":"summary_large_image","twitter_misc":{"Escrito por":"guilherme_saude","Est. tempo de leitura":"5 minutos"},"schema":{"@context":"https:\/\/schema.org","@graph":[{"@type":"WebPage","@id":"https:\/\/www.correiobraziliense.com.br\/cbradar\/o-habito-diario-com-cafe-e-cha-que-pode-reduzir-risco-de-avc-e-proteger-o-cerebro\/","url":"https:\/\/www.correiobraziliense.com.br\/cbradar\/o-habito-diario-com-cafe-e-cha-que-pode-reduzir-risco-de-avc-e-proteger-o-cerebro\/","name":"O h\u00e1bito di\u00e1rio com caf\u00e9 e ch\u00e1 que pode reduzir risco de AVC e proteger o c\u00e9rebro - Correio Braziliense - Radar","isPartOf":{"@id":"https:\/\/www.correiobraziliense.com.br\/cbradar\/#website"},"primaryImageOfPage":{"@id":"https:\/\/www.correiobraziliense.com.br\/cbradar\/o-habito-diario-com-cafe-e-cha-que-pode-reduzir-risco-de-avc-e-proteger-o-cerebro\/#primaryimage"},"image":{"@id":"https:\/\/www.correiobraziliense.com.br\/cbradar\/o-habito-diario-com-cafe-e-cha-que-pode-reduzir-risco-de-avc-e-proteger-o-cerebro\/#primaryimage"},"thumbnailUrl":"https:\/\/www.correiobraziliense.com.br\/cbradar\/wp-content\/uploads\/2025\/05\/avc_1746901509958.jpg","datePublished":"2026-04-27T20:15:00+00:00","author":{"@id":"https:\/\/www.correiobraziliense.com.br\/cbradar\/#\/schema\/person\/5aa4bf3c8fa699c267933611de12978b"},"description":"Descubra como caf\u00e9 e ch\u00e1 podem reduzir o risco de AVC e dem\u00eancia e proteger o c\u00e9rebro ao longo do tempo","breadcrumb":{"@id":"https:\/\/www.correiobraziliense.com.br\/cbradar\/o-habito-diario-com-cafe-e-cha-que-pode-reduzir-risco-de-avc-e-proteger-o-cerebro\/#breadcrumb"},"inLanguage":"pt-BR","potentialAction":[{"@type":"ReadAction","target":["https:\/\/www.correiobraziliense.com.br\/cbradar\/o-habito-diario-com-cafe-e-cha-que-pode-reduzir-risco-de-avc-e-proteger-o-cerebro\/"]}]},{"@type":"ImageObject","inLanguage":"pt-BR","@id":"https:\/\/www.correiobraziliense.com.br\/cbradar\/o-habito-diario-com-cafe-e-cha-que-pode-reduzir-risco-de-avc-e-proteger-o-cerebro\/#primaryimage","url":"https:\/\/www.correiobraziliense.com.br\/cbradar\/wp-content\/uploads\/2025\/05\/avc_1746901509958.jpg","contentUrl":"https:\/\/www.correiobraziliense.com.br\/cbradar\/wp-content\/uploads\/2025\/05\/avc_1746901509958.jpg","width":1280,"height":720,"caption":"AVC: a emerg\u00eancia silenciosa que afeta milh\u00f5es de brasileiros - Cr\u00e9ditos: depositphotos.com \/ dizain"},{"@type":"BreadcrumbList","@id":"https:\/\/www.correiobraziliense.com.br\/cbradar\/o-habito-diario-com-cafe-e-cha-que-pode-reduzir-risco-de-avc-e-proteger-o-cerebro\/#breadcrumb","itemListElement":[{"@type":"ListItem","position":1,"name":"In\u00edcio","item":"https:\/\/www.correiobraziliense.com.br\/cbradar\/"},{"@type":"ListItem","position":2,"name":"O h\u00e1bito di\u00e1rio com caf\u00e9 e ch\u00e1 que pode reduzir risco de AVC e proteger o c\u00e9rebro"}]},{"@type":"WebSite","@id":"https:\/\/www.correiobraziliense.com.br\/cbradar\/#website","url":"https:\/\/www.correiobraziliense.com.br\/cbradar\/","name":"Correio Braziliense - Radar","description":"Acompanhe as \u00faltimas not\u00edcias e fique bem informado sobre tudo o que acontece no Brasil e no mundo.","potentialAction":[{"@type":"SearchAction","target":{"@type":"EntryPoint","urlTemplate":"https:\/\/www.correiobraziliense.com.br\/cbradar\/?s={search_term_string}"},"query-input":{"@type":"PropertyValueSpecification","valueRequired":true,"valueName":"search_term_string"}}],"inLanguage":"pt-BR"},{"@type":"Person","@id":"https:\/\/www.correiobraziliense.com.br\/cbradar\/#\/schema\/person\/5aa4bf3c8fa699c267933611de12978b","name":"guilherme_saude","image":{"@type":"ImageObject","inLanguage":"pt-BR","@id":"https:\/\/www.correiobraziliense.com.br\/cbradar\/#\/schema\/person\/image\/","url":"https:\/\/secure.gravatar.com\/avatar\/df9adfb835d344bc0af109d41756253f?s=96&d=mm&r=g","contentUrl":"https:\/\/secure.gravatar.com\/avatar\/df9adfb835d344bc0af109d41756253f?s=96&d=mm&r=g","caption":"guilherme_saude"},"url":"https:\/\/www.correiobraziliense.com.br\/cbradar\/author\/guilherme_saude\/"}]}},"_links":{"self":[{"href":"https:\/\/www.correiobraziliense.com.br\/cbradar\/wp-json\/wp\/v2\/posts\/232920","targetHints":{"allow":["GET"]}}],"collection":[{"href":"https:\/\/www.correiobraziliense.com.br\/cbradar\/wp-json\/wp\/v2\/posts"}],"about":[{"href":"https:\/\/www.correiobraziliense.com.br\/cbradar\/wp-json\/wp\/v2\/types\/post"}],"author":[{"embeddable":true,"href":"https:\/\/www.correiobraziliense.com.br\/cbradar\/wp-json\/wp\/v2\/users\/14"}],"replies":[{"embeddable":true,"href":"https:\/\/www.correiobraziliense.com.br\/cbradar\/wp-json\/wp\/v2\/comments?post=232920"}],"version-history":[{"count":1,"href":"https:\/\/www.correiobraziliense.com.br\/cbradar\/wp-json\/wp\/v2\/posts\/232920\/revisions"}],"predecessor-version":[{"id":232921,"href":"https:\/\/www.correiobraziliense.com.br\/cbradar\/wp-json\/wp\/v2\/posts\/232920\/revisions\/232921"}],"wp:featuredmedia":[{"embeddable":true,"href":"https:\/\/www.correiobraziliense.com.br\/cbradar\/wp-json\/wp\/v2\/media\/35084"}],"wp:attachment":[{"href":"https:\/\/www.correiobraziliense.com.br\/cbradar\/wp-json\/wp\/v2\/media?parent=232920"}],"wp:term":[{"taxonomy":"category","embeddable":true,"href":"https:\/\/www.correiobraziliense.com.br\/cbradar\/wp-json\/wp\/v2\/categories?post=232920"},{"taxonomy":"post_tag","embeddable":true,"href":"https:\/\/www.correiobraziliense.com.br\/cbradar\/wp-json\/wp\/v2\/post_tag?post=232920"}],"curies":[{"name":"wp","href":"https:\/\/api.w.org\/{rel}","templated":true}]}}