{"id":232923,"date":"2026-04-27T18:25:00","date_gmt":"2026-04-27T21:25:00","guid":{"rendered":"https:\/\/www.correiobraziliense.com.br\/cbradar\/?p=232923"},"modified":"2026-04-27T09:16:15","modified_gmt":"2026-04-27T12:16:15","slug":"pessoas-acima-dos-80-com-mente-afiada-estao-desafiando-tudo-que-se-sabia-sobre-o-cerebro","status":"publish","type":"post","link":"https:\/\/www.correiobraziliense.com.br\/cbradar\/pessoas-acima-dos-80-com-mente-afiada-estao-desafiando-tudo-que-se-sabia-sobre-o-cerebro\/","title":{"rendered":"Pessoas acima dos 80 com mente afiada est\u00e3o desafiando tudo que se sabia sobre o c\u00e9rebro"},"content":{"rendered":"\n<p>O interesse crescente pelos SuperAgers tem capturado a aten\u00e7\u00e3o de pesquisadores e do p\u00fablico, fascinados com a capacidade de alguns idosos de manterem suas fun\u00e7\u00f5es cognitivas em n\u00edveis extraordin\u00e1rios, semelhantes aos de pessoas bem mais jovens, o que levanta quest\u00f5es sobre envelhecimento saud\u00e1vel e os limites da cogni\u00e7\u00e3o humana.<\/p>\n\n\n\n<h2 class=\"wp-block-heading\">Quais s\u00e3o as caracter\u00edsticas cerebrais dos SuperAgers?<\/h2>\n\n\n\n<p>Estudos em neuroimagem revelam que o c\u00f3rtex cerebral dos SuperAgers tende a ser mais espesso, semelhante ao de adultos jovens, principalmente em \u00e1reas ligadas \u00e0 mem\u00f3ria e \u00e0 aten\u00e7\u00e3o. O c\u00f3rtex cingulado anterior aparece em destaque, enquanto o hipocampo mostra menor atrofia, sugerindo maior capacidade de formar novas mem\u00f3rias.<\/p>\n\n\n\n<p>Outro ponto importante \u00e9 a menor carga de placas amiloides e emaranhados de tau no c\u00e9rebro desses idosos, em compara\u00e7\u00e3o com o padr\u00e3o observado na doen\u00e7a de Alzheimer. Al\u00e9m disso, exames funcionais indicam que esses c\u00e9rebros ativam redes neurais de forma mais eficiente, otimizando o uso de energia e preservando o desempenho cognitivo.<\/p>\n\n\n\n<h2 class=\"wp-block-heading\">Quais fatores biol\u00f3gicos explicam o desempenho dos SuperAgers?<\/h2>\n\n\n\n<p>Os cientistas buscam entender o que contribui para a preserva\u00e7\u00e3o cognitiva desses indiv\u00edduos ao longo da vida. Biologicamente, alguns apresentam maior reserva cerebral, com mais sinapses, maior densidade neuronal e, possivelmente, diferen\u00e7as na conectividade entre regi\u00f5es-chave do c\u00e9rebro.<\/p>\n\n\n\n<p>No campo gen\u00e9tico, certas variantes parecem estar associadas a menor risco de decl\u00ednio, embora a gen\u00e9tica n\u00e3o seja o \u00fanico fator determinante. Ainda assim, esses achados refor\u00e7am a ideia de que o envelhecimento cerebral \u00e9 resultado da intera\u00e7\u00e3o entre predisposi\u00e7\u00e3o biol\u00f3gica e experi\u00eancias de vida.<\/p>\n\n\n<div class=\"wp-block-image\">\n<figure class=\"aligncenter size-full\"><img decoding=\"async\" width=\"1280\" height=\"720\" src=\"https:\/\/www.correiobraziliense.com.br\/cbradar\/wp-content\/uploads\/2026\/04\/idoso_1777292147879.jpg\" alt=\"\" class=\"wp-image-232926\" srcset=\"https:\/\/www.correiobraziliense.com.br\/cbradar\/wp-content\/uploads\/2026\/04\/idoso_1777292147879.jpg 1280w, https:\/\/www.correiobraziliense.com.br\/cbradar\/wp-content\/uploads\/2026\/04\/idoso_1777292147879-300x169.jpg 300w, https:\/\/www.correiobraziliense.com.br\/cbradar\/wp-content\/uploads\/2026\/04\/idoso_1777292147879-768x432.jpg 768w, https:\/\/www.correiobraziliense.com.br\/cbradar\/wp-content\/uploads\/2026\/04\/idoso_1777292147879-750x422.jpg 750w, https:\/\/www.correiobraziliense.com.br\/cbradar\/wp-content\/uploads\/2026\/04\/idoso_1777292147879-1140x641.jpg 1140w\" sizes=\"(max-width: 1280px) 100vw, 1280px\" \/><figcaption class=\"wp-element-caption\">O fen\u00f4meno dos idosos com mente extraordin\u00e1ria que est\u00e1 surpreendendo pesquisadores &#8211; Cr\u00e9ditos: depositphotos.com \/ AndrewLozovyi<\/figcaption><\/figure><\/div>\n\n\n<h2 class=\"wp-block-heading\">Como o estilo de vida influencia o c\u00e9rebro dos SuperAgers?<\/h2>\n\n\n\n<p>O estilo de vida dos SuperAgers costuma ser notavelmente ativo, com desafios mentais constantes, intera\u00e7\u00e3o social frequente e pr\u00e1tica regular de exerc\u00edcios f\u00edsicos. Eles tamb\u00e9m tendem a valorizar a boa qualidade do sono e uma alimenta\u00e7\u00e3o equilibrada, que favorece a <a href=\"https:\/\/www.correiobraziliense.com.br\/cbradar\/o-avanco-tecnologico-que-esta-deixando-diagnosticos-mais-rapidos-e-precisos\/\" target=\"_blank\" rel=\"noreferrer noopener\">sa\u00fade <\/a>cardiovascular e cerebral.<\/p>\n\n\n\n<p>Esses comportamentos s\u00e3o frequentemente associados \u00e0 redu\u00e7\u00e3o de inflama\u00e7\u00f5es sist\u00eamicas e \u00e0 prote\u00e7\u00e3o das redes neurais ao longo do tempo. Entre os h\u00e1bitos mais citados em pesquisas sobre envelhecimento bem-sucedido, destacam-se:<\/p>\n\n\n\n<style>\n  .make-wrap{\n    max-width: 760px;\n    margin: 26px auto;\n    padding: 18px;\n    border-radius: 18px;\n    background: linear-gradient(135deg,#f0f7ff 0%,#eef2ff 100%);\n    border: 1px solid #c7d2fe;\n    box-shadow: 0 8px 20px rgba(59,130,246,.12);\n    font-family: system-ui, -apple-system, Segoe UI, Roboto, Helvetica, Arial, sans-serif;\n  }\n\n  .make-title{\n    display:flex; \n    align-items:center; \n    gap:10px;\n    margin:0 0 12px 4px;\n    font-size:1.2rem; \n    font-weight:900; \n    color:#1e3a8a;\n  }\n\n  .make-table{\n    width:100%;\n    border-collapse:separate;\n    border-spacing:0;\n    overflow:hidden;\n    border-radius:16px;\n    border:1px solid #c7d2fe;\n    background:#fff;\n    font-size:.92rem;\n  }\n\n  .make-table thead th{\n    background:linear-gradient(90deg,#dbeafe 0%,#e0e7ff 100%);\n    padding:12px;\n    color:#1e40af;\n    font-weight:800;\n    text-align:left;\n    border-bottom:1px solid #c7d2fe;\n  }\n\n  .make-table tbody td{\n    padding:12px;\n    color:#374151;\n    vertical-align:top;\n    border-bottom:1px dashed #c7d2fe;\n  }\n\n  .make-table tbody tr:nth-child(odd){\n    background:#f8fbff;\n  }\n\n  .price{\n    display:inline-flex;\n    align-items:center;\n    background:#eff6ff;\n    color:#1d4ed8;\n    padding:6px 10px;\n    border-radius:10px;\n    border:1px solid #bfdbfe;\n    font-weight:700;\n    white-space:nowrap;\n  }\n\n  .badge{\n    display:inline-block;\n    background:#e0e7ff;\n    color:#4338ca;\n    border:1px solid #c7d2fe;\n    padding:4px 10px;\n    border-radius:999px;\n    font-weight:700;\n    font-size:.78rem;\n  }\n\n  @media (max-width:720px){\n    .make-table thead{display:none}\n    .make-table, .make-table tbody, .make-table tr, .make-table td{\n      display:block; \n      width:100%;\n    }\n    .make-table tr{\n      margin-bottom:12px;\n      border:1px solid #c7d2fe;\n      border-radius:14px;\n      overflow:hidden;\n      background:#fff;\n    }\n    .make-table td[data-label]:before{\n      content:attr(data-label);\n      display:block;\n      font-weight:800;\n      color:#1e40af;\n      margin-bottom:4px;\n    }\n    .make-table tbody td:last-child{border-bottom:none}\n  }\n<\/style>\n\n<div class=\"make-wrap\">\n  <h3 class=\"make-title\">\ud83d\udc99\u2728 Pilares para um Envelhecimento Saud\u00e1vel<\/h3>\n\n  <table class=\"make-table\">\n    <thead>\n      <tr>\n        <th>H\u00e1bito<\/th>\n      <\/tr>\n    <\/thead>\n    <tbody>\n      <tr>\n        <td data-label=\"H\u00e1bito\">Pr\u00e1tica regular de atividade f\u00edsica aer\u00f3bica e de fortalecimento muscular<\/td>\n      <\/tr>\n      <tr>\n        <td data-label=\"H\u00e1bito\">Participa\u00e7\u00e3o em atividades sociais e comunit\u00e1rias de forma cont\u00ednua<\/td>\n      <\/tr>\n      <tr>\n        <td data-label=\"H\u00e1bito\">Engajamento em est\u00edmulos intelectuais, como leitura, cursos e novos aprendizados<\/td>\n      <\/tr>\n      <tr>\n        <td data-label=\"H\u00e1bito\">Rotina de sono adequada e dieta rica em frutas, vegetais, fibras e gorduras saud\u00e1veis<\/td>\n      <\/tr>\n    <\/tbody>\n  <\/table>\n\n  <p style=\"margin-top:14px; color:#6b7280; font-size:.9rem;\">\n    \ud83d\udca1 <strong>Dica:<\/strong> A combina\u00e7\u00e3o desses h\u00e1bitos ajuda a preservar a autonomia, a sa\u00fade mental e a qualidade de vida ao longo dos anos.\n  <\/p>\n<\/div>\n\n\n\n\n<h2 class=\"wp-block-heading\">\u00c9 poss\u00edvel se tornar um SuperAger apenas com mudan\u00e7as de h\u00e1bitos?<\/h2>\n\n\n\n<p>Embora haja discuss\u00f5es populares sugerindo \u201cf\u00f3rmulas\u201d para evitar a perda de mem\u00f3ria, as evid\u00eancias cient\u00edficas n\u00e3o sustentam garantias. O grupo de SuperAgers estudado \u00e9 pequeno e seleto, o que limita generaliza\u00e7\u00f5es e exige cautela na interpreta\u00e7\u00e3o dos resultados.<\/p>\n\n\n\n<p>Al\u00e9m disso, comportamentos saud\u00e1veis observados nesses idosos podem ser consequ\u00eancia de uma predisposi\u00e7\u00e3o biol\u00f3gica pr\u00e9via, e n\u00e3o apenas das a\u00e7\u00f5es tomadas ao longo da vida. Estudos longitudinais tentam separar causa e efeito, mas as conclus\u00f5es permanecem complexas e pouco adequadas a promessas simplificadas.<\/p>\n\n\n\n<h2 class=\"wp-block-heading\">O que os SuperAgers ensinam sobre o envelhecimento do c\u00e9rebro?<\/h2>\n\n\n\n<p>O estudo dos SuperAgers oferece li\u00e7\u00f5es valiosas sobre a diversidade cognitiva no envelhecimento, mostrando que idade cronol\u00f3gica n\u00e3o \u00e9 o \u00fanico fator relevante. Biologia, trajet\u00f3ria de vida e contexto social se combinam para moldar o funcionamento cerebral em idades avan\u00e7adas.<\/p>\n\n\n\n<p>Essas descobertas incentivam o desenvolvimento de estrat\u00e9gias de interven\u00e7\u00e3o precoce para retardar sintomas de dem\u00eancia e melhorar a qualidade de vida na velhice, ressaltando a capacidade do c\u00e9rebro humano de resistir ao tempo e apontando caminhos para compreender e gerenciar melhor o envelhecimento cognitivo.<\/p>\n\n\n<a href=\"https:\/\/www.instagram.com\/dra.annaluisabf\/\" target=\"_blank\" rel=\"noopener\" style=\"text-decoration: none; color: inherit;\">\n    <span style=\"display: inline-block; border: 1px solid #ccc; border-radius: 10px; padding: 15px; max-width: 550px; font-family: sans-serif; box-shadow: 0 2px 5px rgba(0,0,0,0.1); width: 100%;\">\n\n      <!-- T\u00edtulo -->\n      <span style=\"display: block; margin: 0 0 15px 0; font-weight: bold; color: #2c3e50; text-align: center;\">\n        Entre em contato:\n      <\/span>\n\n      <!-- Linha do perfil -->\n      <span style=\"display: flex; align-items: center; gap: 15px;\">\n        <img decoding=\"async\"\n          src=\"https:\/\/www.correiobraziliense.com.br\/cbradar\/wp-content\/uploads\/2025\/08\/dra_anna_luisa.jpeg\"\n          alt=\"Foto da Dra. Anna Lu\u00edsa\"\n          style=\"border-radius: 50%; width: 80px; height: 80px; object-fit: cover;\"\n        \/>\n        <span style=\"display: flex; flex-direction: column;\">\n          <span style=\"font-size: 18px; font-weight: 700; color: #2c3e50;\">Dra. Anna Lu\u00edsa Barbosa Fernandes<\/span>\n          <span style=\"color: #555;\">CRM-GO 33.271<\/span>\n        <\/span>\n      <\/span>\n\n      <!-- Redes -->\n      <span style=\"display: flex; align-items: center; gap: 10px; margin-top: 12px;\">\n        <img decoding=\"async\" src=\"https:\/\/cdn-icons-png.flaticon.com\/24\/1384\/1384063.png\" alt=\"Instagram\" width=\"24\" height=\"24\" \/>\n        <span style=\"text-decoration: underline; color: #2c3e50;\">@dra.annaluisabf<\/span>\n      <\/span>\n\n    <\/span>\n  <\/a>","protected":false},"excerpt":{"rendered":"<p>O interesse crescente pelos SuperAgers tem capturado a aten\u00e7\u00e3o de pesquisadores e do p\u00fablico, fascinados com a capacidade de alguns idosos de manterem suas fun\u00e7\u00f5es cognitivas em n\u00edveis extraordin\u00e1rios, semelhantes aos de pessoas bem mais jovens, o que levanta quest\u00f5es sobre envelhecimento saud\u00e1vel e os limites da cogni\u00e7\u00e3o humana. Quais s\u00e3o as caracter\u00edsticas cerebrais dos [&hellip;]<\/p>\n","protected":false},"author":14,"featured_media":232925,"comment_status":"open","ping_status":"open","sticky":false,"template":"","format":"standard","meta":{"_yoast_wpseo_focuskw":"SuperAgers","_yoast_wpseo_title":"","_yoast_wpseo_metadesc":"Descubra quem s\u00e3o os SuperAgers e por que alguns idosos mant\u00eam mem\u00f3ria compar\u00e1vel \u00e0 de pessoas mais jovens","jnews-multi-image_gallery":[],"jnews_single_post":{"format":"standard"},"jnews_primary_category":[],"jnews_social_meta":[],"jnews_override_counter":[],"footnotes":""},"categories":[4404],"post_tag":[],"class_list":["post-232923","post","type-post","status-publish","format-standard","has-post-thumbnail","hentry","category-saude"],"yoast_head":"<!-- This site is optimized with the Yoast SEO plugin v24.6 - https:\/\/yoast.com\/wordpress\/plugins\/seo\/ -->\n<title>Pessoas acima dos 80 com mente afiada est\u00e3o desafiando tudo que se sabia sobre o c\u00e9rebro - Correio Braziliense - Radar<\/title>\n<meta name=\"description\" content=\"Descubra quem s\u00e3o os SuperAgers e por que alguns idosos mant\u00eam mem\u00f3ria compar\u00e1vel \u00e0 de pessoas mais jovens\" \/>\n<meta name=\"robots\" content=\"index, follow, max-snippet:-1, max-image-preview:large, max-video-preview:-1\" \/>\n<link rel=\"canonical\" href=\"https:\/\/www.correiobraziliense.com.br\/cbradar\/pessoas-acima-dos-80-com-mente-afiada-estao-desafiando-tudo-que-se-sabia-sobre-o-cerebro\/\" \/>\n<meta property=\"og:locale\" content=\"pt_BR\" \/>\n<meta property=\"og:type\" content=\"article\" \/>\n<meta property=\"og:title\" content=\"Pessoas acima dos 80 com mente afiada est\u00e3o desafiando tudo que se sabia sobre o c\u00e9rebro - Correio Braziliense - Radar\" \/>\n<meta property=\"og:description\" content=\"Descubra quem s\u00e3o os SuperAgers e por que alguns idosos mant\u00eam mem\u00f3ria compar\u00e1vel \u00e0 de pessoas mais jovens\" \/>\n<meta property=\"og:url\" content=\"https:\/\/www.correiobraziliense.com.br\/cbradar\/pessoas-acima-dos-80-com-mente-afiada-estao-desafiando-tudo-que-se-sabia-sobre-o-cerebro\/\" \/>\n<meta property=\"og:site_name\" content=\"Correio Braziliense - Radar\" \/>\n<meta property=\"article:published_time\" content=\"2026-04-27T21:25:00+00:00\" \/>\n<meta property=\"og:image\" content=\"https:\/\/www.correiobraziliense.com.br\/cbradar\/wp-content\/uploads\/2026\/04\/idoso_1777292121275.jpg\" \/>\n\t<meta property=\"og:image:width\" content=\"1280\" \/>\n\t<meta property=\"og:image:height\" content=\"720\" \/>\n\t<meta property=\"og:image:type\" content=\"image\/jpeg\" \/>\n<meta name=\"author\" content=\"guilherme_saude\" \/>\n<meta name=\"twitter:card\" content=\"summary_large_image\" \/>\n<meta name=\"twitter:label1\" content=\"Escrito por\" \/>\n\t<meta name=\"twitter:data1\" content=\"guilherme_saude\" \/>\n\t<meta name=\"twitter:label2\" content=\"Est. tempo de leitura\" \/>\n\t<meta name=\"twitter:data2\" content=\"5 minutos\" \/>\n<!-- \/ Yoast SEO plugin. -->","yoast_head_json":{"title":"Pessoas acima dos 80 com mente afiada est\u00e3o desafiando tudo que se sabia sobre o c\u00e9rebro - Correio Braziliense - Radar","description":"Descubra quem s\u00e3o os SuperAgers e por que alguns idosos mant\u00eam mem\u00f3ria compar\u00e1vel \u00e0 de pessoas mais jovens","robots":{"index":"index","follow":"follow","max-snippet":"max-snippet:-1","max-image-preview":"max-image-preview:large","max-video-preview":"max-video-preview:-1"},"canonical":"https:\/\/www.correiobraziliense.com.br\/cbradar\/pessoas-acima-dos-80-com-mente-afiada-estao-desafiando-tudo-que-se-sabia-sobre-o-cerebro\/","og_locale":"pt_BR","og_type":"article","og_title":"Pessoas acima dos 80 com mente afiada est\u00e3o desafiando tudo que se sabia sobre o c\u00e9rebro - Correio Braziliense - Radar","og_description":"Descubra quem s\u00e3o os SuperAgers e por que alguns idosos mant\u00eam mem\u00f3ria compar\u00e1vel \u00e0 de pessoas mais jovens","og_url":"https:\/\/www.correiobraziliense.com.br\/cbradar\/pessoas-acima-dos-80-com-mente-afiada-estao-desafiando-tudo-que-se-sabia-sobre-o-cerebro\/","og_site_name":"Correio Braziliense - Radar","article_published_time":"2026-04-27T21:25:00+00:00","og_image":[{"width":1280,"height":720,"url":"https:\/\/www.correiobraziliense.com.br\/cbradar\/wp-content\/uploads\/2026\/04\/idoso_1777292121275.jpg","type":"image\/jpeg"}],"author":"guilherme_saude","twitter_card":"summary_large_image","twitter_misc":{"Escrito por":"guilherme_saude","Est. tempo de leitura":"5 minutos"},"schema":{"@context":"https:\/\/schema.org","@graph":[{"@type":"WebPage","@id":"https:\/\/www.correiobraziliense.com.br\/cbradar\/pessoas-acima-dos-80-com-mente-afiada-estao-desafiando-tudo-que-se-sabia-sobre-o-cerebro\/","url":"https:\/\/www.correiobraziliense.com.br\/cbradar\/pessoas-acima-dos-80-com-mente-afiada-estao-desafiando-tudo-que-se-sabia-sobre-o-cerebro\/","name":"Pessoas acima dos 80 com mente afiada est\u00e3o desafiando tudo que se sabia sobre o c\u00e9rebro - Correio Braziliense - Radar","isPartOf":{"@id":"https:\/\/www.correiobraziliense.com.br\/cbradar\/#website"},"primaryImageOfPage":{"@id":"https:\/\/www.correiobraziliense.com.br\/cbradar\/pessoas-acima-dos-80-com-mente-afiada-estao-desafiando-tudo-que-se-sabia-sobre-o-cerebro\/#primaryimage"},"image":{"@id":"https:\/\/www.correiobraziliense.com.br\/cbradar\/pessoas-acima-dos-80-com-mente-afiada-estao-desafiando-tudo-que-se-sabia-sobre-o-cerebro\/#primaryimage"},"thumbnailUrl":"https:\/\/www.correiobraziliense.com.br\/cbradar\/wp-content\/uploads\/2026\/04\/idoso_1777292121275.jpg","datePublished":"2026-04-27T21:25:00+00:00","author":{"@id":"https:\/\/www.correiobraziliense.com.br\/cbradar\/#\/schema\/person\/5aa4bf3c8fa699c267933611de12978b"},"description":"Descubra quem s\u00e3o os SuperAgers e por que alguns idosos mant\u00eam mem\u00f3ria compar\u00e1vel \u00e0 de pessoas mais jovens","breadcrumb":{"@id":"https:\/\/www.correiobraziliense.com.br\/cbradar\/pessoas-acima-dos-80-com-mente-afiada-estao-desafiando-tudo-que-se-sabia-sobre-o-cerebro\/#breadcrumb"},"inLanguage":"pt-BR","potentialAction":[{"@type":"ReadAction","target":["https:\/\/www.correiobraziliense.com.br\/cbradar\/pessoas-acima-dos-80-com-mente-afiada-estao-desafiando-tudo-que-se-sabia-sobre-o-cerebro\/"]}]},{"@type":"ImageObject","inLanguage":"pt-BR","@id":"https:\/\/www.correiobraziliense.com.br\/cbradar\/pessoas-acima-dos-80-com-mente-afiada-estao-desafiando-tudo-que-se-sabia-sobre-o-cerebro\/#primaryimage","url":"https:\/\/www.correiobraziliense.com.br\/cbradar\/wp-content\/uploads\/2026\/04\/idoso_1777292121275.jpg","contentUrl":"https:\/\/www.correiobraziliense.com.br\/cbradar\/wp-content\/uploads\/2026\/04\/idoso_1777292121275.jpg","width":1280,"height":720,"caption":"O c\u00e9rebro desses idosos funciona como o de pessoas mais jovens e isso levanta quest\u00f5es - Cr\u00e9ditos: depositphotos.com \/ HayDmitriy"},{"@type":"BreadcrumbList","@id":"https:\/\/www.correiobraziliense.com.br\/cbradar\/pessoas-acima-dos-80-com-mente-afiada-estao-desafiando-tudo-que-se-sabia-sobre-o-cerebro\/#breadcrumb","itemListElement":[{"@type":"ListItem","position":1,"name":"In\u00edcio","item":"https:\/\/www.correiobraziliense.com.br\/cbradar\/"},{"@type":"ListItem","position":2,"name":"Pessoas acima dos 80 com mente afiada est\u00e3o desafiando tudo que se sabia sobre o c\u00e9rebro"}]},{"@type":"WebSite","@id":"https:\/\/www.correiobraziliense.com.br\/cbradar\/#website","url":"https:\/\/www.correiobraziliense.com.br\/cbradar\/","name":"Correio Braziliense - Radar","description":"Acompanhe as \u00faltimas not\u00edcias e fique bem informado sobre tudo o que acontece no Brasil e no mundo.","potentialAction":[{"@type":"SearchAction","target":{"@type":"EntryPoint","urlTemplate":"https:\/\/www.correiobraziliense.com.br\/cbradar\/?s={search_term_string}"},"query-input":{"@type":"PropertyValueSpecification","valueRequired":true,"valueName":"search_term_string"}}],"inLanguage":"pt-BR"},{"@type":"Person","@id":"https:\/\/www.correiobraziliense.com.br\/cbradar\/#\/schema\/person\/5aa4bf3c8fa699c267933611de12978b","name":"guilherme_saude","image":{"@type":"ImageObject","inLanguage":"pt-BR","@id":"https:\/\/www.correiobraziliense.com.br\/cbradar\/#\/schema\/person\/image\/","url":"https:\/\/secure.gravatar.com\/avatar\/df9adfb835d344bc0af109d41756253f?s=96&d=mm&r=g","contentUrl":"https:\/\/secure.gravatar.com\/avatar\/df9adfb835d344bc0af109d41756253f?s=96&d=mm&r=g","caption":"guilherme_saude"},"url":"https:\/\/www.correiobraziliense.com.br\/cbradar\/author\/guilherme_saude\/"}]}},"_links":{"self":[{"href":"https:\/\/www.correiobraziliense.com.br\/cbradar\/wp-json\/wp\/v2\/posts\/232923","targetHints":{"allow":["GET"]}}],"collection":[{"href":"https:\/\/www.correiobraziliense.com.br\/cbradar\/wp-json\/wp\/v2\/posts"}],"about":[{"href":"https:\/\/www.correiobraziliense.com.br\/cbradar\/wp-json\/wp\/v2\/types\/post"}],"author":[{"embeddable":true,"href":"https:\/\/www.correiobraziliense.com.br\/cbradar\/wp-json\/wp\/v2\/users\/14"}],"replies":[{"embeddable":true,"href":"https:\/\/www.correiobraziliense.com.br\/cbradar\/wp-json\/wp\/v2\/comments?post=232923"}],"version-history":[{"count":1,"href":"https:\/\/www.correiobraziliense.com.br\/cbradar\/wp-json\/wp\/v2\/posts\/232923\/revisions"}],"predecessor-version":[{"id":232927,"href":"https:\/\/www.correiobraziliense.com.br\/cbradar\/wp-json\/wp\/v2\/posts\/232923\/revisions\/232927"}],"wp:featuredmedia":[{"embeddable":true,"href":"https:\/\/www.correiobraziliense.com.br\/cbradar\/wp-json\/wp\/v2\/media\/232925"}],"wp:attachment":[{"href":"https:\/\/www.correiobraziliense.com.br\/cbradar\/wp-json\/wp\/v2\/media?parent=232923"}],"wp:term":[{"taxonomy":"category","embeddable":true,"href":"https:\/\/www.correiobraziliense.com.br\/cbradar\/wp-json\/wp\/v2\/categories?post=232923"},{"taxonomy":"post_tag","embeddable":true,"href":"https:\/\/www.correiobraziliense.com.br\/cbradar\/wp-json\/wp\/v2\/post_tag?post=232923"}],"curies":[{"name":"wp","href":"https:\/\/api.w.org\/{rel}","templated":true}]}}