{"id":232924,"date":"2026-04-27T09:55:09","date_gmt":"2026-04-27T12:55:09","guid":{"rendered":"https:\/\/www.correiobraziliense.com.br\/cbradar\/?p=232924"},"modified":"2026-04-27T09:55:11","modified_gmt":"2026-04-27T12:55:11","slug":"milhares-de-turistas-de-pernambuco-rio-grande-do-norte-e-sao-paulo-ficam-retidos-em-fernando-de-noronha-ou-impedidos-de-embarcar-no-recife-enquanto-temporal-com-150-milimetros-de-chuva-cancela-voos-d","status":"publish","type":"post","link":"https:\/\/www.correiobraziliense.com.br\/cbradar\/milhares-de-turistas-de-pernambuco-rio-grande-do-norte-e-sao-paulo-ficam-retidos-em-fernando-de-noronha-ou-impedidos-de-embarcar-no-recife-enquanto-temporal-com-150-milimetros-de-chuva-cancela-voos-d\/","title":{"rendered":"Milhares de turistas de Pernambuco, Rio Grande do Norte e S\u00e3o Paulo ficam retidos em Fernando de Noronha ou impedidos de embarcar no Recife enquanto temporal com 150 mil\u00edmetros de chuva cancela voos da Azul e Latam e obriga ICMBio a fechar Ba\u00eda do Sancho e trilha do Cachimbo"},"content":{"rendered":"\n<p><strong>Um temporal com previs\u00e3o de at\u00e9 150 mil\u00edmetros de chuva e ventos fortes transformou Fernando de Noronha em uma armadilha para milhares de turistas.<\/strong> De um lado, viajantes de Pernambuco, Rio Grande do Norte e S\u00e3o Paulo que estavam na ilha n\u00e3o conseguiram embarcar de volta ao continente. Do outro, turistas que esperavam no Recife para entrar na ilha viram seus voos serem cancelados pela Azul e pela Latam sem previs\u00e3o de remarca\u00e7\u00e3o imediata. A Ag\u00eancia Pernambucana de \u00c1guas e Clima (Apac) confirmou o alerta de 150 mil\u00edmetros de chuva acumulada, com ventos fortes que reduziram a visibilidade na pista do arquip\u00e9lago a n\u00edveis inoper\u00e1veis. O ICMBio, respons\u00e1vel pela gest\u00e3o ambiental da ilha, interditou a Ba\u00eda do Sancho e a trilha do Cachimbo por seguran\u00e7a \u2014 dois dos pontos mais procurados por quem visita Noronha.<\/p>\n\n\n\n<p><strong>\u26a0\ufe0f SE SEU VOO FOI CANCELADO:<\/strong> Voc\u00ea tem direito a reagendamento sem custo, reembolso integral ou reacomoda\u00e7\u00e3o \u2014 independentemente de a causa ter sido mau tempo. Azul e Latam est\u00e3o atendendo via app e site. N\u00e3o aceite apenas cr\u00e9dito se preferir o reembolso.<\/p>\n\n\n\n<h2 class=\"wp-block-heading\">Turistas retidos na ilha e no continente: os dois lados do caos<\/h2>\n\n\n\n<p>O temporal criou dois grupos de v\u00edtimas simult\u00e2neas. Na ilha, turistas que encerraram suas estadias n\u00e3o conseguiram embarcar de volta \u2014 ficando presos em Noronha sem previs\u00e3o de quando os voos seriam retomados. No Recife, quem aguardava para embarcar em dire\u00e7\u00e3o ao arquip\u00e9lago teve os voos cancelados e precisou reorganizar toda a viagem, incluindo hospedagem, passeios e compromissos no continente.<\/p>\n\n\n\n<p>O engenheiro <strong>Daniel Melo, de Natal (RN)<\/strong>, n\u00e3o conseguiu retornar para Recife e teve sua agenda profissional comprometida. A empreendedora <strong>Rosemary Noronha<\/strong> perdeu um compromisso marcado para a segunda-feira seguinte por n\u00e3o conseguir embarcar a tempo. A analista <strong>Taigo Club, de S\u00e3o Paulo (SP)<\/strong>, relatou dificuldades em cadeia provocadas pelos cancelamentos consecutivos. Os tr\u00eas casos ilustram o perfil diverso de quem foi impactado \u2014 viajantes de diferentes estados, com diferentes motivos de viagem, todos diante do mesmo problema.<\/p>\n\n\n\n<h2 class=\"wp-block-heading\">Por que Noronha \u00e9 t\u00e3o vulner\u00e1vel a cancelamentos por chuva<\/h2>\n\n\n\n<p>O Aeroporto Governador Carlos Wilson opera sem sistema ILS (Instrument Landing System) \u2014 o equipamento que permite pousos com baixa visibilidade. Qualquer temporal com visibilidade reduzida torna os pousos tecnicamente invi\u00e1veis, mesmo para pilotos experientes. Somado a isso, Azul e Latam operam apenas algumas frequ\u00eancias di\u00e1rias a partir do Recife \u2014 quando um voo \u00e9 cancelado, os passageiros s\u00e3o deslocados para os pr\u00f3ximos dispon\u00edveis, que podem estar com dias de diferen\u00e7a, especialmente em alta temporada quando todos os voos voam lotados.<\/p>\n\n\n\n<p>\ud83d\udccb O que Azul e Latam est\u00e3o oferecendo<\/p>\n\n\n\n<p><strong>Azul:<\/strong> reagendamento sem custo + cr\u00e9dito de R$ 300 para nova compra \u2014 acesse via <a href=\"https:\/\/www.voeazul.com.br\/pt\/home\" target=\"_blank\" rel=\"noreferrer noopener\">app ou site Azul<\/a><br><strong>Latam:<\/strong> reagendamento sem custo adicional \u2014 acesse via <a href=\"https:\/\/www.latamairlines.com\/br\/pt\/central-de-ajuda\/cancelamentos-e-reembolsos\" target=\"_blank\" rel=\"noreferrer noopener\">central de cancelamentos Latam<\/a><br><strong>Voos de Guarulhos (GRU):<\/strong> operaram normalmente durante todo o per\u00edodo<\/p>\n\n\n\n<h2 class=\"wp-block-heading\">Ba\u00eda do Sancho e trilha do Cachimbo interditadas pelo ICMBio<\/h2>\n\n\n\n<p>Quem conseguiu permanecer na ilha tamb\u00e9m foi impactado. O ICMBio interditou a <strong>Ba\u00eda do Sancho<\/strong> \u2014 eleita repetidamente a melhor praia do Brasil e uma das mais bonitas do mundo \u2014 e a <strong>trilha do Cachimbo<\/strong> durante o temporal. A interdi\u00e7\u00e3o foi motivada pelo risco de acidentes nas trilhas e no mar agitado. Para quem planejou a viagem com foco nesses dois pontos, o impacto foi duplo: al\u00e9m dos problemas de voo, os principais atrativos da ilha ficaram inacess\u00edveis.<\/p>\n\n\n\n<p>Acompanhe a situa\u00e7\u00e3o de reabertura diretamente no <a href=\"https:\/\/www.icmbio.gov.br\/parnamar-fernando-de-noronha\/\" target=\"_blank\" rel=\"noreferrer noopener\">site oficial do Parque Nacional Marinho de Fernando de Noronha<\/a>.<\/p>\n\n\n\n<h2 class=\"wp-block-heading\">Seus direitos como passageiro<\/h2>\n\n\n\n<p>A <a href=\"https:\/\/www.anac.gov.br\/assuntos\/legislacao\/legislacao-1\/resolucoes\/2016\/resolucao-no-400-13-12-2016\" target=\"_blank\" rel=\"noreferrer noopener\">Resolu\u00e7\u00e3o ANAC 400<\/a> \u00e9 clara: cancelamento por mau tempo <strong>n\u00e3o isenta<\/strong> a companhia das obriga\u00e7\u00f5es legais. Voc\u00ea tem direito a escolher entre reembolso integral no mesmo meio de pagamento em at\u00e9 7 dias \u00fateis, reacomoda\u00e7\u00e3o no pr\u00f3ximo voo dispon\u00edvel ou cr\u00e9dito para uso futuro. Se o atraso superar 4 horas, alimenta\u00e7\u00e3o \u00e9 obrigat\u00f3ria. Se for noturno, hospedagem e traslado tamb\u00e9m s\u00e3o devidos. Se a companhia negar qualquer dessas op\u00e7\u00f5es, registre reclama\u00e7\u00e3o diretamente no portal da ANAC.<\/p>\n\n\n\n<h2 class=\"wp-block-heading\">Perguntas frequentes<\/h2>\n\n\n\n<h3 class=\"wp-block-heading\">Meu voo saiu de Guarulhos \u2014 fui afetado?<\/h3>\n\n\n\n<p>N\u00e3o. Os cancelamentos afetaram exclusivamente os voos com origem no Recife (REC). Voos partindo de Guarulhos (GRU) operaram normalmente durante o temporal.<\/p>\n\n\n\n<h3 class=\"wp-block-heading\">Posso pedir reembolso mesmo com cancelamento por mau tempo?<\/h3>\n\n\n\n<p>Sim. A Resolu\u00e7\u00e3o ANAC 400 garante reembolso integral independentemente da causa \u2014 incluindo mau tempo. Se a companhia oferecer apenas cr\u00e9dito, voc\u00ea pode recusar e exigir o valor de volta no mesmo meio de pagamento original.<\/p>\n\n\n\n<h3 class=\"wp-block-heading\">A Ba\u00eda do Sancho e o Cachimbo est\u00e3o reabertos?<\/h3>\n\n\n\n<p>A interdi\u00e7\u00e3o foi tempor\u00e1ria, condicionada \u00e0 dura\u00e7\u00e3o do temporal. Verifique o status atualizado no <a href=\"https:\/\/www.icmbio.gov.br\/parnamar-fernando-de-noronha\/\" target=\"_blank\" rel=\"noreferrer noopener\">site do Parque Nacional de Fernando de Noronha<\/a> antes de planejar qualquer visita.<\/p>\n\n\n\n<p><em>Informa\u00e7\u00f5es baseadas em reportagem do g1 PE e comunicados da Apac, Azul, Latam e ICMBio.<\/em><\/p>\n\n\n\n<p><\/p>\n","protected":false},"excerpt":{"rendered":"<p>Um temporal com previs\u00e3o de at\u00e9 150 mil\u00edmetros de chuva e ventos fortes transformou Fernando de Noronha em uma armadilha para milhares de turistas. De um lado, viajantes de Pernambuco, Rio Grande do Norte e S\u00e3o Paulo que estavam na ilha n\u00e3o conseguiram embarcar de volta ao continente. Do outro, turistas que esperavam no Recife [&hellip;]<\/p>\n","protected":false},"author":2,"featured_media":232948,"comment_status":"open","ping_status":"open","sticky":false,"template":"","format":"standard","meta":{"_yoast_wpseo_focuskw":"fernando de noronha","_yoast_wpseo_title":"","_yoast_wpseo_metadesc":"Temporal com 150mm de chuva cancela voos da Azul e Latam para Fernando de Noronha pelo Recife. Ba\u00eda do Sancho fechada. Veja direitos e como reagendar.","jnews-multi-image_gallery":[],"jnews_single_post":{"format":"standard"},"jnews_primary_category":[],"jnews_social_meta":[],"jnews_override_counter":[],"footnotes":""},"categories":[169,111],"post_tag":[],"class_list":["post-232924","post","type-post","status-publish","format-standard","has-post-thumbnail","hentry","category-noticias","category-turismo"],"yoast_head":"<!-- This site is optimized with the Yoast SEO plugin v24.6 - https:\/\/yoast.com\/wordpress\/plugins\/seo\/ -->\n<title>Milhares de turistas de Pernambuco, Rio Grande do Norte e S\u00e3o Paulo ficam retidos em Fernando de Noronha ou impedidos de embarcar no Recife enquanto temporal com 150 mil\u00edmetros de chuva cancela voos da Azul e Latam e obriga ICMBio a fechar Ba\u00eda do Sancho e trilha do Cachimbo - Correio Braziliense - Radar<\/title>\n<meta name=\"description\" content=\"Temporal com 150mm de chuva cancela voos da Azul e Latam para Fernando de Noronha pelo Recife. Ba\u00eda do Sancho fechada. Veja direitos e como reagendar.\" \/>\n<meta name=\"robots\" content=\"index, follow, max-snippet:-1, max-image-preview:large, max-video-preview:-1\" \/>\n<link rel=\"canonical\" href=\"https:\/\/www.correiobraziliense.com.br\/cbradar\/milhares-de-turistas-de-pernambuco-rio-grande-do-norte-e-sao-paulo-ficam-retidos-em-fernando-de-noronha-ou-impedidos-de-embarcar-no-recife-enquanto-temporal-com-150-milimetros-de-chuva-cancela-voos-d\/\" \/>\n<meta property=\"og:locale\" content=\"pt_BR\" \/>\n<meta property=\"og:type\" content=\"article\" \/>\n<meta property=\"og:title\" content=\"Milhares de turistas de Pernambuco, Rio Grande do Norte e S\u00e3o Paulo ficam retidos em Fernando de Noronha ou impedidos de embarcar no Recife enquanto temporal com 150 mil\u00edmetros de chuva cancela voos da Azul e Latam e obriga ICMBio a fechar Ba\u00eda do Sancho e trilha do Cachimbo - Correio Braziliense - Radar\" \/>\n<meta property=\"og:description\" content=\"Temporal com 150mm de chuva cancela voos da Azul e Latam para Fernando de Noronha pelo Recife. Ba\u00eda do Sancho fechada. Veja direitos e como reagendar.\" \/>\n<meta property=\"og:url\" content=\"https:\/\/www.correiobraziliense.com.br\/cbradar\/milhares-de-turistas-de-pernambuco-rio-grande-do-norte-e-sao-paulo-ficam-retidos-em-fernando-de-noronha-ou-impedidos-de-embarcar-no-recife-enquanto-temporal-com-150-milimetros-de-chuva-cancela-voos-d\/\" \/>\n<meta property=\"og:site_name\" content=\"Correio Braziliense - Radar\" \/>\n<meta property=\"article:published_time\" content=\"2026-04-27T12:55:09+00:00\" \/>\n<meta property=\"article:modified_time\" content=\"2026-04-27T12:55:11+00:00\" \/>\n<meta property=\"og:image\" content=\"https:\/\/www.correiobraziliense.com.br\/cbradar\/wp-content\/uploads\/2026\/04\/freepik_fix-the-following-element_2873703388.jpeg\" \/>\n\t<meta property=\"og:image:width\" content=\"1376\" \/>\n\t<meta property=\"og:image:height\" content=\"768\" \/>\n\t<meta property=\"og:image:type\" content=\"image\/jpeg\" \/>\n<meta name=\"author\" content=\"Jo\u00e3o Victor\" \/>\n<meta name=\"twitter:card\" content=\"summary_large_image\" \/>\n<meta name=\"twitter:label1\" content=\"Escrito por\" \/>\n\t<meta name=\"twitter:data1\" content=\"Jo\u00e3o Victor\" \/>\n\t<meta name=\"twitter:label2\" content=\"Est. tempo de leitura\" \/>\n\t<meta name=\"twitter:data2\" content=\"5 minutos\" \/>\n<!-- \/ Yoast SEO plugin. -->","yoast_head_json":{"title":"Milhares de turistas de Pernambuco, Rio Grande do Norte e S\u00e3o Paulo ficam retidos em Fernando de Noronha ou impedidos de embarcar no Recife enquanto temporal com 150 mil\u00edmetros de chuva cancela voos da Azul e Latam e obriga ICMBio a fechar Ba\u00eda do Sancho e trilha do Cachimbo - Correio Braziliense - Radar","description":"Temporal com 150mm de chuva cancela voos da Azul e Latam para Fernando de Noronha pelo Recife. Ba\u00eda do Sancho fechada. Veja direitos e como reagendar.","robots":{"index":"index","follow":"follow","max-snippet":"max-snippet:-1","max-image-preview":"max-image-preview:large","max-video-preview":"max-video-preview:-1"},"canonical":"https:\/\/www.correiobraziliense.com.br\/cbradar\/milhares-de-turistas-de-pernambuco-rio-grande-do-norte-e-sao-paulo-ficam-retidos-em-fernando-de-noronha-ou-impedidos-de-embarcar-no-recife-enquanto-temporal-com-150-milimetros-de-chuva-cancela-voos-d\/","og_locale":"pt_BR","og_type":"article","og_title":"Milhares de turistas de Pernambuco, Rio Grande do Norte e S\u00e3o Paulo ficam retidos em Fernando de Noronha ou impedidos de embarcar no Recife enquanto temporal com 150 mil\u00edmetros de chuva cancela voos da Azul e Latam e obriga ICMBio a fechar Ba\u00eda do Sancho e trilha do Cachimbo - Correio Braziliense - Radar","og_description":"Temporal com 150mm de chuva cancela voos da Azul e Latam para Fernando de Noronha pelo Recife. Ba\u00eda do Sancho fechada. Veja direitos e como reagendar.","og_url":"https:\/\/www.correiobraziliense.com.br\/cbradar\/milhares-de-turistas-de-pernambuco-rio-grande-do-norte-e-sao-paulo-ficam-retidos-em-fernando-de-noronha-ou-impedidos-de-embarcar-no-recife-enquanto-temporal-com-150-milimetros-de-chuva-cancela-voos-d\/","og_site_name":"Correio Braziliense - Radar","article_published_time":"2026-04-27T12:55:09+00:00","article_modified_time":"2026-04-27T12:55:11+00:00","og_image":[{"width":1376,"height":768,"url":"https:\/\/www.correiobraziliense.com.br\/cbradar\/wp-content\/uploads\/2026\/04\/freepik_fix-the-following-element_2873703388.jpeg","type":"image\/jpeg"}],"author":"Jo\u00e3o Victor","twitter_card":"summary_large_image","twitter_misc":{"Escrito por":"Jo\u00e3o Victor","Est. tempo de leitura":"5 minutos"},"schema":{"@context":"https:\/\/schema.org","@graph":[{"@type":"WebPage","@id":"https:\/\/www.correiobraziliense.com.br\/cbradar\/milhares-de-turistas-de-pernambuco-rio-grande-do-norte-e-sao-paulo-ficam-retidos-em-fernando-de-noronha-ou-impedidos-de-embarcar-no-recife-enquanto-temporal-com-150-milimetros-de-chuva-cancela-voos-d\/","url":"https:\/\/www.correiobraziliense.com.br\/cbradar\/milhares-de-turistas-de-pernambuco-rio-grande-do-norte-e-sao-paulo-ficam-retidos-em-fernando-de-noronha-ou-impedidos-de-embarcar-no-recife-enquanto-temporal-com-150-milimetros-de-chuva-cancela-voos-d\/","name":"Milhares de turistas de Pernambuco, Rio Grande do Norte e S\u00e3o Paulo ficam retidos em Fernando de Noronha ou impedidos de embarcar no Recife enquanto temporal com 150 mil\u00edmetros de chuva cancela voos da Azul e Latam e obriga ICMBio a fechar Ba\u00eda do Sancho e trilha do Cachimbo - Correio Braziliense - Radar","isPartOf":{"@id":"https:\/\/www.correiobraziliense.com.br\/cbradar\/#website"},"primaryImageOfPage":{"@id":"https:\/\/www.correiobraziliense.com.br\/cbradar\/milhares-de-turistas-de-pernambuco-rio-grande-do-norte-e-sao-paulo-ficam-retidos-em-fernando-de-noronha-ou-impedidos-de-embarcar-no-recife-enquanto-temporal-com-150-milimetros-de-chuva-cancela-voos-d\/#primaryimage"},"image":{"@id":"https:\/\/www.correiobraziliense.com.br\/cbradar\/milhares-de-turistas-de-pernambuco-rio-grande-do-norte-e-sao-paulo-ficam-retidos-em-fernando-de-noronha-ou-impedidos-de-embarcar-no-recife-enquanto-temporal-com-150-milimetros-de-chuva-cancela-voos-d\/#primaryimage"},"thumbnailUrl":"https:\/\/www.correiobraziliense.com.br\/cbradar\/wp-content\/uploads\/2026\/04\/freepik_fix-the-following-element_2873703388.jpeg","datePublished":"2026-04-27T12:55:09+00:00","dateModified":"2026-04-27T12:55:11+00:00","author":{"@id":"https:\/\/www.correiobraziliense.com.br\/cbradar\/#\/schema\/person\/3718880751cb9505f3c5588976f1d18d"},"description":"Temporal com 150mm de chuva cancela voos da Azul e Latam para Fernando de Noronha pelo Recife. Ba\u00eda do Sancho fechada. Veja direitos e como reagendar.","breadcrumb":{"@id":"https:\/\/www.correiobraziliense.com.br\/cbradar\/milhares-de-turistas-de-pernambuco-rio-grande-do-norte-e-sao-paulo-ficam-retidos-em-fernando-de-noronha-ou-impedidos-de-embarcar-no-recife-enquanto-temporal-com-150-milimetros-de-chuva-cancela-voos-d\/#breadcrumb"},"inLanguage":"pt-BR","potentialAction":[{"@type":"ReadAction","target":["https:\/\/www.correiobraziliense.com.br\/cbradar\/milhares-de-turistas-de-pernambuco-rio-grande-do-norte-e-sao-paulo-ficam-retidos-em-fernando-de-noronha-ou-impedidos-de-embarcar-no-recife-enquanto-temporal-com-150-milimetros-de-chuva-cancela-voos-d\/"]}]},{"@type":"ImageObject","inLanguage":"pt-BR","@id":"https:\/\/www.correiobraziliense.com.br\/cbradar\/milhares-de-turistas-de-pernambuco-rio-grande-do-norte-e-sao-paulo-ficam-retidos-em-fernando-de-noronha-ou-impedidos-de-embarcar-no-recife-enquanto-temporal-com-150-milimetros-de-chuva-cancela-voos-d\/#primaryimage","url":"https:\/\/www.correiobraziliense.com.br\/cbradar\/wp-content\/uploads\/2026\/04\/freepik_fix-the-following-element_2873703388.jpeg","contentUrl":"https:\/\/www.correiobraziliense.com.br\/cbradar\/wp-content\/uploads\/2026\/04\/freepik_fix-the-following-element_2873703388.jpeg","width":1376,"height":768,"caption":"Passageira impedida de embarcar observa painel com voos cancelados no aeroporto do Recife durante temporal que suspendeu opera\u00e7\u00f5es da Azul e Latam para Fernando de Noronha. \u2014 Imagem: Freepik \/ Gerada por IA (ilustrativa)"},{"@type":"BreadcrumbList","@id":"https:\/\/www.correiobraziliense.com.br\/cbradar\/milhares-de-turistas-de-pernambuco-rio-grande-do-norte-e-sao-paulo-ficam-retidos-em-fernando-de-noronha-ou-impedidos-de-embarcar-no-recife-enquanto-temporal-com-150-milimetros-de-chuva-cancela-voos-d\/#breadcrumb","itemListElement":[{"@type":"ListItem","position":1,"name":"In\u00edcio","item":"https:\/\/www.correiobraziliense.com.br\/cbradar\/"},{"@type":"ListItem","position":2,"name":"Milhares de turistas de Pernambuco, Rio Grande do Norte e S\u00e3o Paulo ficam retidos em Fernando de Noronha ou impedidos de embarcar no Recife enquanto temporal com 150 mil\u00edmetros de chuva cancela voos da Azul e Latam e obriga ICMBio a fechar Ba\u00eda do Sancho e trilha do Cachimbo"}]},{"@type":"WebSite","@id":"https:\/\/www.correiobraziliense.com.br\/cbradar\/#website","url":"https:\/\/www.correiobraziliense.com.br\/cbradar\/","name":"Correio Braziliense - Radar","description":"Acompanhe as \u00faltimas not\u00edcias e fique bem informado sobre tudo o que acontece no Brasil e no mundo.","potentialAction":[{"@type":"SearchAction","target":{"@type":"EntryPoint","urlTemplate":"https:\/\/www.correiobraziliense.com.br\/cbradar\/?s={search_term_string}"},"query-input":{"@type":"PropertyValueSpecification","valueRequired":true,"valueName":"search_term_string"}}],"inLanguage":"pt-BR"},{"@type":"Person","@id":"https:\/\/www.correiobraziliense.com.br\/cbradar\/#\/schema\/person\/3718880751cb9505f3c5588976f1d18d","name":"Jo\u00e3o Victor","image":{"@type":"ImageObject","inLanguage":"pt-BR","@id":"https:\/\/www.correiobraziliense.com.br\/cbradar\/#\/schema\/person\/image\/","url":"https:\/\/secure.gravatar.com\/avatar\/c70f0bc70a127808cfa0c6bd5694635c?s=96&d=mm&r=g","contentUrl":"https:\/\/secure.gravatar.com\/avatar\/c70f0bc70a127808cfa0c6bd5694635c?s=96&d=mm&r=g","caption":"Jo\u00e3o Victor"},"url":"https:\/\/www.correiobraziliense.com.br\/cbradar\/author\/joao\/"}]}},"_links":{"self":[{"href":"https:\/\/www.correiobraziliense.com.br\/cbradar\/wp-json\/wp\/v2\/posts\/232924","targetHints":{"allow":["GET"]}}],"collection":[{"href":"https:\/\/www.correiobraziliense.com.br\/cbradar\/wp-json\/wp\/v2\/posts"}],"about":[{"href":"https:\/\/www.correiobraziliense.com.br\/cbradar\/wp-json\/wp\/v2\/types\/post"}],"author":[{"embeddable":true,"href":"https:\/\/www.correiobraziliense.com.br\/cbradar\/wp-json\/wp\/v2\/users\/2"}],"replies":[{"embeddable":true,"href":"https:\/\/www.correiobraziliense.com.br\/cbradar\/wp-json\/wp\/v2\/comments?post=232924"}],"version-history":[{"count":1,"href":"https:\/\/www.correiobraziliense.com.br\/cbradar\/wp-json\/wp\/v2\/posts\/232924\/revisions"}],"predecessor-version":[{"id":232951,"href":"https:\/\/www.correiobraziliense.com.br\/cbradar\/wp-json\/wp\/v2\/posts\/232924\/revisions\/232951"}],"wp:featuredmedia":[{"embeddable":true,"href":"https:\/\/www.correiobraziliense.com.br\/cbradar\/wp-json\/wp\/v2\/media\/232948"}],"wp:attachment":[{"href":"https:\/\/www.correiobraziliense.com.br\/cbradar\/wp-json\/wp\/v2\/media?parent=232924"}],"wp:term":[{"taxonomy":"category","embeddable":true,"href":"https:\/\/www.correiobraziliense.com.br\/cbradar\/wp-json\/wp\/v2\/categories?post=232924"},{"taxonomy":"post_tag","embeddable":true,"href":"https:\/\/www.correiobraziliense.com.br\/cbradar\/wp-json\/wp\/v2\/post_tag?post=232924"}],"curies":[{"name":"wp","href":"https:\/\/api.w.org\/{rel}","templated":true}]}}