{"id":232938,"date":"2026-04-28T06:05:00","date_gmt":"2026-04-28T09:05:00","guid":{"rendered":"https:\/\/www.correiobraziliense.com.br\/cbradar\/?p=232938"},"modified":"2026-04-27T09:24:46","modified_gmt":"2026-04-27T12:24:46","slug":"tdah-ou-autismo-voce-pode-estar-confundindo-os-sinais-sem-perceber","status":"publish","type":"post","link":"https:\/\/www.correiobraziliense.com.br\/cbradar\/tdah-ou-autismo-voce-pode-estar-confundindo-os-sinais-sem-perceber\/","title":{"rendered":"TDAH ou autismo voc\u00ea pode estar confundindo os sinais sem perceber"},"content":{"rendered":"\n<p>Os transtornos do neurodesenvolvimento, como o Transtorno de D\u00e9ficit de Aten\u00e7\u00e3o e Hiperatividade (TDAH) e o Transtorno do Espectro Autista (TEA), t\u00eam recebido aten\u00e7\u00e3o crescente nas \u00faltimas d\u00e9cadas, refletindo um esfor\u00e7o para compreender suas complexidades, particularidades, diferen\u00e7as diagn\u00f3sticas e implica\u00e7\u00f5es para o tratamento ao longo da vida.<\/p>\n\n\n\n<h2 class=\"wp-block-heading\">Quais as diferen\u00e7as entre TDAH e TEA na intera\u00e7\u00e3o social?<\/h2>\n\n\n\n<p>A intera\u00e7\u00e3o social \u00e9 um ponto central para diferenciar TDAH de TEA. Indiv\u00edduos com TDAH geralmente compreendem as normas sociais, mas t\u00eam dificuldades em segui-las de modo consistente, interrompendo os outros ou perdendo o fio da conversa, apesar de desejarem participar socialmente.<\/p>\n\n\n\n<p>Em contraste, pessoas com TEA podem ter dificuldade em decodificar sinais sociais sutis, como ironias ou express\u00f5es faciais complexas, e costumam seguir roteiros r\u00edgidos de conversa\u00e7\u00e3o. No TDAH, a motiva\u00e7\u00e3o social tende a ser mais preservada, enquanto no TEA a compreens\u00e3o das regras sociais \u00e9 parcial, pouco clara ou muito <a href=\"https:\/\/www.correiobraziliense.com.br\/cbradar\/o-avanco-tecnologico-que-esta-deixando-diagnosticos-mais-rapidos-e-precisos\/\" target=\"_blank\" rel=\"noreferrer noopener\">literal<\/a>.<\/p>\n\n\n\n<h2 class=\"wp-block-heading\">Como TDAH e TEA afetam a aten\u00e7\u00e3o de maneiras diferentes?<\/h2>\n\n\n\n<p>Embora ambos os transtornos possam resultar em distra\u00e7\u00e3o, as causas subjacentes s\u00e3o diferentes. No TDAH, a distra\u00e7\u00e3o decorre da dificuldade de filtrar est\u00edmulos do ambiente, como sons e pensamentos, semelhante a um navegador com v\u00e1rias abas abertas, mesmo quando a pessoa sabe que precisa se concentrar.<\/p>\n\n\n\n<p>No TEA, a aten\u00e7\u00e3o costuma se concentrar intensamente em temas espec\u00edficos, e outras tarefas perdem rapidamente o engajamento. No TDAH, h\u00e1 dispers\u00e3o mesmo em assuntos de interesse; no TEA, a distra\u00e7\u00e3o surge quando a atividade n\u00e3o se alinha ao interesse especial ou se afasta da rotina planejada.<\/p>\n\n\n<div class=\"wp-block-image\">\n<figure class=\"aligncenter size-large\"><img decoding=\"async\" width=\"1024\" height=\"576\" src=\"https:\/\/www.correiobraziliense.com.br\/cbradar\/wp-content\/uploads\/2025\/06\/tdah_1749730426383-1024x576.jpg\" alt=\"\" class=\"wp-image-52290\" srcset=\"https:\/\/www.correiobraziliense.com.br\/cbradar\/wp-content\/uploads\/2025\/06\/tdah_1749730426383-1024x576.jpg 1024w, https:\/\/www.correiobraziliense.com.br\/cbradar\/wp-content\/uploads\/2025\/06\/tdah_1749730426383-300x169.jpg 300w, https:\/\/www.correiobraziliense.com.br\/cbradar\/wp-content\/uploads\/2025\/06\/tdah_1749730426383-768x432.jpg 768w, https:\/\/www.correiobraziliense.com.br\/cbradar\/wp-content\/uploads\/2025\/06\/tdah_1749730426383-750x422.jpg 750w, https:\/\/www.correiobraziliense.com.br\/cbradar\/wp-content\/uploads\/2025\/06\/tdah_1749730426383-1140x641.jpg 1140w, https:\/\/www.correiobraziliense.com.br\/cbradar\/wp-content\/uploads\/2025\/06\/tdah_1749730426383.jpg 1280w\" sizes=\"(max-width: 1024px) 100vw, 1024px\" \/><figcaption class=\"wp-element-caption\">TDAH &#8211; Cr\u00e9ditos: depositphotos.com \/ 1StunningArt<\/figcaption><\/figure><\/div>\n\n\n<h2 class=\"wp-block-heading\">Como ocorre o processamento sensorial no TDAH e no TEA?<\/h2>\n\n\n\n<p>O modo como cada transtorno processa est\u00edmulos sensoriais tamb\u00e9m auxilia na diferencia\u00e7\u00e3o. Indiv\u00edduos com TEA frequentemente apresentam respostas sensoriais intensas a sons, luzes ou texturas, ou buscam sensa\u00e7\u00f5es espec\u00edficas, sendo esse aspecto parte dos crit\u00e9rios diagn\u00f3sticos do TEA.<\/p>\n\n\n\n<p>Para tornar mais clara essa distin\u00e7\u00e3o, veja alguns contrastes frequentes no processamento sensorial de TDAH e TEA, que ilustram como o c\u00e9rebro filtra e responde aos est\u00edmulos do ambiente:<\/p>\n\n\n\n<style>\n  .make-wrap{\n    max-width: 760px;\n    margin: 26px auto;\n    padding: 18px;\n    border-radius: 18px;\n    background: linear-gradient(135deg,#f0f7ff 0%,#eef2ff 100%);\n    border: 1px solid #c7d2fe;\n    box-shadow: 0 8px 20px rgba(59,130,246,.12);\n    font-family: system-ui, -apple-system, Segoe UI, Roboto, Helvetica, Arial, sans-serif;\n  }\n\n  .make-title{\n    display:flex; \n    align-items:center; \n    gap:10px;\n    margin:0 0 12px 4px;\n    font-size:1.2rem; \n    font-weight:900; \n    color:#1e3a8a;\n  }\n\n  .make-table{\n    width:100%;\n    border-collapse:separate;\n    border-spacing:0;\n    overflow:hidden;\n    border-radius:16px;\n    border:1px solid #c7d2fe;\n    background:#fff;\n    font-size:.92rem;\n  }\n\n  .make-table thead th{\n    background:linear-gradient(90deg,#dbeafe 0%,#e0e7ff 100%);\n    padding:12px;\n    color:#1e40af;\n    font-weight:800;\n    text-align:left;\n    border-bottom:1px solid #c7d2fe;\n  }\n\n  .make-table tbody td{\n    padding:12px;\n    color:#374151;\n    vertical-align:top;\n    border-bottom:1px dashed #c7d2fe;\n  }\n\n  .make-table tbody tr:nth-child(odd){\n    background:#f8fbff;\n  }\n\n  .price{\n    display:inline-flex;\n    align-items:center;\n    background:#eff6ff;\n    color:#1d4ed8;\n    padding:6px 10px;\n    border-radius:10px;\n    border:1px solid #bfdbfe;\n    font-weight:700;\n    white-space:nowrap;\n  }\n\n  .badge{\n    display:inline-block;\n    background:#e0e7ff;\n    color:#4338ca;\n    border:1px solid #c7d2fe;\n    padding:4px 10px;\n    border-radius:999px;\n    font-weight:700;\n    font-size:.78rem;\n  }\n\n  @media (max-width:720px){\n    .make-table thead{display:none}\n    .make-table, .make-table tbody, .make-table tr, .make-table td{\n      display:block; \n      width:100%;\n    }\n    .make-table tr{\n      margin-bottom:12px;\n      border:1px solid #c7d2fe;\n      border-radius:14px;\n      overflow:hidden;\n      background:#fff;\n    }\n    .make-table td[data-label]:before{\n      content:attr(data-label);\n      display:block;\n      font-weight:800;\n      color:#1e40af;\n      margin-bottom:4px;\n    }\n    .make-table tbody td:last-child{border-bottom:none}\n  }\n<\/style>\n\n<div class=\"make-wrap\">\n  <h3 class=\"make-title\">\ud83d\udc99\ud83e\udde0 TEA x TDAH: Diferen\u00e7as no Processamento Sensorial<\/h3>\n\n  <table class=\"make-table\">\n    <thead>\n      <tr>\n        <th>Condi\u00e7\u00e3o<\/th>\n        <th>Descri\u00e7\u00e3o<\/th>\n      <\/tr>\n    <\/thead>\n    <tbody>\n      <tr>\n        <td data-label=\"Condi\u00e7\u00e3o\">TEA<\/td>\n        <td data-label=\"Descri\u00e7\u00e3o\">No TEA, o sistema sensorial funciona como um painel com bot\u00f5es regulados de forma desigual, gerando hipersensibilidade ou busca ativa de determinadas sensa\u00e7\u00f5es.<\/td>\n      <\/tr>\n      <tr>\n        <td data-label=\"Condi\u00e7\u00e3o\">TDAH<\/td>\n        <td data-label=\"Descri\u00e7\u00e3o\">No TDAH, o painel pode ter regulagem relativamente t\u00edpica, mas o filtro para selecionar os est\u00edmulos relevantes apresenta falhas.<\/td>\n      <\/tr>\n      <tr>\n        <td data-label=\"Condi\u00e7\u00e3o\">Compara\u00e7\u00e3o<\/td>\n        <td data-label=\"Descri\u00e7\u00e3o\">Rea\u00e7\u00f5es sensoriais at\u00edpicas s\u00e3o centrais no diagn\u00f3stico do TEA, enquanto no TDAH costumam aparecer como queixas secund\u00e1rias em ambientes muito ruidosos ou ca\u00f3ticos.<\/td>\n      <\/tr>\n    <\/tbody>\n  <\/table>\n\n  <p style=\"margin-top:14px; color:#6b7280; font-size:.9rem;\">\n    \ud83d\udca1 <strong>Dica:<\/strong> Entender essas diferen\u00e7as ajuda a direcionar melhor estrat\u00e9gias de cuidado e interven\u00e7\u00e3o.\n  <\/p>\n<\/div>\n\n\n\n\n<h2 class=\"wp-block-heading\">Qual \u00e9 a rela\u00e7\u00e3o entre TDAH e TEA e por que o diagn\u00f3stico adequado \u00e9 importante?<\/h2>\n\n\n\n<p>Estudos mostram que TDAH e TEA podem coexistir em um mesmo indiv\u00edduo, o que torna o diagn\u00f3stico cl\u00ednico mais complexo. O DSM-5 permite o diagn\u00f3stico simult\u00e2neo de ambos, exigindo an\u00e1lise cuidadosa da hist\u00f3ria de desenvolvimento, observa\u00e7\u00e3o em diferentes contextos e uso de instrumentos padronizados.<\/p>\n\n\n\n<p>Ao avaliar cada caso, \u00e9 fundamental considerar fatores culturais e ambientais que influenciam o comportamento. Com informa\u00e7\u00f5es precisas e acompanhamento t\u00e9cnico qualificado, fam\u00edlias e indiv\u00edduos podem desenvolver estrat\u00e9gias de suporte e interven\u00e7\u00f5es educacionais, psicoterap\u00eauticas e, quando necess\u00e1rio, farmacol\u00f3gicas, melhor ajustadas \u00e0s necessidades de cada pessoa.<\/p>\n\n\n<a href=\"https:\/\/www.instagram.com\/dra.annaluisabf\/\" target=\"_blank\" rel=\"noopener\" style=\"text-decoration: none; color: inherit;\">\n    <span style=\"display: inline-block; border: 1px solid #ccc; border-radius: 10px; padding: 15px; max-width: 550px; font-family: sans-serif; box-shadow: 0 2px 5px rgba(0,0,0,0.1); width: 100%;\">\n\n      <!-- T\u00edtulo -->\n      <span style=\"display: block; margin: 0 0 15px 0; font-weight: bold; color: #2c3e50; text-align: center;\">\n        Entre em contato:\n      <\/span>\n\n      <!-- Linha do perfil -->\n      <span style=\"display: flex; align-items: center; gap: 15px;\">\n        <img decoding=\"async\"\n          src=\"https:\/\/www.correiobraziliense.com.br\/cbradar\/wp-content\/uploads\/2025\/08\/dra_anna_luisa.jpeg\"\n          alt=\"Foto da Dra. Anna Lu\u00edsa\"\n          style=\"border-radius: 50%; width: 80px; height: 80px; object-fit: cover;\"\n        \/>\n        <span style=\"display: flex; flex-direction: column;\">\n          <span style=\"font-size: 18px; font-weight: 700; color: #2c3e50;\">Dra. Anna Lu\u00edsa Barbosa Fernandes<\/span>\n          <span style=\"color: #555;\">CRM-GO 33.271<\/span>\n        <\/span>\n      <\/span>\n\n      <!-- Redes -->\n      <span style=\"display: flex; align-items: center; gap: 10px; margin-top: 12px;\">\n        <img decoding=\"async\" src=\"https:\/\/cdn-icons-png.flaticon.com\/24\/1384\/1384063.png\" alt=\"Instagram\" width=\"24\" height=\"24\" \/>\n        <span style=\"text-decoration: underline; color: #2c3e50;\">@dra.annaluisabf<\/span>\n      <\/span>\n\n    <\/span>\n  <\/a>","protected":false},"excerpt":{"rendered":"<p>Os transtornos do neurodesenvolvimento, como o Transtorno de D\u00e9ficit de Aten\u00e7\u00e3o e Hiperatividade (TDAH) e o Transtorno do Espectro Autista (TEA), t\u00eam recebido aten\u00e7\u00e3o crescente nas \u00faltimas d\u00e9cadas, refletindo um esfor\u00e7o para compreender suas complexidades, particularidades, diferen\u00e7as diagn\u00f3sticas e implica\u00e7\u00f5es para o tratamento ao longo da vida. Quais as diferen\u00e7as entre TDAH e TEA na [&hellip;]<\/p>\n","protected":false},"author":14,"featured_media":42923,"comment_status":"open","ping_status":"open","sticky":false,"template":"","format":"standard","meta":{"_yoast_wpseo_focuskw":"TDAH ou autismo","_yoast_wpseo_title":"","_yoast_wpseo_metadesc":"Entenda as diferen\u00e7as entre TDAH e autismo e por que esses transtornos s\u00e3o frequentemente confundidos","jnews-multi-image_gallery":[],"jnews_single_post":{"format":"standard"},"jnews_primary_category":[],"jnews_social_meta":[],"jnews_override_counter":[],"footnotes":""},"categories":[4404],"post_tag":[],"class_list":["post-232938","post","type-post","status-publish","format-standard","has-post-thumbnail","hentry","category-saude"],"yoast_head":"<!-- This site is optimized with the Yoast SEO plugin v24.6 - https:\/\/yoast.com\/wordpress\/plugins\/seo\/ -->\n<title>TDAH ou autismo voc\u00ea pode estar confundindo os sinais sem perceber - Correio Braziliense - Radar<\/title>\n<meta name=\"description\" content=\"Entenda as diferen\u00e7as entre TDAH e autismo e por que esses transtornos s\u00e3o frequentemente confundidos\" \/>\n<meta name=\"robots\" content=\"index, follow, max-snippet:-1, max-image-preview:large, max-video-preview:-1\" \/>\n<link rel=\"canonical\" href=\"https:\/\/www.correiobraziliense.com.br\/cbradar\/tdah-ou-autismo-voce-pode-estar-confundindo-os-sinais-sem-perceber\/\" \/>\n<meta property=\"og:locale\" content=\"pt_BR\" \/>\n<meta property=\"og:type\" content=\"article\" \/>\n<meta property=\"og:title\" content=\"TDAH ou autismo voc\u00ea pode estar confundindo os sinais sem perceber - Correio Braziliense - Radar\" \/>\n<meta property=\"og:description\" content=\"Entenda as diferen\u00e7as entre TDAH e autismo e por que esses transtornos s\u00e3o frequentemente confundidos\" \/>\n<meta property=\"og:url\" content=\"https:\/\/www.correiobraziliense.com.br\/cbradar\/tdah-ou-autismo-voce-pode-estar-confundindo-os-sinais-sem-perceber\/\" \/>\n<meta property=\"og:site_name\" content=\"Correio Braziliense - Radar\" \/>\n<meta property=\"article:published_time\" content=\"2026-04-28T09:05:00+00:00\" \/>\n<meta property=\"og:image\" content=\"https:\/\/www.correiobraziliense.com.br\/cbradar\/wp-content\/uploads\/2025\/05\/autismo_1748208000746.jpg\" \/>\n\t<meta property=\"og:image:width\" content=\"1280\" \/>\n\t<meta property=\"og:image:height\" content=\"720\" \/>\n\t<meta property=\"og:image:type\" content=\"image\/jpeg\" \/>\n<meta name=\"author\" content=\"guilherme_saude\" \/>\n<meta name=\"twitter:card\" content=\"summary_large_image\" \/>\n<meta name=\"twitter:label1\" content=\"Escrito por\" \/>\n\t<meta name=\"twitter:data1\" content=\"guilherme_saude\" \/>\n\t<meta name=\"twitter:label2\" content=\"Est. tempo de leitura\" \/>\n\t<meta name=\"twitter:data2\" content=\"4 minutos\" \/>\n<!-- \/ Yoast SEO plugin. -->","yoast_head_json":{"title":"TDAH ou autismo voc\u00ea pode estar confundindo os sinais sem perceber - Correio Braziliense - Radar","description":"Entenda as diferen\u00e7as entre TDAH e autismo e por que esses transtornos s\u00e3o frequentemente confundidos","robots":{"index":"index","follow":"follow","max-snippet":"max-snippet:-1","max-image-preview":"max-image-preview:large","max-video-preview":"max-video-preview:-1"},"canonical":"https:\/\/www.correiobraziliense.com.br\/cbradar\/tdah-ou-autismo-voce-pode-estar-confundindo-os-sinais-sem-perceber\/","og_locale":"pt_BR","og_type":"article","og_title":"TDAH ou autismo voc\u00ea pode estar confundindo os sinais sem perceber - Correio Braziliense - Radar","og_description":"Entenda as diferen\u00e7as entre TDAH e autismo e por que esses transtornos s\u00e3o frequentemente confundidos","og_url":"https:\/\/www.correiobraziliense.com.br\/cbradar\/tdah-ou-autismo-voce-pode-estar-confundindo-os-sinais-sem-perceber\/","og_site_name":"Correio Braziliense - Radar","article_published_time":"2026-04-28T09:05:00+00:00","og_image":[{"width":1280,"height":720,"url":"https:\/\/www.correiobraziliense.com.br\/cbradar\/wp-content\/uploads\/2025\/05\/autismo_1748208000746.jpg","type":"image\/jpeg"}],"author":"guilherme_saude","twitter_card":"summary_large_image","twitter_misc":{"Escrito por":"guilherme_saude","Est. tempo de leitura":"4 minutos"},"schema":{"@context":"https:\/\/schema.org","@graph":[{"@type":"WebPage","@id":"https:\/\/www.correiobraziliense.com.br\/cbradar\/tdah-ou-autismo-voce-pode-estar-confundindo-os-sinais-sem-perceber\/","url":"https:\/\/www.correiobraziliense.com.br\/cbradar\/tdah-ou-autismo-voce-pode-estar-confundindo-os-sinais-sem-perceber\/","name":"TDAH ou autismo voc\u00ea pode estar confundindo os sinais sem perceber - Correio Braziliense - Radar","isPartOf":{"@id":"https:\/\/www.correiobraziliense.com.br\/cbradar\/#website"},"primaryImageOfPage":{"@id":"https:\/\/www.correiobraziliense.com.br\/cbradar\/tdah-ou-autismo-voce-pode-estar-confundindo-os-sinais-sem-perceber\/#primaryimage"},"image":{"@id":"https:\/\/www.correiobraziliense.com.br\/cbradar\/tdah-ou-autismo-voce-pode-estar-confundindo-os-sinais-sem-perceber\/#primaryimage"},"thumbnailUrl":"https:\/\/www.correiobraziliense.com.br\/cbradar\/wp-content\/uploads\/2025\/05\/autismo_1748208000746.jpg","datePublished":"2026-04-28T09:05:00+00:00","author":{"@id":"https:\/\/www.correiobraziliense.com.br\/cbradar\/#\/schema\/person\/5aa4bf3c8fa699c267933611de12978b"},"description":"Entenda as diferen\u00e7as entre TDAH e autismo e por que esses transtornos s\u00e3o frequentemente confundidos","breadcrumb":{"@id":"https:\/\/www.correiobraziliense.com.br\/cbradar\/tdah-ou-autismo-voce-pode-estar-confundindo-os-sinais-sem-perceber\/#breadcrumb"},"inLanguage":"pt-BR","potentialAction":[{"@type":"ReadAction","target":["https:\/\/www.correiobraziliense.com.br\/cbradar\/tdah-ou-autismo-voce-pode-estar-confundindo-os-sinais-sem-perceber\/"]}]},{"@type":"ImageObject","inLanguage":"pt-BR","@id":"https:\/\/www.correiobraziliense.com.br\/cbradar\/tdah-ou-autismo-voce-pode-estar-confundindo-os-sinais-sem-perceber\/#primaryimage","url":"https:\/\/www.correiobraziliense.com.br\/cbradar\/wp-content\/uploads\/2025\/05\/autismo_1748208000746.jpg","contentUrl":"https:\/\/www.correiobraziliense.com.br\/cbradar\/wp-content\/uploads\/2025\/05\/autismo_1748208000746.jpg","width":1280,"height":720,"caption":"Autismo - Cr\u00e9ditos: depositphotos.com \/ HayDmitriy"},{"@type":"BreadcrumbList","@id":"https:\/\/www.correiobraziliense.com.br\/cbradar\/tdah-ou-autismo-voce-pode-estar-confundindo-os-sinais-sem-perceber\/#breadcrumb","itemListElement":[{"@type":"ListItem","position":1,"name":"In\u00edcio","item":"https:\/\/www.correiobraziliense.com.br\/cbradar\/"},{"@type":"ListItem","position":2,"name":"TDAH ou autismo voc\u00ea pode estar confundindo os sinais sem perceber"}]},{"@type":"WebSite","@id":"https:\/\/www.correiobraziliense.com.br\/cbradar\/#website","url":"https:\/\/www.correiobraziliense.com.br\/cbradar\/","name":"Correio Braziliense - Radar","description":"Acompanhe as \u00faltimas not\u00edcias e fique bem informado sobre tudo o que acontece no Brasil e no mundo.","potentialAction":[{"@type":"SearchAction","target":{"@type":"EntryPoint","urlTemplate":"https:\/\/www.correiobraziliense.com.br\/cbradar\/?s={search_term_string}"},"query-input":{"@type":"PropertyValueSpecification","valueRequired":true,"valueName":"search_term_string"}}],"inLanguage":"pt-BR"},{"@type":"Person","@id":"https:\/\/www.correiobraziliense.com.br\/cbradar\/#\/schema\/person\/5aa4bf3c8fa699c267933611de12978b","name":"guilherme_saude","image":{"@type":"ImageObject","inLanguage":"pt-BR","@id":"https:\/\/www.correiobraziliense.com.br\/cbradar\/#\/schema\/person\/image\/","url":"https:\/\/secure.gravatar.com\/avatar\/df9adfb835d344bc0af109d41756253f?s=96&d=mm&r=g","contentUrl":"https:\/\/secure.gravatar.com\/avatar\/df9adfb835d344bc0af109d41756253f?s=96&d=mm&r=g","caption":"guilherme_saude"},"url":"https:\/\/www.correiobraziliense.com.br\/cbradar\/author\/guilherme_saude\/"}]}},"_links":{"self":[{"href":"https:\/\/www.correiobraziliense.com.br\/cbradar\/wp-json\/wp\/v2\/posts\/232938","targetHints":{"allow":["GET"]}}],"collection":[{"href":"https:\/\/www.correiobraziliense.com.br\/cbradar\/wp-json\/wp\/v2\/posts"}],"about":[{"href":"https:\/\/www.correiobraziliense.com.br\/cbradar\/wp-json\/wp\/v2\/types\/post"}],"author":[{"embeddable":true,"href":"https:\/\/www.correiobraziliense.com.br\/cbradar\/wp-json\/wp\/v2\/users\/14"}],"replies":[{"embeddable":true,"href":"https:\/\/www.correiobraziliense.com.br\/cbradar\/wp-json\/wp\/v2\/comments?post=232938"}],"version-history":[{"count":1,"href":"https:\/\/www.correiobraziliense.com.br\/cbradar\/wp-json\/wp\/v2\/posts\/232938\/revisions"}],"predecessor-version":[{"id":232939,"href":"https:\/\/www.correiobraziliense.com.br\/cbradar\/wp-json\/wp\/v2\/posts\/232938\/revisions\/232939"}],"wp:featuredmedia":[{"embeddable":true,"href":"https:\/\/www.correiobraziliense.com.br\/cbradar\/wp-json\/wp\/v2\/media\/42923"}],"wp:attachment":[{"href":"https:\/\/www.correiobraziliense.com.br\/cbradar\/wp-json\/wp\/v2\/media?parent=232938"}],"wp:term":[{"taxonomy":"category","embeddable":true,"href":"https:\/\/www.correiobraziliense.com.br\/cbradar\/wp-json\/wp\/v2\/categories?post=232938"},{"taxonomy":"post_tag","embeddable":true,"href":"https:\/\/www.correiobraziliense.com.br\/cbradar\/wp-json\/wp\/v2\/post_tag?post=232938"}],"curies":[{"name":"wp","href":"https:\/\/api.w.org\/{rel}","templated":true}]}}