{"id":232941,"date":"2026-04-28T07:45:00","date_gmt":"2026-04-28T10:45:00","guid":{"rendered":"https:\/\/www.correiobraziliense.com.br\/cbradar\/?p=232941"},"modified":"2026-04-27T09:44:19","modified_gmt":"2026-04-27T12:44:19","slug":"treinar-em-casa-pode-transformar-seu-corpo-e-aumentar-sua-energia-sem-academia","status":"publish","type":"post","link":"https:\/\/www.correiobraziliense.com.br\/cbradar\/treinar-em-casa-pode-transformar-seu-corpo-e-aumentar-sua-energia-sem-academia\/","title":{"rendered":"Treinar em casa pode transformar seu corpo e aumentar sua energia sem academia"},"content":{"rendered":"\n<p>Manter-se em forma sem frequentar uma academia pode parecer desafiador, mas com disciplina e criatividade \u00e9 poss\u00edvel realizar uma rotina de exerc\u00edcios eficaz em casa, utilizando poucos equipamentos e adaptando a pr\u00e1tica a diferentes n\u00edveis de condicionamento f\u00edsico.<\/p>\n\n\n\n<h2 class=\"wp-block-heading\">Por que os exerc\u00edcios em casa s\u00e3o importantes?<\/h2>\n\n\n\n<p>Os exerc\u00edcios realizados em casa se tornaram populares pela praticidade e pela possibilidade de integra\u00e7\u00e3o \u00e0 rotina di\u00e1ria, sem deslocamentos. Treinar em casa tamb\u00e9m permite um ambiente confort\u00e1vel e personalizado, com ajustes de tempo e intensidade conforme as necessidades.<\/p>\n\n\n\n<p>Manter a atividade f\u00edsica, mesmo em per\u00edodos frios, \u00e9 essencial para fortalecer o sistema imunol\u00f3gico, prevenir problemas de sa\u00fade e promover bem-estar e longevidade. A continuidade dos exerc\u00edcios \u00e9 decisiva para preservar a <a href=\"https:\/\/www.correiobraziliense.com.br\/cbradar\/o-avanco-tecnologico-que-esta-deixando-diagnosticos-mais-rapidos-e-precisos\/\" target=\"_blank\" rel=\"noreferrer noopener\">sa\u00fade <\/a>ao longo dos anos.<\/p>\n\n\n\n<figure class=\"wp-block-image aligncenter size-large\"><img decoding=\"async\" width=\"1024\" height=\"576\" src=\"https:\/\/www.correiobraziliense.com.br\/cbradar\/wp-content\/uploads\/2025\/05\/exercicio-perna_1748010229549-1024x576.jpg\" alt=\"\" class=\"wp-image-41744\" srcset=\"https:\/\/www.correiobraziliense.com.br\/cbradar\/wp-content\/uploads\/2025\/05\/exercicio-perna_1748010229549-1024x576.jpg 1024w, https:\/\/www.correiobraziliense.com.br\/cbradar\/wp-content\/uploads\/2025\/05\/exercicio-perna_1748010229549-300x169.jpg 300w, https:\/\/www.correiobraziliense.com.br\/cbradar\/wp-content\/uploads\/2025\/05\/exercicio-perna_1748010229549-768x432.jpg 768w, https:\/\/www.correiobraziliense.com.br\/cbradar\/wp-content\/uploads\/2025\/05\/exercicio-perna_1748010229549-750x422.jpg 750w, https:\/\/www.correiobraziliense.com.br\/cbradar\/wp-content\/uploads\/2025\/05\/exercicio-perna_1748010229549-1140x641.jpg 1140w, https:\/\/www.correiobraziliense.com.br\/cbradar\/wp-content\/uploads\/2025\/05\/exercicio-perna_1748010229549.jpg 1280w\" sizes=\"(max-width: 1024px) 100vw, 1024px\" \/><figcaption class=\"wp-element-caption\">Treino &#8211; Cr\u00e9ditos: depositphotos.com \/ AllaSerebrina\n\n<\/figcaption><\/figure>\n\n\n\n<h2 class=\"wp-block-heading\">Quais exerc\u00edcios simples podem ser feitos em casa?<\/h2>\n\n\n\n<p>Alguns exerc\u00edcios podem ser facilmente adaptados para quem deseja come\u00e7ar uma rotina de treinos dom\u00e9sticos. O abdominal, realizado deitado no sof\u00e1, ajuda na queima cal\u00f3rica da regi\u00e3o do abd\u00f4men, desde que seja feito de forma lenta, controlada e com aten\u00e7\u00e3o \u00e0 postura.<\/p>\n\n\n\n<p>Para complementar o abdominal, \u00e9 poss\u00edvel incluir movimentos que trabalhem gl\u00fateos, coxas e centro do corpo. A seguir, veja sugest\u00f5es de exerc\u00edcios indicados pela treinadora Lana Pessoa, que utilizam pouco espa\u00e7o e nenhum aparelho sofisticado:<\/p>\n\n\n\n<style>\n  .make-wrap{\n    max-width: 760px;\n    margin: 26px auto;\n    padding: 18px;\n    border-radius: 18px;\n    background: linear-gradient(135deg,#f0f7ff 0%,#eef2ff 100%);\n    border: 1px solid #c7d2fe;\n    box-shadow: 0 8px 20px rgba(59,130,246,.12);\n    font-family: system-ui, -apple-system, Segoe UI, Roboto, Helvetica, Arial, sans-serif;\n  }\n\n  .make-title{\n    display:flex; \n    align-items:center; \n    gap:10px;\n    margin:0 0 12px 4px;\n    font-size:1.2rem; \n    font-weight:900; \n    color:#1e3a8a;\n  }\n\n  .make-table{\n    width:100%;\n    border-collapse:separate;\n    border-spacing:0;\n    overflow:hidden;\n    border-radius:16px;\n    border:1px solid #c7d2fe;\n    background:#fff;\n    font-size:.92rem;\n  }\n\n  .make-table thead th{\n    background:linear-gradient(90deg,#dbeafe 0%,#e0e7ff 100%);\n    padding:12px;\n    color:#1e40af;\n    font-weight:800;\n    text-align:left;\n    border-bottom:1px solid #c7d2fe;\n  }\n\n  .make-table tbody td{\n    padding:12px;\n    color:#374151;\n    vertical-align:top;\n    border-bottom:1px dashed #c7d2fe;\n  }\n\n  .make-table tbody tr:nth-child(odd){\n    background:#f8fbff;\n  }\n\n  .price{\n    display:inline-flex;\n    align-items:center;\n    background:#eff6ff;\n    color:#1d4ed8;\n    padding:6px 10px;\n    border-radius:10px;\n    border:1px solid #bfdbfe;\n    font-weight:700;\n    white-space:nowrap;\n  }\n\n  .badge{\n    display:inline-block;\n    background:#e0e7ff;\n    color:#4338ca;\n    border:1px solid #c7d2fe;\n    padding:4px 10px;\n    border-radius:999px;\n    font-weight:700;\n    font-size:.78rem;\n  }\n\n  @media (max-width:720px){\n    .make-table thead{display:none}\n    .make-table, .make-table tbody, .make-table tr, .make-table td{\n      display:block; \n      width:100%;\n    }\n    .make-table tr{\n      margin-bottom:12px;\n      border:1px solid #c7d2fe;\n      border-radius:14px;\n      overflow:hidden;\n      background:#fff;\n    }\n    .make-table td[data-label]:before{\n      content:attr(data-label);\n      display:block;\n      font-weight:800;\n      color:#1e40af;\n      margin-bottom:4px;\n    }\n    .make-table tbody td:last-child{border-bottom:none}\n  }\n<\/style>\n\n<div class=\"make-wrap\">\n  <h3 class=\"make-title\">\ud83d\udc99\ud83c\udf51 Exerc\u00edcios para Fortalecer os Gl\u00fateos<\/h3>\n\n  <table class=\"make-table\">\n    <thead>\n      <tr>\n        <th>Exerc\u00edcio<\/th>\n        <th>Como funciona<\/th>\n      <\/tr>\n    <\/thead>\n    <tbody>\n      <tr>\n        <td data-label=\"Exerc\u00edcio\">Eleva\u00e7\u00e3o p\u00e9lvica<\/td>\n        <td data-label=\"Como funciona\">Deitada, a eleva\u00e7\u00e3o do quadril trabalha os m\u00fasculos do bumbum. O exerc\u00edcio deve ser repetido at\u00e9 a fadiga muscular, indicando que o m\u00e1ximo de repeti\u00e7\u00f5es foi atingido.<\/td>\n      <\/tr>\n      <tr>\n        <td data-label=\"Exerc\u00edcio\">Prancha lateral<\/td>\n        <td data-label=\"Como funciona\">Executada com apoio do antebra\u00e7o e joelho, fortalece o centro do corpo e tonifica os gl\u00fateos. Pequenos movimentos de ida e volta intensificam o treino, atuando tamb\u00e9m na \u00e1rea do quadril.<\/td>\n      <\/tr>\n      <tr>\n        <td data-label=\"Exerc\u00edcio\">Agachamento<\/td>\n        <td data-label=\"Como funciona\">O agachamento no sof\u00e1 enfatiza os gl\u00fateos. Ao sentar e levantar repetidamente, a contra\u00e7\u00e3o consciente dos m\u00fasculos promove um trabalho intenso at\u00e9 a fadiga.<\/td>\n      <\/tr>\n    <\/tbody>\n  <\/table>\n\n  <p style=\"margin-top:14px; color:#6b7280; font-size:.9rem;\">\n    \ud83d\udca1 <strong>Dica:<\/strong> Foque na execu\u00e7\u00e3o correta e na contra\u00e7\u00e3o muscular para potencializar os resultados.\n  <\/p>\n<\/div>\n\n\n\n\n<h2 class=\"wp-block-heading\">Como otimizar os resultados dos treinos em casa?<\/h2>\n\n\n\n<p>Para otimizar os resultados, a consist\u00eancia na rotina \u00e9 fundamental, assim como a combina\u00e7\u00e3o dos exerc\u00edcios com uma dieta equilibrada. A execu\u00e7\u00e3o correta de cada movimento ajuda a evitar les\u00f5es e favorece um desenvolvimento muscular saud\u00e1vel, mesmo sem uso de aparelhos.<\/p>\n\n\n\n<p>Incrementar gradualmente a intensidade, inserir varia\u00e7\u00f5es e respeitar repousos ativos s\u00e3o estrat\u00e9gias eficazes para desafiar o corpo. Manter-se hidratado e aquecer antes do treino tamb\u00e9m contribui para desempenho melhor e maior seguran\u00e7a.<\/p>\n\n\n\n<h2 class=\"wp-block-heading\">Quais s\u00e3o os efeitos do exerc\u00edcio na sa\u00fade mental?<\/h2>\n\n\n\n<p>Al\u00e9m dos ganhos f\u00edsicos, as atividades feitas em casa contribuem para reduzir o estresse, melhorar o humor e aumentar a autoestima. A pr\u00e1tica regular ajuda a combater sintomas de ansiedade e depress\u00e3o, favorecendo uma rotina mais equilibrada.<\/p>\n\n\n\n<p>Ao adaptar o espa\u00e7o dom\u00e9stico para a pr\u00e1tica f\u00edsica, cuida-se simultaneamente do corpo e da mente, criando uma ferramenta valiosa para enfrentar os desafios do dia a dia com mais disposi\u00e7\u00e3o, confian\u00e7a e qualidade de vida.<\/p>\n\n\n<a href=\"https:\/\/www.instagram.com\/dra.annaluisabf\/\" target=\"_blank\" rel=\"noopener\" style=\"text-decoration: none; color: inherit;\">\n    <span style=\"display: inline-block; border: 1px solid #ccc; border-radius: 10px; padding: 15px; max-width: 550px; font-family: sans-serif; box-shadow: 0 2px 5px rgba(0,0,0,0.1); width: 100%;\">\n\n      <!-- T\u00edtulo -->\n      <span style=\"display: block; margin: 0 0 15px 0; font-weight: bold; color: #2c3e50; text-align: center;\">\n        Entre em contato:\n      <\/span>\n\n      <!-- Linha do perfil -->\n      <span style=\"display: flex; align-items: center; gap: 15px;\">\n        <img decoding=\"async\"\n          src=\"https:\/\/www.correiobraziliense.com.br\/cbradar\/wp-content\/uploads\/2025\/08\/dra_anna_luisa.jpeg\"\n          alt=\"Foto da Dra. Anna Lu\u00edsa\"\n          style=\"border-radius: 50%; width: 80px; height: 80px; object-fit: cover;\"\n        \/>\n        <span style=\"display: flex; flex-direction: column;\">\n          <span style=\"font-size: 18px; font-weight: 700; color: #2c3e50;\">Dra. Anna Lu\u00edsa Barbosa Fernandes<\/span>\n          <span style=\"color: #555;\">CRM-GO 33.271<\/span>\n        <\/span>\n      <\/span>\n\n      <!-- Redes -->\n      <span style=\"display: flex; align-items: center; gap: 10px; margin-top: 12px;\">\n        <img decoding=\"async\" src=\"https:\/\/cdn-icons-png.flaticon.com\/24\/1384\/1384063.png\" alt=\"Instagram\" width=\"24\" height=\"24\" \/>\n        <span style=\"text-decoration: underline; color: #2c3e50;\">@dra.annaluisabf<\/span>\n      <\/span>\n\n    <\/span>\n  <\/a>","protected":false},"excerpt":{"rendered":"<p>Manter-se em forma sem frequentar uma academia pode parecer desafiador, mas com disciplina e criatividade \u00e9 poss\u00edvel realizar uma rotina de exerc\u00edcios eficaz em casa, utilizando poucos equipamentos e adaptando a pr\u00e1tica a diferentes n\u00edveis de condicionamento f\u00edsico. Por que os exerc\u00edcios em casa s\u00e3o importantes? Os exerc\u00edcios realizados em casa se tornaram populares pela [&hellip;]<\/p>\n","protected":false},"author":14,"featured_media":40053,"comment_status":"open","ping_status":"open","sticky":false,"template":"","format":"standard","meta":{"_yoast_wpseo_focuskw":"exerc\u00edcios em casa","_yoast_wpseo_title":"","_yoast_wpseo_metadesc":"Descubra exerc\u00edcios em casa que ajudam a fortalecer o corpo, melhorar o humor e manter a forma sem academia","jnews-multi-image_gallery":[],"jnews_single_post":{"format":"standard"},"jnews_primary_category":[],"jnews_social_meta":[],"jnews_override_counter":[],"footnotes":""},"categories":[4404],"post_tag":[],"class_list":["post-232941","post","type-post","status-publish","format-standard","has-post-thumbnail","hentry","category-saude"],"yoast_head":"<!-- This site is optimized with the Yoast SEO plugin v24.6 - https:\/\/yoast.com\/wordpress\/plugins\/seo\/ -->\n<title>Treinar em casa pode transformar seu corpo e aumentar sua energia sem academia - Correio Braziliense - Radar<\/title>\n<meta name=\"description\" content=\"Descubra exerc\u00edcios em casa que ajudam a fortalecer o corpo, melhorar o humor e manter a forma sem academia\" \/>\n<meta name=\"robots\" content=\"index, follow, max-snippet:-1, max-image-preview:large, max-video-preview:-1\" \/>\n<link rel=\"canonical\" href=\"https:\/\/www.correiobraziliense.com.br\/cbradar\/treinar-em-casa-pode-transformar-seu-corpo-e-aumentar-sua-energia-sem-academia\/\" \/>\n<meta property=\"og:locale\" content=\"pt_BR\" \/>\n<meta property=\"og:type\" content=\"article\" \/>\n<meta property=\"og:title\" content=\"Treinar em casa pode transformar seu corpo e aumentar sua energia sem academia - Correio Braziliense - Radar\" \/>\n<meta property=\"og:description\" content=\"Descubra exerc\u00edcios em casa que ajudam a fortalecer o corpo, melhorar o humor e manter a forma sem academia\" \/>\n<meta property=\"og:url\" content=\"https:\/\/www.correiobraziliense.com.br\/cbradar\/treinar-em-casa-pode-transformar-seu-corpo-e-aumentar-sua-energia-sem-academia\/\" \/>\n<meta property=\"og:site_name\" content=\"Correio Braziliense - Radar\" \/>\n<meta property=\"article:published_time\" content=\"2026-04-28T10:45:00+00:00\" \/>\n<meta property=\"og:image\" content=\"https:\/\/www.correiobraziliense.com.br\/cbradar\/wp-content\/uploads\/2025\/05\/treino-de-costas_1747752597956.jpg\" \/>\n\t<meta property=\"og:image:width\" content=\"1280\" \/>\n\t<meta property=\"og:image:height\" content=\"720\" \/>\n\t<meta property=\"og:image:type\" content=\"image\/jpeg\" \/>\n<meta name=\"author\" content=\"guilherme_saude\" \/>\n<meta name=\"twitter:card\" content=\"summary_large_image\" \/>\n<meta name=\"twitter:label1\" content=\"Escrito por\" \/>\n\t<meta name=\"twitter:data1\" content=\"guilherme_saude\" \/>\n\t<meta name=\"twitter:label2\" content=\"Est. tempo de leitura\" \/>\n\t<meta name=\"twitter:data2\" content=\"4 minutos\" \/>\n<!-- \/ Yoast SEO plugin. -->","yoast_head_json":{"title":"Treinar em casa pode transformar seu corpo e aumentar sua energia sem academia - Correio Braziliense - Radar","description":"Descubra exerc\u00edcios em casa que ajudam a fortalecer o corpo, melhorar o humor e manter a forma sem academia","robots":{"index":"index","follow":"follow","max-snippet":"max-snippet:-1","max-image-preview":"max-image-preview:large","max-video-preview":"max-video-preview:-1"},"canonical":"https:\/\/www.correiobraziliense.com.br\/cbradar\/treinar-em-casa-pode-transformar-seu-corpo-e-aumentar-sua-energia-sem-academia\/","og_locale":"pt_BR","og_type":"article","og_title":"Treinar em casa pode transformar seu corpo e aumentar sua energia sem academia - Correio Braziliense - Radar","og_description":"Descubra exerc\u00edcios em casa que ajudam a fortalecer o corpo, melhorar o humor e manter a forma sem academia","og_url":"https:\/\/www.correiobraziliense.com.br\/cbradar\/treinar-em-casa-pode-transformar-seu-corpo-e-aumentar-sua-energia-sem-academia\/","og_site_name":"Correio Braziliense - Radar","article_published_time":"2026-04-28T10:45:00+00:00","og_image":[{"width":1280,"height":720,"url":"https:\/\/www.correiobraziliense.com.br\/cbradar\/wp-content\/uploads\/2025\/05\/treino-de-costas_1747752597956.jpg","type":"image\/jpeg"}],"author":"guilherme_saude","twitter_card":"summary_large_image","twitter_misc":{"Escrito por":"guilherme_saude","Est. tempo de leitura":"4 minutos"},"schema":{"@context":"https:\/\/schema.org","@graph":[{"@type":"WebPage","@id":"https:\/\/www.correiobraziliense.com.br\/cbradar\/treinar-em-casa-pode-transformar-seu-corpo-e-aumentar-sua-energia-sem-academia\/","url":"https:\/\/www.correiobraziliense.com.br\/cbradar\/treinar-em-casa-pode-transformar-seu-corpo-e-aumentar-sua-energia-sem-academia\/","name":"Treinar em casa pode transformar seu corpo e aumentar sua energia sem academia - Correio Braziliense - Radar","isPartOf":{"@id":"https:\/\/www.correiobraziliense.com.br\/cbradar\/#website"},"primaryImageOfPage":{"@id":"https:\/\/www.correiobraziliense.com.br\/cbradar\/treinar-em-casa-pode-transformar-seu-corpo-e-aumentar-sua-energia-sem-academia\/#primaryimage"},"image":{"@id":"https:\/\/www.correiobraziliense.com.br\/cbradar\/treinar-em-casa-pode-transformar-seu-corpo-e-aumentar-sua-energia-sem-academia\/#primaryimage"},"thumbnailUrl":"https:\/\/www.correiobraziliense.com.br\/cbradar\/wp-content\/uploads\/2025\/05\/treino-de-costas_1747752597956.jpg","datePublished":"2026-04-28T10:45:00+00:00","author":{"@id":"https:\/\/www.correiobraziliense.com.br\/cbradar\/#\/schema\/person\/5aa4bf3c8fa699c267933611de12978b"},"description":"Descubra exerc\u00edcios em casa que ajudam a fortalecer o corpo, melhorar o humor e manter a forma sem academia","breadcrumb":{"@id":"https:\/\/www.correiobraziliense.com.br\/cbradar\/treinar-em-casa-pode-transformar-seu-corpo-e-aumentar-sua-energia-sem-academia\/#breadcrumb"},"inLanguage":"pt-BR","potentialAction":[{"@type":"ReadAction","target":["https:\/\/www.correiobraziliense.com.br\/cbradar\/treinar-em-casa-pode-transformar-seu-corpo-e-aumentar-sua-energia-sem-academia\/"]}]},{"@type":"ImageObject","inLanguage":"pt-BR","@id":"https:\/\/www.correiobraziliense.com.br\/cbradar\/treinar-em-casa-pode-transformar-seu-corpo-e-aumentar-sua-energia-sem-academia\/#primaryimage","url":"https:\/\/www.correiobraziliense.com.br\/cbradar\/wp-content\/uploads\/2025\/05\/treino-de-costas_1747752597956.jpg","contentUrl":"https:\/\/www.correiobraziliense.com.br\/cbradar\/wp-content\/uploads\/2025\/05\/treino-de-costas_1747752597956.jpg","width":1280,"height":720,"caption":"Exerc\u00edcios - Cr\u00e9ditos: depositphotos.com \/ VitalikRadko"},{"@type":"BreadcrumbList","@id":"https:\/\/www.correiobraziliense.com.br\/cbradar\/treinar-em-casa-pode-transformar-seu-corpo-e-aumentar-sua-energia-sem-academia\/#breadcrumb","itemListElement":[{"@type":"ListItem","position":1,"name":"In\u00edcio","item":"https:\/\/www.correiobraziliense.com.br\/cbradar\/"},{"@type":"ListItem","position":2,"name":"Treinar em casa pode transformar seu corpo e aumentar sua energia sem academia"}]},{"@type":"WebSite","@id":"https:\/\/www.correiobraziliense.com.br\/cbradar\/#website","url":"https:\/\/www.correiobraziliense.com.br\/cbradar\/","name":"Correio Braziliense - Radar","description":"Acompanhe as \u00faltimas not\u00edcias e fique bem informado sobre tudo o que acontece no Brasil e no mundo.","potentialAction":[{"@type":"SearchAction","target":{"@type":"EntryPoint","urlTemplate":"https:\/\/www.correiobraziliense.com.br\/cbradar\/?s={search_term_string}"},"query-input":{"@type":"PropertyValueSpecification","valueRequired":true,"valueName":"search_term_string"}}],"inLanguage":"pt-BR"},{"@type":"Person","@id":"https:\/\/www.correiobraziliense.com.br\/cbradar\/#\/schema\/person\/5aa4bf3c8fa699c267933611de12978b","name":"guilherme_saude","image":{"@type":"ImageObject","inLanguage":"pt-BR","@id":"https:\/\/www.correiobraziliense.com.br\/cbradar\/#\/schema\/person\/image\/","url":"https:\/\/secure.gravatar.com\/avatar\/df9adfb835d344bc0af109d41756253f?s=96&d=mm&r=g","contentUrl":"https:\/\/secure.gravatar.com\/avatar\/df9adfb835d344bc0af109d41756253f?s=96&d=mm&r=g","caption":"guilherme_saude"},"url":"https:\/\/www.correiobraziliense.com.br\/cbradar\/author\/guilherme_saude\/"}]}},"_links":{"self":[{"href":"https:\/\/www.correiobraziliense.com.br\/cbradar\/wp-json\/wp\/v2\/posts\/232941","targetHints":{"allow":["GET"]}}],"collection":[{"href":"https:\/\/www.correiobraziliense.com.br\/cbradar\/wp-json\/wp\/v2\/posts"}],"about":[{"href":"https:\/\/www.correiobraziliense.com.br\/cbradar\/wp-json\/wp\/v2\/types\/post"}],"author":[{"embeddable":true,"href":"https:\/\/www.correiobraziliense.com.br\/cbradar\/wp-json\/wp\/v2\/users\/14"}],"replies":[{"embeddable":true,"href":"https:\/\/www.correiobraziliense.com.br\/cbradar\/wp-json\/wp\/v2\/comments?post=232941"}],"version-history":[{"count":1,"href":"https:\/\/www.correiobraziliense.com.br\/cbradar\/wp-json\/wp\/v2\/posts\/232941\/revisions"}],"predecessor-version":[{"id":232942,"href":"https:\/\/www.correiobraziliense.com.br\/cbradar\/wp-json\/wp\/v2\/posts\/232941\/revisions\/232942"}],"wp:featuredmedia":[{"embeddable":true,"href":"https:\/\/www.correiobraziliense.com.br\/cbradar\/wp-json\/wp\/v2\/media\/40053"}],"wp:attachment":[{"href":"https:\/\/www.correiobraziliense.com.br\/cbradar\/wp-json\/wp\/v2\/media?parent=232941"}],"wp:term":[{"taxonomy":"category","embeddable":true,"href":"https:\/\/www.correiobraziliense.com.br\/cbradar\/wp-json\/wp\/v2\/categories?post=232941"},{"taxonomy":"post_tag","embeddable":true,"href":"https:\/\/www.correiobraziliense.com.br\/cbradar\/wp-json\/wp\/v2\/post_tag?post=232941"}],"curies":[{"name":"wp","href":"https:\/\/api.w.org\/{rel}","templated":true}]}}