{"id":232946,"date":"2026-04-28T11:05:00","date_gmt":"2026-04-28T14:05:00","guid":{"rendered":"https:\/\/www.correiobraziliense.com.br\/cbradar\/?p=232946"},"modified":"2026-04-27T09:53:41","modified_gmt":"2026-04-27T12:53:41","slug":"a-mudanca-simples-na-dieta-que-pode-reduzir-a-pressao-e-proteger-sua-saude","status":"publish","type":"post","link":"https:\/\/www.correiobraziliense.com.br\/cbradar\/a-mudanca-simples-na-dieta-que-pode-reduzir-a-pressao-e-proteger-sua-saude\/","title":{"rendered":"A mudan\u00e7a simples na dieta que pode reduzir a press\u00e3o e proteger sua sa\u00fade"},"content":{"rendered":"\n<p>O <strong>refluxo gastroesof\u00e1gico<\/strong> \u00e9 uma condi\u00e7\u00e3o m\u00e9dica que vai al\u00e9m da simples queima\u00e7\u00e3o ap\u00f3s as refei\u00e7\u00f5es, podendo influenciar o sono, a alimenta\u00e7\u00e3o e a qualidade de vida. Embora anti\u00e1cidos possam aliviar sintomas momentaneamente, eles n\u00e3o tratam a causa principal; por isso, ajustes di\u00e1rios na dieta, postura e nos hor\u00e1rios das refei\u00e7\u00f5es ajudam a controlar a frequ\u00eancia das crises ao atuar nas causas do relaxamento inadequado do esf\u00edncter esof\u00e1gico inferior, diminuindo a chance de novas ocorr\u00eancias.<\/p>\n\n\n\n<h2 class=\"wp-block-heading\">Como o esf\u00edncter esof\u00e1gico \u00e9 afetado pelo refluxo?<\/h2>\n\n\n\n<p>O esf\u00edncter esof\u00e1gico inferior age como uma barreira entre o est\u00f4mago e o es\u00f4fago. Quando esse m\u00fasculo relaxa nos momentos errados, o \u00e1cido do est\u00f4mago pode refluir, causando sintomas como queima\u00e7\u00e3o e regurgita\u00e7\u00e3o, al\u00e9m de tosse seca ou sensa\u00e7\u00e3o de n\u00f3 na garganta.<\/p>\n\n\n\n<p>Fatores como obesidade abdominal, refei\u00e7\u00f5es muito grandes, dietas ricas em gorduras, \u00e1lcool, cafe\u00edna, chocolate, tabagismo e deitar logo ap\u00f3s comer contribuem para esse relaxamento indevido. Identificar e reduzir esses fatores \u00e9 crucial para proteger o es\u00f4fago e gerenciar o refluxo a longo <a href=\"https:\/\/www.correiobraziliense.com.br\/cbradar\/o-avanco-tecnologico-que-esta-deixando-diagnosticos-mais-rapidos-e-precisos\/\" target=\"_blank\" rel=\"noreferrer noopener\">prazo<\/a>.<\/p>\n\n\n\n<h2 class=\"wp-block-heading\">Quais modifica\u00e7\u00f5es na dieta ajudam a controlar o refluxo?<\/h2>\n\n\n\n<p>A dieta tem um impacto profundo sobre o refluxo, pois influencia diretamente a press\u00e3o dentro do est\u00f4mago. Optar por por\u00e7\u00f5es menores, refei\u00e7\u00f5es leves e distribu\u00eddas ao longo do dia diminui a distens\u00e3o g\u00e1strica e reduz a chance de retorno do \u00e1cido para o es\u00f4fago.<\/p>\n\n\n\n<p>Um plano alimentar que evite alimentos muito gordurosos, frituras e prepara\u00e7\u00f5es altamente \u00e1cidas \u00e9 recomend\u00e1vel, priorizando vegetais, frutas menos \u00e1cidas e gr\u00e3os integrais. Em alguns casos, reduzir alimentos ultraprocessados, refrigerantes e bebidas gaseificadas tamb\u00e9m contribui para menos epis\u00f3dios de refluxo.<\/p>\n\n\n\n<figure class=\"wp-block-image aligncenter size-large\"><img decoding=\"async\" width=\"1024\" height=\"576\" src=\"https:\/\/www.correiobraziliense.com.br\/cbradar\/wp-content\/uploads\/2025\/05\/Refluxo-_1747753789158-1024x576.jpg\" alt=\"\" class=\"wp-image-40066\" srcset=\"https:\/\/www.correiobraziliense.com.br\/cbradar\/wp-content\/uploads\/2025\/05\/Refluxo-_1747753789158-1024x576.jpg 1024w, https:\/\/www.correiobraziliense.com.br\/cbradar\/wp-content\/uploads\/2025\/05\/Refluxo-_1747753789158-300x169.jpg 300w, https:\/\/www.correiobraziliense.com.br\/cbradar\/wp-content\/uploads\/2025\/05\/Refluxo-_1747753789158-768x432.jpg 768w, https:\/\/www.correiobraziliense.com.br\/cbradar\/wp-content\/uploads\/2025\/05\/Refluxo-_1747753789158-750x422.jpg 750w, https:\/\/www.correiobraziliense.com.br\/cbradar\/wp-content\/uploads\/2025\/05\/Refluxo-_1747753789158-1140x641.jpg 1140w, https:\/\/www.correiobraziliense.com.br\/cbradar\/wp-content\/uploads\/2025\/05\/Refluxo-_1747753789158.jpg 1280w\" sizes=\"(max-width: 1024px) 100vw, 1024px\" \/><figcaption class=\"wp-element-caption\">Refluxo &#8211; Cr\u00e9ditos: depositphotos.com \/ Tharakorn\n\n<\/figcaption><\/figure>\n\n\n\n<h2 class=\"wp-block-heading\">Quais h\u00e1bitos di\u00e1rios ajudam a minimizar as crises de refluxo?<\/h2>\n\n\n\n<p>O momento e a postura durante e ap\u00f3s as refei\u00e7\u00f5es s\u00e3o fundamentais no controle do refluxo, especialmente em quem tem sintomas noturnos. Recomenda-se n\u00e3o se deitar logo ap\u00f3s comer, fazer a \u00faltima refei\u00e7\u00e3o pelo menos tr\u00eas horas antes de ir para a cama e evitar exerc\u00edcios intensos imediatamente ap\u00f3s as refei\u00e7\u00f5es.<\/p>\n\n\n\n<p>Alguns h\u00e1bitos simples podem ser incorporados ao dia a dia para complementar o tratamento m\u00e9dico e reduzir a frequ\u00eancia das crises:<\/p>\n\n\n\n<style>\n  .make-wrap{\n    max-width: 760px;\n    margin: 26px auto;\n    padding: 18px;\n    border-radius: 18px;\n    background: linear-gradient(135deg,#f0f7ff 0%,#eef2ff 100%);\n    border: 1px solid #c7d2fe;\n    box-shadow: 0 8px 20px rgba(59,130,246,.12);\n    font-family: system-ui, -apple-system, Segoe UI, Roboto, Helvetica, Arial, sans-serif;\n  }\n\n  .make-title{\n    display:flex; \n    align-items:center; \n    gap:10px;\n    margin:0 0 12px 4px;\n    font-size:1.2rem; \n    font-weight:900; \n    color:#1e3a8a;\n  }\n\n  .make-table{\n    width:100%;\n    border-collapse:separate;\n    border-spacing:0;\n    overflow:hidden;\n    border-radius:16px;\n    border:1px solid #c7d2fe;\n    background:#fff;\n    font-size:.92rem;\n  }\n\n  .make-table thead th{\n    background:linear-gradient(90deg,#dbeafe 0%,#e0e7ff 100%);\n    padding:12px;\n    color:#1e40af;\n    font-weight:800;\n    text-align:left;\n    border-bottom:1px solid #c7d2fe;\n  }\n\n  .make-table tbody td{\n    padding:12px;\n    color:#374151;\n    vertical-align:top;\n    border-bottom:1px dashed #c7d2fe;\n  }\n\n  .make-table tbody tr:nth-child(odd){\n    background:#f8fbff;\n  }\n\n  .price{\n    display:inline-flex;\n    align-items:center;\n    background:#eff6ff;\n    color:#1d4ed8;\n    padding:6px 10px;\n    border-radius:10px;\n    border:1px solid #bfdbfe;\n    font-weight:700;\n    white-space:nowrap;\n  }\n\n  .badge{\n    display:inline-block;\n    background:#e0e7ff;\n    color:#4338ca;\n    border:1px solid #c7d2fe;\n    padding:4px 10px;\n    border-radius:999px;\n    font-weight:700;\n    font-size:.78rem;\n  }\n\n  @media (max-width:720px){\n    .make-table thead{display:none}\n    .make-table, .make-table tbody, .make-table tr, .make-table td{\n      display:block; \n      width:100%;\n    }\n    .make-table tr{\n      margin-bottom:12px;\n      border:1px solid #c7d2fe;\n      border-radius:14px;\n      overflow:hidden;\n      background:#fff;\n    }\n    .make-table td[data-label]:before{\n      content:attr(data-label);\n      display:block;\n      font-weight:800;\n      color:#1e40af;\n      margin-bottom:4px;\n    }\n    .make-table tbody td:last-child{border-bottom:none}\n  }\n<\/style>\n\n<div class=\"make-wrap\">\n  <h3 class=\"make-title\">\ud83d\udc99\ud83c\udf19 Cuidados Noturnos para Evitar Refluxo<\/h3>\n\n  <table class=\"make-table\">\n    <thead>\n      <tr>\n        <th>H\u00e1bito<\/th>\n      <\/tr>\n    <\/thead>\n    <tbody>\n      <tr>\n        <td data-label=\"H\u00e1bito\">Elevar a cabeceira da cama para manter o \u00e1cido no est\u00f4mago durante o sono.<\/td>\n      <\/tr>\n      <tr>\n        <td data-label=\"H\u00e1bito\">Dormir preferencialmente sobre o lado esquerdo para aliviar sintomas noturnos.<\/td>\n      <\/tr>\n      <tr>\n        <td data-label=\"H\u00e1bito\">Usar roupas que n\u00e3o comprimam o abd\u00f4men, evitando cintos e pe\u00e7as muito apertadas.<\/td>\n      <\/tr>\n      <tr>\n        <td data-label=\"H\u00e1bito\">Manter um peso saud\u00e1vel e evitar ganho de peso r\u00e1pido na regi\u00e3o abdominal.<\/td>\n      <\/tr>\n    <\/tbody>\n  <\/table>\n\n  <p style=\"margin-top:14px; color:#6b7280; font-size:.9rem;\">\n    \ud83d\udca1 <strong>Dica:<\/strong> Pequenos ajustes na rotina noturna podem reduzir significativamente os sintomas de refluxo.\n  <\/p>\n<\/div>\n\n\n\n\n<h2 class=\"wp-block-heading\">Qual \u00e9 a import\u00e2ncia das mudan\u00e7as de h\u00e1bitos no tratamento do refluxo?<\/h2>\n\n\n\n<p>Interven\u00e7\u00f5es no estilo de vida s\u00e3o parte central do tratamento do refluxo gastroesof\u00e1gico, n\u00e3o apenas medidas complementares. Elas atuam diretamente nos mecanismos causadores da doen\u00e7a, reduzindo a exposi\u00e7\u00e3o do es\u00f4fago ao \u00e1cido e, em muitos casos, permitindo menor uso cont\u00ednuo de medicamentos.<\/p>\n\n\n\n<p>Estudos cient\u00edficos, como os publicados na revista Clinical Gastroenterology and Hepatology, mostram que perda de peso, abandono do tabagismo, evitar refei\u00e7\u00f5es tardias e dormir com a cabeceira elevada t\u00eam impacto significativo sobre os sintomas, sobretudo \u00e0 noite. Quando as queixas persistem apesar das mudan\u00e7as, \u00e9 essencial buscar avalia\u00e7\u00e3o m\u00e9dica para descartar complica\u00e7\u00f5es ou outras doen\u00e7as que possam estar mascaradas pelo uso frequente de anti\u00e1cidos.<\/p>\n\n\n<a href=\"https:\/\/www.instagram.com\/dra.annaluisabf\/\" target=\"_blank\" rel=\"noopener\" style=\"text-decoration: none; color: inherit;\">\n    <span style=\"display: inline-block; border: 1px solid #ccc; border-radius: 10px; padding: 15px; max-width: 550px; font-family: sans-serif; box-shadow: 0 2px 5px rgba(0,0,0,0.1); width: 100%;\">\n\n      <!-- T\u00edtulo -->\n      <span style=\"display: block; margin: 0 0 15px 0; font-weight: bold; color: #2c3e50; text-align: center;\">\n        Entre em contato:\n      <\/span>\n\n      <!-- Linha do perfil -->\n      <span style=\"display: flex; align-items: center; gap: 15px;\">\n        <img decoding=\"async\"\n          src=\"https:\/\/www.correiobraziliense.com.br\/cbradar\/wp-content\/uploads\/2025\/08\/dra_anna_luisa.jpeg\"\n          alt=\"Foto da Dra. Anna Lu\u00edsa\"\n          style=\"border-radius: 50%; width: 80px; height: 80px; object-fit: cover;\"\n        \/>\n        <span style=\"display: flex; flex-direction: column;\">\n          <span style=\"font-size: 18px; font-weight: 700; color: #2c3e50;\">Dra. Anna Lu\u00edsa Barbosa Fernandes<\/span>\n          <span style=\"color: #555;\">CRM-GO 33.271<\/span>\n        <\/span>\n      <\/span>\n\n      <!-- Redes -->\n      <span style=\"display: flex; align-items: center; gap: 10px; margin-top: 12px;\">\n        <img decoding=\"async\" src=\"https:\/\/cdn-icons-png.flaticon.com\/24\/1384\/1384063.png\" alt=\"Instagram\" width=\"24\" height=\"24\" \/>\n        <span style=\"text-decoration: underline; color: #2c3e50;\">@dra.annaluisabf<\/span>\n      <\/span>\n\n    <\/span>\n  <\/a>","protected":false},"excerpt":{"rendered":"<p>O refluxo gastroesof\u00e1gico \u00e9 uma condi\u00e7\u00e3o m\u00e9dica que vai al\u00e9m da simples queima\u00e7\u00e3o ap\u00f3s as refei\u00e7\u00f5es, podendo influenciar o sono, a alimenta\u00e7\u00e3o e a qualidade de vida. Embora anti\u00e1cidos possam aliviar sintomas momentaneamente, eles n\u00e3o tratam a causa principal; por isso, ajustes di\u00e1rios na dieta, postura e nos hor\u00e1rios das refei\u00e7\u00f5es ajudam a controlar a [&hellip;]<\/p>\n","protected":false},"author":14,"featured_media":40067,"comment_status":"open","ping_status":"open","sticky":false,"template":"","format":"standard","meta":{"_yoast_wpseo_focuskw":"refluxo gastroesof\u00e1gico","_yoast_wpseo_title":"","_yoast_wpseo_metadesc":"Descubra alimentos que ajudam a reduzir a press\u00e3o arterial e melhorar a sa\u00fade do cora\u00e7\u00e3o de forma natural","jnews-multi-image_gallery":[],"jnews_single_post":{"format":"standard"},"jnews_primary_category":[],"jnews_social_meta":[],"jnews_override_counter":[],"footnotes":""},"categories":[4404],"post_tag":[],"class_list":["post-232946","post","type-post","status-publish","format-standard","has-post-thumbnail","hentry","category-saude"],"yoast_head":"<!-- This site is optimized with the Yoast SEO plugin v24.6 - https:\/\/yoast.com\/wordpress\/plugins\/seo\/ -->\n<title>A mudan\u00e7a simples na dieta que pode reduzir a press\u00e3o e proteger sua sa\u00fade - Correio Braziliense - Radar<\/title>\n<meta name=\"description\" content=\"Descubra alimentos que ajudam a reduzir a press\u00e3o arterial e melhorar a sa\u00fade do cora\u00e7\u00e3o de forma natural\" \/>\n<meta name=\"robots\" content=\"index, follow, max-snippet:-1, max-image-preview:large, max-video-preview:-1\" \/>\n<link rel=\"canonical\" href=\"https:\/\/www.correiobraziliense.com.br\/cbradar\/a-mudanca-simples-na-dieta-que-pode-reduzir-a-pressao-e-proteger-sua-saude\/\" \/>\n<meta property=\"og:locale\" content=\"pt_BR\" \/>\n<meta property=\"og:type\" content=\"article\" \/>\n<meta property=\"og:title\" content=\"A mudan\u00e7a simples na dieta que pode reduzir a press\u00e3o e proteger sua sa\u00fade - Correio Braziliense - Radar\" \/>\n<meta property=\"og:description\" content=\"Descubra alimentos que ajudam a reduzir a press\u00e3o arterial e melhorar a sa\u00fade do cora\u00e7\u00e3o de forma natural\" \/>\n<meta property=\"og:url\" content=\"https:\/\/www.correiobraziliense.com.br\/cbradar\/a-mudanca-simples-na-dieta-que-pode-reduzir-a-pressao-e-proteger-sua-saude\/\" \/>\n<meta property=\"og:site_name\" content=\"Correio Braziliense - Radar\" \/>\n<meta property=\"article:published_time\" content=\"2026-04-28T14:05:00+00:00\" \/>\n<meta property=\"og:image\" content=\"https:\/\/www.correiobraziliense.com.br\/cbradar\/wp-content\/uploads\/2025\/05\/Refluxo-_1747753854664.jpg\" \/>\n\t<meta property=\"og:image:width\" content=\"1280\" \/>\n\t<meta property=\"og:image:height\" content=\"720\" \/>\n\t<meta property=\"og:image:type\" content=\"image\/jpeg\" \/>\n<meta name=\"author\" content=\"guilherme_saude\" \/>\n<meta name=\"twitter:card\" content=\"summary_large_image\" \/>\n<meta name=\"twitter:label1\" content=\"Escrito por\" \/>\n\t<meta name=\"twitter:data1\" content=\"guilherme_saude\" \/>\n\t<meta name=\"twitter:label2\" content=\"Est. tempo de leitura\" \/>\n\t<meta name=\"twitter:data2\" content=\"4 minutos\" \/>\n<!-- \/ Yoast SEO plugin. -->","yoast_head_json":{"title":"A mudan\u00e7a simples na dieta que pode reduzir a press\u00e3o e proteger sua sa\u00fade - Correio Braziliense - Radar","description":"Descubra alimentos que ajudam a reduzir a press\u00e3o arterial e melhorar a sa\u00fade do cora\u00e7\u00e3o de forma natural","robots":{"index":"index","follow":"follow","max-snippet":"max-snippet:-1","max-image-preview":"max-image-preview:large","max-video-preview":"max-video-preview:-1"},"canonical":"https:\/\/www.correiobraziliense.com.br\/cbradar\/a-mudanca-simples-na-dieta-que-pode-reduzir-a-pressao-e-proteger-sua-saude\/","og_locale":"pt_BR","og_type":"article","og_title":"A mudan\u00e7a simples na dieta que pode reduzir a press\u00e3o e proteger sua sa\u00fade - Correio Braziliense - Radar","og_description":"Descubra alimentos que ajudam a reduzir a press\u00e3o arterial e melhorar a sa\u00fade do cora\u00e7\u00e3o de forma natural","og_url":"https:\/\/www.correiobraziliense.com.br\/cbradar\/a-mudanca-simples-na-dieta-que-pode-reduzir-a-pressao-e-proteger-sua-saude\/","og_site_name":"Correio Braziliense - Radar","article_published_time":"2026-04-28T14:05:00+00:00","og_image":[{"width":1280,"height":720,"url":"https:\/\/www.correiobraziliense.com.br\/cbradar\/wp-content\/uploads\/2025\/05\/Refluxo-_1747753854664.jpg","type":"image\/jpeg"}],"author":"guilherme_saude","twitter_card":"summary_large_image","twitter_misc":{"Escrito por":"guilherme_saude","Est. tempo de leitura":"4 minutos"},"schema":{"@context":"https:\/\/schema.org","@graph":[{"@type":"WebPage","@id":"https:\/\/www.correiobraziliense.com.br\/cbradar\/a-mudanca-simples-na-dieta-que-pode-reduzir-a-pressao-e-proteger-sua-saude\/","url":"https:\/\/www.correiobraziliense.com.br\/cbradar\/a-mudanca-simples-na-dieta-que-pode-reduzir-a-pressao-e-proteger-sua-saude\/","name":"A mudan\u00e7a simples na dieta que pode reduzir a press\u00e3o e proteger sua sa\u00fade - Correio Braziliense - Radar","isPartOf":{"@id":"https:\/\/www.correiobraziliense.com.br\/cbradar\/#website"},"primaryImageOfPage":{"@id":"https:\/\/www.correiobraziliense.com.br\/cbradar\/a-mudanca-simples-na-dieta-que-pode-reduzir-a-pressao-e-proteger-sua-saude\/#primaryimage"},"image":{"@id":"https:\/\/www.correiobraziliense.com.br\/cbradar\/a-mudanca-simples-na-dieta-que-pode-reduzir-a-pressao-e-proteger-sua-saude\/#primaryimage"},"thumbnailUrl":"https:\/\/www.correiobraziliense.com.br\/cbradar\/wp-content\/uploads\/2025\/05\/Refluxo-_1747753854664.jpg","datePublished":"2026-04-28T14:05:00+00:00","author":{"@id":"https:\/\/www.correiobraziliense.com.br\/cbradar\/#\/schema\/person\/5aa4bf3c8fa699c267933611de12978b"},"description":"Descubra alimentos que ajudam a reduzir a press\u00e3o arterial e melhorar a sa\u00fade do cora\u00e7\u00e3o de forma natural","breadcrumb":{"@id":"https:\/\/www.correiobraziliense.com.br\/cbradar\/a-mudanca-simples-na-dieta-que-pode-reduzir-a-pressao-e-proteger-sua-saude\/#breadcrumb"},"inLanguage":"pt-BR","potentialAction":[{"@type":"ReadAction","target":["https:\/\/www.correiobraziliense.com.br\/cbradar\/a-mudanca-simples-na-dieta-que-pode-reduzir-a-pressao-e-proteger-sua-saude\/"]}]},{"@type":"ImageObject","inLanguage":"pt-BR","@id":"https:\/\/www.correiobraziliense.com.br\/cbradar\/a-mudanca-simples-na-dieta-que-pode-reduzir-a-pressao-e-proteger-sua-saude\/#primaryimage","url":"https:\/\/www.correiobraziliense.com.br\/cbradar\/wp-content\/uploads\/2025\/05\/Refluxo-_1747753854664.jpg","contentUrl":"https:\/\/www.correiobraziliense.com.br\/cbradar\/wp-content\/uploads\/2025\/05\/Refluxo-_1747753854664.jpg","width":1280,"height":720,"caption":"pare o refluxo com essas solu\u00e7\u00f5es naturais surpreendentes - Cr\u00e9ditos: depositphotos.com \/ Tharakorn"},{"@type":"BreadcrumbList","@id":"https:\/\/www.correiobraziliense.com.br\/cbradar\/a-mudanca-simples-na-dieta-que-pode-reduzir-a-pressao-e-proteger-sua-saude\/#breadcrumb","itemListElement":[{"@type":"ListItem","position":1,"name":"In\u00edcio","item":"https:\/\/www.correiobraziliense.com.br\/cbradar\/"},{"@type":"ListItem","position":2,"name":"A mudan\u00e7a simples na dieta que pode reduzir a press\u00e3o e proteger sua sa\u00fade"}]},{"@type":"WebSite","@id":"https:\/\/www.correiobraziliense.com.br\/cbradar\/#website","url":"https:\/\/www.correiobraziliense.com.br\/cbradar\/","name":"Correio Braziliense - Radar","description":"Acompanhe as \u00faltimas not\u00edcias e fique bem informado sobre tudo o que acontece no Brasil e no mundo.","potentialAction":[{"@type":"SearchAction","target":{"@type":"EntryPoint","urlTemplate":"https:\/\/www.correiobraziliense.com.br\/cbradar\/?s={search_term_string}"},"query-input":{"@type":"PropertyValueSpecification","valueRequired":true,"valueName":"search_term_string"}}],"inLanguage":"pt-BR"},{"@type":"Person","@id":"https:\/\/www.correiobraziliense.com.br\/cbradar\/#\/schema\/person\/5aa4bf3c8fa699c267933611de12978b","name":"guilherme_saude","image":{"@type":"ImageObject","inLanguage":"pt-BR","@id":"https:\/\/www.correiobraziliense.com.br\/cbradar\/#\/schema\/person\/image\/","url":"https:\/\/secure.gravatar.com\/avatar\/df9adfb835d344bc0af109d41756253f?s=96&d=mm&r=g","contentUrl":"https:\/\/secure.gravatar.com\/avatar\/df9adfb835d344bc0af109d41756253f?s=96&d=mm&r=g","caption":"guilherme_saude"},"url":"https:\/\/www.correiobraziliense.com.br\/cbradar\/author\/guilherme_saude\/"}]}},"_links":{"self":[{"href":"https:\/\/www.correiobraziliense.com.br\/cbradar\/wp-json\/wp\/v2\/posts\/232946","targetHints":{"allow":["GET"]}}],"collection":[{"href":"https:\/\/www.correiobraziliense.com.br\/cbradar\/wp-json\/wp\/v2\/posts"}],"about":[{"href":"https:\/\/www.correiobraziliense.com.br\/cbradar\/wp-json\/wp\/v2\/types\/post"}],"author":[{"embeddable":true,"href":"https:\/\/www.correiobraziliense.com.br\/cbradar\/wp-json\/wp\/v2\/users\/14"}],"replies":[{"embeddable":true,"href":"https:\/\/www.correiobraziliense.com.br\/cbradar\/wp-json\/wp\/v2\/comments?post=232946"}],"version-history":[{"count":1,"href":"https:\/\/www.correiobraziliense.com.br\/cbradar\/wp-json\/wp\/v2\/posts\/232946\/revisions"}],"predecessor-version":[{"id":232947,"href":"https:\/\/www.correiobraziliense.com.br\/cbradar\/wp-json\/wp\/v2\/posts\/232946\/revisions\/232947"}],"wp:featuredmedia":[{"embeddable":true,"href":"https:\/\/www.correiobraziliense.com.br\/cbradar\/wp-json\/wp\/v2\/media\/40067"}],"wp:attachment":[{"href":"https:\/\/www.correiobraziliense.com.br\/cbradar\/wp-json\/wp\/v2\/media?parent=232946"}],"wp:term":[{"taxonomy":"category","embeddable":true,"href":"https:\/\/www.correiobraziliense.com.br\/cbradar\/wp-json\/wp\/v2\/categories?post=232946"},{"taxonomy":"post_tag","embeddable":true,"href":"https:\/\/www.correiobraziliense.com.br\/cbradar\/wp-json\/wp\/v2\/post_tag?post=232946"}],"curies":[{"name":"wp","href":"https:\/\/api.w.org\/{rel}","templated":true}]}}