{"id":232950,"date":"2026-04-28T11:05:00","date_gmt":"2026-04-28T14:05:00","guid":{"rendered":"https:\/\/www.correiobraziliense.com.br\/cbradar\/?p=232950"},"modified":"2026-04-27T09:58:41","modified_gmt":"2026-04-27T12:58:41","slug":"coracao-acelerado-do-nada-pode-ser-um-sinal-que-voce-nao-deve-ignorar","status":"publish","type":"post","link":"https:\/\/www.correiobraziliense.com.br\/cbradar\/coracao-acelerado-do-nada-pode-ser-um-sinal-que-voce-nao-deve-ignorar\/","title":{"rendered":"Cora\u00e7\u00e3o acelerado do nada pode ser um sinal que voc\u00ea n\u00e3o deve ignorar"},"content":{"rendered":"\n<p>Sentir o cora\u00e7\u00e3o bater de maneira acelerada ou irregular sem um motivo aparente pode ser uma experi\u00eancia assustadora. As palpita\u00e7\u00f5es card\u00edacas costumam estar ligadas a fatores como estresse, ansiedade, consumo elevado de cafe\u00edna ou mudan\u00e7as hormonais, mas em alguns casos podem indicar arritmias que requerem aten\u00e7\u00e3o m\u00e9dica.<\/p>\n\n\n\n<h2 class=\"wp-block-heading\">O que s\u00e3o palpita\u00e7\u00f5es card\u00edacas?<\/h2>\n\n\n\n<p>As palpita\u00e7\u00f5es s\u00e3o a percep\u00e7\u00e3o consciente dos batimentos do cora\u00e7\u00e3o, que podem ser sentidos como r\u00e1pidos, fortes ou irregulares. Esses epis\u00f3dios podem durar segundos, minutos ou, mais raramente, horas, surgindo tanto em repouso quanto durante atividades do dia a dia.<\/p>\n\n\n\n<p>Na maioria das vezes, n\u00e3o representam um problema s\u00e9rio de sa\u00fade e est\u00e3o relacionadas a situa\u00e7\u00f5es pontuais, como emo\u00e7\u00f5es intensas, uso de estimulantes ou altera\u00e7\u00f5es moment\u00e2neas do organismo.<\/p>\n\n\n\n<h2 class=\"wp-block-heading\">Quais s\u00e3o as causas mais comuns fora do exerc\u00edcio f\u00edsico?<\/h2>\n\n\n\n<p>Diversos fatores podem desencadear palpita\u00e7\u00f5es card\u00edacas fora do contexto do exerc\u00edcio. Reconhecer esses elementos ajuda a entender quando o sintoma \u00e9 transit\u00f3rio e quando pode exigir investiga\u00e7\u00e3o mais detalhada.<\/p>\n\n\n\n<p>Entre os fatores mais frequentes relacionados \u00e0s palpita\u00e7\u00f5es, destacam-se h\u00e1bitos de vida, condi\u00e7\u00f5es emocionais e altera\u00e7\u00f5es hormonais ou metab\u00f3licas, como nos exemplos abaixo:<\/p>\n\n\n\n<style>\n  .make-wrap{\n    max-width: 760px;\n    margin: 26px auto;\n    padding: 18px;\n    border-radius: 18px;\n    background: linear-gradient(135deg,#f0f7ff 0%,#eef2ff 100%);\n    border: 1px solid #c7d2fe;\n    box-shadow: 0 8px 20px rgba(59,130,246,.12);\n    font-family: system-ui, -apple-system, Segoe UI, Roboto, Helvetica, Arial, sans-serif;\n  }\n\n  .make-title{\n    display:flex; \n    align-items:center; \n    gap:10px;\n    margin:0 0 12px 4px;\n    font-size:1.2rem; \n    font-weight:900; \n    color:#1e3a8a;\n  }\n\n  .make-table{\n    width:100%;\n    border-collapse:separate;\n    border-spacing:0;\n    overflow:hidden;\n    border-radius:16px;\n    border:1px solid #c7d2fe;\n    background:#fff;\n    font-size:.92rem;\n  }\n\n  .make-table thead th{\n    background:linear-gradient(90deg,#dbeafe 0%,#e0e7ff 100%);\n    padding:12px;\n    color:#1e40af;\n    font-weight:800;\n    text-align:left;\n    border-bottom:1px solid #c7d2fe;\n  }\n\n  .make-table tbody td{\n    padding:12px;\n    color:#374151;\n    vertical-align:top;\n    border-bottom:1px dashed #c7d2fe;\n  }\n\n  .make-table tbody tr:nth-child(odd){\n    background:#f8fbff;\n  }\n\n  .price{\n    display:inline-flex;\n    align-items:center;\n    background:#eff6ff;\n    color:#1d4ed8;\n    padding:6px 10px;\n    border-radius:10px;\n    border:1px solid #bfdbfe;\n    font-weight:700;\n    white-space:nowrap;\n  }\n\n  .badge{\n    display:inline-block;\n    background:#e0e7ff;\n    color:#4338ca;\n    border:1px solid #c7d2fe;\n    padding:4px 10px;\n    border-radius:999px;\n    font-weight:700;\n    font-size:.78rem;\n  }\n\n  @media (max-width:720px){\n    .make-table thead{display:none}\n    .make-table, .make-table tbody, .make-table tr, .make-table td{\n      display:block; \n      width:100%;\n    }\n    .make-table tr{\n      margin-bottom:12px;\n      border:1px solid #c7d2fe;\n      border-radius:14px;\n      overflow:hidden;\n      background:#fff;\n    }\n    .make-table td[data-label]:before{\n      content:attr(data-label);\n      display:block;\n      font-weight:800;\n      color:#1e40af;\n      margin-bottom:4px;\n    }\n    .make-table tbody td:last-child{border-bottom:none}\n  }\n<\/style>\n\n<div class=\"make-wrap\">\n  <h3 class=\"make-title\">\ud83d\udc99\u26a0\ufe0f Poss\u00edveis Causas de Palpita\u00e7\u00f5es<\/h3>\n\n  <table class=\"make-table\">\n    <thead>\n      <tr>\n        <th>Fator<\/th>\n      <\/tr>\n    <\/thead>\n    <tbody>\n      <tr>\n        <td data-label=\"Fator\">Consumo excessivo de cafe\u00edna, \u00e1lcool, nicotina ou outras subst\u00e2ncias estimulantes.<\/td>\n      <\/tr>\n      <tr>\n        <td data-label=\"Fator\">Estresse, ansiedade, ataques de p\u00e2nico e falta de sono reparador.<\/td>\n      <\/tr>\n      <tr>\n        <td data-label=\"Fator\">Problemas de tireoide (hiper ou hipotireoidismo) e desequil\u00edbrios hormonais.<\/td>\n      <\/tr>\n      <tr>\n        <td data-label=\"Fator\">Uso de certos medicamentos, suplementos ou drogas il\u00edcitas.<\/td>\n      <\/tr>\n    <\/tbody>\n  <\/table>\n\n  <p style=\"margin-top:14px; color:#6b7280; font-size:.9rem;\">\n    \ud83d\udca1 <strong>Dica:<\/strong> Identificar e controlar os gatilhos pode ajudar a reduzir a frequ\u00eancia das palpita\u00e7\u00f5es.\n  <\/p>\n<\/div>\n\n\n\n\n<h2 class=\"wp-block-heading\">Quando procurar atendimento m\u00e9dico imediato<\/h2>\n\n\n\n<p>Embora muitas palpita\u00e7\u00f5es sejam inofensivas, algumas exigem aten\u00e7\u00e3o m\u00e9dica urgente, especialmente se tiverem in\u00edcio s\u00fabito, forem muito intensas ou prolongadas. A presen\u00e7a de outros sintomas associados pode indicar um problema card\u00edaco mais s\u00e9rio.<\/p>\n\n\n\n<p>Pessoas com hist\u00f3rico de doen\u00e7as card\u00edacas, desmaios inexplicados ou fatores de risco, como hipertens\u00e3o e diabetes, devem buscar avalia\u00e7\u00e3o r\u00e1pida se apresentarem palpita\u00e7\u00f5es acompanhadas de dor no peito, falta de ar intensa, tontura importante ou sensa\u00e7\u00e3o de desmaio iminente.<\/p>\n\n\n<div class=\"wp-block-image\">\n<figure class=\"aligncenter size-large\"><img decoding=\"async\" width=\"1024\" height=\"576\" src=\"https:\/\/www.correiobraziliense.com.br\/cbradar\/wp-content\/uploads\/2025\/08\/coracao_1756320360950-1024x576.jpg\" alt=\"\" class=\"wp-image-94090\" srcset=\"https:\/\/www.correiobraziliense.com.br\/cbradar\/wp-content\/uploads\/2025\/08\/coracao_1756320360950-1024x576.jpg 1024w, https:\/\/www.correiobraziliense.com.br\/cbradar\/wp-content\/uploads\/2025\/08\/coracao_1756320360950-300x169.jpg 300w, https:\/\/www.correiobraziliense.com.br\/cbradar\/wp-content\/uploads\/2025\/08\/coracao_1756320360950-768x432.jpg 768w, https:\/\/www.correiobraziliense.com.br\/cbradar\/wp-content\/uploads\/2025\/08\/coracao_1756320360950-750x422.jpg 750w, https:\/\/www.correiobraziliense.com.br\/cbradar\/wp-content\/uploads\/2025\/08\/coracao_1756320360950-1140x641.jpg 1140w, https:\/\/www.correiobraziliense.com.br\/cbradar\/wp-content\/uploads\/2025\/08\/coracao_1756320360950.jpg 1280w\" sizes=\"(max-width: 1024px) 100vw, 1024px\" \/><figcaption class=\"wp-element-caption\">Cora\u00e7\u00e3o acelerado &#8211; Cr\u00e9ditos: depositphotos.com \/ AntonMatyukha<\/figcaption><\/figure><\/div>\n\n\n<h2 class=\"wp-block-heading\">O que a ci\u00eancia diz sobre investiga\u00e7\u00e3o das palpita\u00e7\u00f5es<\/h2>\n\n\n\n<p>A literatura m\u00e9dica destaca que, embora muitas palpita\u00e7\u00f5es sejam benignas, algumas podem esconder arritmias que necessitam de diagn\u00f3stico e tratamento adequados. Um exame cl\u00ednico detalhado, associado a um eletrocardiograma e, quando necess\u00e1rio, exames complementares, \u00e9 fundamental para essa diferencia\u00e7\u00e3o.<\/p>\n\n\n\n<p>Estudos indicam que pacientes que relatam palpita\u00e7\u00f5es associadas a tontura, fadiga, dor tor\u00e1cica ou desmaios devem ser priorizados para avalia\u00e7\u00e3o especializada. Manter-se hidratado, reduzir o consumo de estimulantes, cuidar do sono e praticar t\u00e9cnicas de relaxamento s\u00e3o medidas que ajudam a minimizar os epis\u00f3dios.<\/p>\n\n\n\n<style>\n  .make-wrap{\n    max-width: 760px;\n    margin: 26px auto;\n    padding: 18px;\n    border-radius: 18px;\n    background: linear-gradient(135deg,#f0f7ff 0%,#eef2ff 100%);\n    border: 1px solid #c7d2fe;\n    box-shadow: 0 8px 20px rgba(59,130,246,.12);\n    font-family: system-ui, -apple-system, Segoe UI, Roboto, Helvetica, Arial, sans-serif;\n  }\n\n  .make-title{\n    display:flex; \n    align-items:center; \n    gap:10px;\n    margin:0 0 12px 4px;\n    font-size:1.2rem; \n    font-weight:900; \n    color:#1e3a8a;\n  }\n\n  .make-table{\n    width:100%;\n    border-collapse:separate;\n    border-spacing:0;\n    overflow:hidden;\n    border-radius:16px;\n    border:1px solid #c7d2fe;\n    background:#fff;\n    font-size:.92rem;\n  }\n\n  .make-table thead th{\n    background:linear-gradient(90deg,#dbeafe 0%,#e0e7ff 100%);\n    padding:12px;\n    color:#1e40af;\n    font-weight:800;\n    text-align:left;\n    border-bottom:1px solid #c7d2fe;\n  }\n\n  .make-table tbody td{\n    padding:12px;\n    color:#374151;\n    vertical-align:top;\n    border-bottom:1px dashed #c7d2fe;\n  }\n\n  .make-table tbody tr:nth-child(odd){\n    background:#f8fbff;\n  }\n\n  .price{\n    display:inline-flex;\n    align-items:center;\n    background:#eff6ff;\n    color:#1d4ed8;\n    padding:6px 10px;\n    border-radius:10px;\n    border:1px solid #bfdbfe;\n    font-weight:700;\n    white-space:nowrap;\n  }\n\n  .badge{\n    display:inline-block;\n    background:#e0e7ff;\n    color:#4338ca;\n    border:1px solid #c7d2fe;\n    padding:4px 10px;\n    border-radius:999px;\n    font-weight:700;\n    font-size:.78rem;\n  }\n\n  @media (max-width:720px){\n    .make-table thead{display:none}\n    .make-table, .make-table tbody, .make-table tr, .make-table td{\n      display:block; \n      width:100%;\n    }\n    .make-table tr{\n      margin-bottom:12px;\n      border:1px solid #c7d2fe;\n      border-radius:14px;\n      overflow:hidden;\n      background:#fff;\n    }\n    .make-table td[data-label]:before{\n      content:attr(data-label);\n      display:block;\n      font-weight:800;\n      color:#1e40af;\n      margin-bottom:4px;\n    }\n    .make-table tbody td:last-child{border-bottom:none}\n  }\n<\/style>\n\n<div class=\"make-wrap\">\n  <h3 class=\"make-title\">\ud83d\udc99\u2764\ufe0f H\u00e1bitos para Reduzir Palpita\u00e7\u00f5es<\/h3>\n\n  <table class=\"make-table\">\n    <thead>\n      <tr>\n        <th>H\u00e1bito<\/th>\n      <\/tr>\n    <\/thead>\n    <tbody>\n      <tr>\n        <td data-label=\"H\u00e1bito\">Manter-se hidratado pode minimizar palpita\u00e7\u00f5es em algumas pessoas.<\/td>\n      <\/tr>\n      <tr>\n        <td data-label=\"H\u00e1bito\">Reduzir o consumo de estimulantes, como cafe\u00edna e energ\u00e9ticos, \u00e9 recomendado.<\/td>\n      <\/tr>\n      <tr>\n        <td data-label=\"H\u00e1bito\">Priorizar um sono adequado melhora a sa\u00fade do cora\u00e7\u00e3o e do sistema nervoso.<\/td>\n      <\/tr>\n      <tr>\n        <td data-label=\"H\u00e1bito\">Pr\u00e1ticas de relaxamento, como respira\u00e7\u00e3o profunda e medita\u00e7\u00e3o, ajudam a controlar a ansiedade.<\/td>\n      <\/tr>\n    <\/tbody>\n  <\/table>\n\n  <p style=\"margin-top:14px; color:#6b7280; font-size:.9rem;\">\n    \ud83d\udca1 <strong>Dica:<\/strong> Pequenas mudan\u00e7as no dia a dia podem ajudar a manter o cora\u00e7\u00e3o mais est\u00e1vel e tranquilo.\n  <\/p>\n<\/div>\n\n\n\n\n<p>Este conte\u00fado tem car\u00e1ter informativo e n\u00e3o substitui a avalia\u00e7\u00e3o, diagn\u00f3stico e tratamento realizados por um profissional de <a href=\"https:\/\/www.correiobraziliense.com.br\/cbradar\/o-avanco-tecnologico-que-esta-deixando-diagnosticos-mais-rapidos-e-precisos\/\" target=\"_blank\" rel=\"noreferrer noopener\">sa\u00fade <\/a>qualificado. Em caso de sintomas, \u00e9 essencial procurar orienta\u00e7\u00e3o m\u00e9dica.<\/p>\n\n\n<a href=\"https:\/\/www.instagram.com\/dra.annaluisabf\/\" target=\"_blank\" rel=\"noopener\" style=\"text-decoration: none; color: inherit;\">\n    <span style=\"display: inline-block; border: 1px solid #ccc; border-radius: 10px; padding: 15px; max-width: 550px; font-family: sans-serif; box-shadow: 0 2px 5px rgba(0,0,0,0.1); width: 100%;\">\n\n      <!-- T\u00edtulo -->\n      <span style=\"display: block; margin: 0 0 15px 0; font-weight: bold; color: #2c3e50; text-align: center;\">\n        Entre em contato:\n      <\/span>\n\n      <!-- Linha do perfil -->\n      <span style=\"display: flex; align-items: center; gap: 15px;\">\n        <img decoding=\"async\"\n          src=\"https:\/\/www.correiobraziliense.com.br\/cbradar\/wp-content\/uploads\/2025\/08\/dra_anna_luisa.jpeg\"\n          alt=\"Foto da Dra. Anna Lu\u00edsa\"\n          style=\"border-radius: 50%; width: 80px; height: 80px; object-fit: cover;\"\n        \/>\n        <span style=\"display: flex; flex-direction: column;\">\n          <span style=\"font-size: 18px; font-weight: 700; color: #2c3e50;\">Dra. Anna Lu\u00edsa Barbosa Fernandes<\/span>\n          <span style=\"color: #555;\">CRM-GO 33.271<\/span>\n        <\/span>\n      <\/span>\n\n      <!-- Redes -->\n      <span style=\"display: flex; align-items: center; gap: 10px; margin-top: 12px;\">\n        <img decoding=\"async\" src=\"https:\/\/cdn-icons-png.flaticon.com\/24\/1384\/1384063.png\" alt=\"Instagram\" width=\"24\" height=\"24\" \/>\n        <span style=\"text-decoration: underline; color: #2c3e50;\">@dra.annaluisabf<\/span>\n      <\/span>\n\n    <\/span>\n  <\/a>","protected":false},"excerpt":{"rendered":"<p>Sentir o cora\u00e7\u00e3o bater de maneira acelerada ou irregular sem um motivo aparente pode ser uma experi\u00eancia assustadora. As palpita\u00e7\u00f5es card\u00edacas costumam estar ligadas a fatores como estresse, ansiedade, consumo elevado de cafe\u00edna ou mudan\u00e7as hormonais, mas em alguns casos podem indicar arritmias que requerem aten\u00e7\u00e3o m\u00e9dica. O que s\u00e3o palpita\u00e7\u00f5es card\u00edacas? As palpita\u00e7\u00f5es s\u00e3o [&hellip;]<\/p>\n","protected":false},"author":14,"featured_media":48019,"comment_status":"open","ping_status":"open","sticky":false,"template":"","format":"standard","meta":{"_yoast_wpseo_focuskw":"Cora\u00e7\u00e3o acelerado","_yoast_wpseo_title":"","_yoast_wpseo_metadesc":"Entenda as palpita\u00e7\u00f5es card\u00edacas e saiba quando o cora\u00e7\u00e3o acelerado pode ser sinal de alerta","jnews-multi-image_gallery":[],"jnews_single_post":{"format":"standard"},"jnews_primary_category":[],"jnews_social_meta":[],"jnews_override_counter":[],"footnotes":""},"categories":[4404],"post_tag":[],"class_list":["post-232950","post","type-post","status-publish","format-standard","has-post-thumbnail","hentry","category-saude"],"yoast_head":"<!-- This site is optimized with the Yoast SEO plugin v24.6 - https:\/\/yoast.com\/wordpress\/plugins\/seo\/ -->\n<title>Cora\u00e7\u00e3o acelerado do nada pode ser um sinal que voc\u00ea n\u00e3o deve ignorar - Correio Braziliense - Radar<\/title>\n<meta name=\"description\" content=\"Entenda as palpita\u00e7\u00f5es card\u00edacas e saiba quando o cora\u00e7\u00e3o acelerado pode ser sinal de alerta\" \/>\n<meta name=\"robots\" content=\"index, follow, max-snippet:-1, max-image-preview:large, max-video-preview:-1\" \/>\n<link rel=\"canonical\" href=\"https:\/\/www.correiobraziliense.com.br\/cbradar\/coracao-acelerado-do-nada-pode-ser-um-sinal-que-voce-nao-deve-ignorar\/\" \/>\n<meta property=\"og:locale\" content=\"pt_BR\" \/>\n<meta property=\"og:type\" content=\"article\" \/>\n<meta property=\"og:title\" content=\"Cora\u00e7\u00e3o acelerado do nada pode ser um sinal que voc\u00ea n\u00e3o deve ignorar - Correio Braziliense - Radar\" \/>\n<meta property=\"og:description\" content=\"Entenda as palpita\u00e7\u00f5es card\u00edacas e saiba quando o cora\u00e7\u00e3o acelerado pode ser sinal de alerta\" \/>\n<meta property=\"og:url\" content=\"https:\/\/www.correiobraziliense.com.br\/cbradar\/coracao-acelerado-do-nada-pode-ser-um-sinal-que-voce-nao-deve-ignorar\/\" \/>\n<meta property=\"og:site_name\" content=\"Correio Braziliense - Radar\" \/>\n<meta property=\"article:published_time\" content=\"2026-04-28T14:05:00+00:00\" \/>\n<meta property=\"og:image\" content=\"https:\/\/www.correiobraziliense.com.br\/cbradar\/wp-content\/uploads\/2025\/06\/taquicardia_1749055751470.jpg\" \/>\n\t<meta property=\"og:image:width\" content=\"1280\" \/>\n\t<meta property=\"og:image:height\" content=\"720\" \/>\n\t<meta property=\"og:image:type\" content=\"image\/jpeg\" \/>\n<meta name=\"author\" content=\"guilherme_saude\" \/>\n<meta name=\"twitter:card\" content=\"summary_large_image\" \/>\n<meta name=\"twitter:label1\" content=\"Escrito por\" \/>\n\t<meta name=\"twitter:data1\" content=\"guilherme_saude\" \/>\n\t<meta name=\"twitter:label2\" content=\"Est. tempo de leitura\" \/>\n\t<meta name=\"twitter:data2\" content=\"4 minutos\" \/>\n<!-- \/ Yoast SEO plugin. -->","yoast_head_json":{"title":"Cora\u00e7\u00e3o acelerado do nada pode ser um sinal que voc\u00ea n\u00e3o deve ignorar - Correio Braziliense - Radar","description":"Entenda as palpita\u00e7\u00f5es card\u00edacas e saiba quando o cora\u00e7\u00e3o acelerado pode ser sinal de alerta","robots":{"index":"index","follow":"follow","max-snippet":"max-snippet:-1","max-image-preview":"max-image-preview:large","max-video-preview":"max-video-preview:-1"},"canonical":"https:\/\/www.correiobraziliense.com.br\/cbradar\/coracao-acelerado-do-nada-pode-ser-um-sinal-que-voce-nao-deve-ignorar\/","og_locale":"pt_BR","og_type":"article","og_title":"Cora\u00e7\u00e3o acelerado do nada pode ser um sinal que voc\u00ea n\u00e3o deve ignorar - Correio Braziliense - Radar","og_description":"Entenda as palpita\u00e7\u00f5es card\u00edacas e saiba quando o cora\u00e7\u00e3o acelerado pode ser sinal de alerta","og_url":"https:\/\/www.correiobraziliense.com.br\/cbradar\/coracao-acelerado-do-nada-pode-ser-um-sinal-que-voce-nao-deve-ignorar\/","og_site_name":"Correio Braziliense - Radar","article_published_time":"2026-04-28T14:05:00+00:00","og_image":[{"width":1280,"height":720,"url":"https:\/\/www.correiobraziliense.com.br\/cbradar\/wp-content\/uploads\/2025\/06\/taquicardia_1749055751470.jpg","type":"image\/jpeg"}],"author":"guilherme_saude","twitter_card":"summary_large_image","twitter_misc":{"Escrito por":"guilherme_saude","Est. tempo de leitura":"4 minutos"},"schema":{"@context":"https:\/\/schema.org","@graph":[{"@type":"WebPage","@id":"https:\/\/www.correiobraziliense.com.br\/cbradar\/coracao-acelerado-do-nada-pode-ser-um-sinal-que-voce-nao-deve-ignorar\/","url":"https:\/\/www.correiobraziliense.com.br\/cbradar\/coracao-acelerado-do-nada-pode-ser-um-sinal-que-voce-nao-deve-ignorar\/","name":"Cora\u00e7\u00e3o acelerado do nada pode ser um sinal que voc\u00ea n\u00e3o deve ignorar - Correio Braziliense - Radar","isPartOf":{"@id":"https:\/\/www.correiobraziliense.com.br\/cbradar\/#website"},"primaryImageOfPage":{"@id":"https:\/\/www.correiobraziliense.com.br\/cbradar\/coracao-acelerado-do-nada-pode-ser-um-sinal-que-voce-nao-deve-ignorar\/#primaryimage"},"image":{"@id":"https:\/\/www.correiobraziliense.com.br\/cbradar\/coracao-acelerado-do-nada-pode-ser-um-sinal-que-voce-nao-deve-ignorar\/#primaryimage"},"thumbnailUrl":"https:\/\/www.correiobraziliense.com.br\/cbradar\/wp-content\/uploads\/2025\/06\/taquicardia_1749055751470.jpg","datePublished":"2026-04-28T14:05:00+00:00","author":{"@id":"https:\/\/www.correiobraziliense.com.br\/cbradar\/#\/schema\/person\/5aa4bf3c8fa699c267933611de12978b"},"description":"Entenda as palpita\u00e7\u00f5es card\u00edacas e saiba quando o cora\u00e7\u00e3o acelerado pode ser sinal de alerta","breadcrumb":{"@id":"https:\/\/www.correiobraziliense.com.br\/cbradar\/coracao-acelerado-do-nada-pode-ser-um-sinal-que-voce-nao-deve-ignorar\/#breadcrumb"},"inLanguage":"pt-BR","potentialAction":[{"@type":"ReadAction","target":["https:\/\/www.correiobraziliense.com.br\/cbradar\/coracao-acelerado-do-nada-pode-ser-um-sinal-que-voce-nao-deve-ignorar\/"]}]},{"@type":"ImageObject","inLanguage":"pt-BR","@id":"https:\/\/www.correiobraziliense.com.br\/cbradar\/coracao-acelerado-do-nada-pode-ser-um-sinal-que-voce-nao-deve-ignorar\/#primaryimage","url":"https:\/\/www.correiobraziliense.com.br\/cbradar\/wp-content\/uploads\/2025\/06\/taquicardia_1749055751470.jpg","contentUrl":"https:\/\/www.correiobraziliense.com.br\/cbradar\/wp-content\/uploads\/2025\/06\/taquicardia_1749055751470.jpg","width":1280,"height":720,"caption":"Cora\u00e7\u00e3o acelerado - Cr\u00e9ditos: depositphotos.com \/ branchecarica"},{"@type":"BreadcrumbList","@id":"https:\/\/www.correiobraziliense.com.br\/cbradar\/coracao-acelerado-do-nada-pode-ser-um-sinal-que-voce-nao-deve-ignorar\/#breadcrumb","itemListElement":[{"@type":"ListItem","position":1,"name":"In\u00edcio","item":"https:\/\/www.correiobraziliense.com.br\/cbradar\/"},{"@type":"ListItem","position":2,"name":"Cora\u00e7\u00e3o acelerado do nada pode ser um sinal que voc\u00ea n\u00e3o deve ignorar"}]},{"@type":"WebSite","@id":"https:\/\/www.correiobraziliense.com.br\/cbradar\/#website","url":"https:\/\/www.correiobraziliense.com.br\/cbradar\/","name":"Correio Braziliense - Radar","description":"Acompanhe as \u00faltimas not\u00edcias e fique bem informado sobre tudo o que acontece no Brasil e no mundo.","potentialAction":[{"@type":"SearchAction","target":{"@type":"EntryPoint","urlTemplate":"https:\/\/www.correiobraziliense.com.br\/cbradar\/?s={search_term_string}"},"query-input":{"@type":"PropertyValueSpecification","valueRequired":true,"valueName":"search_term_string"}}],"inLanguage":"pt-BR"},{"@type":"Person","@id":"https:\/\/www.correiobraziliense.com.br\/cbradar\/#\/schema\/person\/5aa4bf3c8fa699c267933611de12978b","name":"guilherme_saude","image":{"@type":"ImageObject","inLanguage":"pt-BR","@id":"https:\/\/www.correiobraziliense.com.br\/cbradar\/#\/schema\/person\/image\/","url":"https:\/\/secure.gravatar.com\/avatar\/df9adfb835d344bc0af109d41756253f?s=96&d=mm&r=g","contentUrl":"https:\/\/secure.gravatar.com\/avatar\/df9adfb835d344bc0af109d41756253f?s=96&d=mm&r=g","caption":"guilherme_saude"},"url":"https:\/\/www.correiobraziliense.com.br\/cbradar\/author\/guilherme_saude\/"}]}},"_links":{"self":[{"href":"https:\/\/www.correiobraziliense.com.br\/cbradar\/wp-json\/wp\/v2\/posts\/232950","targetHints":{"allow":["GET"]}}],"collection":[{"href":"https:\/\/www.correiobraziliense.com.br\/cbradar\/wp-json\/wp\/v2\/posts"}],"about":[{"href":"https:\/\/www.correiobraziliense.com.br\/cbradar\/wp-json\/wp\/v2\/types\/post"}],"author":[{"embeddable":true,"href":"https:\/\/www.correiobraziliense.com.br\/cbradar\/wp-json\/wp\/v2\/users\/14"}],"replies":[{"embeddable":true,"href":"https:\/\/www.correiobraziliense.com.br\/cbradar\/wp-json\/wp\/v2\/comments?post=232950"}],"version-history":[{"count":1,"href":"https:\/\/www.correiobraziliense.com.br\/cbradar\/wp-json\/wp\/v2\/posts\/232950\/revisions"}],"predecessor-version":[{"id":232952,"href":"https:\/\/www.correiobraziliense.com.br\/cbradar\/wp-json\/wp\/v2\/posts\/232950\/revisions\/232952"}],"wp:featuredmedia":[{"embeddable":true,"href":"https:\/\/www.correiobraziliense.com.br\/cbradar\/wp-json\/wp\/v2\/media\/48019"}],"wp:attachment":[{"href":"https:\/\/www.correiobraziliense.com.br\/cbradar\/wp-json\/wp\/v2\/media?parent=232950"}],"wp:term":[{"taxonomy":"category","embeddable":true,"href":"https:\/\/www.correiobraziliense.com.br\/cbradar\/wp-json\/wp\/v2\/categories?post=232950"},{"taxonomy":"post_tag","embeddable":true,"href":"https:\/\/www.correiobraziliense.com.br\/cbradar\/wp-json\/wp\/v2\/post_tag?post=232950"}],"curies":[{"name":"wp","href":"https:\/\/api.w.org\/{rel}","templated":true}]}}