{"id":232954,"date":"2026-04-28T13:15:00","date_gmt":"2026-04-28T16:15:00","guid":{"rendered":"https:\/\/www.correiobraziliense.com.br\/cbradar\/?p=232954"},"modified":"2026-04-27T10:01:42","modified_gmt":"2026-04-27T13:01:42","slug":"a-perda-muscular-comeca-antes-dos-40-e-voce-pode-nao-perceber-os-sinais","status":"publish","type":"post","link":"https:\/\/www.correiobraziliense.com.br\/cbradar\/a-perda-muscular-comeca-antes-dos-40-e-voce-pode-nao-perceber-os-sinais\/","title":{"rendered":"A perda muscular come\u00e7a antes dos 40 e voc\u00ea pode n\u00e3o perceber os sinais"},"content":{"rendered":"\n<p>O fen\u00f4meno da perda muscular inicia-se silenciosamente entre os 30 e 40 anos, muitas vezes sem ser percebido at\u00e9 impactar mobilidade, equil\u00edbrio e autonomia. Embora associado ao envelhecimento, esse decl\u00ednio progressivo de massa muscular, conhecido como sarcopenia quando mais avan\u00e7ado, come\u00e7a cedo e merece aten\u00e7\u00e3o para garantir melhor qualidade de vida na velhice.<\/p>\n\n\n\n<h2 class=\"wp-block-heading\">Como ocorre o processo de perda muscular?<\/h2>\n\n\n\n<p>A perda muscular silenciosa caracteriza-se pela redu\u00e7\u00e3o gradual de massa e fun\u00e7\u00e3o musculares a partir dos 40 anos, com impacto maior em pessoas menos ativas. Mesmo sem mudan\u00e7as expressivas no peso, pode haver aumento de gordura corporal e diminui\u00e7\u00e3o de m\u00fasculo, quadro chamado obesidade sarcop\u00eanica.<\/p>\n\n\n\n<p>Esse decl\u00ednio n\u00e3o se limita ao aspecto f\u00edsico, pois a resposta do corpo a nutrientes como prote\u00ednas tamb\u00e9m diminui, favorecendo maior fraqueza e fadiga. Compreender esses sinais e ajust\u00e1-los com treino de for\u00e7a e alimenta\u00e7\u00e3o adequada \u00e9 fundamental para evitar consequ\u00eancias mais graves.<\/p>\n\n\n\n<h2 class=\"wp-block-heading\">Qual \u00e9 a diferen\u00e7a entre perda muscular silenciosa e sarcopenia?<\/h2>\n\n\n\n<p>Enquanto a perda muscular silenciosa representa um est\u00e1gio inicial e muitas vezes revers\u00edvel, a sarcopenia \u00e9 uma condi\u00e7\u00e3o mais avan\u00e7ada, com maior comprometimento funcional. Para identific\u00e1-la, utilizam-se testes de for\u00e7a, velocidade de marcha e exames de composi\u00e7\u00e3o corporal que avaliam a quantidade de massa magra.<\/p>\n\n\n\n<p>Essa diferencia\u00e7\u00e3o permite medidas precoces quando a perda ainda \u00e9 moderada, muitas vezes revertendo o quadro com mudan\u00e7as de estilo de vida. J\u00e1 na sarcopenia estabelecida, pode ser necess\u00e1ria interven\u00e7\u00e3o cl\u00ednica, suplementa\u00e7\u00e3o espec\u00edfica e acompanhamento multidisciplinar para recuperar for\u00e7a e funcionalidade.<\/p>\n\n\n\n<figure class=\"wp-block-image aligncenter size-large\"><img decoding=\"async\" width=\"1024\" height=\"576\" src=\"https:\/\/www.correiobraziliense.com.br\/cbradar\/wp-content\/uploads\/2025\/05\/sarcopenia_1747753541046-1024x576.jpg\" alt=\"\" class=\"wp-image-40062\" srcset=\"https:\/\/www.correiobraziliense.com.br\/cbradar\/wp-content\/uploads\/2025\/05\/sarcopenia_1747753541046-1024x576.jpg 1024w, https:\/\/www.correiobraziliense.com.br\/cbradar\/wp-content\/uploads\/2025\/05\/sarcopenia_1747753541046-300x169.jpg 300w, https:\/\/www.correiobraziliense.com.br\/cbradar\/wp-content\/uploads\/2025\/05\/sarcopenia_1747753541046-768x432.jpg 768w, https:\/\/www.correiobraziliense.com.br\/cbradar\/wp-content\/uploads\/2025\/05\/sarcopenia_1747753541046-750x422.jpg 750w, https:\/\/www.correiobraziliense.com.br\/cbradar\/wp-content\/uploads\/2025\/05\/sarcopenia_1747753541046-1140x641.jpg 1140w, https:\/\/www.correiobraziliense.com.br\/cbradar\/wp-content\/uploads\/2025\/05\/sarcopenia_1747753541046.jpg 1280w\" sizes=\"(max-width: 1024px) 100vw, 1024px\" \/><figcaption class=\"wp-element-caption\">Sarcopenia &#8211; Cr\u00e9ditos: depositphotos.com \/ toa55\n<\/figcaption><\/figure>\n\n\n\n<h2 class=\"wp-block-heading\">Como reconhecer os primeiros sinais de perda muscular?<\/h2>\n\n\n\n<p>A detec\u00e7\u00e3o precoce \u00e9 desafiadora, mas sinais como dificuldade em subir escadas, levantar-se da cadeira ou carregar sacolas podem indicar in\u00edcio de perda muscular. Al\u00e9m disso, quedas frequentes, desequil\u00edbrios e cansa\u00e7o exagerado para tarefas simples merecem aten\u00e7\u00e3o e investiga\u00e7\u00e3o profissional.<\/p>\n\n\n\n<p>Pesquisas mostram que a ingest\u00e3o adequada de prote\u00ednas, aliada ao exerc\u00edcio resistido, preserva melhor a musculatura ao longo dos anos. Procurar orienta\u00e7\u00e3o de nutricionista e educador f\u00edsico ajuda a ajustar dieta e treino com foco em for\u00e7a, equil\u00edbrio e autonomia <a href=\"https:\/\/www.correiobraziliense.com.br\/cbradar\/o-avanco-tecnologico-que-esta-deixando-diagnosticos-mais-rapidos-e-precisos\/\" target=\"_blank\" rel=\"noreferrer noopener\">di\u00e1ria<\/a>.<\/p>\n\n\n\n<h2 class=\"wp-block-heading\">Quais estrat\u00e9gias de alimenta\u00e7\u00e3o e exerc\u00edcio ajudam a preservar a massa muscular?<\/h2>\n\n\n\n<p>A combina\u00e7\u00e3o de dieta balanceada, treino de for\u00e7a e h\u00e1bitos saud\u00e1veis \u00e9 a abordagem mais eficaz para conter a perda muscular em qualquer idade. Recomenda-se consumir em m\u00e9dia entre 1,2 e 1,5 gramas de prote\u00edna por quilo de peso por dia, distribu\u00eddas de forma homog\u00eanea nas principais refei\u00e7\u00f5es, sempre que poss\u00edvel com orienta\u00e7\u00e3o profissional.<\/p>\n\n\n\n<p>Al\u00e9m da alimenta\u00e7\u00e3o, algumas estrat\u00e9gias pr\u00e1ticas podem auxiliar diretamente na preserva\u00e7\u00e3o da massa e fun\u00e7\u00e3o musculares:<\/p>\n\n\n\n<style>\n  .make-wrap{\n    max-width: 760px;\n    margin: 26px auto;\n    padding: 18px;\n    border-radius: 18px;\n    background: linear-gradient(135deg,#f0f7ff 0%,#eef2ff 100%);\n    border: 1px solid #c7d2fe;\n    box-shadow: 0 8px 20px rgba(59,130,246,.12);\n    font-family: system-ui, -apple-system, Segoe UI, Roboto, Helvetica, Arial, sans-serif;\n  }\n\n  .make-title{\n    display:flex; \n    align-items:center; \n    gap:10px;\n    margin:0 0 12px 4px;\n    font-size:1.2rem; \n    font-weight:900; \n    color:#1e3a8a;\n  }\n\n  .make-table{\n    width:100%;\n    border-collapse:separate;\n    border-spacing:0;\n    overflow:hidden;\n    border-radius:16px;\n    border:1px solid #c7d2fe;\n    background:#fff;\n    font-size:.92rem;\n  }\n\n  .make-table thead th{\n    background:linear-gradient(90deg,#dbeafe 0%,#e0e7ff 100%);\n    padding:12px;\n    color:#1e40af;\n    font-weight:800;\n    text-align:left;\n    border-bottom:1px solid #c7d2fe;\n  }\n\n  .make-table tbody td{\n    padding:12px;\n    color:#374151;\n    vertical-align:top;\n    border-bottom:1px dashed #c7d2fe;\n  }\n\n  .make-table tbody tr:nth-child(odd){\n    background:#f8fbff;\n  }\n\n  .price{\n    display:inline-flex;\n    align-items:center;\n    background:#eff6ff;\n    color:#1d4ed8;\n    padding:6px 10px;\n    border-radius:10px;\n    border:1px solid #bfdbfe;\n    font-weight:700;\n    white-space:nowrap;\n  }\n\n  .badge{\n    display:inline-block;\n    background:#e0e7ff;\n    color:#4338ca;\n    border:1px solid #c7d2fe;\n    padding:4px 10px;\n    border-radius:999px;\n    font-weight:700;\n    font-size:.78rem;\n  }\n\n  @media (max-width:720px){\n    .make-table thead{display:none}\n    .make-table, .make-table tbody, .make-table tr, .make-table td{\n      display:block; \n      width:100%;\n    }\n    .make-table tr{\n      margin-bottom:12px;\n      border:1px solid #c7d2fe;\n      border-radius:14px;\n      overflow:hidden;\n      background:#fff;\n    }\n    .make-table td[data-label]:before{\n      content:attr(data-label);\n      display:block;\n      font-weight:800;\n      color:#1e40af;\n      margin-bottom:4px;\n    }\n    .make-table tbody td:last-child{border-bottom:none}\n  }\n<\/style>\n\n<div class=\"make-wrap\">\n  <h3 class=\"make-title\">\ud83d\udc99\ud83d\udcaa Estrat\u00e9gias para Manter a Massa Muscular<\/h3>\n\n  <table class=\"make-table\">\n    <thead>\n      <tr>\n        <th>H\u00e1bito<\/th>\n      <\/tr>\n    <\/thead>\n    <tbody>\n      <tr>\n        <td data-label=\"H\u00e1bito\">Praticar exerc\u00edcios de resist\u00eancia (muscula\u00e7\u00e3o, el\u00e1sticos, peso corporal) ao menos 2 a 3 vezes por semana.<\/td>\n      <\/tr>\n      <tr>\n        <td data-label=\"H\u00e1bito\">Incluir atividades aer\u00f3bicas regulares, como caminhada, bicicleta ou nata\u00e7\u00e3o, para sa\u00fade cardiovascular e metab\u00f3lica.<\/td>\n      <\/tr>\n      <tr>\n        <td data-label=\"H\u00e1bito\">Garantir ingest\u00e3o adequada de vitamina D e c\u00e1lcio, importantes para m\u00fasculos e ossos, por meio da alimenta\u00e7\u00e3o e, se necess\u00e1rio, suplementa\u00e7\u00e3o.<\/td>\n      <\/tr>\n      <tr>\n        <td data-label=\"H\u00e1bito\">Manter rotina de sono de qualidade e controle de estresse, que influenciam horm\u00f4nios ligados \u00e0 manuten\u00e7\u00e3o da massa muscular.<\/td>\n      <\/tr>\n    <\/tbody>\n  <\/table>\n\n  <p style=\"margin-top:14px; color:#6b7280; font-size:.9rem;\">\n    \ud83d\udca1 <strong>Dica:<\/strong> A combina\u00e7\u00e3o de treino, nutri\u00e7\u00e3o e descanso \u00e9 essencial para preservar e ganhar massa muscular.\n  <\/p>\n<\/div>\n\n\n\n<a href=\"https:\/\/www.instagram.com\/dra.annaluisabf\/\" target=\"_blank\" rel=\"noopener\" style=\"text-decoration: none; color: inherit;\">\n    <span style=\"display: inline-block; border: 1px solid #ccc; border-radius: 10px; padding: 15px; max-width: 550px; font-family: sans-serif; box-shadow: 0 2px 5px rgba(0,0,0,0.1); width: 100%;\">\n\n      <!-- T\u00edtulo -->\n      <span style=\"display: block; margin: 0 0 15px 0; font-weight: bold; color: #2c3e50; text-align: center;\">\n        Entre em contato:\n      <\/span>\n\n      <!-- Linha do perfil -->\n      <span style=\"display: flex; align-items: center; gap: 15px;\">\n        <img decoding=\"async\"\n          src=\"https:\/\/www.correiobraziliense.com.br\/cbradar\/wp-content\/uploads\/2025\/08\/dra_anna_luisa.jpeg\"\n          alt=\"Foto da Dra. Anna Lu\u00edsa\"\n          style=\"border-radius: 50%; width: 80px; height: 80px; object-fit: cover;\"\n        \/>\n        <span style=\"display: flex; flex-direction: column;\">\n          <span style=\"font-size: 18px; font-weight: 700; color: #2c3e50;\">Dra. Anna Lu\u00edsa Barbosa Fernandes<\/span>\n          <span style=\"color: #555;\">CRM-GO 33.271<\/span>\n        <\/span>\n      <\/span>\n\n      <!-- Redes -->\n      <span style=\"display: flex; align-items: center; gap: 10px; margin-top: 12px;\">\n        <img decoding=\"async\" src=\"https:\/\/cdn-icons-png.flaticon.com\/24\/1384\/1384063.png\" alt=\"Instagram\" width=\"24\" height=\"24\" \/>\n        <span style=\"text-decoration: underline; color: #2c3e50;\">@dra.annaluisabf<\/span>\n      <\/span>\n\n    <\/span>\n  <\/a>","protected":false},"excerpt":{"rendered":"<p>O fen\u00f4meno da perda muscular inicia-se silenciosamente entre os 30 e 40 anos, muitas vezes sem ser percebido at\u00e9 impactar mobilidade, equil\u00edbrio e autonomia. Embora associado ao envelhecimento, esse decl\u00ednio progressivo de massa muscular, conhecido como sarcopenia quando mais avan\u00e7ado, come\u00e7a cedo e merece aten\u00e7\u00e3o para garantir melhor qualidade de vida na velhice. Como ocorre [&hellip;]<\/p>\n","protected":false},"author":14,"featured_media":40063,"comment_status":"open","ping_status":"open","sticky":false,"template":"","format":"standard","meta":{"_yoast_wpseo_focuskw":"sarcopenia","_yoast_wpseo_title":"","_yoast_wpseo_metadesc":"Descubra como a perda muscular come\u00e7a cedo e quais sinais indicam risco para sua for\u00e7a e mobilidade","jnews-multi-image_gallery":[],"jnews_single_post":{"format":"standard"},"jnews_primary_category":[],"jnews_social_meta":[],"jnews_override_counter":[],"footnotes":""},"categories":[4404],"post_tag":[],"class_list":["post-232954","post","type-post","status-publish","format-standard","has-post-thumbnail","hentry","category-saude"],"yoast_head":"<!-- This site is optimized with the Yoast SEO plugin v24.6 - https:\/\/yoast.com\/wordpress\/plugins\/seo\/ -->\n<title>A perda muscular come\u00e7a antes dos 40 e voc\u00ea pode n\u00e3o perceber os sinais - Correio Braziliense - Radar<\/title>\n<meta name=\"description\" content=\"Descubra como a perda muscular come\u00e7a cedo e quais sinais indicam risco para sua for\u00e7a e mobilidade\" \/>\n<meta name=\"robots\" content=\"index, follow, max-snippet:-1, max-image-preview:large, max-video-preview:-1\" \/>\n<link rel=\"canonical\" href=\"https:\/\/www.correiobraziliense.com.br\/cbradar\/a-perda-muscular-comeca-antes-dos-40-e-voce-pode-nao-perceber-os-sinais\/\" \/>\n<meta property=\"og:locale\" content=\"pt_BR\" \/>\n<meta property=\"og:type\" content=\"article\" \/>\n<meta property=\"og:title\" content=\"A perda muscular come\u00e7a antes dos 40 e voc\u00ea pode n\u00e3o perceber os sinais - Correio Braziliense - Radar\" \/>\n<meta property=\"og:description\" content=\"Descubra como a perda muscular come\u00e7a cedo e quais sinais indicam risco para sua for\u00e7a e mobilidade\" \/>\n<meta property=\"og:url\" content=\"https:\/\/www.correiobraziliense.com.br\/cbradar\/a-perda-muscular-comeca-antes-dos-40-e-voce-pode-nao-perceber-os-sinais\/\" \/>\n<meta property=\"og:site_name\" content=\"Correio Braziliense - Radar\" \/>\n<meta property=\"article:published_time\" content=\"2026-04-28T16:15:00+00:00\" \/>\n<meta property=\"og:image\" content=\"https:\/\/www.correiobraziliense.com.br\/cbradar\/wp-content\/uploads\/2025\/05\/sarcopenia_1747753572004.jpg\" \/>\n\t<meta property=\"og:image:width\" content=\"1280\" \/>\n\t<meta property=\"og:image:height\" content=\"720\" \/>\n\t<meta property=\"og:image:type\" content=\"image\/jpeg\" \/>\n<meta name=\"author\" content=\"guilherme_saude\" \/>\n<meta name=\"twitter:card\" content=\"summary_large_image\" \/>\n<meta name=\"twitter:label1\" content=\"Escrito por\" \/>\n\t<meta name=\"twitter:data1\" content=\"guilherme_saude\" \/>\n\t<meta name=\"twitter:label2\" content=\"Est. tempo de leitura\" \/>\n\t<meta name=\"twitter:data2\" content=\"4 minutos\" \/>\n<!-- \/ Yoast SEO plugin. -->","yoast_head_json":{"title":"A perda muscular come\u00e7a antes dos 40 e voc\u00ea pode n\u00e3o perceber os sinais - Correio Braziliense - Radar","description":"Descubra como a perda muscular come\u00e7a cedo e quais sinais indicam risco para sua for\u00e7a e mobilidade","robots":{"index":"index","follow":"follow","max-snippet":"max-snippet:-1","max-image-preview":"max-image-preview:large","max-video-preview":"max-video-preview:-1"},"canonical":"https:\/\/www.correiobraziliense.com.br\/cbradar\/a-perda-muscular-comeca-antes-dos-40-e-voce-pode-nao-perceber-os-sinais\/","og_locale":"pt_BR","og_type":"article","og_title":"A perda muscular come\u00e7a antes dos 40 e voc\u00ea pode n\u00e3o perceber os sinais - Correio Braziliense - Radar","og_description":"Descubra como a perda muscular come\u00e7a cedo e quais sinais indicam risco para sua for\u00e7a e mobilidade","og_url":"https:\/\/www.correiobraziliense.com.br\/cbradar\/a-perda-muscular-comeca-antes-dos-40-e-voce-pode-nao-perceber-os-sinais\/","og_site_name":"Correio Braziliense - Radar","article_published_time":"2026-04-28T16:15:00+00:00","og_image":[{"width":1280,"height":720,"url":"https:\/\/www.correiobraziliense.com.br\/cbradar\/wp-content\/uploads\/2025\/05\/sarcopenia_1747753572004.jpg","type":"image\/jpeg"}],"author":"guilherme_saude","twitter_card":"summary_large_image","twitter_misc":{"Escrito por":"guilherme_saude","Est. tempo de leitura":"4 minutos"},"schema":{"@context":"https:\/\/schema.org","@graph":[{"@type":"WebPage","@id":"https:\/\/www.correiobraziliense.com.br\/cbradar\/a-perda-muscular-comeca-antes-dos-40-e-voce-pode-nao-perceber-os-sinais\/","url":"https:\/\/www.correiobraziliense.com.br\/cbradar\/a-perda-muscular-comeca-antes-dos-40-e-voce-pode-nao-perceber-os-sinais\/","name":"A perda muscular come\u00e7a antes dos 40 e voc\u00ea pode n\u00e3o perceber os sinais - Correio Braziliense - Radar","isPartOf":{"@id":"https:\/\/www.correiobraziliense.com.br\/cbradar\/#website"},"primaryImageOfPage":{"@id":"https:\/\/www.correiobraziliense.com.br\/cbradar\/a-perda-muscular-comeca-antes-dos-40-e-voce-pode-nao-perceber-os-sinais\/#primaryimage"},"image":{"@id":"https:\/\/www.correiobraziliense.com.br\/cbradar\/a-perda-muscular-comeca-antes-dos-40-e-voce-pode-nao-perceber-os-sinais\/#primaryimage"},"thumbnailUrl":"https:\/\/www.correiobraziliense.com.br\/cbradar\/wp-content\/uploads\/2025\/05\/sarcopenia_1747753572004.jpg","datePublished":"2026-04-28T16:15:00+00:00","author":{"@id":"https:\/\/www.correiobraziliense.com.br\/cbradar\/#\/schema\/person\/5aa4bf3c8fa699c267933611de12978b"},"description":"Descubra como a perda muscular come\u00e7a cedo e quais sinais indicam risco para sua for\u00e7a e mobilidade","breadcrumb":{"@id":"https:\/\/www.correiobraziliense.com.br\/cbradar\/a-perda-muscular-comeca-antes-dos-40-e-voce-pode-nao-perceber-os-sinais\/#breadcrumb"},"inLanguage":"pt-BR","potentialAction":[{"@type":"ReadAction","target":["https:\/\/www.correiobraziliense.com.br\/cbradar\/a-perda-muscular-comeca-antes-dos-40-e-voce-pode-nao-perceber-os-sinais\/"]}]},{"@type":"ImageObject","inLanguage":"pt-BR","@id":"https:\/\/www.correiobraziliense.com.br\/cbradar\/a-perda-muscular-comeca-antes-dos-40-e-voce-pode-nao-perceber-os-sinais\/#primaryimage","url":"https:\/\/www.correiobraziliense.com.br\/cbradar\/wp-content\/uploads\/2025\/05\/sarcopenia_1747753572004.jpg","contentUrl":"https:\/\/www.correiobraziliense.com.br\/cbradar\/wp-content\/uploads\/2025\/05\/sarcopenia_1747753572004.jpg","width":1280,"height":720,"caption":"Sarcopenia - Cr\u00e9ditos: depositphotos.com \/ toa55"},{"@type":"BreadcrumbList","@id":"https:\/\/www.correiobraziliense.com.br\/cbradar\/a-perda-muscular-comeca-antes-dos-40-e-voce-pode-nao-perceber-os-sinais\/#breadcrumb","itemListElement":[{"@type":"ListItem","position":1,"name":"In\u00edcio","item":"https:\/\/www.correiobraziliense.com.br\/cbradar\/"},{"@type":"ListItem","position":2,"name":"A perda muscular come\u00e7a antes dos 40 e voc\u00ea pode n\u00e3o perceber os sinais"}]},{"@type":"WebSite","@id":"https:\/\/www.correiobraziliense.com.br\/cbradar\/#website","url":"https:\/\/www.correiobraziliense.com.br\/cbradar\/","name":"Correio Braziliense - Radar","description":"Acompanhe as \u00faltimas not\u00edcias e fique bem informado sobre tudo o que acontece no Brasil e no mundo.","potentialAction":[{"@type":"SearchAction","target":{"@type":"EntryPoint","urlTemplate":"https:\/\/www.correiobraziliense.com.br\/cbradar\/?s={search_term_string}"},"query-input":{"@type":"PropertyValueSpecification","valueRequired":true,"valueName":"search_term_string"}}],"inLanguage":"pt-BR"},{"@type":"Person","@id":"https:\/\/www.correiobraziliense.com.br\/cbradar\/#\/schema\/person\/5aa4bf3c8fa699c267933611de12978b","name":"guilherme_saude","image":{"@type":"ImageObject","inLanguage":"pt-BR","@id":"https:\/\/www.correiobraziliense.com.br\/cbradar\/#\/schema\/person\/image\/","url":"https:\/\/secure.gravatar.com\/avatar\/df9adfb835d344bc0af109d41756253f?s=96&d=mm&r=g","contentUrl":"https:\/\/secure.gravatar.com\/avatar\/df9adfb835d344bc0af109d41756253f?s=96&d=mm&r=g","caption":"guilherme_saude"},"url":"https:\/\/www.correiobraziliense.com.br\/cbradar\/author\/guilherme_saude\/"}]}},"_links":{"self":[{"href":"https:\/\/www.correiobraziliense.com.br\/cbradar\/wp-json\/wp\/v2\/posts\/232954","targetHints":{"allow":["GET"]}}],"collection":[{"href":"https:\/\/www.correiobraziliense.com.br\/cbradar\/wp-json\/wp\/v2\/posts"}],"about":[{"href":"https:\/\/www.correiobraziliense.com.br\/cbradar\/wp-json\/wp\/v2\/types\/post"}],"author":[{"embeddable":true,"href":"https:\/\/www.correiobraziliense.com.br\/cbradar\/wp-json\/wp\/v2\/users\/14"}],"replies":[{"embeddable":true,"href":"https:\/\/www.correiobraziliense.com.br\/cbradar\/wp-json\/wp\/v2\/comments?post=232954"}],"version-history":[{"count":1,"href":"https:\/\/www.correiobraziliense.com.br\/cbradar\/wp-json\/wp\/v2\/posts\/232954\/revisions"}],"predecessor-version":[{"id":232955,"href":"https:\/\/www.correiobraziliense.com.br\/cbradar\/wp-json\/wp\/v2\/posts\/232954\/revisions\/232955"}],"wp:featuredmedia":[{"embeddable":true,"href":"https:\/\/www.correiobraziliense.com.br\/cbradar\/wp-json\/wp\/v2\/media\/40063"}],"wp:attachment":[{"href":"https:\/\/www.correiobraziliense.com.br\/cbradar\/wp-json\/wp\/v2\/media?parent=232954"}],"wp:term":[{"taxonomy":"category","embeddable":true,"href":"https:\/\/www.correiobraziliense.com.br\/cbradar\/wp-json\/wp\/v2\/categories?post=232954"},{"taxonomy":"post_tag","embeddable":true,"href":"https:\/\/www.correiobraziliense.com.br\/cbradar\/wp-json\/wp\/v2\/post_tag?post=232954"}],"curies":[{"name":"wp","href":"https:\/\/api.w.org\/{rel}","templated":true}]}}