{"id":232975,"date":"2026-04-28T15:55:00","date_gmt":"2026-04-28T18:55:00","guid":{"rendered":"https:\/\/www.correiobraziliense.com.br\/cbradar\/?p=232975"},"modified":"2026-04-27T10:20:51","modified_gmt":"2026-04-27T13:20:51","slug":"a-inflamacao-que-nao-doi-pode-ser-mais-perigosa-do-que-voce-imagina","status":"publish","type":"post","link":"https:\/\/www.correiobraziliense.com.br\/cbradar\/a-inflamacao-que-nao-doi-pode-ser-mais-perigosa-do-que-voce-imagina\/","title":{"rendered":"A inflama\u00e7\u00e3o que n\u00e3o d\u00f3i pode ser mais perigosa do que voc\u00ea imagina"},"content":{"rendered":"\n<p>A inflama\u00e7\u00e3o exerce um papel vital na prote\u00e7\u00e3o do organismo, atuando como uma resposta natural a agress\u00f5es externas, como infec\u00e7\u00f5es e les\u00f5es. No entanto, quando essa rea\u00e7\u00e3o se torna persistente, ela pode desencadear complica\u00e7\u00f5es importantes e se tornar um fator de risco para doen\u00e7as cr\u00f4nicas, o que torna essencial entender a distin\u00e7\u00e3o entre inflama\u00e7\u00e3o aguda e cr\u00f4nica para monitorar e proteger a sa\u00fade de maneira eficaz.<\/p>\n\n\n\n<h2 class=\"wp-block-heading\">O que \u00e9 inflama\u00e7\u00e3o aguda e o que \u00e9 inflama\u00e7\u00e3o cr\u00f4nica?<\/h2>\n\n\n\n<p>No caso da inflama\u00e7\u00e3o aguda, o organismo reage de maneira r\u00e1pida e localizada para lidar com agentes prejudiciais. Essa resposta \u00e9 caracterizada por sintomas cl\u00e1ssicos, como dor, calor, vermelhid\u00e3o e incha\u00e7o, cessando ao eliminar a fonte do estresse ou da les\u00e3o.<\/p>\n\n\n\n<p>Em contrapartida, a inflama\u00e7\u00e3o cr\u00f4nica adquire um car\u00e1ter mais insidioso e prolongado, podendo ocorrer de forma sist\u00eamica e cont\u00ednua, muitas vezes sem sintomas evidentes. Assim, ela passa a afetar silenciosamente \u00f3rg\u00e3os e tecidos, contribuindo para a instala\u00e7\u00e3o de doen\u00e7as ao longo do tempo.<\/p>\n\n\n\n<h2 class=\"wp-block-heading\">Quais as consequ\u00eancias da inflama\u00e7\u00e3o cr\u00f4nica para a sa\u00fade?<\/h2>\n\n\n\n<p>A inflama\u00e7\u00e3o cr\u00f4nica, mesmo de baixo grau, atua silenciosamente no corpo, prejudicando a integridade de \u00f3rg\u00e3os vitais ao longo dos anos. Ela est\u00e1 associada ao desenvolvimento e \u00e0 progress\u00e3o de doen\u00e7as severas, como cardiovasculares, diabetes tipo 2 e certos dist\u00farbios neurodegenerativos.<\/p>\n\n\n\n<p>Essa a\u00e7\u00e3o cumulativa pode permanecer despercebida por muito tempo, o que refor\u00e7a a import\u00e2ncia de acompanhamento m\u00e9dico peri\u00f3dico. Identificar precocemente esses processos inflamat\u00f3rios permite intervir antes que danos irrevers\u00edveis se estabele\u00e7am.<\/p>\n\n\n\n<h2 class=\"wp-block-heading\">Quais exames que ajudam a identificar a inflama\u00e7\u00e3o cr\u00f4nica?<\/h2>\n\n\n\n<p>Devido \u00e0 aus\u00eancia de sintomas claros, a identifica\u00e7\u00e3o da inflama\u00e7\u00e3o cr\u00f4nica geralmente requer testes laboratoriais espec\u00edficos. Marcadores sangu\u00edneos, como a prote\u00edna C reativa ultrassens\u00edvel (PCR-us) e a interleucina-6, s\u00e3o ferramentas valiosas para avaliar a presen\u00e7a de processos inflamat\u00f3rios ocultos.<\/p>\n\n\n\n<p>Esses exames possibilitam um diagn\u00f3stico mais preciso e ajudam a monitorar a resposta ao tratamento ao longo do tempo. Em alguns casos, o m\u00e9dico tamb\u00e9m pode solicitar outros marcadores, como ferritina, fibrinog\u00eanio e homociste\u00edna, para complementar a avalia\u00e7\u00e3o cl\u00ednica.<\/p>\n\n\n<div class=\"wp-block-image\">\n<figure class=\"aligncenter size-full\"><img decoding=\"async\" width=\"1280\" height=\"720\" src=\"https:\/\/www.correiobraziliense.com.br\/cbradar\/wp-content\/uploads\/2026\/04\/inflamacao-cronica_1777296025478.jpg\" alt=\"\" class=\"wp-image-232982\" srcset=\"https:\/\/www.correiobraziliense.com.br\/cbradar\/wp-content\/uploads\/2026\/04\/inflamacao-cronica_1777296025478.jpg 1280w, https:\/\/www.correiobraziliense.com.br\/cbradar\/wp-content\/uploads\/2026\/04\/inflamacao-cronica_1777296025478-300x169.jpg 300w, https:\/\/www.correiobraziliense.com.br\/cbradar\/wp-content\/uploads\/2026\/04\/inflamacao-cronica_1777296025478-768x432.jpg 768w, https:\/\/www.correiobraziliense.com.br\/cbradar\/wp-content\/uploads\/2026\/04\/inflamacao-cronica_1777296025478-750x422.jpg 750w, https:\/\/www.correiobraziliense.com.br\/cbradar\/wp-content\/uploads\/2026\/04\/inflamacao-cronica_1777296025478-1140x641.jpg 1140w\" sizes=\"(max-width: 1280px) 100vw, 1280px\" \/><figcaption class=\"wp-element-caption\">Esse problema silencioso pode estar ligado a doen\u00e7as e voc\u00ea n\u00e3o percebe &#8211; Cr\u00e9ditos: depositphotos.com \/ kosmos111<\/figcaption><\/figure><\/div>\n\n\n<h2 class=\"wp-block-heading\">Como a alimenta\u00e7\u00e3o se relaciona com a inflama\u00e7\u00e3o cr\u00f4nica?<\/h2>\n\n\n\n<p>A alimenta\u00e7\u00e3o possui impacto direto na regula\u00e7\u00e3o da resposta inflamat\u00f3ria do corpo, podendo atenu\u00e1-la ou intensific\u00e1-la. Adotar uma dieta equilibrada, rica em nutrientes anti-inflamat\u00f3rios, pode reduzir marcadores inflamat\u00f3rios e proteger a sa\u00fade a longo prazo.<\/p>\n\n\n\n<p>Alguns alimentos e padr\u00f5es alimentares s\u00e3o especialmente estudados por sua capacidade de modular a inflama\u00e7\u00e3o, como o padr\u00e3o mediterr\u00e2neo. Entre os principais exemplos, destacam-se:<\/p>\n\n\n\n<style>\n  .make-wrap{\n    max-width: 760px;\n    margin: 26px auto;\n    padding: 18px;\n    border-radius: 18px;\n    background: linear-gradient(135deg,#f0f7ff 0%,#eef2ff 100%);\n    border: 1px solid #c7d2fe;\n    box-shadow: 0 8px 20px rgba(59,130,246,.12);\n    font-family: system-ui, -apple-system, Segoe UI, Roboto, Helvetica, Arial, sans-serif;\n  }\n\n  .make-title{\n    display:flex; \n    align-items:center; \n    gap:10px;\n    margin:0 0 12px 4px;\n    font-size:1.2rem; \n    font-weight:900; \n    color:#1e3a8a;\n  }\n\n  .make-table{\n    width:100%;\n    border-collapse:separate;\n    border-spacing:0;\n    overflow:hidden;\n    border-radius:16px;\n    border:1px solid #c7d2fe;\n    background:#fff;\n    font-size:.92rem;\n  }\n\n  .make-table thead th{\n    background:linear-gradient(90deg,#dbeafe 0%,#e0e7ff 100%);\n    padding:12px;\n    color:#1e40af;\n    font-weight:800;\n    text-align:left;\n    border-bottom:1px solid #c7d2fe;\n  }\n\n  .make-table tbody td{\n    padding:12px;\n    color:#374151;\n    vertical-align:top;\n    border-bottom:1px dashed #c7d2fe;\n  }\n\n  .make-table tbody tr:nth-child(odd){\n    background:#f8fbff;\n  }\n\n  .price{\n    display:inline-flex;\n    align-items:center;\n    background:#eff6ff;\n    color:#1d4ed8;\n    padding:6px 10px;\n    border-radius:10px;\n    border:1px solid #bfdbfe;\n    font-weight:700;\n    white-space:nowrap;\n  }\n\n  .badge{\n    display:inline-block;\n    background:#e0e7ff;\n    color:#4338ca;\n    border:1px solid #c7d2fe;\n    padding:4px 10px;\n    border-radius:999px;\n    font-weight:700;\n    font-size:.78rem;\n  }\n\n  @media (max-width:720px){\n    .make-table thead{display:none}\n    .make-table, .make-table tbody, .make-table tr, .make-table td{\n      display:block; \n      width:100%;\n    }\n    .make-table tr{\n      margin-bottom:12px;\n      border:1px solid #c7d2fe;\n      border-radius:14px;\n      overflow:hidden;\n      background:#fff;\n    }\n    .make-table td[data-label]:before{\n      content:attr(data-label);\n      display:block;\n      font-weight:800;\n      color:#1e40af;\n      margin-bottom:4px;\n    }\n    .make-table tbody td:last-child{border-bottom:none}\n  }\n<\/style>\n\n<div class=\"make-wrap\">\n  <h3 class=\"make-title\">\ud83d\udc99\ud83e\udd51 Alimentos Anti-inflamat\u00f3rios para o Dia a Dia<\/h3>\n\n  <table class=\"make-table\">\n    <thead>\n      <tr>\n        <th>Grupo Alimentar<\/th>\n        <th>Exemplos<\/th>\n      <\/tr>\n    <\/thead>\n    <tbody>\n      <tr>\n        <td data-label=\"Grupo Alimentar\">Peixes e sementes ricos em \u00f4mega-3<\/td>\n        <td data-label=\"Exemplos\">salm\u00e3o, sardinha, cavala, linha\u00e7a e chia<\/td>\n      <\/tr>\n      <tr>\n        <td data-label=\"Grupo Alimentar\">Frutas ricas em antioxidantes<\/td>\n        <td data-label=\"Exemplos\">frutas vermelhas, c\u00edtricas, uva e ameixa<\/td>\n      <\/tr>\n      <tr>\n        <td data-label=\"Grupo Alimentar\">Gorduras saud\u00e1veis<\/td>\n        <td data-label=\"Exemplos\">azeite de oliva extravirgem, oleaginosas e abacate<\/td>\n      <\/tr>\n      <tr>\n        <td data-label=\"Grupo Alimentar\">Alimentos naturais variados<\/td>\n        <td data-label=\"Exemplos\">vegetais, gr\u00e3os integrais e leguminosas, com redu\u00e7\u00e3o de ultraprocessados, a\u00e7\u00facares e gorduras saturadas<\/td>\n      <\/tr>\n    <\/tbody>\n  <\/table>\n\n  <p style=\"margin-top:14px; color:#6b7280; font-size:.9rem;\">\n    \ud83d\udca1 <strong>Dica:<\/strong> Priorizar alimentos naturais e variados ajuda a reduzir inflama\u00e7\u00f5es e melhorar a sa\u00fade geral.\n  <\/p>\n<\/div>\n\n\n\n\n<h2 class=\"wp-block-heading\">Estrat\u00e9gias para prevenir complica\u00e7\u00f5es da inflama\u00e7\u00e3o cr\u00f4nica<\/h2>\n\n\n\n<p>Para minimizar os impactos da inflama\u00e7\u00e3o cr\u00f4nica, \u00e9 essencial combinar uma alimenta\u00e7\u00e3o adequada com outros h\u00e1bitos saud\u00e1veis. Manter boa hidrata\u00e7\u00e3o, praticar exerc\u00edcios f\u00edsicos regulares, dormir bem e controlar o estresse s\u00e3o pilares que contribuem para reduzir a inflama\u00e7\u00e3o sist\u00eamica.<\/p>\n\n\n\n<p>Ao apresentar sintomas como fadiga persistente, dores difusas ou altera\u00e7\u00f5es inexplic\u00e1veis em exames, \u00e9 fundamental buscar orienta\u00e7\u00e3o m\u00e9dica para uma avalia\u00e7\u00e3o completa. O controle de fatores inflamat\u00f3rios por meio de mudan\u00e7as no estilo de vida, associado ao acompanhamento profissional, \u00e9 uma abordagem eficaz para promover a <a href=\"https:\/\/www.correiobraziliense.com.br\/cbradar\/o-avanco-tecnologico-que-esta-deixando-diagnosticos-mais-rapidos-e-precisos\/\" target=\"_blank\" rel=\"noreferrer noopener\">sa\u00fade<\/a> e prevenir complica\u00e7\u00f5es futuras.<\/p>\n\n\n<a href=\"https:\/\/www.instagram.com\/dra.annaluisabf\/\" target=\"_blank\" rel=\"noopener\" style=\"text-decoration: none; color: inherit;\">\n    <span style=\"display: inline-block; border: 1px solid #ccc; border-radius: 10px; padding: 15px; max-width: 550px; font-family: sans-serif; box-shadow: 0 2px 5px rgba(0,0,0,0.1); width: 100%;\">\n\n      <!-- T\u00edtulo -->\n      <span style=\"display: block; margin: 0 0 15px 0; font-weight: bold; color: #2c3e50; text-align: center;\">\n        Entre em contato:\n      <\/span>\n\n      <!-- Linha do perfil -->\n      <span style=\"display: flex; align-items: center; gap: 15px;\">\n        <img decoding=\"async\"\n          src=\"https:\/\/www.correiobraziliense.com.br\/cbradar\/wp-content\/uploads\/2025\/08\/dra_anna_luisa.jpeg\"\n          alt=\"Foto da Dra. Anna Lu\u00edsa\"\n          style=\"border-radius: 50%; width: 80px; height: 80px; object-fit: cover;\"\n        \/>\n        <span style=\"display: flex; flex-direction: column;\">\n          <span style=\"font-size: 18px; font-weight: 700; color: #2c3e50;\">Dra. Anna Lu\u00edsa Barbosa Fernandes<\/span>\n          <span style=\"color: #555;\">CRM-GO 33.271<\/span>\n        <\/span>\n      <\/span>\n\n      <!-- Redes -->\n      <span style=\"display: flex; align-items: center; gap: 10px; margin-top: 12px;\">\n        <img decoding=\"async\" src=\"https:\/\/cdn-icons-png.flaticon.com\/24\/1384\/1384063.png\" alt=\"Instagram\" width=\"24\" height=\"24\" \/>\n        <span style=\"text-decoration: underline; color: #2c3e50;\">@dra.annaluisabf<\/span>\n      <\/span>\n\n    <\/span>\n  <\/a>","protected":false},"excerpt":{"rendered":"<p>A inflama\u00e7\u00e3o exerce um papel vital na prote\u00e7\u00e3o do organismo, atuando como uma resposta natural a agress\u00f5es externas, como infec\u00e7\u00f5es e les\u00f5es. No entanto, quando essa rea\u00e7\u00e3o se torna persistente, ela pode desencadear complica\u00e7\u00f5es importantes e se tornar um fator de risco para doen\u00e7as cr\u00f4nicas, o que torna essencial entender a distin\u00e7\u00e3o entre inflama\u00e7\u00e3o aguda [&hellip;]<\/p>\n","protected":false},"author":14,"featured_media":232978,"comment_status":"open","ping_status":"open","sticky":false,"template":"","format":"standard","meta":{"_yoast_wpseo_focuskw":"inflama\u00e7\u00e3o cr\u00f4nica","_yoast_wpseo_title":"","_yoast_wpseo_metadesc":"Entenda a inflama\u00e7\u00e3o cr\u00f4nica e como ela pode afetar sua sa\u00fade de forma silenciosa. Veja como identificar e controlar a inflama\u00e7\u00e3o cr\u00f4nica com h\u00e1bitos simples","jnews-multi-image_gallery":[],"jnews_single_post":{"format":"standard"},"jnews_primary_category":[],"jnews_social_meta":[],"jnews_override_counter":[],"footnotes":""},"categories":[4404],"post_tag":[],"class_list":["post-232975","post","type-post","status-publish","format-standard","has-post-thumbnail","hentry","category-saude"],"yoast_head":"<!-- This site is optimized with the Yoast SEO plugin v24.6 - https:\/\/yoast.com\/wordpress\/plugins\/seo\/ -->\n<title>A inflama\u00e7\u00e3o que n\u00e3o d\u00f3i pode ser mais perigosa do que voc\u00ea imagina - Correio Braziliense - Radar<\/title>\n<meta name=\"description\" content=\"Entenda a inflama\u00e7\u00e3o cr\u00f4nica e como ela pode afetar sua sa\u00fade de forma silenciosa. Veja como identificar e controlar a inflama\u00e7\u00e3o cr\u00f4nica com h\u00e1bitos simples\" \/>\n<meta name=\"robots\" content=\"index, follow, max-snippet:-1, max-image-preview:large, max-video-preview:-1\" \/>\n<link rel=\"canonical\" href=\"https:\/\/www.correiobraziliense.com.br\/cbradar\/a-inflamacao-que-nao-doi-pode-ser-mais-perigosa-do-que-voce-imagina\/\" \/>\n<meta property=\"og:locale\" content=\"pt_BR\" \/>\n<meta property=\"og:type\" content=\"article\" \/>\n<meta property=\"og:title\" content=\"A inflama\u00e7\u00e3o que n\u00e3o d\u00f3i pode ser mais perigosa do que voc\u00ea imagina - Correio Braziliense - Radar\" \/>\n<meta property=\"og:description\" content=\"Entenda a inflama\u00e7\u00e3o cr\u00f4nica e como ela pode afetar sua sa\u00fade de forma silenciosa. Veja como identificar e controlar a inflama\u00e7\u00e3o cr\u00f4nica com h\u00e1bitos simples\" \/>\n<meta property=\"og:url\" content=\"https:\/\/www.correiobraziliense.com.br\/cbradar\/a-inflamacao-que-nao-doi-pode-ser-mais-perigosa-do-que-voce-imagina\/\" \/>\n<meta property=\"og:site_name\" content=\"Correio Braziliense - Radar\" \/>\n<meta property=\"article:published_time\" content=\"2026-04-28T18:55:00+00:00\" \/>\n<meta property=\"og:image\" content=\"https:\/\/www.correiobraziliense.com.br\/cbradar\/wp-content\/uploads\/2026\/04\/inflamacao-cronica_1777295877844.jpg\" \/>\n\t<meta property=\"og:image:width\" content=\"1280\" \/>\n\t<meta property=\"og:image:height\" content=\"720\" \/>\n\t<meta property=\"og:image:type\" content=\"image\/jpeg\" \/>\n<meta name=\"author\" content=\"guilherme_saude\" \/>\n<meta name=\"twitter:card\" content=\"summary_large_image\" \/>\n<meta name=\"twitter:label1\" content=\"Escrito por\" \/>\n\t<meta name=\"twitter:data1\" content=\"guilherme_saude\" \/>\n\t<meta name=\"twitter:label2\" content=\"Est. tempo de leitura\" \/>\n\t<meta name=\"twitter:data2\" content=\"5 minutos\" \/>\n<!-- \/ Yoast SEO plugin. -->","yoast_head_json":{"title":"A inflama\u00e7\u00e3o que n\u00e3o d\u00f3i pode ser mais perigosa do que voc\u00ea imagina - Correio Braziliense - Radar","description":"Entenda a inflama\u00e7\u00e3o cr\u00f4nica e como ela pode afetar sua sa\u00fade de forma silenciosa. Veja como identificar e controlar a inflama\u00e7\u00e3o cr\u00f4nica com h\u00e1bitos simples","robots":{"index":"index","follow":"follow","max-snippet":"max-snippet:-1","max-image-preview":"max-image-preview:large","max-video-preview":"max-video-preview:-1"},"canonical":"https:\/\/www.correiobraziliense.com.br\/cbradar\/a-inflamacao-que-nao-doi-pode-ser-mais-perigosa-do-que-voce-imagina\/","og_locale":"pt_BR","og_type":"article","og_title":"A inflama\u00e7\u00e3o que n\u00e3o d\u00f3i pode ser mais perigosa do que voc\u00ea imagina - Correio Braziliense - Radar","og_description":"Entenda a inflama\u00e7\u00e3o cr\u00f4nica e como ela pode afetar sua sa\u00fade de forma silenciosa. Veja como identificar e controlar a inflama\u00e7\u00e3o cr\u00f4nica com h\u00e1bitos simples","og_url":"https:\/\/www.correiobraziliense.com.br\/cbradar\/a-inflamacao-que-nao-doi-pode-ser-mais-perigosa-do-que-voce-imagina\/","og_site_name":"Correio Braziliense - Radar","article_published_time":"2026-04-28T18:55:00+00:00","og_image":[{"width":1280,"height":720,"url":"https:\/\/www.correiobraziliense.com.br\/cbradar\/wp-content\/uploads\/2026\/04\/inflamacao-cronica_1777295877844.jpg","type":"image\/jpeg"}],"author":"guilherme_saude","twitter_card":"summary_large_image","twitter_misc":{"Escrito por":"guilherme_saude","Est. tempo de leitura":"5 minutos"},"schema":{"@context":"https:\/\/schema.org","@graph":[{"@type":"WebPage","@id":"https:\/\/www.correiobraziliense.com.br\/cbradar\/a-inflamacao-que-nao-doi-pode-ser-mais-perigosa-do-que-voce-imagina\/","url":"https:\/\/www.correiobraziliense.com.br\/cbradar\/a-inflamacao-que-nao-doi-pode-ser-mais-perigosa-do-que-voce-imagina\/","name":"A inflama\u00e7\u00e3o que n\u00e3o d\u00f3i pode ser mais perigosa do que voc\u00ea imagina - Correio Braziliense - Radar","isPartOf":{"@id":"https:\/\/www.correiobraziliense.com.br\/cbradar\/#website"},"primaryImageOfPage":{"@id":"https:\/\/www.correiobraziliense.com.br\/cbradar\/a-inflamacao-que-nao-doi-pode-ser-mais-perigosa-do-que-voce-imagina\/#primaryimage"},"image":{"@id":"https:\/\/www.correiobraziliense.com.br\/cbradar\/a-inflamacao-que-nao-doi-pode-ser-mais-perigosa-do-que-voce-imagina\/#primaryimage"},"thumbnailUrl":"https:\/\/www.correiobraziliense.com.br\/cbradar\/wp-content\/uploads\/2026\/04\/inflamacao-cronica_1777295877844.jpg","datePublished":"2026-04-28T18:55:00+00:00","author":{"@id":"https:\/\/www.correiobraziliense.com.br\/cbradar\/#\/schema\/person\/5aa4bf3c8fa699c267933611de12978b"},"description":"Entenda a inflama\u00e7\u00e3o cr\u00f4nica e como ela pode afetar sua sa\u00fade de forma silenciosa. Veja como identificar e controlar a inflama\u00e7\u00e3o cr\u00f4nica com h\u00e1bitos simples","breadcrumb":{"@id":"https:\/\/www.correiobraziliense.com.br\/cbradar\/a-inflamacao-que-nao-doi-pode-ser-mais-perigosa-do-que-voce-imagina\/#breadcrumb"},"inLanguage":"pt-BR","potentialAction":[{"@type":"ReadAction","target":["https:\/\/www.correiobraziliense.com.br\/cbradar\/a-inflamacao-que-nao-doi-pode-ser-mais-perigosa-do-que-voce-imagina\/"]}]},{"@type":"ImageObject","inLanguage":"pt-BR","@id":"https:\/\/www.correiobraziliense.com.br\/cbradar\/a-inflamacao-que-nao-doi-pode-ser-mais-perigosa-do-que-voce-imagina\/#primaryimage","url":"https:\/\/www.correiobraziliense.com.br\/cbradar\/wp-content\/uploads\/2026\/04\/inflamacao-cronica_1777295877844.jpg","contentUrl":"https:\/\/www.correiobraziliense.com.br\/cbradar\/wp-content\/uploads\/2026\/04\/inflamacao-cronica_1777295877844.jpg","width":1280,"height":720,"caption":"A inflama\u00e7\u00e3o persistente pode ser um alerta que muita gente ignora - Cr\u00e9ditos: depositphotos.com \/ FotoPrivet"},{"@type":"BreadcrumbList","@id":"https:\/\/www.correiobraziliense.com.br\/cbradar\/a-inflamacao-que-nao-doi-pode-ser-mais-perigosa-do-que-voce-imagina\/#breadcrumb","itemListElement":[{"@type":"ListItem","position":1,"name":"In\u00edcio","item":"https:\/\/www.correiobraziliense.com.br\/cbradar\/"},{"@type":"ListItem","position":2,"name":"A inflama\u00e7\u00e3o que n\u00e3o d\u00f3i pode ser mais perigosa do que voc\u00ea imagina"}]},{"@type":"WebSite","@id":"https:\/\/www.correiobraziliense.com.br\/cbradar\/#website","url":"https:\/\/www.correiobraziliense.com.br\/cbradar\/","name":"Correio Braziliense - Radar","description":"Acompanhe as \u00faltimas not\u00edcias e fique bem informado sobre tudo o que acontece no Brasil e no mundo.","potentialAction":[{"@type":"SearchAction","target":{"@type":"EntryPoint","urlTemplate":"https:\/\/www.correiobraziliense.com.br\/cbradar\/?s={search_term_string}"},"query-input":{"@type":"PropertyValueSpecification","valueRequired":true,"valueName":"search_term_string"}}],"inLanguage":"pt-BR"},{"@type":"Person","@id":"https:\/\/www.correiobraziliense.com.br\/cbradar\/#\/schema\/person\/5aa4bf3c8fa699c267933611de12978b","name":"guilherme_saude","image":{"@type":"ImageObject","inLanguage":"pt-BR","@id":"https:\/\/www.correiobraziliense.com.br\/cbradar\/#\/schema\/person\/image\/","url":"https:\/\/secure.gravatar.com\/avatar\/df9adfb835d344bc0af109d41756253f?s=96&d=mm&r=g","contentUrl":"https:\/\/secure.gravatar.com\/avatar\/df9adfb835d344bc0af109d41756253f?s=96&d=mm&r=g","caption":"guilherme_saude"},"url":"https:\/\/www.correiobraziliense.com.br\/cbradar\/author\/guilherme_saude\/"}]}},"_links":{"self":[{"href":"https:\/\/www.correiobraziliense.com.br\/cbradar\/wp-json\/wp\/v2\/posts\/232975","targetHints":{"allow":["GET"]}}],"collection":[{"href":"https:\/\/www.correiobraziliense.com.br\/cbradar\/wp-json\/wp\/v2\/posts"}],"about":[{"href":"https:\/\/www.correiobraziliense.com.br\/cbradar\/wp-json\/wp\/v2\/types\/post"}],"author":[{"embeddable":true,"href":"https:\/\/www.correiobraziliense.com.br\/cbradar\/wp-json\/wp\/v2\/users\/14"}],"replies":[{"embeddable":true,"href":"https:\/\/www.correiobraziliense.com.br\/cbradar\/wp-json\/wp\/v2\/comments?post=232975"}],"version-history":[{"count":1,"href":"https:\/\/www.correiobraziliense.com.br\/cbradar\/wp-json\/wp\/v2\/posts\/232975\/revisions"}],"predecessor-version":[{"id":232984,"href":"https:\/\/www.correiobraziliense.com.br\/cbradar\/wp-json\/wp\/v2\/posts\/232975\/revisions\/232984"}],"wp:featuredmedia":[{"embeddable":true,"href":"https:\/\/www.correiobraziliense.com.br\/cbradar\/wp-json\/wp\/v2\/media\/232978"}],"wp:attachment":[{"href":"https:\/\/www.correiobraziliense.com.br\/cbradar\/wp-json\/wp\/v2\/media?parent=232975"}],"wp:term":[{"taxonomy":"category","embeddable":true,"href":"https:\/\/www.correiobraziliense.com.br\/cbradar\/wp-json\/wp\/v2\/categories?post=232975"},{"taxonomy":"post_tag","embeddable":true,"href":"https:\/\/www.correiobraziliense.com.br\/cbradar\/wp-json\/wp\/v2\/post_tag?post=232975"}],"curies":[{"name":"wp","href":"https:\/\/api.w.org\/{rel}","templated":true}]}}