{"id":232986,"date":"2026-04-28T21:35:00","date_gmt":"2026-04-29T00:35:00","guid":{"rendered":"https:\/\/www.correiobraziliense.com.br\/cbradar\/?p=232986"},"modified":"2026-04-27T10:24:49","modified_gmt":"2026-04-27T13:24:49","slug":"sua-visao-de-perto-esta-piorando-isso-pode-explicar-o-que-esta-acontecendo","status":"publish","type":"post","link":"https:\/\/www.correiobraziliense.com.br\/cbradar\/sua-visao-de-perto-esta-piorando-isso-pode-explicar-o-que-esta-acontecendo\/","title":{"rendered":"Sua vis\u00e3o de perto est\u00e1 piorando isso pode explicar o que est\u00e1 acontecendo"},"content":{"rendered":"\n<p>A presbiopia, frequentemente chamada de &#8220;vista cansada&#8221;, afeta a maioria das pessoas a partir dos 40 anos. Essa condi\u00e7\u00e3o resulta da rigidez crescente do cristalino ocular, dificultando o foco em objetos pr\u00f3ximos. Sintomas comuns incluem vis\u00e3o turva ao ler textos de perto, dores de cabe\u00e7a e fadiga ocular. Embora seja inevit\u00e1vel com o envelhecimento, algumas pr\u00e1ticas podem aliviar seus efeitos e promover a sa\u00fade dos olhos.<\/p>\n\n\n\n<h2 class=\"wp-block-heading\">O que \u00e9 presbiopia e como ela afeta a vis\u00e3o?<\/h2>\n\n\n\n<p>Essencialmente, a presbiopia ocorre quando o cristalino do olho perde flexibilidade, impossibilitando a focaliza\u00e7\u00e3o eficaz de objetos pr\u00f3ximos. Essa condi\u00e7\u00e3o \u00e9 a raz\u00e3o pela qual adultos de meia-idade muitas vezes afastam materiais de leitura para enxergar melhor.<\/p>\n\n\n\n<p>\u00c9 crucial proteger os olhos contra o esfor\u00e7o excessivo, o que pode ser alcan\u00e7ado com acompanhamento oftalmol\u00f3gico regular e algumas adapta\u00e7\u00f5es no cotidiano. Ilumina\u00e7\u00e3o adequada, pausas visuais e, quando necess\u00e1rio, o uso de \u00f3culos espec\u00edficos ajudam a reduzir o desconforto.<\/p>\n\n\n\n<h2 class=\"wp-block-heading\">Quais pr\u00e1ticas podem ajudar a gerenciar a presbiopia naturalmente?<\/h2>\n\n\n\n<p>Apesar de n\u00e3o haver cura para a presbiopia, algumas estrat\u00e9gias podem ajudar a manter a sa\u00fade ocular e retardar desconfortos. Uma alimenta\u00e7\u00e3o equilibrada, rica em nutrientes ben\u00e9ficos para os olhos, \u00e9 fundamental para proteger as estruturas oculares do envelhecimento precoce.<\/p>\n\n\n\n<p>Alimentos como vegetais coloridos, peixes ricos em \u00f4mega-3 e nozes cont\u00eam antioxidantes poderosos que preservam a vis\u00e3o e protegem contra o estresse oxidativo. Essas escolhas alimentares tamb\u00e9m contribuem para controlar condi\u00e7\u00f5es como diabetes e press\u00e3o alta, que podem afetar a vis\u00e3o de forma significativa.<\/p>\n\n\n<div class=\"wp-block-image\">\n<figure class=\"aligncenter size-full\"><img decoding=\"async\" width=\"1280\" height=\"720\" src=\"https:\/\/www.correiobraziliense.com.br\/cbradar\/wp-content\/uploads\/2026\/04\/presbiopia_1777296265951.jpg\" alt=\"\" class=\"wp-image-232992\" srcset=\"https:\/\/www.correiobraziliense.com.br\/cbradar\/wp-content\/uploads\/2026\/04\/presbiopia_1777296265951.jpg 1280w, https:\/\/www.correiobraziliense.com.br\/cbradar\/wp-content\/uploads\/2026\/04\/presbiopia_1777296265951-300x169.jpg 300w, https:\/\/www.correiobraziliense.com.br\/cbradar\/wp-content\/uploads\/2026\/04\/presbiopia_1777296265951-768x432.jpg 768w, https:\/\/www.correiobraziliense.com.br\/cbradar\/wp-content\/uploads\/2026\/04\/presbiopia_1777296265951-750x422.jpg 750w, https:\/\/www.correiobraziliense.com.br\/cbradar\/wp-content\/uploads\/2026\/04\/presbiopia_1777296265951-1140x641.jpg 1140w\" sizes=\"(max-width: 1280px) 100vw, 1280px\" \/><figcaption class=\"wp-element-caption\">A mudan\u00e7a na vis\u00e3o que faz voc\u00ea afastar o celular pode ter explica\u00e7\u00e3o &#8211; Cr\u00e9ditos: depositphotos.com \/ Kzenon<\/figcaption><\/figure><\/div>\n\n\n<h2 class=\"wp-block-heading\">Por que a lute\u00edna \u00e9 importante para os olhos?<\/h2>\n\n\n\n<p>A lute\u00edna e a zeaxantina s\u00e3o carotenoides importantes para a prote\u00e7\u00e3o ocular, concentrando-se na retina, especialmente na m\u00e1cula. Elas ajudam a filtrar a luz azul prejudicial e a prevenir danos relacionados ao envelhecimento, favorecendo a nitidez visual.<\/p>\n\n\n\n<p>Pesquisas indicam que aumentar a ingest\u00e3o desses nutrientes pode melhorar a fun\u00e7\u00e3o visual e retardar a progress\u00e3o de doen\u00e7as oculares associadas \u00e0 idade. Entre os poss\u00edveis benef\u00edcios est\u00e3o a redu\u00e7\u00e3o do cansa\u00e7o visual, a melhora na percep\u00e7\u00e3o de contrastes e o apoio \u00e0 <a href=\"https:\/\/www.correiobraziliense.com.br\/cbradar\/o-avanco-tecnologico-que-esta-deixando-diagnosticos-mais-rapidos-e-precisos\/\" target=\"_blank\" rel=\"noreferrer noopener\">sa\u00fade <\/a>macular.<\/p>\n\n\n\n<h2 class=\"wp-block-heading\">Quando se deve consultar um oftalmologista?<\/h2>\n\n\n\n<p>Embora h\u00e1bitos saud\u00e1veis possam contribuir significativamente para a sa\u00fade ocular, eles n\u00e3o substituem a avalia\u00e7\u00e3o m\u00e9dica regular. \u00c9 aconselh\u00e1vel procurar um oftalmologista se houver dificuldades persistentes em ver de perto, dores de cabe\u00e7a frequentes ap\u00f3s atividades de foco pr\u00f3ximo ou necessidade crescente de ilumina\u00e7\u00e3o para ler.<\/p>\n\n\n\n<p>Outros sinais, como olhos constantemente secos ou irritados, vis\u00e3o dupla ou distorcida que n\u00e3o melhora com repouso, tamb\u00e9m merecem aten\u00e7\u00e3o. A seguir, alguns exemplos de situa\u00e7\u00f5es do dia a dia que podem indicar a necessidade de avalia\u00e7\u00e3o especializada:<\/p>\n\n\n\n<style>\n  .make-wrap{\n    max-width: 760px;\n    margin: 26px auto;\n    padding: 18px;\n    border-radius: 18px;\n    background: linear-gradient(135deg,#f0f7ff 0%,#eef2ff 100%);\n    border: 1px solid #c7d2fe;\n    box-shadow: 0 8px 20px rgba(59,130,246,.12);\n    font-family: system-ui, -apple-system, Segoe UI, Roboto, Helvetica, Arial, sans-serif;\n  }\n\n  .make-title{\n    display:flex; \n    align-items:center; \n    gap:10px;\n    margin:0 0 12px 4px;\n    font-size:1.2rem; \n    font-weight:900; \n    color:#1e3a8a;\n  }\n\n  .make-table{\n    width:100%;\n    border-collapse:separate;\n    border-spacing:0;\n    overflow:hidden;\n    border-radius:16px;\n    border:1px solid #c7d2fe;\n    background:#fff;\n    font-size:.92rem;\n  }\n\n  .make-table thead th{\n    background:linear-gradient(90deg,#dbeafe 0%,#e0e7ff 100%);\n    padding:12px;\n    color:#1e40af;\n    font-weight:800;\n    text-align:left;\n    border-bottom:1px solid #c7d2fe;\n  }\n\n  .make-table tbody td{\n    padding:12px;\n    color:#374151;\n    vertical-align:top;\n    border-bottom:1px dashed #c7d2fe;\n  }\n\n  .make-table tbody tr:nth-child(odd){\n    background:#f8fbff;\n  }\n\n  .price{\n    display:inline-flex;\n    align-items:center;\n    background:#eff6ff;\n    color:#1d4ed8;\n    padding:6px 10px;\n    border-radius:10px;\n    border:1px solid #bfdbfe;\n    font-weight:700;\n    white-space:nowrap;\n  }\n\n  .badge{\n    display:inline-block;\n    background:#e0e7ff;\n    color:#4338ca;\n    border:1px solid #c7d2fe;\n    padding:4px 10px;\n    border-radius:999px;\n    font-weight:700;\n    font-size:.78rem;\n  }\n\n  @media (max-width:720px){\n    .make-table thead{display:none}\n    .make-table, .make-table tbody, .make-table tr, .make-table td{\n      display:block; \n      width:100%;\n    }\n    .make-table tr{\n      margin-bottom:12px;\n      border:1px solid #c7d2fe;\n      border-radius:14px;\n      overflow:hidden;\n      background:#fff;\n    }\n    .make-table td[data-label]:before{\n      content:attr(data-label);\n      display:block;\n      font-weight:800;\n      color:#1e40af;\n      margin-bottom:4px;\n    }\n    .make-table tbody td:last-child{border-bottom:none}\n  }\n<\/style>\n\n<div class=\"make-wrap\">\n  <h3 class=\"make-title\">\ud83d\udc99\ud83d\udc41\ufe0f Sinais de Alerta para a Sa\u00fade Visual<\/h3>\n\n  <table class=\"make-table\">\n    <thead>\n      <tr>\n        <th>Sintoma<\/th>\n      <\/tr>\n    <\/thead>\n    <tbody>\n      <tr>\n        <td data-label=\"Sintoma\">Persist\u00eancia na dificuldade de leitura de r\u00f3tulos ou textos pequenos<\/td>\n      <\/tr>\n      <tr>\n        <td data-label=\"Sintoma\">Aumento na necessidade de ilumina\u00e7\u00e3o para atividades visuais<\/td>\n      <\/tr>\n      <tr>\n        <td data-label=\"Sintoma\">Sensa\u00e7\u00e3o cont\u00ednua de secura ou ard\u00eancia ocular<\/td>\n      <\/tr>\n    <\/tbody>\n  <\/table>\n\n  <p style=\"margin-top:14px; color:#6b7280; font-size:.9rem;\">\n    \ud83d\udca1 <strong>Dica:<\/strong> Ao perceber esses sinais, procure um profissional para avalia\u00e7\u00e3o e orienta\u00e7\u00e3o adequada.\n  <\/p>\n<\/div>\n\n\n\n\n<p>Consultar um oftalmologista \u00e9 crucial para uma avalia\u00e7\u00e3o precisa e para determinar as melhores op\u00e7\u00f5es de tratamento, garantindo que a vis\u00e3o seja preservada saudavelmente ao longo dos anos. Essas consultas ajudam a ajustar precocemente qualquer altera\u00e7\u00e3o visual e a evitar complica\u00e7\u00f5es desnecess\u00e1rias.<\/p>\n\n\n<a href=\"https:\/\/www.instagram.com\/dra.annaluisabf\/\" target=\"_blank\" rel=\"noopener\" style=\"text-decoration: none; color: inherit;\">\n    <span style=\"display: inline-block; border: 1px solid #ccc; border-radius: 10px; padding: 15px; max-width: 550px; font-family: sans-serif; box-shadow: 0 2px 5px rgba(0,0,0,0.1); width: 100%;\">\n\n      <!-- T\u00edtulo -->\n      <span style=\"display: block; margin: 0 0 15px 0; font-weight: bold; color: #2c3e50; text-align: center;\">\n        Entre em contato:\n      <\/span>\n\n      <!-- Linha do perfil -->\n      <span style=\"display: flex; align-items: center; gap: 15px;\">\n        <img decoding=\"async\"\n          src=\"https:\/\/www.correiobraziliense.com.br\/cbradar\/wp-content\/uploads\/2025\/08\/dra_anna_luisa.jpeg\"\n          alt=\"Foto da Dra. Anna Lu\u00edsa\"\n          style=\"border-radius: 50%; width: 80px; height: 80px; object-fit: cover;\"\n        \/>\n        <span style=\"display: flex; flex-direction: column;\">\n          <span style=\"font-size: 18px; font-weight: 700; color: #2c3e50;\">Dra. Anna Lu\u00edsa Barbosa Fernandes<\/span>\n          <span style=\"color: #555;\">CRM-GO 33.271<\/span>\n        <\/span>\n      <\/span>\n\n      <!-- Redes -->\n      <span style=\"display: flex; align-items: center; gap: 10px; margin-top: 12px;\">\n        <img decoding=\"async\" src=\"https:\/\/cdn-icons-png.flaticon.com\/24\/1384\/1384063.png\" alt=\"Instagram\" width=\"24\" height=\"24\" \/>\n        <span style=\"text-decoration: underline; color: #2c3e50;\">@dra.annaluisabf<\/span>\n      <\/span>\n\n    <\/span>\n  <\/a>","protected":false},"excerpt":{"rendered":"<p>A presbiopia, frequentemente chamada de &#8220;vista cansada&#8221;, afeta a maioria das pessoas a partir dos 40 anos. Essa condi\u00e7\u00e3o resulta da rigidez crescente do cristalino ocular, dificultando o foco em objetos pr\u00f3ximos. Sintomas comuns incluem vis\u00e3o turva ao ler textos de perto, dores de cabe\u00e7a e fadiga ocular. Embora seja inevit\u00e1vel com o envelhecimento, algumas [&hellip;]<\/p>\n","protected":false},"author":14,"featured_media":232990,"comment_status":"open","ping_status":"open","sticky":false,"template":"","format":"standard","meta":{"_yoast_wpseo_focuskw":"presbiopia","_yoast_wpseo_title":"","_yoast_wpseo_metadesc":"Entenda a presbiopia e descubra como aliviar a dificuldade de enxergar de perto ap\u00f3s os 40","jnews-multi-image_gallery":[],"jnews_single_post":{"format":"standard"},"jnews_primary_category":[],"jnews_social_meta":[],"jnews_override_counter":[],"footnotes":""},"categories":[4404],"post_tag":[],"class_list":["post-232986","post","type-post","status-publish","format-standard","has-post-thumbnail","hentry","category-saude"],"yoast_head":"<!-- This site is optimized with the Yoast SEO plugin v24.6 - https:\/\/yoast.com\/wordpress\/plugins\/seo\/ -->\n<title>Sua vis\u00e3o de perto est\u00e1 piorando isso pode explicar o que est\u00e1 acontecendo - Correio Braziliense - Radar<\/title>\n<meta name=\"description\" content=\"Entenda a presbiopia e descubra como aliviar a dificuldade de enxergar de perto ap\u00f3s os 40\" \/>\n<meta name=\"robots\" content=\"index, follow, max-snippet:-1, max-image-preview:large, max-video-preview:-1\" \/>\n<link rel=\"canonical\" href=\"https:\/\/www.correiobraziliense.com.br\/cbradar\/sua-visao-de-perto-esta-piorando-isso-pode-explicar-o-que-esta-acontecendo\/\" \/>\n<meta property=\"og:locale\" content=\"pt_BR\" \/>\n<meta property=\"og:type\" content=\"article\" \/>\n<meta property=\"og:title\" content=\"Sua vis\u00e3o de perto est\u00e1 piorando isso pode explicar o que est\u00e1 acontecendo - Correio Braziliense - Radar\" \/>\n<meta property=\"og:description\" content=\"Entenda a presbiopia e descubra como aliviar a dificuldade de enxergar de perto ap\u00f3s os 40\" \/>\n<meta property=\"og:url\" content=\"https:\/\/www.correiobraziliense.com.br\/cbradar\/sua-visao-de-perto-esta-piorando-isso-pode-explicar-o-que-esta-acontecendo\/\" \/>\n<meta property=\"og:site_name\" content=\"Correio Braziliense - Radar\" \/>\n<meta property=\"article:published_time\" content=\"2026-04-29T00:35:00+00:00\" \/>\n<meta property=\"og:image\" content=\"https:\/\/www.correiobraziliense.com.br\/cbradar\/wp-content\/uploads\/2026\/04\/presbiopia_1777296206931.jpg\" \/>\n\t<meta property=\"og:image:width\" content=\"1280\" \/>\n\t<meta property=\"og:image:height\" content=\"720\" \/>\n\t<meta property=\"og:image:type\" content=\"image\/jpeg\" \/>\n<meta name=\"author\" content=\"guilherme_saude\" \/>\n<meta name=\"twitter:card\" content=\"summary_large_image\" \/>\n<meta name=\"twitter:label1\" content=\"Escrito por\" \/>\n\t<meta name=\"twitter:data1\" content=\"guilherme_saude\" \/>\n\t<meta name=\"twitter:label2\" content=\"Est. tempo de leitura\" \/>\n\t<meta name=\"twitter:data2\" content=\"4 minutos\" \/>\n<!-- \/ Yoast SEO plugin. -->","yoast_head_json":{"title":"Sua vis\u00e3o de perto est\u00e1 piorando isso pode explicar o que est\u00e1 acontecendo - Correio Braziliense - Radar","description":"Entenda a presbiopia e descubra como aliviar a dificuldade de enxergar de perto ap\u00f3s os 40","robots":{"index":"index","follow":"follow","max-snippet":"max-snippet:-1","max-image-preview":"max-image-preview:large","max-video-preview":"max-video-preview:-1"},"canonical":"https:\/\/www.correiobraziliense.com.br\/cbradar\/sua-visao-de-perto-esta-piorando-isso-pode-explicar-o-que-esta-acontecendo\/","og_locale":"pt_BR","og_type":"article","og_title":"Sua vis\u00e3o de perto est\u00e1 piorando isso pode explicar o que est\u00e1 acontecendo - Correio Braziliense - Radar","og_description":"Entenda a presbiopia e descubra como aliviar a dificuldade de enxergar de perto ap\u00f3s os 40","og_url":"https:\/\/www.correiobraziliense.com.br\/cbradar\/sua-visao-de-perto-esta-piorando-isso-pode-explicar-o-que-esta-acontecendo\/","og_site_name":"Correio Braziliense - Radar","article_published_time":"2026-04-29T00:35:00+00:00","og_image":[{"width":1280,"height":720,"url":"https:\/\/www.correiobraziliense.com.br\/cbradar\/wp-content\/uploads\/2026\/04\/presbiopia_1777296206931.jpg","type":"image\/jpeg"}],"author":"guilherme_saude","twitter_card":"summary_large_image","twitter_misc":{"Escrito por":"guilherme_saude","Est. tempo de leitura":"4 minutos"},"schema":{"@context":"https:\/\/schema.org","@graph":[{"@type":"WebPage","@id":"https:\/\/www.correiobraziliense.com.br\/cbradar\/sua-visao-de-perto-esta-piorando-isso-pode-explicar-o-que-esta-acontecendo\/","url":"https:\/\/www.correiobraziliense.com.br\/cbradar\/sua-visao-de-perto-esta-piorando-isso-pode-explicar-o-que-esta-acontecendo\/","name":"Sua vis\u00e3o de perto est\u00e1 piorando isso pode explicar o que est\u00e1 acontecendo - Correio Braziliense - Radar","isPartOf":{"@id":"https:\/\/www.correiobraziliense.com.br\/cbradar\/#website"},"primaryImageOfPage":{"@id":"https:\/\/www.correiobraziliense.com.br\/cbradar\/sua-visao-de-perto-esta-piorando-isso-pode-explicar-o-que-esta-acontecendo\/#primaryimage"},"image":{"@id":"https:\/\/www.correiobraziliense.com.br\/cbradar\/sua-visao-de-perto-esta-piorando-isso-pode-explicar-o-que-esta-acontecendo\/#primaryimage"},"thumbnailUrl":"https:\/\/www.correiobraziliense.com.br\/cbradar\/wp-content\/uploads\/2026\/04\/presbiopia_1777296206931.jpg","datePublished":"2026-04-29T00:35:00+00:00","author":{"@id":"https:\/\/www.correiobraziliense.com.br\/cbradar\/#\/schema\/person\/5aa4bf3c8fa699c267933611de12978b"},"description":"Entenda a presbiopia e descubra como aliviar a dificuldade de enxergar de perto ap\u00f3s os 40","breadcrumb":{"@id":"https:\/\/www.correiobraziliense.com.br\/cbradar\/sua-visao-de-perto-esta-piorando-isso-pode-explicar-o-que-esta-acontecendo\/#breadcrumb"},"inLanguage":"pt-BR","potentialAction":[{"@type":"ReadAction","target":["https:\/\/www.correiobraziliense.com.br\/cbradar\/sua-visao-de-perto-esta-piorando-isso-pode-explicar-o-que-esta-acontecendo\/"]}]},{"@type":"ImageObject","inLanguage":"pt-BR","@id":"https:\/\/www.correiobraziliense.com.br\/cbradar\/sua-visao-de-perto-esta-piorando-isso-pode-explicar-o-que-esta-acontecendo\/#primaryimage","url":"https:\/\/www.correiobraziliense.com.br\/cbradar\/wp-content\/uploads\/2026\/04\/presbiopia_1777296206931.jpg","contentUrl":"https:\/\/www.correiobraziliense.com.br\/cbradar\/wp-content\/uploads\/2026\/04\/presbiopia_1777296206931.jpg","width":1280,"height":720,"caption":"O motivo por tr\u00e1s da vista cansada que surge com o tempo - Cr\u00e9ditos: depositphotos.com \/ Milkos"},{"@type":"BreadcrumbList","@id":"https:\/\/www.correiobraziliense.com.br\/cbradar\/sua-visao-de-perto-esta-piorando-isso-pode-explicar-o-que-esta-acontecendo\/#breadcrumb","itemListElement":[{"@type":"ListItem","position":1,"name":"In\u00edcio","item":"https:\/\/www.correiobraziliense.com.br\/cbradar\/"},{"@type":"ListItem","position":2,"name":"Sua vis\u00e3o de perto est\u00e1 piorando isso pode explicar o que est\u00e1 acontecendo"}]},{"@type":"WebSite","@id":"https:\/\/www.correiobraziliense.com.br\/cbradar\/#website","url":"https:\/\/www.correiobraziliense.com.br\/cbradar\/","name":"Correio Braziliense - Radar","description":"Acompanhe as \u00faltimas not\u00edcias e fique bem informado sobre tudo o que acontece no Brasil e no mundo.","potentialAction":[{"@type":"SearchAction","target":{"@type":"EntryPoint","urlTemplate":"https:\/\/www.correiobraziliense.com.br\/cbradar\/?s={search_term_string}"},"query-input":{"@type":"PropertyValueSpecification","valueRequired":true,"valueName":"search_term_string"}}],"inLanguage":"pt-BR"},{"@type":"Person","@id":"https:\/\/www.correiobraziliense.com.br\/cbradar\/#\/schema\/person\/5aa4bf3c8fa699c267933611de12978b","name":"guilherme_saude","image":{"@type":"ImageObject","inLanguage":"pt-BR","@id":"https:\/\/www.correiobraziliense.com.br\/cbradar\/#\/schema\/person\/image\/","url":"https:\/\/secure.gravatar.com\/avatar\/df9adfb835d344bc0af109d41756253f?s=96&d=mm&r=g","contentUrl":"https:\/\/secure.gravatar.com\/avatar\/df9adfb835d344bc0af109d41756253f?s=96&d=mm&r=g","caption":"guilherme_saude"},"url":"https:\/\/www.correiobraziliense.com.br\/cbradar\/author\/guilherme_saude\/"}]}},"_links":{"self":[{"href":"https:\/\/www.correiobraziliense.com.br\/cbradar\/wp-json\/wp\/v2\/posts\/232986","targetHints":{"allow":["GET"]}}],"collection":[{"href":"https:\/\/www.correiobraziliense.com.br\/cbradar\/wp-json\/wp\/v2\/posts"}],"about":[{"href":"https:\/\/www.correiobraziliense.com.br\/cbradar\/wp-json\/wp\/v2\/types\/post"}],"author":[{"embeddable":true,"href":"https:\/\/www.correiobraziliense.com.br\/cbradar\/wp-json\/wp\/v2\/users\/14"}],"replies":[{"embeddable":true,"href":"https:\/\/www.correiobraziliense.com.br\/cbradar\/wp-json\/wp\/v2\/comments?post=232986"}],"version-history":[{"count":1,"href":"https:\/\/www.correiobraziliense.com.br\/cbradar\/wp-json\/wp\/v2\/posts\/232986\/revisions"}],"predecessor-version":[{"id":232993,"href":"https:\/\/www.correiobraziliense.com.br\/cbradar\/wp-json\/wp\/v2\/posts\/232986\/revisions\/232993"}],"wp:featuredmedia":[{"embeddable":true,"href":"https:\/\/www.correiobraziliense.com.br\/cbradar\/wp-json\/wp\/v2\/media\/232990"}],"wp:attachment":[{"href":"https:\/\/www.correiobraziliense.com.br\/cbradar\/wp-json\/wp\/v2\/media?parent=232986"}],"wp:term":[{"taxonomy":"category","embeddable":true,"href":"https:\/\/www.correiobraziliense.com.br\/cbradar\/wp-json\/wp\/v2\/categories?post=232986"},{"taxonomy":"post_tag","embeddable":true,"href":"https:\/\/www.correiobraziliense.com.br\/cbradar\/wp-json\/wp\/v2\/post_tag?post=232986"}],"curies":[{"name":"wp","href":"https:\/\/api.w.org\/{rel}","templated":true}]}}