{"id":232999,"date":"2026-04-28T02:00:00","date_gmt":"2026-04-28T05:00:00","guid":{"rendered":"https:\/\/www.correiobraziliense.com.br\/cbradar\/?p=232999"},"modified":"2026-04-27T16:53:36","modified_gmt":"2026-04-27T19:53:36","slug":"citacao-do-dia-do-filosofo-romano-seneca-associe-se-a-pessoas-que-possam-torna-lo-melhor","status":"publish","type":"post","link":"https:\/\/www.correiobraziliense.com.br\/cbradar\/citacao-do-dia-do-filosofo-romano-seneca-associe-se-a-pessoas-que-possam-torna-lo-melhor\/","title":{"rendered":"Cita\u00e7\u00e3o do dia do fil\u00f3sofo romano S\u00eaneca: \u201cAssocie-se a pessoas que possam torn\u00e1-lo melhor\u201d"},"content":{"rendered":"\n<p>A sabedoria milenar de <strong>S\u00eaneca<\/strong> continua extremamente relevante para quem deseja alcan\u00e7ar o sucesso pessoal e profissional no mundo contempor\u00e2neo. Ao selecionar cuidadosamente o seu c\u00edrculo social, voc\u00ea influencia diretamente os seus h\u00e1bitos e a sua vis\u00e3o de mundo. Vamos explorar como as conex\u00f5es humanas podem moldar o seu futuro de forma definitiva.<\/p>\n\n\n\n<h2 class=\"wp-block-heading\">Qual o peso real das amizades na evolu\u00e7\u00e3o individual?<\/h2>\n\n\n\n<p>Estar cercado por indiv\u00edduos que possuem objetivos claros e valores s\u00f3lidos funciona como um catalisador para o seu pr\u00f3prio crescimento. Quando observamos o comportamento de pessoas admir\u00e1veis, tendemos a replicar inconscientemente as suas atitudes positivas e produtivas. Essa din\u00e2mica social \u00e9 o alicerce para construir uma <strong>mentalidade de crescimento<\/strong> resiliente diante de todos os desafios da vida cotidiana.<\/p>\n\n\n\n<p>O fil\u00f3sofo romano acreditava que a amizade deveria ser baseada na utilidade m\u00fatua do aprimoramento moral e intelectual. Evitar companhias que drenam a sua energia emocional \u00e9 essencial para manter o foco nas suas metas mais ambiciosas. <a href=\"https:\/\/www.correiobraziliense.com.br\/cbradar\/o-que-seneca-quis-dizer-ao-afirmar-que-voce-deixara-de-ter-medo-se-parar-de-esperar\/\" target=\"_blank\" rel=\"noreferrer noopener\"><strong>S\u00eaneca<\/strong> <\/a>ensinava que a proximidade com mentores naturais acelera o aprendizado e previne erros que poderiam ser evitados com sabedoria.<\/p>\n\n\n\n<figure class=\"wp-block-image size-full\"><img decoding=\"async\" width=\"1280\" height=\"720\" src=\"https:\/\/www.correiobraziliense.com.br\/cbradar\/wp-content\/uploads\/2026\/04\/Gemini_Generated_Image_izisvdizisvdizis-1-1.png\" alt=\"Cita\u00e7\u00e3o do dia do fil\u00f3sofo romano S\u00eaneca: \u201cAssocie-se com pessoas que possam torn\u00e1-lo melhor\u201d\" class=\"wp-image-233005\" srcset=\"https:\/\/www.correiobraziliense.com.br\/cbradar\/wp-content\/uploads\/2026\/04\/Gemini_Generated_Image_izisvdizisvdizis-1-1.png 1280w, https:\/\/www.correiobraziliense.com.br\/cbradar\/wp-content\/uploads\/2026\/04\/Gemini_Generated_Image_izisvdizisvdizis-1-1-300x169.png 300w, https:\/\/www.correiobraziliense.com.br\/cbradar\/wp-content\/uploads\/2026\/04\/Gemini_Generated_Image_izisvdizisvdizis-1-1-768x432.png 768w, https:\/\/www.correiobraziliense.com.br\/cbradar\/wp-content\/uploads\/2026\/04\/Gemini_Generated_Image_izisvdizisvdizis-1-1-750x422.png 750w, https:\/\/www.correiobraziliense.com.br\/cbradar\/wp-content\/uploads\/2026\/04\/Gemini_Generated_Image_izisvdizisvdizis-1-1-1140x641.png 1140w\" sizes=\"(max-width: 1280px) 100vw, 1280px\" \/><figcaption class=\"wp-element-caption\">As amizades certas influenciam decis\u00f5es e moldam o sucesso pessoal na vida<\/figcaption><\/figure>\n\n\n\n<h2 class=\"wp-block-heading\">Como evitar a influ\u00eancia de c\u00edrculos sociais limitantes?<\/h2>\n\n\n\n<p>Ambientes saturados de negatividade tendem a estagnar o potencial criativo e a vontade de inovar profissionalmente. Quando voc\u00ea se associa a indiv\u00edduos med\u00edocres, corre o risco de aceitar a zona de conforto como o seu padr\u00e3o definitivo. \u00c9 preciso ter coragem para abandonar rela\u00e7\u00f5es que n\u00e3o agregam valor e buscar ambientes que exijam o seu <strong>m\u00e1ximo desempenho intelectual<\/strong>.<\/p>\n\n\n\n<p>A lei da m\u00e9dia social sugere que nos tornamos o reflexo das cinco pessoas com as quais convivemos diariamente. Se os seus amigos buscam evolu\u00e7\u00e3o constante, naturalmente voc\u00ea se sentir\u00e1 motivado a investir em novos conhecimentos e habilidades. Criar uma rede de contatos qualificada \u00e9 uma <strong>escolha consciente<\/strong> que determina a qualidade da sua trajet\u00f3ria pessoal por toda vida.<\/p>\n\n\n\n<h2 class=\"wp-block-heading\">Quem s\u00e3o as figuras que realmente agregam valor?<\/h2>\n\n\n\n<p>Identificar perfis que contribuem para o seu sucesso exige uma an\u00e1lise honesta sobre quem realmente agrega conhecimento relevante. Procure por mentores que j\u00e1 alcan\u00e7aram os resultados que voc\u00ea deseja e que possuam integridade em suas a\u00e7\u00f5es pr\u00e1ticas. Existem caracter\u00edsticas fundamentais que definem um c\u00edrculo social de alta performance capaz de elevar o seu <strong>padr\u00e3o de vida extraordin\u00e1rio<\/strong>.<\/p>\n\n\n\n<p>Observe atentamente as caracter\u00edsticas fundamentais que definem um c\u00edrculo social de <strong>alta performance<\/strong> capaz de elevar o seu padr\u00e3o de vida:<\/p>\n\n\n\n<ul class=\"wp-block-list\">\n<li>Capacidade de oferecer feedback construtivo;<\/li>\n\n\n\n<li>Compartilhamento de experi\u00eancias pr\u00e1ticas reais;<\/li>\n\n\n\n<li>Incentivo ao aprendizado de novas compet\u00eancias;<\/li>\n\n\n\n<li>Manuten\u00e7\u00e3o de uma postura \u00e9tica inabal\u00e1vel;<\/li>\n\n\n\n<li>Foco em solu\u00e7\u00f5es em vez de reclama\u00e7\u00f5es.<\/li>\n<\/ul>\n\n\n\n<h2 class=\"wp-block-heading\">Por que o suporte emocional impacta a produtividade criativa?<\/h2>\n\n\n\n<p>A intelig\u00eancia emocional \u00e9 fortalecida quando compartilhamos experi\u00eancias com pessoas que possuem maturidade afetiva elevada no dia a dia. Aprender a ouvir e a debater ideias sem entrar em conflitos destrutivos \u00e9 uma habilidade rara e muito valorizada. O contato com mentes brilhantes desafia os seus pr\u00f3prios limites e expande as suas fronteiras de <strong>compreens\u00e3o humana profunda<\/strong>.<\/p>\n\n\n\n<p>Conviv\u00eancias saud\u00e1veis promovem um sentimento de seguran\u00e7a psicol\u00f3gica que \u00e9 essencial para a experimenta\u00e7\u00e3o e a criatividade plena. Quando voc\u00ea se sente apoiado por parceiros leais, torna-se mais f\u00e1cil assumir riscos calculados em sua carreira ou vida pessoal. A parceria verdadeira \u00e9 aquela que impulsiona o outro a ser a sua <strong>melhor vers\u00e3o poss\u00edvel<\/strong> todos os dias.<\/p>\n\n\n\n<figure class=\"wp-block-image size-full\"><img decoding=\"async\" width=\"1280\" height=\"720\" src=\"https:\/\/www.correiobraziliense.com.br\/cbradar\/wp-content\/uploads\/2026\/04\/Gemini_Generated_Image_35ni8t35ni8t35ni-1-1.png\" alt=\"\" class=\"wp-image-233002\" srcset=\"https:\/\/www.correiobraziliense.com.br\/cbradar\/wp-content\/uploads\/2026\/04\/Gemini_Generated_Image_35ni8t35ni8t35ni-1-1.png 1280w, https:\/\/www.correiobraziliense.com.br\/cbradar\/wp-content\/uploads\/2026\/04\/Gemini_Generated_Image_35ni8t35ni8t35ni-1-1-300x169.png 300w, https:\/\/www.correiobraziliense.com.br\/cbradar\/wp-content\/uploads\/2026\/04\/Gemini_Generated_Image_35ni8t35ni8t35ni-1-1-768x432.png 768w, https:\/\/www.correiobraziliense.com.br\/cbradar\/wp-content\/uploads\/2026\/04\/Gemini_Generated_Image_35ni8t35ni8t35ni-1-1-750x422.png 750w, https:\/\/www.correiobraziliense.com.br\/cbradar\/wp-content\/uploads\/2026\/04\/Gemini_Generated_Image_35ni8t35ni8t35ni-1-1-1140x641.png 1140w\" sizes=\"(max-width: 1280px) 100vw, 1280px\" \/><figcaption class=\"wp-element-caption\">As amizades certas influenciam decis\u00f5es e moldam o sucesso pessoal na vida<\/figcaption><\/figure>\n\n\n\n<h2 class=\"wp-block-heading\">O que a filosofia ensina sobre a seletividade social?<\/h2>\n\n\n\n<p>Os ensinamentos do estoicismo destacam a import\u00e2ncia do autodom\u00ednio e da escolha racional das amizades para uma vida virtuosa. Praticar a seletividade social n\u00e3o \u00e9 um ato de arrog\u00e2ncia, mas sim uma medida de prote\u00e7\u00e3o para a sua sa\u00fade mental. Conectar-se com pessoas que compartilham desses ideais ajuda a manter a <strong>tranquilidade da alma<\/strong> em momentos dif\u00edceis.<\/p>\n\n\n\n<p>Compreender a filosofia de <strong>S\u00eaneca<\/strong> exige mergulhar nas suas obras originais para absorver o contexto hist\u00f3rico das suas li\u00e7\u00f5es morais valiosas. Aplicar essas ideias na pr\u00e1tica fortalece o car\u00e1ter e prepara o indiv\u00edduo para liderar com \u00e9tica e empatia genu\u00edna. Para ler a tradu\u00e7\u00e3o completa sobre a brevidade da vida, consulte o acervo digital da <a target=\"_blank\" rel=\"noreferrer noopener\" href=\"https:\/\/plato.stanford.edu\/entries\/seneca\/\">Stanford Encyclopedia of Philosophy<\/a>.<\/p>\n","protected":false},"excerpt":{"rendered":"<p>A sabedoria milenar de S\u00eaneca continua extremamente relevante para quem deseja alcan\u00e7ar o sucesso pessoal e profissional no mundo contempor\u00e2neo. Ao selecionar cuidadosamente o seu c\u00edrculo social, voc\u00ea influencia diretamente os seus h\u00e1bitos e a sua vis\u00e3o de mundo. Vamos explorar como as conex\u00f5es humanas podem moldar o seu futuro de forma definitiva. Qual o [&hellip;]<\/p>\n","protected":false},"author":21,"featured_media":233001,"comment_status":"open","ping_status":"open","sticky":false,"template":"","format":"standard","meta":{"_yoast_wpseo_focuskw":"influ\u00eancia das amizades no sucesso pessoal","_yoast_wpseo_title":"","_yoast_wpseo_metadesc":"Suas amizades influenciam decis\u00f5es e resultados mais do que parece. A filosofia revela crit\u00e9rios que ajudam a escolher melhor quem permanece.","jnews-multi-image_gallery":[],"jnews_single_post":{"format":"standard"},"jnews_primary_category":[],"jnews_social_meta":[],"jnews_override_counter":[],"footnotes":""},"categories":[112],"post_tag":[],"class_list":["post-232999","post","type-post","status-publish","format-standard","has-post-thumbnail","hentry","category-curiosidades"],"yoast_head":"<!-- This site is optimized with the Yoast SEO plugin v24.6 - https:\/\/yoast.com\/wordpress\/plugins\/seo\/ -->\n<title>Cita\u00e7\u00e3o do dia do fil\u00f3sofo romano S\u00eaneca: \u201cAssocie-se a pessoas que possam torn\u00e1-lo melhor\u201d - Correio Braziliense - Radar<\/title>\n<meta name=\"description\" content=\"Suas amizades influenciam decis\u00f5es e resultados mais do que parece. A filosofia revela crit\u00e9rios que ajudam a escolher melhor quem permanece.\" \/>\n<meta name=\"robots\" content=\"index, follow, max-snippet:-1, max-image-preview:large, max-video-preview:-1\" \/>\n<link rel=\"canonical\" href=\"https:\/\/www.correiobraziliense.com.br\/cbradar\/citacao-do-dia-do-filosofo-romano-seneca-associe-se-a-pessoas-que-possam-torna-lo-melhor\/\" \/>\n<meta property=\"og:locale\" content=\"pt_BR\" \/>\n<meta property=\"og:type\" content=\"article\" \/>\n<meta property=\"og:title\" content=\"Cita\u00e7\u00e3o do dia do fil\u00f3sofo romano S\u00eaneca: \u201cAssocie-se a pessoas que possam torn\u00e1-lo melhor\u201d - Correio Braziliense - Radar\" \/>\n<meta property=\"og:description\" content=\"Suas amizades influenciam decis\u00f5es e resultados mais do que parece. A filosofia revela crit\u00e9rios que ajudam a escolher melhor quem permanece.\" \/>\n<meta property=\"og:url\" content=\"https:\/\/www.correiobraziliense.com.br\/cbradar\/citacao-do-dia-do-filosofo-romano-seneca-associe-se-a-pessoas-que-possam-torna-lo-melhor\/\" \/>\n<meta property=\"og:site_name\" content=\"Correio Braziliense - Radar\" \/>\n<meta property=\"article:published_time\" content=\"2026-04-28T05:00:00+00:00\" \/>\n<meta property=\"og:image\" content=\"https:\/\/www.correiobraziliense.com.br\/cbradar\/wp-content\/uploads\/2026\/04\/Gemini_Generated_Image_rhkd0urhkd0urhkd-1-1-1.png\" \/>\n\t<meta property=\"og:image:width\" content=\"1280\" \/>\n\t<meta property=\"og:image:height\" content=\"720\" \/>\n\t<meta property=\"og:image:type\" content=\"image\/png\" \/>\n<meta name=\"author\" content=\"Patrick Silva\" \/>\n<meta name=\"twitter:card\" content=\"summary_large_image\" \/>\n<meta name=\"twitter:label1\" content=\"Escrito por\" \/>\n\t<meta name=\"twitter:data1\" content=\"Patrick Silva\" \/>\n\t<meta name=\"twitter:label2\" content=\"Est. tempo de leitura\" \/>\n\t<meta name=\"twitter:data2\" content=\"5 minutos\" \/>\n<!-- \/ Yoast SEO plugin. -->","yoast_head_json":{"title":"Cita\u00e7\u00e3o do dia do fil\u00f3sofo romano S\u00eaneca: \u201cAssocie-se a pessoas que possam torn\u00e1-lo melhor\u201d - Correio Braziliense - Radar","description":"Suas amizades influenciam decis\u00f5es e resultados mais do que parece. A filosofia revela crit\u00e9rios que ajudam a escolher melhor quem permanece.","robots":{"index":"index","follow":"follow","max-snippet":"max-snippet:-1","max-image-preview":"max-image-preview:large","max-video-preview":"max-video-preview:-1"},"canonical":"https:\/\/www.correiobraziliense.com.br\/cbradar\/citacao-do-dia-do-filosofo-romano-seneca-associe-se-a-pessoas-que-possam-torna-lo-melhor\/","og_locale":"pt_BR","og_type":"article","og_title":"Cita\u00e7\u00e3o do dia do fil\u00f3sofo romano S\u00eaneca: \u201cAssocie-se a pessoas que possam torn\u00e1-lo melhor\u201d - Correio Braziliense - Radar","og_description":"Suas amizades influenciam decis\u00f5es e resultados mais do que parece. A filosofia revela crit\u00e9rios que ajudam a escolher melhor quem permanece.","og_url":"https:\/\/www.correiobraziliense.com.br\/cbradar\/citacao-do-dia-do-filosofo-romano-seneca-associe-se-a-pessoas-que-possam-torna-lo-melhor\/","og_site_name":"Correio Braziliense - Radar","article_published_time":"2026-04-28T05:00:00+00:00","og_image":[{"width":1280,"height":720,"url":"https:\/\/www.correiobraziliense.com.br\/cbradar\/wp-content\/uploads\/2026\/04\/Gemini_Generated_Image_rhkd0urhkd0urhkd-1-1-1.png","type":"image\/png"}],"author":"Patrick Silva","twitter_card":"summary_large_image","twitter_misc":{"Escrito por":"Patrick Silva","Est. tempo de leitura":"5 minutos"},"schema":{"@context":"https:\/\/schema.org","@graph":[{"@type":"WebPage","@id":"https:\/\/www.correiobraziliense.com.br\/cbradar\/citacao-do-dia-do-filosofo-romano-seneca-associe-se-a-pessoas-que-possam-torna-lo-melhor\/","url":"https:\/\/www.correiobraziliense.com.br\/cbradar\/citacao-do-dia-do-filosofo-romano-seneca-associe-se-a-pessoas-que-possam-torna-lo-melhor\/","name":"Cita\u00e7\u00e3o do dia do fil\u00f3sofo romano S\u00eaneca: \u201cAssocie-se a pessoas que possam torn\u00e1-lo melhor\u201d - Correio Braziliense - Radar","isPartOf":{"@id":"https:\/\/www.correiobraziliense.com.br\/cbradar\/#website"},"primaryImageOfPage":{"@id":"https:\/\/www.correiobraziliense.com.br\/cbradar\/citacao-do-dia-do-filosofo-romano-seneca-associe-se-a-pessoas-que-possam-torna-lo-melhor\/#primaryimage"},"image":{"@id":"https:\/\/www.correiobraziliense.com.br\/cbradar\/citacao-do-dia-do-filosofo-romano-seneca-associe-se-a-pessoas-que-possam-torna-lo-melhor\/#primaryimage"},"thumbnailUrl":"https:\/\/www.correiobraziliense.com.br\/cbradar\/wp-content\/uploads\/2026\/04\/Gemini_Generated_Image_rhkd0urhkd0urhkd-1-1-1.png","datePublished":"2026-04-28T05:00:00+00:00","author":{"@id":"https:\/\/www.correiobraziliense.com.br\/cbradar\/#\/schema\/person\/5440b72be9c7eb74f446c846479dc4da"},"description":"Suas amizades influenciam decis\u00f5es e resultados mais do que parece. A filosofia revela crit\u00e9rios que ajudam a escolher melhor quem permanece.","breadcrumb":{"@id":"https:\/\/www.correiobraziliense.com.br\/cbradar\/citacao-do-dia-do-filosofo-romano-seneca-associe-se-a-pessoas-que-possam-torna-lo-melhor\/#breadcrumb"},"inLanguage":"pt-BR","potentialAction":[{"@type":"ReadAction","target":["https:\/\/www.correiobraziliense.com.br\/cbradar\/citacao-do-dia-do-filosofo-romano-seneca-associe-se-a-pessoas-que-possam-torna-lo-melhor\/"]}]},{"@type":"ImageObject","inLanguage":"pt-BR","@id":"https:\/\/www.correiobraziliense.com.br\/cbradar\/citacao-do-dia-do-filosofo-romano-seneca-associe-se-a-pessoas-que-possam-torna-lo-melhor\/#primaryimage","url":"https:\/\/www.correiobraziliense.com.br\/cbradar\/wp-content\/uploads\/2026\/04\/Gemini_Generated_Image_rhkd0urhkd0urhkd-1-1-1.png","contentUrl":"https:\/\/www.correiobraziliense.com.br\/cbradar\/wp-content\/uploads\/2026\/04\/Gemini_Generated_Image_rhkd0urhkd0urhkd-1-1-1.png","width":1280,"height":720,"caption":"As amizades certas influenciam decis\u00f5es e moldam o sucesso pessoal na vida"},{"@type":"BreadcrumbList","@id":"https:\/\/www.correiobraziliense.com.br\/cbradar\/citacao-do-dia-do-filosofo-romano-seneca-associe-se-a-pessoas-que-possam-torna-lo-melhor\/#breadcrumb","itemListElement":[{"@type":"ListItem","position":1,"name":"In\u00edcio","item":"https:\/\/www.correiobraziliense.com.br\/cbradar\/"},{"@type":"ListItem","position":2,"name":"Cita\u00e7\u00e3o do dia do fil\u00f3sofo romano S\u00eaneca: \u201cAssocie-se a pessoas que possam torn\u00e1-lo melhor\u201d"}]},{"@type":"WebSite","@id":"https:\/\/www.correiobraziliense.com.br\/cbradar\/#website","url":"https:\/\/www.correiobraziliense.com.br\/cbradar\/","name":"Correio Braziliense - Radar","description":"Acompanhe as \u00faltimas not\u00edcias e fique bem informado sobre tudo o que acontece no Brasil e no mundo.","potentialAction":[{"@type":"SearchAction","target":{"@type":"EntryPoint","urlTemplate":"https:\/\/www.correiobraziliense.com.br\/cbradar\/?s={search_term_string}"},"query-input":{"@type":"PropertyValueSpecification","valueRequired":true,"valueName":"search_term_string"}}],"inLanguage":"pt-BR"},{"@type":"Person","@id":"https:\/\/www.correiobraziliense.com.br\/cbradar\/#\/schema\/person\/5440b72be9c7eb74f446c846479dc4da","name":"Patrick Silva","image":{"@type":"ImageObject","inLanguage":"pt-BR","@id":"https:\/\/www.correiobraziliense.com.br\/cbradar\/#\/schema\/person\/image\/","url":"https:\/\/secure.gravatar.com\/avatar\/944109df296fc087785c9715fd5f80b2?s=96&d=mm&r=g","contentUrl":"https:\/\/secure.gravatar.com\/avatar\/944109df296fc087785c9715fd5f80b2?s=96&d=mm&r=g","caption":"Patrick Silva"},"sameAs":["https:\/\/www.correiobraziliense.com.br\/cbradar\/"],"url":"https:\/\/www.correiobraziliense.com.br\/cbradar\/author\/patrick-silva\/"}]}},"_links":{"self":[{"href":"https:\/\/www.correiobraziliense.com.br\/cbradar\/wp-json\/wp\/v2\/posts\/232999","targetHints":{"allow":["GET"]}}],"collection":[{"href":"https:\/\/www.correiobraziliense.com.br\/cbradar\/wp-json\/wp\/v2\/posts"}],"about":[{"href":"https:\/\/www.correiobraziliense.com.br\/cbradar\/wp-json\/wp\/v2\/types\/post"}],"author":[{"embeddable":true,"href":"https:\/\/www.correiobraziliense.com.br\/cbradar\/wp-json\/wp\/v2\/users\/21"}],"replies":[{"embeddable":true,"href":"https:\/\/www.correiobraziliense.com.br\/cbradar\/wp-json\/wp\/v2\/comments?post=232999"}],"version-history":[{"count":3,"href":"https:\/\/www.correiobraziliense.com.br\/cbradar\/wp-json\/wp\/v2\/posts\/232999\/revisions"}],"predecessor-version":[{"id":233006,"href":"https:\/\/www.correiobraziliense.com.br\/cbradar\/wp-json\/wp\/v2\/posts\/232999\/revisions\/233006"}],"wp:featuredmedia":[{"embeddable":true,"href":"https:\/\/www.correiobraziliense.com.br\/cbradar\/wp-json\/wp\/v2\/media\/233001"}],"wp:attachment":[{"href":"https:\/\/www.correiobraziliense.com.br\/cbradar\/wp-json\/wp\/v2\/media?parent=232999"}],"wp:term":[{"taxonomy":"category","embeddable":true,"href":"https:\/\/www.correiobraziliense.com.br\/cbradar\/wp-json\/wp\/v2\/categories?post=232999"},{"taxonomy":"post_tag","embeddable":true,"href":"https:\/\/www.correiobraziliense.com.br\/cbradar\/wp-json\/wp\/v2\/post_tag?post=232999"}],"curies":[{"name":"wp","href":"https:\/\/api.w.org\/{rel}","templated":true}]}}