{"id":233007,"date":"2026-04-28T13:45:00","date_gmt":"2026-04-28T16:45:00","guid":{"rendered":"https:\/\/www.correiobraziliense.com.br\/cbradar\/?p=233007"},"modified":"2026-04-27T11:14:44","modified_gmt":"2026-04-27T14:14:44","slug":"a-psicologia-diz-que-as-pessoas-que-vivem-em-paz-nao-sao-mais-desapegadas-ou-mais-evoluidas-do-que-todo-mundo-sao-as-que-pararam-de-tentar-controlar-tudo-ha-muito-tempo-e-montaram-uma-rotina-simples","status":"publish","type":"post","link":"https:\/\/www.correiobraziliense.com.br\/cbradar\/a-psicologia-diz-que-as-pessoas-que-vivem-em-paz-nao-sao-mais-desapegadas-ou-mais-evoluidas-do-que-todo-mundo-sao-as-que-pararam-de-tentar-controlar-tudo-ha-muito-tempo-e-montaram-uma-rotina-simples\/","title":{"rendered":"A psicologia diz que as pessoas que vivem em paz n\u00e3o s\u00e3o mais desapegadas ou mais evolu\u00eddas do que todo mundo, s\u00e3o as que pararam de tentar controlar tudo h\u00e1 muito tempo e montaram uma rotina simples o bastante para a mente finalmente descansar"},"content":{"rendered":"\n<p>Muitas pessoas acreditam que a paz interior \u00e9 um estado alcan\u00e7ado apenas por seres evolu\u00eddos ou desapegados de tudo. No entanto, a psicologia moderna revela que a tranquilidade surge quando decidimos abandonar a necessidade de controlar cada detalhe. Criar uma rotina previs\u00edvel permite que o c\u00e9rebro finalmente encontre o <strong>descanso regenerativo<\/strong> necess\u00e1rio.<\/p>\n\n\n\n<h2 class=\"wp-block-heading\">Por que o controle excessivo gera cansa\u00e7o mental?<\/h2>\n\n\n\n<p>Tentar prever cada acontecimento futuro consome uma energia cognitiva imensa, deixando o indiv\u00edduo em um estado de alerta constante e exaustivo. Esse comportamento cria uma vigil\u00e2ncia t\u00f3xica que impede o relaxamento natural do sistema nervoso central durante as atividades comuns. Quando aceitamos que a vida \u00e9 imprevis\u00edvel, liberamos espa\u00e7o mental para focar no que realmente importa hoje.<\/p>\n\n\n\n<p>A necessidade de gerenciar todas as vari\u00e1veis ao redor gera uma ansiedade corrosiva que afeta o humor e o desempenho profissional. Abrir m\u00e3o desse peso invis\u00edvel n\u00e3o significa ser negligente, mas sim reconhecer os limites humanos diante do caos externo inevit\u00e1vel. Ao simplificar as expectativas di\u00e1rias, voc\u00ea protege sua sa\u00fade emocional e permite que a mente funcione melhor.<\/p>\n\n\n\n<figure class=\"wp-block-image size-full\"><img decoding=\"async\" width=\"1280\" height=\"720\" src=\"https:\/\/www.correiobraziliense.com.br\/cbradar\/wp-content\/uploads\/2026\/04\/Gemini_Generated_Image_2htcz92htcz92htc-1-1.png\" alt=\"\" class=\"wp-image-233010\" srcset=\"https:\/\/www.correiobraziliense.com.br\/cbradar\/wp-content\/uploads\/2026\/04\/Gemini_Generated_Image_2htcz92htcz92htc-1-1.png 1280w, https:\/\/www.correiobraziliense.com.br\/cbradar\/wp-content\/uploads\/2026\/04\/Gemini_Generated_Image_2htcz92htcz92htc-1-1-300x169.png 300w, https:\/\/www.correiobraziliense.com.br\/cbradar\/wp-content\/uploads\/2026\/04\/Gemini_Generated_Image_2htcz92htcz92htc-1-1-768x432.png 768w, https:\/\/www.correiobraziliense.com.br\/cbradar\/wp-content\/uploads\/2026\/04\/Gemini_Generated_Image_2htcz92htcz92htc-1-1-750x422.png 750w, https:\/\/www.correiobraziliense.com.br\/cbradar\/wp-content\/uploads\/2026\/04\/Gemini_Generated_Image_2htcz92htcz92htc-1-1-1140x641.png 1140w\" sizes=\"(max-width: 1280px) 100vw, 1280px\" \/><figcaption class=\"wp-element-caption\">Rotina organizada reduz ansiedade e melhora o equil\u00edbrio mental no dia a dia<\/figcaption><\/figure>\n\n\n\n<h2 class=\"wp-block-heading\">Como a rotina previs\u00edvel acalma o c\u00e9rebro?<\/h2>\n\n\n\n<p>O c\u00e9rebro humano gasta muita energia processando novidades e tomadas de decis\u00e3o constantes ao longo de um dia produtivo. Quando estabelecemos uma rotina simples e funcional, criamos atalhos mentais que reduzem o esfor\u00e7o necess\u00e1rio para realizar tarefas b\u00e1sicas e repetitivas. Essa previsibilidade oferece uma sensa\u00e7\u00e3o de seguran\u00e7a biol\u00f3gica, permitindo que os n\u00edveis de estresse diminuam de forma gradual.<\/p>\n\n\n\n<p>Manter hor\u00e1rios fixos para alimenta\u00e7\u00e3o e repouso ajuda a regular o ritmo circadiano, essencial para o equil\u00edbrio das fun\u00e7\u00f5es metab\u00f3licas. Uma estrutura di\u00e1ria s\u00f3lida atua como um porto seguro contra as incertezas que surgem no ambiente de trabalho ou social. Ter clareza sobre o que vir\u00e1 a seguir poupa o organismo de sustos biol\u00f3gicos desnecess\u00e1rios e muito cansativos.<\/p>\n\n\n\n<h2 class=\"wp-block-heading\">Quais h\u00e1bitos di\u00e1rios promovem o descanso real?<\/h2>\n\n\n\n<p>Desacelerar o ritmo de vida exige a implementa\u00e7\u00e3o de pequenas pausas intencionais que interrompam o fluxo cont\u00ednuo de est\u00edmulos digitais e press\u00f5es sociais. A simplicidade na organiza\u00e7\u00e3o das tarefas di\u00e1rias evita a sensa\u00e7\u00e3o de sobrecarga que paralisa a vontade de agir com clareza. Ter uma estrutura m\u00ednima \u00e9 o segredo para recuperar o f\u00f4lego necess\u00e1rio para viver.<\/p>\n\n\n\n<p>Note os elementos fundamentais que voc\u00ea pode aplicar imediatamente para garantir que seu sistema nervoso encontre finalmente a serenidade necess\u00e1ria para funcionar bem de forma constante:<\/p>\n\n\n\n<ul class=\"wp-block-list\">\n<li>Pr\u00e1tica de hor\u00e1rios fixos para dormir;<\/li>\n\n\n\n<li>Redu\u00e7\u00e3o de decis\u00f5es triviais matinais;<\/li>\n\n\n\n<li>Organiza\u00e7\u00e3o do ambiente f\u00edsico de trabalho;<\/li>\n\n\n\n<li>Limita\u00e7\u00e3o de notifica\u00e7\u00f5es no aparelho celular;<\/li>\n\n\n\n<li>Momentos de sil\u00eancio absoluto e reflex\u00e3o.<\/li>\n<\/ul>\n\n\n\n<h2 class=\"wp-block-heading\">O que significa viver em paz hoje?<\/h2>\n\n\n\n<p>Viver em paz n\u00e3o \u00e9 a aus\u00eancia de problemas, mas a capacidade de enfrent\u00e1-los com uma mente descansada e resiliente. Isso acontece quando paramos de lutar contra a realidade e come\u00e7amos a trabalhar com os recursos dispon\u00edveis no momento presente. A verdadeira evolu\u00e7\u00e3o emocional reside na aceita\u00e7\u00e3o de que nem tudo pode ser moldado pela nossa vontade individual.<\/p>\n\n\n\n<p>Pessoas tranquilas geralmente cultivam um estilo de vida minimalista, onde o essencial ganha prioridade absoluta sobre o excesso de obriga\u00e7\u00f5es desnecess\u00e1rias. Esse despojamento consciente reduz o ru\u00eddo mental e permite uma conex\u00e3o mais profunda com os pr\u00f3prios sentimentos e necessidades f\u00edsicas. Escolher a paz em vez do controle \u00e9 um ato de coragem que transforma a exist\u00eancia.<\/p>\n\n\n\n<figure class=\"wp-block-image size-full\"><img decoding=\"async\" width=\"1280\" height=\"720\" src=\"https:\/\/www.correiobraziliense.com.br\/cbradar\/wp-content\/uploads\/2026\/04\/Gemini_Generated_Image_4r2ong4r2ong4r2o-1-1.png\" alt=\"A psicologia diz que as pessoas que vivem em paz n\u00e3o s\u00e3o mais desapegadas ou mais evolu\u00eddas do que todo mundo, s\u00e3o as que pararam de tentar controlar tudo h\u00e1 muito tempo e montaram uma rotina simples o bastante para a mente finalmente descansar\" class=\"wp-image-233012\" srcset=\"https:\/\/www.correiobraziliense.com.br\/cbradar\/wp-content\/uploads\/2026\/04\/Gemini_Generated_Image_4r2ong4r2ong4r2o-1-1.png 1280w, https:\/\/www.correiobraziliense.com.br\/cbradar\/wp-content\/uploads\/2026\/04\/Gemini_Generated_Image_4r2ong4r2ong4r2o-1-1-300x169.png 300w, https:\/\/www.correiobraziliense.com.br\/cbradar\/wp-content\/uploads\/2026\/04\/Gemini_Generated_Image_4r2ong4r2ong4r2o-1-1-768x432.png 768w, https:\/\/www.correiobraziliense.com.br\/cbradar\/wp-content\/uploads\/2026\/04\/Gemini_Generated_Image_4r2ong4r2ong4r2o-1-1-750x422.png 750w, https:\/\/www.correiobraziliense.com.br\/cbradar\/wp-content\/uploads\/2026\/04\/Gemini_Generated_Image_4r2ong4r2ong4r2o-1-1-1140x641.png 1140w\" sizes=\"(max-width: 1280px) 100vw, 1280px\" \/><figcaption class=\"wp-element-caption\">Rotina organizada reduz ansiedade e melhora o equil\u00edbrio mental no dia a dia<\/figcaption><\/figure>\n\n\n\n<h2 class=\"wp-block-heading\">Como cultivar a serenidade em dias agitados?<\/h2>\n\n\n\n<p>Integrar momentos de pausa consciente durante a jornada de trabalho ajuda a redefinir o foco e a reduzir a fadiga acumulada. Pequenos intervalos para respirar profundamente oxigenam o c\u00e9rebro e interrompem a resposta de luta ou fuga gerada pela press\u00e3o das metas. Manter a calma exige disciplina para dizer n\u00e3o aos compromissos que ultrapassam o seu limite biol\u00f3gico.<\/p>\n\n\n\n<p>A <a href=\"https:\/\/www.correiobraziliense.com.br\/cbradar\/a-psicologia-aponta-que-pessoas-que-sempre-dizem-tudo-bem-nao-sao-mais-compreensivas-elas-aprenderam-a-ignorar-as-proprias-necessidades\/\" target=\"_blank\" rel=\"noreferrer noopener\">psicologia <\/a>comportamental sugere que a estrutura\u00e7\u00e3o do tempo livre \u00e9 t\u00e3o importante quanto a do trabalho para a sa\u00fade mental. Para entender como a organiza\u00e7\u00e3o di\u00e1ria influencia diretamente na redu\u00e7\u00e3o da ansiedade severa, consulte as orienta\u00e7\u00f5es cl\u00ednicas do <a href=\"https:\/\/mhanational.org\/resources\/encourage-standardized-management-practices\/\" target=\"_blank\" rel=\"noreferrer noopener\">Mental Health America<\/a>. Adotar uma rotina simples \u00e9 o caminho mais seguro para alcan\u00e7ar o <strong>bem-estar duradouro<\/strong> e real.<\/p>\n","protected":false},"excerpt":{"rendered":"<p>Muitas pessoas acreditam que a paz interior \u00e9 um estado alcan\u00e7ado apenas por seres evolu\u00eddos ou desapegados de tudo. No entanto, a psicologia moderna revela que a tranquilidade surge quando decidimos abandonar a necessidade de controlar cada detalhe. Criar uma rotina previs\u00edvel permite que o c\u00e9rebro finalmente encontre o descanso regenerativo necess\u00e1rio. Por que o [&hellip;]<\/p>\n","protected":false},"author":21,"featured_media":233008,"comment_status":"open","ping_status":"open","sticky":false,"template":"","format":"standard","meta":{"_yoast_wpseo_focuskw":"como reduzir ansiedade com rotina simples","_yoast_wpseo_title":"","_yoast_wpseo_metadesc":"Buscar controle total sobre a vida pode gerar exaust\u00e3o mental constante. Ajustes simples na rotina mudam a forma como o c\u00e9rebro reage ao estresse.","jnews-multi-image_gallery":[],"jnews_single_post":{"format":"standard"},"jnews_primary_category":[],"jnews_social_meta":[],"jnews_override_counter":[],"footnotes":""},"categories":[112],"post_tag":[9176,6927,16172,404],"class_list":["post-233007","post","type-post","status-publish","format-standard","has-post-thumbnail","hentry","category-curiosidades","tag-cansaco-mental","tag-paz","tag-paz-interior","tag-psicologia"],"yoast_head":"<!-- This site is optimized with the Yoast SEO plugin v24.6 - https:\/\/yoast.com\/wordpress\/plugins\/seo\/ -->\n<title>A psicologia diz que as pessoas que vivem em paz n\u00e3o s\u00e3o mais desapegadas ou mais evolu\u00eddas do que todo mundo, s\u00e3o as que pararam de tentar controlar tudo h\u00e1 muito tempo e montaram uma rotina simples o bastante para a mente finalmente descansar - Correio Braziliense - Radar<\/title>\n<meta name=\"description\" content=\"Buscar controle total sobre a vida pode gerar exaust\u00e3o mental constante. Ajustes simples na rotina mudam a forma como o c\u00e9rebro reage ao estresse.\" \/>\n<meta name=\"robots\" content=\"index, follow, max-snippet:-1, max-image-preview:large, max-video-preview:-1\" \/>\n<link rel=\"canonical\" href=\"https:\/\/www.correiobraziliense.com.br\/cbradar\/a-psicologia-diz-que-as-pessoas-que-vivem-em-paz-nao-sao-mais-desapegadas-ou-mais-evoluidas-do-que-todo-mundo-sao-as-que-pararam-de-tentar-controlar-tudo-ha-muito-tempo-e-montaram-uma-rotina-simples\/\" \/>\n<meta property=\"og:locale\" content=\"pt_BR\" \/>\n<meta property=\"og:type\" content=\"article\" \/>\n<meta property=\"og:title\" content=\"A psicologia diz que as pessoas que vivem em paz n\u00e3o s\u00e3o mais desapegadas ou mais evolu\u00eddas do que todo mundo, s\u00e3o as que pararam de tentar controlar tudo h\u00e1 muito tempo e montaram uma rotina simples o bastante para a mente finalmente descansar - Correio Braziliense - Radar\" \/>\n<meta property=\"og:description\" content=\"Buscar controle total sobre a vida pode gerar exaust\u00e3o mental constante. Ajustes simples na rotina mudam a forma como o c\u00e9rebro reage ao estresse.\" \/>\n<meta property=\"og:url\" content=\"https:\/\/www.correiobraziliense.com.br\/cbradar\/a-psicologia-diz-que-as-pessoas-que-vivem-em-paz-nao-sao-mais-desapegadas-ou-mais-evoluidas-do-que-todo-mundo-sao-as-que-pararam-de-tentar-controlar-tudo-ha-muito-tempo-e-montaram-uma-rotina-simples\/\" \/>\n<meta property=\"og:site_name\" content=\"Correio Braziliense - Radar\" \/>\n<meta property=\"article:published_time\" content=\"2026-04-28T16:45:00+00:00\" \/>\n<meta property=\"og:image\" content=\"https:\/\/www.correiobraziliense.com.br\/cbradar\/wp-content\/uploads\/2026\/04\/Gemini_Generated_Image_9rng059rng059rng-1-1.png\" \/>\n\t<meta property=\"og:image:width\" content=\"1280\" \/>\n\t<meta property=\"og:image:height\" content=\"720\" \/>\n\t<meta property=\"og:image:type\" content=\"image\/png\" \/>\n<meta name=\"author\" content=\"Patrick Silva\" \/>\n<meta name=\"twitter:card\" content=\"summary_large_image\" \/>\n<meta name=\"twitter:label1\" content=\"Escrito por\" \/>\n\t<meta name=\"twitter:data1\" content=\"Patrick Silva\" \/>\n\t<meta name=\"twitter:label2\" content=\"Est. tempo de leitura\" \/>\n\t<meta name=\"twitter:data2\" content=\"5 minutos\" \/>\n<!-- \/ Yoast SEO plugin. -->","yoast_head_json":{"title":"A psicologia diz que as pessoas que vivem em paz n\u00e3o s\u00e3o mais desapegadas ou mais evolu\u00eddas do que todo mundo, s\u00e3o as que pararam de tentar controlar tudo h\u00e1 muito tempo e montaram uma rotina simples o bastante para a mente finalmente descansar - Correio Braziliense - Radar","description":"Buscar controle total sobre a vida pode gerar exaust\u00e3o mental constante. Ajustes simples na rotina mudam a forma como o c\u00e9rebro reage ao estresse.","robots":{"index":"index","follow":"follow","max-snippet":"max-snippet:-1","max-image-preview":"max-image-preview:large","max-video-preview":"max-video-preview:-1"},"canonical":"https:\/\/www.correiobraziliense.com.br\/cbradar\/a-psicologia-diz-que-as-pessoas-que-vivem-em-paz-nao-sao-mais-desapegadas-ou-mais-evoluidas-do-que-todo-mundo-sao-as-que-pararam-de-tentar-controlar-tudo-ha-muito-tempo-e-montaram-uma-rotina-simples\/","og_locale":"pt_BR","og_type":"article","og_title":"A psicologia diz que as pessoas que vivem em paz n\u00e3o s\u00e3o mais desapegadas ou mais evolu\u00eddas do que todo mundo, s\u00e3o as que pararam de tentar controlar tudo h\u00e1 muito tempo e montaram uma rotina simples o bastante para a mente finalmente descansar - Correio Braziliense - Radar","og_description":"Buscar controle total sobre a vida pode gerar exaust\u00e3o mental constante. Ajustes simples na rotina mudam a forma como o c\u00e9rebro reage ao estresse.","og_url":"https:\/\/www.correiobraziliense.com.br\/cbradar\/a-psicologia-diz-que-as-pessoas-que-vivem-em-paz-nao-sao-mais-desapegadas-ou-mais-evoluidas-do-que-todo-mundo-sao-as-que-pararam-de-tentar-controlar-tudo-ha-muito-tempo-e-montaram-uma-rotina-simples\/","og_site_name":"Correio Braziliense - Radar","article_published_time":"2026-04-28T16:45:00+00:00","og_image":[{"width":1280,"height":720,"url":"https:\/\/www.correiobraziliense.com.br\/cbradar\/wp-content\/uploads\/2026\/04\/Gemini_Generated_Image_9rng059rng059rng-1-1.png","type":"image\/png"}],"author":"Patrick Silva","twitter_card":"summary_large_image","twitter_misc":{"Escrito por":"Patrick Silva","Est. tempo de leitura":"5 minutos"},"schema":{"@context":"https:\/\/schema.org","@graph":[{"@type":"WebPage","@id":"https:\/\/www.correiobraziliense.com.br\/cbradar\/a-psicologia-diz-que-as-pessoas-que-vivem-em-paz-nao-sao-mais-desapegadas-ou-mais-evoluidas-do-que-todo-mundo-sao-as-que-pararam-de-tentar-controlar-tudo-ha-muito-tempo-e-montaram-uma-rotina-simples\/","url":"https:\/\/www.correiobraziliense.com.br\/cbradar\/a-psicologia-diz-que-as-pessoas-que-vivem-em-paz-nao-sao-mais-desapegadas-ou-mais-evoluidas-do-que-todo-mundo-sao-as-que-pararam-de-tentar-controlar-tudo-ha-muito-tempo-e-montaram-uma-rotina-simples\/","name":"A psicologia diz que as pessoas que vivem em paz n\u00e3o s\u00e3o mais desapegadas ou mais evolu\u00eddas do que todo mundo, s\u00e3o as que pararam de tentar controlar tudo h\u00e1 muito tempo e montaram uma rotina simples o bastante para a mente finalmente descansar - Correio Braziliense - Radar","isPartOf":{"@id":"https:\/\/www.correiobraziliense.com.br\/cbradar\/#website"},"primaryImageOfPage":{"@id":"https:\/\/www.correiobraziliense.com.br\/cbradar\/a-psicologia-diz-que-as-pessoas-que-vivem-em-paz-nao-sao-mais-desapegadas-ou-mais-evoluidas-do-que-todo-mundo-sao-as-que-pararam-de-tentar-controlar-tudo-ha-muito-tempo-e-montaram-uma-rotina-simples\/#primaryimage"},"image":{"@id":"https:\/\/www.correiobraziliense.com.br\/cbradar\/a-psicologia-diz-que-as-pessoas-que-vivem-em-paz-nao-sao-mais-desapegadas-ou-mais-evoluidas-do-que-todo-mundo-sao-as-que-pararam-de-tentar-controlar-tudo-ha-muito-tempo-e-montaram-uma-rotina-simples\/#primaryimage"},"thumbnailUrl":"https:\/\/www.correiobraziliense.com.br\/cbradar\/wp-content\/uploads\/2026\/04\/Gemini_Generated_Image_9rng059rng059rng-1-1.png","datePublished":"2026-04-28T16:45:00+00:00","author":{"@id":"https:\/\/www.correiobraziliense.com.br\/cbradar\/#\/schema\/person\/5440b72be9c7eb74f446c846479dc4da"},"description":"Buscar controle total sobre a vida pode gerar exaust\u00e3o mental constante. Ajustes simples na rotina mudam a forma como o c\u00e9rebro reage ao estresse.","breadcrumb":{"@id":"https:\/\/www.correiobraziliense.com.br\/cbradar\/a-psicologia-diz-que-as-pessoas-que-vivem-em-paz-nao-sao-mais-desapegadas-ou-mais-evoluidas-do-que-todo-mundo-sao-as-que-pararam-de-tentar-controlar-tudo-ha-muito-tempo-e-montaram-uma-rotina-simples\/#breadcrumb"},"inLanguage":"pt-BR","potentialAction":[{"@type":"ReadAction","target":["https:\/\/www.correiobraziliense.com.br\/cbradar\/a-psicologia-diz-que-as-pessoas-que-vivem-em-paz-nao-sao-mais-desapegadas-ou-mais-evoluidas-do-que-todo-mundo-sao-as-que-pararam-de-tentar-controlar-tudo-ha-muito-tempo-e-montaram-uma-rotina-simples\/"]}]},{"@type":"ImageObject","inLanguage":"pt-BR","@id":"https:\/\/www.correiobraziliense.com.br\/cbradar\/a-psicologia-diz-que-as-pessoas-que-vivem-em-paz-nao-sao-mais-desapegadas-ou-mais-evoluidas-do-que-todo-mundo-sao-as-que-pararam-de-tentar-controlar-tudo-ha-muito-tempo-e-montaram-uma-rotina-simples\/#primaryimage","url":"https:\/\/www.correiobraziliense.com.br\/cbradar\/wp-content\/uploads\/2026\/04\/Gemini_Generated_Image_9rng059rng059rng-1-1.png","contentUrl":"https:\/\/www.correiobraziliense.com.br\/cbradar\/wp-content\/uploads\/2026\/04\/Gemini_Generated_Image_9rng059rng059rng-1-1.png","width":1280,"height":720,"caption":"Rotina organizada reduz ansiedade e melhora o equil\u00edbrio mental no dia a dia"},{"@type":"BreadcrumbList","@id":"https:\/\/www.correiobraziliense.com.br\/cbradar\/a-psicologia-diz-que-as-pessoas-que-vivem-em-paz-nao-sao-mais-desapegadas-ou-mais-evoluidas-do-que-todo-mundo-sao-as-que-pararam-de-tentar-controlar-tudo-ha-muito-tempo-e-montaram-uma-rotina-simples\/#breadcrumb","itemListElement":[{"@type":"ListItem","position":1,"name":"In\u00edcio","item":"https:\/\/www.correiobraziliense.com.br\/cbradar\/"},{"@type":"ListItem","position":2,"name":"A psicologia diz que as pessoas que vivem em paz n\u00e3o s\u00e3o mais desapegadas ou mais evolu\u00eddas do que todo mundo, s\u00e3o as que pararam de tentar controlar tudo h\u00e1 muito tempo e montaram uma rotina simples o bastante para a mente finalmente descansar"}]},{"@type":"WebSite","@id":"https:\/\/www.correiobraziliense.com.br\/cbradar\/#website","url":"https:\/\/www.correiobraziliense.com.br\/cbradar\/","name":"Correio Braziliense - Radar","description":"Acompanhe as \u00faltimas not\u00edcias e fique bem informado sobre tudo o que acontece no Brasil e no mundo.","potentialAction":[{"@type":"SearchAction","target":{"@type":"EntryPoint","urlTemplate":"https:\/\/www.correiobraziliense.com.br\/cbradar\/?s={search_term_string}"},"query-input":{"@type":"PropertyValueSpecification","valueRequired":true,"valueName":"search_term_string"}}],"inLanguage":"pt-BR"},{"@type":"Person","@id":"https:\/\/www.correiobraziliense.com.br\/cbradar\/#\/schema\/person\/5440b72be9c7eb74f446c846479dc4da","name":"Patrick Silva","image":{"@type":"ImageObject","inLanguage":"pt-BR","@id":"https:\/\/www.correiobraziliense.com.br\/cbradar\/#\/schema\/person\/image\/","url":"https:\/\/secure.gravatar.com\/avatar\/944109df296fc087785c9715fd5f80b2?s=96&d=mm&r=g","contentUrl":"https:\/\/secure.gravatar.com\/avatar\/944109df296fc087785c9715fd5f80b2?s=96&d=mm&r=g","caption":"Patrick Silva"},"sameAs":["https:\/\/www.correiobraziliense.com.br\/cbradar\/"],"url":"https:\/\/www.correiobraziliense.com.br\/cbradar\/author\/patrick-silva\/"}]}},"_links":{"self":[{"href":"https:\/\/www.correiobraziliense.com.br\/cbradar\/wp-json\/wp\/v2\/posts\/233007","targetHints":{"allow":["GET"]}}],"collection":[{"href":"https:\/\/www.correiobraziliense.com.br\/cbradar\/wp-json\/wp\/v2\/posts"}],"about":[{"href":"https:\/\/www.correiobraziliense.com.br\/cbradar\/wp-json\/wp\/v2\/types\/post"}],"author":[{"embeddable":true,"href":"https:\/\/www.correiobraziliense.com.br\/cbradar\/wp-json\/wp\/v2\/users\/21"}],"replies":[{"embeddable":true,"href":"https:\/\/www.correiobraziliense.com.br\/cbradar\/wp-json\/wp\/v2\/comments?post=233007"}],"version-history":[{"count":3,"href":"https:\/\/www.correiobraziliense.com.br\/cbradar\/wp-json\/wp\/v2\/posts\/233007\/revisions"}],"predecessor-version":[{"id":233017,"href":"https:\/\/www.correiobraziliense.com.br\/cbradar\/wp-json\/wp\/v2\/posts\/233007\/revisions\/233017"}],"wp:featuredmedia":[{"embeddable":true,"href":"https:\/\/www.correiobraziliense.com.br\/cbradar\/wp-json\/wp\/v2\/media\/233008"}],"wp:attachment":[{"href":"https:\/\/www.correiobraziliense.com.br\/cbradar\/wp-json\/wp\/v2\/media?parent=233007"}],"wp:term":[{"taxonomy":"category","embeddable":true,"href":"https:\/\/www.correiobraziliense.com.br\/cbradar\/wp-json\/wp\/v2\/categories?post=233007"},{"taxonomy":"post_tag","embeddable":true,"href":"https:\/\/www.correiobraziliense.com.br\/cbradar\/wp-json\/wp\/v2\/post_tag?post=233007"}],"curies":[{"name":"wp","href":"https:\/\/api.w.org\/{rel}","templated":true}]}}