{"id":233009,"date":"2026-04-28T08:45:00","date_gmt":"2026-04-28T11:45:00","guid":{"rendered":"https:\/\/www.correiobraziliense.com.br\/cbradar\/?p=233009"},"modified":"2026-04-28T10:17:27","modified_gmt":"2026-04-28T13:17:27","slug":"a-palavra-que-muita-gente-escreve-com-medo-mas-esta-correta-segundo-o-vocabulario-ortografico-da-lingua-portuguesa","status":"publish","type":"post","link":"https:\/\/www.correiobraziliense.com.br\/cbradar\/a-palavra-que-muita-gente-escreve-com-medo-mas-esta-correta-segundo-o-vocabulario-ortografico-da-lingua-portuguesa\/","title":{"rendered":"A palavra que muita gente escreve com medo, mas est\u00e1 correta segundo o Vocabul\u00e1rio Ortogr\u00e1fico da L\u00edngua Portuguesa"},"content":{"rendered":"\n<p>Muitas pessoas sentem uma inseguran\u00e7a natural ao redigir termos que envolvem acentua\u00e7\u00e3o complexa na escrita formal do cotidiano. A d\u00favida sobre a grafia correta de certas palavras pode gerar hesita\u00e7\u00e3o desnecess\u00e1ria durante a produ\u00e7\u00e3o de textos importantes. Compreender as normas estabelecidas pelos \u00f3rg\u00e3os oficiais garante que a comunica\u00e7\u00e3o seja transmitida com total seguran\u00e7a e clareza para todos.<\/p>\n\n\n\n<h2 class=\"wp-block-heading\">Qual \u00e9 a forma correta de escrever esse termo?<\/h2>\n\n\n\n<p>A forma escrita com o sinal gr\u00e1fico sobre a primeira vogal \u00e9 amplamente aceita e considerada o padr\u00e3o oficial na norma culta. Embora o uso do ditongo sem o sinal de nasaliza\u00e7\u00e3o seja comum em diversas regi\u00f5es, a vers\u00e3o acentuada preserva a etimologia cl\u00e1ssica exigida em documentos formais. Manter essa precis\u00e3o ortogr\u00e1fica demonstra um dom\u00ednio elevado do nosso idioma nacional.<\/p>\n\n\n\n<p>Dominar a escrita desse substantivo espec\u00edfico permite que o autor evite corre\u00e7\u00f5es desnecess\u00e1rias em provas ou relat\u00f3rios profissionais de grande relev\u00e2ncia. A corre\u00e7\u00e3o gramatical \u00e9 um pilar fundamental para quem deseja transmitir autoridade e seriedade em comunica\u00e7\u00f5es digitais ou impressas. O uso correto das regras vigentes fortalece a imagem de compet\u00eancia t\u00e9cnica de qualquer produtor de conte\u00fado valioso.<\/p>\n\n\n\n<figure class=\"wp-block-image size-full\"><img decoding=\"async\" width=\"1280\" height=\"720\" src=\"https:\/\/www.correiobraziliense.com.br\/cbradar\/wp-content\/uploads\/2026\/04\/Gemini_Generated_Image_tptjhxtptjhxtptj-1-1.png\" alt=\"A palavra que muita gente escreve com medo, mas est\u00e1 correta segundo o Vocabul\u00e1rio Ortogr\u00e1fico da L\u00edngua Portuguesa\" class=\"wp-image-233020\" srcset=\"https:\/\/www.correiobraziliense.com.br\/cbradar\/wp-content\/uploads\/2026\/04\/Gemini_Generated_Image_tptjhxtptjhxtptj-1-1.png 1280w, https:\/\/www.correiobraziliense.com.br\/cbradar\/wp-content\/uploads\/2026\/04\/Gemini_Generated_Image_tptjhxtptjhxtptj-1-1-300x169.png 300w, https:\/\/www.correiobraziliense.com.br\/cbradar\/wp-content\/uploads\/2026\/04\/Gemini_Generated_Image_tptjhxtptjhxtptj-1-1-768x432.png 768w, https:\/\/www.correiobraziliense.com.br\/cbradar\/wp-content\/uploads\/2026\/04\/Gemini_Generated_Image_tptjhxtptjhxtptj-1-1-750x422.png 750w, https:\/\/www.correiobraziliense.com.br\/cbradar\/wp-content\/uploads\/2026\/04\/Gemini_Generated_Image_tptjhxtptjhxtptj-1-1-1140x641.png 1140w\" sizes=\"(max-width: 1280px) 100vw, 1280px\" \/><figcaption class=\"wp-element-caption\">Saber usar c\u00e3ibra ou c\u00e2imbra corretamente evita erros e melhora a clareza na escrita<\/figcaption><\/figure>\n\n\n\n<h2 class=\"wp-block-heading\">Por que existem duas grafias diferentes no dicion\u00e1rio?<\/h2>\n\n\n\n<p>A conviv\u00eancia de variantes gr\u00e1ficas \u00e9 um fen\u00f4meno comum em l\u00ednguas vivas que sofrem influ\u00eancias regionais e hist\u00f3ricas ao longo do tempo. O registro oficial permite que ambas as formas coexistam, embora uma delas seja frequentemente preferida pela elite intelectual e acad\u00eamica. Compreender essa dualidade ajuda o escritor a escolher a op\u00e7\u00e3o mais adequada para cada contexto comunicativo espec\u00edfico.<\/p>\n\n\n\n<p>A evolu\u00e7\u00e3o fon\u00e9tica de certas palavras leva ao surgimento de formas simplificadas que acabam sendo incorporadas pelo uso popular constante e abrangente. No entanto, a prefer\u00eancia pela grafia tradicional costuma ser a escolha mais segura para quem busca evitar cr\u00edticas ou questionamentos sobre o seu n\u00edvel de instru\u00e7\u00e3o. A tradi\u00e7\u00e3o lingu\u00edstica mant\u00e9m a coes\u00e3o necess\u00e1ria para a unidade nacional.<\/p>\n\n\n\n<h2 class=\"wp-block-heading\">Como ocorrem as contra\u00e7\u00f5es musculares involunt\u00e1rias no corpo?<\/h2>\n\n\n\n<p>Esse desconforto f\u00edsico acontece quando as fibras de um m\u00fasculo se contraem de forma s\u00fabita e n\u00e3o relaxam imediatamente como deveriam. Diversos fatores biol\u00f3gicos podem desencadear essa rea\u00e7\u00e3o, afetando principalmente as pernas e os p\u00e9s durante per\u00edodos de repouso ou ap\u00f3s atividades f\u00edsicas intensas. Manter o equil\u00edbrio mineral \u00e9 essencial para que o sistema muscular funcione com total perfei\u00e7\u00e3o.<\/p>\n\n\n\n<p>Causas principais que levam ao surgimento do desconforto muscular:<\/p>\n\n\n\n<ul class=\"wp-block-list\">\n<li>Desidrata\u00e7\u00e3o severa por falta de ingest\u00e3o de \u00e1gua.<\/li>\n\n\n\n<li>Defici\u00eancia de minerais importantes como pot\u00e1ssio e magn\u00e9sio.<\/li>\n\n\n\n<li>Fadiga excessiva causada por exerc\u00edcios sem o descanso.<\/li>\n\n\n\n<li>Problemas circulat\u00f3rios que dificultam a irriga\u00e7\u00e3o dos tecidos.<\/li>\n\n\n\n<li>Uso de cal\u00e7ados inadequados durante longas caminhadas di\u00e1rias.<\/li>\n<\/ul>\n\n\n\n<h2 class=\"wp-block-heading\">De que maneira o uso do til influencia a pron\u00fancia?<\/h2>\n\n\n\n<p>O sinal gr\u00e1fico colocado sobre a vogal indica que o som deve ser emitido de forma nasal, caracter\u00edstica marcante da fon\u00e9tica lusitana. Essa marca\u00e7\u00e3o sonora diferencia a palavra de outros termos semelhantes, garantindo que a audi\u00e7\u00e3o identifique o sentido correto da mensagem transmitida oralmente. A pron\u00fancia adequada \u00e9 um reflexo do conhecimento das regras ortogr\u00e1ficas estabelecidas pelos \u00f3rg\u00e3os de linguagem.<\/p>\n\n\n\n<p>Respeitar a acentua\u00e7\u00e3o correta facilita a leitura fluida e evita que o leitor precise interromper o fluxo de pensamento para decifrar o termo. A clareza fon\u00e9tica aliada \u00e0 precis\u00e3o visual cria uma experi\u00eancia de comunica\u00e7\u00e3o muito mais satisfat\u00f3ria e eficiente para todos envolvidos no processo. O cuidado com os detalhes lingu\u00edsticos valoriza a riqueza da cultura.<\/p>\n\n\n\n<figure class=\"wp-block-image size-full\"><img decoding=\"async\" width=\"1280\" height=\"720\" src=\"https:\/\/www.correiobraziliense.com.br\/cbradar\/wp-content\/uploads\/2026\/04\/Gemini_Generated_Image_1ynqh21ynqh21ynq-1-1.png\" alt=\"A palavra que muita gente escreve com medo, mas est\u00e1 correta segundo o Vocabul\u00e1rio Ortogr\u00e1fico da L\u00edngua Portuguesa\" class=\"wp-image-233022\" srcset=\"https:\/\/www.correiobraziliense.com.br\/cbradar\/wp-content\/uploads\/2026\/04\/Gemini_Generated_Image_1ynqh21ynqh21ynq-1-1.png 1280w, https:\/\/www.correiobraziliense.com.br\/cbradar\/wp-content\/uploads\/2026\/04\/Gemini_Generated_Image_1ynqh21ynqh21ynq-1-1-300x169.png 300w, https:\/\/www.correiobraziliense.com.br\/cbradar\/wp-content\/uploads\/2026\/04\/Gemini_Generated_Image_1ynqh21ynqh21ynq-1-1-768x432.png 768w, https:\/\/www.correiobraziliense.com.br\/cbradar\/wp-content\/uploads\/2026\/04\/Gemini_Generated_Image_1ynqh21ynqh21ynq-1-1-750x422.png 750w, https:\/\/www.correiobraziliense.com.br\/cbradar\/wp-content\/uploads\/2026\/04\/Gemini_Generated_Image_1ynqh21ynqh21ynq-1-1-1140x641.png 1140w\" sizes=\"(max-width: 1280px) 100vw, 1280px\" \/><figcaption class=\"wp-element-caption\">Saber usar c\u00e3ibra ou c\u00e2imbra corretamente evita erros e melhora a clareza na escrita<\/figcaption><\/figure>\n\n\n\n<p>Leia tamb\u00e9m: <a href=\"https:\/\/www.correiobraziliense.com.br\/cbradar\/perca-ou-perda-o-detalhe-gramatical-que-muda-completamente-o-sentido-da-frase\/\" target=\"_blank\" rel=\"noreferrer noopener\">\u201cPerca\u201d ou \u201cPerda\u201d? O detalhe gramatical que muda completamente o sentido da frase<\/a><\/p>\n\n\n\n<h2 class=\"wp-block-heading\">Onde conferir a validade das palavras na l\u00edngua portuguesa?<\/h2>\n\n\n\n<p>Consultar fontes oficiais \u00e9 o caminho mais seguro para sanar incertezas e garantir que a produ\u00e7\u00e3o textual siga os padr\u00f5es exigidos atualmente. Ter acesso a informa\u00e7\u00f5es verificadas por institui\u00e7\u00f5es de ensino e \u00f3rg\u00e3os de preserva\u00e7\u00e3o do idioma ajuda a construir uma base s\u00f3lida de conhecimento. A seguran\u00e7a na escrita nasce da busca constante por refer\u00eancias consagradas e muito confi\u00e1veis.<\/p>\n\n\n\n<p>O <strong>Vocabul\u00e1rio Ortogr\u00e1fico da L\u00edngua Portuguesa<\/strong> editado pela <strong>Academia Brasileira de Letras<\/strong> oferece o respaldo necess\u00e1rio para validar qualquer d\u00favida ortogr\u00e1fica persistente. Dicion\u00e1rios como o <strong>Michaelis<\/strong> ou o <strong>Houaiss<\/strong> tamb\u00e9m s\u00e3o ferramentas essenciais para quem deseja escrever com perfei\u00e7\u00e3o no <strong>Brasil<\/strong>. A consulta regular ao <a target=\"_blank\" rel=\"noreferrer noopener\" href=\"https:\/\/www.academia.org.br\/nossa-lingua\/busca-no-vocabulario\">site oficial do vocabul\u00e1rio<\/a> garante que o texto respeite a grafia padr\u00e3o da l\u00edngua.<\/p>\n","protected":false},"excerpt":{"rendered":"<p>Muitas pessoas sentem uma inseguran\u00e7a natural ao redigir termos que envolvem acentua\u00e7\u00e3o complexa na escrita formal do cotidiano. A d\u00favida sobre a grafia correta de certas palavras pode gerar hesita\u00e7\u00e3o desnecess\u00e1ria durante a produ\u00e7\u00e3o de textos importantes. Compreender as normas estabelecidas pelos \u00f3rg\u00e3os oficiais garante que a comunica\u00e7\u00e3o seja transmitida com total seguran\u00e7a e clareza [&hellip;]<\/p>\n","protected":false},"author":21,"featured_media":233019,"comment_status":"open","ping_status":"open","sticky":false,"template":"","format":"standard","meta":{"_yoast_wpseo_focuskw":"c\u00e3ibra ou c\u00e2imbra","_yoast_wpseo_title":"","_yoast_wpseo_metadesc":"D\u00favidas na acentua\u00e7\u00e3o de palavras comuns podem gerar erros e entender a forma correta garante mais clareza e seguran\u00e7a na escrita","jnews-multi-image_gallery":[],"jnews_single_post":{"format":"standard"},"jnews_primary_category":[],"jnews_social_meta":[],"jnews_override_counter":[],"footnotes":""},"categories":[112],"post_tag":[18312,3272,18311],"class_list":["post-233009","post","type-post","status-publish","format-standard","has-post-thumbnail","hentry","category-curiosidades","tag-escreve","tag-palavra","tag-vocabulario-ortografico-da-lingua-portuguesa"],"yoast_head":"<!-- This site is optimized with the Yoast SEO plugin v24.6 - https:\/\/yoast.com\/wordpress\/plugins\/seo\/ -->\n<title>A palavra que muita gente escreve com medo, mas est\u00e1 correta segundo o Vocabul\u00e1rio Ortogr\u00e1fico da L\u00edngua Portuguesa - Correio Braziliense - Radar<\/title>\n<meta name=\"description\" content=\"D\u00favidas na acentua\u00e7\u00e3o de palavras comuns podem gerar erros e entender a forma correta garante mais clareza e seguran\u00e7a na escrita\" \/>\n<meta name=\"robots\" content=\"index, follow, max-snippet:-1, max-image-preview:large, max-video-preview:-1\" \/>\n<link rel=\"canonical\" href=\"https:\/\/www.correiobraziliense.com.br\/cbradar\/a-palavra-que-muita-gente-escreve-com-medo-mas-esta-correta-segundo-o-vocabulario-ortografico-da-lingua-portuguesa\/\" \/>\n<meta property=\"og:locale\" content=\"pt_BR\" \/>\n<meta property=\"og:type\" content=\"article\" \/>\n<meta property=\"og:title\" content=\"A palavra que muita gente escreve com medo, mas est\u00e1 correta segundo o Vocabul\u00e1rio Ortogr\u00e1fico da L\u00edngua Portuguesa - Correio Braziliense - Radar\" \/>\n<meta property=\"og:description\" content=\"D\u00favidas na acentua\u00e7\u00e3o de palavras comuns podem gerar erros e entender a forma correta garante mais clareza e seguran\u00e7a na escrita\" \/>\n<meta property=\"og:url\" content=\"https:\/\/www.correiobraziliense.com.br\/cbradar\/a-palavra-que-muita-gente-escreve-com-medo-mas-esta-correta-segundo-o-vocabulario-ortografico-da-lingua-portuguesa\/\" \/>\n<meta property=\"og:site_name\" content=\"Correio Braziliense - Radar\" \/>\n<meta property=\"article:published_time\" content=\"2026-04-28T11:45:00+00:00\" \/>\n<meta property=\"article:modified_time\" content=\"2026-04-28T13:17:27+00:00\" \/>\n<meta property=\"og:image\" content=\"https:\/\/www.correiobraziliense.com.br\/cbradar\/wp-content\/uploads\/2026\/04\/Gemini_Generated_Image_wzc7b1wzc7b1wzc7-1-1.png\" \/>\n\t<meta property=\"og:image:width\" content=\"1280\" \/>\n\t<meta property=\"og:image:height\" content=\"720\" \/>\n\t<meta property=\"og:image:type\" content=\"image\/png\" \/>\n<meta name=\"author\" content=\"Patrick Silva\" \/>\n<meta name=\"twitter:card\" content=\"summary_large_image\" \/>\n<meta name=\"twitter:label1\" content=\"Escrito por\" \/>\n\t<meta name=\"twitter:data1\" content=\"Patrick Silva\" \/>\n\t<meta name=\"twitter:label2\" content=\"Est. tempo de leitura\" \/>\n\t<meta name=\"twitter:data2\" content=\"5 minutos\" \/>\n<!-- \/ Yoast SEO plugin. -->","yoast_head_json":{"title":"A palavra que muita gente escreve com medo, mas est\u00e1 correta segundo o Vocabul\u00e1rio Ortogr\u00e1fico da L\u00edngua Portuguesa - Correio Braziliense - Radar","description":"D\u00favidas na acentua\u00e7\u00e3o de palavras comuns podem gerar erros e entender a forma correta garante mais clareza e seguran\u00e7a na escrita","robots":{"index":"index","follow":"follow","max-snippet":"max-snippet:-1","max-image-preview":"max-image-preview:large","max-video-preview":"max-video-preview:-1"},"canonical":"https:\/\/www.correiobraziliense.com.br\/cbradar\/a-palavra-que-muita-gente-escreve-com-medo-mas-esta-correta-segundo-o-vocabulario-ortografico-da-lingua-portuguesa\/","og_locale":"pt_BR","og_type":"article","og_title":"A palavra que muita gente escreve com medo, mas est\u00e1 correta segundo o Vocabul\u00e1rio Ortogr\u00e1fico da L\u00edngua Portuguesa - Correio Braziliense - Radar","og_description":"D\u00favidas na acentua\u00e7\u00e3o de palavras comuns podem gerar erros e entender a forma correta garante mais clareza e seguran\u00e7a na escrita","og_url":"https:\/\/www.correiobraziliense.com.br\/cbradar\/a-palavra-que-muita-gente-escreve-com-medo-mas-esta-correta-segundo-o-vocabulario-ortografico-da-lingua-portuguesa\/","og_site_name":"Correio Braziliense - Radar","article_published_time":"2026-04-28T11:45:00+00:00","article_modified_time":"2026-04-28T13:17:27+00:00","og_image":[{"width":1280,"height":720,"url":"https:\/\/www.correiobraziliense.com.br\/cbradar\/wp-content\/uploads\/2026\/04\/Gemini_Generated_Image_wzc7b1wzc7b1wzc7-1-1.png","type":"image\/png"}],"author":"Patrick Silva","twitter_card":"summary_large_image","twitter_misc":{"Escrito por":"Patrick Silva","Est. tempo de leitura":"5 minutos"},"schema":{"@context":"https:\/\/schema.org","@graph":[{"@type":"WebPage","@id":"https:\/\/www.correiobraziliense.com.br\/cbradar\/a-palavra-que-muita-gente-escreve-com-medo-mas-esta-correta-segundo-o-vocabulario-ortografico-da-lingua-portuguesa\/","url":"https:\/\/www.correiobraziliense.com.br\/cbradar\/a-palavra-que-muita-gente-escreve-com-medo-mas-esta-correta-segundo-o-vocabulario-ortografico-da-lingua-portuguesa\/","name":"A palavra que muita gente escreve com medo, mas est\u00e1 correta segundo o Vocabul\u00e1rio Ortogr\u00e1fico da L\u00edngua Portuguesa - Correio Braziliense - Radar","isPartOf":{"@id":"https:\/\/www.correiobraziliense.com.br\/cbradar\/#website"},"primaryImageOfPage":{"@id":"https:\/\/www.correiobraziliense.com.br\/cbradar\/a-palavra-que-muita-gente-escreve-com-medo-mas-esta-correta-segundo-o-vocabulario-ortografico-da-lingua-portuguesa\/#primaryimage"},"image":{"@id":"https:\/\/www.correiobraziliense.com.br\/cbradar\/a-palavra-que-muita-gente-escreve-com-medo-mas-esta-correta-segundo-o-vocabulario-ortografico-da-lingua-portuguesa\/#primaryimage"},"thumbnailUrl":"https:\/\/www.correiobraziliense.com.br\/cbradar\/wp-content\/uploads\/2026\/04\/Gemini_Generated_Image_wzc7b1wzc7b1wzc7-1-1.png","datePublished":"2026-04-28T11:45:00+00:00","dateModified":"2026-04-28T13:17:27+00:00","author":{"@id":"https:\/\/www.correiobraziliense.com.br\/cbradar\/#\/schema\/person\/5440b72be9c7eb74f446c846479dc4da"},"description":"D\u00favidas na acentua\u00e7\u00e3o de palavras comuns podem gerar erros e entender a forma correta garante mais clareza e seguran\u00e7a na escrita","breadcrumb":{"@id":"https:\/\/www.correiobraziliense.com.br\/cbradar\/a-palavra-que-muita-gente-escreve-com-medo-mas-esta-correta-segundo-o-vocabulario-ortografico-da-lingua-portuguesa\/#breadcrumb"},"inLanguage":"pt-BR","potentialAction":[{"@type":"ReadAction","target":["https:\/\/www.correiobraziliense.com.br\/cbradar\/a-palavra-que-muita-gente-escreve-com-medo-mas-esta-correta-segundo-o-vocabulario-ortografico-da-lingua-portuguesa\/"]}]},{"@type":"ImageObject","inLanguage":"pt-BR","@id":"https:\/\/www.correiobraziliense.com.br\/cbradar\/a-palavra-que-muita-gente-escreve-com-medo-mas-esta-correta-segundo-o-vocabulario-ortografico-da-lingua-portuguesa\/#primaryimage","url":"https:\/\/www.correiobraziliense.com.br\/cbradar\/wp-content\/uploads\/2026\/04\/Gemini_Generated_Image_wzc7b1wzc7b1wzc7-1-1.png","contentUrl":"https:\/\/www.correiobraziliense.com.br\/cbradar\/wp-content\/uploads\/2026\/04\/Gemini_Generated_Image_wzc7b1wzc7b1wzc7-1-1.png","width":1280,"height":720,"caption":"Saber usar c\u00e3ibra ou c\u00e2imbra corretamente evita erros e melhora a clareza na escrita"},{"@type":"BreadcrumbList","@id":"https:\/\/www.correiobraziliense.com.br\/cbradar\/a-palavra-que-muita-gente-escreve-com-medo-mas-esta-correta-segundo-o-vocabulario-ortografico-da-lingua-portuguesa\/#breadcrumb","itemListElement":[{"@type":"ListItem","position":1,"name":"In\u00edcio","item":"https:\/\/www.correiobraziliense.com.br\/cbradar\/"},{"@type":"ListItem","position":2,"name":"A palavra que muita gente escreve com medo, mas est\u00e1 correta segundo o Vocabul\u00e1rio Ortogr\u00e1fico da L\u00edngua Portuguesa"}]},{"@type":"WebSite","@id":"https:\/\/www.correiobraziliense.com.br\/cbradar\/#website","url":"https:\/\/www.correiobraziliense.com.br\/cbradar\/","name":"Correio Braziliense - Radar","description":"Acompanhe as \u00faltimas not\u00edcias e fique bem informado sobre tudo o que acontece no Brasil e no mundo.","potentialAction":[{"@type":"SearchAction","target":{"@type":"EntryPoint","urlTemplate":"https:\/\/www.correiobraziliense.com.br\/cbradar\/?s={search_term_string}"},"query-input":{"@type":"PropertyValueSpecification","valueRequired":true,"valueName":"search_term_string"}}],"inLanguage":"pt-BR"},{"@type":"Person","@id":"https:\/\/www.correiobraziliense.com.br\/cbradar\/#\/schema\/person\/5440b72be9c7eb74f446c846479dc4da","name":"Patrick Silva","image":{"@type":"ImageObject","inLanguage":"pt-BR","@id":"https:\/\/www.correiobraziliense.com.br\/cbradar\/#\/schema\/person\/image\/","url":"https:\/\/secure.gravatar.com\/avatar\/944109df296fc087785c9715fd5f80b2?s=96&d=mm&r=g","contentUrl":"https:\/\/secure.gravatar.com\/avatar\/944109df296fc087785c9715fd5f80b2?s=96&d=mm&r=g","caption":"Patrick Silva"},"sameAs":["https:\/\/www.correiobraziliense.com.br\/cbradar\/"],"url":"https:\/\/www.correiobraziliense.com.br\/cbradar\/author\/patrick-silva\/"}]}},"_links":{"self":[{"href":"https:\/\/www.correiobraziliense.com.br\/cbradar\/wp-json\/wp\/v2\/posts\/233009","targetHints":{"allow":["GET"]}}],"collection":[{"href":"https:\/\/www.correiobraziliense.com.br\/cbradar\/wp-json\/wp\/v2\/posts"}],"about":[{"href":"https:\/\/www.correiobraziliense.com.br\/cbradar\/wp-json\/wp\/v2\/types\/post"}],"author":[{"embeddable":true,"href":"https:\/\/www.correiobraziliense.com.br\/cbradar\/wp-json\/wp\/v2\/users\/21"}],"replies":[{"embeddable":true,"href":"https:\/\/www.correiobraziliense.com.br\/cbradar\/wp-json\/wp\/v2\/comments?post=233009"}],"version-history":[{"count":2,"href":"https:\/\/www.correiobraziliense.com.br\/cbradar\/wp-json\/wp\/v2\/posts\/233009\/revisions"}],"predecessor-version":[{"id":233025,"href":"https:\/\/www.correiobraziliense.com.br\/cbradar\/wp-json\/wp\/v2\/posts\/233009\/revisions\/233025"}],"wp:featuredmedia":[{"embeddable":true,"href":"https:\/\/www.correiobraziliense.com.br\/cbradar\/wp-json\/wp\/v2\/media\/233019"}],"wp:attachment":[{"href":"https:\/\/www.correiobraziliense.com.br\/cbradar\/wp-json\/wp\/v2\/media?parent=233009"}],"wp:term":[{"taxonomy":"category","embeddable":true,"href":"https:\/\/www.correiobraziliense.com.br\/cbradar\/wp-json\/wp\/v2\/categories?post=233009"},{"taxonomy":"post_tag","embeddable":true,"href":"https:\/\/www.correiobraziliense.com.br\/cbradar\/wp-json\/wp\/v2\/post_tag?post=233009"}],"curies":[{"name":"wp","href":"https:\/\/api.w.org\/{rel}","templated":true}]}}