{"id":23301,"date":"2025-04-15T09:10:11","date_gmt":"2025-04-15T12:10:11","guid":{"rendered":"https:\/\/www.correiobraziliense.com.br\/cbradar\/?p=23301"},"modified":"2025-04-15T05:12:26","modified_gmt":"2025-04-15T08:12:26","slug":"aprenda-a-plantar-zamioculca-a-planta-que-traz-paz-beleza-e-prosperidade-para-sua-casa","status":"publish","type":"post","link":"https:\/\/www.correiobraziliense.com.br\/cbradar\/aprenda-a-plantar-zamioculca-a-planta-que-traz-paz-beleza-e-prosperidade-para-sua-casa\/","title":{"rendered":"Aprenda a plantar Zamioculca, a planta que traz paz, beleza e prosperidade para sua casa"},"content":{"rendered":"\n<p>A <strong>Zamioculca<\/strong> \u00e9 uma das queridinhas da decora\u00e7\u00e3o moderna, gra\u00e7as ao seu <strong>visual sofisticado<\/strong>, <strong>facilidade de cultivo<\/strong> e capacidade de se adaptar a ambientes internos. Origin\u00e1ria da \u00c1frica tropical, essa planta \u00e9 perfeita para quem quer ter <strong>verdinho em casa sem complica\u00e7\u00e3o<\/strong>.<\/p>\n\n\n\n<p>Resistente, dur\u00e1vel e de baixa manuten\u00e7\u00e3o, a <strong>Zamioculca <\/strong>\u00e9 ideal para apartamentos, escrit\u00f3rios e locais com <strong>pouca luz natural<\/strong>. Veja a seguir como <a href=\"https:\/\/www.correiobraziliense.com.br\/cbradar\/aprenda-a-plantar-frutas-que-ajudam-a-melhorar-o-sono\/\" target=\"_blank\" rel=\"noreferrer noopener\">plantar <\/a>e cuidar da sua Zamioculca da forma correta.<\/p>\n\n\n\n<h2 class=\"wp-block-heading\">Por que escolher a Zamioculca?<\/h2>\n\n\n\n<p>A <strong>Zamioculca zamiifolia<\/strong>, seu nome cient\u00edfico, se destaca por suas <strong>folhas brilhantes, firmes e arqueadas<\/strong>, que conferem um ar moderno e elegante ao ambiente. Mas n\u00e3o \u00e9 s\u00f3 beleza: ela tamb\u00e9m \u00e9 conhecida por ser <strong>quase indestrut\u00edvel<\/strong>.<\/p>\n\n\n\n<p>Confira os motivos para cultivar uma Zamioculca:<\/p>\n\n\n\n<ul class=\"wp-block-list\">\n<li><strong>Tolera baixa luminosidade<\/strong><\/li>\n\n\n\n<li><strong>Resiste \u00e0 seca e ao esquecimento<\/strong><\/li>\n\n\n\n<li><strong>Ajuda na purifica\u00e7\u00e3o do ar<\/strong><\/li>\n\n\n\n<li><strong>\u00c9 considerada planta da prosperidade<\/strong><\/li>\n<\/ul>\n\n\n\n<h2 class=\"wp-block-heading\">Onde plantar: vaso ou solo?<\/h2>\n\n\n\n<p>A Zamioculca \u00e9 cultivada exclusivamente em <strong>vasos<\/strong>, pois ela cresce lentamente e n\u00e3o se d\u00e1 bem com umidade excessiva no solo de jardins externos.<\/p>\n\n\n\n<h3 class=\"wp-block-heading\">Vaso ideal:<\/h3>\n\n\n\n<ul class=\"wp-block-list\">\n<li>Use um vaso com <strong>furos no fundo<\/strong> para garantir drenagem.<\/li>\n\n\n\n<li>O tamanho deve permitir espa\u00e7o para crescimento das ra\u00edzes tuberosas.<\/li>\n\n\n\n<li>Vasos de cer\u00e2mica ou barro ajudam a manter o equil\u00edbrio da umidade.<\/li>\n<\/ul>\n\n\n\n<h2 class=\"wp-block-heading\">Como preparar o substrato ideal?<\/h2>\n\n\n\n<p>Essa planta n\u00e3o gosta de solo encharcado, por isso o substrato deve ser <strong>muito bem drenado<\/strong> e <strong>aerado<\/strong>. Use a seguinte mistura:<\/p>\n\n\n\n<ul class=\"wp-block-list\">\n<li>2 partes de terra vegetal<\/li>\n\n\n\n<li>1 parte de areia grossa<\/li>\n\n\n\n<li>1 parte de composto org\u00e2nico<\/li>\n\n\n\n<li>Um punhado de carv\u00e3o vegetal triturado (opcional, mas ajuda a evitar fungos)<\/li>\n<\/ul>\n\n\n\n<h2 class=\"wp-block-heading\">Como plantar a muda corretamente?<\/h2>\n\n\n\n<p>Voc\u00ea pode encontrar Zamioculcas j\u00e1 enraizadas em floriculturas ou multiplicar uma planta existente por divis\u00e3o.<\/p>\n\n\n\n<h3 class=\"wp-block-heading\">Passo a passo para o plantio:<\/h3>\n\n\n\n<ol class=\"wp-block-list\">\n<li>Escolha uma muda saud\u00e1vel, com folhas firmes e ra\u00edzes firmes.<\/li>\n\n\n\n<li>Preencha o fundo do vaso com pedras ou argila expandida.<\/li>\n\n\n\n<li>Coloque o substrato e posicione a muda no centro do vaso.<\/li>\n\n\n\n<li>Cubra as ra\u00edzes com terra, deixando parte da base exposta.<\/li>\n\n\n\n<li>Regue moderadamente ap\u00f3s o plantio.<\/li>\n<\/ol>\n\n\n<div class=\"wp-block-image\">\n<figure class=\"aligncenter size-large\"><img decoding=\"async\" width=\"1024\" height=\"576\" src=\"https:\/\/www.correiobraziliense.com.br\/cbradar\/wp-content\/uploads\/2025\/04\/Zamioculca_1744646401240-1024x576.jpg\" alt=\"\" class=\"wp-image-23304\" srcset=\"https:\/\/www.correiobraziliense.com.br\/cbradar\/wp-content\/uploads\/2025\/04\/Zamioculca_1744646401240-1024x576.jpg 1024w, https:\/\/www.correiobraziliense.com.br\/cbradar\/wp-content\/uploads\/2025\/04\/Zamioculca_1744646401240-300x169.jpg 300w, https:\/\/www.correiobraziliense.com.br\/cbradar\/wp-content\/uploads\/2025\/04\/Zamioculca_1744646401240-768x432.jpg 768w, https:\/\/www.correiobraziliense.com.br\/cbradar\/wp-content\/uploads\/2025\/04\/Zamioculca_1744646401240-750x422.jpg 750w, https:\/\/www.correiobraziliense.com.br\/cbradar\/wp-content\/uploads\/2025\/04\/Zamioculca_1744646401240-1140x641.jpg 1140w, https:\/\/www.correiobraziliense.com.br\/cbradar\/wp-content\/uploads\/2025\/04\/Zamioculca_1744646401240.jpg 1280w\" sizes=\"(max-width: 1024px) 100vw, 1024px\" \/><figcaption class=\"wp-element-caption\">Zamioculcas &#8211; Cr\u00e9ditos: depositphotos.com \/ eranicle<\/figcaption><\/figure><\/div>\n\n\n<h2 class=\"wp-block-heading\">Como cuidar no dia a dia?<\/h2>\n\n\n\n<p>A grande vantagem da Zamioculca \u00e9 sua <strong>resist\u00eancia a descuidos<\/strong>, sendo perfeita para quem n\u00e3o tem muito tempo ou experi\u00eancia com plantas.<\/p>\n\n\n\n<h3 class=\"wp-block-heading\">Luz:<\/h3>\n\n\n\n<ul class=\"wp-block-list\">\n<li>Prefere <strong>luz indireta<\/strong>, mas tamb\u00e9m tolera sombra.<\/li>\n\n\n\n<li>Evite sol direto nas folhas, pois pode queim\u00e1-las.<\/li>\n\n\n\n<li>Vai muito bem em <strong>ambientes com pouca ilumina\u00e7\u00e3o natural<\/strong>.<\/li>\n<\/ul>\n\n\n\n<h3 class=\"wp-block-heading\">Rega:<\/h3>\n\n\n\n<ul class=\"wp-block-list\">\n<li>Regue apenas quando o substrato estiver <strong>totalmente seco<\/strong>.<\/li>\n\n\n\n<li>No ver\u00e3o, 1 vez por semana costuma ser suficiente.<\/li>\n\n\n\n<li>No inverno, pode passar at\u00e9 15 dias sem rega.<\/li>\n\n\n\n<li>Cuidado com <strong>excesso de \u00e1gua<\/strong>, pois \u00e9 o maior risco para a planta.<\/li>\n<\/ul>\n\n\n\n<h3 class=\"wp-block-heading\">Aduba\u00e7\u00e3o:<\/h3>\n\n\n\n<ul class=\"wp-block-list\">\n<li>Adube a cada 2 meses com adubo org\u00e2nico ou NPK 10-10-10.<\/li>\n\n\n\n<li>Use fertilizantes l\u00edquidos dilu\u00eddos para n\u00e3o queimar as ra\u00edzes.<\/li>\n<\/ul>\n\n\n\n<h3 class=\"wp-block-heading\">Poda:<\/h3>\n\n\n\n<ul class=\"wp-block-list\">\n<li>N\u00e3o \u00e9 necess\u00e1rio podar com frequ\u00eancia.<\/li>\n\n\n\n<li>Retire apenas folhas amarelas ou danificadas com tesoura esterilizada.<\/li>\n<\/ul>\n\n\n\n<h2 class=\"wp-block-heading\">Como fazer mudas?<\/h2>\n\n\n\n<p>Existem duas formas de propagar Zamioculca:<\/p>\n\n\n\n<h3 class=\"wp-block-heading\">1. Divis\u00e3o de touceiras:<\/h3>\n\n\n\n<ul class=\"wp-block-list\">\n<li>Retire a planta do vaso e separe os rizomas (ra\u00edzes grossas).<\/li>\n\n\n\n<li>Plante cada peda\u00e7o em um novo vaso.<\/li>\n<\/ul>\n\n\n\n<h3 class=\"wp-block-heading\">2. Propaga\u00e7\u00e3o por folha:<\/h3>\n\n\n\n<ul class=\"wp-block-list\">\n<li>Corte uma folha e enterre parte do talo no substrato \u00famido.<\/li>\n\n\n\n<li>Leva meses para enraizar e surgir uma nova planta, mas funciona!<\/li>\n<\/ul>\n\n\n\n<h2 class=\"wp-block-heading\">\u00c9 t\u00f3xica?<\/h2>\n\n\n\n<p>Sim, <strong>todas as partes da Zamioculca s\u00e3o t\u00f3xicas se ingeridas<\/strong>, tanto para humanos quanto para animais. Portanto:<\/p>\n\n\n\n<ul class=\"wp-block-list\">\n<li>Mantenha fora do alcance de crian\u00e7as e pets.<\/li>\n\n\n\n<li>Use luvas ao manusear mudas ou folhas cortadas, pois a seiva pode irritar a pele sens\u00edvel.<\/li>\n<\/ul>\n\n\n\n<h2 class=\"wp-block-heading\">Quais os significados?<\/h2>\n\n\n\n<p> Em muitas culturas, a Zamioculca \u00e9 associada \u00e0 <strong>prosperidade, crescimento financeiro e equil\u00edbrio espiritual<\/strong>.<\/p>\n\n\n\n<p>Por isso, ela \u00e9 frequentemente usada em <strong>feng shui<\/strong> e presenteada em inaugura\u00e7\u00f5es e novos come\u00e7os.<\/p>\n\n\n\n<h2 class=\"wp-block-heading\">FAQ<\/h2>\n\n\n\n<p><strong>1. Zamioculca pode ficar no quarto?<\/strong><br>Sim! Desde que haja um pouco de luz natural indireta, ela vai muito bem em quartos.<\/p>\n\n\n\n<p><strong>2. Por que minha Zamioculca est\u00e1 com folhas amareladas?<\/strong><br>Provavelmente por <strong>excesso de \u00e1gua<\/strong>. Verifique o solo e reduza a frequ\u00eancia das regas.<\/p>\n\n\n\n<p><strong>3. Posso deixar a Zamioculca em locais com ar-condicionado?<\/strong><br>Sim, ela \u00e9 resistente, mas evite deix\u00e1-la sob o fluxo direto do ar.<\/p>\n\n\n\n<p><strong>4. A Zamioculca cresce r\u00e1pido?<\/strong><br>N\u00e3o. \u00c9 uma planta de <strong>crescimento lento<\/strong>, ideal para quem quer um visual duradouro.<\/p>\n\n\n\n<p><strong>5. Ela precisa de sol?<\/strong><br>N\u00e3o. Gosta de <strong>luz indireta<\/strong> e vai bem em locais sombreados.<\/p>\n","protected":false},"excerpt":{"rendered":"<p>A Zamioculca \u00e9 uma das queridinhas da decora\u00e7\u00e3o moderna, gra\u00e7as ao seu visual sofisticado, facilidade de cultivo e capacidade de se adaptar a ambientes internos. Origin\u00e1ria da \u00c1frica tropical, essa planta \u00e9 perfeita para quem quer ter verdinho em casa sem complica\u00e7\u00e3o. Resistente, dur\u00e1vel e de baixa manuten\u00e7\u00e3o, a Zamioculca \u00e9 ideal para apartamentos, escrit\u00f3rios [&hellip;]<\/p>\n","protected":false},"author":9,"featured_media":23303,"comment_status":"open","ping_status":"open","sticky":false,"template":"","format":"standard","meta":{"_yoast_wpseo_focuskw":"Zamioculca","_yoast_wpseo_title":"%%title%% %%page%%","_yoast_wpseo_metadesc":"Aprenda como cuidar da Zamioculca, planta resistente que vai bem em sombra e traz beleza e praticidade para qualquer ambiente.","jnews-multi-image_gallery":[],"jnews_single_post":{"format":"standard"},"jnews_primary_category":[],"jnews_social_meta":[],"jnews_override_counter":[],"footnotes":""},"categories":[136],"post_tag":[3324,3325,3323],"class_list":["post-23301","post","type-post","status-publish","format-standard","has-post-thumbnail","hentry","category-jardinagem","tag-como-cuidar-de-zamioculca","tag-plantas-de-sombra","tag-plantas-para-ambientes-internos"],"yoast_head":"<!-- This site is optimized with the Yoast SEO plugin v24.6 - https:\/\/yoast.com\/wordpress\/plugins\/seo\/ -->\n<title>Aprenda a plantar Zamioculca, a planta que traz paz, beleza e prosperidade para sua casa<\/title>\n<meta name=\"description\" content=\"Aprenda como cuidar da Zamioculca, planta resistente que vai bem em sombra e traz beleza e praticidade para qualquer ambiente.\" \/>\n<meta name=\"robots\" content=\"index, follow, max-snippet:-1, max-image-preview:large, max-video-preview:-1\" \/>\n<link rel=\"canonical\" href=\"https:\/\/www.correiobraziliense.com.br\/cbradar\/aprenda-a-plantar-zamioculca-a-planta-que-traz-paz-beleza-e-prosperidade-para-sua-casa\/\" \/>\n<meta property=\"og:locale\" content=\"pt_BR\" \/>\n<meta property=\"og:type\" content=\"article\" \/>\n<meta property=\"og:title\" content=\"Aprenda a plantar Zamioculca, a planta que traz paz, beleza e prosperidade para sua casa\" \/>\n<meta property=\"og:description\" content=\"Aprenda como cuidar da Zamioculca, planta resistente que vai bem em sombra e traz beleza e praticidade para qualquer ambiente.\" \/>\n<meta property=\"og:url\" content=\"https:\/\/www.correiobraziliense.com.br\/cbradar\/aprenda-a-plantar-zamioculca-a-planta-que-traz-paz-beleza-e-prosperidade-para-sua-casa\/\" \/>\n<meta property=\"og:site_name\" content=\"Correio Braziliense - Radar\" \/>\n<meta property=\"article:published_time\" content=\"2025-04-15T12:10:11+00:00\" \/>\n<meta property=\"og:image\" content=\"https:\/\/www.correiobraziliense.com.br\/cbradar\/wp-content\/uploads\/2025\/04\/Zamioculca_1744646323242.jpg\" \/>\n\t<meta property=\"og:image:width\" content=\"1280\" \/>\n\t<meta property=\"og:image:height\" content=\"720\" \/>\n\t<meta property=\"og:image:type\" content=\"image\/jpeg\" \/>\n<meta name=\"author\" content=\"Daniely Cardoso\" \/>\n<meta name=\"twitter:card\" content=\"summary_large_image\" \/>\n<meta name=\"twitter:label1\" content=\"Escrito por\" \/>\n\t<meta name=\"twitter:data1\" content=\"Daniely Cardoso\" \/>\n\t<meta name=\"twitter:label2\" content=\"Est. tempo de leitura\" \/>\n\t<meta name=\"twitter:data2\" content=\"5 minutos\" \/>\n<!-- \/ Yoast SEO plugin. -->","yoast_head_json":{"title":"Aprenda a plantar Zamioculca, a planta que traz paz, beleza e prosperidade para sua casa","description":"Aprenda como cuidar da Zamioculca, planta resistente que vai bem em sombra e traz beleza e praticidade para qualquer ambiente.","robots":{"index":"index","follow":"follow","max-snippet":"max-snippet:-1","max-image-preview":"max-image-preview:large","max-video-preview":"max-video-preview:-1"},"canonical":"https:\/\/www.correiobraziliense.com.br\/cbradar\/aprenda-a-plantar-zamioculca-a-planta-que-traz-paz-beleza-e-prosperidade-para-sua-casa\/","og_locale":"pt_BR","og_type":"article","og_title":"Aprenda a plantar Zamioculca, a planta que traz paz, beleza e prosperidade para sua casa","og_description":"Aprenda como cuidar da Zamioculca, planta resistente que vai bem em sombra e traz beleza e praticidade para qualquer ambiente.","og_url":"https:\/\/www.correiobraziliense.com.br\/cbradar\/aprenda-a-plantar-zamioculca-a-planta-que-traz-paz-beleza-e-prosperidade-para-sua-casa\/","og_site_name":"Correio Braziliense - Radar","article_published_time":"2025-04-15T12:10:11+00:00","og_image":[{"width":1280,"height":720,"url":"https:\/\/www.correiobraziliense.com.br\/cbradar\/wp-content\/uploads\/2025\/04\/Zamioculca_1744646323242.jpg","type":"image\/jpeg"}],"author":"Daniely Cardoso","twitter_card":"summary_large_image","twitter_misc":{"Escrito por":"Daniely Cardoso","Est. tempo de leitura":"5 minutos"},"schema":{"@context":"https:\/\/schema.org","@graph":[{"@type":"WebPage","@id":"https:\/\/www.correiobraziliense.com.br\/cbradar\/aprenda-a-plantar-zamioculca-a-planta-que-traz-paz-beleza-e-prosperidade-para-sua-casa\/","url":"https:\/\/www.correiobraziliense.com.br\/cbradar\/aprenda-a-plantar-zamioculca-a-planta-que-traz-paz-beleza-e-prosperidade-para-sua-casa\/","name":"Aprenda a plantar Zamioculca, a planta que traz paz, beleza e prosperidade para sua casa","isPartOf":{"@id":"https:\/\/www.correiobraziliense.com.br\/cbradar\/#website"},"primaryImageOfPage":{"@id":"https:\/\/www.correiobraziliense.com.br\/cbradar\/aprenda-a-plantar-zamioculca-a-planta-que-traz-paz-beleza-e-prosperidade-para-sua-casa\/#primaryimage"},"image":{"@id":"https:\/\/www.correiobraziliense.com.br\/cbradar\/aprenda-a-plantar-zamioculca-a-planta-que-traz-paz-beleza-e-prosperidade-para-sua-casa\/#primaryimage"},"thumbnailUrl":"https:\/\/www.correiobraziliense.com.br\/cbradar\/wp-content\/uploads\/2025\/04\/Zamioculca_1744646323242.jpg","datePublished":"2025-04-15T12:10:11+00:00","author":{"@id":"https:\/\/www.correiobraziliense.com.br\/cbradar\/#\/schema\/person\/7356666e12ec0ee53f348ee5db227032"},"description":"Aprenda como cuidar da Zamioculca, planta resistente que vai bem em sombra e traz beleza e praticidade para qualquer ambiente.","breadcrumb":{"@id":"https:\/\/www.correiobraziliense.com.br\/cbradar\/aprenda-a-plantar-zamioculca-a-planta-que-traz-paz-beleza-e-prosperidade-para-sua-casa\/#breadcrumb"},"inLanguage":"pt-BR","potentialAction":[{"@type":"ReadAction","target":["https:\/\/www.correiobraziliense.com.br\/cbradar\/aprenda-a-plantar-zamioculca-a-planta-que-traz-paz-beleza-e-prosperidade-para-sua-casa\/"]}]},{"@type":"ImageObject","inLanguage":"pt-BR","@id":"https:\/\/www.correiobraziliense.com.br\/cbradar\/aprenda-a-plantar-zamioculca-a-planta-que-traz-paz-beleza-e-prosperidade-para-sua-casa\/#primaryimage","url":"https:\/\/www.correiobraziliense.com.br\/cbradar\/wp-content\/uploads\/2025\/04\/Zamioculca_1744646323242.jpg","contentUrl":"https:\/\/www.correiobraziliense.com.br\/cbradar\/wp-content\/uploads\/2025\/04\/Zamioculca_1744646323242.jpg","width":1280,"height":720,"caption":"Zamioculca - Cr\u00e9ditos: depositphotos.com \/ artoffoto"},{"@type":"BreadcrumbList","@id":"https:\/\/www.correiobraziliense.com.br\/cbradar\/aprenda-a-plantar-zamioculca-a-planta-que-traz-paz-beleza-e-prosperidade-para-sua-casa\/#breadcrumb","itemListElement":[{"@type":"ListItem","position":1,"name":"In\u00edcio","item":"https:\/\/www.correiobraziliense.com.br\/cbradar\/"},{"@type":"ListItem","position":2,"name":"Aprenda a plantar Zamioculca, a planta que traz paz, beleza e prosperidade para sua casa"}]},{"@type":"WebSite","@id":"https:\/\/www.correiobraziliense.com.br\/cbradar\/#website","url":"https:\/\/www.correiobraziliense.com.br\/cbradar\/","name":"Correio Braziliense - Radar","description":"Acompanhe as \u00faltimas not\u00edcias e fique bem informado sobre tudo o que acontece no Brasil e no mundo.","potentialAction":[{"@type":"SearchAction","target":{"@type":"EntryPoint","urlTemplate":"https:\/\/www.correiobraziliense.com.br\/cbradar\/?s={search_term_string}"},"query-input":{"@type":"PropertyValueSpecification","valueRequired":true,"valueName":"search_term_string"}}],"inLanguage":"pt-BR"},{"@type":"Person","@id":"https:\/\/www.correiobraziliense.com.br\/cbradar\/#\/schema\/person\/7356666e12ec0ee53f348ee5db227032","name":"Daniely Cardoso","image":{"@type":"ImageObject","inLanguage":"pt-BR","@id":"https:\/\/www.correiobraziliense.com.br\/cbradar\/#\/schema\/person\/image\/","url":"https:\/\/secure.gravatar.com\/avatar\/4b80ddbd124d1f071b626d52d62e5dff?s=96&d=mm&r=g","contentUrl":"https:\/\/secure.gravatar.com\/avatar\/4b80ddbd124d1f071b626d52d62e5dff?s=96&d=mm&r=g","caption":"Daniely Cardoso"},"description":"Redatora nos portais CB Radar e EM Foco, formada pela Universidade Federal de Goi\u00e1s, em Goi\u00e2nia. Apaixonada por comunica\u00e7\u00e3o, arte, decora\u00e7\u00e3o e tend\u00eancias, atuo na produ\u00e7\u00e3o de conte\u00fados envolventes sobre curiosidades, moda, beleza e paisagismo, sempre com um olhar atento \u00e0s novidades do momento.","sameAs":["https:\/\/www.correiobraziliense.com.br\/cbradar"],"url":"https:\/\/www.correiobraziliense.com.br\/cbradar\/author\/danielymyth\/"}]}},"_links":{"self":[{"href":"https:\/\/www.correiobraziliense.com.br\/cbradar\/wp-json\/wp\/v2\/posts\/23301","targetHints":{"allow":["GET"]}}],"collection":[{"href":"https:\/\/www.correiobraziliense.com.br\/cbradar\/wp-json\/wp\/v2\/posts"}],"about":[{"href":"https:\/\/www.correiobraziliense.com.br\/cbradar\/wp-json\/wp\/v2\/types\/post"}],"author":[{"embeddable":true,"href":"https:\/\/www.correiobraziliense.com.br\/cbradar\/wp-json\/wp\/v2\/users\/9"}],"replies":[{"embeddable":true,"href":"https:\/\/www.correiobraziliense.com.br\/cbradar\/wp-json\/wp\/v2\/comments?post=23301"}],"version-history":[{"count":4,"href":"https:\/\/www.correiobraziliense.com.br\/cbradar\/wp-json\/wp\/v2\/posts\/23301\/revisions"}],"predecessor-version":[{"id":23572,"href":"https:\/\/www.correiobraziliense.com.br\/cbradar\/wp-json\/wp\/v2\/posts\/23301\/revisions\/23572"}],"wp:featuredmedia":[{"embeddable":true,"href":"https:\/\/www.correiobraziliense.com.br\/cbradar\/wp-json\/wp\/v2\/media\/23303"}],"wp:attachment":[{"href":"https:\/\/www.correiobraziliense.com.br\/cbradar\/wp-json\/wp\/v2\/media?parent=23301"}],"wp:term":[{"taxonomy":"category","embeddable":true,"href":"https:\/\/www.correiobraziliense.com.br\/cbradar\/wp-json\/wp\/v2\/categories?post=23301"},{"taxonomy":"post_tag","embeddable":true,"href":"https:\/\/www.correiobraziliense.com.br\/cbradar\/wp-json\/wp\/v2\/post_tag?post=23301"}],"curies":[{"name":"wp","href":"https:\/\/api.w.org\/{rel}","templated":true}]}}