{"id":233011,"date":"2026-04-28T15:15:00","date_gmt":"2026-04-28T18:15:00","guid":{"rendered":"https:\/\/www.correiobraziliense.com.br\/cbradar\/?p=233011"},"modified":"2026-04-27T13:18:37","modified_gmt":"2026-04-27T16:18:37","slug":"a-forma-feminina-de-um-cargo-que-muita-gente-estranha-mas-esta-correta-segundo-a-norma-culta","status":"publish","type":"post","link":"https:\/\/www.correiobraziliense.com.br\/cbradar\/a-forma-feminina-de-um-cargo-que-muita-gente-estranha-mas-esta-correta-segundo-a-norma-culta\/","title":{"rendered":"A forma feminina de um cargo que muita gente estranha, mas est\u00e1 correta segundo a norma culta"},"content":{"rendered":"\n<p>Muitas pessoas sentem uma inseguran\u00e7a natural ao utilizar determinadas flex\u00f5es de g\u00eanero para cargos p\u00fablicos ou privados de grande relev\u00e2ncia social. A d\u00favida sobre a legitimidade de certos termos femininos gera debates intensos em ambientes corporativos e acad\u00eamicos brasileiros. Compreender as normas estabelecidas pelos \u00f3rg\u00e3os oficiais garante que a comunica\u00e7\u00e3o seja transmitida com total seguran\u00e7a e clareza.<\/p>\n\n\n\n<h2 class=\"wp-block-heading\">Por que existe resist\u00eancia ao uso do termo presidenta?<\/h2>\n\n\n\n<p>A resist\u00eancia ao uso dessa forma espec\u00edfica costuma ter ra\u00edzes em h\u00e1bitos lingu\u00edsticos antigos que priorizavam o uso do masculino como neutro. Muitas pessoas acreditam equivocadamente que palavras terminadas em ente n\u00e3o permitem flex\u00e3o para o g\u00eanero feminino na norma culta. No entanto, o idioma possui mecanismos naturais que autorizam essas mudan\u00e7as conforme a necessidade social.<\/p>\n\n\n\n<p>O estranhamento ocorre principalmente pela falta de costume com a sonoridade do termo em contextos formais de poder e lideran\u00e7a. Quando uma palavra nova ou pouco utilizada come\u00e7a a circular com maior frequ\u00eancia, o c\u00e9rebro humano tende a oferecer uma resist\u00eancia inicial natural. Superar esse bloqueio cultural \u00e9 fundamental para uma linguagem mais inclusiva e gramaticalmente correta.<\/p>\n\n\n\n<figure class=\"wp-block-image size-full\"><img decoding=\"async\" width=\"1280\" height=\"720\" src=\"https:\/\/www.correiobraziliense.com.br\/cbradar\/wp-content\/uploads\/2026\/04\/Gemini_Generated_Image_goh606goh606goh6-1-1.png\" alt=\"A forma feminina de um cargo que muita gente estranha, mas est\u00e1 correta segundo a norma culta\" class=\"wp-image-233035\" srcset=\"https:\/\/www.correiobraziliense.com.br\/cbradar\/wp-content\/uploads\/2026\/04\/Gemini_Generated_Image_goh606goh606goh6-1-1.png 1280w, https:\/\/www.correiobraziliense.com.br\/cbradar\/wp-content\/uploads\/2026\/04\/Gemini_Generated_Image_goh606goh606goh6-1-1-300x169.png 300w, https:\/\/www.correiobraziliense.com.br\/cbradar\/wp-content\/uploads\/2026\/04\/Gemini_Generated_Image_goh606goh606goh6-1-1-768x432.png 768w, https:\/\/www.correiobraziliense.com.br\/cbradar\/wp-content\/uploads\/2026\/04\/Gemini_Generated_Image_goh606goh606goh6-1-1-750x422.png 750w, https:\/\/www.correiobraziliense.com.br\/cbradar\/wp-content\/uploads\/2026\/04\/Gemini_Generated_Image_goh606goh606goh6-1-1-1140x641.png 1140w\" sizes=\"(max-width: 1280px) 100vw, 1280px\" \/><figcaption class=\"wp-element-caption\">Usar presidenta ou presidente corretamente depende das regras de flex\u00e3o e do contexto formal<\/figcaption><\/figure>\n\n\n\n<h2 class=\"wp-block-heading\">O que a gram\u00e1tica diz sobre a flex\u00e3o de cargos?<\/h2>\n\n\n\n<p>A regra geral da l\u00edngua permite a cria\u00e7\u00e3o de formas femininas para substantivos que designam fun\u00e7\u00f5es, profiss\u00f5es ou t\u00edtulos honor\u00edficos. Palavras que terminam em e podem ser flexionadas para a em casos espec\u00edficos previstos pelos gram\u00e1ticos mais renomados do pa\u00eds. Essa flexibilidade garante que a realidade social seja refletida com precis\u00e3o dentro das normas escritas vigentes.<\/p>\n\n\n\n<p>Negar a exist\u00eancia dessas formas femininas \u00e9 ignorar a riqueza e a capacidade de adapta\u00e7\u00e3o que o portugu\u00eas demonstra h\u00e1 s\u00e9culos. A norma culta n\u00e3o \u00e9 est\u00e1tica e acompanha as transforma\u00e7\u00f5es na maneira como os indiv\u00edduos se relacionam e ocupam espa\u00e7os p\u00fablicos. Utilizar a flex\u00e3o correta demonstra um conhecimento profundo das possibilidades infinitas que o idioma oferece.<\/p>\n\n\n\n<h2 class=\"wp-block-heading\">Quais s\u00e3o os cargos que permitem essa varia\u00e7\u00e3o?<\/h2>\n\n\n\n<p>Diversas fun\u00e7\u00f5es que anteriormente eram ocupadas majoritariamente por homens agora possuem registros oficiais que autorizam o uso de desin\u00eancias femininas claras. Essa pr\u00e1tica evita ambiguidades e confere um reconhecimento direto \u00e0 presen\u00e7a de mulheres em postos de comando ou de gest\u00e3o estrat\u00e9gica. Conhecer essas varia\u00e7\u00f5es ajuda a evitar deslizes comuns em documentos oficiais de empresa.<\/p>\n\n\n\n<p>Exemplos de cargos com flex\u00e3o de g\u00eanero reconhecida:<\/p>\n\n\n\n<ul class=\"wp-block-list\">\n<li>Presidenta<\/li>\n\n\n\n<li>Gerenta<\/li>\n\n\n\n<li>Parenta<\/li>\n\n\n\n<li>Governanta<\/li>\n\n\n\n<li>Mestra<\/li>\n\n\n\n<li>Infanta<\/li>\n<\/ul>\n\n\n\n<h2 class=\"wp-block-heading\">Como o uso correto influencia a comunica\u00e7\u00e3o profissional?<\/h2>\n\n\n\n<p>Adotar a terminologia correta em e-mails e relat\u00f3rios corporativos sinaliza um alto n\u00edvel de instru\u00e7\u00e3o e aten\u00e7\u00e3o aos detalhes gramaticais. O profissional que domina as nuances da l\u00edngua consegue se expressar de forma mais precisa e respeitosa com seus interlocutores em qualquer situa\u00e7\u00e3o. A precis\u00e3o vocabular \u00e9 um diferencial competitivo valioso para quem busca crescer na carreira.<\/p>\n\n\n\n<p>A clareza na designa\u00e7\u00e3o de fun\u00e7\u00f5es elimina poss\u00edveis confus\u00f5es sobre a identidade de quem exerce determinado papel dentro de uma organiza\u00e7\u00e3o complexa. Quando as regras s\u00e3o seguidas, a mensagem flui com maior naturalidade e o foco permanece no conte\u00fado discutido, n\u00e3o na forma. Investir no aprendizado constante das normas ortogr\u00e1ficas \u00e9 essencial para uma atua\u00e7\u00e3o segura e brilhante.<\/p>\n\n\n\n<figure class=\"wp-block-image size-full\"><img decoding=\"async\" width=\"1280\" height=\"720\" src=\"https:\/\/www.correiobraziliense.com.br\/cbradar\/wp-content\/uploads\/2026\/04\/Gemini_Generated_Image_73epks73epks73ep-1-1.png\" alt=\"A forma feminina de um cargo que muita gente estranha, mas est\u00e1 correta segundo a norma culta\" class=\"wp-image-233037\" srcset=\"https:\/\/www.correiobraziliense.com.br\/cbradar\/wp-content\/uploads\/2026\/04\/Gemini_Generated_Image_73epks73epks73ep-1-1.png 1280w, https:\/\/www.correiobraziliense.com.br\/cbradar\/wp-content\/uploads\/2026\/04\/Gemini_Generated_Image_73epks73epks73ep-1-1-300x169.png 300w, https:\/\/www.correiobraziliense.com.br\/cbradar\/wp-content\/uploads\/2026\/04\/Gemini_Generated_Image_73epks73epks73ep-1-1-768x432.png 768w, https:\/\/www.correiobraziliense.com.br\/cbradar\/wp-content\/uploads\/2026\/04\/Gemini_Generated_Image_73epks73epks73ep-1-1-750x422.png 750w, https:\/\/www.correiobraziliense.com.br\/cbradar\/wp-content\/uploads\/2026\/04\/Gemini_Generated_Image_73epks73epks73ep-1-1-1140x641.png 1140w\" sizes=\"(max-width: 1280px) 100vw, 1280px\" \/><figcaption class=\"wp-element-caption\">Usar presidenta ou presidente corretamente depende das regras de flex\u00e3o e do contexto formal<\/figcaption><\/figure>\n\n\n\n<p>Leia tamb\u00e9m: <a href=\"https:\/\/www.correiobraziliense.com.br\/cbradar\/perca-ou-perda-o-detalhe-gramatical-que-muda-completamente-o-sentido-da-frase\/\" target=\"_blank\" rel=\"noreferrer noopener\">\u201cPerca\u201d ou \u201cPerda\u201d? O detalhe gramatical que muda completamente o sentido da frase<\/a><\/p>\n\n\n\n<h2 class=\"wp-block-heading\">Onde encontrar a confirma\u00e7\u00e3o oficial dessas palavras?<\/h2>\n\n\n\n<p>Consultar fontes oficiais \u00e9 o caminho mais seguro para sanar incertezas e garantir que a produ\u00e7\u00e3o textual siga os padr\u00f5es exigidos atualmente. Ter acesso a informa\u00e7\u00f5es verificadas por institui\u00e7\u00f5es de ensino e \u00f3rg\u00e3os de preserva\u00e7\u00e3o do idioma ajuda a construir uma base s\u00f3lida de conhecimento lingu\u00edstico. A seguran\u00e7a na escrita nasce da busca constante por refer\u00eancias consagradas.<\/p>\n\n\n\n<p>O <strong>Vocabul\u00e1rio Ortogr\u00e1fico da L\u00edngua Portuguesa<\/strong> oferece o respaldo necess\u00e1rio para validar qualquer d\u00favida ortogr\u00e1fica persistente sobre cargos ou profiss\u00f5es variadas. A <strong>Academia Brasileira de Letras<\/strong> disponibiliza ferramentas que auxiliam na busca pela excel\u00eancia lingu\u00edstica e promovem o uso consciente das regras em todo o territ\u00f3rio nacional. Manter-se atualizado garante que o texto respeite a <a target=\"_blank\" rel=\"noreferrer noopener\" href=\"https:\/\/www.academia.org.br\/nossa-lingua\/busca-no-vocabulario\">grafia padr\u00e3o<\/a> do idioma.<\/p>\n","protected":false},"excerpt":{"rendered":"<p>Muitas pessoas sentem uma inseguran\u00e7a natural ao utilizar determinadas flex\u00f5es de g\u00eanero para cargos p\u00fablicos ou privados de grande relev\u00e2ncia social. A d\u00favida sobre a legitimidade de certos termos femininos gera debates intensos em ambientes corporativos e acad\u00eamicos brasileiros. Compreender as normas estabelecidas pelos \u00f3rg\u00e3os oficiais garante que a comunica\u00e7\u00e3o seja transmitida com total seguran\u00e7a [&hellip;]<\/p>\n","protected":false},"author":21,"featured_media":233031,"comment_status":"open","ping_status":"open","sticky":false,"template":"","format":"standard","meta":{"_yoast_wpseo_focuskw":"presidenta ou presidente","_yoast_wpseo_title":"","_yoast_wpseo_metadesc":"O uso de termos femininos para cargos ainda gera d\u00favidas e entender as regras garante uma comunica\u00e7\u00e3o mais clara e alinhada \u00e0 norma culta","jnews-multi-image_gallery":[],"jnews_single_post":{"format":"standard"},"jnews_primary_category":[],"jnews_social_meta":[],"jnews_override_counter":[],"footnotes":""},"categories":[112],"post_tag":[],"class_list":["post-233011","post","type-post","status-publish","format-standard","has-post-thumbnail","hentry","category-curiosidades"],"yoast_head":"<!-- This site is optimized with the Yoast SEO plugin v24.6 - https:\/\/yoast.com\/wordpress\/plugins\/seo\/ -->\n<title>A forma feminina de um cargo que muita gente estranha, mas est\u00e1 correta segundo a norma culta - Correio Braziliense - Radar<\/title>\n<meta name=\"description\" content=\"O uso de termos femininos para cargos ainda gera d\u00favidas e entender as regras garante uma comunica\u00e7\u00e3o mais clara e alinhada \u00e0 norma culta\" \/>\n<meta name=\"robots\" content=\"index, follow, max-snippet:-1, max-image-preview:large, max-video-preview:-1\" \/>\n<link rel=\"canonical\" href=\"https:\/\/www.correiobraziliense.com.br\/cbradar\/a-forma-feminina-de-um-cargo-que-muita-gente-estranha-mas-esta-correta-segundo-a-norma-culta\/\" \/>\n<meta property=\"og:locale\" content=\"pt_BR\" \/>\n<meta property=\"og:type\" content=\"article\" \/>\n<meta property=\"og:title\" content=\"A forma feminina de um cargo que muita gente estranha, mas est\u00e1 correta segundo a norma culta - Correio Braziliense - Radar\" \/>\n<meta property=\"og:description\" content=\"O uso de termos femininos para cargos ainda gera d\u00favidas e entender as regras garante uma comunica\u00e7\u00e3o mais clara e alinhada \u00e0 norma culta\" \/>\n<meta property=\"og:url\" content=\"https:\/\/www.correiobraziliense.com.br\/cbradar\/a-forma-feminina-de-um-cargo-que-muita-gente-estranha-mas-esta-correta-segundo-a-norma-culta\/\" \/>\n<meta property=\"og:site_name\" content=\"Correio Braziliense - Radar\" \/>\n<meta property=\"article:published_time\" content=\"2026-04-28T18:15:00+00:00\" \/>\n<meta property=\"og:image\" content=\"https:\/\/www.correiobraziliense.com.br\/cbradar\/wp-content\/uploads\/2026\/04\/Gemini_Generated_Image_7fkn9d7fkn9d7fkn-2-1.png\" \/>\n\t<meta property=\"og:image:width\" content=\"1280\" \/>\n\t<meta property=\"og:image:height\" content=\"720\" \/>\n\t<meta property=\"og:image:type\" content=\"image\/png\" \/>\n<meta name=\"author\" content=\"Patrick Silva\" \/>\n<meta name=\"twitter:card\" content=\"summary_large_image\" \/>\n<meta name=\"twitter:label1\" content=\"Escrito por\" \/>\n\t<meta name=\"twitter:data1\" content=\"Patrick Silva\" \/>\n\t<meta name=\"twitter:label2\" content=\"Est. tempo de leitura\" \/>\n\t<meta name=\"twitter:data2\" content=\"5 minutos\" \/>\n<!-- \/ Yoast SEO plugin. -->","yoast_head_json":{"title":"A forma feminina de um cargo que muita gente estranha, mas est\u00e1 correta segundo a norma culta - Correio Braziliense - Radar","description":"O uso de termos femininos para cargos ainda gera d\u00favidas e entender as regras garante uma comunica\u00e7\u00e3o mais clara e alinhada \u00e0 norma culta","robots":{"index":"index","follow":"follow","max-snippet":"max-snippet:-1","max-image-preview":"max-image-preview:large","max-video-preview":"max-video-preview:-1"},"canonical":"https:\/\/www.correiobraziliense.com.br\/cbradar\/a-forma-feminina-de-um-cargo-que-muita-gente-estranha-mas-esta-correta-segundo-a-norma-culta\/","og_locale":"pt_BR","og_type":"article","og_title":"A forma feminina de um cargo que muita gente estranha, mas est\u00e1 correta segundo a norma culta - Correio Braziliense - Radar","og_description":"O uso de termos femininos para cargos ainda gera d\u00favidas e entender as regras garante uma comunica\u00e7\u00e3o mais clara e alinhada \u00e0 norma culta","og_url":"https:\/\/www.correiobraziliense.com.br\/cbradar\/a-forma-feminina-de-um-cargo-que-muita-gente-estranha-mas-esta-correta-segundo-a-norma-culta\/","og_site_name":"Correio Braziliense - Radar","article_published_time":"2026-04-28T18:15:00+00:00","og_image":[{"width":1280,"height":720,"url":"https:\/\/www.correiobraziliense.com.br\/cbradar\/wp-content\/uploads\/2026\/04\/Gemini_Generated_Image_7fkn9d7fkn9d7fkn-2-1.png","type":"image\/png"}],"author":"Patrick Silva","twitter_card":"summary_large_image","twitter_misc":{"Escrito por":"Patrick Silva","Est. tempo de leitura":"5 minutos"},"schema":{"@context":"https:\/\/schema.org","@graph":[{"@type":"WebPage","@id":"https:\/\/www.correiobraziliense.com.br\/cbradar\/a-forma-feminina-de-um-cargo-que-muita-gente-estranha-mas-esta-correta-segundo-a-norma-culta\/","url":"https:\/\/www.correiobraziliense.com.br\/cbradar\/a-forma-feminina-de-um-cargo-que-muita-gente-estranha-mas-esta-correta-segundo-a-norma-culta\/","name":"A forma feminina de um cargo que muita gente estranha, mas est\u00e1 correta segundo a norma culta - Correio Braziliense - Radar","isPartOf":{"@id":"https:\/\/www.correiobraziliense.com.br\/cbradar\/#website"},"primaryImageOfPage":{"@id":"https:\/\/www.correiobraziliense.com.br\/cbradar\/a-forma-feminina-de-um-cargo-que-muita-gente-estranha-mas-esta-correta-segundo-a-norma-culta\/#primaryimage"},"image":{"@id":"https:\/\/www.correiobraziliense.com.br\/cbradar\/a-forma-feminina-de-um-cargo-que-muita-gente-estranha-mas-esta-correta-segundo-a-norma-culta\/#primaryimage"},"thumbnailUrl":"https:\/\/www.correiobraziliense.com.br\/cbradar\/wp-content\/uploads\/2026\/04\/Gemini_Generated_Image_7fkn9d7fkn9d7fkn-2-1.png","datePublished":"2026-04-28T18:15:00+00:00","author":{"@id":"https:\/\/www.correiobraziliense.com.br\/cbradar\/#\/schema\/person\/5440b72be9c7eb74f446c846479dc4da"},"description":"O uso de termos femininos para cargos ainda gera d\u00favidas e entender as regras garante uma comunica\u00e7\u00e3o mais clara e alinhada \u00e0 norma culta","breadcrumb":{"@id":"https:\/\/www.correiobraziliense.com.br\/cbradar\/a-forma-feminina-de-um-cargo-que-muita-gente-estranha-mas-esta-correta-segundo-a-norma-culta\/#breadcrumb"},"inLanguage":"pt-BR","potentialAction":[{"@type":"ReadAction","target":["https:\/\/www.correiobraziliense.com.br\/cbradar\/a-forma-feminina-de-um-cargo-que-muita-gente-estranha-mas-esta-correta-segundo-a-norma-culta\/"]}]},{"@type":"ImageObject","inLanguage":"pt-BR","@id":"https:\/\/www.correiobraziliense.com.br\/cbradar\/a-forma-feminina-de-um-cargo-que-muita-gente-estranha-mas-esta-correta-segundo-a-norma-culta\/#primaryimage","url":"https:\/\/www.correiobraziliense.com.br\/cbradar\/wp-content\/uploads\/2026\/04\/Gemini_Generated_Image_7fkn9d7fkn9d7fkn-2-1.png","contentUrl":"https:\/\/www.correiobraziliense.com.br\/cbradar\/wp-content\/uploads\/2026\/04\/Gemini_Generated_Image_7fkn9d7fkn9d7fkn-2-1.png","width":1280,"height":720,"caption":"Usar presidenta ou presidente corretamente depende das regras de flex\u00e3o e do contexto formal"},{"@type":"BreadcrumbList","@id":"https:\/\/www.correiobraziliense.com.br\/cbradar\/a-forma-feminina-de-um-cargo-que-muita-gente-estranha-mas-esta-correta-segundo-a-norma-culta\/#breadcrumb","itemListElement":[{"@type":"ListItem","position":1,"name":"In\u00edcio","item":"https:\/\/www.correiobraziliense.com.br\/cbradar\/"},{"@type":"ListItem","position":2,"name":"A forma feminina de um cargo que muita gente estranha, mas est\u00e1 correta segundo a norma culta"}]},{"@type":"WebSite","@id":"https:\/\/www.correiobraziliense.com.br\/cbradar\/#website","url":"https:\/\/www.correiobraziliense.com.br\/cbradar\/","name":"Correio Braziliense - Radar","description":"Acompanhe as \u00faltimas not\u00edcias e fique bem informado sobre tudo o que acontece no Brasil e no mundo.","potentialAction":[{"@type":"SearchAction","target":{"@type":"EntryPoint","urlTemplate":"https:\/\/www.correiobraziliense.com.br\/cbradar\/?s={search_term_string}"},"query-input":{"@type":"PropertyValueSpecification","valueRequired":true,"valueName":"search_term_string"}}],"inLanguage":"pt-BR"},{"@type":"Person","@id":"https:\/\/www.correiobraziliense.com.br\/cbradar\/#\/schema\/person\/5440b72be9c7eb74f446c846479dc4da","name":"Patrick Silva","image":{"@type":"ImageObject","inLanguage":"pt-BR","@id":"https:\/\/www.correiobraziliense.com.br\/cbradar\/#\/schema\/person\/image\/","url":"https:\/\/secure.gravatar.com\/avatar\/944109df296fc087785c9715fd5f80b2?s=96&d=mm&r=g","contentUrl":"https:\/\/secure.gravatar.com\/avatar\/944109df296fc087785c9715fd5f80b2?s=96&d=mm&r=g","caption":"Patrick Silva"},"sameAs":["https:\/\/www.correiobraziliense.com.br\/cbradar\/"],"url":"https:\/\/www.correiobraziliense.com.br\/cbradar\/author\/patrick-silva\/"}]}},"_links":{"self":[{"href":"https:\/\/www.correiobraziliense.com.br\/cbradar\/wp-json\/wp\/v2\/posts\/233011","targetHints":{"allow":["GET"]}}],"collection":[{"href":"https:\/\/www.correiobraziliense.com.br\/cbradar\/wp-json\/wp\/v2\/posts"}],"about":[{"href":"https:\/\/www.correiobraziliense.com.br\/cbradar\/wp-json\/wp\/v2\/types\/post"}],"author":[{"embeddable":true,"href":"https:\/\/www.correiobraziliense.com.br\/cbradar\/wp-json\/wp\/v2\/users\/21"}],"replies":[{"embeddable":true,"href":"https:\/\/www.correiobraziliense.com.br\/cbradar\/wp-json\/wp\/v2\/comments?post=233011"}],"version-history":[{"count":1,"href":"https:\/\/www.correiobraziliense.com.br\/cbradar\/wp-json\/wp\/v2\/posts\/233011\/revisions"}],"predecessor-version":[{"id":233039,"href":"https:\/\/www.correiobraziliense.com.br\/cbradar\/wp-json\/wp\/v2\/posts\/233011\/revisions\/233039"}],"wp:featuredmedia":[{"embeddable":true,"href":"https:\/\/www.correiobraziliense.com.br\/cbradar\/wp-json\/wp\/v2\/media\/233031"}],"wp:attachment":[{"href":"https:\/\/www.correiobraziliense.com.br\/cbradar\/wp-json\/wp\/v2\/media?parent=233011"}],"wp:term":[{"taxonomy":"category","embeddable":true,"href":"https:\/\/www.correiobraziliense.com.br\/cbradar\/wp-json\/wp\/v2\/categories?post=233011"},{"taxonomy":"post_tag","embeddable":true,"href":"https:\/\/www.correiobraziliense.com.br\/cbradar\/wp-json\/wp\/v2\/post_tag?post=233011"}],"curies":[{"name":"wp","href":"https:\/\/api.w.org\/{rel}","templated":true}]}}