{"id":233018,"date":"2026-04-27T11:31:34","date_gmt":"2026-04-27T14:31:34","guid":{"rendered":"https:\/\/www.correiobraziliense.com.br\/cbradar\/?p=233018"},"modified":"2026-04-27T11:59:10","modified_gmt":"2026-04-27T14:59:10","slug":"as-pessoas-mais-pacientes-costumam-nascer-nesses-3-meses-segundo-estudos","status":"publish","type":"post","link":"https:\/\/www.correiobraziliense.com.br\/cbradar\/as-pessoas-mais-pacientes-costumam-nascer-nesses-3-meses-segundo-estudos\/","title":{"rendered":"As pessoas mais pacientes costumam nascer nesses 3 meses, segundo estudos"},"content":{"rendered":"\n<p>A influ\u00eancia do m\u00eas de nascimento no temperamento humano \u00e9 um tema que desperta curiosidade em cientistas e psic\u00f3logos ao redor do mundo. Pesquisas recentes sugerem que o ambiente sazonal durante a gesta\u00e7\u00e3o pode moldar tra\u00e7os de personalidade, como a paci\u00eancia. Vamos entender como a ci\u00eancia explica essa rela\u00e7\u00e3o entre as esta\u00e7\u00f5es.<\/p>\n\n\n\n<h2 class=\"wp-block-heading\">Como o clima influencia o comportamento?<\/h2>\n\n\n\n<p>Estudos desenvolvidos por especialistas em biologia comportamental indicam que beb\u00eas nascidos durante o <strong>ver\u00e3o <\/strong>apresentam menores \u00edndices de irritabilidade cr\u00f4nica na vida adulta. O contato prolongado com a luz solar durante o desenvolvimento fetal influencia a regula\u00e7\u00e3o de neurotransmissores como a dopamina e a serotonina. Essa modula\u00e7\u00e3o qu\u00edmica precoce prepara o c\u00e9rebro para lidar melhor com situa\u00e7\u00f5es estressantes.<\/p>\n\n\n\n<p>O clima ameno e a disponibilidade de nutrientes espec\u00edficos na dieta materna durante os meses quentes tamb\u00e9m desempenham um papel vital nessa forma\u00e7\u00e3o psicol\u00f3gica. Cientistas observaram que a <strong>estabilidade emocional<\/strong> \u00e9 mais frequente em indiv\u00edduos que iniciaram suas vidas sob condi\u00e7\u00f5es clim\u00e1ticas favor\u00e1veis. Portanto, o ambiente externo atua como um escultor silencioso das rea\u00e7\u00f5es que teremos no futuro.<\/p>\n\n\n\n<figure class=\"wp-block-image size-full\"><img decoding=\"async\" width=\"1280\" height=\"720\" src=\"https:\/\/www.correiobraziliense.com.br\/cbradar\/wp-content\/uploads\/2026\/04\/Gemini_Generated_Image_jxm5iojxm5iojxm5-1-1.png\" alt=\"As pessoas mais pacientes costumam nascer nesses 3 meses, segundo estudos\" class=\"wp-image-233029\" srcset=\"https:\/\/www.correiobraziliense.com.br\/cbradar\/wp-content\/uploads\/2026\/04\/Gemini_Generated_Image_jxm5iojxm5iojxm5-1-1.png 1280w, https:\/\/www.correiobraziliense.com.br\/cbradar\/wp-content\/uploads\/2026\/04\/Gemini_Generated_Image_jxm5iojxm5iojxm5-1-1-300x169.png 300w, https:\/\/www.correiobraziliense.com.br\/cbradar\/wp-content\/uploads\/2026\/04\/Gemini_Generated_Image_jxm5iojxm5iojxm5-1-1-768x432.png 768w, https:\/\/www.correiobraziliense.com.br\/cbradar\/wp-content\/uploads\/2026\/04\/Gemini_Generated_Image_jxm5iojxm5iojxm5-1-1-750x422.png 750w, https:\/\/www.correiobraziliense.com.br\/cbradar\/wp-content\/uploads\/2026\/04\/Gemini_Generated_Image_jxm5iojxm5iojxm5-1-1-1140x641.png 1140w\" sizes=\"(max-width: 1280px) 100vw, 1280px\" \/><figcaption class=\"wp-element-caption\">A rela\u00e7\u00e3o entre m\u00eas de nascimento e tra\u00e7os de personalidade segundo estudos<\/figcaption><\/figure>\n\n\n\n<h2 class=\"wp-block-heading\">Quais meses concentram os maiores n\u00edveis de calma?<\/h2>\n\n\n\n<p>A paci\u00eancia \u00e9 uma virtude que parece florescer com mais intensidade em pessoas que nasceram entre os meses de <strong>junho <\/strong>e <strong>agosto<\/strong>. Nesses per\u00edodos, a exposi\u00e7\u00e3o \u00e0 vitamina D \u00e9 naturalmente maior, o que auxilia no desenvolvimento de um sistema nervoso mais resiliente e equilibrado. Esse tra\u00e7o de personalidade permite uma abordagem muito mais ponderada diante dos conflitos interpessoais.<\/p>\n\n\n\n<p>Indiv\u00edduos nascidos nessas datas costumam apresentar uma capacidade superior de aguardar por resultados em longo prazo sem demonstrar sinais de ansiedade severa. Essa caracter\u00edstica biol\u00f3gica oferece uma vantagem competitiva significativa tanto no ambiente acad\u00eamico quanto na trajet\u00f3ria profissional de alto desempenho. A ci\u00eancia comprova que a \u00e9poca do nascimento interfere diretamente na maneira como processamos a <strong>espera consciente<\/strong>.<\/p>\n\n\n\n<p>Leia tamb\u00e9m: <a href=\"https:\/\/www.correiobraziliense.com.br\/cbradar\/as-pessoas-mais-felizes-costumam-nascer-nesses-3-meses-segundo-estudos\/\" target=\"_blank\" rel=\"noreferrer noopener\">As pessoas mais felizes costumam nascer nesses 3 meses, segundo estudos<\/a><\/p>\n\n\n\n<h2 class=\"wp-block-heading\">Que outros benef\u00edcios nascer nessas datas proporciona?<\/h2>\n\n\n\n<p>Al\u00e9m da paci\u00eancia, outros tra\u00e7os positivos de comportamento s\u00e3o frequentemente associados aos meses de nascimento espec\u00edficos, conforme apontam as estat\u00edsticas globais de sa\u00fade mental. Cada esta\u00e7\u00e3o do ano imp\u00f5e desafios biol\u00f3gicos distintos que moldam a nossa percep\u00e7\u00e3o de mundo e a nossa resili\u00eancia emocional. <\/p>\n\n\n\n<p>Veja a seguir os principais benef\u00edcios observados em pessoas que possuem essa heran\u00e7a sazonal:<\/p>\n\n\n\n<ul class=\"wp-block-list\">\n<li>Menor propens\u00e3o a oscila\u00e7\u00f5es bruscas de humor;<\/li>\n\n\n\n<li>Facilidade para lidar com mudan\u00e7as imprevistas;<\/li>\n\n\n\n<li>Aumento da capacidade de foco em tarefas;<\/li>\n\n\n\n<li>Melhora na qualidade das rela\u00e7\u00f5es sociais;<\/li>\n\n\n\n<li>Tend\u00eancia a manter a calma sob press\u00e3o.<\/li>\n<\/ul>\n\n\n\n<h2 class=\"wp-block-heading\">Qual a explica\u00e7\u00e3o biol\u00f3gica para essa virtude?<\/h2>\n\n\n\n<p>Outro fator determinante \u00e9 o impacto dos ritmos circadianos na regula\u00e7\u00e3o do humor ao longo de toda a jornada de vida do ser humano. Beb\u00eas expostos a dias mais longos tendem a desenvolver um rel\u00f3gio biol\u00f3gico mais est\u00e1vel, o que facilita a manuten\u00e7\u00e3o da calma em momentos cr\u00edticos. Essa harmonia interna reflete-se em uma postura muito mais diplom\u00e1tica e paciente.<\/p>\n\n\n\n<p>A epigen\u00e9tica esclarece que os sinais ambientais recebidos durante o \u00fatero podem ativar ou silenciar genes relacionados \u00e0 impulsividade e ao controle emocional. Assim, a paci\u00eancia n\u00e3o \u00e9 apenas uma escolha consciente, mas tamb\u00e9m um reflexo de como o nosso organismo foi programado. Compreender essa base fisiol\u00f3gica ajuda a valorizar as diferen\u00e7as individuais de cada temperamento humano e suas rea\u00e7\u00f5es.<\/p>\n\n\n\n<figure class=\"wp-block-image size-full\"><img decoding=\"async\" width=\"1280\" height=\"720\" src=\"https:\/\/www.correiobraziliense.com.br\/cbradar\/wp-content\/uploads\/2026\/04\/Gemini_Generated_Image_m2qp0xm2qp0xm2qp-1-1.png\" alt=\"As pessoas mais pacientes costumam nascer nesses 3 meses, segundo estudos\" class=\"wp-image-233032\" srcset=\"https:\/\/www.correiobraziliense.com.br\/cbradar\/wp-content\/uploads\/2026\/04\/Gemini_Generated_Image_m2qp0xm2qp0xm2qp-1-1.png 1280w, https:\/\/www.correiobraziliense.com.br\/cbradar\/wp-content\/uploads\/2026\/04\/Gemini_Generated_Image_m2qp0xm2qp0xm2qp-1-1-300x169.png 300w, https:\/\/www.correiobraziliense.com.br\/cbradar\/wp-content\/uploads\/2026\/04\/Gemini_Generated_Image_m2qp0xm2qp0xm2qp-1-1-768x432.png 768w, https:\/\/www.correiobraziliense.com.br\/cbradar\/wp-content\/uploads\/2026\/04\/Gemini_Generated_Image_m2qp0xm2qp0xm2qp-1-1-750x422.png 750w, https:\/\/www.correiobraziliense.com.br\/cbradar\/wp-content\/uploads\/2026\/04\/Gemini_Generated_Image_m2qp0xm2qp0xm2qp-1-1-1140x641.png 1140w\" sizes=\"(max-width: 1280px) 100vw, 1280px\" \/><figcaption class=\"wp-element-caption\">A rela\u00e7\u00e3o entre m\u00eas de nascimento e tra\u00e7os de personalidade segundo estudos<\/figcaption><\/figure>\n\n\n\n<h2 class=\"wp-block-heading\">Como a ci\u00eancia comprova essa conex\u00e3o sazonal?<\/h2>\n\n\n\n<p>\u00c9 importante ressaltar que o m\u00eas de nascimento \u00e9 apenas um dos muitos fatores que influenciam a constru\u00e7\u00e3o da personalidade complexa de cada indiv\u00edduo. Embora a biologia ofere\u00e7a uma base importante, a educa\u00e7\u00e3o e as experi\u00eancias vividas ao longo dos anos s\u00e3o fundamentais para o amadurecimento. Cultivar a paci\u00eancia \u00e9 um exerc\u00edcio di\u00e1rio que exige autoconhecimento constante e esfor\u00e7o.<\/p>\n\n\n\n<p>Pesquisadores apresentaram dados reveladores sobre o temperamento humano durante o congresso anual de especialistas em neuroci\u00eancia cl\u00ednica. Para verificar os detalhes estat\u00edsticos sobre a correla\u00e7\u00e3o entre a esta\u00e7\u00e3o do nascimento e a sa\u00fade mental, acesse o comunicado oficial da <strong><a href=\"https:\/\/www.eurekalert.org\/news-releases\/769984\" target=\"_blank\" rel=\"noreferrer noopener\">European College of Neuropsychopharmacology<\/a><\/strong>. Estudar essas vari\u00e1veis permite uma compreens\u00e3o muito mais profunda sobre quem somos e como reagimos ao ambiente social.<\/p>\n","protected":false},"excerpt":{"rendered":"<p>A influ\u00eancia do m\u00eas de nascimento no temperamento humano \u00e9 um tema que desperta curiosidade em cientistas e psic\u00f3logos ao redor do mundo. Pesquisas recentes sugerem que o ambiente sazonal durante a gesta\u00e7\u00e3o pode moldar tra\u00e7os de personalidade, como a paci\u00eancia. Vamos entender como a ci\u00eancia explica essa rela\u00e7\u00e3o entre as esta\u00e7\u00f5es. Como o clima [&hellip;]<\/p>\n","protected":false},"author":21,"featured_media":233023,"comment_status":"open","ping_status":"open","sticky":false,"template":"","format":"standard","meta":{"_yoast_wpseo_focuskw":"m\u00eas de nascimento influencia personalidade","_yoast_wpseo_title":"","_yoast_wpseo_metadesc":"A \u00e9poca do nascimento pode afetar o temperamento ao longo da vida. Pesquisas revelam padr\u00f5es inesperados ligados ao ambiente inicial.","jnews-multi-image_gallery":[],"jnews_single_post":{"format":"standard"},"jnews_primary_category":[],"jnews_social_meta":[],"jnews_override_counter":[],"footnotes":""},"categories":[112],"post_tag":[3287,10910,3632,18240],"class_list":["post-233018","post","type-post","status-publish","format-standard","has-post-thumbnail","hentry","category-curiosidades","tag-estudos","tag-mes-de-nascimento","tag-paciencia","tag-pessoas-pacientes"],"yoast_head":"<!-- This site is optimized with the Yoast SEO plugin v24.6 - https:\/\/yoast.com\/wordpress\/plugins\/seo\/ -->\n<title>As pessoas mais pacientes costumam nascer nesses 3 meses, segundo estudos - Correio Braziliense - Radar<\/title>\n<meta name=\"description\" content=\"A \u00e9poca do nascimento pode afetar o temperamento ao longo da vida. Pesquisas revelam padr\u00f5es inesperados ligados ao ambiente inicial.\" \/>\n<meta name=\"robots\" content=\"index, follow, max-snippet:-1, max-image-preview:large, max-video-preview:-1\" \/>\n<link rel=\"canonical\" href=\"https:\/\/www.correiobraziliense.com.br\/cbradar\/as-pessoas-mais-pacientes-costumam-nascer-nesses-3-meses-segundo-estudos\/\" \/>\n<meta property=\"og:locale\" content=\"pt_BR\" \/>\n<meta property=\"og:type\" content=\"article\" \/>\n<meta property=\"og:title\" content=\"As pessoas mais pacientes costumam nascer nesses 3 meses, segundo estudos - Correio Braziliense - Radar\" \/>\n<meta property=\"og:description\" content=\"A \u00e9poca do nascimento pode afetar o temperamento ao longo da vida. Pesquisas revelam padr\u00f5es inesperados ligados ao ambiente inicial.\" \/>\n<meta property=\"og:url\" content=\"https:\/\/www.correiobraziliense.com.br\/cbradar\/as-pessoas-mais-pacientes-costumam-nascer-nesses-3-meses-segundo-estudos\/\" \/>\n<meta property=\"og:site_name\" content=\"Correio Braziliense - Radar\" \/>\n<meta property=\"article:published_time\" content=\"2026-04-27T14:31:34+00:00\" \/>\n<meta property=\"article:modified_time\" content=\"2026-04-27T14:59:10+00:00\" \/>\n<meta property=\"og:image\" content=\"https:\/\/www.correiobraziliense.com.br\/cbradar\/wp-content\/uploads\/2026\/04\/Gemini_Generated_Image_mb9bcxmb9bcxmb9b-1-1-1.png\" \/>\n\t<meta property=\"og:image:width\" content=\"1280\" \/>\n\t<meta property=\"og:image:height\" content=\"720\" \/>\n\t<meta property=\"og:image:type\" content=\"image\/png\" \/>\n<meta name=\"author\" content=\"Patrick Silva\" \/>\n<meta name=\"twitter:card\" content=\"summary_large_image\" \/>\n<meta name=\"twitter:label1\" content=\"Escrito por\" \/>\n\t<meta name=\"twitter:data1\" content=\"Patrick Silva\" \/>\n\t<meta name=\"twitter:label2\" content=\"Est. tempo de leitura\" \/>\n\t<meta name=\"twitter:data2\" content=\"1 minuto\" \/>\n<!-- \/ Yoast SEO plugin. -->","yoast_head_json":{"title":"As pessoas mais pacientes costumam nascer nesses 3 meses, segundo estudos - Correio Braziliense - Radar","description":"A \u00e9poca do nascimento pode afetar o temperamento ao longo da vida. Pesquisas revelam padr\u00f5es inesperados ligados ao ambiente inicial.","robots":{"index":"index","follow":"follow","max-snippet":"max-snippet:-1","max-image-preview":"max-image-preview:large","max-video-preview":"max-video-preview:-1"},"canonical":"https:\/\/www.correiobraziliense.com.br\/cbradar\/as-pessoas-mais-pacientes-costumam-nascer-nesses-3-meses-segundo-estudos\/","og_locale":"pt_BR","og_type":"article","og_title":"As pessoas mais pacientes costumam nascer nesses 3 meses, segundo estudos - Correio Braziliense - Radar","og_description":"A \u00e9poca do nascimento pode afetar o temperamento ao longo da vida. Pesquisas revelam padr\u00f5es inesperados ligados ao ambiente inicial.","og_url":"https:\/\/www.correiobraziliense.com.br\/cbradar\/as-pessoas-mais-pacientes-costumam-nascer-nesses-3-meses-segundo-estudos\/","og_site_name":"Correio Braziliense - Radar","article_published_time":"2026-04-27T14:31:34+00:00","article_modified_time":"2026-04-27T14:59:10+00:00","og_image":[{"width":1280,"height":720,"url":"https:\/\/www.correiobraziliense.com.br\/cbradar\/wp-content\/uploads\/2026\/04\/Gemini_Generated_Image_mb9bcxmb9bcxmb9b-1-1-1.png","type":"image\/png"}],"author":"Patrick Silva","twitter_card":"summary_large_image","twitter_misc":{"Escrito por":"Patrick Silva","Est. tempo de leitura":"1 minuto"},"schema":{"@context":"https:\/\/schema.org","@graph":[{"@type":"WebPage","@id":"https:\/\/www.correiobraziliense.com.br\/cbradar\/as-pessoas-mais-pacientes-costumam-nascer-nesses-3-meses-segundo-estudos\/","url":"https:\/\/www.correiobraziliense.com.br\/cbradar\/as-pessoas-mais-pacientes-costumam-nascer-nesses-3-meses-segundo-estudos\/","name":"As pessoas mais pacientes costumam nascer nesses 3 meses, segundo estudos - Correio Braziliense - Radar","isPartOf":{"@id":"https:\/\/www.correiobraziliense.com.br\/cbradar\/#website"},"primaryImageOfPage":{"@id":"https:\/\/www.correiobraziliense.com.br\/cbradar\/as-pessoas-mais-pacientes-costumam-nascer-nesses-3-meses-segundo-estudos\/#primaryimage"},"image":{"@id":"https:\/\/www.correiobraziliense.com.br\/cbradar\/as-pessoas-mais-pacientes-costumam-nascer-nesses-3-meses-segundo-estudos\/#primaryimage"},"thumbnailUrl":"https:\/\/www.correiobraziliense.com.br\/cbradar\/wp-content\/uploads\/2026\/04\/Gemini_Generated_Image_mb9bcxmb9bcxmb9b-1-1-1.png","datePublished":"2026-04-27T14:31:34+00:00","dateModified":"2026-04-27T14:59:10+00:00","author":{"@id":"https:\/\/www.correiobraziliense.com.br\/cbradar\/#\/schema\/person\/5440b72be9c7eb74f446c846479dc4da"},"description":"A \u00e9poca do nascimento pode afetar o temperamento ao longo da vida. Pesquisas revelam padr\u00f5es inesperados ligados ao ambiente inicial.","breadcrumb":{"@id":"https:\/\/www.correiobraziliense.com.br\/cbradar\/as-pessoas-mais-pacientes-costumam-nascer-nesses-3-meses-segundo-estudos\/#breadcrumb"},"inLanguage":"pt-BR","potentialAction":[{"@type":"ReadAction","target":["https:\/\/www.correiobraziliense.com.br\/cbradar\/as-pessoas-mais-pacientes-costumam-nascer-nesses-3-meses-segundo-estudos\/"]}]},{"@type":"ImageObject","inLanguage":"pt-BR","@id":"https:\/\/www.correiobraziliense.com.br\/cbradar\/as-pessoas-mais-pacientes-costumam-nascer-nesses-3-meses-segundo-estudos\/#primaryimage","url":"https:\/\/www.correiobraziliense.com.br\/cbradar\/wp-content\/uploads\/2026\/04\/Gemini_Generated_Image_mb9bcxmb9bcxmb9b-1-1-1.png","contentUrl":"https:\/\/www.correiobraziliense.com.br\/cbradar\/wp-content\/uploads\/2026\/04\/Gemini_Generated_Image_mb9bcxmb9bcxmb9b-1-1-1.png","width":1280,"height":720,"caption":"A rela\u00e7\u00e3o entre m\u00eas de nascimento e tra\u00e7os de personalidade segundo estudos"},{"@type":"BreadcrumbList","@id":"https:\/\/www.correiobraziliense.com.br\/cbradar\/as-pessoas-mais-pacientes-costumam-nascer-nesses-3-meses-segundo-estudos\/#breadcrumb","itemListElement":[{"@type":"ListItem","position":1,"name":"In\u00edcio","item":"https:\/\/www.correiobraziliense.com.br\/cbradar\/"},{"@type":"ListItem","position":2,"name":"As pessoas mais pacientes costumam nascer nesses 3 meses, segundo estudos"}]},{"@type":"WebSite","@id":"https:\/\/www.correiobraziliense.com.br\/cbradar\/#website","url":"https:\/\/www.correiobraziliense.com.br\/cbradar\/","name":"Correio Braziliense - Radar","description":"Acompanhe as \u00faltimas not\u00edcias e fique bem informado sobre tudo o que acontece no Brasil e no mundo.","potentialAction":[{"@type":"SearchAction","target":{"@type":"EntryPoint","urlTemplate":"https:\/\/www.correiobraziliense.com.br\/cbradar\/?s={search_term_string}"},"query-input":{"@type":"PropertyValueSpecification","valueRequired":true,"valueName":"search_term_string"}}],"inLanguage":"pt-BR"},{"@type":"Person","@id":"https:\/\/www.correiobraziliense.com.br\/cbradar\/#\/schema\/person\/5440b72be9c7eb74f446c846479dc4da","name":"Patrick Silva","image":{"@type":"ImageObject","inLanguage":"pt-BR","@id":"https:\/\/www.correiobraziliense.com.br\/cbradar\/#\/schema\/person\/image\/","url":"https:\/\/secure.gravatar.com\/avatar\/944109df296fc087785c9715fd5f80b2?s=96&d=mm&r=g","contentUrl":"https:\/\/secure.gravatar.com\/avatar\/944109df296fc087785c9715fd5f80b2?s=96&d=mm&r=g","caption":"Patrick Silva"},"sameAs":["https:\/\/www.correiobraziliense.com.br\/cbradar\/"],"url":"https:\/\/www.correiobraziliense.com.br\/cbradar\/author\/patrick-silva\/"}]}},"_links":{"self":[{"href":"https:\/\/www.correiobraziliense.com.br\/cbradar\/wp-json\/wp\/v2\/posts\/233018","targetHints":{"allow":["GET"]}}],"collection":[{"href":"https:\/\/www.correiobraziliense.com.br\/cbradar\/wp-json\/wp\/v2\/posts"}],"about":[{"href":"https:\/\/www.correiobraziliense.com.br\/cbradar\/wp-json\/wp\/v2\/types\/post"}],"author":[{"embeddable":true,"href":"https:\/\/www.correiobraziliense.com.br\/cbradar\/wp-json\/wp\/v2\/users\/21"}],"replies":[{"embeddable":true,"href":"https:\/\/www.correiobraziliense.com.br\/cbradar\/wp-json\/wp\/v2\/comments?post=233018"}],"version-history":[{"count":6,"href":"https:\/\/www.correiobraziliense.com.br\/cbradar\/wp-json\/wp\/v2\/posts\/233018\/revisions"}],"predecessor-version":[{"id":233034,"href":"https:\/\/www.correiobraziliense.com.br\/cbradar\/wp-json\/wp\/v2\/posts\/233018\/revisions\/233034"}],"wp:featuredmedia":[{"embeddable":true,"href":"https:\/\/www.correiobraziliense.com.br\/cbradar\/wp-json\/wp\/v2\/media\/233023"}],"wp:attachment":[{"href":"https:\/\/www.correiobraziliense.com.br\/cbradar\/wp-json\/wp\/v2\/media?parent=233018"}],"wp:term":[{"taxonomy":"category","embeddable":true,"href":"https:\/\/www.correiobraziliense.com.br\/cbradar\/wp-json\/wp\/v2\/categories?post=233018"},{"taxonomy":"post_tag","embeddable":true,"href":"https:\/\/www.correiobraziliense.com.br\/cbradar\/wp-json\/wp\/v2\/post_tag?post=233018"}],"curies":[{"name":"wp","href":"https:\/\/api.w.org\/{rel}","templated":true}]}}