{"id":233026,"date":"2026-04-28T18:15:00","date_gmt":"2026-04-28T21:15:00","guid":{"rendered":"https:\/\/www.correiobraziliense.com.br\/cbradar\/?p=233026"},"modified":"2026-04-27T13:18:46","modified_gmt":"2026-04-27T16:18:46","slug":"a-expressao-que-muita-gente-corrige-sem-pensar-mas-pode-estar-certa-segundo-a-gramatica-do-portugues","status":"publish","type":"post","link":"https:\/\/www.correiobraziliense.com.br\/cbradar\/a-expressao-que-muita-gente-corrige-sem-pensar-mas-pode-estar-certa-segundo-a-gramatica-do-portugues\/","title":{"rendered":"A express\u00e3o que muita gente corrige sem pensar, mas pode estar certa segundo a gram\u00e1tica do portugu\u00eas"},"content":{"rendered":"\n<p>Muitas pessoas costumam corrigir amigos e colegas quando ouvem certas express\u00f5es que parecem gramaticalmente incorretas \u00e0 primeira vista no cotidiano. No entanto, algumas dessas constru\u00e7\u00f5es s\u00e3o perfeitamente aceit\u00e1veis dentro das normas mais flex\u00edveis e modernas da nossa l\u00edngua materna oficial. Entender essas nuances ajuda a evitar julgamentos precipitados e promove uma comunica\u00e7\u00e3o muito mais emp\u00e1tica e eficiente para todos n\u00f3s.<\/p>\n\n\n\n<h2 class=\"wp-block-heading\">Por que existe confus\u00e3o sobre o uso dessa express\u00e3o?<\/h2>\n\n\n\n<p>A d\u00favida entre utilizar uma ou outra forma para expressar obrigatoriedade \u00e9 muito comum entre estudantes e profissionais que buscam a perfei\u00e7\u00e3o escrita. Frequentemente, as pessoas acreditam que apenas uma dessas vers\u00f5es pertence \u00e0 norma culta, enquanto a outra seria um erro popular grosseiro. Essa percep\u00e7\u00e3o equivocada gera corre\u00e7\u00f5es desnecess\u00e1rias em textos formais e conversas di\u00e1rias com muita frequ\u00eancia constante.<\/p>\n\n\n\n<p>A l\u00edngua \u00e9 um organismo vivo que permite varia\u00e7\u00f5es sem perder a sua ess\u00eancia estrutural b\u00e1sica necess\u00e1ria para o entendimento m\u00fatuo. Identificar quando uma constru\u00e7\u00e3o \u00e9 leg\u00edtima exige consulta aos registros oficiais que regulam o idioma em todo o territ\u00f3rio nacional. Manter a mente aberta para essas possibilidades lingu\u00edsticas enriquece o vocabul\u00e1rio e demonstra um conhecimento superior de maneira plena.<\/p>\n\n\n\n<figure class=\"wp-block-image size-full\"><img decoding=\"async\" width=\"1280\" height=\"720\" src=\"https:\/\/www.correiobraziliense.com.br\/cbradar\/wp-content\/uploads\/2026\/04\/Gemini_Generated_Image_55cmgd55cmgd55cm-1-1.png\" alt=\"A express\u00e3o que muita gente corrige sem pensar, mas pode estar certa segundo a gram\u00e1tica do portugu\u00eas\" class=\"wp-image-233041\" srcset=\"https:\/\/www.correiobraziliense.com.br\/cbradar\/wp-content\/uploads\/2026\/04\/Gemini_Generated_Image_55cmgd55cmgd55cm-1-1.png 1280w, https:\/\/www.correiobraziliense.com.br\/cbradar\/wp-content\/uploads\/2026\/04\/Gemini_Generated_Image_55cmgd55cmgd55cm-1-1-300x169.png 300w, https:\/\/www.correiobraziliense.com.br\/cbradar\/wp-content\/uploads\/2026\/04\/Gemini_Generated_Image_55cmgd55cmgd55cm-1-1-768x432.png 768w, https:\/\/www.correiobraziliense.com.br\/cbradar\/wp-content\/uploads\/2026\/04\/Gemini_Generated_Image_55cmgd55cmgd55cm-1-1-750x422.png 750w, https:\/\/www.correiobraziliense.com.br\/cbradar\/wp-content\/uploads\/2026\/04\/Gemini_Generated_Image_55cmgd55cmgd55cm-1-1-1140x641.png 1140w\" sizes=\"(max-width: 1280px) 100vw, 1280px\" \/><figcaption class=\"wp-element-caption\">Tenho que e tenho de s\u00e3o formas corretas e podem ser usadas para indicar obriga\u00e7\u00e3o<\/figcaption><\/figure>\n\n\n\n<h2 class=\"wp-block-heading\">Qual \u00e9 a regra gramatical para expressar necessidade?<\/h2>\n\n\n\n<p>Para indicar que algo precisa ser feito, o falante pode recorrer a diferentes conectivos que ligam o verbo auxiliar ao verbo principal. Ambas as preposi\u00e7\u00f5es e conjun\u00e7\u00f5es cumprem o papel de estabelecer esse v\u00ednculo de dever ou compromisso imediato dentro de uma frase bem estruturada. A escolha entre elas muitas vezes depende apenas do estilo pessoal do autor de fato.<\/p>\n\n\n\n<p>Historicamente, existia uma prefer\u00eancia acad\u00eamica por uma das formas, o que acabou gerando o mito de que a outra seria errada. No entanto, os principais dicion\u00e1rios e gram\u00e1ticos contempor\u00e2neos reconhecem que as duas constru\u00e7\u00f5es s\u00e3o equivalentes e corretas para o uso formal ou informal. Dominar essa flexibilidade permite escrever com mais seguran\u00e7a em qualquer contexto profissional importante para o sucesso.<\/p>\n\n\n\n<h2 class=\"wp-block-heading\">Como utilizar as varia\u00e7\u00f5es corretamente em frases?<\/h2>\n\n\n\n<p>A aplica\u00e7\u00e3o pr\u00e1tica desses termos no dia a dia demonstra que a clareza da mensagem permanece inalterada independentemente da op\u00e7\u00e3o escolhida pelo falante. \u00c9 fundamental perceber que a sonoridade de cada constru\u00e7\u00e3o pode se adaptar melhor a diferentes ritmos de fala ou escrita pretendidos pelo autor. Variar o uso dessas express\u00f5es demonstra dom\u00ednio pleno sobre a l\u00edngua portuguesa com certeza.<\/p>\n\n\n\n<p>Exemplos de aplica\u00e7\u00f5es leg\u00edtimas para expressar obriga\u00e7\u00f5es pessoais:<\/p>\n\n\n\n<ul class=\"wp-block-list\">\n<li>Tenho que estudar para o exame.<\/li>\n\n\n\n<li>Tenho de finalizar este relat\u00f3rio.<\/li>\n\n\n\n<li>Temos que decidir o destino.<\/li>\n\n\n\n<li>Temos de comprar os mantimentos.<\/li>\n<\/ul>\n\n\n\n<h2 class=\"wp-block-heading\">De que maneira a leitura auxilia na percep\u00e7\u00e3o gramatical?<\/h2>\n\n\n\n<p>O contato frequente com textos bem escritos por autores renomados educa o olhar e ajuda a naturalizar constru\u00e7\u00f5es que antes pareciam estranhas. Ao observar como grandes escritores utilizam a l\u00edngua, o leitor percebe que a formalidade n\u00e3o \u00e9 sin\u00f4nimo de rigidez excessiva ou falta de criatividade. A leitura expande os horizontes lingu\u00edsticos e fortalece a autoconfian\u00e7a escrita de maneira cont\u00ednua.<\/p>\n\n\n\n<p>Praticar a escrita e revisar os pr\u00f3prios textos com base em refer\u00eancias s\u00f3lidas \u00e9 o caminho mais seguro para a evolu\u00e7\u00e3o comunicativa. Quando entendemos que a l\u00edngua oferece caminhos diversos para expressar a mesma ideia, tornamo-nos falantes muito mais vers\u00e1teis e preparados para qualquer situa\u00e7\u00e3o. A dedica\u00e7\u00e3o aos estudos lingu\u00edsticos \u00e9 um investimento valioso para a vida intelectual de fato.<\/p>\n\n\n\n<figure class=\"wp-block-image size-full\"><img decoding=\"async\" width=\"1280\" height=\"720\" src=\"https:\/\/www.correiobraziliense.com.br\/cbradar\/wp-content\/uploads\/2026\/04\/Gemini_Generated_Image_x95xlqx95xlqx95x-1-1.png\" alt=\"A express\u00e3o que muita gente corrige sem pensar, mas pode estar certa segundo a gram\u00e1tica do portugu\u00eas\" class=\"wp-image-233045\" srcset=\"https:\/\/www.correiobraziliense.com.br\/cbradar\/wp-content\/uploads\/2026\/04\/Gemini_Generated_Image_x95xlqx95xlqx95x-1-1.png 1280w, https:\/\/www.correiobraziliense.com.br\/cbradar\/wp-content\/uploads\/2026\/04\/Gemini_Generated_Image_x95xlqx95xlqx95x-1-1-300x169.png 300w, https:\/\/www.correiobraziliense.com.br\/cbradar\/wp-content\/uploads\/2026\/04\/Gemini_Generated_Image_x95xlqx95xlqx95x-1-1-768x432.png 768w, https:\/\/www.correiobraziliense.com.br\/cbradar\/wp-content\/uploads\/2026\/04\/Gemini_Generated_Image_x95xlqx95xlqx95x-1-1-750x422.png 750w, https:\/\/www.correiobraziliense.com.br\/cbradar\/wp-content\/uploads\/2026\/04\/Gemini_Generated_Image_x95xlqx95xlqx95x-1-1-1140x641.png 1140w\" sizes=\"(max-width: 1280px) 100vw, 1280px\" \/><figcaption class=\"wp-element-caption\">Tenho que e tenho de s\u00e3o formas corretas e podem ser usadas para indicar obriga\u00e7\u00e3o<\/figcaption><\/figure>\n\n\n\n<p>Leia tamb\u00e9m: <a href=\"https:\/\/www.correiobraziliense.com.br\/cbradar\/perca-ou-perda-o-detalhe-gramatical-que-muda-completamente-o-sentido-da-frase\/\" target=\"_blank\" rel=\"noreferrer noopener\">\u201cPerca\u201d ou \u201cPerda\u201d? O detalhe gramatical que muda completamente o sentido da frase<\/a><\/p>\n\n\n\n<h2 class=\"wp-block-heading\">Onde conferir as normas oficiais da l\u00edngua portuguesa?<\/h2>\n\n\n\n<p>Buscar informa\u00e7\u00f5es em portais acad\u00eamicos e governamentais garante que o conhecimento adquirido seja fundamentado em regras vigentes e amplamente reconhecidas pelos especialistas. Essas ferramentas digitais facilitam a consulta r\u00e1pida e evitam a propaga\u00e7\u00e3o de mitos gramaticais que apenas confundem quem deseja escrever corretamente. A informa\u00e7\u00e3o de qualidade \u00e9 a base para uma comunica\u00e7\u00e3o segura e eficiente de forma plena demais.<\/p>\n\n\n\n<p>O <strong>Vocabul\u00e1rio Ortogr\u00e1fico da L\u00edngua Portuguesa<\/strong> \u00e9 a refer\u00eancia m\u00e1xima para validar a grafia e o uso de termos no cotidiano profissional. Consultar os recursos disponibilizados pela <strong>Academia Brasileira de Letras<\/strong> permite que o autor mantenha a precis\u00e3o necess\u00e1ria para um <a target=\"_blank\" rel=\"noreferrer noopener\" href=\"https:\/\/www.academia.org.br\/nossa-lingua\/busca-no-vocabulario\">uso consciente do idioma<\/a>. Respeitar as normas oficiais valoriza a nossa cultura e fortalece a identidade nacional no <strong>Brasil<\/strong>.<\/p>\n","protected":false},"excerpt":{"rendered":"<p>Muitas pessoas costumam corrigir amigos e colegas quando ouvem certas express\u00f5es que parecem gramaticalmente incorretas \u00e0 primeira vista no cotidiano. No entanto, algumas dessas constru\u00e7\u00f5es s\u00e3o perfeitamente aceit\u00e1veis dentro das normas mais flex\u00edveis e modernas da nossa l\u00edngua materna oficial. Entender essas nuances ajuda a evitar julgamentos precipitados e promove uma comunica\u00e7\u00e3o muito mais emp\u00e1tica [&hellip;]<\/p>\n","protected":false},"author":21,"featured_media":233038,"comment_status":"open","ping_status":"open","sticky":false,"template":"","format":"standard","meta":{"_yoast_wpseo_focuskw":"tenho que ou tenho de","_yoast_wpseo_title":"","_yoast_wpseo_metadesc":"Express\u00f5es comuns podem gerar d\u00favidas mas algumas varia\u00e7\u00f5es s\u00e3o aceitas e entender isso evita corre\u00e7\u00f5es desnecess\u00e1rias no dia a dia","jnews-multi-image_gallery":[],"jnews_single_post":{"format":"standard"},"jnews_primary_category":[],"jnews_social_meta":[],"jnews_override_counter":[],"footnotes":""},"categories":[112],"post_tag":[],"class_list":["post-233026","post","type-post","status-publish","format-standard","has-post-thumbnail","hentry","category-curiosidades"],"yoast_head":"<!-- This site is optimized with the Yoast SEO plugin v24.6 - https:\/\/yoast.com\/wordpress\/plugins\/seo\/ -->\n<title>A express\u00e3o que muita gente corrige sem pensar, mas pode estar certa segundo a gram\u00e1tica do portugu\u00eas - Correio Braziliense - Radar<\/title>\n<meta name=\"description\" content=\"Express\u00f5es comuns podem gerar d\u00favidas mas algumas varia\u00e7\u00f5es s\u00e3o aceitas e entender isso evita corre\u00e7\u00f5es desnecess\u00e1rias no dia a dia\" \/>\n<meta name=\"robots\" content=\"index, follow, max-snippet:-1, max-image-preview:large, max-video-preview:-1\" \/>\n<link rel=\"canonical\" href=\"https:\/\/www.correiobraziliense.com.br\/cbradar\/a-expressao-que-muita-gente-corrige-sem-pensar-mas-pode-estar-certa-segundo-a-gramatica-do-portugues\/\" \/>\n<meta property=\"og:locale\" content=\"pt_BR\" \/>\n<meta property=\"og:type\" content=\"article\" \/>\n<meta property=\"og:title\" content=\"A express\u00e3o que muita gente corrige sem pensar, mas pode estar certa segundo a gram\u00e1tica do portugu\u00eas - Correio Braziliense - Radar\" \/>\n<meta property=\"og:description\" content=\"Express\u00f5es comuns podem gerar d\u00favidas mas algumas varia\u00e7\u00f5es s\u00e3o aceitas e entender isso evita corre\u00e7\u00f5es desnecess\u00e1rias no dia a dia\" \/>\n<meta property=\"og:url\" content=\"https:\/\/www.correiobraziliense.com.br\/cbradar\/a-expressao-que-muita-gente-corrige-sem-pensar-mas-pode-estar-certa-segundo-a-gramatica-do-portugues\/\" \/>\n<meta property=\"og:site_name\" content=\"Correio Braziliense - Radar\" \/>\n<meta property=\"article:published_time\" content=\"2026-04-28T21:15:00+00:00\" \/>\n<meta property=\"og:image\" content=\"https:\/\/www.correiobraziliense.com.br\/cbradar\/wp-content\/uploads\/2026\/04\/Gemini_Generated_Image_3obfyy3obfyy3obf-1-1.png\" \/>\n\t<meta property=\"og:image:width\" content=\"1280\" \/>\n\t<meta property=\"og:image:height\" content=\"720\" \/>\n\t<meta property=\"og:image:type\" content=\"image\/png\" \/>\n<meta name=\"author\" content=\"Patrick Silva\" \/>\n<meta name=\"twitter:card\" content=\"summary_large_image\" \/>\n<meta name=\"twitter:label1\" content=\"Escrito por\" \/>\n\t<meta name=\"twitter:data1\" content=\"Patrick Silva\" \/>\n\t<meta name=\"twitter:label2\" content=\"Est. tempo de leitura\" \/>\n\t<meta name=\"twitter:data2\" content=\"5 minutos\" \/>\n<!-- \/ Yoast SEO plugin. -->","yoast_head_json":{"title":"A express\u00e3o que muita gente corrige sem pensar, mas pode estar certa segundo a gram\u00e1tica do portugu\u00eas - Correio Braziliense - Radar","description":"Express\u00f5es comuns podem gerar d\u00favidas mas algumas varia\u00e7\u00f5es s\u00e3o aceitas e entender isso evita corre\u00e7\u00f5es desnecess\u00e1rias no dia a dia","robots":{"index":"index","follow":"follow","max-snippet":"max-snippet:-1","max-image-preview":"max-image-preview:large","max-video-preview":"max-video-preview:-1"},"canonical":"https:\/\/www.correiobraziliense.com.br\/cbradar\/a-expressao-que-muita-gente-corrige-sem-pensar-mas-pode-estar-certa-segundo-a-gramatica-do-portugues\/","og_locale":"pt_BR","og_type":"article","og_title":"A express\u00e3o que muita gente corrige sem pensar, mas pode estar certa segundo a gram\u00e1tica do portugu\u00eas - Correio Braziliense - Radar","og_description":"Express\u00f5es comuns podem gerar d\u00favidas mas algumas varia\u00e7\u00f5es s\u00e3o aceitas e entender isso evita corre\u00e7\u00f5es desnecess\u00e1rias no dia a dia","og_url":"https:\/\/www.correiobraziliense.com.br\/cbradar\/a-expressao-que-muita-gente-corrige-sem-pensar-mas-pode-estar-certa-segundo-a-gramatica-do-portugues\/","og_site_name":"Correio Braziliense - Radar","article_published_time":"2026-04-28T21:15:00+00:00","og_image":[{"width":1280,"height":720,"url":"https:\/\/www.correiobraziliense.com.br\/cbradar\/wp-content\/uploads\/2026\/04\/Gemini_Generated_Image_3obfyy3obfyy3obf-1-1.png","type":"image\/png"}],"author":"Patrick Silva","twitter_card":"summary_large_image","twitter_misc":{"Escrito por":"Patrick Silva","Est. tempo de leitura":"5 minutos"},"schema":{"@context":"https:\/\/schema.org","@graph":[{"@type":"WebPage","@id":"https:\/\/www.correiobraziliense.com.br\/cbradar\/a-expressao-que-muita-gente-corrige-sem-pensar-mas-pode-estar-certa-segundo-a-gramatica-do-portugues\/","url":"https:\/\/www.correiobraziliense.com.br\/cbradar\/a-expressao-que-muita-gente-corrige-sem-pensar-mas-pode-estar-certa-segundo-a-gramatica-do-portugues\/","name":"A express\u00e3o que muita gente corrige sem pensar, mas pode estar certa segundo a gram\u00e1tica do portugu\u00eas - Correio Braziliense - Radar","isPartOf":{"@id":"https:\/\/www.correiobraziliense.com.br\/cbradar\/#website"},"primaryImageOfPage":{"@id":"https:\/\/www.correiobraziliense.com.br\/cbradar\/a-expressao-que-muita-gente-corrige-sem-pensar-mas-pode-estar-certa-segundo-a-gramatica-do-portugues\/#primaryimage"},"image":{"@id":"https:\/\/www.correiobraziliense.com.br\/cbradar\/a-expressao-que-muita-gente-corrige-sem-pensar-mas-pode-estar-certa-segundo-a-gramatica-do-portugues\/#primaryimage"},"thumbnailUrl":"https:\/\/www.correiobraziliense.com.br\/cbradar\/wp-content\/uploads\/2026\/04\/Gemini_Generated_Image_3obfyy3obfyy3obf-1-1.png","datePublished":"2026-04-28T21:15:00+00:00","author":{"@id":"https:\/\/www.correiobraziliense.com.br\/cbradar\/#\/schema\/person\/5440b72be9c7eb74f446c846479dc4da"},"description":"Express\u00f5es comuns podem gerar d\u00favidas mas algumas varia\u00e7\u00f5es s\u00e3o aceitas e entender isso evita corre\u00e7\u00f5es desnecess\u00e1rias no dia a dia","breadcrumb":{"@id":"https:\/\/www.correiobraziliense.com.br\/cbradar\/a-expressao-que-muita-gente-corrige-sem-pensar-mas-pode-estar-certa-segundo-a-gramatica-do-portugues\/#breadcrumb"},"inLanguage":"pt-BR","potentialAction":[{"@type":"ReadAction","target":["https:\/\/www.correiobraziliense.com.br\/cbradar\/a-expressao-que-muita-gente-corrige-sem-pensar-mas-pode-estar-certa-segundo-a-gramatica-do-portugues\/"]}]},{"@type":"ImageObject","inLanguage":"pt-BR","@id":"https:\/\/www.correiobraziliense.com.br\/cbradar\/a-expressao-que-muita-gente-corrige-sem-pensar-mas-pode-estar-certa-segundo-a-gramatica-do-portugues\/#primaryimage","url":"https:\/\/www.correiobraziliense.com.br\/cbradar\/wp-content\/uploads\/2026\/04\/Gemini_Generated_Image_3obfyy3obfyy3obf-1-1.png","contentUrl":"https:\/\/www.correiobraziliense.com.br\/cbradar\/wp-content\/uploads\/2026\/04\/Gemini_Generated_Image_3obfyy3obfyy3obf-1-1.png","width":1280,"height":720,"caption":"Tenho que e tenho de s\u00e3o formas corretas e podem ser usadas para indicar obriga\u00e7\u00e3o"},{"@type":"BreadcrumbList","@id":"https:\/\/www.correiobraziliense.com.br\/cbradar\/a-expressao-que-muita-gente-corrige-sem-pensar-mas-pode-estar-certa-segundo-a-gramatica-do-portugues\/#breadcrumb","itemListElement":[{"@type":"ListItem","position":1,"name":"In\u00edcio","item":"https:\/\/www.correiobraziliense.com.br\/cbradar\/"},{"@type":"ListItem","position":2,"name":"A express\u00e3o que muita gente corrige sem pensar, mas pode estar certa segundo a gram\u00e1tica do portugu\u00eas"}]},{"@type":"WebSite","@id":"https:\/\/www.correiobraziliense.com.br\/cbradar\/#website","url":"https:\/\/www.correiobraziliense.com.br\/cbradar\/","name":"Correio Braziliense - Radar","description":"Acompanhe as \u00faltimas not\u00edcias e fique bem informado sobre tudo o que acontece no Brasil e no mundo.","potentialAction":[{"@type":"SearchAction","target":{"@type":"EntryPoint","urlTemplate":"https:\/\/www.correiobraziliense.com.br\/cbradar\/?s={search_term_string}"},"query-input":{"@type":"PropertyValueSpecification","valueRequired":true,"valueName":"search_term_string"}}],"inLanguage":"pt-BR"},{"@type":"Person","@id":"https:\/\/www.correiobraziliense.com.br\/cbradar\/#\/schema\/person\/5440b72be9c7eb74f446c846479dc4da","name":"Patrick Silva","image":{"@type":"ImageObject","inLanguage":"pt-BR","@id":"https:\/\/www.correiobraziliense.com.br\/cbradar\/#\/schema\/person\/image\/","url":"https:\/\/secure.gravatar.com\/avatar\/944109df296fc087785c9715fd5f80b2?s=96&d=mm&r=g","contentUrl":"https:\/\/secure.gravatar.com\/avatar\/944109df296fc087785c9715fd5f80b2?s=96&d=mm&r=g","caption":"Patrick Silva"},"sameAs":["https:\/\/www.correiobraziliense.com.br\/cbradar\/"],"url":"https:\/\/www.correiobraziliense.com.br\/cbradar\/author\/patrick-silva\/"}]}},"_links":{"self":[{"href":"https:\/\/www.correiobraziliense.com.br\/cbradar\/wp-json\/wp\/v2\/posts\/233026","targetHints":{"allow":["GET"]}}],"collection":[{"href":"https:\/\/www.correiobraziliense.com.br\/cbradar\/wp-json\/wp\/v2\/posts"}],"about":[{"href":"https:\/\/www.correiobraziliense.com.br\/cbradar\/wp-json\/wp\/v2\/types\/post"}],"author":[{"embeddable":true,"href":"https:\/\/www.correiobraziliense.com.br\/cbradar\/wp-json\/wp\/v2\/users\/21"}],"replies":[{"embeddable":true,"href":"https:\/\/www.correiobraziliense.com.br\/cbradar\/wp-json\/wp\/v2\/comments?post=233026"}],"version-history":[{"count":1,"href":"https:\/\/www.correiobraziliense.com.br\/cbradar\/wp-json\/wp\/v2\/posts\/233026\/revisions"}],"predecessor-version":[{"id":233048,"href":"https:\/\/www.correiobraziliense.com.br\/cbradar\/wp-json\/wp\/v2\/posts\/233026\/revisions\/233048"}],"wp:featuredmedia":[{"embeddable":true,"href":"https:\/\/www.correiobraziliense.com.br\/cbradar\/wp-json\/wp\/v2\/media\/233038"}],"wp:attachment":[{"href":"https:\/\/www.correiobraziliense.com.br\/cbradar\/wp-json\/wp\/v2\/media?parent=233026"}],"wp:term":[{"taxonomy":"category","embeddable":true,"href":"https:\/\/www.correiobraziliense.com.br\/cbradar\/wp-json\/wp\/v2\/categories?post=233026"},{"taxonomy":"post_tag","embeddable":true,"href":"https:\/\/www.correiobraziliense.com.br\/cbradar\/wp-json\/wp\/v2\/post_tag?post=233026"}],"curies":[{"name":"wp","href":"https:\/\/api.w.org\/{rel}","templated":true}]}}