{"id":233036,"date":"2026-04-28T14:15:00","date_gmt":"2026-04-28T17:15:00","guid":{"rendered":"https:\/\/www.correiobraziliense.com.br\/cbradar\/?p=233036"},"modified":"2026-04-27T11:38:38","modified_gmt":"2026-04-27T14:38:38","slug":"qual-e-a-diferenca-entre-azeite-extravirgem-e-oleo-composto-que-poucos-sabem","status":"publish","type":"post","link":"https:\/\/www.correiobraziliense.com.br\/cbradar\/qual-e-a-diferenca-entre-azeite-extravirgem-e-oleo-composto-que-poucos-sabem\/","title":{"rendered":"Qual \u00e9 a diferen\u00e7a entre azeite extravirgem e \u00f3leo composto que poucos sabem"},"content":{"rendered":"\n<p>Muitas pessoas compram \u00f3leo composto acreditando que est\u00e3o consumindo um produto similar ao azeite extravirgem devido ao marketing visual das embalagens. Contudo, a diferen\u00e7a na qualidade nutricional e no processo de fabrica\u00e7\u00e3o \u00e9 abismal, impactando diretamente o sabor e a sa\u00fade. Compreender essas distin\u00e7\u00f5es \u00e9 essencial para fazer escolhas conscientes no mercado moderno e saud\u00e1vel.<\/p>\n\n\n\n<h2 class=\"wp-block-heading\">Por que o processo de extra\u00e7\u00e3o define a pureza?<\/h2>\n\n\n\n<p>O <strong>azeite extravirgem<\/strong> leg\u00edtimo \u00e9 obtido apenas por processos mec\u00e2nicos de prensagem a frio das azeitonas frescas e selecionadas. Esse m\u00e9todo preserva todos os polifen\u00f3is e antioxidantes naturais que combatem o envelhecimento celular e as inflama\u00e7\u00f5es internas. N\u00e3o existe qualquer interfer\u00eancia de solventes qu\u00edmicos ou calor excessivo, garantindo que o produto final seja <strong>suco de fruta puro<\/strong> e muito saud\u00e1vel.<\/p>\n\n\n\n<p>Em contrapartida, o \u00f3leo composto \u00e9 uma mistura industrializada que geralmente cont\u00e9m apenas uma pequena porcentagem de azeite refinado. A base desse produto \u00e9 composta por \u00f3leos vegetais mais baratos, como o de soja ou girassol, que passam por processos de refino qu\u00edmico agressivos. Essa mistura visa reduzir o pre\u00e7o final, mas sacrifica totalmente os <strong>benef\u00edcios nutricionais<\/strong> essenciais para todos.<\/p>\n\n\n\n<p>Para aprofundar a escolha de gorduras no preparo dos alimentos, este v\u00eddeo do canal <strong>\u00c9ryka <\/strong>(10 mil visualiza\u00e7\u00f5es) explica de forma clara a diferen\u00e7a entre azeite e \u00f3leo composto, ajudando voc\u00ea a fazer op\u00e7\u00f5es mais conscientes na rotina:<\/p>\n\n\n\n<figure class=\"wp-block-embed is-type-video is-provider-youtube wp-block-embed-youtube wp-embed-aspect-16-9 wp-has-aspect-ratio\"><div class=\"wp-block-embed__wrapper\">\n<div class=\"jeg_video_container jeg_video_content\"><iframe loading=\"lazy\" title=\"DIFEREN\u00c7A DO AZEITE E \u00d3LEO COMPOSTO\" width=\"500\" height=\"281\" src=\"https:\/\/www.youtube.com\/embed\/iF2REnYd1HU?feature=oembed\" frameborder=\"0\" allow=\"accelerometer; autoplay; clipboard-write; encrypted-media; gyroscope; picture-in-picture; web-share\" referrerpolicy=\"strict-origin-when-cross-origin\" allowfullscreen><\/iframe><\/div>\n<\/div><\/figure>\n\n\n\n<h2 class=\"wp-block-heading\">Qual o impacto real das gorduras saturadas?<\/h2>\n\n\n\n<p>O <strong><a href=\"https:\/\/www.correiobraziliense.com.br\/cbradar\/e-isso-que-o-azeite-de-cozinha-faz-no-seu-figado-e-saude-cardiovascular\/\" target=\"_blank\" rel=\"noreferrer noopener\">azeite <\/a><\/strong>de oliva \u00e9 rico em gorduras monoinsaturadas, consideradas aliadas poderosas do cora\u00e7\u00e3o e do controle do colesterol ruim. O consumo regular auxilia na manuten\u00e7\u00e3o da sa\u00fade das art\u00e9rias e previne doen\u00e7as cardiovasculares graves em adultos e idosos. Ter essa fonte de gordura boa na dieta \u00e9 um investimento inteligente na sua <strong>longevidade f\u00edsica e mental<\/strong> de forma plena.<\/p>\n\n\n\n<p>J\u00e1 o \u00f3leo composto costuma apresentar uma propor\u00e7\u00e3o desequilibrada de gorduras que podem favorecer processos inflamat\u00f3rios se consumidas em excesso diariamente. Muitas vezes, os \u00f3leos vegetais utilizados na mistura s\u00e3o ricos em \u00f4mega 6, que necessita de equil\u00edbrio com o \u00f4mega 3. A aus\u00eancia de nutrientes protetores torna esse produto uma escolha inferior para quem busca <strong>qualidade de vida<\/strong> plena.<\/p>\n\n\n\n<h2 class=\"wp-block-heading\">Como o r\u00f3tulo engana o seu paladar?<\/h2>\n\n\n\n<p>Identificar a fraude nas prateleiras exige que o consumidor leia atentamente a lista de ingredientes escrita em letras min\u00fasculas no verso. Frequentemente, o nome &#8220;azeite&#8221; aparece em destaque, mas a composi\u00e7\u00e3o revela a presen\u00e7a massiva de \u00f3leos de sementes refinados. <\/p>\n\n\n\n<p>Fique atento aos detalhes que diferenciam o produto premium daquele que apenas simula uma <strong>apar\u00eancia saud\u00e1vel e confi\u00e1vel<\/strong> e pura:<\/p>\n\n\n\n<ul class=\"wp-block-list\">\n<li>Aroma frutado e sabor picante caracter\u00edstico;<\/li>\n\n\n\n<li>Acidez inferior a zero v\u00edrgula oito por cento;<\/li>\n\n\n\n<li>Cor que varia do verde ao dourado;<\/li>\n\n\n\n<li>Aus\u00eancia de misturas com \u00f3leos de soja;<\/li>\n\n\n\n<li>Embalagem de vidro escuro para prote\u00e7\u00e3o solar.<\/li>\n<\/ul>\n\n\n\n<h2 class=\"wp-block-heading\">Existe perigo ao aquecer esses \u00f3leos?<\/h2>\n\n\n\n<p>O ponto de fuma\u00e7a \u00e9 a temperatura m\u00e1xima que uma gordura suporta antes de come\u00e7ar a liberar subst\u00e2ncias t\u00f3xicas e cancer\u00edgenas. O azeite extravirgem possui uma estabilidade t\u00e9rmica surpreendente, sendo seguro para refogar alimentos em fogo m\u00e9dio sem perder suas propriedades. J\u00e1 os \u00f3leos refinados presentes no composto podem degradar-se mais r\u00e1pido, gerando <strong>compostos prejudiciais ao organismo humano<\/strong> e fr\u00e1gil.<\/p>\n\n\n\n<p>Cozinhar com gorduras de baixa qualidade compromete n\u00e3o apenas o valor nutricional da refei\u00e7\u00e3o, mas tamb\u00e9m o sabor final dos pratos. O \u00f3leo composto, por ser uma mistura qu\u00edmica, tende a oxidar com facilidade quando exposto ao calor das panelas comuns. Priorizar a integridade dos alimentos atrav\u00e9s de gorduras est\u00e1veis \u00e9 uma estrat\u00e9gia vital para manter a <strong>sa\u00fade da fam\u00edlia<\/strong> em dia.<\/p>\n\n\n\n<figure class=\"wp-block-image size-full\"><img decoding=\"async\" width=\"1280\" height=\"720\" src=\"https:\/\/www.correiobraziliense.com.br\/cbradar\/wp-content\/uploads\/2026\/04\/Gemini_Generated_Image_3ddgqm3ddgqm3ddg-1-1.png\" alt=\"Qual \u00e9 a diferen\u00e7a entre azeite extravirgem e \u00f3leo composto que poucos sabem\" class=\"wp-image-233049\" srcset=\"https:\/\/www.correiobraziliense.com.br\/cbradar\/wp-content\/uploads\/2026\/04\/Gemini_Generated_Image_3ddgqm3ddgqm3ddg-1-1.png 1280w, https:\/\/www.correiobraziliense.com.br\/cbradar\/wp-content\/uploads\/2026\/04\/Gemini_Generated_Image_3ddgqm3ddgqm3ddg-1-1-300x169.png 300w, https:\/\/www.correiobraziliense.com.br\/cbradar\/wp-content\/uploads\/2026\/04\/Gemini_Generated_Image_3ddgqm3ddgqm3ddg-1-1-768x432.png 768w, https:\/\/www.correiobraziliense.com.br\/cbradar\/wp-content\/uploads\/2026\/04\/Gemini_Generated_Image_3ddgqm3ddgqm3ddg-1-1-750x422.png 750w, https:\/\/www.correiobraziliense.com.br\/cbradar\/wp-content\/uploads\/2026\/04\/Gemini_Generated_Image_3ddgqm3ddgqm3ddg-1-1-1140x641.png 1140w\" sizes=\"(max-width: 1280px) 100vw, 1280px\" \/><figcaption class=\"wp-element-caption\">Diferen\u00e7a entre azeite extravirgem e \u00f3leo composto impacta sua sa\u00fade di\u00e1ria<\/figcaption><\/figure>\n\n\n\n<h2 class=\"wp-block-heading\">Qual a norma t\u00e9cnica para rotulagem correta?<\/h2>\n\n\n\n<p>O governo estabelece regras r\u00edgidas para que as ind\u00fastrias n\u00e3o enganem o consumidor com nomes gen\u00e9ricos ou imagens de azeitonas suculentas. O termo &#8220;azeite de oliva extravirgem&#8221; \u00e9 protegido por lei e exige que o produto atenda a crit\u00e9rios sensoriais e f\u00edsico-qu\u00edmicos espec\u00edficos. Saber identificar essas normas garante que voc\u00ea pague o pre\u00e7o justo por um <strong>alimento de verdade<\/strong> hoje.<\/p>\n\n\n\n<p>A fiscaliza\u00e7\u00e3o constante realizada pelos \u00f3rg\u00e3os competentes ajuda a retirar do mercado lotes fraudados que misturam \u00f3leo de soja ilegalmente no azeite. Para entender as classifica\u00e7\u00f5es e exig\u00eancias sobre a qualidade dos produtos de origem vegetal, consulte as informa\u00e7\u00f5es no portal do <a href=\"https:\/\/www.gov.br\/agricultura\/pt-br\/assuntos\/noticias\/mapa-alerta-para-azeites-de-oliva-fraudados-e-improprios-para-consumo\" target=\"_blank\" rel=\"noreferrer noopener\">Minist\u00e9rio da Agricultura e Pecu\u00e1ria<\/a>. Manter-se informado \u00e9 a melhor defesa para garantir uma <strong>alimenta\u00e7\u00e3o pura e segura<\/strong>.<\/p>\n","protected":false},"excerpt":{"rendered":"<p>Muitas pessoas compram \u00f3leo composto acreditando que est\u00e3o consumindo um produto similar ao azeite extravirgem devido ao marketing visual das embalagens. Contudo, a diferen\u00e7a na qualidade nutricional e no processo de fabrica\u00e7\u00e3o \u00e9 abismal, impactando diretamente o sabor e a sa\u00fade. Compreender essas distin\u00e7\u00f5es \u00e9 essencial para fazer escolhas conscientes no mercado moderno e saud\u00e1vel. [&hellip;]<\/p>\n","protected":false},"author":21,"featured_media":233044,"comment_status":"open","ping_status":"open","sticky":false,"template":"","format":"standard","meta":{"_yoast_wpseo_focuskw":"diferen\u00e7a entre azeite e \u00f3leo composto","_yoast_wpseo_title":"","_yoast_wpseo_metadesc":"Embalagens podem induzir escolhas equivocadas no mercado. A composi\u00e7\u00e3o desses produtos revela diferen\u00e7as que impactam sua alimenta\u00e7\u00e3o.","jnews-multi-image_gallery":[],"jnews_single_post":{"format":"standard"},"jnews_primary_category":[],"jnews_social_meta":[],"jnews_override_counter":[],"footnotes":""},"categories":[112],"post_tag":[1107,18244,18243,1429],"class_list":["post-233036","post","type-post","status-publish","format-standard","has-post-thumbnail","hentry","category-curiosidades","tag-azeite","tag-azeite-de-olivia","tag-azeite-extravirgem","tag-oleo"],"yoast_head":"<!-- This site is optimized with the Yoast SEO plugin v24.6 - https:\/\/yoast.com\/wordpress\/plugins\/seo\/ -->\n<title>Qual \u00e9 a diferen\u00e7a entre azeite extravirgem e \u00f3leo composto que poucos sabem - Correio Braziliense - Radar<\/title>\n<meta name=\"description\" content=\"Embalagens podem induzir escolhas equivocadas no mercado. A composi\u00e7\u00e3o desses produtos revela diferen\u00e7as que impactam sua alimenta\u00e7\u00e3o.\" \/>\n<meta name=\"robots\" content=\"index, follow, max-snippet:-1, max-image-preview:large, max-video-preview:-1\" \/>\n<link rel=\"canonical\" href=\"https:\/\/www.correiobraziliense.com.br\/cbradar\/qual-e-a-diferenca-entre-azeite-extravirgem-e-oleo-composto-que-poucos-sabem\/\" \/>\n<meta property=\"og:locale\" content=\"pt_BR\" \/>\n<meta property=\"og:type\" content=\"article\" \/>\n<meta property=\"og:title\" content=\"Qual \u00e9 a diferen\u00e7a entre azeite extravirgem e \u00f3leo composto que poucos sabem - Correio Braziliense - Radar\" \/>\n<meta property=\"og:description\" content=\"Embalagens podem induzir escolhas equivocadas no mercado. A composi\u00e7\u00e3o desses produtos revela diferen\u00e7as que impactam sua alimenta\u00e7\u00e3o.\" \/>\n<meta property=\"og:url\" content=\"https:\/\/www.correiobraziliense.com.br\/cbradar\/qual-e-a-diferenca-entre-azeite-extravirgem-e-oleo-composto-que-poucos-sabem\/\" \/>\n<meta property=\"og:site_name\" content=\"Correio Braziliense - Radar\" \/>\n<meta property=\"article:published_time\" content=\"2026-04-28T17:15:00+00:00\" \/>\n<meta property=\"og:image\" content=\"https:\/\/www.correiobraziliense.com.br\/cbradar\/wp-content\/uploads\/2026\/04\/Gemini_Generated_Image_se189qse189qse18-1-1.png\" \/>\n\t<meta property=\"og:image:width\" content=\"1280\" \/>\n\t<meta property=\"og:image:height\" content=\"720\" \/>\n\t<meta property=\"og:image:type\" content=\"image\/png\" \/>\n<meta name=\"author\" content=\"Patrick Silva\" \/>\n<meta name=\"twitter:card\" content=\"summary_large_image\" \/>\n<meta name=\"twitter:label1\" content=\"Escrito por\" \/>\n\t<meta name=\"twitter:data1\" content=\"Patrick Silva\" \/>\n\t<meta name=\"twitter:label2\" content=\"Est. tempo de leitura\" \/>\n\t<meta name=\"twitter:data2\" content=\"5 minutos\" \/>\n<!-- \/ Yoast SEO plugin. -->","yoast_head_json":{"title":"Qual \u00e9 a diferen\u00e7a entre azeite extravirgem e \u00f3leo composto que poucos sabem - Correio Braziliense - Radar","description":"Embalagens podem induzir escolhas equivocadas no mercado. A composi\u00e7\u00e3o desses produtos revela diferen\u00e7as que impactam sua alimenta\u00e7\u00e3o.","robots":{"index":"index","follow":"follow","max-snippet":"max-snippet:-1","max-image-preview":"max-image-preview:large","max-video-preview":"max-video-preview:-1"},"canonical":"https:\/\/www.correiobraziliense.com.br\/cbradar\/qual-e-a-diferenca-entre-azeite-extravirgem-e-oleo-composto-que-poucos-sabem\/","og_locale":"pt_BR","og_type":"article","og_title":"Qual \u00e9 a diferen\u00e7a entre azeite extravirgem e \u00f3leo composto que poucos sabem - Correio Braziliense - Radar","og_description":"Embalagens podem induzir escolhas equivocadas no mercado. A composi\u00e7\u00e3o desses produtos revela diferen\u00e7as que impactam sua alimenta\u00e7\u00e3o.","og_url":"https:\/\/www.correiobraziliense.com.br\/cbradar\/qual-e-a-diferenca-entre-azeite-extravirgem-e-oleo-composto-que-poucos-sabem\/","og_site_name":"Correio Braziliense - Radar","article_published_time":"2026-04-28T17:15:00+00:00","og_image":[{"width":1280,"height":720,"url":"https:\/\/www.correiobraziliense.com.br\/cbradar\/wp-content\/uploads\/2026\/04\/Gemini_Generated_Image_se189qse189qse18-1-1.png","type":"image\/png"}],"author":"Patrick Silva","twitter_card":"summary_large_image","twitter_misc":{"Escrito por":"Patrick Silva","Est. tempo de leitura":"5 minutos"},"schema":{"@context":"https:\/\/schema.org","@graph":[{"@type":"WebPage","@id":"https:\/\/www.correiobraziliense.com.br\/cbradar\/qual-e-a-diferenca-entre-azeite-extravirgem-e-oleo-composto-que-poucos-sabem\/","url":"https:\/\/www.correiobraziliense.com.br\/cbradar\/qual-e-a-diferenca-entre-azeite-extravirgem-e-oleo-composto-que-poucos-sabem\/","name":"Qual \u00e9 a diferen\u00e7a entre azeite extravirgem e \u00f3leo composto que poucos sabem - Correio Braziliense - Radar","isPartOf":{"@id":"https:\/\/www.correiobraziliense.com.br\/cbradar\/#website"},"primaryImageOfPage":{"@id":"https:\/\/www.correiobraziliense.com.br\/cbradar\/qual-e-a-diferenca-entre-azeite-extravirgem-e-oleo-composto-que-poucos-sabem\/#primaryimage"},"image":{"@id":"https:\/\/www.correiobraziliense.com.br\/cbradar\/qual-e-a-diferenca-entre-azeite-extravirgem-e-oleo-composto-que-poucos-sabem\/#primaryimage"},"thumbnailUrl":"https:\/\/www.correiobraziliense.com.br\/cbradar\/wp-content\/uploads\/2026\/04\/Gemini_Generated_Image_se189qse189qse18-1-1.png","datePublished":"2026-04-28T17:15:00+00:00","author":{"@id":"https:\/\/www.correiobraziliense.com.br\/cbradar\/#\/schema\/person\/5440b72be9c7eb74f446c846479dc4da"},"description":"Embalagens podem induzir escolhas equivocadas no mercado. A composi\u00e7\u00e3o desses produtos revela diferen\u00e7as que impactam sua alimenta\u00e7\u00e3o.","breadcrumb":{"@id":"https:\/\/www.correiobraziliense.com.br\/cbradar\/qual-e-a-diferenca-entre-azeite-extravirgem-e-oleo-composto-que-poucos-sabem\/#breadcrumb"},"inLanguage":"pt-BR","potentialAction":[{"@type":"ReadAction","target":["https:\/\/www.correiobraziliense.com.br\/cbradar\/qual-e-a-diferenca-entre-azeite-extravirgem-e-oleo-composto-que-poucos-sabem\/"]}]},{"@type":"ImageObject","inLanguage":"pt-BR","@id":"https:\/\/www.correiobraziliense.com.br\/cbradar\/qual-e-a-diferenca-entre-azeite-extravirgem-e-oleo-composto-que-poucos-sabem\/#primaryimage","url":"https:\/\/www.correiobraziliense.com.br\/cbradar\/wp-content\/uploads\/2026\/04\/Gemini_Generated_Image_se189qse189qse18-1-1.png","contentUrl":"https:\/\/www.correiobraziliense.com.br\/cbradar\/wp-content\/uploads\/2026\/04\/Gemini_Generated_Image_se189qse189qse18-1-1.png","width":1280,"height":720,"caption":"Diferen\u00e7a entre azeite extravirgem e \u00f3leo composto impacta sua sa\u00fade di\u00e1ria"},{"@type":"BreadcrumbList","@id":"https:\/\/www.correiobraziliense.com.br\/cbradar\/qual-e-a-diferenca-entre-azeite-extravirgem-e-oleo-composto-que-poucos-sabem\/#breadcrumb","itemListElement":[{"@type":"ListItem","position":1,"name":"In\u00edcio","item":"https:\/\/www.correiobraziliense.com.br\/cbradar\/"},{"@type":"ListItem","position":2,"name":"Qual \u00e9 a diferen\u00e7a entre azeite extravirgem e \u00f3leo composto que poucos sabem"}]},{"@type":"WebSite","@id":"https:\/\/www.correiobraziliense.com.br\/cbradar\/#website","url":"https:\/\/www.correiobraziliense.com.br\/cbradar\/","name":"Correio Braziliense - Radar","description":"Acompanhe as \u00faltimas not\u00edcias e fique bem informado sobre tudo o que acontece no Brasil e no mundo.","potentialAction":[{"@type":"SearchAction","target":{"@type":"EntryPoint","urlTemplate":"https:\/\/www.correiobraziliense.com.br\/cbradar\/?s={search_term_string}"},"query-input":{"@type":"PropertyValueSpecification","valueRequired":true,"valueName":"search_term_string"}}],"inLanguage":"pt-BR"},{"@type":"Person","@id":"https:\/\/www.correiobraziliense.com.br\/cbradar\/#\/schema\/person\/5440b72be9c7eb74f446c846479dc4da","name":"Patrick Silva","image":{"@type":"ImageObject","inLanguage":"pt-BR","@id":"https:\/\/www.correiobraziliense.com.br\/cbradar\/#\/schema\/person\/image\/","url":"https:\/\/secure.gravatar.com\/avatar\/944109df296fc087785c9715fd5f80b2?s=96&d=mm&r=g","contentUrl":"https:\/\/secure.gravatar.com\/avatar\/944109df296fc087785c9715fd5f80b2?s=96&d=mm&r=g","caption":"Patrick Silva"},"sameAs":["https:\/\/www.correiobraziliense.com.br\/cbradar\/"],"url":"https:\/\/www.correiobraziliense.com.br\/cbradar\/author\/patrick-silva\/"}]}},"_links":{"self":[{"href":"https:\/\/www.correiobraziliense.com.br\/cbradar\/wp-json\/wp\/v2\/posts\/233036","targetHints":{"allow":["GET"]}}],"collection":[{"href":"https:\/\/www.correiobraziliense.com.br\/cbradar\/wp-json\/wp\/v2\/posts"}],"about":[{"href":"https:\/\/www.correiobraziliense.com.br\/cbradar\/wp-json\/wp\/v2\/types\/post"}],"author":[{"embeddable":true,"href":"https:\/\/www.correiobraziliense.com.br\/cbradar\/wp-json\/wp\/v2\/users\/21"}],"replies":[{"embeddable":true,"href":"https:\/\/www.correiobraziliense.com.br\/cbradar\/wp-json\/wp\/v2\/comments?post=233036"}],"version-history":[{"count":5,"href":"https:\/\/www.correiobraziliense.com.br\/cbradar\/wp-json\/wp\/v2\/posts\/233036\/revisions"}],"predecessor-version":[{"id":233050,"href":"https:\/\/www.correiobraziliense.com.br\/cbradar\/wp-json\/wp\/v2\/posts\/233036\/revisions\/233050"}],"wp:featuredmedia":[{"embeddable":true,"href":"https:\/\/www.correiobraziliense.com.br\/cbradar\/wp-json\/wp\/v2\/media\/233044"}],"wp:attachment":[{"href":"https:\/\/www.correiobraziliense.com.br\/cbradar\/wp-json\/wp\/v2\/media?parent=233036"}],"wp:term":[{"taxonomy":"category","embeddable":true,"href":"https:\/\/www.correiobraziliense.com.br\/cbradar\/wp-json\/wp\/v2\/categories?post=233036"},{"taxonomy":"post_tag","embeddable":true,"href":"https:\/\/www.correiobraziliense.com.br\/cbradar\/wp-json\/wp\/v2\/post_tag?post=233036"}],"curies":[{"name":"wp","href":"https:\/\/api.w.org\/{rel}","templated":true}]}}