{"id":233040,"date":"2026-04-28T20:35:00","date_gmt":"2026-04-28T23:35:00","guid":{"rendered":"https:\/\/www.correiobraziliense.com.br\/cbradar\/?p=233040"},"modified":"2026-04-27T13:18:53","modified_gmt":"2026-04-27T16:18:53","slug":"o-termo-que-muita-gente-evita-por-achar-antiquado-mas-continua-correto-segundo-fontes-oficiais-da-lingua-portuguesa","status":"publish","type":"post","link":"https:\/\/www.correiobraziliense.com.br\/cbradar\/o-termo-que-muita-gente-evita-por-achar-antiquado-mas-continua-correto-segundo-fontes-oficiais-da-lingua-portuguesa\/","title":{"rendered":"O termo que muita gente evita por achar antiquado, mas continua correto segundo fontes oficiais da l\u00edngua portuguesa"},"content":{"rendered":"\n<p>Muitos falantes da l\u00edngua portuguesa demonstram hesita\u00e7\u00e3o ao utilizar determinadas palavras por considerarem que elas ca\u00edram em desuso nas conversas modernas do cotidiano. No entanto, o vocabul\u00e1rio oficial preserva termos cl\u00e1ssicos que mant\u00eam sua legitimidade e precis\u00e3o gramatical em documentos formais e acad\u00eamicos. Resgatar essas formas lingu\u00edsticas contribui para uma escrita muito mais rica e sofisticada.<\/p>\n\n\n\n<h2 class=\"wp-block-heading\">Por que a palavra percentagem ainda \u00e9 considerada correta?<\/h2>\n\n\n\n<p>O uso frequente de varia\u00e7\u00f5es lingu\u00edsticas mais curtas na fala cotidiana acabou criando a falsa percep\u00e7\u00e3o de que certas formas completas tornaram-se obsoletas ou incorretas para o p\u00fablico. O termo percentagem \u00e9 perfeitamente v\u00e1lido e convive harmoniosamente com sua vers\u00e3o reduzida nos principais dicion\u00e1rios normativos nacionais. Utilizar a forma extensa demonstra um cuidado especial com a etiqueta.<\/p>\n\n\n\n<p>Embora a sonoridade possa parecer estranha para quem est\u00e1 acostumado com as simplifica\u00e7\u00f5es dos meios digitais, a estrutura morfol\u00f3gica da palavra permanece intoc\u00e1vel e prestigiada. Optar por essa variante em relat\u00f3rios t\u00e9cnicos ou teses cient\u00edficas confere um tom de seriedade que ajuda a fortalecer a imagem profissional de quem escreve. A tradi\u00e7\u00e3o gramatical valoriza a precis\u00e3o.<\/p>\n\n\n\n<figure class=\"wp-block-image size-full\"><img decoding=\"async\" width=\"1280\" height=\"720\" src=\"https:\/\/www.correiobraziliense.com.br\/cbradar\/wp-content\/uploads\/2026\/04\/Gemini_Generated_Image_u5xfifu5xfifu5xf-1-1.png\" alt=\"O termo que muita gente evita por achar antiquado, mas continua correto segundo fontes oficiais da l\u00edngua portuguesa\" class=\"wp-image-233053\" srcset=\"https:\/\/www.correiobraziliense.com.br\/cbradar\/wp-content\/uploads\/2026\/04\/Gemini_Generated_Image_u5xfifu5xfifu5xf-1-1.png 1280w, https:\/\/www.correiobraziliense.com.br\/cbradar\/wp-content\/uploads\/2026\/04\/Gemini_Generated_Image_u5xfifu5xfifu5xf-1-1-300x169.png 300w, https:\/\/www.correiobraziliense.com.br\/cbradar\/wp-content\/uploads\/2026\/04\/Gemini_Generated_Image_u5xfifu5xfifu5xf-1-1-768x432.png 768w, https:\/\/www.correiobraziliense.com.br\/cbradar\/wp-content\/uploads\/2026\/04\/Gemini_Generated_Image_u5xfifu5xfifu5xf-1-1-750x422.png 750w, https:\/\/www.correiobraziliense.com.br\/cbradar\/wp-content\/uploads\/2026\/04\/Gemini_Generated_Image_u5xfifu5xfifu5xf-1-1-1140x641.png 1140w\" sizes=\"(max-width: 1280px) 100vw, 1280px\" \/><figcaption class=\"wp-element-caption\">Tenho que e tenho de s\u00e3o formas corretas e podem ser usadas para indicar obriga\u00e7\u00e3o<\/figcaption><\/figure>\n\n\n\n<h2 class=\"wp-block-heading\">Existe alguma diferen\u00e7a de sentido entre as variantes?<\/h2>\n\n\n\n<p>A coexist\u00eancia de termos sin\u00f4nimos \u00e9 uma caracter\u00edstica comum em idiomas que possuem uma longa trajet\u00f3ria hist\u00f3rica e liter\u00e1ria como o nosso portugu\u00eas brasileiro atual. A prefer\u00eancia por um ou outro termo depende exclusivamente do n\u00edvel de formalidade exigido pela situa\u00e7\u00e3o comunicativa em que o falante se encontra. Manter o vocabul\u00e1rio variado evita repeti\u00e7\u00f5es cansativas e desnecess\u00e1rias.<\/p>\n\n\n\n<p>Registros oficiais mostram que a variante cl\u00e1ssica possui a mesma raiz etimol\u00f3gica da vers\u00e3o mais popular, mantendo o sentido de proporcionalidade matem\u00e1tica de forma intacta e correta. Ignorar a exist\u00eancia dessa palavra \u00e9 limitar as possibilidades expressivas de quem deseja dominar as nuances do idioma de maneira plena. O conhecimento t\u00e9cnico das normas ortogr\u00e1ficas \u00e9 um diferencial valioso.<\/p>\n\n\n\n<h2 class=\"wp-block-heading\">Onde encontrar a valida\u00e7\u00e3o oficial do vocabul\u00e1rio?<\/h2>\n\n\n\n<p>Consultar as bases de dados que regulam a ortografia oficial permite que o autor escreva com total seguran\u00e7a, eliminando o medo de cometer erros bobos. Ter acesso a informa\u00e7\u00f5es validadas por institui\u00e7\u00f5es de ensino superior ajuda a construir um repert\u00f3rio lingu\u00edstico robusto e muito confi\u00e1vel para qualquer situa\u00e7\u00e3o. A clareza textual nasce da busca constante por refer\u00eancias.<\/p>\n\n\n\n<p>Fontes essenciais para validar a grafia de palavras complexas:<\/p>\n\n\n\n<ul class=\"wp-block-list\">\n<li><strong>Academia Brasileira de Letras<\/strong><\/li>\n\n\n\n<li><strong>Vocabul\u00e1rio Ortogr\u00e1fico da L\u00edngua Portuguesa<\/strong><\/li>\n\n\n\n<li><strong>Dicion\u00e1rio Michaelis<\/strong><\/li>\n\n\n\n<li><strong>Dicion\u00e1rio Houaiss<\/strong><\/li>\n\n\n\n<li><strong>Acordo Ortogr\u00e1fico da L\u00edngua Portuguesa<\/strong><\/li>\n<\/ul>\n\n\n\n<h2 class=\"wp-block-heading\">Como equilibrar tradi\u00e7\u00e3o e modernidade na escrita?<\/h2>\n\n\n\n<p>Muitos indiv\u00edduos acreditam que a evolu\u00e7\u00e3o da l\u00edngua exige o abandono imediato de qualquer termo que soe mais formal ou tradicional nas conversas de trabalho di\u00e1rias. No entanto, a autoridade de um texto muitas vezes reside justamente no uso equilibrado de palavras que demonstram erudi\u00e7\u00e3o e respeito pelas normas cl\u00e1ssicas. O equil\u00edbrio entre o moderno e o tradicional.<\/p>\n\n\n\n<p>Escrever de forma correta n\u00e3o significa ser excessivamente r\u00edgido, mas sim utilizar todas as ferramentas que o idioma oferece para garantir a compreens\u00e3o total da mensagem. Quando o escritor utiliza o termo completo, ele sinaliza que possui um vocabul\u00e1rio amplo e que valoriza a precis\u00e3o t\u00e9cnica das defini\u00e7\u00f5es. A compet\u00eancia lingu\u00edstica reflete diretamente na credibilidade do autor.<\/p>\n\n\n\n<figure class=\"wp-block-image size-full\"><img decoding=\"async\" width=\"1280\" height=\"720\" src=\"https:\/\/www.correiobraziliense.com.br\/cbradar\/wp-content\/uploads\/2026\/04\/Gemini_Generated_Image_xdeasyxdeasyxdea-1-1.png\" alt=\"O termo que muita gente evita por achar antiquado, mas continua correto segundo fontes oficiais da l\u00edngua portuguesa\" class=\"wp-image-233055\" srcset=\"https:\/\/www.correiobraziliense.com.br\/cbradar\/wp-content\/uploads\/2026\/04\/Gemini_Generated_Image_xdeasyxdeasyxdea-1-1.png 1280w, https:\/\/www.correiobraziliense.com.br\/cbradar\/wp-content\/uploads\/2026\/04\/Gemini_Generated_Image_xdeasyxdeasyxdea-1-1-300x169.png 300w, https:\/\/www.correiobraziliense.com.br\/cbradar\/wp-content\/uploads\/2026\/04\/Gemini_Generated_Image_xdeasyxdeasyxdea-1-1-768x432.png 768w, https:\/\/www.correiobraziliense.com.br\/cbradar\/wp-content\/uploads\/2026\/04\/Gemini_Generated_Image_xdeasyxdeasyxdea-1-1-750x422.png 750w, https:\/\/www.correiobraziliense.com.br\/cbradar\/wp-content\/uploads\/2026\/04\/Gemini_Generated_Image_xdeasyxdeasyxdea-1-1-1140x641.png 1140w\" sizes=\"(max-width: 1280px) 100vw, 1280px\" \/><figcaption class=\"wp-element-caption\">Tenho que e tenho de s\u00e3o formas corretas e podem ser usadas para indicar obriga\u00e7\u00e3o<\/figcaption><\/figure>\n\n\n\n<p>Leia tamb\u00e9m: <a href=\"https:\/\/www.correiobraziliense.com.br\/cbradar\/perca-ou-perda-o-detalhe-gramatical-que-muda-completamente-o-sentido-da-frase\/\" target=\"_blank\" rel=\"noreferrer noopener\">\u201cPerca\u201d ou \u201cPerda\u201d? O detalhe gramatical que muda completamente o sentido da frase<\/a><\/p>\n\n\n\n<h2 class=\"wp-block-heading\">Qual \u00e9 o papel das entidades normativas no Brasil?<\/h2>\n\n\n\n<p>Manter a aten\u00e7\u00e3o voltada para os registros oficiais \u00e9 o m\u00e9todo mais seguro para evitar que o medo de parecer antiquado comprometa a qualidade da escrita. Institui\u00e7\u00f5es que preservam a integridade do idioma confirmam que a variante extensa \u00e9 leg\u00edtima e recomendada para contextos que pedem sobriedade. A busca pela excel\u00eancia lingu\u00edstica deve ser um objetivo constante.<\/p>\n\n\n\n<p>O acesso gratuito a ferramentas de consulta facilita a vida de quem precisa validar termos raros ou pouco usuais rapidamente. O <strong><a target=\"_blank\" rel=\"noreferrer noopener\" href=\"https:\/\/www.academia.org.br\/nossa-lingua\/busca-no-vocabulario\">Vocabul\u00e1rio Ortogr\u00e1fico da L\u00edngua Portuguesa<\/a><\/strong> serve como guia definitivo para garantir que cada palavra utilizada esteja em conformidade com a legisla\u00e7\u00e3o ortogr\u00e1fica vigente. Respeitar as normas oficiais fortalece a nossa identidade cultural e a clareza da comunica\u00e7\u00e3o escrita.<\/p>\n","protected":false},"excerpt":{"rendered":"<p>Muitos falantes da l\u00edngua portuguesa demonstram hesita\u00e7\u00e3o ao utilizar determinadas palavras por considerarem que elas ca\u00edram em desuso nas conversas modernas do cotidiano. No entanto, o vocabul\u00e1rio oficial preserva termos cl\u00e1ssicos que mant\u00eam sua legitimidade e precis\u00e3o gramatical em documentos formais e acad\u00eamicos. Resgatar essas formas lingu\u00edsticas contribui para uma escrita muito mais rica e [&hellip;]<\/p>\n","protected":false},"author":21,"featured_media":233052,"comment_status":"open","ping_status":"open","sticky":false,"template":"","format":"standard","meta":{"_yoast_wpseo_focuskw":"percentagem ou porcentagem","_yoast_wpseo_title":"","_yoast_wpseo_metadesc":"Algumas palavras consideradas antigas continuam corretas e seu uso pode trazer mais precis\u00e3o e sofistica\u00e7\u00e3o \u00e0 comunica\u00e7\u00e3o escrita","jnews-multi-image_gallery":[],"jnews_single_post":{"format":"standard"},"jnews_primary_category":[],"jnews_social_meta":[],"jnews_override_counter":[],"footnotes":""},"categories":[112],"post_tag":[],"class_list":["post-233040","post","type-post","status-publish","format-standard","has-post-thumbnail","hentry","category-curiosidades"],"yoast_head":"<!-- This site is optimized with the Yoast SEO plugin v24.6 - https:\/\/yoast.com\/wordpress\/plugins\/seo\/ -->\n<title>O termo que muita gente evita por achar antiquado, mas continua correto segundo fontes oficiais da l\u00edngua portuguesa - Correio Braziliense - Radar<\/title>\n<meta name=\"description\" content=\"Algumas palavras consideradas antigas continuam corretas e seu uso pode trazer mais precis\u00e3o e sofistica\u00e7\u00e3o \u00e0 comunica\u00e7\u00e3o escrita\" \/>\n<meta name=\"robots\" content=\"index, follow, max-snippet:-1, max-image-preview:large, max-video-preview:-1\" \/>\n<link rel=\"canonical\" href=\"https:\/\/www.correiobraziliense.com.br\/cbradar\/o-termo-que-muita-gente-evita-por-achar-antiquado-mas-continua-correto-segundo-fontes-oficiais-da-lingua-portuguesa\/\" \/>\n<meta property=\"og:locale\" content=\"pt_BR\" \/>\n<meta property=\"og:type\" content=\"article\" \/>\n<meta property=\"og:title\" content=\"O termo que muita gente evita por achar antiquado, mas continua correto segundo fontes oficiais da l\u00edngua portuguesa - Correio Braziliense - Radar\" \/>\n<meta property=\"og:description\" content=\"Algumas palavras consideradas antigas continuam corretas e seu uso pode trazer mais precis\u00e3o e sofistica\u00e7\u00e3o \u00e0 comunica\u00e7\u00e3o escrita\" \/>\n<meta property=\"og:url\" content=\"https:\/\/www.correiobraziliense.com.br\/cbradar\/o-termo-que-muita-gente-evita-por-achar-antiquado-mas-continua-correto-segundo-fontes-oficiais-da-lingua-portuguesa\/\" \/>\n<meta property=\"og:site_name\" content=\"Correio Braziliense - Radar\" \/>\n<meta property=\"article:published_time\" content=\"2026-04-28T23:35:00+00:00\" \/>\n<meta property=\"og:image\" content=\"https:\/\/www.correiobraziliense.com.br\/cbradar\/wp-content\/uploads\/2026\/04\/Gemini_Generated_Image_s1blrss1blrss1bl-1-1.png\" \/>\n\t<meta property=\"og:image:width\" content=\"1280\" \/>\n\t<meta property=\"og:image:height\" content=\"720\" \/>\n\t<meta property=\"og:image:type\" content=\"image\/png\" \/>\n<meta name=\"author\" content=\"Patrick Silva\" \/>\n<meta name=\"twitter:card\" content=\"summary_large_image\" \/>\n<meta name=\"twitter:label1\" content=\"Escrito por\" \/>\n\t<meta name=\"twitter:data1\" content=\"Patrick Silva\" \/>\n\t<meta name=\"twitter:label2\" content=\"Est. tempo de leitura\" \/>\n\t<meta name=\"twitter:data2\" content=\"5 minutos\" \/>\n<!-- \/ Yoast SEO plugin. -->","yoast_head_json":{"title":"O termo que muita gente evita por achar antiquado, mas continua correto segundo fontes oficiais da l\u00edngua portuguesa - Correio Braziliense - Radar","description":"Algumas palavras consideradas antigas continuam corretas e seu uso pode trazer mais precis\u00e3o e sofistica\u00e7\u00e3o \u00e0 comunica\u00e7\u00e3o escrita","robots":{"index":"index","follow":"follow","max-snippet":"max-snippet:-1","max-image-preview":"max-image-preview:large","max-video-preview":"max-video-preview:-1"},"canonical":"https:\/\/www.correiobraziliense.com.br\/cbradar\/o-termo-que-muita-gente-evita-por-achar-antiquado-mas-continua-correto-segundo-fontes-oficiais-da-lingua-portuguesa\/","og_locale":"pt_BR","og_type":"article","og_title":"O termo que muita gente evita por achar antiquado, mas continua correto segundo fontes oficiais da l\u00edngua portuguesa - Correio Braziliense - Radar","og_description":"Algumas palavras consideradas antigas continuam corretas e seu uso pode trazer mais precis\u00e3o e sofistica\u00e7\u00e3o \u00e0 comunica\u00e7\u00e3o escrita","og_url":"https:\/\/www.correiobraziliense.com.br\/cbradar\/o-termo-que-muita-gente-evita-por-achar-antiquado-mas-continua-correto-segundo-fontes-oficiais-da-lingua-portuguesa\/","og_site_name":"Correio Braziliense - Radar","article_published_time":"2026-04-28T23:35:00+00:00","og_image":[{"width":1280,"height":720,"url":"https:\/\/www.correiobraziliense.com.br\/cbradar\/wp-content\/uploads\/2026\/04\/Gemini_Generated_Image_s1blrss1blrss1bl-1-1.png","type":"image\/png"}],"author":"Patrick Silva","twitter_card":"summary_large_image","twitter_misc":{"Escrito por":"Patrick Silva","Est. tempo de leitura":"5 minutos"},"schema":{"@context":"https:\/\/schema.org","@graph":[{"@type":"WebPage","@id":"https:\/\/www.correiobraziliense.com.br\/cbradar\/o-termo-que-muita-gente-evita-por-achar-antiquado-mas-continua-correto-segundo-fontes-oficiais-da-lingua-portuguesa\/","url":"https:\/\/www.correiobraziliense.com.br\/cbradar\/o-termo-que-muita-gente-evita-por-achar-antiquado-mas-continua-correto-segundo-fontes-oficiais-da-lingua-portuguesa\/","name":"O termo que muita gente evita por achar antiquado, mas continua correto segundo fontes oficiais da l\u00edngua portuguesa - Correio Braziliense - Radar","isPartOf":{"@id":"https:\/\/www.correiobraziliense.com.br\/cbradar\/#website"},"primaryImageOfPage":{"@id":"https:\/\/www.correiobraziliense.com.br\/cbradar\/o-termo-que-muita-gente-evita-por-achar-antiquado-mas-continua-correto-segundo-fontes-oficiais-da-lingua-portuguesa\/#primaryimage"},"image":{"@id":"https:\/\/www.correiobraziliense.com.br\/cbradar\/o-termo-que-muita-gente-evita-por-achar-antiquado-mas-continua-correto-segundo-fontes-oficiais-da-lingua-portuguesa\/#primaryimage"},"thumbnailUrl":"https:\/\/www.correiobraziliense.com.br\/cbradar\/wp-content\/uploads\/2026\/04\/Gemini_Generated_Image_s1blrss1blrss1bl-1-1.png","datePublished":"2026-04-28T23:35:00+00:00","author":{"@id":"https:\/\/www.correiobraziliense.com.br\/cbradar\/#\/schema\/person\/5440b72be9c7eb74f446c846479dc4da"},"description":"Algumas palavras consideradas antigas continuam corretas e seu uso pode trazer mais precis\u00e3o e sofistica\u00e7\u00e3o \u00e0 comunica\u00e7\u00e3o escrita","breadcrumb":{"@id":"https:\/\/www.correiobraziliense.com.br\/cbradar\/o-termo-que-muita-gente-evita-por-achar-antiquado-mas-continua-correto-segundo-fontes-oficiais-da-lingua-portuguesa\/#breadcrumb"},"inLanguage":"pt-BR","potentialAction":[{"@type":"ReadAction","target":["https:\/\/www.correiobraziliense.com.br\/cbradar\/o-termo-que-muita-gente-evita-por-achar-antiquado-mas-continua-correto-segundo-fontes-oficiais-da-lingua-portuguesa\/"]}]},{"@type":"ImageObject","inLanguage":"pt-BR","@id":"https:\/\/www.correiobraziliense.com.br\/cbradar\/o-termo-que-muita-gente-evita-por-achar-antiquado-mas-continua-correto-segundo-fontes-oficiais-da-lingua-portuguesa\/#primaryimage","url":"https:\/\/www.correiobraziliense.com.br\/cbradar\/wp-content\/uploads\/2026\/04\/Gemini_Generated_Image_s1blrss1blrss1bl-1-1.png","contentUrl":"https:\/\/www.correiobraziliense.com.br\/cbradar\/wp-content\/uploads\/2026\/04\/Gemini_Generated_Image_s1blrss1blrss1bl-1-1.png","width":1280,"height":720,"caption":"Tenho que e tenho de s\u00e3o formas corretas e podem ser usadas para indicar obriga\u00e7\u00e3o"},{"@type":"BreadcrumbList","@id":"https:\/\/www.correiobraziliense.com.br\/cbradar\/o-termo-que-muita-gente-evita-por-achar-antiquado-mas-continua-correto-segundo-fontes-oficiais-da-lingua-portuguesa\/#breadcrumb","itemListElement":[{"@type":"ListItem","position":1,"name":"In\u00edcio","item":"https:\/\/www.correiobraziliense.com.br\/cbradar\/"},{"@type":"ListItem","position":2,"name":"O termo que muita gente evita por achar antiquado, mas continua correto segundo fontes oficiais da l\u00edngua portuguesa"}]},{"@type":"WebSite","@id":"https:\/\/www.correiobraziliense.com.br\/cbradar\/#website","url":"https:\/\/www.correiobraziliense.com.br\/cbradar\/","name":"Correio Braziliense - Radar","description":"Acompanhe as \u00faltimas not\u00edcias e fique bem informado sobre tudo o que acontece no Brasil e no mundo.","potentialAction":[{"@type":"SearchAction","target":{"@type":"EntryPoint","urlTemplate":"https:\/\/www.correiobraziliense.com.br\/cbradar\/?s={search_term_string}"},"query-input":{"@type":"PropertyValueSpecification","valueRequired":true,"valueName":"search_term_string"}}],"inLanguage":"pt-BR"},{"@type":"Person","@id":"https:\/\/www.correiobraziliense.com.br\/cbradar\/#\/schema\/person\/5440b72be9c7eb74f446c846479dc4da","name":"Patrick Silva","image":{"@type":"ImageObject","inLanguage":"pt-BR","@id":"https:\/\/www.correiobraziliense.com.br\/cbradar\/#\/schema\/person\/image\/","url":"https:\/\/secure.gravatar.com\/avatar\/944109df296fc087785c9715fd5f80b2?s=96&d=mm&r=g","contentUrl":"https:\/\/secure.gravatar.com\/avatar\/944109df296fc087785c9715fd5f80b2?s=96&d=mm&r=g","caption":"Patrick Silva"},"sameAs":["https:\/\/www.correiobraziliense.com.br\/cbradar\/"],"url":"https:\/\/www.correiobraziliense.com.br\/cbradar\/author\/patrick-silva\/"}]}},"_links":{"self":[{"href":"https:\/\/www.correiobraziliense.com.br\/cbradar\/wp-json\/wp\/v2\/posts\/233040","targetHints":{"allow":["GET"]}}],"collection":[{"href":"https:\/\/www.correiobraziliense.com.br\/cbradar\/wp-json\/wp\/v2\/posts"}],"about":[{"href":"https:\/\/www.correiobraziliense.com.br\/cbradar\/wp-json\/wp\/v2\/types\/post"}],"author":[{"embeddable":true,"href":"https:\/\/www.correiobraziliense.com.br\/cbradar\/wp-json\/wp\/v2\/users\/21"}],"replies":[{"embeddable":true,"href":"https:\/\/www.correiobraziliense.com.br\/cbradar\/wp-json\/wp\/v2\/comments?post=233040"}],"version-history":[{"count":1,"href":"https:\/\/www.correiobraziliense.com.br\/cbradar\/wp-json\/wp\/v2\/posts\/233040\/revisions"}],"predecessor-version":[{"id":233057,"href":"https:\/\/www.correiobraziliense.com.br\/cbradar\/wp-json\/wp\/v2\/posts\/233040\/revisions\/233057"}],"wp:featuredmedia":[{"embeddable":true,"href":"https:\/\/www.correiobraziliense.com.br\/cbradar\/wp-json\/wp\/v2\/media\/233052"}],"wp:attachment":[{"href":"https:\/\/www.correiobraziliense.com.br\/cbradar\/wp-json\/wp\/v2\/media?parent=233040"}],"wp:term":[{"taxonomy":"category","embeddable":true,"href":"https:\/\/www.correiobraziliense.com.br\/cbradar\/wp-json\/wp\/v2\/categories?post=233040"},{"taxonomy":"post_tag","embeddable":true,"href":"https:\/\/www.correiobraziliense.com.br\/cbradar\/wp-json\/wp\/v2\/post_tag?post=233040"}],"curies":[{"name":"wp","href":"https:\/\/api.w.org\/{rel}","templated":true}]}}