{"id":233051,"date":"2026-04-28T16:15:00","date_gmt":"2026-04-28T19:15:00","guid":{"rendered":"https:\/\/www.correiobraziliense.com.br\/cbradar\/?p=233051"},"modified":"2026-04-27T11:44:12","modified_gmt":"2026-04-27T14:44:12","slug":"qual-e-a-diferenca-entre-pao-integral-e-pao-com-farinha-integral-que-poucos-sabem","status":"publish","type":"post","link":"https:\/\/www.correiobraziliense.com.br\/cbradar\/qual-e-a-diferenca-entre-pao-integral-e-pao-com-farinha-integral-que-poucos-sabem\/","title":{"rendered":"Qual \u00e9 a diferen\u00e7a entre p\u00e3o integral e p\u00e3o com farinha integral que poucos sabem"},"content":{"rendered":"\n<p>Muitas pessoas compram p\u00e3o integral acreditando que est\u00e3o consumindo um produto feito exclusivamente com gr\u00e3os inteiros e fibras naturais. No entanto, as prateleiras escondem varia\u00e7\u00f5es que misturam farinha branca refinada para baratear a produ\u00e7\u00e3o industrial. Entender essa diferencia\u00e7\u00e3o \u00e9 vital para quem busca uma alimenta\u00e7\u00e3o equilibrada e realmente nutritiva diariamente.<\/p>\n\n\n\n<h2 class=\"wp-block-heading\">Por que o r\u00f3tulo esconde a verdadeira composi\u00e7\u00e3o?<\/h2>\n\n\n\n<p>Para ser considerado integral pela legisla\u00e7\u00e3o brasileira, o produto deve conter uma quantidade m\u00ednima de ingredientes integrais na sua formula\u00e7\u00e3o b\u00e1sica. Muitas marcas colocam a farinha de trigo enriquecida como primeiro item da lista, o que indica maior concentra\u00e7\u00e3o de carboidratos simples no p\u00e3o. Essa estrat\u00e9gia confunde o consumidor que busca sa\u00fade real e integridade.<\/p>\n\n\n\n<p>O verdadeiro p\u00e3o integral utiliza o gr\u00e3o de trigo completo, preservando o farelo e o germe durante o processo de moagem lenta. Isso garante uma oferta superior de vitaminas do complexo B e minerais essenciais que s\u00e3o perdidos no refino industrial comum. Optar por vers\u00f5es mais puras evita picos de insulina e promove <strong>saciedade prolongada<\/strong> durante todo o dia.<\/p>\n\n\n\n<p>Para entender melhor como os ingredientes influenciam no resultado final, este v\u00eddeo do canal <strong>Ricardo Baker<\/strong> apresenta na pr\u00e1tica as diferen\u00e7as entre p\u00e3o feito com farinha integral e branca, ajudando voc\u00ea a escolher conforme seus objetivos:<\/p>\n\n\n\n<figure class=\"wp-block-embed is-type-video is-provider-youtube wp-block-embed-youtube wp-embed-aspect-16-9 wp-has-aspect-ratio\"><div class=\"wp-block-embed__wrapper\">\n<div class=\"jeg_video_container jeg_video_content\"><iframe loading=\"lazy\" title=\"Qual a diferen\u00e7a de fazer p\u00e3o com farinha integral e com farinha branca?\" width=\"500\" height=\"281\" src=\"https:\/\/www.youtube.com\/embed\/qgPnKp98Gbw?feature=oembed\" frameborder=\"0\" allow=\"accelerometer; autoplay; clipboard-write; encrypted-media; gyroscope; picture-in-picture; web-share\" referrerpolicy=\"strict-origin-when-cross-origin\" allowfullscreen><\/iframe><\/div>\n<\/div><\/figure>\n\n\n\n<h2 class=\"wp-block-heading\">Qual a import\u00e2ncia das fibras para o organismo?<\/h2>\n\n\n\n<p>As <strong><a href=\"https:\/\/www.correiobraziliense.com.br\/cbradar\/a-semente-que-quase-ninguem-consome-e-tem-mais-fibras-que-a-aveia-e-melhora-o-intestino\/\" target=\"_blank\" rel=\"noreferrer noopener\">fibras <\/a><\/strong>presentes nos gr\u00e3os integrais auxiliam no controle da glicemia e na manuten\u00e7\u00e3o de uma microbiota intestinal saud\u00e1vel e funcional. Ao consumir o gr\u00e3o em sua forma original, voc\u00ea garante que o corpo processe o a\u00e7\u00facar de maneira lenta e constante. Essa din\u00e2mica biol\u00f3gica previne o ac\u00famulo de gordura abdominal e melhora o humor e vigor.<\/p>\n\n\n\n<p>O consumo regular de alimentos integrais est\u00e1 associado \u00e0 redu\u00e7\u00e3o de riscos para doen\u00e7as cr\u00f4nicas, como a diabetes tipo dois e problemas cardiovasculares graves. Quando o p\u00e3o \u00e9 feito apenas com farinha refinada e corantes, esses benef\u00edcios desaparecem completamente, restando apenas calorias vazias no organismo humano. Escolher bem o que voc\u00ea come protege sua <strong>sa\u00fade em longo prazo<\/strong>.<\/p>\n\n\n\n<h2 class=\"wp-block-heading\">Como identificar a pureza do p\u00e3o no mercado?<\/h2>\n\n\n\n<p>Analisar a ordem dos ingredientes no r\u00f3tulo \u00e9 a maneira mais eficiente de descobrir se o produto \u00e9 realmente nutritivo para voc\u00ea. O ingrediente principal sempre aparece em primeiro lugar, devendo ser obrigatoriamente a farinha de trigo integral ou o gr\u00e3o inteiro. Ter essa clareza ajuda voc\u00ea a escolher melhor os alimentos da sua mesa.<\/p>\n\n\n\n<p>Note os sinais de alerta que indicam uma composi\u00e7\u00e3o superior para o seu bem-estar f\u00edsico:<\/p>\n\n\n\n<ul class=\"wp-block-list\">\n<li>Primeiro ingrediente sendo integral;<\/li>\n\n\n\n<li>Baixa quantidade de a\u00e7\u00facares adicionados;<\/li>\n\n\n\n<li>Aus\u00eancia de corante caramelo na massa;<\/li>\n\n\n\n<li>Presen\u00e7a vis\u00edvel de gr\u00e3os e sementes;<\/li>\n\n\n\n<li>Teor de fibras elevado por por\u00e7\u00e3o.<\/li>\n<\/ul>\n\n\n\n<h2 class=\"wp-block-heading\">Por que o pre\u00e7o varia tanto entre as marcas?<\/h2>\n\n\n\n<p>Produzir um alimento com gr\u00e3os inteiros exige processos de conserva\u00e7\u00e3o mais complexos devido aos \u00f3leos naturais presentes no germe do trigo integral. A farinha branca refinada tem uma vida \u00fatil maior e custo de produ\u00e7\u00e3o reduzido, sendo a preferida da ind\u00fastria em larga escala. P\u00e3es verdadeiramente integrais costumam ser mais densos, pesados e possuem um valor <strong>superior<\/strong>.<\/p>\n\n\n\n<p>Ao investir em um produto de qualidade, voc\u00ea est\u00e1 adquirindo densidade nutricional que reflete diretamente na sua disposi\u00e7\u00e3o e energia di\u00e1ria. O p\u00e3o barato, feito com misturas de farinhas, acaba gerando fome mais r\u00e1pido, levando ao consumo excessivo de calorias extras durante a tarde. Valorizar a proced\u00eancia do alimento \u00e9 um ato de <strong>autocuidado essencial<\/strong> e necess\u00e1rio.<\/p>\n\n\n\n<figure class=\"wp-block-image size-full\"><img decoding=\"async\" width=\"1280\" height=\"720\" src=\"https:\/\/www.correiobraziliense.com.br\/cbradar\/wp-content\/uploads\/2026\/04\/Gemini_Generated_Image_qpx3k1qpx3k1qpx3-1-1.png\" alt=\"Qual \u00e9 a diferen\u00e7a entre p\u00e3o integral e p\u00e3o com farinha integral que poucos sabem\" class=\"wp-image-233061\" srcset=\"https:\/\/www.correiobraziliense.com.br\/cbradar\/wp-content\/uploads\/2026\/04\/Gemini_Generated_Image_qpx3k1qpx3k1qpx3-1-1.png 1280w, https:\/\/www.correiobraziliense.com.br\/cbradar\/wp-content\/uploads\/2026\/04\/Gemini_Generated_Image_qpx3k1qpx3k1qpx3-1-1-300x169.png 300w, https:\/\/www.correiobraziliense.com.br\/cbradar\/wp-content\/uploads\/2026\/04\/Gemini_Generated_Image_qpx3k1qpx3k1qpx3-1-1-768x432.png 768w, https:\/\/www.correiobraziliense.com.br\/cbradar\/wp-content\/uploads\/2026\/04\/Gemini_Generated_Image_qpx3k1qpx3k1qpx3-1-1-750x422.png 750w, https:\/\/www.correiobraziliense.com.br\/cbradar\/wp-content\/uploads\/2026\/04\/Gemini_Generated_Image_qpx3k1qpx3k1qpx3-1-1-1140x641.png 1140w\" sizes=\"(max-width: 1280px) 100vw, 1280px\" \/><figcaption class=\"wp-element-caption\">Diferen\u00e7a entre p\u00e3o integral verdadeiro e comum impacta sua alimenta\u00e7\u00e3o di\u00e1ria<\/figcaption><\/figure>\n\n\n\n<h2 class=\"wp-block-heading\">Quais s\u00e3o as regras oficiais de rotulagem?<\/h2>\n\n\n\n<p>O governo brasileiro estabelece crit\u00e9rios rigorosos para que as empresas n\u00e3o enganem o p\u00fablico com nomenclaturas amb\u00edguas ou imagens ilustrativas irreais. Existe uma porcentagem m\u00ednima de gr\u00e3os integrais exigida para que a embalagem possa ostentar o t\u00edtulo de integral em destaque frontal. Conhecer essas normas ajuda a identificar fraudes e garante que voc\u00ea receba o que paga.<\/p>\n\n\n\n<p>A autoridade nacional de sa\u00fade brasileira atualizou as normas para facilitar a compreens\u00e3o dos r\u00f3tulos e proteger o direito \u00e0 informa\u00e7\u00e3o clara. Para consultar os detalhes t\u00e9cnicos sobre a composi\u00e7\u00e3o obrigat\u00f3ria dos alimentos \u00e0 base de cereais, acesse o portal da <a href=\"https:\/\/www.gov.br\/anvisa\/pt-br\/centraisdeconteudo\/publicacoes\/alimentos\/perguntas-e-respostas-arquivos\/rotulagem-nutricional_2a-edicao.pdf\" target=\"_blank\" rel=\"noreferrer noopener\">Anvisa<\/a>. Seguir as recomenda\u00e7\u00f5es oficiais \u00e9 o caminho para manter uma <strong>dieta equilibrada e segura<\/strong> hoje.<\/p>\n","protected":false},"excerpt":{"rendered":"<p>Muitas pessoas compram p\u00e3o integral acreditando que est\u00e3o consumindo um produto feito exclusivamente com gr\u00e3os inteiros e fibras naturais. No entanto, as prateleiras escondem varia\u00e7\u00f5es que misturam farinha branca refinada para baratear a produ\u00e7\u00e3o industrial. Entender essa diferencia\u00e7\u00e3o \u00e9 vital para quem busca uma alimenta\u00e7\u00e3o equilibrada e realmente nutritiva diariamente. Por que o r\u00f3tulo esconde [&hellip;]<\/p>\n","protected":false},"author":21,"featured_media":233058,"comment_status":"open","ping_status":"open","sticky":false,"template":"","format":"standard","meta":{"_yoast_wpseo_focuskw":"como identificar p\u00e3o integral verdadeiro","_yoast_wpseo_title":"","_yoast_wpseo_metadesc":"Nem todo p\u00e3o integral entrega o que promete. A ordem dos ingredientes revela diferen\u00e7as que impactam diretamente sua alimenta\u00e7\u00e3o di\u00e1ria.","jnews-multi-image_gallery":[],"jnews_single_post":{"format":"standard"},"jnews_primary_category":[],"jnews_social_meta":[],"jnews_override_counter":[],"footnotes":""},"categories":[112],"post_tag":[4182,18246,18245],"class_list":["post-233051","post","type-post","status-publish","format-standard","has-post-thumbnail","hentry","category-curiosidades","tag-diferenca","tag-pao-farinha-integral","tag-pao-integral"],"yoast_head":"<!-- This site is optimized with the Yoast SEO plugin v24.6 - https:\/\/yoast.com\/wordpress\/plugins\/seo\/ -->\n<title>Qual \u00e9 a diferen\u00e7a entre p\u00e3o integral e p\u00e3o com farinha integral que poucos sabem - Correio Braziliense - Radar<\/title>\n<meta name=\"description\" content=\"Nem todo p\u00e3o integral entrega o que promete. A ordem dos ingredientes revela diferen\u00e7as que impactam diretamente sua alimenta\u00e7\u00e3o di\u00e1ria.\" \/>\n<meta name=\"robots\" content=\"index, follow, max-snippet:-1, max-image-preview:large, max-video-preview:-1\" \/>\n<link rel=\"canonical\" href=\"https:\/\/www.correiobraziliense.com.br\/cbradar\/qual-e-a-diferenca-entre-pao-integral-e-pao-com-farinha-integral-que-poucos-sabem\/\" \/>\n<meta property=\"og:locale\" content=\"pt_BR\" \/>\n<meta property=\"og:type\" content=\"article\" \/>\n<meta property=\"og:title\" content=\"Qual \u00e9 a diferen\u00e7a entre p\u00e3o integral e p\u00e3o com farinha integral que poucos sabem - Correio Braziliense - Radar\" \/>\n<meta property=\"og:description\" content=\"Nem todo p\u00e3o integral entrega o que promete. A ordem dos ingredientes revela diferen\u00e7as que impactam diretamente sua alimenta\u00e7\u00e3o di\u00e1ria.\" \/>\n<meta property=\"og:url\" content=\"https:\/\/www.correiobraziliense.com.br\/cbradar\/qual-e-a-diferenca-entre-pao-integral-e-pao-com-farinha-integral-que-poucos-sabem\/\" \/>\n<meta property=\"og:site_name\" content=\"Correio Braziliense - Radar\" \/>\n<meta property=\"article:published_time\" content=\"2026-04-28T19:15:00+00:00\" \/>\n<meta property=\"og:image\" content=\"https:\/\/www.correiobraziliense.com.br\/cbradar\/wp-content\/uploads\/2026\/04\/Gemini_Generated_Image_97y27a97y27a97y2-1-1.png\" \/>\n\t<meta property=\"og:image:width\" content=\"1280\" \/>\n\t<meta property=\"og:image:height\" content=\"720\" \/>\n\t<meta property=\"og:image:type\" content=\"image\/png\" \/>\n<meta name=\"author\" content=\"Patrick Silva\" \/>\n<meta name=\"twitter:card\" content=\"summary_large_image\" \/>\n<meta name=\"twitter:label1\" content=\"Escrito por\" \/>\n\t<meta name=\"twitter:data1\" content=\"Patrick Silva\" \/>\n\t<meta name=\"twitter:label2\" content=\"Est. tempo de leitura\" \/>\n\t<meta name=\"twitter:data2\" content=\"5 minutos\" \/>\n<!-- \/ Yoast SEO plugin. -->","yoast_head_json":{"title":"Qual \u00e9 a diferen\u00e7a entre p\u00e3o integral e p\u00e3o com farinha integral que poucos sabem - Correio Braziliense - Radar","description":"Nem todo p\u00e3o integral entrega o que promete. A ordem dos ingredientes revela diferen\u00e7as que impactam diretamente sua alimenta\u00e7\u00e3o di\u00e1ria.","robots":{"index":"index","follow":"follow","max-snippet":"max-snippet:-1","max-image-preview":"max-image-preview:large","max-video-preview":"max-video-preview:-1"},"canonical":"https:\/\/www.correiobraziliense.com.br\/cbradar\/qual-e-a-diferenca-entre-pao-integral-e-pao-com-farinha-integral-que-poucos-sabem\/","og_locale":"pt_BR","og_type":"article","og_title":"Qual \u00e9 a diferen\u00e7a entre p\u00e3o integral e p\u00e3o com farinha integral que poucos sabem - Correio Braziliense - Radar","og_description":"Nem todo p\u00e3o integral entrega o que promete. A ordem dos ingredientes revela diferen\u00e7as que impactam diretamente sua alimenta\u00e7\u00e3o di\u00e1ria.","og_url":"https:\/\/www.correiobraziliense.com.br\/cbradar\/qual-e-a-diferenca-entre-pao-integral-e-pao-com-farinha-integral-que-poucos-sabem\/","og_site_name":"Correio Braziliense - Radar","article_published_time":"2026-04-28T19:15:00+00:00","og_image":[{"width":1280,"height":720,"url":"https:\/\/www.correiobraziliense.com.br\/cbradar\/wp-content\/uploads\/2026\/04\/Gemini_Generated_Image_97y27a97y27a97y2-1-1.png","type":"image\/png"}],"author":"Patrick Silva","twitter_card":"summary_large_image","twitter_misc":{"Escrito por":"Patrick Silva","Est. tempo de leitura":"5 minutos"},"schema":{"@context":"https:\/\/schema.org","@graph":[{"@type":"WebPage","@id":"https:\/\/www.correiobraziliense.com.br\/cbradar\/qual-e-a-diferenca-entre-pao-integral-e-pao-com-farinha-integral-que-poucos-sabem\/","url":"https:\/\/www.correiobraziliense.com.br\/cbradar\/qual-e-a-diferenca-entre-pao-integral-e-pao-com-farinha-integral-que-poucos-sabem\/","name":"Qual \u00e9 a diferen\u00e7a entre p\u00e3o integral e p\u00e3o com farinha integral que poucos sabem - Correio Braziliense - Radar","isPartOf":{"@id":"https:\/\/www.correiobraziliense.com.br\/cbradar\/#website"},"primaryImageOfPage":{"@id":"https:\/\/www.correiobraziliense.com.br\/cbradar\/qual-e-a-diferenca-entre-pao-integral-e-pao-com-farinha-integral-que-poucos-sabem\/#primaryimage"},"image":{"@id":"https:\/\/www.correiobraziliense.com.br\/cbradar\/qual-e-a-diferenca-entre-pao-integral-e-pao-com-farinha-integral-que-poucos-sabem\/#primaryimage"},"thumbnailUrl":"https:\/\/www.correiobraziliense.com.br\/cbradar\/wp-content\/uploads\/2026\/04\/Gemini_Generated_Image_97y27a97y27a97y2-1-1.png","datePublished":"2026-04-28T19:15:00+00:00","author":{"@id":"https:\/\/www.correiobraziliense.com.br\/cbradar\/#\/schema\/person\/5440b72be9c7eb74f446c846479dc4da"},"description":"Nem todo p\u00e3o integral entrega o que promete. A ordem dos ingredientes revela diferen\u00e7as que impactam diretamente sua alimenta\u00e7\u00e3o di\u00e1ria.","breadcrumb":{"@id":"https:\/\/www.correiobraziliense.com.br\/cbradar\/qual-e-a-diferenca-entre-pao-integral-e-pao-com-farinha-integral-que-poucos-sabem\/#breadcrumb"},"inLanguage":"pt-BR","potentialAction":[{"@type":"ReadAction","target":["https:\/\/www.correiobraziliense.com.br\/cbradar\/qual-e-a-diferenca-entre-pao-integral-e-pao-com-farinha-integral-que-poucos-sabem\/"]}]},{"@type":"ImageObject","inLanguage":"pt-BR","@id":"https:\/\/www.correiobraziliense.com.br\/cbradar\/qual-e-a-diferenca-entre-pao-integral-e-pao-com-farinha-integral-que-poucos-sabem\/#primaryimage","url":"https:\/\/www.correiobraziliense.com.br\/cbradar\/wp-content\/uploads\/2026\/04\/Gemini_Generated_Image_97y27a97y27a97y2-1-1.png","contentUrl":"https:\/\/www.correiobraziliense.com.br\/cbradar\/wp-content\/uploads\/2026\/04\/Gemini_Generated_Image_97y27a97y27a97y2-1-1.png","width":1280,"height":720,"caption":"Diferen\u00e7a entre p\u00e3o integral verdadeiro e comum impacta sua alimenta\u00e7\u00e3o di\u00e1ria"},{"@type":"BreadcrumbList","@id":"https:\/\/www.correiobraziliense.com.br\/cbradar\/qual-e-a-diferenca-entre-pao-integral-e-pao-com-farinha-integral-que-poucos-sabem\/#breadcrumb","itemListElement":[{"@type":"ListItem","position":1,"name":"In\u00edcio","item":"https:\/\/www.correiobraziliense.com.br\/cbradar\/"},{"@type":"ListItem","position":2,"name":"Qual \u00e9 a diferen\u00e7a entre p\u00e3o integral e p\u00e3o com farinha integral que poucos sabem"}]},{"@type":"WebSite","@id":"https:\/\/www.correiobraziliense.com.br\/cbradar\/#website","url":"https:\/\/www.correiobraziliense.com.br\/cbradar\/","name":"Correio Braziliense - Radar","description":"Acompanhe as \u00faltimas not\u00edcias e fique bem informado sobre tudo o que acontece no Brasil e no mundo.","potentialAction":[{"@type":"SearchAction","target":{"@type":"EntryPoint","urlTemplate":"https:\/\/www.correiobraziliense.com.br\/cbradar\/?s={search_term_string}"},"query-input":{"@type":"PropertyValueSpecification","valueRequired":true,"valueName":"search_term_string"}}],"inLanguage":"pt-BR"},{"@type":"Person","@id":"https:\/\/www.correiobraziliense.com.br\/cbradar\/#\/schema\/person\/5440b72be9c7eb74f446c846479dc4da","name":"Patrick Silva","image":{"@type":"ImageObject","inLanguage":"pt-BR","@id":"https:\/\/www.correiobraziliense.com.br\/cbradar\/#\/schema\/person\/image\/","url":"https:\/\/secure.gravatar.com\/avatar\/944109df296fc087785c9715fd5f80b2?s=96&d=mm&r=g","contentUrl":"https:\/\/secure.gravatar.com\/avatar\/944109df296fc087785c9715fd5f80b2?s=96&d=mm&r=g","caption":"Patrick Silva"},"sameAs":["https:\/\/www.correiobraziliense.com.br\/cbradar\/"],"url":"https:\/\/www.correiobraziliense.com.br\/cbradar\/author\/patrick-silva\/"}]}},"_links":{"self":[{"href":"https:\/\/www.correiobraziliense.com.br\/cbradar\/wp-json\/wp\/v2\/posts\/233051","targetHints":{"allow":["GET"]}}],"collection":[{"href":"https:\/\/www.correiobraziliense.com.br\/cbradar\/wp-json\/wp\/v2\/posts"}],"about":[{"href":"https:\/\/www.correiobraziliense.com.br\/cbradar\/wp-json\/wp\/v2\/types\/post"}],"author":[{"embeddable":true,"href":"https:\/\/www.correiobraziliense.com.br\/cbradar\/wp-json\/wp\/v2\/users\/21"}],"replies":[{"embeddable":true,"href":"https:\/\/www.correiobraziliense.com.br\/cbradar\/wp-json\/wp\/v2\/comments?post=233051"}],"version-history":[{"count":4,"href":"https:\/\/www.correiobraziliense.com.br\/cbradar\/wp-json\/wp\/v2\/posts\/233051\/revisions"}],"predecessor-version":[{"id":233063,"href":"https:\/\/www.correiobraziliense.com.br\/cbradar\/wp-json\/wp\/v2\/posts\/233051\/revisions\/233063"}],"wp:featuredmedia":[{"embeddable":true,"href":"https:\/\/www.correiobraziliense.com.br\/cbradar\/wp-json\/wp\/v2\/media\/233058"}],"wp:attachment":[{"href":"https:\/\/www.correiobraziliense.com.br\/cbradar\/wp-json\/wp\/v2\/media?parent=233051"}],"wp:term":[{"taxonomy":"category","embeddable":true,"href":"https:\/\/www.correiobraziliense.com.br\/cbradar\/wp-json\/wp\/v2\/categories?post=233051"},{"taxonomy":"post_tag","embeddable":true,"href":"https:\/\/www.correiobraziliense.com.br\/cbradar\/wp-json\/wp\/v2\/post_tag?post=233051"}],"curies":[{"name":"wp","href":"https:\/\/api.w.org\/{rel}","templated":true}]}}