{"id":233059,"date":"2026-04-28T06:45:00","date_gmt":"2026-04-28T09:45:00","guid":{"rendered":"https:\/\/www.correiobraziliense.com.br\/cbradar\/?p=233059"},"modified":"2026-04-27T13:19:01","modified_gmt":"2026-04-27T16:19:01","slug":"o-nome-feminino-de-4-letras-que-esta-crescendo-no-brasil-por-soar-delicado-e-internacional","status":"publish","type":"post","link":"https:\/\/www.correiobraziliense.com.br\/cbradar\/o-nome-feminino-de-4-letras-que-esta-crescendo-no-brasil-por-soar-delicado-e-internacional\/","title":{"rendered":"O nome feminino de 4 letras que est\u00e1 crescendo no Brasil por soar delicado e internacional"},"content":{"rendered":"\n<p>Escolher o nome ideal para uma filha envolve equilibrar a tradi\u00e7\u00e3o familiar com tend\u00eancias modernas que facilitem a vida em um mundo globalizado. Muitas fam\u00edlias brasileiras est\u00e3o optando por nomes curtos que possuam uma pron\u00fancia simples e elegante em diversos idiomas. Essa tend\u00eancia reflete o desejo de oferecer uma identidade que soe leve e internacional.<\/p>\n\n\n\n<h2 class=\"wp-block-heading\">Por que nomes de quatro letras est\u00e3o dominando as escolhas?<\/h2>\n\n\n\n<p>O crescimento da escolha por <strong>Maya<\/strong> nas maternidades brasileiras decorre da facilidade com que o nome \u00e9 compreendido em diferentes culturas ao redor do planeta. Pais que planejam um futuro com viagens ou estudos internacionais buscam op\u00e7\u00f5es que n\u00e3o exijam corre\u00e7\u00f5es constantes de pron\u00fancia ou escrita. A simplicidade de apenas quatro letras garante uma est\u00e9tica visual limpa.<\/p>\n\n\n\n<p>Al\u00e9m da praticidade fon\u00e9tica, a sonoridade suave transmite uma sensa\u00e7\u00e3o de acolhimento e do\u00e7ura que agrada muito \u00e0s novas gera\u00e7\u00f5es de fam\u00edlias. A prefer\u00eancia por nomes curtos tamb\u00e9m facilita a combina\u00e7\u00e3o com sobrenomes longos e complexos, mantendo o equil\u00edbrio harm\u00f4nico na documenta\u00e7\u00e3o oficial da crian\u00e7a. Essa escolha demonstra um cuidado especial com a identidade da pequena.<\/p>\n\n\n\n<figure class=\"wp-block-image size-full\"><img decoding=\"async\" width=\"1280\" height=\"720\" src=\"https:\/\/www.correiobraziliense.com.br\/cbradar\/wp-content\/uploads\/2026\/04\/Gemini_Generated_Image_moh3x4moh3x4moh3-1-1.png\" alt=\"O nome feminino de 4 letras que est\u00e1 crescendo no Brasil por soar delicado e internacional\" class=\"wp-image-233069\" srcset=\"https:\/\/www.correiobraziliense.com.br\/cbradar\/wp-content\/uploads\/2026\/04\/Gemini_Generated_Image_moh3x4moh3x4moh3-1-1.png 1280w, https:\/\/www.correiobraziliense.com.br\/cbradar\/wp-content\/uploads\/2026\/04\/Gemini_Generated_Image_moh3x4moh3x4moh3-1-1-300x169.png 300w, https:\/\/www.correiobraziliense.com.br\/cbradar\/wp-content\/uploads\/2026\/04\/Gemini_Generated_Image_moh3x4moh3x4moh3-1-1-768x432.png 768w, https:\/\/www.correiobraziliense.com.br\/cbradar\/wp-content\/uploads\/2026\/04\/Gemini_Generated_Image_moh3x4moh3x4moh3-1-1-750x422.png 750w, https:\/\/www.correiobraziliense.com.br\/cbradar\/wp-content\/uploads\/2026\/04\/Gemini_Generated_Image_moh3x4moh3x4moh3-1-1-1140x641.png 1140w\" sizes=\"(max-width: 1280px) 100vw, 1280px\" \/><figcaption class=\"wp-element-caption\">Nomes femininos curtos se destacam por serem elegantes f\u00e1ceis de pronunciar e ideais para o mundo moderno<\/figcaption><\/figure>\n\n\n\n<h2 class=\"wp-block-heading\">Qual \u00e9 o significado por tr\u00e1s do nome Maya?<\/h2>\n\n\n\n<p>O termo carrega significados profundos que variam entre a ilus\u00e3o criativa, a maternidade divina e a for\u00e7a da pr\u00f3pria natureza em diversas civiliza\u00e7\u00f5es antigas. Essa riqueza simb\u00f3lica oferece uma base s\u00f3lida para a constru\u00e7\u00e3o da autoestima da menina, que cresce sentindo-se conectada a conceitos universais de beleza e poder. O nome torna-se um amuleto pessoal.<\/p>\n\n\n\n<p>A conex\u00e3o com figuras hist\u00f3ricas e mitol\u00f3gicas refor\u00e7a a autoridade da escolha, permitindo que a crian\u00e7a carregue uma heran\u00e7a cultural vasta e respeitada globalmente. Muitas pessoas buscam nomes que representem esperan\u00e7a e renova\u00e7\u00e3o, qualidades que esse nome espec\u00edfico emana de forma muito natural e espont\u00e2nea. \u00c9 uma homenagem \u00e0 diversidade e \u00e0 hist\u00f3ria da humanidade.<\/p>\n\n\n\n<h2 class=\"wp-block-heading\">Quais s\u00e3o outras op\u00e7\u00f5es curtas com apelo internacional?<\/h2>\n\n\n\n<p>Embora a op\u00e7\u00e3o de quatro letras seja a favorita do momento, existem outras varia\u00e7\u00f5es que seguem a mesma l\u00f3gica de delicadeza e alcance global. Todas essas escolhas compartilham a caracter\u00edstica de serem curtas, f\u00e1ceis de memorizar e extremamente elegantes para beb\u00eas de diferentes origens sociais. A diversidade de op\u00e7\u00f5es permite que cada fam\u00edlia encontre seu estilo.<\/p>\n\n\n\n<p>Outros nomes femininos curtos e internacionais que ganham destaque:<\/p>\n\n\n\n<ul class=\"wp-block-list\">\n<li><strong>Emma<\/strong><\/li>\n\n\n\n<li><strong>Luna<\/strong><\/li>\n\n\n\n<li><strong>Nina<\/strong><\/li>\n\n\n\n<li><strong>Aria<\/strong><\/li>\n\n\n\n<li><strong>Mila<\/strong><\/li>\n\n\n\n<li><strong>Sara<\/strong><\/li>\n<\/ul>\n\n\n\n<h2 class=\"wp-block-heading\">Como a simplicidade do nome facilita a vida social?<\/h2>\n\n\n\n<p>Ter uma identidade que n\u00e3o precise de explica\u00e7\u00f5es excessivas facilita a intera\u00e7\u00e3o social da crian\u00e7a desde os primeiros anos na escola prim\u00e1ria. Professores e colegas conseguem memorizar e pronunciar o nome corretamente de imediato, o que fortalece o sentimento de pertencimento e seguran\u00e7a emocional. A fluidez na comunica\u00e7\u00e3o \u00e9 um benef\u00edcio pr\u00e1tico que acompanha a pessoa sempre.<\/p>\n\n\n\n<p>Nomes curtos tamb\u00e9m ocupam menos espa\u00e7o em formul\u00e1rios digitais e redes sociais, adaptando-se perfeitamente ao estilo de vida moderno e tecnol\u00f3gico das grandes cidades. A est\u00e9tica minimalista \u00e9 uma tend\u00eancia que veio para ficar, influenciando desde a decora\u00e7\u00e3o do quarto at\u00e9 a escolha da assinatura oficial da menina. A modernidade exige solu\u00e7\u00f5es pr\u00e1ticas e muito belas.<\/p>\n\n\n\n<figure class=\"wp-block-image size-full\"><img decoding=\"async\" width=\"1280\" height=\"720\" src=\"https:\/\/www.correiobraziliense.com.br\/cbradar\/wp-content\/uploads\/2026\/04\/Gemini_Generated_Image_n1sp8tn1sp8tn1sp-1-1.png\" alt=\"O nome feminino de 4 letras que est\u00e1 crescendo no Brasil por soar delicado e internacional\" class=\"wp-image-233073\" srcset=\"https:\/\/www.correiobraziliense.com.br\/cbradar\/wp-content\/uploads\/2026\/04\/Gemini_Generated_Image_n1sp8tn1sp8tn1sp-1-1.png 1280w, https:\/\/www.correiobraziliense.com.br\/cbradar\/wp-content\/uploads\/2026\/04\/Gemini_Generated_Image_n1sp8tn1sp8tn1sp-1-1-300x169.png 300w, https:\/\/www.correiobraziliense.com.br\/cbradar\/wp-content\/uploads\/2026\/04\/Gemini_Generated_Image_n1sp8tn1sp8tn1sp-1-1-768x432.png 768w, https:\/\/www.correiobraziliense.com.br\/cbradar\/wp-content\/uploads\/2026\/04\/Gemini_Generated_Image_n1sp8tn1sp8tn1sp-1-1-750x422.png 750w, https:\/\/www.correiobraziliense.com.br\/cbradar\/wp-content\/uploads\/2026\/04\/Gemini_Generated_Image_n1sp8tn1sp8tn1sp-1-1-1140x641.png 1140w\" sizes=\"(max-width: 1280px) 100vw, 1280px\" \/><figcaption class=\"wp-element-caption\">Nomes femininos curtos se destacam por serem elegantes f\u00e1ceis de pronunciar e ideais para o mundo moderno<\/figcaption><\/figure>\n\n\n\n<p>Leia tamb\u00e9m: <a href=\"https:\/\/www.correiobraziliense.com.br\/cbradar\/as-melhores-opcoes-de-nomes-nordicos-para-meninos-em-2026\/\" target=\"_blank\" rel=\"noreferrer noopener\">As melhores op\u00e7\u00f5es de nomes n\u00f3rdicos para meninos em 2026<\/a><\/p>\n\n\n\n<h2 class=\"wp-block-heading\">Onde acompanhar as estat\u00edsticas de nomes no Brasil?<\/h2>\n\n\n\n<p>A popularidade de nomes curtos no territ\u00f3rio nacional \u00e9 monitorada por \u00f3rg\u00e3os que registram o comportamento social das fam\u00edlias ao longo das d\u00e9cadas. Esses dados revelam como as prefer\u00eancias mudam conforme a influ\u00eancia de meios de comunica\u00e7\u00e3o e a abertura para novas culturas estrangeiras. Analisar essas estat\u00edsticas ajuda a compreender as transforma\u00e7\u00f5es na identidade do povo brasileiro.<\/p>\n\n\n\n<p>Segundo informa\u00e7\u00f5es oficiais da <strong>Associa\u00e7\u00e3o Nacional dos Registradores de Pessoas Naturais<\/strong>, o registro de nomes curtos e internacionais apresenta um crescimento constante em todas as regi\u00f5es. Essa mudan\u00e7a reflete uma nova <a href=\"https:\/\/www.arpensp.org.br\" target=\"_blank\" rel=\"noreferrer noopener\">identidade cultural brasileira<\/a> que valoriza a integra\u00e7\u00e3o com o mundo globalizado sem perder a do\u00e7ura local. Escolher um nome \u00e9 definir um caminho de vida.<\/p>\n","protected":false},"excerpt":{"rendered":"<p>Escolher o nome ideal para uma filha envolve equilibrar a tradi\u00e7\u00e3o familiar com tend\u00eancias modernas que facilitem a vida em um mundo globalizado. Muitas fam\u00edlias brasileiras est\u00e3o optando por nomes curtos que possuam uma pron\u00fancia simples e elegante em diversos idiomas. Essa tend\u00eancia reflete o desejo de oferecer uma identidade que soe leve e internacional. [&hellip;]<\/p>\n","protected":false},"author":21,"featured_media":233066,"comment_status":"open","ping_status":"open","sticky":false,"template":"","format":"standard","meta":{"_yoast_wpseo_focuskw":"nomes femininos curtos","_yoast_wpseo_title":"","_yoast_wpseo_metadesc":"Nomes curtos e internacionais ganham destaque e conquistam fam\u00edlias que buscam praticidade eleg\u00e2ncia e f\u00e1cil pron\u00fancia","jnews-multi-image_gallery":[],"jnews_single_post":{"format":"standard"},"jnews_primary_category":[],"jnews_social_meta":[],"jnews_override_counter":[],"footnotes":""},"categories":[112],"post_tag":[],"class_list":["post-233059","post","type-post","status-publish","format-standard","has-post-thumbnail","hentry","category-curiosidades"],"yoast_head":"<!-- This site is optimized with the Yoast SEO plugin v24.6 - https:\/\/yoast.com\/wordpress\/plugins\/seo\/ -->\n<title>O nome feminino de 4 letras que est\u00e1 crescendo no Brasil por soar delicado e internacional - Correio Braziliense - Radar<\/title>\n<meta name=\"description\" content=\"Nomes curtos e internacionais ganham destaque e conquistam fam\u00edlias que buscam praticidade eleg\u00e2ncia e f\u00e1cil pron\u00fancia\" \/>\n<meta name=\"robots\" content=\"index, follow, max-snippet:-1, max-image-preview:large, max-video-preview:-1\" \/>\n<link rel=\"canonical\" href=\"https:\/\/www.correiobraziliense.com.br\/cbradar\/o-nome-feminino-de-4-letras-que-esta-crescendo-no-brasil-por-soar-delicado-e-internacional\/\" \/>\n<meta property=\"og:locale\" content=\"pt_BR\" \/>\n<meta property=\"og:type\" content=\"article\" \/>\n<meta property=\"og:title\" content=\"O nome feminino de 4 letras que est\u00e1 crescendo no Brasil por soar delicado e internacional - Correio Braziliense - Radar\" \/>\n<meta property=\"og:description\" content=\"Nomes curtos e internacionais ganham destaque e conquistam fam\u00edlias que buscam praticidade eleg\u00e2ncia e f\u00e1cil pron\u00fancia\" \/>\n<meta property=\"og:url\" content=\"https:\/\/www.correiobraziliense.com.br\/cbradar\/o-nome-feminino-de-4-letras-que-esta-crescendo-no-brasil-por-soar-delicado-e-internacional\/\" \/>\n<meta property=\"og:site_name\" content=\"Correio Braziliense - Radar\" \/>\n<meta property=\"article:published_time\" content=\"2026-04-28T09:45:00+00:00\" \/>\n<meta property=\"og:image\" content=\"https:\/\/www.correiobraziliense.com.br\/cbradar\/wp-content\/uploads\/2026\/04\/Gemini_Generated_Image_9h2val9h2val9h2v-1-1.png\" \/>\n\t<meta property=\"og:image:width\" content=\"1280\" \/>\n\t<meta property=\"og:image:height\" content=\"720\" \/>\n\t<meta property=\"og:image:type\" content=\"image\/png\" \/>\n<meta name=\"author\" content=\"Patrick Silva\" \/>\n<meta name=\"twitter:card\" content=\"summary_large_image\" \/>\n<meta name=\"twitter:label1\" content=\"Escrito por\" \/>\n\t<meta name=\"twitter:data1\" content=\"Patrick Silva\" \/>\n\t<meta name=\"twitter:label2\" content=\"Est. tempo de leitura\" \/>\n\t<meta name=\"twitter:data2\" content=\"5 minutos\" \/>\n<!-- \/ Yoast SEO plugin. -->","yoast_head_json":{"title":"O nome feminino de 4 letras que est\u00e1 crescendo no Brasil por soar delicado e internacional - Correio Braziliense - Radar","description":"Nomes curtos e internacionais ganham destaque e conquistam fam\u00edlias que buscam praticidade eleg\u00e2ncia e f\u00e1cil pron\u00fancia","robots":{"index":"index","follow":"follow","max-snippet":"max-snippet:-1","max-image-preview":"max-image-preview:large","max-video-preview":"max-video-preview:-1"},"canonical":"https:\/\/www.correiobraziliense.com.br\/cbradar\/o-nome-feminino-de-4-letras-que-esta-crescendo-no-brasil-por-soar-delicado-e-internacional\/","og_locale":"pt_BR","og_type":"article","og_title":"O nome feminino de 4 letras que est\u00e1 crescendo no Brasil por soar delicado e internacional - Correio Braziliense - Radar","og_description":"Nomes curtos e internacionais ganham destaque e conquistam fam\u00edlias que buscam praticidade eleg\u00e2ncia e f\u00e1cil pron\u00fancia","og_url":"https:\/\/www.correiobraziliense.com.br\/cbradar\/o-nome-feminino-de-4-letras-que-esta-crescendo-no-brasil-por-soar-delicado-e-internacional\/","og_site_name":"Correio Braziliense - Radar","article_published_time":"2026-04-28T09:45:00+00:00","og_image":[{"width":1280,"height":720,"url":"https:\/\/www.correiobraziliense.com.br\/cbradar\/wp-content\/uploads\/2026\/04\/Gemini_Generated_Image_9h2val9h2val9h2v-1-1.png","type":"image\/png"}],"author":"Patrick Silva","twitter_card":"summary_large_image","twitter_misc":{"Escrito por":"Patrick Silva","Est. tempo de leitura":"5 minutos"},"schema":{"@context":"https:\/\/schema.org","@graph":[{"@type":"WebPage","@id":"https:\/\/www.correiobraziliense.com.br\/cbradar\/o-nome-feminino-de-4-letras-que-esta-crescendo-no-brasil-por-soar-delicado-e-internacional\/","url":"https:\/\/www.correiobraziliense.com.br\/cbradar\/o-nome-feminino-de-4-letras-que-esta-crescendo-no-brasil-por-soar-delicado-e-internacional\/","name":"O nome feminino de 4 letras que est\u00e1 crescendo no Brasil por soar delicado e internacional - Correio Braziliense - Radar","isPartOf":{"@id":"https:\/\/www.correiobraziliense.com.br\/cbradar\/#website"},"primaryImageOfPage":{"@id":"https:\/\/www.correiobraziliense.com.br\/cbradar\/o-nome-feminino-de-4-letras-que-esta-crescendo-no-brasil-por-soar-delicado-e-internacional\/#primaryimage"},"image":{"@id":"https:\/\/www.correiobraziliense.com.br\/cbradar\/o-nome-feminino-de-4-letras-que-esta-crescendo-no-brasil-por-soar-delicado-e-internacional\/#primaryimage"},"thumbnailUrl":"https:\/\/www.correiobraziliense.com.br\/cbradar\/wp-content\/uploads\/2026\/04\/Gemini_Generated_Image_9h2val9h2val9h2v-1-1.png","datePublished":"2026-04-28T09:45:00+00:00","author":{"@id":"https:\/\/www.correiobraziliense.com.br\/cbradar\/#\/schema\/person\/5440b72be9c7eb74f446c846479dc4da"},"description":"Nomes curtos e internacionais ganham destaque e conquistam fam\u00edlias que buscam praticidade eleg\u00e2ncia e f\u00e1cil pron\u00fancia","breadcrumb":{"@id":"https:\/\/www.correiobraziliense.com.br\/cbradar\/o-nome-feminino-de-4-letras-que-esta-crescendo-no-brasil-por-soar-delicado-e-internacional\/#breadcrumb"},"inLanguage":"pt-BR","potentialAction":[{"@type":"ReadAction","target":["https:\/\/www.correiobraziliense.com.br\/cbradar\/o-nome-feminino-de-4-letras-que-esta-crescendo-no-brasil-por-soar-delicado-e-internacional\/"]}]},{"@type":"ImageObject","inLanguage":"pt-BR","@id":"https:\/\/www.correiobraziliense.com.br\/cbradar\/o-nome-feminino-de-4-letras-que-esta-crescendo-no-brasil-por-soar-delicado-e-internacional\/#primaryimage","url":"https:\/\/www.correiobraziliense.com.br\/cbradar\/wp-content\/uploads\/2026\/04\/Gemini_Generated_Image_9h2val9h2val9h2v-1-1.png","contentUrl":"https:\/\/www.correiobraziliense.com.br\/cbradar\/wp-content\/uploads\/2026\/04\/Gemini_Generated_Image_9h2val9h2val9h2v-1-1.png","width":1280,"height":720,"caption":"Nomes femininos curtos se destacam por serem elegantes f\u00e1ceis de pronunciar e ideais para o mundo moderno"},{"@type":"BreadcrumbList","@id":"https:\/\/www.correiobraziliense.com.br\/cbradar\/o-nome-feminino-de-4-letras-que-esta-crescendo-no-brasil-por-soar-delicado-e-internacional\/#breadcrumb","itemListElement":[{"@type":"ListItem","position":1,"name":"In\u00edcio","item":"https:\/\/www.correiobraziliense.com.br\/cbradar\/"},{"@type":"ListItem","position":2,"name":"O nome feminino de 4 letras que est\u00e1 crescendo no Brasil por soar delicado e internacional"}]},{"@type":"WebSite","@id":"https:\/\/www.correiobraziliense.com.br\/cbradar\/#website","url":"https:\/\/www.correiobraziliense.com.br\/cbradar\/","name":"Correio Braziliense - Radar","description":"Acompanhe as \u00faltimas not\u00edcias e fique bem informado sobre tudo o que acontece no Brasil e no mundo.","potentialAction":[{"@type":"SearchAction","target":{"@type":"EntryPoint","urlTemplate":"https:\/\/www.correiobraziliense.com.br\/cbradar\/?s={search_term_string}"},"query-input":{"@type":"PropertyValueSpecification","valueRequired":true,"valueName":"search_term_string"}}],"inLanguage":"pt-BR"},{"@type":"Person","@id":"https:\/\/www.correiobraziliense.com.br\/cbradar\/#\/schema\/person\/5440b72be9c7eb74f446c846479dc4da","name":"Patrick Silva","image":{"@type":"ImageObject","inLanguage":"pt-BR","@id":"https:\/\/www.correiobraziliense.com.br\/cbradar\/#\/schema\/person\/image\/","url":"https:\/\/secure.gravatar.com\/avatar\/944109df296fc087785c9715fd5f80b2?s=96&d=mm&r=g","contentUrl":"https:\/\/secure.gravatar.com\/avatar\/944109df296fc087785c9715fd5f80b2?s=96&d=mm&r=g","caption":"Patrick Silva"},"sameAs":["https:\/\/www.correiobraziliense.com.br\/cbradar\/"],"url":"https:\/\/www.correiobraziliense.com.br\/cbradar\/author\/patrick-silva\/"}]}},"_links":{"self":[{"href":"https:\/\/www.correiobraziliense.com.br\/cbradar\/wp-json\/wp\/v2\/posts\/233059","targetHints":{"allow":["GET"]}}],"collection":[{"href":"https:\/\/www.correiobraziliense.com.br\/cbradar\/wp-json\/wp\/v2\/posts"}],"about":[{"href":"https:\/\/www.correiobraziliense.com.br\/cbradar\/wp-json\/wp\/v2\/types\/post"}],"author":[{"embeddable":true,"href":"https:\/\/www.correiobraziliense.com.br\/cbradar\/wp-json\/wp\/v2\/users\/21"}],"replies":[{"embeddable":true,"href":"https:\/\/www.correiobraziliense.com.br\/cbradar\/wp-json\/wp\/v2\/comments?post=233059"}],"version-history":[{"count":1,"href":"https:\/\/www.correiobraziliense.com.br\/cbradar\/wp-json\/wp\/v2\/posts\/233059\/revisions"}],"predecessor-version":[{"id":233076,"href":"https:\/\/www.correiobraziliense.com.br\/cbradar\/wp-json\/wp\/v2\/posts\/233059\/revisions\/233076"}],"wp:featuredmedia":[{"embeddable":true,"href":"https:\/\/www.correiobraziliense.com.br\/cbradar\/wp-json\/wp\/v2\/media\/233066"}],"wp:attachment":[{"href":"https:\/\/www.correiobraziliense.com.br\/cbradar\/wp-json\/wp\/v2\/media?parent=233059"}],"wp:term":[{"taxonomy":"category","embeddable":true,"href":"https:\/\/www.correiobraziliense.com.br\/cbradar\/wp-json\/wp\/v2\/categories?post=233059"},{"taxonomy":"post_tag","embeddable":true,"href":"https:\/\/www.correiobraziliense.com.br\/cbradar\/wp-json\/wp\/v2\/post_tag?post=233059"}],"curies":[{"name":"wp","href":"https:\/\/api.w.org\/{rel}","templated":true}]}}