{"id":233060,"date":"2026-04-28T12:05:00","date_gmt":"2026-04-28T15:05:00","guid":{"rendered":"https:\/\/www.correiobraziliense.com.br\/cbradar\/?p=233060"},"modified":"2026-04-27T13:19:59","modified_gmt":"2026-04-27T16:19:59","slug":"o-nome-masculino-de-4-letras-que-esta-ganhando-espaco-no-brasil-por-transmitir-forca-e-simplicidade","status":"publish","type":"post","link":"https:\/\/www.correiobraziliense.com.br\/cbradar\/o-nome-masculino-de-4-letras-que-esta-ganhando-espaco-no-brasil-por-transmitir-forca-e-simplicidade\/","title":{"rendered":"O nome masculino de 4 letras que est\u00e1 ganhando espa\u00e7o no Brasil por transmitir for\u00e7a e simplicidade"},"content":{"rendered":"\n<p>Escolher a identidade de um filho exige equil\u00edbrio entre a sonoridade moderna e um significado que transmita seguran\u00e7a duradoura para o futuro. Muitas fam\u00edlias brasileiras est\u00e3o priorizando nomes curtos que facilitem a alfabetiza\u00e7\u00e3o e possuam aceita\u00e7\u00e3o global imediata em diversos pa\u00edses. Essa busca por minimalismo reflete o desejo de oferecer uma assinatura pessoal marcante e muito original.<\/p>\n\n\n\n<h2 class=\"wp-block-heading\">Por que nomes de quatro letras s\u00e3o t\u00e3o procurados pelos pais?<\/h2>\n\n\n\n<p>A prefer\u00eancia por nomes curtos decorre da praticidade fon\u00e9tica que facilita a comunica\u00e7\u00e3o em ambientes escolares e sociais desde os primeiros anos de vida. Termos com poucas letras evitam apelidos desnecess\u00e1rios e garantem que a crian\u00e7a aprenda a escrever o pr\u00f3prio nome com maior agilidade e confian\u00e7a motora. A est\u00e9tica visual limpa agrada fam\u00edlias que valorizam a modernidade.<\/p>\n\n\n\n<p>Al\u00e9m da facilidade pr\u00e1tica, essas escolhas harmonizam perfeitamente com sobrenomes longos ou compostos, mantendo o equil\u00edbrio visual em documentos oficiais e registros civis. A tend\u00eancia de nomes curtos reflete uma mudan\u00e7a cultural que prioriza o essencial e evita excessos decorativos nas identidades das novas gera\u00e7\u00f5es. Ter um nome objetivo facilita a integra\u00e7\u00e3o em um mundo cada vez mais conectado.<\/p>\n\n\n\n<figure class=\"wp-block-image size-full\"><img decoding=\"async\" width=\"1280\" height=\"720\" src=\"https:\/\/www.correiobraziliense.com.br\/cbradar\/wp-content\/uploads\/2026\/04\/Gemini_Generated_Image_imb930imb930imb9-1-1.png\" alt=\"O nome masculino de 4 letras que est\u00e1 ganhando espa\u00e7o no Brasil por transmitir for\u00e7a e simplicidade\" class=\"wp-image-233092\" srcset=\"https:\/\/www.correiobraziliense.com.br\/cbradar\/wp-content\/uploads\/2026\/04\/Gemini_Generated_Image_imb930imb930imb9-1-1.png 1280w, https:\/\/www.correiobraziliense.com.br\/cbradar\/wp-content\/uploads\/2026\/04\/Gemini_Generated_Image_imb930imb930imb9-1-1-300x169.png 300w, https:\/\/www.correiobraziliense.com.br\/cbradar\/wp-content\/uploads\/2026\/04\/Gemini_Generated_Image_imb930imb930imb9-1-1-768x432.png 768w, https:\/\/www.correiobraziliense.com.br\/cbradar\/wp-content\/uploads\/2026\/04\/Gemini_Generated_Image_imb930imb930imb9-1-1-750x422.png 750w, https:\/\/www.correiobraziliense.com.br\/cbradar\/wp-content\/uploads\/2026\/04\/Gemini_Generated_Image_imb930imb930imb9-1-1-1140x641.png 1140w\" sizes=\"(max-width: 1280px) 100vw, 1280px\" \/><figcaption class=\"wp-element-caption\">Nomes masculinos curtos se destacam pela praticidade for\u00e7a e f\u00e1cil adapta\u00e7\u00e3o no mundo atual<\/figcaption><\/figure>\n\n\n\n<h2 class=\"wp-block-heading\">Qual \u00e9 o significado por tr\u00e1s do nome masculino curto no Brasil?<\/h2>\n\n\n\n<p>O nome que conquistou o topo das listas de registros nacionais carrega uma simbologia ligada ao repouso, ao conforto e \u00e0 longevidade da exist\u00eancia humana. Embora possua ra\u00edzes milenares, a sua popularidade recente deve-se ao fato de transmitir uma autoridade serena que agrada diferentes perfis de pais. Essa escolha simboliza a busca por paz e prote\u00e7\u00e3o.<\/p>\n\n\n\n<p>A conex\u00e3o com figuras hist\u00f3ricas importantes confere uma carga de resili\u00eancia e for\u00e7a que acompanha o menino durante todas as fases do seu crescimento saud\u00e1vel. Pais que escolhem essa identifica\u00e7\u00e3o buscam um equil\u00edbrio entre a suavidade da pron\u00fancia e a firmeza dos valores ancestrais que a palavra emana. O nome torna-se um pilar fundamental na constru\u00e7\u00e3o da personalidade.<\/p>\n\n\n\n<h2 class=\"wp-block-heading\">Quais s\u00e3o as principais varia\u00e7\u00f5es de nomes curtos e fortes?<\/h2>\n\n\n\n<p>Existem diversas op\u00e7\u00f5es que seguem a l\u00f3gica da simplicidade mas que entregam uma carga energ\u00e9tica distinta conforme a origem cultural e lingu\u00edstica de cada termo. Selecionar uma varia\u00e7\u00e3o exige pesquisa sobre a etimologia para garantir que o sentido esteja alinhado com as expectativas da fam\u00edlia para o beb\u00ea. A variedade de escolhas permite encontrar a harmonia perfeita.<\/p>\n\n\n\n<p>Op\u00e7\u00f5es masculinas curtas que transmitem autoridade e s\u00e3o populares no <strong>Brasil<\/strong>:<\/p>\n\n\n\n<ul class=\"wp-block-list\">\n<li><strong>Noah<\/strong><\/li>\n\n\n\n<li><strong>Gael<\/strong><\/li>\n\n\n\n<li><strong>Levi<\/strong><\/li>\n\n\n\n<li><strong>Theo<\/strong><\/li>\n\n\n\n<li><strong>Liam<\/strong><\/li>\n\n\n\n<li><strong>Enzo<\/strong><\/li>\n<\/ul>\n\n\n\n<h2 class=\"wp-block-heading\">Como a sonoridade internacional facilita a vida do menino?<\/h2>\n\n\n\n<p>A escolha de uma identidade com pron\u00fancia universal prepara a crian\u00e7a para transitar com facilidade em contextos globais, seja em viagens ou carreiras profissionais futuras. Nomes que soam bem em portugu\u00eas, ingl\u00eas e espanhol reduzem barreiras de comunica\u00e7\u00e3o e evitam constrangimentos causados por grafias complexas ou interpreta\u00e7\u00f5es equivocadas. A fluidez verbal \u00e9 um benef\u00edcio pr\u00e1tico inquestion\u00e1vel.<\/p>\n\n\n\n<p>Sentir-se confort\u00e1vel com o pr\u00f3prio nome em qualquer lugar do mundo fortalece a autoconfian\u00e7a e a percep\u00e7\u00e3o de pertencimento a uma sociedade diversa e integrada. A simplicidade fon\u00e9tica ajuda na forma\u00e7\u00e3o de v\u00ednculos sociais r\u00e1pidos, pois o nome \u00e9 memorizado com facilidade por colegas e professores de diferentes origens. Investir em uma sonoridade clara \u00e9 um presente valioso.<\/p>\n\n\n\n<figure class=\"wp-block-image size-full\"><img decoding=\"async\" width=\"1280\" height=\"720\" src=\"https:\/\/www.correiobraziliense.com.br\/cbradar\/wp-content\/uploads\/2026\/04\/Gemini_Generated_Image_qbmpigqbmpigqbmp-1-1.png\" alt=\"O nome masculino de 4 letras que est\u00e1 ganhando espa\u00e7o no Brasil por transmitir for\u00e7a e simplicidade\" class=\"wp-image-233094\" srcset=\"https:\/\/www.correiobraziliense.com.br\/cbradar\/wp-content\/uploads\/2026\/04\/Gemini_Generated_Image_qbmpigqbmpigqbmp-1-1.png 1280w, https:\/\/www.correiobraziliense.com.br\/cbradar\/wp-content\/uploads\/2026\/04\/Gemini_Generated_Image_qbmpigqbmpigqbmp-1-1-300x169.png 300w, https:\/\/www.correiobraziliense.com.br\/cbradar\/wp-content\/uploads\/2026\/04\/Gemini_Generated_Image_qbmpigqbmpigqbmp-1-1-768x432.png 768w, https:\/\/www.correiobraziliense.com.br\/cbradar\/wp-content\/uploads\/2026\/04\/Gemini_Generated_Image_qbmpigqbmpigqbmp-1-1-750x422.png 750w, https:\/\/www.correiobraziliense.com.br\/cbradar\/wp-content\/uploads\/2026\/04\/Gemini_Generated_Image_qbmpigqbmpigqbmp-1-1-1140x641.png 1140w\" sizes=\"(max-width: 1280px) 100vw, 1280px\" \/><figcaption class=\"wp-element-caption\">Nomes masculinos curtos se destacam pela praticidade for\u00e7a e f\u00e1cil adapta\u00e7\u00e3o no mundo atual<\/figcaption><\/figure>\n\n\n\n<p>Leia tamb\u00e9m: <a href=\"https:\/\/www.correiobraziliense.com.br\/cbradar\/as-melhores-opcoes-de-nomes-nordicos-para-meninos-em-2026\/\" target=\"_blank\" rel=\"noreferrer noopener\">As melhores op\u00e7\u00f5es de nomes n\u00f3rdicos para meninos em 2026<\/a><\/p>\n\n\n\n<h2 class=\"wp-block-heading\">Onde conferir as tend\u00eancias oficiais de nomes masculinos?<\/h2>\n\n\n\n<p>Acompanhar os registros oficiais permite que os pais compreendam as transforma\u00e7\u00f5es nas prefer\u00eancias da sociedade e fa\u00e7am escolhas que reflitam o esp\u00edrito do tempo. Esses dados mostram como nomes cl\u00e1ssicos ganham novas roupagens e como influ\u00eancias culturais externas moldam a identidade das crian\u00e7as em todas as regi\u00f5es brasileiras. A informa\u00e7\u00e3o estat\u00edstica \u00e9 a base para decis\u00f5es seguras.<\/p>\n\n\n\n<p>Os dados coletados pelo portal da transpar\u00eancia fornecem uma vis\u00e3o detalhada sobre o crescimento de nomes espec\u00edficos e auxiliam na identifica\u00e7\u00e3o de tend\u00eancias emergentes no territ\u00f3rio nacional. Consultar os relat\u00f3rios da <strong>Associa\u00e7\u00e3o Nacional dos Registradores de Pessoas Naturais<\/strong> garante que a escolha seja fundamentada em fatos reais sobre a <a href=\"https:\/\/www.arpensp.org.br\" target=\"_blank\" rel=\"noreferrer noopener\">popularidade de nomes<\/a>. O planejamento consciente assegura uma identidade duradoura.<\/p>\n","protected":false},"excerpt":{"rendered":"<p>Escolher a identidade de um filho exige equil\u00edbrio entre a sonoridade moderna e um significado que transmita seguran\u00e7a duradoura para o futuro. Muitas fam\u00edlias brasileiras est\u00e3o priorizando nomes curtos que facilitem a alfabetiza\u00e7\u00e3o e possuam aceita\u00e7\u00e3o global imediata em diversos pa\u00edses. Essa busca por minimalismo reflete o desejo de oferecer uma assinatura pessoal marcante e [&hellip;]<\/p>\n","protected":false},"author":21,"featured_media":233088,"comment_status":"open","ping_status":"open","sticky":false,"template":"","format":"standard","meta":{"_yoast_wpseo_focuskw":"nomes masculinos curtos","_yoast_wpseo_title":"","_yoast_wpseo_metadesc":"Nomes curtos masculinos ganham destaque por unir praticidade sonoridade forte e f\u00e1cil adapta\u00e7\u00e3o em diferentes culturas","jnews-multi-image_gallery":[],"jnews_single_post":{"format":"standard"},"jnews_primary_category":[],"jnews_social_meta":[],"jnews_override_counter":[],"footnotes":""},"categories":[112],"post_tag":[],"class_list":["post-233060","post","type-post","status-publish","format-standard","has-post-thumbnail","hentry","category-curiosidades"],"yoast_head":"<!-- This site is optimized with the Yoast SEO plugin v24.6 - https:\/\/yoast.com\/wordpress\/plugins\/seo\/ -->\n<title>O nome masculino de 4 letras que est\u00e1 ganhando espa\u00e7o no Brasil por transmitir for\u00e7a e simplicidade - Correio Braziliense - Radar<\/title>\n<meta name=\"description\" content=\"Nomes curtos masculinos ganham destaque por unir praticidade sonoridade forte e f\u00e1cil adapta\u00e7\u00e3o em diferentes culturas\" \/>\n<meta name=\"robots\" content=\"index, follow, max-snippet:-1, max-image-preview:large, max-video-preview:-1\" \/>\n<link rel=\"canonical\" href=\"https:\/\/www.correiobraziliense.com.br\/cbradar\/o-nome-masculino-de-4-letras-que-esta-ganhando-espaco-no-brasil-por-transmitir-forca-e-simplicidade\/\" \/>\n<meta property=\"og:locale\" content=\"pt_BR\" \/>\n<meta property=\"og:type\" content=\"article\" \/>\n<meta property=\"og:title\" content=\"O nome masculino de 4 letras que est\u00e1 ganhando espa\u00e7o no Brasil por transmitir for\u00e7a e simplicidade - Correio Braziliense - Radar\" \/>\n<meta property=\"og:description\" content=\"Nomes curtos masculinos ganham destaque por unir praticidade sonoridade forte e f\u00e1cil adapta\u00e7\u00e3o em diferentes culturas\" \/>\n<meta property=\"og:url\" content=\"https:\/\/www.correiobraziliense.com.br\/cbradar\/o-nome-masculino-de-4-letras-que-esta-ganhando-espaco-no-brasil-por-transmitir-forca-e-simplicidade\/\" \/>\n<meta property=\"og:site_name\" content=\"Correio Braziliense - Radar\" \/>\n<meta property=\"article:published_time\" content=\"2026-04-28T15:05:00+00:00\" \/>\n<meta property=\"og:image\" content=\"https:\/\/www.correiobraziliense.com.br\/cbradar\/wp-content\/uploads\/2026\/04\/Gemini_Generated_Image_vj0trmvj0trmvj0t-1-1.png\" \/>\n\t<meta property=\"og:image:width\" content=\"1280\" \/>\n\t<meta property=\"og:image:height\" content=\"720\" \/>\n\t<meta property=\"og:image:type\" content=\"image\/png\" \/>\n<meta name=\"author\" content=\"Patrick Silva\" \/>\n<meta name=\"twitter:card\" content=\"summary_large_image\" \/>\n<meta name=\"twitter:label1\" content=\"Escrito por\" \/>\n\t<meta name=\"twitter:data1\" content=\"Patrick Silva\" \/>\n\t<meta name=\"twitter:label2\" content=\"Est. tempo de leitura\" \/>\n\t<meta name=\"twitter:data2\" content=\"5 minutos\" \/>\n<!-- \/ Yoast SEO plugin. -->","yoast_head_json":{"title":"O nome masculino de 4 letras que est\u00e1 ganhando espa\u00e7o no Brasil por transmitir for\u00e7a e simplicidade - Correio Braziliense - Radar","description":"Nomes curtos masculinos ganham destaque por unir praticidade sonoridade forte e f\u00e1cil adapta\u00e7\u00e3o em diferentes culturas","robots":{"index":"index","follow":"follow","max-snippet":"max-snippet:-1","max-image-preview":"max-image-preview:large","max-video-preview":"max-video-preview:-1"},"canonical":"https:\/\/www.correiobraziliense.com.br\/cbradar\/o-nome-masculino-de-4-letras-que-esta-ganhando-espaco-no-brasil-por-transmitir-forca-e-simplicidade\/","og_locale":"pt_BR","og_type":"article","og_title":"O nome masculino de 4 letras que est\u00e1 ganhando espa\u00e7o no Brasil por transmitir for\u00e7a e simplicidade - Correio Braziliense - Radar","og_description":"Nomes curtos masculinos ganham destaque por unir praticidade sonoridade forte e f\u00e1cil adapta\u00e7\u00e3o em diferentes culturas","og_url":"https:\/\/www.correiobraziliense.com.br\/cbradar\/o-nome-masculino-de-4-letras-que-esta-ganhando-espaco-no-brasil-por-transmitir-forca-e-simplicidade\/","og_site_name":"Correio Braziliense - Radar","article_published_time":"2026-04-28T15:05:00+00:00","og_image":[{"width":1280,"height":720,"url":"https:\/\/www.correiobraziliense.com.br\/cbradar\/wp-content\/uploads\/2026\/04\/Gemini_Generated_Image_vj0trmvj0trmvj0t-1-1.png","type":"image\/png"}],"author":"Patrick Silva","twitter_card":"summary_large_image","twitter_misc":{"Escrito por":"Patrick Silva","Est. tempo de leitura":"5 minutos"},"schema":{"@context":"https:\/\/schema.org","@graph":[{"@type":"WebPage","@id":"https:\/\/www.correiobraziliense.com.br\/cbradar\/o-nome-masculino-de-4-letras-que-esta-ganhando-espaco-no-brasil-por-transmitir-forca-e-simplicidade\/","url":"https:\/\/www.correiobraziliense.com.br\/cbradar\/o-nome-masculino-de-4-letras-que-esta-ganhando-espaco-no-brasil-por-transmitir-forca-e-simplicidade\/","name":"O nome masculino de 4 letras que est\u00e1 ganhando espa\u00e7o no Brasil por transmitir for\u00e7a e simplicidade - Correio Braziliense - Radar","isPartOf":{"@id":"https:\/\/www.correiobraziliense.com.br\/cbradar\/#website"},"primaryImageOfPage":{"@id":"https:\/\/www.correiobraziliense.com.br\/cbradar\/o-nome-masculino-de-4-letras-que-esta-ganhando-espaco-no-brasil-por-transmitir-forca-e-simplicidade\/#primaryimage"},"image":{"@id":"https:\/\/www.correiobraziliense.com.br\/cbradar\/o-nome-masculino-de-4-letras-que-esta-ganhando-espaco-no-brasil-por-transmitir-forca-e-simplicidade\/#primaryimage"},"thumbnailUrl":"https:\/\/www.correiobraziliense.com.br\/cbradar\/wp-content\/uploads\/2026\/04\/Gemini_Generated_Image_vj0trmvj0trmvj0t-1-1.png","datePublished":"2026-04-28T15:05:00+00:00","author":{"@id":"https:\/\/www.correiobraziliense.com.br\/cbradar\/#\/schema\/person\/5440b72be9c7eb74f446c846479dc4da"},"description":"Nomes curtos masculinos ganham destaque por unir praticidade sonoridade forte e f\u00e1cil adapta\u00e7\u00e3o em diferentes culturas","breadcrumb":{"@id":"https:\/\/www.correiobraziliense.com.br\/cbradar\/o-nome-masculino-de-4-letras-que-esta-ganhando-espaco-no-brasil-por-transmitir-forca-e-simplicidade\/#breadcrumb"},"inLanguage":"pt-BR","potentialAction":[{"@type":"ReadAction","target":["https:\/\/www.correiobraziliense.com.br\/cbradar\/o-nome-masculino-de-4-letras-que-esta-ganhando-espaco-no-brasil-por-transmitir-forca-e-simplicidade\/"]}]},{"@type":"ImageObject","inLanguage":"pt-BR","@id":"https:\/\/www.correiobraziliense.com.br\/cbradar\/o-nome-masculino-de-4-letras-que-esta-ganhando-espaco-no-brasil-por-transmitir-forca-e-simplicidade\/#primaryimage","url":"https:\/\/www.correiobraziliense.com.br\/cbradar\/wp-content\/uploads\/2026\/04\/Gemini_Generated_Image_vj0trmvj0trmvj0t-1-1.png","contentUrl":"https:\/\/www.correiobraziliense.com.br\/cbradar\/wp-content\/uploads\/2026\/04\/Gemini_Generated_Image_vj0trmvj0trmvj0t-1-1.png","width":1280,"height":720,"caption":"Nomes masculinos curtos se destacam pela praticidade for\u00e7a e f\u00e1cil adapta\u00e7\u00e3o no mundo atual"},{"@type":"BreadcrumbList","@id":"https:\/\/www.correiobraziliense.com.br\/cbradar\/o-nome-masculino-de-4-letras-que-esta-ganhando-espaco-no-brasil-por-transmitir-forca-e-simplicidade\/#breadcrumb","itemListElement":[{"@type":"ListItem","position":1,"name":"In\u00edcio","item":"https:\/\/www.correiobraziliense.com.br\/cbradar\/"},{"@type":"ListItem","position":2,"name":"O nome masculino de 4 letras que est\u00e1 ganhando espa\u00e7o no Brasil por transmitir for\u00e7a e simplicidade"}]},{"@type":"WebSite","@id":"https:\/\/www.correiobraziliense.com.br\/cbradar\/#website","url":"https:\/\/www.correiobraziliense.com.br\/cbradar\/","name":"Correio Braziliense - Radar","description":"Acompanhe as \u00faltimas not\u00edcias e fique bem informado sobre tudo o que acontece no Brasil e no mundo.","potentialAction":[{"@type":"SearchAction","target":{"@type":"EntryPoint","urlTemplate":"https:\/\/www.correiobraziliense.com.br\/cbradar\/?s={search_term_string}"},"query-input":{"@type":"PropertyValueSpecification","valueRequired":true,"valueName":"search_term_string"}}],"inLanguage":"pt-BR"},{"@type":"Person","@id":"https:\/\/www.correiobraziliense.com.br\/cbradar\/#\/schema\/person\/5440b72be9c7eb74f446c846479dc4da","name":"Patrick Silva","image":{"@type":"ImageObject","inLanguage":"pt-BR","@id":"https:\/\/www.correiobraziliense.com.br\/cbradar\/#\/schema\/person\/image\/","url":"https:\/\/secure.gravatar.com\/avatar\/944109df296fc087785c9715fd5f80b2?s=96&d=mm&r=g","contentUrl":"https:\/\/secure.gravatar.com\/avatar\/944109df296fc087785c9715fd5f80b2?s=96&d=mm&r=g","caption":"Patrick Silva"},"sameAs":["https:\/\/www.correiobraziliense.com.br\/cbradar\/"],"url":"https:\/\/www.correiobraziliense.com.br\/cbradar\/author\/patrick-silva\/"}]}},"_links":{"self":[{"href":"https:\/\/www.correiobraziliense.com.br\/cbradar\/wp-json\/wp\/v2\/posts\/233060","targetHints":{"allow":["GET"]}}],"collection":[{"href":"https:\/\/www.correiobraziliense.com.br\/cbradar\/wp-json\/wp\/v2\/posts"}],"about":[{"href":"https:\/\/www.correiobraziliense.com.br\/cbradar\/wp-json\/wp\/v2\/types\/post"}],"author":[{"embeddable":true,"href":"https:\/\/www.correiobraziliense.com.br\/cbradar\/wp-json\/wp\/v2\/users\/21"}],"replies":[{"embeddable":true,"href":"https:\/\/www.correiobraziliense.com.br\/cbradar\/wp-json\/wp\/v2\/comments?post=233060"}],"version-history":[{"count":1,"href":"https:\/\/www.correiobraziliense.com.br\/cbradar\/wp-json\/wp\/v2\/posts\/233060\/revisions"}],"predecessor-version":[{"id":233097,"href":"https:\/\/www.correiobraziliense.com.br\/cbradar\/wp-json\/wp\/v2\/posts\/233060\/revisions\/233097"}],"wp:featuredmedia":[{"embeddable":true,"href":"https:\/\/www.correiobraziliense.com.br\/cbradar\/wp-json\/wp\/v2\/media\/233088"}],"wp:attachment":[{"href":"https:\/\/www.correiobraziliense.com.br\/cbradar\/wp-json\/wp\/v2\/media?parent=233060"}],"wp:term":[{"taxonomy":"category","embeddable":true,"href":"https:\/\/www.correiobraziliense.com.br\/cbradar\/wp-json\/wp\/v2\/categories?post=233060"},{"taxonomy":"post_tag","embeddable":true,"href":"https:\/\/www.correiobraziliense.com.br\/cbradar\/wp-json\/wp\/v2\/post_tag?post=233060"}],"curies":[{"name":"wp","href":"https:\/\/api.w.org\/{rel}","templated":true}]}}