{"id":233079,"date":"2026-04-28T17:25:00","date_gmt":"2026-04-28T20:25:00","guid":{"rendered":"https:\/\/www.correiobraziliense.com.br\/cbradar\/?p=233079"},"modified":"2026-04-27T11:58:21","modified_gmt":"2026-04-27T14:58:21","slug":"pular-corda-gasta-mais-calorias-que-bicicleta-ergometrica-leve-mas-o-resultado-so-aparece-sem-pausas-longas-entre-as-series","status":"publish","type":"post","link":"https:\/\/www.correiobraziliense.com.br\/cbradar\/pular-corda-gasta-mais-calorias-que-bicicleta-ergometrica-leve-mas-o-resultado-so-aparece-sem-pausas-longas-entre-as-series\/","title":{"rendered":"Pular corda gasta mais calorias que bicicleta ergom\u00e9trica leve, mas o resultado s\u00f3 aparece sem pausas longas entre as s\u00e9ries"},"content":{"rendered":"\n<p>Pular corda \u00e9 uma das formas mais eficientes de queimar calorias rapidamente em ambientes pequenos. Comparado ao ciclismo leve, esse exerc\u00edcio exige uma coordena\u00e7\u00e3o motora superior e ativa m\u00faltiplos grupos musculares de forma simult\u00e2nea. Entender como manter a intensidade correta ajuda a maximizar os benef\u00edcios metab\u00f3licos e o condicionamento cardiovascular di\u00e1rio.<\/p>\n\n\n\n<h2 class=\"wp-block-heading\">Por que o salto queima tanta energia?<\/h2>\n\n\n\n<p>Para tirar os p\u00e9s do ch\u00e3o repetidamente, o corpo recruta grandes massas musculares das pernas, <strong><a href=\"https:\/\/www.correiobraziliense.com.br\/cbradar\/o-metodo-caseiro-mais-pratico-para-fortalecer-gluteos-e-abdomen-no-frio\/\" target=\"_blank\" rel=\"noreferrer noopener\">gl\u00fateos <\/a><\/strong>e tamb\u00e9m do core. Esse movimento explosivo consome uma quantidade significativa de oxig\u00eanio, for\u00e7ando o cora\u00e7\u00e3o a trabalhar em uma frequ\u00eancia muito elevada. Em compara\u00e7\u00e3o, a bicicleta ergom\u00e9trica em ritmo leve mant\u00e9m o metabolismo est\u00e1vel, exigindo menos esfor\u00e7o respirat\u00f3rio cont\u00ednuo.<\/p>\n\n\n\n<p>A biomec\u00e2nica de pular corda envolve o uso constante dos bra\u00e7os e ombros para girar o equipamento, gerando um gasto cal\u00f3rico total superior. Bicicletas estacion\u00e1rias em baixa intensidade focam apenas nos membros inferiores, o que limita a queima cal\u00f3rica por minuto de atividade. Escolher o exerc\u00edcio de impacto moderado garante resultados vis\u00edveis na <strong>tonifica\u00e7\u00e3o muscular e queima cal\u00f3rica<\/strong>.<\/p>\n\n\n\n<p>Para potencializar sua rotina de exerc\u00edcios com uma alternativa pr\u00e1tica e eficiente, este v\u00eddeo do canal <strong>MundoBoaForma <\/strong>(439 mil inscritos) apresenta benef\u00edcios de pular corda e orienta como executar corretamente os movimentos.<\/p>\n\n\n\n<figure class=\"wp-block-embed is-type-video is-provider-youtube wp-block-embed-youtube wp-embed-aspect-16-9 wp-has-aspect-ratio\"><div class=\"wp-block-embed__wrapper\">\n<div class=\"jeg_video_container jeg_video_content\"><iframe loading=\"lazy\" title=\"9 BENEF\u00cdCIOS de PULAR CORDA que v\u00e3o te IMPRESSIONAR! (e Como Fazer Certo!)\" width=\"500\" height=\"281\" src=\"https:\/\/www.youtube.com\/embed\/kBF9Upj-h9o?feature=oembed\" frameborder=\"0\" allow=\"accelerometer; autoplay; clipboard-write; encrypted-media; gyroscope; picture-in-picture; web-share\" referrerpolicy=\"strict-origin-when-cross-origin\" allowfullscreen><\/iframe><\/div>\n<\/div><\/figure>\n\n\n\n<h2 class=\"wp-block-heading\">Qual o segredo da const\u00e2ncia nos saltos?<\/h2>\n\n\n\n<p>Interromper a atividade com pausas longas permite que a frequ\u00eancia card\u00edaca caia bruscamente, reduzindo a efic\u00e1cia do treino para o emagrecimento. O efeito t\u00e9rmico desejado s\u00f3 ocorre quando mantemos o corpo em movimento por per\u00edodos prolongados, for\u00e7ando o sistema a utilizar gordura como combust\u00edvel prim\u00e1rio. Manter o ritmo sem interrup\u00e7\u00f5es desnecess\u00e1rias \u00e9 o que realmente define a <strong>evolu\u00e7\u00e3o f\u00edsica<\/strong>.<\/p>\n\n\n\n<p>A disciplina de seguir o tempo estipulado sem ceder ao cansa\u00e7o moment\u00e2neo fortalece a resist\u00eancia mental e biol\u00f3gica do praticante regular. Pequenos descansos de poucos segundos s\u00e3o suficientes para retomar o f\u00f4lego sem perder o aquecimento metab\u00f3lico j\u00e1 conquistado durante a s\u00e9rie anterior. Dominar essa t\u00e9cnica de continuidade garante que o esfor\u00e7o se transforme em resultados est\u00e9ticos s\u00f3lidos e vis\u00edveis.<\/p>\n\n\n\n<h2 class=\"wp-block-heading\">Como o corpo se beneficia dessa intensidade?<\/h2>\n\n\n\n<p>Praticar exerc\u00edcios de alta intensidade melhora a agilidade e a densidade mineral \u00f3ssea atrav\u00e9s do impacto controlado de cada salto realizado. O cora\u00e7\u00e3o torna-se mais eficiente, bombeando sangue rico em nutrientes para os m\u00fasculos com muito menos esfor\u00e7o a longo prazo. Observe atentamente os pontos positivos que surgem quando voc\u00ea decide abandonar definitivamente o sedentarismo e focar na sa\u00fade:<\/p>\n\n\n\n<ul class=\"wp-block-list\">\n<li>Redu\u00e7\u00e3o da gordura corporal acumulada;<\/li>\n\n\n\n<li>Fortalecimento dos ligamentos do tornozelo;<\/li>\n\n\n\n<li>Melhora expressiva no equil\u00edbrio corporal;<\/li>\n\n\n\n<li>Aumento da capacidade pulmonar vital;<\/li>\n\n\n\n<li>Ativa\u00e7\u00e3o do metabolismo p\u00f3s-exerc\u00edcio intenso.<\/li>\n<\/ul>\n\n\n\n<h2 class=\"wp-block-heading\">Existe impacto real na sa\u00fade articular?<\/h2>\n\n\n\n<p>Ao contr\u00e1rio do que muitos pensam, o impacto leve e controlado dos saltos fortalece as articula\u00e7\u00f5es quando executado sobre superf\u00edcies adequadas. O corpo aprende a absorver a press\u00e3o de forma eficiente, distribuindo o peso entre os m\u00fasculos da panturrilha e os p\u00e9s. Essa adapta\u00e7\u00e3o biol\u00f3gica protege os joelhos contra les\u00f5es que geralmente ocorrem em atividades de longa dura\u00e7\u00e3o.<\/p>\n\n\n\n<p>Usar cal\u00e7ados com amortecimento adequado \u00e9 fundamental para garantir que a pr\u00e1tica seja segura e ben\u00e9fica para a estrutura \u00f3ssea. Manter os joelhos levemente flexionados durante o pouso ajuda a suavizar o choque e preserva a integridade f\u00edsica do praticante regular. Investir em t\u00e9cnica correta \u00e9 o diferencial para manter uma rotina de treinos longa, segura e muito <strong>proveitosa<\/strong>.<\/p>\n\n\n\n<figure class=\"wp-block-image size-full\"><img decoding=\"async\" width=\"1280\" height=\"720\" src=\"https:\/\/www.correiobraziliense.com.br\/cbradar\/wp-content\/uploads\/2026\/04\/Gemini_Generated_Image_mi8onlmi8onlmi8o-1-1.png\" alt=\"Pular corda gasta mais calorias que bicicleta ergom\u00e9trica leve, mas o resultado s\u00f3 aparece sem pausas longas entre as s\u00e9ries\" class=\"wp-image-233082\" srcset=\"https:\/\/www.correiobraziliense.com.br\/cbradar\/wp-content\/uploads\/2026\/04\/Gemini_Generated_Image_mi8onlmi8onlmi8o-1-1.png 1280w, https:\/\/www.correiobraziliense.com.br\/cbradar\/wp-content\/uploads\/2026\/04\/Gemini_Generated_Image_mi8onlmi8onlmi8o-1-1-300x169.png 300w, https:\/\/www.correiobraziliense.com.br\/cbradar\/wp-content\/uploads\/2026\/04\/Gemini_Generated_Image_mi8onlmi8onlmi8o-1-1-768x432.png 768w, https:\/\/www.correiobraziliense.com.br\/cbradar\/wp-content\/uploads\/2026\/04\/Gemini_Generated_Image_mi8onlmi8onlmi8o-1-1-750x422.png 750w, https:\/\/www.correiobraziliense.com.br\/cbradar\/wp-content\/uploads\/2026\/04\/Gemini_Generated_Image_mi8onlmi8onlmi8o-1-1-1140x641.png 1140w\" sizes=\"(max-width: 1280px) 100vw, 1280px\" \/><figcaption class=\"wp-element-caption\">Pular corda aumenta gasto cal\u00f3rico e melhora o condicionamento f\u00edsico r\u00e1pido<\/figcaption><\/figure>\n\n\n\n<h2 class=\"wp-block-heading\">Como otimizar os resultados cardiovasculares?<\/h2>\n\n\n\n<p>Aumentar gradualmente o tempo de execu\u00e7\u00e3o sem pausas estimula o cora\u00e7\u00e3o a trabalhar em sua capacidade m\u00e1xima de forma segura. Esse treinamento de resist\u00eancia aer\u00f3bica \u00e9 um dos mais recomendados para quem possui pouco tempo livre, mas busca grandes ganhos de sa\u00fade. Pequenas sess\u00f5es di\u00e1rias s\u00e3o capazes de transformar a sua disposi\u00e7\u00e3o e vitalidade, garantindo um <strong>corpo muito mais ativo<\/strong>.<\/p>\n\n\n\n<p>Segundo orienta\u00e7\u00f5es de sa\u00fade p\u00fablica, manter a regularidade nos exerc\u00edcios aer\u00f3bicos \u00e9 o pilar fundamental para prevenir doen\u00e7as metab\u00f3licas severas. Para acessar informa\u00e7\u00f5es detalhadas sobre como o exerc\u00edcio vigoroso impacta a sa\u00fade do cora\u00e7\u00e3o, consulte o portal oficial da <strong><a href=\"https:\/\/www.heart.org\/en\/healthy-living\/fitness\/fitness-basics\/aha-recs-for-physical-activity-in-adults\" target=\"_blank\" rel=\"noreferrer noopener\">American Heart Association<\/a><\/strong>. Priorizar a intensidade \u00e9 o caminho certo para manter sua sa\u00fade em dia.<\/p>\n","protected":false},"excerpt":{"rendered":"<p>Pular corda \u00e9 uma das formas mais eficientes de queimar calorias rapidamente em ambientes pequenos. Comparado ao ciclismo leve, esse exerc\u00edcio exige uma coordena\u00e7\u00e3o motora superior e ativa m\u00faltiplos grupos musculares de forma simult\u00e2nea. Entender como manter a intensidade correta ajuda a maximizar os benef\u00edcios metab\u00f3licos e o condicionamento cardiovascular di\u00e1rio. Por que o salto [&hellip;]<\/p>\n","protected":false},"author":21,"featured_media":233081,"comment_status":"open","ping_status":"open","sticky":false,"template":"","format":"standard","meta":{"_yoast_wpseo_focuskw":"pular corda queima mais que bicicleta","_yoast_wpseo_title":"","_yoast_wpseo_metadesc":"Pular corda pode gerar maior gasto cal\u00f3rico em menos tempo. A intensidade do movimento ativa m\u00fasculos e eleva o desempenho f\u00edsico.","jnews-multi-image_gallery":[],"jnews_single_post":{"format":"standard"},"jnews_primary_category":[],"jnews_social_meta":[],"jnews_override_counter":[],"footnotes":""},"categories":[119],"post_tag":[2753,8585,10136],"class_list":["post-233079","post","type-post","status-publish","format-standard","has-post-thumbnail","hentry","category-bem-estar","tag-bicicleta","tag-calorias","tag-pular-corda"],"yoast_head":"<!-- This site is optimized with the Yoast SEO plugin v24.6 - https:\/\/yoast.com\/wordpress\/plugins\/seo\/ -->\n<title>Pular corda gasta mais calorias que bicicleta ergom\u00e9trica leve, mas o resultado s\u00f3 aparece sem pausas longas entre as s\u00e9ries - Correio Braziliense - Radar<\/title>\n<meta name=\"description\" content=\"Pular corda pode gerar maior gasto cal\u00f3rico em menos tempo. A intensidade do movimento ativa m\u00fasculos e eleva o desempenho f\u00edsico.\" \/>\n<meta name=\"robots\" content=\"index, follow, max-snippet:-1, max-image-preview:large, max-video-preview:-1\" \/>\n<link rel=\"canonical\" href=\"https:\/\/www.correiobraziliense.com.br\/cbradar\/pular-corda-gasta-mais-calorias-que-bicicleta-ergometrica-leve-mas-o-resultado-so-aparece-sem-pausas-longas-entre-as-series\/\" \/>\n<meta property=\"og:locale\" content=\"pt_BR\" \/>\n<meta property=\"og:type\" content=\"article\" \/>\n<meta property=\"og:title\" content=\"Pular corda gasta mais calorias que bicicleta ergom\u00e9trica leve, mas o resultado s\u00f3 aparece sem pausas longas entre as s\u00e9ries - Correio Braziliense - Radar\" \/>\n<meta property=\"og:description\" content=\"Pular corda pode gerar maior gasto cal\u00f3rico em menos tempo. A intensidade do movimento ativa m\u00fasculos e eleva o desempenho f\u00edsico.\" \/>\n<meta property=\"og:url\" content=\"https:\/\/www.correiobraziliense.com.br\/cbradar\/pular-corda-gasta-mais-calorias-que-bicicleta-ergometrica-leve-mas-o-resultado-so-aparece-sem-pausas-longas-entre-as-series\/\" \/>\n<meta property=\"og:site_name\" content=\"Correio Braziliense - Radar\" \/>\n<meta property=\"article:published_time\" content=\"2026-04-28T20:25:00+00:00\" \/>\n<meta property=\"og:image\" content=\"https:\/\/www.correiobraziliense.com.br\/cbradar\/wp-content\/uploads\/2026\/04\/Gemini_Generated_Image_o13g31o13g31o13g-1-1.png\" \/>\n\t<meta property=\"og:image:width\" content=\"1280\" \/>\n\t<meta property=\"og:image:height\" content=\"720\" \/>\n\t<meta property=\"og:image:type\" content=\"image\/png\" \/>\n<meta name=\"author\" content=\"Patrick Silva\" \/>\n<meta name=\"twitter:card\" content=\"summary_large_image\" \/>\n<meta name=\"twitter:label1\" content=\"Escrito por\" \/>\n\t<meta name=\"twitter:data1\" content=\"Patrick Silva\" \/>\n\t<meta name=\"twitter:label2\" content=\"Est. tempo de leitura\" \/>\n\t<meta name=\"twitter:data2\" content=\"5 minutos\" \/>\n<!-- \/ Yoast SEO plugin. -->","yoast_head_json":{"title":"Pular corda gasta mais calorias que bicicleta ergom\u00e9trica leve, mas o resultado s\u00f3 aparece sem pausas longas entre as s\u00e9ries - Correio Braziliense - Radar","description":"Pular corda pode gerar maior gasto cal\u00f3rico em menos tempo. A intensidade do movimento ativa m\u00fasculos e eleva o desempenho f\u00edsico.","robots":{"index":"index","follow":"follow","max-snippet":"max-snippet:-1","max-image-preview":"max-image-preview:large","max-video-preview":"max-video-preview:-1"},"canonical":"https:\/\/www.correiobraziliense.com.br\/cbradar\/pular-corda-gasta-mais-calorias-que-bicicleta-ergometrica-leve-mas-o-resultado-so-aparece-sem-pausas-longas-entre-as-series\/","og_locale":"pt_BR","og_type":"article","og_title":"Pular corda gasta mais calorias que bicicleta ergom\u00e9trica leve, mas o resultado s\u00f3 aparece sem pausas longas entre as s\u00e9ries - Correio Braziliense - Radar","og_description":"Pular corda pode gerar maior gasto cal\u00f3rico em menos tempo. A intensidade do movimento ativa m\u00fasculos e eleva o desempenho f\u00edsico.","og_url":"https:\/\/www.correiobraziliense.com.br\/cbradar\/pular-corda-gasta-mais-calorias-que-bicicleta-ergometrica-leve-mas-o-resultado-so-aparece-sem-pausas-longas-entre-as-series\/","og_site_name":"Correio Braziliense - Radar","article_published_time":"2026-04-28T20:25:00+00:00","og_image":[{"width":1280,"height":720,"url":"https:\/\/www.correiobraziliense.com.br\/cbradar\/wp-content\/uploads\/2026\/04\/Gemini_Generated_Image_o13g31o13g31o13g-1-1.png","type":"image\/png"}],"author":"Patrick Silva","twitter_card":"summary_large_image","twitter_misc":{"Escrito por":"Patrick Silva","Est. tempo de leitura":"5 minutos"},"schema":{"@context":"https:\/\/schema.org","@graph":[{"@type":"WebPage","@id":"https:\/\/www.correiobraziliense.com.br\/cbradar\/pular-corda-gasta-mais-calorias-que-bicicleta-ergometrica-leve-mas-o-resultado-so-aparece-sem-pausas-longas-entre-as-series\/","url":"https:\/\/www.correiobraziliense.com.br\/cbradar\/pular-corda-gasta-mais-calorias-que-bicicleta-ergometrica-leve-mas-o-resultado-so-aparece-sem-pausas-longas-entre-as-series\/","name":"Pular corda gasta mais calorias que bicicleta ergom\u00e9trica leve, mas o resultado s\u00f3 aparece sem pausas longas entre as s\u00e9ries - Correio Braziliense - Radar","isPartOf":{"@id":"https:\/\/www.correiobraziliense.com.br\/cbradar\/#website"},"primaryImageOfPage":{"@id":"https:\/\/www.correiobraziliense.com.br\/cbradar\/pular-corda-gasta-mais-calorias-que-bicicleta-ergometrica-leve-mas-o-resultado-so-aparece-sem-pausas-longas-entre-as-series\/#primaryimage"},"image":{"@id":"https:\/\/www.correiobraziliense.com.br\/cbradar\/pular-corda-gasta-mais-calorias-que-bicicleta-ergometrica-leve-mas-o-resultado-so-aparece-sem-pausas-longas-entre-as-series\/#primaryimage"},"thumbnailUrl":"https:\/\/www.correiobraziliense.com.br\/cbradar\/wp-content\/uploads\/2026\/04\/Gemini_Generated_Image_o13g31o13g31o13g-1-1.png","datePublished":"2026-04-28T20:25:00+00:00","author":{"@id":"https:\/\/www.correiobraziliense.com.br\/cbradar\/#\/schema\/person\/5440b72be9c7eb74f446c846479dc4da"},"description":"Pular corda pode gerar maior gasto cal\u00f3rico em menos tempo. A intensidade do movimento ativa m\u00fasculos e eleva o desempenho f\u00edsico.","breadcrumb":{"@id":"https:\/\/www.correiobraziliense.com.br\/cbradar\/pular-corda-gasta-mais-calorias-que-bicicleta-ergometrica-leve-mas-o-resultado-so-aparece-sem-pausas-longas-entre-as-series\/#breadcrumb"},"inLanguage":"pt-BR","potentialAction":[{"@type":"ReadAction","target":["https:\/\/www.correiobraziliense.com.br\/cbradar\/pular-corda-gasta-mais-calorias-que-bicicleta-ergometrica-leve-mas-o-resultado-so-aparece-sem-pausas-longas-entre-as-series\/"]}]},{"@type":"ImageObject","inLanguage":"pt-BR","@id":"https:\/\/www.correiobraziliense.com.br\/cbradar\/pular-corda-gasta-mais-calorias-que-bicicleta-ergometrica-leve-mas-o-resultado-so-aparece-sem-pausas-longas-entre-as-series\/#primaryimage","url":"https:\/\/www.correiobraziliense.com.br\/cbradar\/wp-content\/uploads\/2026\/04\/Gemini_Generated_Image_o13g31o13g31o13g-1-1.png","contentUrl":"https:\/\/www.correiobraziliense.com.br\/cbradar\/wp-content\/uploads\/2026\/04\/Gemini_Generated_Image_o13g31o13g31o13g-1-1.png","width":1280,"height":720,"caption":"Pular corda aumenta gasto cal\u00f3rico e melhora o condicionamento f\u00edsico r\u00e1pido"},{"@type":"BreadcrumbList","@id":"https:\/\/www.correiobraziliense.com.br\/cbradar\/pular-corda-gasta-mais-calorias-que-bicicleta-ergometrica-leve-mas-o-resultado-so-aparece-sem-pausas-longas-entre-as-series\/#breadcrumb","itemListElement":[{"@type":"ListItem","position":1,"name":"In\u00edcio","item":"https:\/\/www.correiobraziliense.com.br\/cbradar\/"},{"@type":"ListItem","position":2,"name":"Pular corda gasta mais calorias que bicicleta ergom\u00e9trica leve, mas o resultado s\u00f3 aparece sem pausas longas entre as s\u00e9ries"}]},{"@type":"WebSite","@id":"https:\/\/www.correiobraziliense.com.br\/cbradar\/#website","url":"https:\/\/www.correiobraziliense.com.br\/cbradar\/","name":"Correio Braziliense - Radar","description":"Acompanhe as \u00faltimas not\u00edcias e fique bem informado sobre tudo o que acontece no Brasil e no mundo.","potentialAction":[{"@type":"SearchAction","target":{"@type":"EntryPoint","urlTemplate":"https:\/\/www.correiobraziliense.com.br\/cbradar\/?s={search_term_string}"},"query-input":{"@type":"PropertyValueSpecification","valueRequired":true,"valueName":"search_term_string"}}],"inLanguage":"pt-BR"},{"@type":"Person","@id":"https:\/\/www.correiobraziliense.com.br\/cbradar\/#\/schema\/person\/5440b72be9c7eb74f446c846479dc4da","name":"Patrick Silva","image":{"@type":"ImageObject","inLanguage":"pt-BR","@id":"https:\/\/www.correiobraziliense.com.br\/cbradar\/#\/schema\/person\/image\/","url":"https:\/\/secure.gravatar.com\/avatar\/944109df296fc087785c9715fd5f80b2?s=96&d=mm&r=g","contentUrl":"https:\/\/secure.gravatar.com\/avatar\/944109df296fc087785c9715fd5f80b2?s=96&d=mm&r=g","caption":"Patrick Silva"},"sameAs":["https:\/\/www.correiobraziliense.com.br\/cbradar\/"],"url":"https:\/\/www.correiobraziliense.com.br\/cbradar\/author\/patrick-silva\/"}]}},"_links":{"self":[{"href":"https:\/\/www.correiobraziliense.com.br\/cbradar\/wp-json\/wp\/v2\/posts\/233079","targetHints":{"allow":["GET"]}}],"collection":[{"href":"https:\/\/www.correiobraziliense.com.br\/cbradar\/wp-json\/wp\/v2\/posts"}],"about":[{"href":"https:\/\/www.correiobraziliense.com.br\/cbradar\/wp-json\/wp\/v2\/types\/post"}],"author":[{"embeddable":true,"href":"https:\/\/www.correiobraziliense.com.br\/cbradar\/wp-json\/wp\/v2\/users\/21"}],"replies":[{"embeddable":true,"href":"https:\/\/www.correiobraziliense.com.br\/cbradar\/wp-json\/wp\/v2\/comments?post=233079"}],"version-history":[{"count":3,"href":"https:\/\/www.correiobraziliense.com.br\/cbradar\/wp-json\/wp\/v2\/posts\/233079\/revisions"}],"predecessor-version":[{"id":233084,"href":"https:\/\/www.correiobraziliense.com.br\/cbradar\/wp-json\/wp\/v2\/posts\/233079\/revisions\/233084"}],"wp:featuredmedia":[{"embeddable":true,"href":"https:\/\/www.correiobraziliense.com.br\/cbradar\/wp-json\/wp\/v2\/media\/233081"}],"wp:attachment":[{"href":"https:\/\/www.correiobraziliense.com.br\/cbradar\/wp-json\/wp\/v2\/media?parent=233079"}],"wp:term":[{"taxonomy":"category","embeddable":true,"href":"https:\/\/www.correiobraziliense.com.br\/cbradar\/wp-json\/wp\/v2\/categories?post=233079"},{"taxonomy":"post_tag","embeddable":true,"href":"https:\/\/www.correiobraziliense.com.br\/cbradar\/wp-json\/wp\/v2\/post_tag?post=233079"}],"curies":[{"name":"wp","href":"https:\/\/api.w.org\/{rel}","templated":true}]}}