{"id":233085,"date":"2026-04-28T17:35:00","date_gmt":"2026-04-28T20:35:00","guid":{"rendered":"https:\/\/www.correiobraziliense.com.br\/cbradar\/?p=233085"},"modified":"2026-04-27T12:07:12","modified_gmt":"2026-04-27T15:07:12","slug":"citacao-do-dia-do-filosofo-grego-aristoteles-a-amizade-e-uma-alma-que-habita-em-dois-corpos","status":"publish","type":"post","link":"https:\/\/www.correiobraziliense.com.br\/cbradar\/citacao-do-dia-do-filosofo-grego-aristoteles-a-amizade-e-uma-alma-que-habita-em-dois-corpos\/","title":{"rendered":"Cita\u00e7\u00e3o do dia do fil\u00f3sofo grego Arist\u00f3teles, \u201cA amizade \u00e9 uma alma que habita em dois corpos\u201d"},"content":{"rendered":"\n<p>A frase c\u00e9lebre de <strong>Arist\u00f3teles<\/strong> sobre a amizade reflete a profundidade das conex\u00f5es humanas que transcendem o tempo e o espa\u00e7o f\u00edsico. Entender como esses v\u00ednculos afetam o bem-estar emocional \u00e9 crucial para quem busca uma vida plena e significativa. Vamos analisar os impactos psicol\u00f3gicos e sociais dessa uni\u00e3o t\u00e3o especial.<\/p>\n\n\n\n<h2 class=\"wp-block-heading\">Por que a conex\u00e3o entre amigos parece transcender a l\u00f3gica?<\/h2>\n\n\n\n<p>A sensa\u00e7\u00e3o de sintonia imediata ocorre quando dois indiv\u00edduos compartilham valores fundamentais e vis\u00f5es de mundo muito similares. Essa harmonia mental cria um ambiente de seguran\u00e7a, onde a vulnerabilidade \u00e9 aceita sem julgamentos destrutivos ou cr\u00edticas severas. Ter algu\u00e9m que compreenda seus pensamentos mais \u00edntimos fortalece a resili\u00eancia emocional necess\u00e1ria para enfrentar as dificuldades da vida.<\/p>\n\n\n\n<p>A ci\u00eancia explica que a conviv\u00eancia \u00edntima sincroniza padr\u00f5es cerebrais entre parceiros e amigos pr\u00f3ximos de forma impressionante. Quando voc\u00ea convive intensamente com algu\u00e9m, o c\u00e9rebro passa a processar informa\u00e7\u00f5es externas de maneira coordenada e harm\u00f4nica. Essa uni\u00e3o invis\u00edvel justifica a ideia de que amigos compartilham uma ess\u00eancia \u00fanica, operando em corpos f\u00edsicos distintos e separados.<\/p>\n\n\n\n<figure class=\"wp-block-image size-full\"><img decoding=\"async\" width=\"1280\" height=\"720\" src=\"https:\/\/www.correiobraziliense.com.br\/cbradar\/wp-content\/uploads\/2026\/04\/Gemini_Generated_Image_odkwrlodkwrlodkw-1-1.png\" alt=\"Cita\u00e7\u00e3o do dia do fil\u00f3sofo grego Arist\u00f3teles, \u201cA amizade \u00e9 uma alma que habita em dois corpos\u201d\" class=\"wp-image-233089\" srcset=\"https:\/\/www.correiobraziliense.com.br\/cbradar\/wp-content\/uploads\/2026\/04\/Gemini_Generated_Image_odkwrlodkwrlodkw-1-1.png 1280w, https:\/\/www.correiobraziliense.com.br\/cbradar\/wp-content\/uploads\/2026\/04\/Gemini_Generated_Image_odkwrlodkwrlodkw-1-1-300x169.png 300w, https:\/\/www.correiobraziliense.com.br\/cbradar\/wp-content\/uploads\/2026\/04\/Gemini_Generated_Image_odkwrlodkwrlodkw-1-1-768x432.png 768w, https:\/\/www.correiobraziliense.com.br\/cbradar\/wp-content\/uploads\/2026\/04\/Gemini_Generated_Image_odkwrlodkwrlodkw-1-1-750x422.png 750w, https:\/\/www.correiobraziliense.com.br\/cbradar\/wp-content\/uploads\/2026\/04\/Gemini_Generated_Image_odkwrlodkwrlodkw-1-1-1140x641.png 1140w\" sizes=\"(max-width: 1280px) 100vw, 1280px\" \/><figcaption class=\"wp-element-caption\">A amizade fortalece emo\u00e7\u00f5es e influencia decis\u00f5es na vida cotidiana<\/figcaption><\/figure>\n\n\n\n<h2 class=\"wp-block-heading\">Como a lealdade transforma a sa\u00fade mental cotidiana?<\/h2>\n\n\n\n<p>Ter um suporte social s\u00f3lido reduz os n\u00edveis de cortisol no organismo, combatendo o estresse cr\u00f4nico de maneira natural. A presen\u00e7a de um amigo leal atua como um escudo psicol\u00f3gico contra a solid\u00e3o e o isolamento emocional que afligem a sociedade moderna. Manter v\u00ednculos saud\u00e1veis \u00e9 essencial para garantir que sua mente permane\u00e7a em equil\u00edbrio constante e vigoroso.<\/p>\n\n\n\n<p>A confian\u00e7a m\u00fatua permite que o indiv\u00edduo assuma riscos calculados, sabendo que ter\u00e1 apoio incondicional em caso de falha. Essa seguran\u00e7a afetiva promove a autoaceita\u00e7\u00e3o e melhora a autoestima de forma sustent\u00e1vel ao longo dos anos. Cultivar rela\u00e7\u00f5es baseadas na integridade e no respeito m\u00fatuo \u00e9 o caminho mais curto para alcan\u00e7ar uma <strong>felicidade real e duradoura<\/strong>.<\/p>\n\n\n\n<h2 class=\"wp-block-heading\">Quais pilares sustentam uma uni\u00e3o verdadeiramente profunda?<\/h2>\n\n\n\n<p>Construir uma rela\u00e7\u00e3o duradoura exige tempo, paci\u00eancia e uma disposi\u00e7\u00e3o genu\u00edna para ouvir as necessidades do outro sem interrup\u00e7\u00f5es. A amizade verdadeira n\u00e3o se baseia em interesses superficiais, mas sim em uma admira\u00e7\u00e3o sincera pelas qualidades do companheiro. <\/p>\n\n\n\n<p>Observe atentamente os elementos fundamentais que tornam a conviv\u00eancia humana muito mais rica, agrad\u00e1vel e repleta de significados importantes:<\/p>\n\n\n\n<ul class=\"wp-block-list\">\n<li>Empatia constante nas conversas;<\/li>\n\n\n\n<li>Respeito absoluto pelas diferen\u00e7as;<\/li>\n\n\n\n<li>Disponibilidade nos momentos dif\u00edceis;<\/li>\n\n\n\n<li>Transpar\u00eancia total nas inten\u00e7\u00f5es;<\/li>\n\n\n\n<li>Apoio m\u00fatuo no crescimento.<\/li>\n<\/ul>\n\n\n\n<h2 class=\"wp-block-heading\">De que forma a conviv\u00eancia molda o car\u00e1ter humano?<\/h2>\n\n\n\n<p>O fil\u00f3sofo grego defendia que nos tornamos reflexos das pessoas com as quais escolhemos compartilhar nossa jornada de vida. Amigos virtuosos inspiram o desenvolvimento de h\u00e1bitos nobres e atitudes \u00e9ticas que elevam o padr\u00e3o moral do indiv\u00edduo. A troca constante de experi\u00eancias ricas molda a personalidade e ajuda a lapidar os defeitos atrav\u00e9s do exemplo positivo e constante.<\/p>\n\n\n\n<p>Participar de um c\u00edrculo social saud\u00e1vel estimula o aprendizado de novas compet\u00eancias sociais e habilidades de comunica\u00e7\u00e3o assertiva. Voc\u00ea aprende a negociar conflitos e a praticar o perd\u00e3o de forma mais natural e fluida no dia a dia. A amizade atua como uma escola pr\u00e1tica de virtudes onde o ego\u00edsmo \u00e9 substitu\u00eddo pela colabora\u00e7\u00e3o m\u00fatua e pelo bem comum.<\/p>\n\n\n\n<figure class=\"wp-block-image size-full\"><img decoding=\"async\" width=\"1280\" height=\"720\" src=\"https:\/\/www.correiobraziliense.com.br\/cbradar\/wp-content\/uploads\/2026\/04\/Gemini_Generated_Image_ntw6rvntw6rvntw6-1-1.png\" alt=\"Cita\u00e7\u00e3o do dia do fil\u00f3sofo grego Arist\u00f3teles, \u201cA amizade \u00e9 uma alma que habita em dois corpos\u201d\" class=\"wp-image-233095\" srcset=\"https:\/\/www.correiobraziliense.com.br\/cbradar\/wp-content\/uploads\/2026\/04\/Gemini_Generated_Image_ntw6rvntw6rvntw6-1-1.png 1280w, https:\/\/www.correiobraziliense.com.br\/cbradar\/wp-content\/uploads\/2026\/04\/Gemini_Generated_Image_ntw6rvntw6rvntw6-1-1-300x169.png 300w, https:\/\/www.correiobraziliense.com.br\/cbradar\/wp-content\/uploads\/2026\/04\/Gemini_Generated_Image_ntw6rvntw6rvntw6-1-1-768x432.png 768w, https:\/\/www.correiobraziliense.com.br\/cbradar\/wp-content\/uploads\/2026\/04\/Gemini_Generated_Image_ntw6rvntw6rvntw6-1-1-750x422.png 750w, https:\/\/www.correiobraziliense.com.br\/cbradar\/wp-content\/uploads\/2026\/04\/Gemini_Generated_Image_ntw6rvntw6rvntw6-1-1-1140x641.png 1140w\" sizes=\"(max-width: 1280px) 100vw, 1280px\" \/><figcaption class=\"wp-element-caption\">A amizade fortalece emo\u00e7\u00f5es e influencia decis\u00f5es na vida cotidiana<\/figcaption><\/figure>\n\n\n\n<h2 class=\"wp-block-heading\">Qual a import\u00e2ncia da reciprocidade nos v\u00ednculos modernos?<\/h2>\n\n\n\n<p>Relacionamentos unilaterais geram desgaste emocional e frustra\u00e7\u00e3o, impedindo que a alma encontre o descanso necess\u00e1rio para florescer plenamente. A reciprocidade \u00e9 o combust\u00edvel que mant\u00e9m a chama do afeto acesa diante das tempestades e incertezas do mundo contempor\u00e2neo. Doar-se com generosidade e receber gratid\u00e3o cria um ciclo virtuoso de bem-estar que beneficia a todos os envolvidos diretamente.<\/p>\n\n\n\n<p>Estudos indicam que a amizade na idade adulta previne doen\u00e7as degenerativas e melhora a resposta do sistema imunol\u00f3gico humano. De acordo com a <strong>Internet Encyclopedia of Philosophy<\/strong>, o conceito de amizade de <a href=\"https:\/\/www.correiobraziliense.com.br\/cbradar\/a-citacao-de-hoje-e-de-aristoteles-nos-somos-aquilo-que-fazemos-repetidamente\/\" target=\"_blank\" rel=\"noreferrer noopener\"><strong>Arist\u00f3teles<\/strong> <\/a>\u00e9 fundamentado no desejo rec\u00edproco pelo bem do pr\u00f3ximo. Para compreender a fundo as nuances \u00e9ticas desse pensamento, consulte o artigo na <a href=\"https:\/\/iep.utm.edu\/aristotl\/\" target=\"_blank\" rel=\"noreferrer noopener\">Internet Encyclopedia of Philosophy<\/a>.<\/p>\n","protected":false},"excerpt":{"rendered":"<p>A frase c\u00e9lebre de Arist\u00f3teles sobre a amizade reflete a profundidade das conex\u00f5es humanas que transcendem o tempo e o espa\u00e7o f\u00edsico. Entender como esses v\u00ednculos afetam o bem-estar emocional \u00e9 crucial para quem busca uma vida plena e significativa. Vamos analisar os impactos psicol\u00f3gicos e sociais dessa uni\u00e3o t\u00e3o especial. Por que a conex\u00e3o [&hellip;]<\/p>\n","protected":false},"author":21,"featured_media":233091,"comment_status":"open","ping_status":"open","sticky":false,"template":"","format":"standard","meta":{"_yoast_wpseo_focuskw":"import\u00e2ncia da amizade na vida humana","_yoast_wpseo_title":"","_yoast_wpseo_metadesc":"A amizade influencia emo\u00e7\u00f5es, decis\u00f5es e at\u00e9 a forma de pensar. A filosofia explica por que certos v\u00ednculos t\u00eam impacto t\u00e3o profundo na vida.","jnews-multi-image_gallery":[],"jnews_single_post":{"format":"standard"},"jnews_primary_category":[],"jnews_social_meta":[],"jnews_override_counter":[],"footnotes":""},"categories":[112],"post_tag":[1489,12059,14352,15821],"class_list":["post-233085","post","type-post","status-publish","format-standard","has-post-thumbnail","hentry","category-curiosidades","tag-amizade","tag-aristoteles","tag-citacao","tag-filosofo-grego"],"yoast_head":"<!-- This site is optimized with the Yoast SEO plugin v24.6 - https:\/\/yoast.com\/wordpress\/plugins\/seo\/ -->\n<title>Cita\u00e7\u00e3o do dia do fil\u00f3sofo grego Arist\u00f3teles, \u201cA amizade \u00e9 uma alma que habita em dois corpos\u201d - Correio Braziliense - Radar<\/title>\n<meta name=\"description\" content=\"A amizade influencia emo\u00e7\u00f5es, decis\u00f5es e at\u00e9 a forma de pensar. A filosofia explica por que certos v\u00ednculos t\u00eam impacto t\u00e3o profundo na vida.\" \/>\n<meta name=\"robots\" content=\"index, follow, max-snippet:-1, max-image-preview:large, max-video-preview:-1\" \/>\n<link rel=\"canonical\" href=\"https:\/\/www.correiobraziliense.com.br\/cbradar\/citacao-do-dia-do-filosofo-grego-aristoteles-a-amizade-e-uma-alma-que-habita-em-dois-corpos\/\" \/>\n<meta property=\"og:locale\" content=\"pt_BR\" \/>\n<meta property=\"og:type\" content=\"article\" \/>\n<meta property=\"og:title\" content=\"Cita\u00e7\u00e3o do dia do fil\u00f3sofo grego Arist\u00f3teles, \u201cA amizade \u00e9 uma alma que habita em dois corpos\u201d - Correio Braziliense - Radar\" \/>\n<meta property=\"og:description\" content=\"A amizade influencia emo\u00e7\u00f5es, decis\u00f5es e at\u00e9 a forma de pensar. A filosofia explica por que certos v\u00ednculos t\u00eam impacto t\u00e3o profundo na vida.\" \/>\n<meta property=\"og:url\" content=\"https:\/\/www.correiobraziliense.com.br\/cbradar\/citacao-do-dia-do-filosofo-grego-aristoteles-a-amizade-e-uma-alma-que-habita-em-dois-corpos\/\" \/>\n<meta property=\"og:site_name\" content=\"Correio Braziliense - Radar\" \/>\n<meta property=\"article:published_time\" content=\"2026-04-28T20:35:00+00:00\" \/>\n<meta property=\"og:image\" content=\"https:\/\/www.correiobraziliense.com.br\/cbradar\/wp-content\/uploads\/2026\/04\/Gemini_Generated_Image_qecstoqecstoqecs-1-1.png\" \/>\n\t<meta property=\"og:image:width\" content=\"1280\" \/>\n\t<meta property=\"og:image:height\" content=\"720\" \/>\n\t<meta property=\"og:image:type\" content=\"image\/png\" \/>\n<meta name=\"author\" content=\"Patrick Silva\" \/>\n<meta name=\"twitter:card\" content=\"summary_large_image\" \/>\n<meta name=\"twitter:label1\" content=\"Escrito por\" \/>\n\t<meta name=\"twitter:data1\" content=\"Patrick Silva\" \/>\n\t<meta name=\"twitter:label2\" content=\"Est. tempo de leitura\" \/>\n\t<meta name=\"twitter:data2\" content=\"5 minutos\" \/>\n<!-- \/ Yoast SEO plugin. -->","yoast_head_json":{"title":"Cita\u00e7\u00e3o do dia do fil\u00f3sofo grego Arist\u00f3teles, \u201cA amizade \u00e9 uma alma que habita em dois corpos\u201d - Correio Braziliense - Radar","description":"A amizade influencia emo\u00e7\u00f5es, decis\u00f5es e at\u00e9 a forma de pensar. A filosofia explica por que certos v\u00ednculos t\u00eam impacto t\u00e3o profundo na vida.","robots":{"index":"index","follow":"follow","max-snippet":"max-snippet:-1","max-image-preview":"max-image-preview:large","max-video-preview":"max-video-preview:-1"},"canonical":"https:\/\/www.correiobraziliense.com.br\/cbradar\/citacao-do-dia-do-filosofo-grego-aristoteles-a-amizade-e-uma-alma-que-habita-em-dois-corpos\/","og_locale":"pt_BR","og_type":"article","og_title":"Cita\u00e7\u00e3o do dia do fil\u00f3sofo grego Arist\u00f3teles, \u201cA amizade \u00e9 uma alma que habita em dois corpos\u201d - Correio Braziliense - Radar","og_description":"A amizade influencia emo\u00e7\u00f5es, decis\u00f5es e at\u00e9 a forma de pensar. A filosofia explica por que certos v\u00ednculos t\u00eam impacto t\u00e3o profundo na vida.","og_url":"https:\/\/www.correiobraziliense.com.br\/cbradar\/citacao-do-dia-do-filosofo-grego-aristoteles-a-amizade-e-uma-alma-que-habita-em-dois-corpos\/","og_site_name":"Correio Braziliense - Radar","article_published_time":"2026-04-28T20:35:00+00:00","og_image":[{"width":1280,"height":720,"url":"https:\/\/www.correiobraziliense.com.br\/cbradar\/wp-content\/uploads\/2026\/04\/Gemini_Generated_Image_qecstoqecstoqecs-1-1.png","type":"image\/png"}],"author":"Patrick Silva","twitter_card":"summary_large_image","twitter_misc":{"Escrito por":"Patrick Silva","Est. tempo de leitura":"5 minutos"},"schema":{"@context":"https:\/\/schema.org","@graph":[{"@type":"WebPage","@id":"https:\/\/www.correiobraziliense.com.br\/cbradar\/citacao-do-dia-do-filosofo-grego-aristoteles-a-amizade-e-uma-alma-que-habita-em-dois-corpos\/","url":"https:\/\/www.correiobraziliense.com.br\/cbradar\/citacao-do-dia-do-filosofo-grego-aristoteles-a-amizade-e-uma-alma-que-habita-em-dois-corpos\/","name":"Cita\u00e7\u00e3o do dia do fil\u00f3sofo grego Arist\u00f3teles, \u201cA amizade \u00e9 uma alma que habita em dois corpos\u201d - Correio Braziliense - Radar","isPartOf":{"@id":"https:\/\/www.correiobraziliense.com.br\/cbradar\/#website"},"primaryImageOfPage":{"@id":"https:\/\/www.correiobraziliense.com.br\/cbradar\/citacao-do-dia-do-filosofo-grego-aristoteles-a-amizade-e-uma-alma-que-habita-em-dois-corpos\/#primaryimage"},"image":{"@id":"https:\/\/www.correiobraziliense.com.br\/cbradar\/citacao-do-dia-do-filosofo-grego-aristoteles-a-amizade-e-uma-alma-que-habita-em-dois-corpos\/#primaryimage"},"thumbnailUrl":"https:\/\/www.correiobraziliense.com.br\/cbradar\/wp-content\/uploads\/2026\/04\/Gemini_Generated_Image_qecstoqecstoqecs-1-1.png","datePublished":"2026-04-28T20:35:00+00:00","author":{"@id":"https:\/\/www.correiobraziliense.com.br\/cbradar\/#\/schema\/person\/5440b72be9c7eb74f446c846479dc4da"},"description":"A amizade influencia emo\u00e7\u00f5es, decis\u00f5es e at\u00e9 a forma de pensar. A filosofia explica por que certos v\u00ednculos t\u00eam impacto t\u00e3o profundo na vida.","breadcrumb":{"@id":"https:\/\/www.correiobraziliense.com.br\/cbradar\/citacao-do-dia-do-filosofo-grego-aristoteles-a-amizade-e-uma-alma-que-habita-em-dois-corpos\/#breadcrumb"},"inLanguage":"pt-BR","potentialAction":[{"@type":"ReadAction","target":["https:\/\/www.correiobraziliense.com.br\/cbradar\/citacao-do-dia-do-filosofo-grego-aristoteles-a-amizade-e-uma-alma-que-habita-em-dois-corpos\/"]}]},{"@type":"ImageObject","inLanguage":"pt-BR","@id":"https:\/\/www.correiobraziliense.com.br\/cbradar\/citacao-do-dia-do-filosofo-grego-aristoteles-a-amizade-e-uma-alma-que-habita-em-dois-corpos\/#primaryimage","url":"https:\/\/www.correiobraziliense.com.br\/cbradar\/wp-content\/uploads\/2026\/04\/Gemini_Generated_Image_qecstoqecstoqecs-1-1.png","contentUrl":"https:\/\/www.correiobraziliense.com.br\/cbradar\/wp-content\/uploads\/2026\/04\/Gemini_Generated_Image_qecstoqecstoqecs-1-1.png","width":1280,"height":720,"caption":"A amizade fortalece emo\u00e7\u00f5es e influencia decis\u00f5es na vida cotidiana"},{"@type":"BreadcrumbList","@id":"https:\/\/www.correiobraziliense.com.br\/cbradar\/citacao-do-dia-do-filosofo-grego-aristoteles-a-amizade-e-uma-alma-que-habita-em-dois-corpos\/#breadcrumb","itemListElement":[{"@type":"ListItem","position":1,"name":"In\u00edcio","item":"https:\/\/www.correiobraziliense.com.br\/cbradar\/"},{"@type":"ListItem","position":2,"name":"Cita\u00e7\u00e3o do dia do fil\u00f3sofo grego Arist\u00f3teles, \u201cA amizade \u00e9 uma alma que habita em dois corpos\u201d"}]},{"@type":"WebSite","@id":"https:\/\/www.correiobraziliense.com.br\/cbradar\/#website","url":"https:\/\/www.correiobraziliense.com.br\/cbradar\/","name":"Correio Braziliense - Radar","description":"Acompanhe as \u00faltimas not\u00edcias e fique bem informado sobre tudo o que acontece no Brasil e no mundo.","potentialAction":[{"@type":"SearchAction","target":{"@type":"EntryPoint","urlTemplate":"https:\/\/www.correiobraziliense.com.br\/cbradar\/?s={search_term_string}"},"query-input":{"@type":"PropertyValueSpecification","valueRequired":true,"valueName":"search_term_string"}}],"inLanguage":"pt-BR"},{"@type":"Person","@id":"https:\/\/www.correiobraziliense.com.br\/cbradar\/#\/schema\/person\/5440b72be9c7eb74f446c846479dc4da","name":"Patrick Silva","image":{"@type":"ImageObject","inLanguage":"pt-BR","@id":"https:\/\/www.correiobraziliense.com.br\/cbradar\/#\/schema\/person\/image\/","url":"https:\/\/secure.gravatar.com\/avatar\/944109df296fc087785c9715fd5f80b2?s=96&d=mm&r=g","contentUrl":"https:\/\/secure.gravatar.com\/avatar\/944109df296fc087785c9715fd5f80b2?s=96&d=mm&r=g","caption":"Patrick Silva"},"sameAs":["https:\/\/www.correiobraziliense.com.br\/cbradar\/"],"url":"https:\/\/www.correiobraziliense.com.br\/cbradar\/author\/patrick-silva\/"}]}},"_links":{"self":[{"href":"https:\/\/www.correiobraziliense.com.br\/cbradar\/wp-json\/wp\/v2\/posts\/233085","targetHints":{"allow":["GET"]}}],"collection":[{"href":"https:\/\/www.correiobraziliense.com.br\/cbradar\/wp-json\/wp\/v2\/posts"}],"about":[{"href":"https:\/\/www.correiobraziliense.com.br\/cbradar\/wp-json\/wp\/v2\/types\/post"}],"author":[{"embeddable":true,"href":"https:\/\/www.correiobraziliense.com.br\/cbradar\/wp-json\/wp\/v2\/users\/21"}],"replies":[{"embeddable":true,"href":"https:\/\/www.correiobraziliense.com.br\/cbradar\/wp-json\/wp\/v2\/comments?post=233085"}],"version-history":[{"count":6,"href":"https:\/\/www.correiobraziliense.com.br\/cbradar\/wp-json\/wp\/v2\/posts\/233085\/revisions"}],"predecessor-version":[{"id":233098,"href":"https:\/\/www.correiobraziliense.com.br\/cbradar\/wp-json\/wp\/v2\/posts\/233085\/revisions\/233098"}],"wp:featuredmedia":[{"embeddable":true,"href":"https:\/\/www.correiobraziliense.com.br\/cbradar\/wp-json\/wp\/v2\/media\/233091"}],"wp:attachment":[{"href":"https:\/\/www.correiobraziliense.com.br\/cbradar\/wp-json\/wp\/v2\/media?parent=233085"}],"wp:term":[{"taxonomy":"category","embeddable":true,"href":"https:\/\/www.correiobraziliense.com.br\/cbradar\/wp-json\/wp\/v2\/categories?post=233085"},{"taxonomy":"post_tag","embeddable":true,"href":"https:\/\/www.correiobraziliense.com.br\/cbradar\/wp-json\/wp\/v2\/post_tag?post=233085"}],"curies":[{"name":"wp","href":"https:\/\/api.w.org\/{rel}","templated":true}]}}