{"id":233099,"date":"2026-04-28T18:45:00","date_gmt":"2026-04-28T21:45:00","guid":{"rendered":"https:\/\/www.correiobraziliense.com.br\/cbradar\/?p=233099"},"modified":"2026-04-27T12:13:40","modified_gmt":"2026-04-27T15:13:40","slug":"nem-todo-mundo-que-sempre-pergunta-se-voce-chegou-bem-e-mais-atencioso-do-que-os-outros-algumas-dessas-pessoas-aprenderam-que-cuidar-primeiro-e-a-unica-forma-confiavel-de-sentir-que-ainda-importam-p","status":"publish","type":"post","link":"https:\/\/www.correiobraziliense.com.br\/cbradar\/nem-todo-mundo-que-sempre-pergunta-se-voce-chegou-bem-e-mais-atencioso-do-que-os-outros-algumas-dessas-pessoas-aprenderam-que-cuidar-primeiro-e-a-unica-forma-confiavel-de-sentir-que-ainda-importam-p\/","title":{"rendered":"Nem todo mundo que sempre pergunta se voc\u00ea chegou bem \u00e9 mais atencioso do que os outros, algumas dessas pessoas aprenderam que cuidar primeiro \u00e9 a \u00fanica forma confi\u00e1vel de sentir que ainda importam, porque esperar demonstra\u00e7\u00e3o espont\u00e2nea j\u00e1 doeu sil\u00eancio demais"},"content":{"rendered":"\n<p>A aten\u00e7\u00e3o excessiva em relacionamentos pode esconder feridas emocionais profundas que moldam comportamentos de cuidado constante no dia a dia. Muitas pessoas utilizam a preocupa\u00e7\u00e3o ativa como um mecanismo de defesa para garantir seu valor social e afetivo. Compreender as ra\u00edzes dessa necessidade de proteger o outro revela muito sobre a <strong>psicologia humana<\/strong>.<\/p>\n\n\n\n<h2 class=\"wp-block-heading\">Por que a preocupa\u00e7\u00e3o constante esconde inseguran\u00e7as?<\/h2>\n\n\n\n<p>Perguntar se algu\u00e9m chegou bem em casa pode parecer apenas um gesto de cortesia, mas muitas vezes reflete o medo da invisibilidade emocional. Esse padr\u00e3o surge quando o indiv\u00edduo aprendeu que o afeto s\u00f3 \u00e9 garantido atrav\u00e9s do servi\u00e7o e do monitoramento constante do bem-estar alheio. \u00c9 uma tentativa de manter o <strong>controle sobre a import\u00e2ncia pr\u00f3pria<\/strong>.<\/p>\n\n\n\n<p>Quando a espontaneidade do outro falhou repetidamente no passado, a pessoa assume a lideran\u00e7a do cuidado para evitar novas decep\u00e7\u00f5es dolorosas. Esse comportamento proativo serve como um escudo contra o sil\u00eancio que um dia machucou profundamente a alma e a autoestima. Agir primeiro torna-se a \u00fanica forma segura de validar que sua presen\u00e7a ainda \u00e9 <strong>necess\u00e1ria e relevante<\/strong>.<\/p>\n\n\n\n<figure class=\"wp-block-image size-full\"><img decoding=\"async\" width=\"1280\" height=\"720\" src=\"https:\/\/www.correiobraziliense.com.br\/cbradar\/wp-content\/uploads\/2026\/04\/Gemini_Generated_Image_8gjpga8gjpga8gjp-1-1.png\" alt=\"Nem todo mundo que sempre pergunta se voc\u00ea chegou bem \u00e9 mais atencioso do que os outros, algumas dessas pessoas aprenderam que cuidar primeiro \u00e9 a \u00fanica forma confi\u00e1vel de sentir que ainda importam, porque esperar demonstra\u00e7\u00e3o espont\u00e2nea j\u00e1 doeu sil\u00eancio demais\" class=\"wp-image-233107\" srcset=\"https:\/\/www.correiobraziliense.com.br\/cbradar\/wp-content\/uploads\/2026\/04\/Gemini_Generated_Image_8gjpga8gjpga8gjp-1-1.png 1280w, https:\/\/www.correiobraziliense.com.br\/cbradar\/wp-content\/uploads\/2026\/04\/Gemini_Generated_Image_8gjpga8gjpga8gjp-1-1-300x169.png 300w, https:\/\/www.correiobraziliense.com.br\/cbradar\/wp-content\/uploads\/2026\/04\/Gemini_Generated_Image_8gjpga8gjpga8gjp-1-1-768x432.png 768w, https:\/\/www.correiobraziliense.com.br\/cbradar\/wp-content\/uploads\/2026\/04\/Gemini_Generated_Image_8gjpga8gjpga8gjp-1-1-750x422.png 750w, https:\/\/www.correiobraziliense.com.br\/cbradar\/wp-content\/uploads\/2026\/04\/Gemini_Generated_Image_8gjpga8gjpga8gjp-1-1-1140x641.png 1140w\" sizes=\"(max-width: 1280px) 100vw, 1280px\" \/><figcaption class=\"wp-element-caption\">A aten\u00e7\u00e3o excessiva pode revelar inseguran\u00e7a emocional nos relacionamentos<\/figcaption><\/figure>\n\n\n\n<h2 class=\"wp-block-heading\">Qual a liga\u00e7\u00e3o entre sil\u00eancio passado e cuidado atual?<\/h2>\n\n\n\n<p>O sil\u00eancio prolongado em momentos de vulnerabilidade ensina que esperar pelo reconhecimento externo \u00e9 um risco emocional muito alto para se correr. Para evitar a sensa\u00e7\u00e3o de abandono, o indiv\u00edduo projeta nos outros o acolhimento que nunca recebeu quando mais precisava de apoio real. Essa proje\u00e7\u00e3o transforma a car\u00eancia antiga em uma rede de <strong>prote\u00e7\u00e3o vigilante e incans\u00e1vel<\/strong>.<\/p>\n\n\n\n<p>Cuidar torna-se uma linguagem de sobreviv\u00eancia para quem sentiu que precisava ser \u00fatil para ser amado ou minimamente notado por algu\u00e9m. O medo de ser esquecido motiva o envio de mensagens frequentes e a demonstra\u00e7\u00e3o de uma aten\u00e7\u00e3o que beira o sufocamento emocional. \u00c9 um ciclo de compensa\u00e7\u00e3o que tenta preencher vazios deixados por <strong>relacionamentos negligentes<\/strong> nas fases anteriores da vida.<\/p>\n\n\n\n<p>Leia tamb\u00e9m: <a href=\"https:\/\/www.correiobraziliense.com.br\/cbradar\/a-psicologia-aponta-que-pessoas-que-sempre-dizem-tudo-bem-nao-sao-mais-compreensivas-elas-aprenderam-a-ignorar-as-proprias-necessidades\/\" target=\"_blank\" rel=\"noreferrer noopener\">A psicologia aponta que pessoas que sempre dizem \u201ctudo bem\u201d n\u00e3o s\u00e3o mais compreensivas, elas aprenderam a ignorar as pr\u00f3prias necessidades<\/a><\/p>\n\n\n\n<h2 class=\"wp-block-heading\">Como identificar os sinais desse comportamento vigilante?<\/h2>\n\n\n\n<p>Reconhecer esse padr\u00e3o exige sensibilidade para notar quando o cuidado ultrapassa a gentileza e torna-se uma obriga\u00e7\u00e3o interna pesada para o indiv\u00edduo. A pessoa sente uma urg\u00eancia quase f\u00edsica em garantir que o outro est\u00e1 seguro para aliviar sua pr\u00f3pria ansiedade de separa\u00e7\u00e3o. <\/p>\n\n\n\n<p>Observe as atitudes comuns que revelam essa necessidade latente de <strong>valida\u00e7\u00e3o constante atrav\u00e9s do cuidado<\/strong>:<\/p>\n\n\n\n<ul class=\"wp-block-list\">\n<li>Antecipa\u00e7\u00e3o de necessidades b\u00e1sicas do outro;<\/li>\n\n\n\n<li>Frequ\u00eancia alta de mensagens de confer\u00eancia;<\/li>\n\n\n\n<li>Ansiedade vis\u00edvel enquanto espera uma resposta;<\/li>\n\n\n\n<li>Sentimento de culpa quando n\u00e3o pode ajudar;<\/li>\n\n\n\n<li>Dificuldade extrema em pedir cuidados para si.<\/li>\n<\/ul>\n\n\n\n<h2 class=\"wp-block-heading\">Existe cura para o medo da invisibilidade afetiva?<\/h2>\n\n\n\n<p>A cura come\u00e7a pelo reconhecimento de que seu valor pessoal n\u00e3o depende da utilidade que voc\u00ea desempenha na vida das outras pessoas. Desconstruir a ideia de que \u00e9 necess\u00e1rio cuidar para ser amado exige um esfor\u00e7o consciente de autocompaix\u00e3o e muita paci\u00eancia interna. \u00c9 um processo de aprendizado que envolve aceitar que o <strong>amor espont\u00e2neo \u00e9 poss\u00edvel<\/strong> e real.<\/p>\n\n\n\n<p>Aprender a receber cuidado sem sentir que deve algo em troca \u00e9 um desafio imenso para quem sempre esteve na lideran\u00e7a afetiva. Estabelecer limites saud\u00e1veis ajuda a equilibrar as trocas e permite que o sil\u00eancio do outro n\u00e3o seja interpretado como rejei\u00e7\u00e3o fatal. A seguran\u00e7a interna floresce quando o indiv\u00edduo percebe que sua <strong>ess\u00eancia basta para ser amada<\/strong> plenamente.<\/p>\n\n\n\n<figure class=\"wp-block-image size-full\"><img decoding=\"async\" width=\"1280\" height=\"720\" src=\"https:\/\/www.correiobraziliense.com.br\/cbradar\/wp-content\/uploads\/2026\/04\/Gemini_Generated_Image_xy7jsxy7jsxy7jsx-1-1.png\" alt=\"Nem todo mundo que sempre pergunta se voc\u00ea chegou bem \u00e9 mais atencioso do que os outros, algumas dessas pessoas aprenderam que cuidar primeiro \u00e9 a \u00fanica forma confi\u00e1vel de sentir que ainda importam, porque esperar demonstra\u00e7\u00e3o espont\u00e2nea j\u00e1 doeu sil\u00eancio demais\" class=\"wp-image-233108\" srcset=\"https:\/\/www.correiobraziliense.com.br\/cbradar\/wp-content\/uploads\/2026\/04\/Gemini_Generated_Image_xy7jsxy7jsxy7jsx-1-1.png 1280w, https:\/\/www.correiobraziliense.com.br\/cbradar\/wp-content\/uploads\/2026\/04\/Gemini_Generated_Image_xy7jsxy7jsxy7jsx-1-1-300x169.png 300w, https:\/\/www.correiobraziliense.com.br\/cbradar\/wp-content\/uploads\/2026\/04\/Gemini_Generated_Image_xy7jsxy7jsxy7jsx-1-1-768x432.png 768w, https:\/\/www.correiobraziliense.com.br\/cbradar\/wp-content\/uploads\/2026\/04\/Gemini_Generated_Image_xy7jsxy7jsxy7jsx-1-1-750x422.png 750w, https:\/\/www.correiobraziliense.com.br\/cbradar\/wp-content\/uploads\/2026\/04\/Gemini_Generated_Image_xy7jsxy7jsxy7jsx-1-1-1140x641.png 1140w\" sizes=\"(max-width: 1280px) 100vw, 1280px\" \/><figcaption class=\"wp-element-caption\">A aten\u00e7\u00e3o excessiva pode revelar inseguran\u00e7a emocional nos relacionamentos<\/figcaption><\/figure>\n\n\n\n<h2 class=\"wp-block-heading\">Como estabelecer trocas emocionais mais equilibradas?<\/h2>\n\n\n\n<p>Equilibrar as rela\u00e7\u00f5es exige comunica\u00e7\u00e3o aberta sobre as necessidades de cada um, evitando que o cuidado se transforme em um peso emocional. Permitir que o outro tamb\u00e9m tome a iniciativa demonstra confian\u00e7a na conex\u00e3o e alivia a press\u00e3o sobre o cuidador cr\u00f4nico e cansado. Essa din\u00e2mica saud\u00e1vel fortalece o v\u00ednculo e promove um ambiente de <strong>respeito m\u00fatuo e genu\u00edno<\/strong>.<\/p>\n\n\n\n<p>A seguran\u00e7a nos v\u00ednculos \u00e9 fundamental para reduzir a ansiedade social e promover relacionamentos que realmente contribuam para o crescimento pessoal de todos. Segundo dados da <strong>Mayo Clinic<\/strong>, manter conex\u00f5es sociais saud\u00e1veis reduz significativamente os riscos de depress\u00e3o e melhora a qualidade de vida. Saiba mais sobre os benef\u00edcios dos <a target=\"_blank\" rel=\"noreferrer noopener\" href=\"https:\/\/www.mayoclinic.org\/healthy-lifestyle\/adult-health\/in-depth\/friendships\/art-20044860\">relacionamentos saud\u00e1veis no portal da Mayo Clinic<\/a>.<\/p>\n","protected":false},"excerpt":{"rendered":"<p>A aten\u00e7\u00e3o excessiva em relacionamentos pode esconder feridas emocionais profundas que moldam comportamentos de cuidado constante no dia a dia. Muitas pessoas utilizam a preocupa\u00e7\u00e3o ativa como um mecanismo de defesa para garantir seu valor social e afetivo. Compreender as ra\u00edzes dessa necessidade de proteger o outro revela muito sobre a psicologia humana. Por que [&hellip;]<\/p>\n","protected":false},"author":21,"featured_media":233103,"comment_status":"open","ping_status":"open","sticky":false,"template":"","format":"standard","meta":{"_yoast_wpseo_focuskw":"aten\u00e7\u00e3o excessiva revela inseguran\u00e7a emocional","_yoast_wpseo_title":"","_yoast_wpseo_metadesc":"Cuidar demais pode revelar inseguran\u00e7as profundas. Certos comportamentos de aten\u00e7\u00e3o escondem padr\u00f5es emocionais pouco percebidos.","jnews-multi-image_gallery":[],"jnews_single_post":{"format":"standard"},"jnews_primary_category":[],"jnews_social_meta":[],"jnews_override_counter":[],"footnotes":""},"categories":[112],"post_tag":[2200,404,5000,5069],"class_list":["post-233099","post","type-post","status-publish","format-standard","has-post-thumbnail","hentry","category-curiosidades","tag-insegurancas","tag-psicologia","tag-relacionamentos","tag-silencio"],"yoast_head":"<!-- This site is optimized with the Yoast SEO plugin v24.6 - https:\/\/yoast.com\/wordpress\/plugins\/seo\/ -->\n<title>Nem todo mundo que sempre pergunta se voc\u00ea chegou bem \u00e9 mais atencioso do que os outros, algumas dessas pessoas aprenderam que cuidar primeiro \u00e9 a \u00fanica forma confi\u00e1vel de sentir que ainda importam, porque esperar demonstra\u00e7\u00e3o espont\u00e2nea j\u00e1 doeu sil\u00eancio demais - Correio Braziliense - Radar<\/title>\n<meta name=\"description\" content=\"Cuidar demais pode revelar inseguran\u00e7as profundas. Certos comportamentos de aten\u00e7\u00e3o escondem padr\u00f5es emocionais pouco percebidos.\" \/>\n<meta name=\"robots\" content=\"index, follow, max-snippet:-1, max-image-preview:large, max-video-preview:-1\" \/>\n<link rel=\"canonical\" href=\"https:\/\/www.correiobraziliense.com.br\/cbradar\/nem-todo-mundo-que-sempre-pergunta-se-voce-chegou-bem-e-mais-atencioso-do-que-os-outros-algumas-dessas-pessoas-aprenderam-que-cuidar-primeiro-e-a-unica-forma-confiavel-de-sentir-que-ainda-importam-p\/\" \/>\n<meta property=\"og:locale\" content=\"pt_BR\" \/>\n<meta property=\"og:type\" content=\"article\" \/>\n<meta property=\"og:title\" content=\"Nem todo mundo que sempre pergunta se voc\u00ea chegou bem \u00e9 mais atencioso do que os outros, algumas dessas pessoas aprenderam que cuidar primeiro \u00e9 a \u00fanica forma confi\u00e1vel de sentir que ainda importam, porque esperar demonstra\u00e7\u00e3o espont\u00e2nea j\u00e1 doeu sil\u00eancio demais - Correio Braziliense - Radar\" \/>\n<meta property=\"og:description\" content=\"Cuidar demais pode revelar inseguran\u00e7as profundas. Certos comportamentos de aten\u00e7\u00e3o escondem padr\u00f5es emocionais pouco percebidos.\" \/>\n<meta property=\"og:url\" content=\"https:\/\/www.correiobraziliense.com.br\/cbradar\/nem-todo-mundo-que-sempre-pergunta-se-voce-chegou-bem-e-mais-atencioso-do-que-os-outros-algumas-dessas-pessoas-aprenderam-que-cuidar-primeiro-e-a-unica-forma-confiavel-de-sentir-que-ainda-importam-p\/\" \/>\n<meta property=\"og:site_name\" content=\"Correio Braziliense - Radar\" \/>\n<meta property=\"article:published_time\" content=\"2026-04-28T21:45:00+00:00\" \/>\n<meta property=\"og:image\" content=\"https:\/\/www.correiobraziliense.com.br\/cbradar\/wp-content\/uploads\/2026\/04\/Gemini_Generated_Image_h8t2blh8t2blh8t2-1-1.png\" \/>\n\t<meta property=\"og:image:width\" content=\"1280\" \/>\n\t<meta property=\"og:image:height\" content=\"720\" \/>\n\t<meta property=\"og:image:type\" content=\"image\/png\" \/>\n<meta name=\"author\" content=\"Patrick Silva\" \/>\n<meta name=\"twitter:card\" content=\"summary_large_image\" \/>\n<meta name=\"twitter:label1\" content=\"Escrito por\" \/>\n\t<meta name=\"twitter:data1\" content=\"Patrick Silva\" \/>\n\t<meta name=\"twitter:label2\" content=\"Est. tempo de leitura\" \/>\n\t<meta name=\"twitter:data2\" content=\"5 minutos\" \/>\n<!-- \/ Yoast SEO plugin. -->","yoast_head_json":{"title":"Nem todo mundo que sempre pergunta se voc\u00ea chegou bem \u00e9 mais atencioso do que os outros, algumas dessas pessoas aprenderam que cuidar primeiro \u00e9 a \u00fanica forma confi\u00e1vel de sentir que ainda importam, porque esperar demonstra\u00e7\u00e3o espont\u00e2nea j\u00e1 doeu sil\u00eancio demais - Correio Braziliense - Radar","description":"Cuidar demais pode revelar inseguran\u00e7as profundas. Certos comportamentos de aten\u00e7\u00e3o escondem padr\u00f5es emocionais pouco percebidos.","robots":{"index":"index","follow":"follow","max-snippet":"max-snippet:-1","max-image-preview":"max-image-preview:large","max-video-preview":"max-video-preview:-1"},"canonical":"https:\/\/www.correiobraziliense.com.br\/cbradar\/nem-todo-mundo-que-sempre-pergunta-se-voce-chegou-bem-e-mais-atencioso-do-que-os-outros-algumas-dessas-pessoas-aprenderam-que-cuidar-primeiro-e-a-unica-forma-confiavel-de-sentir-que-ainda-importam-p\/","og_locale":"pt_BR","og_type":"article","og_title":"Nem todo mundo que sempre pergunta se voc\u00ea chegou bem \u00e9 mais atencioso do que os outros, algumas dessas pessoas aprenderam que cuidar primeiro \u00e9 a \u00fanica forma confi\u00e1vel de sentir que ainda importam, porque esperar demonstra\u00e7\u00e3o espont\u00e2nea j\u00e1 doeu sil\u00eancio demais - Correio Braziliense - Radar","og_description":"Cuidar demais pode revelar inseguran\u00e7as profundas. Certos comportamentos de aten\u00e7\u00e3o escondem padr\u00f5es emocionais pouco percebidos.","og_url":"https:\/\/www.correiobraziliense.com.br\/cbradar\/nem-todo-mundo-que-sempre-pergunta-se-voce-chegou-bem-e-mais-atencioso-do-que-os-outros-algumas-dessas-pessoas-aprenderam-que-cuidar-primeiro-e-a-unica-forma-confiavel-de-sentir-que-ainda-importam-p\/","og_site_name":"Correio Braziliense - Radar","article_published_time":"2026-04-28T21:45:00+00:00","og_image":[{"width":1280,"height":720,"url":"https:\/\/www.correiobraziliense.com.br\/cbradar\/wp-content\/uploads\/2026\/04\/Gemini_Generated_Image_h8t2blh8t2blh8t2-1-1.png","type":"image\/png"}],"author":"Patrick Silva","twitter_card":"summary_large_image","twitter_misc":{"Escrito por":"Patrick Silva","Est. tempo de leitura":"5 minutos"},"schema":{"@context":"https:\/\/schema.org","@graph":[{"@type":"WebPage","@id":"https:\/\/www.correiobraziliense.com.br\/cbradar\/nem-todo-mundo-que-sempre-pergunta-se-voce-chegou-bem-e-mais-atencioso-do-que-os-outros-algumas-dessas-pessoas-aprenderam-que-cuidar-primeiro-e-a-unica-forma-confiavel-de-sentir-que-ainda-importam-p\/","url":"https:\/\/www.correiobraziliense.com.br\/cbradar\/nem-todo-mundo-que-sempre-pergunta-se-voce-chegou-bem-e-mais-atencioso-do-que-os-outros-algumas-dessas-pessoas-aprenderam-que-cuidar-primeiro-e-a-unica-forma-confiavel-de-sentir-que-ainda-importam-p\/","name":"Nem todo mundo que sempre pergunta se voc\u00ea chegou bem \u00e9 mais atencioso do que os outros, algumas dessas pessoas aprenderam que cuidar primeiro \u00e9 a \u00fanica forma confi\u00e1vel de sentir que ainda importam, porque esperar demonstra\u00e7\u00e3o espont\u00e2nea j\u00e1 doeu sil\u00eancio demais - Correio Braziliense - Radar","isPartOf":{"@id":"https:\/\/www.correiobraziliense.com.br\/cbradar\/#website"},"primaryImageOfPage":{"@id":"https:\/\/www.correiobraziliense.com.br\/cbradar\/nem-todo-mundo-que-sempre-pergunta-se-voce-chegou-bem-e-mais-atencioso-do-que-os-outros-algumas-dessas-pessoas-aprenderam-que-cuidar-primeiro-e-a-unica-forma-confiavel-de-sentir-que-ainda-importam-p\/#primaryimage"},"image":{"@id":"https:\/\/www.correiobraziliense.com.br\/cbradar\/nem-todo-mundo-que-sempre-pergunta-se-voce-chegou-bem-e-mais-atencioso-do-que-os-outros-algumas-dessas-pessoas-aprenderam-que-cuidar-primeiro-e-a-unica-forma-confiavel-de-sentir-que-ainda-importam-p\/#primaryimage"},"thumbnailUrl":"https:\/\/www.correiobraziliense.com.br\/cbradar\/wp-content\/uploads\/2026\/04\/Gemini_Generated_Image_h8t2blh8t2blh8t2-1-1.png","datePublished":"2026-04-28T21:45:00+00:00","author":{"@id":"https:\/\/www.correiobraziliense.com.br\/cbradar\/#\/schema\/person\/5440b72be9c7eb74f446c846479dc4da"},"description":"Cuidar demais pode revelar inseguran\u00e7as profundas. Certos comportamentos de aten\u00e7\u00e3o escondem padr\u00f5es emocionais pouco percebidos.","breadcrumb":{"@id":"https:\/\/www.correiobraziliense.com.br\/cbradar\/nem-todo-mundo-que-sempre-pergunta-se-voce-chegou-bem-e-mais-atencioso-do-que-os-outros-algumas-dessas-pessoas-aprenderam-que-cuidar-primeiro-e-a-unica-forma-confiavel-de-sentir-que-ainda-importam-p\/#breadcrumb"},"inLanguage":"pt-BR","potentialAction":[{"@type":"ReadAction","target":["https:\/\/www.correiobraziliense.com.br\/cbradar\/nem-todo-mundo-que-sempre-pergunta-se-voce-chegou-bem-e-mais-atencioso-do-que-os-outros-algumas-dessas-pessoas-aprenderam-que-cuidar-primeiro-e-a-unica-forma-confiavel-de-sentir-que-ainda-importam-p\/"]}]},{"@type":"ImageObject","inLanguage":"pt-BR","@id":"https:\/\/www.correiobraziliense.com.br\/cbradar\/nem-todo-mundo-que-sempre-pergunta-se-voce-chegou-bem-e-mais-atencioso-do-que-os-outros-algumas-dessas-pessoas-aprenderam-que-cuidar-primeiro-e-a-unica-forma-confiavel-de-sentir-que-ainda-importam-p\/#primaryimage","url":"https:\/\/www.correiobraziliense.com.br\/cbradar\/wp-content\/uploads\/2026\/04\/Gemini_Generated_Image_h8t2blh8t2blh8t2-1-1.png","contentUrl":"https:\/\/www.correiobraziliense.com.br\/cbradar\/wp-content\/uploads\/2026\/04\/Gemini_Generated_Image_h8t2blh8t2blh8t2-1-1.png","width":1280,"height":720,"caption":"A aten\u00e7\u00e3o excessiva pode revelar inseguran\u00e7a emocional nos relacionamentos"},{"@type":"BreadcrumbList","@id":"https:\/\/www.correiobraziliense.com.br\/cbradar\/nem-todo-mundo-que-sempre-pergunta-se-voce-chegou-bem-e-mais-atencioso-do-que-os-outros-algumas-dessas-pessoas-aprenderam-que-cuidar-primeiro-e-a-unica-forma-confiavel-de-sentir-que-ainda-importam-p\/#breadcrumb","itemListElement":[{"@type":"ListItem","position":1,"name":"In\u00edcio","item":"https:\/\/www.correiobraziliense.com.br\/cbradar\/"},{"@type":"ListItem","position":2,"name":"Nem todo mundo que sempre pergunta se voc\u00ea chegou bem \u00e9 mais atencioso do que os outros, algumas dessas pessoas aprenderam que cuidar primeiro \u00e9 a \u00fanica forma confi\u00e1vel de sentir que ainda importam, porque esperar demonstra\u00e7\u00e3o espont\u00e2nea j\u00e1 doeu sil\u00eancio demais"}]},{"@type":"WebSite","@id":"https:\/\/www.correiobraziliense.com.br\/cbradar\/#website","url":"https:\/\/www.correiobraziliense.com.br\/cbradar\/","name":"Correio Braziliense - Radar","description":"Acompanhe as \u00faltimas not\u00edcias e fique bem informado sobre tudo o que acontece no Brasil e no mundo.","potentialAction":[{"@type":"SearchAction","target":{"@type":"EntryPoint","urlTemplate":"https:\/\/www.correiobraziliense.com.br\/cbradar\/?s={search_term_string}"},"query-input":{"@type":"PropertyValueSpecification","valueRequired":true,"valueName":"search_term_string"}}],"inLanguage":"pt-BR"},{"@type":"Person","@id":"https:\/\/www.correiobraziliense.com.br\/cbradar\/#\/schema\/person\/5440b72be9c7eb74f446c846479dc4da","name":"Patrick Silva","image":{"@type":"ImageObject","inLanguage":"pt-BR","@id":"https:\/\/www.correiobraziliense.com.br\/cbradar\/#\/schema\/person\/image\/","url":"https:\/\/secure.gravatar.com\/avatar\/944109df296fc087785c9715fd5f80b2?s=96&d=mm&r=g","contentUrl":"https:\/\/secure.gravatar.com\/avatar\/944109df296fc087785c9715fd5f80b2?s=96&d=mm&r=g","caption":"Patrick Silva"},"sameAs":["https:\/\/www.correiobraziliense.com.br\/cbradar\/"],"url":"https:\/\/www.correiobraziliense.com.br\/cbradar\/author\/patrick-silva\/"}]}},"_links":{"self":[{"href":"https:\/\/www.correiobraziliense.com.br\/cbradar\/wp-json\/wp\/v2\/posts\/233099","targetHints":{"allow":["GET"]}}],"collection":[{"href":"https:\/\/www.correiobraziliense.com.br\/cbradar\/wp-json\/wp\/v2\/posts"}],"about":[{"href":"https:\/\/www.correiobraziliense.com.br\/cbradar\/wp-json\/wp\/v2\/types\/post"}],"author":[{"embeddable":true,"href":"https:\/\/www.correiobraziliense.com.br\/cbradar\/wp-json\/wp\/v2\/users\/21"}],"replies":[{"embeddable":true,"href":"https:\/\/www.correiobraziliense.com.br\/cbradar\/wp-json\/wp\/v2\/comments?post=233099"}],"version-history":[{"count":3,"href":"https:\/\/www.correiobraziliense.com.br\/cbradar\/wp-json\/wp\/v2\/posts\/233099\/revisions"}],"predecessor-version":[{"id":233109,"href":"https:\/\/www.correiobraziliense.com.br\/cbradar\/wp-json\/wp\/v2\/posts\/233099\/revisions\/233109"}],"wp:featuredmedia":[{"embeddable":true,"href":"https:\/\/www.correiobraziliense.com.br\/cbradar\/wp-json\/wp\/v2\/media\/233103"}],"wp:attachment":[{"href":"https:\/\/www.correiobraziliense.com.br\/cbradar\/wp-json\/wp\/v2\/media?parent=233099"}],"wp:term":[{"taxonomy":"category","embeddable":true,"href":"https:\/\/www.correiobraziliense.com.br\/cbradar\/wp-json\/wp\/v2\/categories?post=233099"},{"taxonomy":"post_tag","embeddable":true,"href":"https:\/\/www.correiobraziliense.com.br\/cbradar\/wp-json\/wp\/v2\/post_tag?post=233099"}],"curies":[{"name":"wp","href":"https:\/\/api.w.org\/{rel}","templated":true}]}}