{"id":233100,"date":"2026-04-28T21:35:00","date_gmt":"2026-04-29T00:35:00","guid":{"rendered":"https:\/\/www.correiobraziliense.com.br\/cbradar\/?p=233100"},"modified":"2026-04-27T13:20:08","modified_gmt":"2026-04-27T16:20:08","slug":"os-8-nomes-femininos-raros-inspirados-na-mitologia-que-podem-virar-tendencia-entre-os-bebes-em-2026","status":"publish","type":"post","link":"https:\/\/www.correiobraziliense.com.br\/cbradar\/os-8-nomes-femininos-raros-inspirados-na-mitologia-que-podem-virar-tendencia-entre-os-bebes-em-2026\/","title":{"rendered":"Os 8 nomes femininos raros inspirados na mitologia que podem virar tend\u00eancia entre os beb\u00eas em 2026"},"content":{"rendered":"\n<p>Escolher o nome de uma filha \u00e9 um momento especial que exige equil\u00edbrio entre a tradi\u00e7\u00e3o hist\u00f3rica e a modernidade necess\u00e1ria para o futuro. Em dois mil e vinte e seis, as figuras mitol\u00f3gicas ressurgem como fontes poderosas de inspira\u00e7\u00e3o para fam\u00edlias que buscam nomes curtos e marcantes. Essa escolha garante uma identidade \u00fanica para a crian\u00e7a.<\/p>\n\n\n\n<h2 class=\"wp-block-heading\">Por que nomes mitol\u00f3gicos femininos est\u00e3o ganhando espa\u00e7o?<\/h2>\n\n\n\n<p>A busca por identidades que carregam um prop\u00f3sito profundo reflete o desejo de conectar a nova gera\u00e7\u00e3o com narrativas de coragem e sabedoria milenar. Muitos pais encontram nessas lendas antigas a for\u00e7a necess\u00e1ria para batizar suas filhas com nomes que soam atuais, mas preservam ra\u00edzes cl\u00e1ssicas. Essa tend\u00eancia demonstra uma valoriza\u00e7\u00e3o pela cultura cl\u00e1ssica universal constante.<\/p>\n\n\n\n<p>Al\u00e9m do peso hist\u00f3rico, a sonoridade dessas escolhas costuma ser limpa e f\u00e1cil de pronunciar em diferentes idiomas ao redor do globo terrestre. Nomes que antes eram vistos apenas em livros de literatura cl\u00e1ssica agora ocupam as listas de prefer\u00eancias de fam\u00edlias que buscam sofistica\u00e7\u00e3o e autenticidade. Escolher um nome cl\u00e1ssico \u00e9 investir em heran\u00e7a cultural valiosa.<\/p>\n\n\n\n<figure class=\"wp-block-image size-full\"><img decoding=\"async\" width=\"1280\" height=\"720\" src=\"https:\/\/www.correiobraziliense.com.br\/cbradar\/wp-content\/uploads\/2026\/04\/Gemini_Generated_Image_u1apwau1apwau1ap-1-1.png\" alt=\"Os 8 nomes femininos raros inspirados na mitologia que podem virar tend\u00eancia entre os beb\u00eas em 2026\" class=\"wp-image-233117\" srcset=\"https:\/\/www.correiobraziliense.com.br\/cbradar\/wp-content\/uploads\/2026\/04\/Gemini_Generated_Image_u1apwau1apwau1ap-1-1.png 1280w, https:\/\/www.correiobraziliense.com.br\/cbradar\/wp-content\/uploads\/2026\/04\/Gemini_Generated_Image_u1apwau1apwau1ap-1-1-300x169.png 300w, https:\/\/www.correiobraziliense.com.br\/cbradar\/wp-content\/uploads\/2026\/04\/Gemini_Generated_Image_u1apwau1apwau1ap-1-1-768x432.png 768w, https:\/\/www.correiobraziliense.com.br\/cbradar\/wp-content\/uploads\/2026\/04\/Gemini_Generated_Image_u1apwau1apwau1ap-1-1-750x422.png 750w, https:\/\/www.correiobraziliense.com.br\/cbradar\/wp-content\/uploads\/2026\/04\/Gemini_Generated_Image_u1apwau1apwau1ap-1-1-1140x641.png 1140w\" sizes=\"(max-width: 1280px) 100vw, 1280px\" \/><figcaption class=\"wp-element-caption\">Nomes mitol\u00f3gicos femininos curtos unem beleza, for\u00e7a e significado para meninas modernas<\/figcaption><\/figure>\n\n\n\n<h2 class=\"wp-block-heading\">Como a sonoridade das deusas influencia a escolha moderna?<\/h2>\n\n\n\n<p>A est\u00e9tica fon\u00e9tica de nomes curtos com vogais fortes cria uma percep\u00e7\u00e3o de agilidade e dinamismo que combina perfeitamente com a vida contempor\u00e2nea. Escolher um nome que possua uma termina\u00e7\u00e3o suave facilita a socializa\u00e7\u00e3o da crian\u00e7a em diversos ambientes escolares e profissionais durante toda a jornada de crescimento pessoal. A harmonia sonora \u00e9 fundamental para o sucesso social.<\/p>\n\n\n\n<p>Termos que remetem a divindades trazem uma aura de autoridade natural sem parecerem datados ou excessivamente formais no cotidiano das pessoas. Essa versatilidade permite que o nome seja usado com naturalidade em qualquer lugar do mundo, mantendo o charme e a eleg\u00e2ncia que as ra\u00edzes antigas proporcionam. A sonoridade bem escolhida \u00e9 o segredo para decis\u00f5es equilibradas.<\/p>\n\n\n\n<h2 class=\"wp-block-heading\">Quais s\u00e3o os nomes mitol\u00f3gicos raros para meninas em 2026?<\/h2>\n\n\n\n<p>Existem op\u00e7\u00f5es que unem a raridade de figuras menos exploradas pela cultura popular com uma grafia extremamente atraente para os tempos atuais. Esses nomes evocam elementos da natureza e virtudes humanas que continuam sendo admiradas por todas as sociedades ao redor do planeta vasto. Selecionar uma dessas denomina\u00e7\u00f5es garante que a menina possua uma assinatura pessoal marcante.<\/p>\n\n\n\n<p>Nomes femininos inspirados em lendas antigas que transmitem for\u00e7a e beleza:<\/p>\n\n\n\n<ul class=\"wp-block-list\">\n<li><strong>Atena<\/strong><\/li>\n\n\n\n<li><strong>Maia<\/strong><\/li>\n\n\n\n<li><strong>Selene<\/strong><\/li>\n\n\n\n<li><strong>\u00cdris<\/strong><\/li>\n\n\n\n<li><strong>Gaia<\/strong><\/li>\n\n\n\n<li><strong>Aurora<\/strong><\/li>\n\n\n\n<li><strong>Flora<\/strong><\/li>\n\n\n\n<li><strong>Artemis<\/strong><\/li>\n<\/ul>\n\n\n\n<h2 class=\"wp-block-heading\">De que maneira o significado desses nomes ajuda no desenvolvimento?<\/h2>\n\n\n\n<p>Atribuir um nome que remete a uma defensora ou a uma mestra do conhecimento fortalece a autoestima da crian\u00e7a desde os primeiros anos de vida. Quando a menina compreende a hist\u00f3ria por tr\u00e1s de sua pr\u00f3pria identidade, ela desenvolve um senso de prop\u00f3sito e conex\u00e3o com ideais elevados. O nome exerce influ\u00eancia real na constru\u00e7\u00e3o da personalidade humana plena.<\/p>\n\n\n\n<p>Nomes que simbolizam luz ou equil\u00edbrio atuam como \u00e2ncoras emocionais que ajudam o indiv\u00edduo a enfrentar desafios com maior resili\u00eancia e foco mental. Essa carga simb\u00f3lica positiva \u00e9 um presente que os pais oferecem para o futuro, garantindo que a filha carregue uma marca de distin\u00e7\u00e3o e beleza. O significado profundo torna o nome eterno e relevante.<\/p>\n\n\n\n<figure class=\"wp-block-image size-full\"><img decoding=\"async\" width=\"1280\" height=\"720\" src=\"https:\/\/www.correiobraziliense.com.br\/cbradar\/wp-content\/uploads\/2026\/04\/Gemini_Generated_Image_r7hxg7r7hxg7r7hx-1-1.png\" alt=\"Os 8 nomes femininos raros inspirados na mitologia que podem virar tend\u00eancia entre os beb\u00eas em 2026\" class=\"wp-image-233118\" srcset=\"https:\/\/www.correiobraziliense.com.br\/cbradar\/wp-content\/uploads\/2026\/04\/Gemini_Generated_Image_r7hxg7r7hxg7r7hx-1-1.png 1280w, https:\/\/www.correiobraziliense.com.br\/cbradar\/wp-content\/uploads\/2026\/04\/Gemini_Generated_Image_r7hxg7r7hxg7r7hx-1-1-300x169.png 300w, https:\/\/www.correiobraziliense.com.br\/cbradar\/wp-content\/uploads\/2026\/04\/Gemini_Generated_Image_r7hxg7r7hxg7r7hx-1-1-768x432.png 768w, https:\/\/www.correiobraziliense.com.br\/cbradar\/wp-content\/uploads\/2026\/04\/Gemini_Generated_Image_r7hxg7r7hxg7r7hx-1-1-750x422.png 750w, https:\/\/www.correiobraziliense.com.br\/cbradar\/wp-content\/uploads\/2026\/04\/Gemini_Generated_Image_r7hxg7r7hxg7r7hx-1-1-1140x641.png 1140w\" sizes=\"(max-width: 1280px) 100vw, 1280px\" \/><figcaption class=\"wp-element-caption\">Nomes mitol\u00f3gicos femininos curtos unem beleza, for\u00e7a e significado para meninas modernas<\/figcaption><\/figure>\n\n\n\n<p>Leia tamb\u00e9m: <a href=\"https:\/\/www.correiobraziliense.com.br\/cbradar\/as-melhores-opcoes-de-nomes-nordicos-para-meninos-em-2026\/\" target=\"_blank\" rel=\"noreferrer noopener\">As melhores op\u00e7\u00f5es de nomes n\u00f3rdicos para meninos em 2026<\/a><\/p>\n\n\n\n<h2 class=\"wp-block-heading\">Onde encontrar refer\u00eancias seguras para nomes cl\u00e1ssicos femininos?<\/h2>\n\n\n\n<p>Pesquisar a etimologia correta em fontes acad\u00eamicas e governamentais garante que a escolha do nome seja baseada em fatos hist\u00f3ricos verificados e n\u00e3o em modismos passageiros. \u00c9 fundamental entender a origem e as varia\u00e7\u00f5es de cada termo para evitar interpreta\u00e7\u00f5es equivocadas que possam causar algum constrangimento futuro para a crian\u00e7a. A informa\u00e7\u00e3o correta \u00e9 a base s\u00f3lida.<\/p>\n\n\n\n<p>A influ\u00eancia das denomina\u00e7\u00f5es na percep\u00e7\u00e3o social demonstra que nomes cl\u00e1ssicos s\u00e3o respeitados em ambientes de lideran\u00e7a global de forma constante. As diretrizes da <strong>American Psychological Association<\/strong> refor\u00e7am que a identidade inicial \u00e9 um dos pilares essenciais para um <a href=\"https:\/\/www.apa.org\/topics\/parenting\/emotion-regulation\" target=\"_blank\" rel=\"noreferrer noopener\">desenvolvimento emocional saud\u00e1vel<\/a>. Escolher com crit\u00e9rio e afeto \u00e9 o passo para uma vida de realiza\u00e7\u00f5es.<\/p>\n","protected":false},"excerpt":{"rendered":"<p>Escolher o nome de uma filha \u00e9 um momento especial que exige equil\u00edbrio entre a tradi\u00e7\u00e3o hist\u00f3rica e a modernidade necess\u00e1ria para o futuro. Em dois mil e vinte e seis, as figuras mitol\u00f3gicas ressurgem como fontes poderosas de inspira\u00e7\u00e3o para fam\u00edlias que buscam nomes curtos e marcantes. Essa escolha garante uma identidade \u00fanica para [&hellip;]<\/p>\n","protected":false},"author":21,"featured_media":233114,"comment_status":"open","ping_status":"open","sticky":false,"template":"","format":"standard","meta":{"_yoast_wpseo_focuskw":"nomes mitol\u00f3gicos femininos","_yoast_wpseo_title":"","_yoast_wpseo_metadesc":"Nomes mitol\u00f3gicos femininos curtos ganham for\u00e7a em 2026 e unem beleza, hist\u00f3ria e sonoridade moderna na escolha ideal","jnews-multi-image_gallery":[],"jnews_single_post":{"format":"standard"},"jnews_primary_category":[],"jnews_social_meta":[],"jnews_override_counter":[],"footnotes":""},"categories":[112],"post_tag":[],"class_list":["post-233100","post","type-post","status-publish","format-standard","has-post-thumbnail","hentry","category-curiosidades"],"yoast_head":"<!-- This site is optimized with the Yoast SEO plugin v24.6 - https:\/\/yoast.com\/wordpress\/plugins\/seo\/ -->\n<title>Os 8 nomes femininos raros inspirados na mitologia que podem virar tend\u00eancia entre os beb\u00eas em 2026 - Correio Braziliense - Radar<\/title>\n<meta name=\"description\" content=\"Nomes mitol\u00f3gicos femininos curtos ganham for\u00e7a em 2026 e unem beleza, hist\u00f3ria e sonoridade moderna na escolha ideal\" \/>\n<meta name=\"robots\" content=\"index, follow, max-snippet:-1, max-image-preview:large, max-video-preview:-1\" \/>\n<link rel=\"canonical\" href=\"https:\/\/www.correiobraziliense.com.br\/cbradar\/os-8-nomes-femininos-raros-inspirados-na-mitologia-que-podem-virar-tendencia-entre-os-bebes-em-2026\/\" \/>\n<meta property=\"og:locale\" content=\"pt_BR\" \/>\n<meta property=\"og:type\" content=\"article\" \/>\n<meta property=\"og:title\" content=\"Os 8 nomes femininos raros inspirados na mitologia que podem virar tend\u00eancia entre os beb\u00eas em 2026 - Correio Braziliense - Radar\" \/>\n<meta property=\"og:description\" content=\"Nomes mitol\u00f3gicos femininos curtos ganham for\u00e7a em 2026 e unem beleza, hist\u00f3ria e sonoridade moderna na escolha ideal\" \/>\n<meta property=\"og:url\" content=\"https:\/\/www.correiobraziliense.com.br\/cbradar\/os-8-nomes-femininos-raros-inspirados-na-mitologia-que-podem-virar-tendencia-entre-os-bebes-em-2026\/\" \/>\n<meta property=\"og:site_name\" content=\"Correio Braziliense - Radar\" \/>\n<meta property=\"article:published_time\" content=\"2026-04-29T00:35:00+00:00\" \/>\n<meta property=\"og:image\" content=\"https:\/\/www.correiobraziliense.com.br\/cbradar\/wp-content\/uploads\/2026\/04\/Gemini_Generated_Image_erom27erom27erom-1-1.png\" \/>\n\t<meta property=\"og:image:width\" content=\"1280\" \/>\n\t<meta property=\"og:image:height\" content=\"720\" \/>\n\t<meta property=\"og:image:type\" content=\"image\/png\" \/>\n<meta name=\"author\" content=\"Patrick Silva\" \/>\n<meta name=\"twitter:card\" content=\"summary_large_image\" \/>\n<meta name=\"twitter:label1\" content=\"Escrito por\" \/>\n\t<meta name=\"twitter:data1\" content=\"Patrick Silva\" \/>\n\t<meta name=\"twitter:label2\" content=\"Est. tempo de leitura\" \/>\n\t<meta name=\"twitter:data2\" content=\"5 minutos\" \/>\n<!-- \/ Yoast SEO plugin. -->","yoast_head_json":{"title":"Os 8 nomes femininos raros inspirados na mitologia que podem virar tend\u00eancia entre os beb\u00eas em 2026 - Correio Braziliense - Radar","description":"Nomes mitol\u00f3gicos femininos curtos ganham for\u00e7a em 2026 e unem beleza, hist\u00f3ria e sonoridade moderna na escolha ideal","robots":{"index":"index","follow":"follow","max-snippet":"max-snippet:-1","max-image-preview":"max-image-preview:large","max-video-preview":"max-video-preview:-1"},"canonical":"https:\/\/www.correiobraziliense.com.br\/cbradar\/os-8-nomes-femininos-raros-inspirados-na-mitologia-que-podem-virar-tendencia-entre-os-bebes-em-2026\/","og_locale":"pt_BR","og_type":"article","og_title":"Os 8 nomes femininos raros inspirados na mitologia que podem virar tend\u00eancia entre os beb\u00eas em 2026 - Correio Braziliense - Radar","og_description":"Nomes mitol\u00f3gicos femininos curtos ganham for\u00e7a em 2026 e unem beleza, hist\u00f3ria e sonoridade moderna na escolha ideal","og_url":"https:\/\/www.correiobraziliense.com.br\/cbradar\/os-8-nomes-femininos-raros-inspirados-na-mitologia-que-podem-virar-tendencia-entre-os-bebes-em-2026\/","og_site_name":"Correio Braziliense - Radar","article_published_time":"2026-04-29T00:35:00+00:00","og_image":[{"width":1280,"height":720,"url":"https:\/\/www.correiobraziliense.com.br\/cbradar\/wp-content\/uploads\/2026\/04\/Gemini_Generated_Image_erom27erom27erom-1-1.png","type":"image\/png"}],"author":"Patrick Silva","twitter_card":"summary_large_image","twitter_misc":{"Escrito por":"Patrick Silva","Est. tempo de leitura":"5 minutos"},"schema":{"@context":"https:\/\/schema.org","@graph":[{"@type":"WebPage","@id":"https:\/\/www.correiobraziliense.com.br\/cbradar\/os-8-nomes-femininos-raros-inspirados-na-mitologia-que-podem-virar-tendencia-entre-os-bebes-em-2026\/","url":"https:\/\/www.correiobraziliense.com.br\/cbradar\/os-8-nomes-femininos-raros-inspirados-na-mitologia-que-podem-virar-tendencia-entre-os-bebes-em-2026\/","name":"Os 8 nomes femininos raros inspirados na mitologia que podem virar tend\u00eancia entre os beb\u00eas em 2026 - Correio Braziliense - Radar","isPartOf":{"@id":"https:\/\/www.correiobraziliense.com.br\/cbradar\/#website"},"primaryImageOfPage":{"@id":"https:\/\/www.correiobraziliense.com.br\/cbradar\/os-8-nomes-femininos-raros-inspirados-na-mitologia-que-podem-virar-tendencia-entre-os-bebes-em-2026\/#primaryimage"},"image":{"@id":"https:\/\/www.correiobraziliense.com.br\/cbradar\/os-8-nomes-femininos-raros-inspirados-na-mitologia-que-podem-virar-tendencia-entre-os-bebes-em-2026\/#primaryimage"},"thumbnailUrl":"https:\/\/www.correiobraziliense.com.br\/cbradar\/wp-content\/uploads\/2026\/04\/Gemini_Generated_Image_erom27erom27erom-1-1.png","datePublished":"2026-04-29T00:35:00+00:00","author":{"@id":"https:\/\/www.correiobraziliense.com.br\/cbradar\/#\/schema\/person\/5440b72be9c7eb74f446c846479dc4da"},"description":"Nomes mitol\u00f3gicos femininos curtos ganham for\u00e7a em 2026 e unem beleza, hist\u00f3ria e sonoridade moderna na escolha ideal","breadcrumb":{"@id":"https:\/\/www.correiobraziliense.com.br\/cbradar\/os-8-nomes-femininos-raros-inspirados-na-mitologia-que-podem-virar-tendencia-entre-os-bebes-em-2026\/#breadcrumb"},"inLanguage":"pt-BR","potentialAction":[{"@type":"ReadAction","target":["https:\/\/www.correiobraziliense.com.br\/cbradar\/os-8-nomes-femininos-raros-inspirados-na-mitologia-que-podem-virar-tendencia-entre-os-bebes-em-2026\/"]}]},{"@type":"ImageObject","inLanguage":"pt-BR","@id":"https:\/\/www.correiobraziliense.com.br\/cbradar\/os-8-nomes-femininos-raros-inspirados-na-mitologia-que-podem-virar-tendencia-entre-os-bebes-em-2026\/#primaryimage","url":"https:\/\/www.correiobraziliense.com.br\/cbradar\/wp-content\/uploads\/2026\/04\/Gemini_Generated_Image_erom27erom27erom-1-1.png","contentUrl":"https:\/\/www.correiobraziliense.com.br\/cbradar\/wp-content\/uploads\/2026\/04\/Gemini_Generated_Image_erom27erom27erom-1-1.png","width":1280,"height":720,"caption":"Nomes mitol\u00f3gicos femininos curtos unem beleza, for\u00e7a e significado para meninas modernas"},{"@type":"BreadcrumbList","@id":"https:\/\/www.correiobraziliense.com.br\/cbradar\/os-8-nomes-femininos-raros-inspirados-na-mitologia-que-podem-virar-tendencia-entre-os-bebes-em-2026\/#breadcrumb","itemListElement":[{"@type":"ListItem","position":1,"name":"In\u00edcio","item":"https:\/\/www.correiobraziliense.com.br\/cbradar\/"},{"@type":"ListItem","position":2,"name":"Os 8 nomes femininos raros inspirados na mitologia que podem virar tend\u00eancia entre os beb\u00eas em 2026"}]},{"@type":"WebSite","@id":"https:\/\/www.correiobraziliense.com.br\/cbradar\/#website","url":"https:\/\/www.correiobraziliense.com.br\/cbradar\/","name":"Correio Braziliense - Radar","description":"Acompanhe as \u00faltimas not\u00edcias e fique bem informado sobre tudo o que acontece no Brasil e no mundo.","potentialAction":[{"@type":"SearchAction","target":{"@type":"EntryPoint","urlTemplate":"https:\/\/www.correiobraziliense.com.br\/cbradar\/?s={search_term_string}"},"query-input":{"@type":"PropertyValueSpecification","valueRequired":true,"valueName":"search_term_string"}}],"inLanguage":"pt-BR"},{"@type":"Person","@id":"https:\/\/www.correiobraziliense.com.br\/cbradar\/#\/schema\/person\/5440b72be9c7eb74f446c846479dc4da","name":"Patrick Silva","image":{"@type":"ImageObject","inLanguage":"pt-BR","@id":"https:\/\/www.correiobraziliense.com.br\/cbradar\/#\/schema\/person\/image\/","url":"https:\/\/secure.gravatar.com\/avatar\/944109df296fc087785c9715fd5f80b2?s=96&d=mm&r=g","contentUrl":"https:\/\/secure.gravatar.com\/avatar\/944109df296fc087785c9715fd5f80b2?s=96&d=mm&r=g","caption":"Patrick Silva"},"sameAs":["https:\/\/www.correiobraziliense.com.br\/cbradar\/"],"url":"https:\/\/www.correiobraziliense.com.br\/cbradar\/author\/patrick-silva\/"}]}},"_links":{"self":[{"href":"https:\/\/www.correiobraziliense.com.br\/cbradar\/wp-json\/wp\/v2\/posts\/233100","targetHints":{"allow":["GET"]}}],"collection":[{"href":"https:\/\/www.correiobraziliense.com.br\/cbradar\/wp-json\/wp\/v2\/posts"}],"about":[{"href":"https:\/\/www.correiobraziliense.com.br\/cbradar\/wp-json\/wp\/v2\/types\/post"}],"author":[{"embeddable":true,"href":"https:\/\/www.correiobraziliense.com.br\/cbradar\/wp-json\/wp\/v2\/users\/21"}],"replies":[{"embeddable":true,"href":"https:\/\/www.correiobraziliense.com.br\/cbradar\/wp-json\/wp\/v2\/comments?post=233100"}],"version-history":[{"count":1,"href":"https:\/\/www.correiobraziliense.com.br\/cbradar\/wp-json\/wp\/v2\/posts\/233100\/revisions"}],"predecessor-version":[{"id":233120,"href":"https:\/\/www.correiobraziliense.com.br\/cbradar\/wp-json\/wp\/v2\/posts\/233100\/revisions\/233120"}],"wp:featuredmedia":[{"embeddable":true,"href":"https:\/\/www.correiobraziliense.com.br\/cbradar\/wp-json\/wp\/v2\/media\/233114"}],"wp:attachment":[{"href":"https:\/\/www.correiobraziliense.com.br\/cbradar\/wp-json\/wp\/v2\/media?parent=233100"}],"wp:term":[{"taxonomy":"category","embeddable":true,"href":"https:\/\/www.correiobraziliense.com.br\/cbradar\/wp-json\/wp\/v2\/categories?post=233100"},{"taxonomy":"post_tag","embeddable":true,"href":"https:\/\/www.correiobraziliense.com.br\/cbradar\/wp-json\/wp\/v2\/post_tag?post=233100"}],"curies":[{"name":"wp","href":"https:\/\/api.w.org\/{rel}","templated":true}]}}