{"id":233110,"date":"2026-04-28T19:35:00","date_gmt":"2026-04-28T22:35:00","guid":{"rendered":"https:\/\/www.correiobraziliense.com.br\/cbradar\/?p=233110"},"modified":"2026-04-27T12:23:42","modified_gmt":"2026-04-27T15:23:42","slug":"caminhada-em-subida-acelera-mais-o-gasto-calorico-que-caminhada-em-terreno-plano-mas-a-diferenca-so-pesa-com-tempo-minimo-de-20-minutos","status":"publish","type":"post","link":"https:\/\/www.correiobraziliense.com.br\/cbradar\/caminhada-em-subida-acelera-mais-o-gasto-calorico-que-caminhada-em-terreno-plano-mas-a-diferenca-so-pesa-com-tempo-minimo-de-20-minutos\/","title":{"rendered":"Caminhada em subida acelera mais o gasto cal\u00f3rico que caminhada em terreno plano, mas a diferen\u00e7a s\u00f3 pesa com tempo m\u00ednimo de 20 minutos"},"content":{"rendered":"\n<p>Aumentar a inclina\u00e7\u00e3o durante a pr\u00e1tica da caminhada transforma um exerc\u00edcio simples em um desafio metab\u00f3lico extremamente potente para queimar gordura. Ao enfrentar ladeiras ou ajustar a esteira, o corpo recruta fibras musculares adicionais e exige mais oxig\u00eanio. Entender o tempo ideal dessa atividade \u00e9 crucial para obter os <strong>resultados est\u00e9ticos desejados<\/strong>.<\/p>\n\n\n\n<h2 class=\"wp-block-heading\">Por que a inclina\u00e7\u00e3o muda o jogo metab\u00f3lico?<\/h2>\n\n\n\n<p>Ao <strong><a href=\"https:\/\/www.correiobraziliense.com.br\/cbradar\/qual-e-a-melhor-hora-do-dia-para-caminhar-e-potencializar-a-queima-de-gordura\/\" target=\"_blank\" rel=\"noreferrer noopener\">caminhar <\/a><\/strong>em uma superf\u00edcie inclinada, o esfor\u00e7o mec\u00e2nico para elevar o centro de massa contra a gravidade aumenta significativamente a carga de trabalho dos membros inferiores. Esse movimento exige uma ativa\u00e7\u00e3o intensa dos gl\u00fateos, quadr\u00edceps e panturrilhas, gerando um gasto energ\u00e9tico superior ao percurso plano. A inclina\u00e7\u00e3o correta promove um <strong>fortalecimento muscular acelerado<\/strong> e eficiente.<\/p>\n\n\n\n<p>O sistema cardiovascular tamb\u00e9m responde prontamente ao est\u00edmulo da subida, elevando a frequ\u00eancia card\u00edaca para suprir a demanda muscular por nutrientes vitais. Essa eleva\u00e7\u00e3o controlada melhora a resist\u00eancia aer\u00f3bica e prepara o organismo para esfor\u00e7os f\u00edsicos mais intensos no futuro. Manter uma postura ereta durante o trajeto vertical garante que a coluna permane\u00e7a protegida contra poss\u00edveis les\u00f5es articulares indesejadas.<\/p>\n\n\n\n<figure class=\"wp-block-image size-full\"><img decoding=\"async\" width=\"1280\" height=\"720\" src=\"https:\/\/www.correiobraziliense.com.br\/cbradar\/wp-content\/uploads\/2026\/04\/Gemini_Generated_Image_mfm44lmfm44lmfm4-1-1.png\" alt=\"Caminhada em subida acelera mais o gasto cal\u00f3rico que caminhada em terreno plano, mas a diferen\u00e7a s\u00f3 pesa com tempo m\u00ednimo de 20 minutos\" class=\"wp-image-233116\" srcset=\"https:\/\/www.correiobraziliense.com.br\/cbradar\/wp-content\/uploads\/2026\/04\/Gemini_Generated_Image_mfm44lmfm44lmfm4-1-1.png 1280w, https:\/\/www.correiobraziliense.com.br\/cbradar\/wp-content\/uploads\/2026\/04\/Gemini_Generated_Image_mfm44lmfm44lmfm4-1-1-300x169.png 300w, https:\/\/www.correiobraziliense.com.br\/cbradar\/wp-content\/uploads\/2026\/04\/Gemini_Generated_Image_mfm44lmfm44lmfm4-1-1-768x432.png 768w, https:\/\/www.correiobraziliense.com.br\/cbradar\/wp-content\/uploads\/2026\/04\/Gemini_Generated_Image_mfm44lmfm44lmfm4-1-1-750x422.png 750w, https:\/\/www.correiobraziliense.com.br\/cbradar\/wp-content\/uploads\/2026\/04\/Gemini_Generated_Image_mfm44lmfm44lmfm4-1-1-1140x641.png 1140w\" sizes=\"(max-width: 1280px) 100vw, 1280px\" \/><figcaption class=\"wp-element-caption\">Caminhada inclinada aumenta gasto cal\u00f3rico e fortalece m\u00fasculos rapidamente<\/figcaption><\/figure>\n\n\n\n<h2 class=\"wp-block-heading\">Qual \u00e9 a ci\u00eancia por tr\u00e1s dos vinte minutos iniciais?<\/h2>\n\n\n\n<p>Durante o primeiros minutos de qualquer atividade f\u00edsica, o corpo utiliza fontes de energia r\u00e1pida que est\u00e3o prontamente dispon\u00edveis no sangue. A queima de gordura acumulada torna-se o combust\u00edvel principal apenas quando o exerc\u00edcio atinge um estado de equil\u00edbrio est\u00e1vel e prolongado. Superar a marca dos vinte minutos \u00e9 o diferencial para <strong>ativar o metabolismo oxidativo<\/strong> profundo.<\/p>\n\n\n\n<p>A const\u00e2ncia no esfor\u00e7o permite que as enzimas respons\u00e1veis pela quebra das c\u00e9lulas de gordura operem em sua capacidade m\u00e1xima durante o treino. Pausas frequentes ou treinos muito curtos impedem que o organismo alcance a temperatura ideal necess\u00e1ria para a termog\u00eanese eficiente. Persistir no trajeto inclinado garante que cada passo contribua para a <strong>redu\u00e7\u00e3o real da gordura corporal<\/strong> visceral.<\/p>\n\n\n\n<h2 class=\"wp-block-heading\">Como o corpo sinaliza o sucesso do treinamento intenso?<\/h2>\n\n\n\n<p>O surgimento de uma transpira\u00e7\u00e3o leve e a respira\u00e7\u00e3o mais profunda indicam que o metabolismo est\u00e1 trabalhando em alto desempenho. Esses sinais fisiol\u00f3gicos confirmam que o gasto cal\u00f3rico ultrapassou o n\u00edvel basal, iniciando o processo de transforma\u00e7\u00e3o f\u00edsica duradoura. <\/p>\n\n\n\n<p>Observe os sinais positivos que aparecem quando voc\u00ea mant\u00e9m a caminhada inclinada por per\u00edodos superiores ao tempo m\u00ednimo recomendado:<\/p>\n\n\n\n<ul class=\"wp-block-list\">\n<li>Melhora na circula\u00e7\u00e3o sangu\u00ednea das pernas;<\/li>\n\n\n\n<li>Aumento da disposi\u00e7\u00e3o f\u00edsica para o dia;<\/li>\n\n\n\n<li>Redu\u00e7\u00e3o da press\u00e3o arterial em repouso;<\/li>\n\n\n\n<li>Fortalecimento dos ligamentos do tornozelo e p\u00e9;<\/li>\n\n\n\n<li>Queima cal\u00f3rica residual ap\u00f3s o t\u00e9rmino.<\/li>\n<\/ul>\n\n\n\n<h2 class=\"wp-block-heading\">Quais grupos musculares s\u00e3o mais beneficiados pela subida?<\/h2>\n\n\n\n<p>A caminhada em subida \u00e9 excelente para tonificar os gl\u00fateos e a regi\u00e3o lombar, \u00e1reas que muitas vezes recebem est\u00edmulo insuficiente na caminhada plana. O alongamento din\u00e2mico da panturrilha em cada degrau ou inclina\u00e7\u00e3o ajuda a melhorar a flexibilidade e a pot\u00eancia muscular dos membros inferiores. Treinar nessas condi\u00e7\u00f5es garante um <strong>desenvolvimento f\u00edsico equilibrado<\/strong> e muito mais funcional.<\/p>\n\n\n\n<p>Al\u00e9m dos m\u00fasculos motores, a regi\u00e3o do core \u00e9 ativada para manter o equil\u00edbrio e a estabilidade durante o deslocamento vertical constante. Esse trabalho invis\u00edvel fortalece a musculatura profunda do abd\u00f4men, prevenindo dores nas costas e melhorando a postura cotidiana do praticante. Sentir o m\u00fasculo trabalhar de forma intensa \u00e9 o sinal de que a <strong>transforma\u00e7\u00e3o biol\u00f3gica<\/strong> come\u00e7ou.<\/p>\n\n\n\n<figure class=\"wp-block-image size-full\"><img decoding=\"async\" width=\"1280\" height=\"720\" src=\"https:\/\/www.correiobraziliense.com.br\/cbradar\/wp-content\/uploads\/2026\/04\/Gemini_Generated_Image_gjor34gjor34gjor-1-1.png\" alt=\"Caminhada em subida acelera mais o gasto cal\u00f3rico que caminhada em terreno plano, mas a diferen\u00e7a s\u00f3 pesa com tempo m\u00ednimo de 20 minutos\" class=\"wp-image-233121\" srcset=\"https:\/\/www.correiobraziliense.com.br\/cbradar\/wp-content\/uploads\/2026\/04\/Gemini_Generated_Image_gjor34gjor34gjor-1-1.png 1280w, https:\/\/www.correiobraziliense.com.br\/cbradar\/wp-content\/uploads\/2026\/04\/Gemini_Generated_Image_gjor34gjor34gjor-1-1-300x169.png 300w, https:\/\/www.correiobraziliense.com.br\/cbradar\/wp-content\/uploads\/2026\/04\/Gemini_Generated_Image_gjor34gjor34gjor-1-1-768x432.png 768w, https:\/\/www.correiobraziliense.com.br\/cbradar\/wp-content\/uploads\/2026\/04\/Gemini_Generated_Image_gjor34gjor34gjor-1-1-750x422.png 750w, https:\/\/www.correiobraziliense.com.br\/cbradar\/wp-content\/uploads\/2026\/04\/Gemini_Generated_Image_gjor34gjor34gjor-1-1-1140x641.png 1140w\" sizes=\"(max-width: 1280px) 100vw, 1280px\" \/><figcaption class=\"wp-element-caption\">Caminhada inclinada aumenta gasto cal\u00f3rico e fortalece m\u00fasculos rapidamente<\/figcaption><\/figure>\n\n\n\n<h2 class=\"wp-block-heading\">Como as diretrizes oficiais validam esse esfor\u00e7o f\u00edsico?<\/h2>\n\n\n\n<p>Institui\u00e7\u00f5es internacionais de sa\u00fade recomendam a combina\u00e7\u00e3o de intensidade e dura\u00e7\u00e3o para maximizar os benef\u00edcios protetores contra doen\u00e7as metab\u00f3licas e cardiovasculares. O esfor\u00e7o em ladeiras atua como um treino de for\u00e7a e cardio simult\u00e2neo, otimizando o tempo de quem possui rotinas agitadas. Seguir essas recomenda\u00e7\u00f5es t\u00e9cnicas assegura uma <strong>evolu\u00e7\u00e3o saud\u00e1vel<\/strong> e sem riscos desnecess\u00e1rios ao cora\u00e7\u00e3o.<\/p>\n\n\n\n<p>A <strong>American Heart Association<\/strong> destaca que atividades vigorosas por tempos prolongados s\u00e3o fundamentais para manter o peso corporal sob controle e a sa\u00fade em dia. Para conferir os detalhes t\u00e9cnicos sobre os n\u00edveis recomendados de atividade f\u00edsica para adultos, acesse o guia da <a target=\"_blank\" rel=\"noreferrer noopener\" href=\"https:\/\/www.heart.org\/en\/healthy-living\/fitness\/fitness-basics\/aha-recs-for-physical-activity-in-adults\">American Heart Association<\/a>. Priorizar a caminhada em subida \u00e9 a estrat\u00e9gia certa para uma <strong>longevidade ativa<\/strong>.<\/p>\n","protected":false},"excerpt":{"rendered":"<p>Aumentar a inclina\u00e7\u00e3o durante a pr\u00e1tica da caminhada transforma um exerc\u00edcio simples em um desafio metab\u00f3lico extremamente potente para queimar gordura. Ao enfrentar ladeiras ou ajustar a esteira, o corpo recruta fibras musculares adicionais e exige mais oxig\u00eanio. Entender o tempo ideal dessa atividade \u00e9 crucial para obter os resultados est\u00e9ticos desejados. Por que a [&hellip;]<\/p>\n","protected":false},"author":21,"featured_media":233115,"comment_status":"open","ping_status":"open","sticky":false,"template":"","format":"standard","meta":{"_yoast_wpseo_focuskw":"caminhada inclinada queima mais gordura","_yoast_wpseo_title":"","_yoast_wpseo_metadesc":"Ajustar a inclina\u00e7\u00e3o na caminhada aumenta o esfor\u00e7o e acelera o gasto energ\u00e9tico. O tempo de execu\u00e7\u00e3o define a efic\u00e1cia desse est\u00edmulo f\u00edsico.","jnews-multi-image_gallery":[],"jnews_single_post":{"format":"standard"},"jnews_primary_category":[],"jnews_social_meta":[],"jnews_override_counter":[],"footnotes":""},"categories":[119],"post_tag":[2724,18152,18251],"class_list":["post-233110","post","type-post","status-publish","format-standard","has-post-thumbnail","hentry","category-bem-estar","tag-caminhada","tag-gasto-calorico","tag-metabolico"],"yoast_head":"<!-- This site is optimized with the Yoast SEO plugin v24.6 - https:\/\/yoast.com\/wordpress\/plugins\/seo\/ -->\n<title>Caminhada em subida acelera mais o gasto cal\u00f3rico que caminhada em terreno plano, mas a diferen\u00e7a s\u00f3 pesa com tempo m\u00ednimo de 20 minutos - Correio Braziliense - Radar<\/title>\n<meta name=\"description\" content=\"Ajustar a inclina\u00e7\u00e3o na caminhada aumenta o esfor\u00e7o e acelera o gasto energ\u00e9tico. O tempo de execu\u00e7\u00e3o define a efic\u00e1cia desse est\u00edmulo f\u00edsico.\" \/>\n<meta name=\"robots\" content=\"index, follow, max-snippet:-1, max-image-preview:large, max-video-preview:-1\" \/>\n<link rel=\"canonical\" href=\"https:\/\/www.correiobraziliense.com.br\/cbradar\/caminhada-em-subida-acelera-mais-o-gasto-calorico-que-caminhada-em-terreno-plano-mas-a-diferenca-so-pesa-com-tempo-minimo-de-20-minutos\/\" \/>\n<meta property=\"og:locale\" content=\"pt_BR\" \/>\n<meta property=\"og:type\" content=\"article\" \/>\n<meta property=\"og:title\" content=\"Caminhada em subida acelera mais o gasto cal\u00f3rico que caminhada em terreno plano, mas a diferen\u00e7a s\u00f3 pesa com tempo m\u00ednimo de 20 minutos - Correio Braziliense - Radar\" \/>\n<meta property=\"og:description\" content=\"Ajustar a inclina\u00e7\u00e3o na caminhada aumenta o esfor\u00e7o e acelera o gasto energ\u00e9tico. O tempo de execu\u00e7\u00e3o define a efic\u00e1cia desse est\u00edmulo f\u00edsico.\" \/>\n<meta property=\"og:url\" content=\"https:\/\/www.correiobraziliense.com.br\/cbradar\/caminhada-em-subida-acelera-mais-o-gasto-calorico-que-caminhada-em-terreno-plano-mas-a-diferenca-so-pesa-com-tempo-minimo-de-20-minutos\/\" \/>\n<meta property=\"og:site_name\" content=\"Correio Braziliense - Radar\" \/>\n<meta property=\"article:published_time\" content=\"2026-04-28T22:35:00+00:00\" \/>\n<meta property=\"og:image\" content=\"https:\/\/www.correiobraziliense.com.br\/cbradar\/wp-content\/uploads\/2026\/04\/Gemini_Generated_Image_7uruwy7uruwy7uru-1-1.png\" \/>\n\t<meta property=\"og:image:width\" content=\"1280\" \/>\n\t<meta property=\"og:image:height\" content=\"720\" \/>\n\t<meta property=\"og:image:type\" content=\"image\/png\" \/>\n<meta name=\"author\" content=\"Patrick Silva\" \/>\n<meta name=\"twitter:card\" content=\"summary_large_image\" \/>\n<meta name=\"twitter:label1\" content=\"Escrito por\" \/>\n\t<meta name=\"twitter:data1\" content=\"Patrick Silva\" \/>\n\t<meta name=\"twitter:label2\" content=\"Est. tempo de leitura\" \/>\n\t<meta name=\"twitter:data2\" content=\"5 minutos\" \/>\n<!-- \/ Yoast SEO plugin. -->","yoast_head_json":{"title":"Caminhada em subida acelera mais o gasto cal\u00f3rico que caminhada em terreno plano, mas a diferen\u00e7a s\u00f3 pesa com tempo m\u00ednimo de 20 minutos - Correio Braziliense - Radar","description":"Ajustar a inclina\u00e7\u00e3o na caminhada aumenta o esfor\u00e7o e acelera o gasto energ\u00e9tico. O tempo de execu\u00e7\u00e3o define a efic\u00e1cia desse est\u00edmulo f\u00edsico.","robots":{"index":"index","follow":"follow","max-snippet":"max-snippet:-1","max-image-preview":"max-image-preview:large","max-video-preview":"max-video-preview:-1"},"canonical":"https:\/\/www.correiobraziliense.com.br\/cbradar\/caminhada-em-subida-acelera-mais-o-gasto-calorico-que-caminhada-em-terreno-plano-mas-a-diferenca-so-pesa-com-tempo-minimo-de-20-minutos\/","og_locale":"pt_BR","og_type":"article","og_title":"Caminhada em subida acelera mais o gasto cal\u00f3rico que caminhada em terreno plano, mas a diferen\u00e7a s\u00f3 pesa com tempo m\u00ednimo de 20 minutos - Correio Braziliense - Radar","og_description":"Ajustar a inclina\u00e7\u00e3o na caminhada aumenta o esfor\u00e7o e acelera o gasto energ\u00e9tico. O tempo de execu\u00e7\u00e3o define a efic\u00e1cia desse est\u00edmulo f\u00edsico.","og_url":"https:\/\/www.correiobraziliense.com.br\/cbradar\/caminhada-em-subida-acelera-mais-o-gasto-calorico-que-caminhada-em-terreno-plano-mas-a-diferenca-so-pesa-com-tempo-minimo-de-20-minutos\/","og_site_name":"Correio Braziliense - Radar","article_published_time":"2026-04-28T22:35:00+00:00","og_image":[{"width":1280,"height":720,"url":"https:\/\/www.correiobraziliense.com.br\/cbradar\/wp-content\/uploads\/2026\/04\/Gemini_Generated_Image_7uruwy7uruwy7uru-1-1.png","type":"image\/png"}],"author":"Patrick Silva","twitter_card":"summary_large_image","twitter_misc":{"Escrito por":"Patrick Silva","Est. tempo de leitura":"5 minutos"},"schema":{"@context":"https:\/\/schema.org","@graph":[{"@type":"WebPage","@id":"https:\/\/www.correiobraziliense.com.br\/cbradar\/caminhada-em-subida-acelera-mais-o-gasto-calorico-que-caminhada-em-terreno-plano-mas-a-diferenca-so-pesa-com-tempo-minimo-de-20-minutos\/","url":"https:\/\/www.correiobraziliense.com.br\/cbradar\/caminhada-em-subida-acelera-mais-o-gasto-calorico-que-caminhada-em-terreno-plano-mas-a-diferenca-so-pesa-com-tempo-minimo-de-20-minutos\/","name":"Caminhada em subida acelera mais o gasto cal\u00f3rico que caminhada em terreno plano, mas a diferen\u00e7a s\u00f3 pesa com tempo m\u00ednimo de 20 minutos - Correio Braziliense - Radar","isPartOf":{"@id":"https:\/\/www.correiobraziliense.com.br\/cbradar\/#website"},"primaryImageOfPage":{"@id":"https:\/\/www.correiobraziliense.com.br\/cbradar\/caminhada-em-subida-acelera-mais-o-gasto-calorico-que-caminhada-em-terreno-plano-mas-a-diferenca-so-pesa-com-tempo-minimo-de-20-minutos\/#primaryimage"},"image":{"@id":"https:\/\/www.correiobraziliense.com.br\/cbradar\/caminhada-em-subida-acelera-mais-o-gasto-calorico-que-caminhada-em-terreno-plano-mas-a-diferenca-so-pesa-com-tempo-minimo-de-20-minutos\/#primaryimage"},"thumbnailUrl":"https:\/\/www.correiobraziliense.com.br\/cbradar\/wp-content\/uploads\/2026\/04\/Gemini_Generated_Image_7uruwy7uruwy7uru-1-1.png","datePublished":"2026-04-28T22:35:00+00:00","author":{"@id":"https:\/\/www.correiobraziliense.com.br\/cbradar\/#\/schema\/person\/5440b72be9c7eb74f446c846479dc4da"},"description":"Ajustar a inclina\u00e7\u00e3o na caminhada aumenta o esfor\u00e7o e acelera o gasto energ\u00e9tico. O tempo de execu\u00e7\u00e3o define a efic\u00e1cia desse est\u00edmulo f\u00edsico.","breadcrumb":{"@id":"https:\/\/www.correiobraziliense.com.br\/cbradar\/caminhada-em-subida-acelera-mais-o-gasto-calorico-que-caminhada-em-terreno-plano-mas-a-diferenca-so-pesa-com-tempo-minimo-de-20-minutos\/#breadcrumb"},"inLanguage":"pt-BR","potentialAction":[{"@type":"ReadAction","target":["https:\/\/www.correiobraziliense.com.br\/cbradar\/caminhada-em-subida-acelera-mais-o-gasto-calorico-que-caminhada-em-terreno-plano-mas-a-diferenca-so-pesa-com-tempo-minimo-de-20-minutos\/"]}]},{"@type":"ImageObject","inLanguage":"pt-BR","@id":"https:\/\/www.correiobraziliense.com.br\/cbradar\/caminhada-em-subida-acelera-mais-o-gasto-calorico-que-caminhada-em-terreno-plano-mas-a-diferenca-so-pesa-com-tempo-minimo-de-20-minutos\/#primaryimage","url":"https:\/\/www.correiobraziliense.com.br\/cbradar\/wp-content\/uploads\/2026\/04\/Gemini_Generated_Image_7uruwy7uruwy7uru-1-1.png","contentUrl":"https:\/\/www.correiobraziliense.com.br\/cbradar\/wp-content\/uploads\/2026\/04\/Gemini_Generated_Image_7uruwy7uruwy7uru-1-1.png","width":1280,"height":720,"caption":"Caminhada inclinada aumenta gasto cal\u00f3rico e fortalece m\u00fasculos rapidamente"},{"@type":"BreadcrumbList","@id":"https:\/\/www.correiobraziliense.com.br\/cbradar\/caminhada-em-subida-acelera-mais-o-gasto-calorico-que-caminhada-em-terreno-plano-mas-a-diferenca-so-pesa-com-tempo-minimo-de-20-minutos\/#breadcrumb","itemListElement":[{"@type":"ListItem","position":1,"name":"In\u00edcio","item":"https:\/\/www.correiobraziliense.com.br\/cbradar\/"},{"@type":"ListItem","position":2,"name":"Caminhada em subida acelera mais o gasto cal\u00f3rico que caminhada em terreno plano, mas a diferen\u00e7a s\u00f3 pesa com tempo m\u00ednimo de 20 minutos"}]},{"@type":"WebSite","@id":"https:\/\/www.correiobraziliense.com.br\/cbradar\/#website","url":"https:\/\/www.correiobraziliense.com.br\/cbradar\/","name":"Correio Braziliense - Radar","description":"Acompanhe as \u00faltimas not\u00edcias e fique bem informado sobre tudo o que acontece no Brasil e no mundo.","potentialAction":[{"@type":"SearchAction","target":{"@type":"EntryPoint","urlTemplate":"https:\/\/www.correiobraziliense.com.br\/cbradar\/?s={search_term_string}"},"query-input":{"@type":"PropertyValueSpecification","valueRequired":true,"valueName":"search_term_string"}}],"inLanguage":"pt-BR"},{"@type":"Person","@id":"https:\/\/www.correiobraziliense.com.br\/cbradar\/#\/schema\/person\/5440b72be9c7eb74f446c846479dc4da","name":"Patrick Silva","image":{"@type":"ImageObject","inLanguage":"pt-BR","@id":"https:\/\/www.correiobraziliense.com.br\/cbradar\/#\/schema\/person\/image\/","url":"https:\/\/secure.gravatar.com\/avatar\/944109df296fc087785c9715fd5f80b2?s=96&d=mm&r=g","contentUrl":"https:\/\/secure.gravatar.com\/avatar\/944109df296fc087785c9715fd5f80b2?s=96&d=mm&r=g","caption":"Patrick Silva"},"sameAs":["https:\/\/www.correiobraziliense.com.br\/cbradar\/"],"url":"https:\/\/www.correiobraziliense.com.br\/cbradar\/author\/patrick-silva\/"}]}},"_links":{"self":[{"href":"https:\/\/www.correiobraziliense.com.br\/cbradar\/wp-json\/wp\/v2\/posts\/233110","targetHints":{"allow":["GET"]}}],"collection":[{"href":"https:\/\/www.correiobraziliense.com.br\/cbradar\/wp-json\/wp\/v2\/posts"}],"about":[{"href":"https:\/\/www.correiobraziliense.com.br\/cbradar\/wp-json\/wp\/v2\/types\/post"}],"author":[{"embeddable":true,"href":"https:\/\/www.correiobraziliense.com.br\/cbradar\/wp-json\/wp\/v2\/users\/21"}],"replies":[{"embeddable":true,"href":"https:\/\/www.correiobraziliense.com.br\/cbradar\/wp-json\/wp\/v2\/comments?post=233110"}],"version-history":[{"count":4,"href":"https:\/\/www.correiobraziliense.com.br\/cbradar\/wp-json\/wp\/v2\/posts\/233110\/revisions"}],"predecessor-version":[{"id":233122,"href":"https:\/\/www.correiobraziliense.com.br\/cbradar\/wp-json\/wp\/v2\/posts\/233110\/revisions\/233122"}],"wp:featuredmedia":[{"embeddable":true,"href":"https:\/\/www.correiobraziliense.com.br\/cbradar\/wp-json\/wp\/v2\/media\/233115"}],"wp:attachment":[{"href":"https:\/\/www.correiobraziliense.com.br\/cbradar\/wp-json\/wp\/v2\/media?parent=233110"}],"wp:term":[{"taxonomy":"category","embeddable":true,"href":"https:\/\/www.correiobraziliense.com.br\/cbradar\/wp-json\/wp\/v2\/categories?post=233110"},{"taxonomy":"post_tag","embeddable":true,"href":"https:\/\/www.correiobraziliense.com.br\/cbradar\/wp-json\/wp\/v2\/post_tag?post=233110"}],"curies":[{"name":"wp","href":"https:\/\/api.w.org\/{rel}","templated":true}]}}