{"id":23312,"date":"2025-04-15T08:50:00","date_gmt":"2025-04-15T11:50:00","guid":{"rendered":"https:\/\/www.correiobraziliense.com.br\/cbradar\/?p=23312"},"modified":"2025-04-15T04:55:39","modified_gmt":"2025-04-15T07:55:39","slug":"esse-e-o-motivo-para-voce-levar-choque-ao-tocar-em-algumas-pessoas","status":"publish","type":"post","link":"https:\/\/www.correiobraziliense.com.br\/cbradar\/esse-e-o-motivo-para-voce-levar-choque-ao-tocar-em-algumas-pessoas\/","title":{"rendered":"Esse \u00e9 o motivo para voc\u00ea levar choque ao tocar em algumas pessoas"},"content":{"rendered":"\n<p>\u00c9 comum experimentar uma sensa\u00e7\u00e3o de choque ao tocar em objetos met\u00e1licos ou outras pessoas. Este fen\u00f4meno, conhecido como eletricidade est\u00e1tica, ocorre devido ao ac\u00famulo de cargas el\u00e9tricas em um corpo. A eletricidade est\u00e1tica \u00e9 o resultado de um desequil\u00edbrio entre cargas positivas e negativas nos \u00e1tomos.<\/p>\n\n\n\n<p>Quando materiais diferentes entram em contato e s\u00e3o friccionados, como ao caminhar sobre um carpete ou ao vestir certas roupas, pode ocorrer a transfer\u00eancia de el\u00e9trons de um material para outro. Um material pode ficar carregado positivamente, enquanto o outro se torna negativamente carregado. Este ac\u00famulo de cargas pode permanecer por um tempo, especialmente em ambientes secos.<\/p>\n\n\n\n<h2 class=\"wp-block-heading\"><strong>Por que ocorrem choques de eletricidade est\u00e1tica?<\/strong><\/h2>\n\n\n\n<p>O corpo humano \u00e9 um bom condutor de eletricidade. Quando acumulamos cargas el\u00e9tricas e tocamos em um objeto condutor ou em outra pessoa, as cargas se redistribuem rapidamente, gerando uma pequena corrente el\u00e9trica. Esta transfer\u00eancia r\u00e1pida \u00e9 sentida como um choque.<\/p>\n\n\n\n<figure class=\"wp-block-image size-large\"><img decoding=\"async\" width=\"1024\" height=\"576\" src=\"https:\/\/www.correiobraziliense.com.br\/cbradar\/wp-content\/uploads\/2025\/04\/Eletricidade-Estatica_1744647417742-1024x576.jpg\" alt=\"Esse \u00e9 o motivo para voc\u00ea sentir choque ao tocar em algumas pessoas\" class=\"wp-image-23317\" srcset=\"https:\/\/www.correiobraziliense.com.br\/cbradar\/wp-content\/uploads\/2025\/04\/Eletricidade-Estatica_1744647417742-1024x576.jpg 1024w, https:\/\/www.correiobraziliense.com.br\/cbradar\/wp-content\/uploads\/2025\/04\/Eletricidade-Estatica_1744647417742-300x169.jpg 300w, https:\/\/www.correiobraziliense.com.br\/cbradar\/wp-content\/uploads\/2025\/04\/Eletricidade-Estatica_1744647417742-768x432.jpg 768w, https:\/\/www.correiobraziliense.com.br\/cbradar\/wp-content\/uploads\/2025\/04\/Eletricidade-Estatica_1744647417742-750x422.jpg 750w, https:\/\/www.correiobraziliense.com.br\/cbradar\/wp-content\/uploads\/2025\/04\/Eletricidade-Estatica_1744647417742-1140x641.jpg 1140w, https:\/\/www.correiobraziliense.com.br\/cbradar\/wp-content\/uploads\/2025\/04\/Eletricidade-Estatica_1744647417742.jpg 1280w\" sizes=\"(max-width: 1024px) 100vw, 1024px\" \/><figcaption class=\"wp-element-caption\">Eletricidade Est\u00e1tica.Cr\u00e9ditos: depositphotos.com \/ Lakshmiprasad<\/figcaption><\/figure>\n\n\n\n<p>O fen\u00f4meno \u00e9 mais comum em locais com baixa umidade, pois o ar seco impede a dispers\u00e3o natural das cargas acumuladas. Assim, as cargas permanecem em nossos corpos at\u00e9 encontrarem um ponto de descarga, como o toque em outra pessoa.<\/p>\n\n\n\n<h2 class=\"wp-block-heading\"><strong>Quais fatores aumentam a eletricidade est\u00e1tica?<\/strong><\/h2>\n\n\n\n<p>Algumas condi\u00e7\u00f5es favorecem o ac\u00famulo de eletricidade est\u00e1tica. Ambientes secos ou com ar-condicionado possuem menor umidade, o que dificulta a dispers\u00e3o das cargas. O uso de roupas sint\u00e9ticas, como poli\u00e9ster e n\u00e1ilon, aumenta o atrito com a pele. Movimentos repetitivos, como andar sobre carpetes, especialmente com cal\u00e7ados isolantes, tamb\u00e9m contribuem para o ac\u00famulo de cargas. Al\u00e9m disso, o contato com tecidos estofados pode intensificar o fen\u00f4meno.<\/p>\n\n\n\n<h2 class=\"wp-block-heading\"><strong>Como prevenir choques de eletricidade est\u00e1tica?<\/strong><\/h2>\n\n\n\n<p>Embora inofensivos, os choques de eletricidade est\u00e1tica podem ser desconfort\u00e1veis. Algumas medidas simples podem ajudar a evit\u00e1-los:<\/p>\n\n\n\n<ul class=\"wp-block-list\">\n<li><strong>Aumentar a umidade do ambiente:<\/strong>&nbsp;O uso de umidificadores pode ser eficaz, especialmente em climas secos.<\/li>\n\n\n\n<li><strong>Optar por roupas de algod\u00e3o ou tecidos naturais:<\/strong>&nbsp;Estes materiais tendem a acumular menos carga el\u00e9trica.<\/li>\n\n\n\n<li><strong>Manter a pele hidratada:<\/strong>&nbsp;A pele seca intensifica a sensa\u00e7\u00e3o de choque.<\/li>\n\n\n\n<li><strong>Evitar sapatos com solado isolante:<\/strong>&nbsp;Especialmente em locais com carpete.<\/li>\n<\/ul>\n\n\n\n<h2 class=\"wp-block-heading\"><strong>Intera\u00e7\u00f5es humanas e eletricidade est\u00e1tica<\/strong><\/h2>\n\n\n\n<p>Quando duas pessoas se tocam e uma delas est\u00e1 carregada eletricamente, ocorre uma r\u00e1pida redistribui\u00e7\u00e3o de el\u00e9trons. Embora a corrente gerada seja pequena e inofensiva, ela \u00e9 suficiente para ativar os receptores sensoriais e causar a sensa\u00e7\u00e3o de choque. Em alguns casos, esse processo pode at\u00e9 gerar pequenas fa\u00edscas vis\u00edveis, especialmente em ambientes escuros ou secos.<\/p>\n\n\n\n<p>Compreender a eletricidade est\u00e1tica e as condi\u00e7\u00f5es que favorecem seu ac\u00famulo pode ajudar a minimizar esses pequenos choques do dia a dia, tornando a conviv\u00eancia com esse fen\u00f4meno natural mais confort\u00e1vel.<\/p>\n","protected":false},"excerpt":{"rendered":"<p>Entenda o fen\u00f4meno da eletricidade est\u00e1tica e descubra como prevenir os inc\u00f4modos choques. Dicas e explica\u00e7\u00f5es sobre a est\u00e1tica no dia a dia.<\/p>\n","protected":false},"author":3,"featured_media":23314,"comment_status":"open","ping_status":"open","sticky":false,"template":"","format":"standard","meta":{"_yoast_wpseo_focuskw":"choque","_yoast_wpseo_title":"%%title%%","_yoast_wpseo_metadesc":"Entenda o fen\u00f4meno da eletricidade est\u00e1tica e descubra como prevenir os inc\u00f4modos choques. Dicas e explica\u00e7\u00f5es sobre a est\u00e1tica no dia a dia.","jnews-multi-image_gallery":[],"jnews_single_post":{"format":"standard"},"jnews_primary_category":[],"jnews_social_meta":[],"jnews_override_counter":[],"footnotes":""},"categories":[112],"post_tag":[3346],"class_list":["post-23312","post","type-post","status-publish","format-standard","has-post-thumbnail","hentry","category-curiosidades","tag-choque"],"yoast_head":"<!-- This site is optimized with the Yoast SEO plugin v24.6 - https:\/\/yoast.com\/wordpress\/plugins\/seo\/ -->\n<title>Esse \u00e9 o motivo para voc\u00ea levar choque ao tocar em algumas pessoas<\/title>\n<meta name=\"description\" content=\"Entenda o fen\u00f4meno da eletricidade est\u00e1tica e descubra como prevenir os inc\u00f4modos choques. Dicas e explica\u00e7\u00f5es sobre a est\u00e1tica no dia a dia.\" \/>\n<meta name=\"robots\" content=\"index, follow, max-snippet:-1, max-image-preview:large, max-video-preview:-1\" \/>\n<link rel=\"canonical\" href=\"https:\/\/www.correiobraziliense.com.br\/cbradar\/esse-e-o-motivo-para-voce-levar-choque-ao-tocar-em-algumas-pessoas\/\" \/>\n<meta property=\"og:locale\" content=\"pt_BR\" \/>\n<meta property=\"og:type\" content=\"article\" \/>\n<meta property=\"og:title\" content=\"Esse \u00e9 o motivo para voc\u00ea levar choque ao tocar em algumas pessoas\" \/>\n<meta property=\"og:description\" content=\"Entenda o fen\u00f4meno da eletricidade est\u00e1tica e descubra como prevenir os inc\u00f4modos choques. Dicas e explica\u00e7\u00f5es sobre a est\u00e1tica no dia a dia.\" \/>\n<meta property=\"og:url\" content=\"https:\/\/www.correiobraziliense.com.br\/cbradar\/esse-e-o-motivo-para-voce-levar-choque-ao-tocar-em-algumas-pessoas\/\" \/>\n<meta property=\"og:site_name\" content=\"Correio Braziliense - Radar\" \/>\n<meta property=\"article:published_time\" content=\"2025-04-15T11:50:00+00:00\" \/>\n<meta property=\"og:image\" content=\"https:\/\/www.correiobraziliense.com.br\/cbradar\/wp-content\/uploads\/2025\/04\/Eletricidade-Estatica_1744647328947.jpg\" \/>\n\t<meta property=\"og:image:width\" content=\"1280\" \/>\n\t<meta property=\"og:image:height\" content=\"720\" \/>\n\t<meta property=\"og:image:type\" content=\"image\/jpeg\" \/>\n<meta name=\"author\" content=\"Larissa Carvalho\" \/>\n<meta name=\"twitter:card\" content=\"summary_large_image\" \/>\n<meta name=\"twitter:label1\" content=\"Escrito por\" \/>\n\t<meta name=\"twitter:data1\" content=\"Larissa Carvalho\" \/>\n\t<meta name=\"twitter:label2\" content=\"Est. tempo de leitura\" \/>\n\t<meta name=\"twitter:data2\" content=\"3 minutos\" \/>\n<!-- \/ Yoast SEO plugin. -->","yoast_head_json":{"title":"Esse \u00e9 o motivo para voc\u00ea levar choque ao tocar em algumas pessoas","description":"Entenda o fen\u00f4meno da eletricidade est\u00e1tica e descubra como prevenir os inc\u00f4modos choques. Dicas e explica\u00e7\u00f5es sobre a est\u00e1tica no dia a dia.","robots":{"index":"index","follow":"follow","max-snippet":"max-snippet:-1","max-image-preview":"max-image-preview:large","max-video-preview":"max-video-preview:-1"},"canonical":"https:\/\/www.correiobraziliense.com.br\/cbradar\/esse-e-o-motivo-para-voce-levar-choque-ao-tocar-em-algumas-pessoas\/","og_locale":"pt_BR","og_type":"article","og_title":"Esse \u00e9 o motivo para voc\u00ea levar choque ao tocar em algumas pessoas","og_description":"Entenda o fen\u00f4meno da eletricidade est\u00e1tica e descubra como prevenir os inc\u00f4modos choques. Dicas e explica\u00e7\u00f5es sobre a est\u00e1tica no dia a dia.","og_url":"https:\/\/www.correiobraziliense.com.br\/cbradar\/esse-e-o-motivo-para-voce-levar-choque-ao-tocar-em-algumas-pessoas\/","og_site_name":"Correio Braziliense - Radar","article_published_time":"2025-04-15T11:50:00+00:00","og_image":[{"width":1280,"height":720,"url":"https:\/\/www.correiobraziliense.com.br\/cbradar\/wp-content\/uploads\/2025\/04\/Eletricidade-Estatica_1744647328947.jpg","type":"image\/jpeg"}],"author":"Larissa Carvalho","twitter_card":"summary_large_image","twitter_misc":{"Escrito por":"Larissa Carvalho","Est. tempo de leitura":"3 minutos"},"schema":{"@context":"https:\/\/schema.org","@graph":[{"@type":"WebPage","@id":"https:\/\/www.correiobraziliense.com.br\/cbradar\/esse-e-o-motivo-para-voce-levar-choque-ao-tocar-em-algumas-pessoas\/","url":"https:\/\/www.correiobraziliense.com.br\/cbradar\/esse-e-o-motivo-para-voce-levar-choque-ao-tocar-em-algumas-pessoas\/","name":"Esse \u00e9 o motivo para voc\u00ea levar choque ao tocar em algumas pessoas","isPartOf":{"@id":"https:\/\/www.correiobraziliense.com.br\/cbradar\/#website"},"primaryImageOfPage":{"@id":"https:\/\/www.correiobraziliense.com.br\/cbradar\/esse-e-o-motivo-para-voce-levar-choque-ao-tocar-em-algumas-pessoas\/#primaryimage"},"image":{"@id":"https:\/\/www.correiobraziliense.com.br\/cbradar\/esse-e-o-motivo-para-voce-levar-choque-ao-tocar-em-algumas-pessoas\/#primaryimage"},"thumbnailUrl":"https:\/\/www.correiobraziliense.com.br\/cbradar\/wp-content\/uploads\/2025\/04\/Eletricidade-Estatica_1744647328947.jpg","datePublished":"2025-04-15T11:50:00+00:00","author":{"@id":"https:\/\/www.correiobraziliense.com.br\/cbradar\/#\/schema\/person\/58422787644df994b53a19d3e56c1513"},"description":"Entenda o fen\u00f4meno da eletricidade est\u00e1tica e descubra como prevenir os inc\u00f4modos choques. Dicas e explica\u00e7\u00f5es sobre a est\u00e1tica no dia a dia.","breadcrumb":{"@id":"https:\/\/www.correiobraziliense.com.br\/cbradar\/esse-e-o-motivo-para-voce-levar-choque-ao-tocar-em-algumas-pessoas\/#breadcrumb"},"inLanguage":"pt-BR","potentialAction":[{"@type":"ReadAction","target":["https:\/\/www.correiobraziliense.com.br\/cbradar\/esse-e-o-motivo-para-voce-levar-choque-ao-tocar-em-algumas-pessoas\/"]}]},{"@type":"ImageObject","inLanguage":"pt-BR","@id":"https:\/\/www.correiobraziliense.com.br\/cbradar\/esse-e-o-motivo-para-voce-levar-choque-ao-tocar-em-algumas-pessoas\/#primaryimage","url":"https:\/\/www.correiobraziliense.com.br\/cbradar\/wp-content\/uploads\/2025\/04\/Eletricidade-Estatica_1744647328947.jpg","contentUrl":"https:\/\/www.correiobraziliense.com.br\/cbradar\/wp-content\/uploads\/2025\/04\/Eletricidade-Estatica_1744647328947.jpg","width":1280,"height":720,"caption":"Eletricidade Est\u00e1tica.Cr\u00e9ditos: depositphotos.com \/ fantazista"},{"@type":"BreadcrumbList","@id":"https:\/\/www.correiobraziliense.com.br\/cbradar\/esse-e-o-motivo-para-voce-levar-choque-ao-tocar-em-algumas-pessoas\/#breadcrumb","itemListElement":[{"@type":"ListItem","position":1,"name":"In\u00edcio","item":"https:\/\/www.correiobraziliense.com.br\/cbradar\/"},{"@type":"ListItem","position":2,"name":"Esse \u00e9 o motivo para voc\u00ea levar choque ao tocar em algumas pessoas"}]},{"@type":"WebSite","@id":"https:\/\/www.correiobraziliense.com.br\/cbradar\/#website","url":"https:\/\/www.correiobraziliense.com.br\/cbradar\/","name":"Correio Braziliense - Radar","description":"Acompanhe as \u00faltimas not\u00edcias e fique bem informado sobre tudo o que acontece no Brasil e no mundo.","potentialAction":[{"@type":"SearchAction","target":{"@type":"EntryPoint","urlTemplate":"https:\/\/www.correiobraziliense.com.br\/cbradar\/?s={search_term_string}"},"query-input":{"@type":"PropertyValueSpecification","valueRequired":true,"valueName":"search_term_string"}}],"inLanguage":"pt-BR"},{"@type":"Person","@id":"https:\/\/www.correiobraziliense.com.br\/cbradar\/#\/schema\/person\/58422787644df994b53a19d3e56c1513","name":"Larissa Carvalho","image":{"@type":"ImageObject","inLanguage":"pt-BR","@id":"https:\/\/www.correiobraziliense.com.br\/cbradar\/#\/schema\/person\/image\/","url":"https:\/\/secure.gravatar.com\/avatar\/fe4f91a0de32b52a838d0d612abdc1aa?s=96&d=mm&r=g","contentUrl":"https:\/\/secure.gravatar.com\/avatar\/fe4f91a0de32b52a838d0d612abdc1aa?s=96&d=mm&r=g","caption":"Larissa Carvalho"},"url":"https:\/\/www.correiobraziliense.com.br\/cbradar\/author\/larissamyth\/"}]}},"_links":{"self":[{"href":"https:\/\/www.correiobraziliense.com.br\/cbradar\/wp-json\/wp\/v2\/posts\/23312","targetHints":{"allow":["GET"]}}],"collection":[{"href":"https:\/\/www.correiobraziliense.com.br\/cbradar\/wp-json\/wp\/v2\/posts"}],"about":[{"href":"https:\/\/www.correiobraziliense.com.br\/cbradar\/wp-json\/wp\/v2\/types\/post"}],"author":[{"embeddable":true,"href":"https:\/\/www.correiobraziliense.com.br\/cbradar\/wp-json\/wp\/v2\/users\/3"}],"replies":[{"embeddable":true,"href":"https:\/\/www.correiobraziliense.com.br\/cbradar\/wp-json\/wp\/v2\/comments?post=23312"}],"version-history":[{"count":2,"href":"https:\/\/www.correiobraziliense.com.br\/cbradar\/wp-json\/wp\/v2\/posts\/23312\/revisions"}],"predecessor-version":[{"id":23456,"href":"https:\/\/www.correiobraziliense.com.br\/cbradar\/wp-json\/wp\/v2\/posts\/23312\/revisions\/23456"}],"wp:featuredmedia":[{"embeddable":true,"href":"https:\/\/www.correiobraziliense.com.br\/cbradar\/wp-json\/wp\/v2\/media\/23314"}],"wp:attachment":[{"href":"https:\/\/www.correiobraziliense.com.br\/cbradar\/wp-json\/wp\/v2\/media?parent=23312"}],"wp:term":[{"taxonomy":"category","embeddable":true,"href":"https:\/\/www.correiobraziliense.com.br\/cbradar\/wp-json\/wp\/v2\/categories?post=23312"},{"taxonomy":"post_tag","embeddable":true,"href":"https:\/\/www.correiobraziliense.com.br\/cbradar\/wp-json\/wp\/v2\/post_tag?post=23312"}],"curies":[{"name":"wp","href":"https:\/\/api.w.org\/{rel}","templated":true}]}}