{"id":233124,"date":"2026-04-28T01:00:00","date_gmt":"2026-04-28T04:00:00","guid":{"rendered":"https:\/\/www.correiobraziliense.com.br\/cbradar\/?p=233124"},"modified":"2026-04-27T16:53:24","modified_gmt":"2026-04-27T19:53:24","slug":"nutricionista-explica-o-problema-do-lanche-da-tarde-nao-e-a-fruta-e-a-combinacao-com-ultraprocessados-acucarados","status":"publish","type":"post","link":"https:\/\/www.correiobraziliense.com.br\/cbradar\/nutricionista-explica-o-problema-do-lanche-da-tarde-nao-e-a-fruta-e-a-combinacao-com-ultraprocessados-acucarados\/","title":{"rendered":"Nutricionista explica: o problema do lanche da tarde n\u00e3o \u00e9 a fruta, \u00e9 a combina\u00e7\u00e3o com ultraprocessados a\u00e7ucarados"},"content":{"rendered":"\n<p>Muitos indiv\u00edduos acreditam que o a\u00e7\u00facar natural presente nas frutas pode prejudicar a dieta durante o lanche da tarde de forma significativa. No entanto, o verdadeiro obst\u00e1culo para manter a sa\u00fade \u00e9 a escolha de acompanhamentos industriais repletos de aditivos qu\u00edmicos e xaropes artificiais. Equilibrar os nutrientes corretos garante energia est\u00e1vel e bem-estar f\u00edsico duradouro para todos seres humanos vivos.<\/p>\n\n\n\n<h2 class=\"wp-block-heading\">Por que a fruta sozinha \u00e9 uma escolha saud\u00e1vel?<\/h2>\n\n\n\n<p>Ingerir frutas frescas fornece uma combina\u00e7\u00e3o essencial de vitaminas e minerais que auxiliam no funcionamento pleno de todas as c\u00e9lulas do organismo. A presen\u00e7a de fibras naturais retarda a absor\u00e7\u00e3o da frutose, evitando picos de insulina que geram cansa\u00e7o mental ou fome excessiva logo ap\u00f3s a refei\u00e7\u00e3o. O corpo humano aproveita esses recursos para manter a disposi\u00e7\u00e3o elevada e constante.<\/p>\n\n\n\n<p>Al\u00e9m do valor nutricional b\u00e1sico, esses alimentos naturais cont\u00eam \u00e1gua e antioxidantes que promovem a hidrata\u00e7\u00e3o e combatem o envelhecimento precoce dos tecidos internos. Substituir produtos refinados por op\u00e7\u00f5es colhidas diretamente da natureza reduz o risco de inflama\u00e7\u00f5es sist\u00eamicas que costumam prejudicar o metabolismo a longo prazo. Priorizar a simplicidade na mesa \u00e9 o caminho para a longevidade f\u00edsica plena.<\/p>\n\n\n\n<figure class=\"wp-block-image size-full\"><img decoding=\"async\" width=\"1280\" height=\"720\" src=\"https:\/\/www.correiobraziliense.com.br\/cbradar\/wp-content\/uploads\/2026\/04\/Gemini_Generated_Image_ruodtrruodtrruod-1-1.png\" alt=\"Nutricionista explica: o problema do lanche da tarde n\u00e3o \u00e9 a fruta, \u00e9 a combina\u00e7\u00e3o com ultraprocessados a\u00e7ucarados\" class=\"wp-image-233131\" srcset=\"https:\/\/www.correiobraziliense.com.br\/cbradar\/wp-content\/uploads\/2026\/04\/Gemini_Generated_Image_ruodtrruodtrruod-1-1.png 1280w, https:\/\/www.correiobraziliense.com.br\/cbradar\/wp-content\/uploads\/2026\/04\/Gemini_Generated_Image_ruodtrruodtrruod-1-1-300x169.png 300w, https:\/\/www.correiobraziliense.com.br\/cbradar\/wp-content\/uploads\/2026\/04\/Gemini_Generated_Image_ruodtrruodtrruod-1-1-768x432.png 768w, https:\/\/www.correiobraziliense.com.br\/cbradar\/wp-content\/uploads\/2026\/04\/Gemini_Generated_Image_ruodtrruodtrruod-1-1-750x422.png 750w, https:\/\/www.correiobraziliense.com.br\/cbradar\/wp-content\/uploads\/2026\/04\/Gemini_Generated_Image_ruodtrruodtrruod-1-1-1140x641.png 1140w\" sizes=\"(max-width: 1280px) 100vw, 1280px\" \/><figcaption class=\"wp-element-caption\">Combinar frutas com prote\u00ednas e gorduras boas melhora saciedade e mant\u00e9m energia est\u00e1vel<\/figcaption><\/figure>\n\n\n\n<h2 class=\"wp-block-heading\">Como os acompanhamentos a\u00e7ucarados prejudicam o organismo?<\/h2>\n\n\n\n<p>Quando a fruta \u00e9 consumida junto com biscoitos ou bolos industrializados, a carga de carboidratos refinados sobrecarrega o p\u00e2ncreas e gera ac\u00famulo de gordura. Esses produtos possuem conservantes que interferem na sinaliza\u00e7\u00e3o da saciedade, fazendo com que o indiv\u00edduo sinta necessidade de comer volumes maiores do que o necess\u00e1rio. O equil\u00edbrio metab\u00f3lico fica comprometido por essas escolhas alimentares de fato.<\/p>\n\n\n\n<p>O excesso de xarope de milho e aditivos saborizados altera as papilas gustativas e cria uma depend\u00eancia de sabores extremamente doces ou artificiais. Essa mudan\u00e7a no paladar dificulta a aprecia\u00e7\u00e3o dos sabores suaves e naturais dos vegetais frescos, levando ao abandono gradual de h\u00e1bitos saud\u00e1veis importantes. Proteger o corpo contra o consumo excessivo de a\u00e7\u00facar refinado \u00e9 algo vital sempre.<\/p>\n\n\n\n<h2 class=\"wp-block-heading\">Quais s\u00e3o as melhores combina\u00e7\u00f5es para o lanche?<\/h2>\n\n\n\n<p>Unir a fruta com fontes de prote\u00ednas ou gorduras boas \u00e9 o m\u00e9todo mais eficaz para garantir que a energia dure por v\u00e1rias horas. Essa mistura estrat\u00e9gica reduz o \u00edndice glic\u00eamico da refei\u00e7\u00e3o e promove uma digest\u00e3o lenta que mant\u00e9m o foco mental elevado durante todo o per\u00edodo da tarde. Escolher acompanhamentos naturais transforma a qualidade da nutri\u00e7\u00e3o di\u00e1ria plena.<\/p>\n\n\n\n<p>Op\u00e7\u00f5es recomendadas para um lanche equilibrado e muito satisfat\u00f3rio:<\/p>\n\n\n\n<ul class=\"wp-block-list\">\n<li>Iogurte natural sem a\u00e7\u00facar.<\/li>\n\n\n\n<li>Mix de castanhas e sementes.<\/li>\n\n\n\n<li>Fatias de queijo branco fresco.<\/li>\n\n\n\n<li>Aveia em flocos grossos.<\/li>\n\n\n\n<li>Pasta de amendoim integral.<\/li>\n<\/ul>\n\n\n\n<h2 class=\"wp-block-heading\">De que maneira a saciedade \u00e9 influenciada pelas escolhas?<\/h2>\n\n\n\n<p>A sensa\u00e7\u00e3o de plenitude g\u00e1strica depende diretamente da complexidade dos nutrientes ingeridos durante as pequenas pausas alimentares do dia. Alimentos processados oferecem prazer imediato mas s\u00e3o rapidamente digeridos, provocando o retorno da fome em poucos minutos de forma agressiva. Investir em alimentos que exigem maior esfor\u00e7o do sistema digestivo \u00e9 a estrat\u00e9gia correta para manter o equil\u00edbrio cal\u00f3rico de fato.<\/p>\n\n\n\n<p>Quando o organismo recebe fibras e prote\u00ednas em conjunto, a libera\u00e7\u00e3o de horm\u00f4nios do bem-estar ocorre de maneira est\u00e1vel e prolongada. Isso evita a irritabilidade causada pela falta de glicose e permite que o indiv\u00edduo realize suas tarefas com maior paci\u00eancia e clareza de racioc\u00ednio. Respeitar o ritmo digestivo humano \u00e9 o primeiro passo para uma sa\u00fade plena e est\u00e1vel.<\/p>\n\n\n\n<figure class=\"wp-block-image size-full\"><img decoding=\"async\" width=\"1280\" height=\"720\" src=\"https:\/\/www.correiobraziliense.com.br\/cbradar\/wp-content\/uploads\/2026\/04\/Gemini_Generated_Image_q2bx9dq2bx9dq2bx-1-1.png\" alt=\"Nutricionista explica: o problema do lanche da tarde n\u00e3o \u00e9 a fruta, \u00e9 a combina\u00e7\u00e3o com ultraprocessados a\u00e7ucarados\" class=\"wp-image-233137\" srcset=\"https:\/\/www.correiobraziliense.com.br\/cbradar\/wp-content\/uploads\/2026\/04\/Gemini_Generated_Image_q2bx9dq2bx9dq2bx-1-1.png 1280w, https:\/\/www.correiobraziliense.com.br\/cbradar\/wp-content\/uploads\/2026\/04\/Gemini_Generated_Image_q2bx9dq2bx9dq2bx-1-1-300x169.png 300w, https:\/\/www.correiobraziliense.com.br\/cbradar\/wp-content\/uploads\/2026\/04\/Gemini_Generated_Image_q2bx9dq2bx9dq2bx-1-1-768x432.png 768w, https:\/\/www.correiobraziliense.com.br\/cbradar\/wp-content\/uploads\/2026\/04\/Gemini_Generated_Image_q2bx9dq2bx9dq2bx-1-1-750x422.png 750w, https:\/\/www.correiobraziliense.com.br\/cbradar\/wp-content\/uploads\/2026\/04\/Gemini_Generated_Image_q2bx9dq2bx9dq2bx-1-1-1140x641.png 1140w\" sizes=\"(max-width: 1280px) 100vw, 1280px\" \/><figcaption class=\"wp-element-caption\">Combinar frutas com prote\u00ednas e gorduras boas melhora saciedade e mant\u00e9m energia est\u00e1vel<\/figcaption><\/figure>\n\n\n\n<p>Leia tamb\u00e9m: <a href=\"https:\/\/www.correiobraziliense.com.br\/cbradar\/os-carboidratos-que-muita-gente-evita-mas-que-podem-fazer-parte-de-uma-dieta-saudavel\/\" target=\"_blank\" rel=\"noreferrer noopener\">Os carboidratos que muita gente evita, mas que podem fazer parte de uma dieta saud\u00e1vel<\/a><\/p>\n\n\n\n<h2 class=\"wp-block-heading\">Quais s\u00e3o as evid\u00eancias sobre o consumo de alimentos integrais?<\/h2>\n\n\n\n<p>A ci\u00eancia moderna confirma que o consumo de vegetais frescos reduz drasticamente o risco de doen\u00e7as metab\u00f3licas cr\u00f4nicas em diversas popula\u00e7\u00f5es. Manter uma dieta baseada em itens que n\u00e3o passaram por processos industriais agressivos fortalece o sistema de defesa e promove a regenera\u00e7\u00e3o celular necess\u00e1ria para a vitalidade. A nutri\u00e7\u00e3o consciente \u00e9 um investimento valioso para o futuro de todos.<\/p>\n\n\n\n<p>Segundo dados da <strong>World Health Organization<\/strong>, a redu\u00e7\u00e3o da ingest\u00e3o de a\u00e7\u00facares livres \u00e9 fundamental para prevenir a obesidade e manter a disposi\u00e7\u00e3o elevada. Adotar h\u00e1bitos equilibrados ajuda a proteger o cora\u00e7\u00e3o e garante um <a target=\"_blank\" rel=\"noreferrer noopener\" href=\"https:\/\/www.who.int\/news-room\/fact-sheets\/detail\/healthy-diet\">estilo de vida saud\u00e1vel<\/a> ao longo dos anos. Escolher alimentos naturais \u00e9 o passo primordial para quem deseja cuidar da pr\u00f3pria vida com muito zelo.<\/p>\n","protected":false},"excerpt":{"rendered":"<p>Muitos indiv\u00edduos acreditam que o a\u00e7\u00facar natural presente nas frutas pode prejudicar a dieta durante o lanche da tarde de forma significativa. No entanto, o verdadeiro obst\u00e1culo para manter a sa\u00fade \u00e9 a escolha de acompanhamentos industriais repletos de aditivos qu\u00edmicos e xaropes artificiais. Equilibrar os nutrientes corretos garante energia est\u00e1vel e bem-estar f\u00edsico duradouro [&hellip;]<\/p>\n","protected":false},"author":21,"featured_media":233128,"comment_status":"open","ping_status":"open","sticky":false,"template":"","format":"standard","meta":{"_yoast_wpseo_focuskw":"lanche da tarde com frutas","_yoast_wpseo_title":"","_yoast_wpseo_metadesc":"Combinar frutas com os acompanhamentos certos pode transformar seu lanche da tarde e evitar picos de fome e cansa\u00e7o ao longo do dia","jnews-multi-image_gallery":[],"jnews_single_post":{"format":"standard"},"jnews_primary_category":[],"jnews_social_meta":[],"jnews_override_counter":[],"footnotes":""},"categories":[119],"post_tag":[],"class_list":["post-233124","post","type-post","status-publish","format-standard","has-post-thumbnail","hentry","category-bem-estar"],"yoast_head":"<!-- This site is optimized with the Yoast SEO plugin v24.6 - https:\/\/yoast.com\/wordpress\/plugins\/seo\/ -->\n<title>Nutricionista explica: o problema do lanche da tarde n\u00e3o \u00e9 a fruta, \u00e9 a combina\u00e7\u00e3o com ultraprocessados a\u00e7ucarados - Correio Braziliense - Radar<\/title>\n<meta name=\"description\" content=\"Combinar frutas com os acompanhamentos certos pode transformar seu lanche da tarde e evitar picos de fome e cansa\u00e7o ao longo do dia\" \/>\n<meta name=\"robots\" content=\"index, follow, max-snippet:-1, max-image-preview:large, max-video-preview:-1\" \/>\n<link rel=\"canonical\" href=\"https:\/\/www.correiobraziliense.com.br\/cbradar\/nutricionista-explica-o-problema-do-lanche-da-tarde-nao-e-a-fruta-e-a-combinacao-com-ultraprocessados-acucarados\/\" \/>\n<meta property=\"og:locale\" content=\"pt_BR\" \/>\n<meta property=\"og:type\" content=\"article\" \/>\n<meta property=\"og:title\" content=\"Nutricionista explica: o problema do lanche da tarde n\u00e3o \u00e9 a fruta, \u00e9 a combina\u00e7\u00e3o com ultraprocessados a\u00e7ucarados - Correio Braziliense - Radar\" \/>\n<meta property=\"og:description\" content=\"Combinar frutas com os acompanhamentos certos pode transformar seu lanche da tarde e evitar picos de fome e cansa\u00e7o ao longo do dia\" \/>\n<meta property=\"og:url\" content=\"https:\/\/www.correiobraziliense.com.br\/cbradar\/nutricionista-explica-o-problema-do-lanche-da-tarde-nao-e-a-fruta-e-a-combinacao-com-ultraprocessados-acucarados\/\" \/>\n<meta property=\"og:site_name\" content=\"Correio Braziliense - Radar\" \/>\n<meta property=\"article:published_time\" content=\"2026-04-28T04:00:00+00:00\" \/>\n<meta property=\"og:image\" content=\"https:\/\/www.correiobraziliense.com.br\/cbradar\/wp-content\/uploads\/2026\/04\/Gemini_Generated_Image_35ztk735ztk735zt-1-1.png\" \/>\n\t<meta property=\"og:image:width\" content=\"1280\" \/>\n\t<meta property=\"og:image:height\" content=\"720\" \/>\n\t<meta property=\"og:image:type\" content=\"image\/png\" \/>\n<meta name=\"author\" content=\"Patrick Silva\" \/>\n<meta name=\"twitter:card\" content=\"summary_large_image\" \/>\n<meta name=\"twitter:label1\" content=\"Escrito por\" \/>\n\t<meta name=\"twitter:data1\" content=\"Patrick Silva\" \/>\n\t<meta name=\"twitter:label2\" content=\"Est. tempo de leitura\" \/>\n\t<meta name=\"twitter:data2\" content=\"5 minutos\" \/>\n<!-- \/ Yoast SEO plugin. -->","yoast_head_json":{"title":"Nutricionista explica: o problema do lanche da tarde n\u00e3o \u00e9 a fruta, \u00e9 a combina\u00e7\u00e3o com ultraprocessados a\u00e7ucarados - Correio Braziliense - Radar","description":"Combinar frutas com os acompanhamentos certos pode transformar seu lanche da tarde e evitar picos de fome e cansa\u00e7o ao longo do dia","robots":{"index":"index","follow":"follow","max-snippet":"max-snippet:-1","max-image-preview":"max-image-preview:large","max-video-preview":"max-video-preview:-1"},"canonical":"https:\/\/www.correiobraziliense.com.br\/cbradar\/nutricionista-explica-o-problema-do-lanche-da-tarde-nao-e-a-fruta-e-a-combinacao-com-ultraprocessados-acucarados\/","og_locale":"pt_BR","og_type":"article","og_title":"Nutricionista explica: o problema do lanche da tarde n\u00e3o \u00e9 a fruta, \u00e9 a combina\u00e7\u00e3o com ultraprocessados a\u00e7ucarados - Correio Braziliense - Radar","og_description":"Combinar frutas com os acompanhamentos certos pode transformar seu lanche da tarde e evitar picos de fome e cansa\u00e7o ao longo do dia","og_url":"https:\/\/www.correiobraziliense.com.br\/cbradar\/nutricionista-explica-o-problema-do-lanche-da-tarde-nao-e-a-fruta-e-a-combinacao-com-ultraprocessados-acucarados\/","og_site_name":"Correio Braziliense - Radar","article_published_time":"2026-04-28T04:00:00+00:00","og_image":[{"width":1280,"height":720,"url":"https:\/\/www.correiobraziliense.com.br\/cbradar\/wp-content\/uploads\/2026\/04\/Gemini_Generated_Image_35ztk735ztk735zt-1-1.png","type":"image\/png"}],"author":"Patrick Silva","twitter_card":"summary_large_image","twitter_misc":{"Escrito por":"Patrick Silva","Est. tempo de leitura":"5 minutos"},"schema":{"@context":"https:\/\/schema.org","@graph":[{"@type":"WebPage","@id":"https:\/\/www.correiobraziliense.com.br\/cbradar\/nutricionista-explica-o-problema-do-lanche-da-tarde-nao-e-a-fruta-e-a-combinacao-com-ultraprocessados-acucarados\/","url":"https:\/\/www.correiobraziliense.com.br\/cbradar\/nutricionista-explica-o-problema-do-lanche-da-tarde-nao-e-a-fruta-e-a-combinacao-com-ultraprocessados-acucarados\/","name":"Nutricionista explica: o problema do lanche da tarde n\u00e3o \u00e9 a fruta, \u00e9 a combina\u00e7\u00e3o com ultraprocessados a\u00e7ucarados - Correio Braziliense - Radar","isPartOf":{"@id":"https:\/\/www.correiobraziliense.com.br\/cbradar\/#website"},"primaryImageOfPage":{"@id":"https:\/\/www.correiobraziliense.com.br\/cbradar\/nutricionista-explica-o-problema-do-lanche-da-tarde-nao-e-a-fruta-e-a-combinacao-com-ultraprocessados-acucarados\/#primaryimage"},"image":{"@id":"https:\/\/www.correiobraziliense.com.br\/cbradar\/nutricionista-explica-o-problema-do-lanche-da-tarde-nao-e-a-fruta-e-a-combinacao-com-ultraprocessados-acucarados\/#primaryimage"},"thumbnailUrl":"https:\/\/www.correiobraziliense.com.br\/cbradar\/wp-content\/uploads\/2026\/04\/Gemini_Generated_Image_35ztk735ztk735zt-1-1.png","datePublished":"2026-04-28T04:00:00+00:00","author":{"@id":"https:\/\/www.correiobraziliense.com.br\/cbradar\/#\/schema\/person\/5440b72be9c7eb74f446c846479dc4da"},"description":"Combinar frutas com os acompanhamentos certos pode transformar seu lanche da tarde e evitar picos de fome e cansa\u00e7o ao longo do dia","breadcrumb":{"@id":"https:\/\/www.correiobraziliense.com.br\/cbradar\/nutricionista-explica-o-problema-do-lanche-da-tarde-nao-e-a-fruta-e-a-combinacao-com-ultraprocessados-acucarados\/#breadcrumb"},"inLanguage":"pt-BR","potentialAction":[{"@type":"ReadAction","target":["https:\/\/www.correiobraziliense.com.br\/cbradar\/nutricionista-explica-o-problema-do-lanche-da-tarde-nao-e-a-fruta-e-a-combinacao-com-ultraprocessados-acucarados\/"]}]},{"@type":"ImageObject","inLanguage":"pt-BR","@id":"https:\/\/www.correiobraziliense.com.br\/cbradar\/nutricionista-explica-o-problema-do-lanche-da-tarde-nao-e-a-fruta-e-a-combinacao-com-ultraprocessados-acucarados\/#primaryimage","url":"https:\/\/www.correiobraziliense.com.br\/cbradar\/wp-content\/uploads\/2026\/04\/Gemini_Generated_Image_35ztk735ztk735zt-1-1.png","contentUrl":"https:\/\/www.correiobraziliense.com.br\/cbradar\/wp-content\/uploads\/2026\/04\/Gemini_Generated_Image_35ztk735ztk735zt-1-1.png","width":1280,"height":720,"caption":"Combinar frutas com prote\u00ednas e gorduras boas melhora saciedade e mant\u00e9m energia est\u00e1vel"},{"@type":"BreadcrumbList","@id":"https:\/\/www.correiobraziliense.com.br\/cbradar\/nutricionista-explica-o-problema-do-lanche-da-tarde-nao-e-a-fruta-e-a-combinacao-com-ultraprocessados-acucarados\/#breadcrumb","itemListElement":[{"@type":"ListItem","position":1,"name":"In\u00edcio","item":"https:\/\/www.correiobraziliense.com.br\/cbradar\/"},{"@type":"ListItem","position":2,"name":"Nutricionista explica: o problema do lanche da tarde n\u00e3o \u00e9 a fruta, \u00e9 a combina\u00e7\u00e3o com ultraprocessados a\u00e7ucarados"}]},{"@type":"WebSite","@id":"https:\/\/www.correiobraziliense.com.br\/cbradar\/#website","url":"https:\/\/www.correiobraziliense.com.br\/cbradar\/","name":"Correio Braziliense - Radar","description":"Acompanhe as \u00faltimas not\u00edcias e fique bem informado sobre tudo o que acontece no Brasil e no mundo.","potentialAction":[{"@type":"SearchAction","target":{"@type":"EntryPoint","urlTemplate":"https:\/\/www.correiobraziliense.com.br\/cbradar\/?s={search_term_string}"},"query-input":{"@type":"PropertyValueSpecification","valueRequired":true,"valueName":"search_term_string"}}],"inLanguage":"pt-BR"},{"@type":"Person","@id":"https:\/\/www.correiobraziliense.com.br\/cbradar\/#\/schema\/person\/5440b72be9c7eb74f446c846479dc4da","name":"Patrick Silva","image":{"@type":"ImageObject","inLanguage":"pt-BR","@id":"https:\/\/www.correiobraziliense.com.br\/cbradar\/#\/schema\/person\/image\/","url":"https:\/\/secure.gravatar.com\/avatar\/944109df296fc087785c9715fd5f80b2?s=96&d=mm&r=g","contentUrl":"https:\/\/secure.gravatar.com\/avatar\/944109df296fc087785c9715fd5f80b2?s=96&d=mm&r=g","caption":"Patrick Silva"},"sameAs":["https:\/\/www.correiobraziliense.com.br\/cbradar\/"],"url":"https:\/\/www.correiobraziliense.com.br\/cbradar\/author\/patrick-silva\/"}]}},"_links":{"self":[{"href":"https:\/\/www.correiobraziliense.com.br\/cbradar\/wp-json\/wp\/v2\/posts\/233124","targetHints":{"allow":["GET"]}}],"collection":[{"href":"https:\/\/www.correiobraziliense.com.br\/cbradar\/wp-json\/wp\/v2\/posts"}],"about":[{"href":"https:\/\/www.correiobraziliense.com.br\/cbradar\/wp-json\/wp\/v2\/types\/post"}],"author":[{"embeddable":true,"href":"https:\/\/www.correiobraziliense.com.br\/cbradar\/wp-json\/wp\/v2\/users\/21"}],"replies":[{"embeddable":true,"href":"https:\/\/www.correiobraziliense.com.br\/cbradar\/wp-json\/wp\/v2\/comments?post=233124"}],"version-history":[{"count":2,"href":"https:\/\/www.correiobraziliense.com.br\/cbradar\/wp-json\/wp\/v2\/posts\/233124\/revisions"}],"predecessor-version":[{"id":233138,"href":"https:\/\/www.correiobraziliense.com.br\/cbradar\/wp-json\/wp\/v2\/posts\/233124\/revisions\/233138"}],"wp:featuredmedia":[{"embeddable":true,"href":"https:\/\/www.correiobraziliense.com.br\/cbradar\/wp-json\/wp\/v2\/media\/233128"}],"wp:attachment":[{"href":"https:\/\/www.correiobraziliense.com.br\/cbradar\/wp-json\/wp\/v2\/media?parent=233124"}],"wp:term":[{"taxonomy":"category","embeddable":true,"href":"https:\/\/www.correiobraziliense.com.br\/cbradar\/wp-json\/wp\/v2\/categories?post=233124"},{"taxonomy":"post_tag","embeddable":true,"href":"https:\/\/www.correiobraziliense.com.br\/cbradar\/wp-json\/wp\/v2\/post_tag?post=233124"}],"curies":[{"name":"wp","href":"https:\/\/api.w.org\/{rel}","templated":true}]}}