{"id":233125,"date":"2026-04-28T20:05:00","date_gmt":"2026-04-28T23:05:00","guid":{"rendered":"https:\/\/www.correiobraziliense.com.br\/cbradar\/?p=233125"},"modified":"2026-04-27T12:30:49","modified_gmt":"2026-04-27T15:30:49","slug":"citacao-do-dia-de-confucio-antes-de-iniciar-uma-jornada-de-vinganca-cave-duas-covas","status":"publish","type":"post","link":"https:\/\/www.correiobraziliense.com.br\/cbradar\/citacao-do-dia-de-confucio-antes-de-iniciar-uma-jornada-de-vinganca-cave-duas-covas\/","title":{"rendered":"Cita\u00e7\u00e3o do dia de Conf\u00facio: \u201cAntes de iniciar uma jornada de vingan\u00e7a, cave duas covas\u201d"},"content":{"rendered":"\n<p>A cita\u00e7\u00e3o de <strong>Conf\u00facio<\/strong> serve como um alerta atemporal sobre a natureza autodestrutiva do ressentimento e da retalia\u00e7\u00e3o nas rela\u00e7\u00f5es humanas atuais. Buscar justi\u00e7a por meio da raiva frequentemente leva a um ciclo intermin\u00e1vel de dor que consome o buscador junto com seu alvo. Compreender essa sabedoria milenar nos ajuda a cultivar intelig\u00eancia emocional.<\/p>\n\n\n\n<h2 class=\"wp-block-heading\">Por que o \u00f3dio consome quem o carrega primeiro?<\/h2>\n\n\n\n<p>O sentimento de vingan\u00e7a atua como um veneno silencioso que corr\u00f3i a sa\u00fade mental e o equil\u00edbrio emocional de quem cultiva o rancor. Ao focar toda a sua energia em prejudicar outra pessoa, voc\u00ea negligencia o pr\u00f3prio crescimento e bem-estar, permitindo que a amargura domine seus pensamentos di\u00e1rios. O \u00f3dio \u00e9 uma carga extremamente pesada e cansativa.<\/p>\n\n\n\n<p>Alimentar o desejo de revide mant\u00e9m a mente presa a eventos passados que n\u00e3o podem ser alterados ou apagados pela for\u00e7a bruta. Esse estado de vigil\u00e2ncia constante impede que o indiv\u00edduo experimente a paz necess\u00e1ria para viver o presente de forma plena e produtiva. O desgaste psicol\u00f3gico causado pela raiva persistente \u00e9, muitas vezes, irrevers\u00edvel e muito danoso para o car\u00e1ter.<\/p>\n\n\n\n<figure class=\"wp-block-image size-full\"><img decoding=\"async\" width=\"1280\" height=\"720\" src=\"https:\/\/www.correiobraziliense.com.br\/cbradar\/wp-content\/uploads\/2026\/04\/Gemini_Generated_Image_ucbx2uucbx2uucbx-1-1.png\" alt=\"Cita\u00e7\u00e3o do dia de Conf\u00facio: \u201cAntes de iniciar uma jornada de vingan\u00e7a, cave duas covas\u201d\" class=\"wp-image-233130\" srcset=\"https:\/\/www.correiobraziliense.com.br\/cbradar\/wp-content\/uploads\/2026\/04\/Gemini_Generated_Image_ucbx2uucbx2uucbx-1-1.png 1280w, https:\/\/www.correiobraziliense.com.br\/cbradar\/wp-content\/uploads\/2026\/04\/Gemini_Generated_Image_ucbx2uucbx2uucbx-1-1-300x169.png 300w, https:\/\/www.correiobraziliense.com.br\/cbradar\/wp-content\/uploads\/2026\/04\/Gemini_Generated_Image_ucbx2uucbx2uucbx-1-1-768x432.png 768w, https:\/\/www.correiobraziliense.com.br\/cbradar\/wp-content\/uploads\/2026\/04\/Gemini_Generated_Image_ucbx2uucbx2uucbx-1-1-750x422.png 750w, https:\/\/www.correiobraziliense.com.br\/cbradar\/wp-content\/uploads\/2026\/04\/Gemini_Generated_Image_ucbx2uucbx2uucbx-1-1-1140x641.png 1140w\" sizes=\"(max-width: 1280px) 100vw, 1280px\" \/><figcaption class=\"wp-element-caption\">A vingan\u00e7a pode gerar consequ\u00eancias emocionais profundas e afetar o equil\u00edbrio interno<\/figcaption><\/figure>\n\n\n\n<h2 class=\"wp-block-heading\">Qual o significado real das duas covas cavadas?<\/h2>\n\n\n\n<p>A met\u00e1fora das duas covas ilustra com clareza que o executor da vingan\u00e7a tamb\u00e9m ser\u00e1 v\u00edtima de suas pr\u00f3prias a\u00e7\u00f5es destrutivas. N\u00e3o se pode ferir profundamente o outro sem que o pr\u00f3prio car\u00e1ter e a paz espiritual sofram danos colaterais permanentes e severos. A busca cega pela retalia\u00e7\u00e3o acaba enterrando os sonhos e a integridade de quem decide atacar.<\/p>\n\n\n\n<p>Escolher o caminho da revanche significa aceitar que uma parte da sua pr\u00f3pria vida ser\u00e1 sacrificada em nome do \u00f3dio alheio. O tempo e a energia gastos no planejamento do mal nunca retornam, deixando um vazio existencial que nenhuma satisfa\u00e7\u00e3o moment\u00e2nea pode preencher de verdade. Cavar a segunda cova \u00e9 o destino inevit\u00e1vel de quem ignora a autocompaix\u00e3o necess\u00e1ria.<\/p>\n\n\n\n<h2 class=\"wp-block-heading\">Como transformar o ressentimento em crescimento pessoal?<\/h2>\n\n\n\n<p>Superar uma ofensa exige maturidade para compreender que a sua felicidade n\u00e3o deve depender do sofrimento de quem o magoou. Focar na pr\u00f3pria evolu\u00e7\u00e3o \u00e9 a resposta mais elegante e eficiente para qualquer tipo de injusti\u00e7a sofrida durante a jornada da vida. <\/p>\n\n\n\n<p>Note os elementos fundamentais que permitem que sua mente encontre a tranquilidade e o vigor necess\u00e1rios:<\/p>\n\n\n\n<ul class=\"wp-block-list\">\n<li>Praticar o perd\u00e3o como liberta\u00e7\u00e3o interna;<\/li>\n\n\n\n<li>Investir tempo em projetos pessoais novos;<\/li>\n\n\n\n<li>Cercar-se de pessoas que tragam paz;<\/li>\n\n\n\n<li>Focar em metas futuras de sucesso;<\/li>\n\n\n\n<li>Aceitar que o passado \u00e9 imut\u00e1vel.<\/li>\n<\/ul>\n\n\n\n<h2 class=\"wp-block-heading\">O que a intelig\u00eancia emocional ensina sobre perdoar?<\/h2>\n\n\n\n<p>O perd\u00e3o n\u00e3o \u00e9 um ato de fraqueza, mas sim uma demonstra\u00e7\u00e3o de for\u00e7a e controle sobre os pr\u00f3prios impulsos destrutivos e sombrios. Ao perdoar, voc\u00ea retoma o poder sobre a sua narrativa, impedindo que o agressor dite as regras do seu humor e bem-estar. Essa autonomia afetiva \u00e9 o pilar fundamental para uma <strong>sa\u00fade mental inabal\u00e1vel<\/strong> e resiliente.<\/p>\n\n\n\n<p>A psicologia moderna defende que o desapego emocional \u00e9 a ferramenta mais eficaz para encerrar ciclos de sofrimento que se arrastam. Substituir a raiva pela indiferen\u00e7a saud\u00e1vel protege o seu sistema nervoso contra o estresse oxidativo causado por emo\u00e7\u00f5es negativas e intensas. Priorizar a sua paz \u00e9 uma decis\u00e3o estrat\u00e9gica que garante longevidade e equil\u00edbrio para sua alma humana.<\/p>\n\n\n\n<figure class=\"wp-block-image size-full\"><img decoding=\"async\" width=\"1280\" height=\"720\" src=\"https:\/\/www.correiobraziliense.com.br\/cbradar\/wp-content\/uploads\/2026\/04\/Gemini_Generated_Image_4m2q3d4m2q3d4m2q-1-1.png\" alt=\"Cita\u00e7\u00e3o do dia de Conf\u00facio: \u201cAntes de iniciar uma jornada de vingan\u00e7a, cave duas covas\u201d\" class=\"wp-image-233132\" srcset=\"https:\/\/www.correiobraziliense.com.br\/cbradar\/wp-content\/uploads\/2026\/04\/Gemini_Generated_Image_4m2q3d4m2q3d4m2q-1-1.png 1280w, https:\/\/www.correiobraziliense.com.br\/cbradar\/wp-content\/uploads\/2026\/04\/Gemini_Generated_Image_4m2q3d4m2q3d4m2q-1-1-300x169.png 300w, https:\/\/www.correiobraziliense.com.br\/cbradar\/wp-content\/uploads\/2026\/04\/Gemini_Generated_Image_4m2q3d4m2q3d4m2q-1-1-768x432.png 768w, https:\/\/www.correiobraziliense.com.br\/cbradar\/wp-content\/uploads\/2026\/04\/Gemini_Generated_Image_4m2q3d4m2q3d4m2q-1-1-750x422.png 750w, https:\/\/www.correiobraziliense.com.br\/cbradar\/wp-content\/uploads\/2026\/04\/Gemini_Generated_Image_4m2q3d4m2q3d4m2q-1-1-1140x641.png 1140w\" sizes=\"(max-width: 1280px) 100vw, 1280px\" \/><figcaption class=\"wp-element-caption\">A vingan\u00e7a pode gerar consequ\u00eancias emocionais profundas e afetar o equil\u00edbrio interno<\/figcaption><\/figure>\n\n\n\n<h2 class=\"wp-block-heading\">Como a filosofia antiga orienta a conduta \u00e9tica?<\/h2>\n\n\n\n<p>A \u00e9tica confuciana valoriza a harmonia social e a retid\u00e3o de car\u00e1ter como caminhos para a estabilidade de uma na\u00e7\u00e3o inteira. Seguir esses preceitos ajuda a construir uma sociedade baseada no respeito m\u00fatuo e na supera\u00e7\u00e3o das diferen\u00e7as por meio do di\u00e1logo sincero. A sabedoria de <a href=\"https:\/\/www.correiobraziliense.com.br\/cbradar\/a-frase-de-confucio-que-pode-mudar-a-forma-como-voce-lida-com-os-proprios-erros\/\" target=\"_blank\" rel=\"noreferrer noopener\"><strong>Conf\u00facio<\/strong> <\/a>permanece como um farol para quem deseja liderar com justi\u00e7a e profunda <strong>compaix\u00e3o<\/strong>.<\/p>\n\n\n\n<p>Muitas institui\u00e7\u00f5es de ensino e portais de cultura dedicam-se a preservar esses ensinamentos valiosos para as futuras gera\u00e7\u00f5es de pensadores e l\u00edderes. Para compreender melhor a biografia e o impacto hist\u00f3rico desse grande fil\u00f3sofo chin\u00eas, acesse o conte\u00fado detalhado da <a target=\"_blank\" rel=\"noreferrer noopener\" href=\"https:\/\/plato.stanford.edu\/entries\/confucius\/\">Stanford Encyclopedia of Philosophy<\/a>. Adotar esses valores milenares \u00e9 o segredo para construir um <strong>legado de paz e sabedoria<\/strong>.<\/p>\n","protected":false},"excerpt":{"rendered":"<p>A cita\u00e7\u00e3o de Conf\u00facio serve como um alerta atemporal sobre a natureza autodestrutiva do ressentimento e da retalia\u00e7\u00e3o nas rela\u00e7\u00f5es humanas atuais. Buscar justi\u00e7a por meio da raiva frequentemente leva a um ciclo intermin\u00e1vel de dor que consome o buscador junto com seu alvo. Compreender essa sabedoria milenar nos ajuda a cultivar intelig\u00eancia emocional. Por [&hellip;]<\/p>\n","protected":false},"author":21,"featured_media":233135,"comment_status":"open","ping_status":"open","sticky":false,"template":"","format":"standard","meta":{"_yoast_wpseo_focuskw":"vingan\u00e7a prejudica sa\u00fade emocional humana","_yoast_wpseo_title":"","_yoast_wpseo_metadesc":"O desejo de vingan\u00e7a pode gerar consequ\u00eancias internas profundas. A filosofia revela impactos emocionais pouco percebidos nesse comportamento.","jnews-multi-image_gallery":[],"jnews_single_post":{"format":"standard"},"jnews_primary_category":[],"jnews_social_meta":[],"jnews_override_counter":[],"footnotes":""},"categories":[112],"post_tag":[15182,13403],"class_list":["post-233125","post","type-post","status-publish","format-standard","has-post-thumbnail","hentry","category-curiosidades","tag-citacao-do-dia","tag-confucio"],"yoast_head":"<!-- This site is optimized with the Yoast SEO plugin v24.6 - https:\/\/yoast.com\/wordpress\/plugins\/seo\/ -->\n<title>Cita\u00e7\u00e3o do dia de Conf\u00facio: \u201cAntes de iniciar uma jornada de vingan\u00e7a, cave duas covas\u201d - Correio Braziliense - Radar<\/title>\n<meta name=\"description\" content=\"O desejo de vingan\u00e7a pode gerar consequ\u00eancias internas profundas. A filosofia revela impactos emocionais pouco percebidos nesse comportamento.\" \/>\n<meta name=\"robots\" content=\"index, follow, max-snippet:-1, max-image-preview:large, max-video-preview:-1\" \/>\n<link rel=\"canonical\" href=\"https:\/\/www.correiobraziliense.com.br\/cbradar\/citacao-do-dia-de-confucio-antes-de-iniciar-uma-jornada-de-vinganca-cave-duas-covas\/\" \/>\n<meta property=\"og:locale\" content=\"pt_BR\" \/>\n<meta property=\"og:type\" content=\"article\" \/>\n<meta property=\"og:title\" content=\"Cita\u00e7\u00e3o do dia de Conf\u00facio: \u201cAntes de iniciar uma jornada de vingan\u00e7a, cave duas covas\u201d - Correio Braziliense - Radar\" \/>\n<meta property=\"og:description\" content=\"O desejo de vingan\u00e7a pode gerar consequ\u00eancias internas profundas. A filosofia revela impactos emocionais pouco percebidos nesse comportamento.\" \/>\n<meta property=\"og:url\" content=\"https:\/\/www.correiobraziliense.com.br\/cbradar\/citacao-do-dia-de-confucio-antes-de-iniciar-uma-jornada-de-vinganca-cave-duas-covas\/\" \/>\n<meta property=\"og:site_name\" content=\"Correio Braziliense - Radar\" \/>\n<meta property=\"article:published_time\" content=\"2026-04-28T23:05:00+00:00\" \/>\n<meta property=\"og:image\" content=\"https:\/\/www.correiobraziliense.com.br\/cbradar\/wp-content\/uploads\/2026\/04\/Gemini_Generated_Image_on83ypon83ypon83-1-1.png\" \/>\n\t<meta property=\"og:image:width\" content=\"1280\" \/>\n\t<meta property=\"og:image:height\" content=\"720\" \/>\n\t<meta property=\"og:image:type\" content=\"image\/png\" \/>\n<meta name=\"author\" content=\"Patrick Silva\" \/>\n<meta name=\"twitter:card\" content=\"summary_large_image\" \/>\n<meta name=\"twitter:label1\" content=\"Escrito por\" \/>\n\t<meta name=\"twitter:data1\" content=\"Patrick Silva\" \/>\n\t<meta name=\"twitter:label2\" content=\"Est. tempo de leitura\" \/>\n\t<meta name=\"twitter:data2\" content=\"5 minutos\" \/>\n<!-- \/ Yoast SEO plugin. -->","yoast_head_json":{"title":"Cita\u00e7\u00e3o do dia de Conf\u00facio: \u201cAntes de iniciar uma jornada de vingan\u00e7a, cave duas covas\u201d - Correio Braziliense - Radar","description":"O desejo de vingan\u00e7a pode gerar consequ\u00eancias internas profundas. A filosofia revela impactos emocionais pouco percebidos nesse comportamento.","robots":{"index":"index","follow":"follow","max-snippet":"max-snippet:-1","max-image-preview":"max-image-preview:large","max-video-preview":"max-video-preview:-1"},"canonical":"https:\/\/www.correiobraziliense.com.br\/cbradar\/citacao-do-dia-de-confucio-antes-de-iniciar-uma-jornada-de-vinganca-cave-duas-covas\/","og_locale":"pt_BR","og_type":"article","og_title":"Cita\u00e7\u00e3o do dia de Conf\u00facio: \u201cAntes de iniciar uma jornada de vingan\u00e7a, cave duas covas\u201d - Correio Braziliense - Radar","og_description":"O desejo de vingan\u00e7a pode gerar consequ\u00eancias internas profundas. A filosofia revela impactos emocionais pouco percebidos nesse comportamento.","og_url":"https:\/\/www.correiobraziliense.com.br\/cbradar\/citacao-do-dia-de-confucio-antes-de-iniciar-uma-jornada-de-vinganca-cave-duas-covas\/","og_site_name":"Correio Braziliense - Radar","article_published_time":"2026-04-28T23:05:00+00:00","og_image":[{"width":1280,"height":720,"url":"https:\/\/www.correiobraziliense.com.br\/cbradar\/wp-content\/uploads\/2026\/04\/Gemini_Generated_Image_on83ypon83ypon83-1-1.png","type":"image\/png"}],"author":"Patrick Silva","twitter_card":"summary_large_image","twitter_misc":{"Escrito por":"Patrick Silva","Est. tempo de leitura":"5 minutos"},"schema":{"@context":"https:\/\/schema.org","@graph":[{"@type":"WebPage","@id":"https:\/\/www.correiobraziliense.com.br\/cbradar\/citacao-do-dia-de-confucio-antes-de-iniciar-uma-jornada-de-vinganca-cave-duas-covas\/","url":"https:\/\/www.correiobraziliense.com.br\/cbradar\/citacao-do-dia-de-confucio-antes-de-iniciar-uma-jornada-de-vinganca-cave-duas-covas\/","name":"Cita\u00e7\u00e3o do dia de Conf\u00facio: \u201cAntes de iniciar uma jornada de vingan\u00e7a, cave duas covas\u201d - Correio Braziliense - Radar","isPartOf":{"@id":"https:\/\/www.correiobraziliense.com.br\/cbradar\/#website"},"primaryImageOfPage":{"@id":"https:\/\/www.correiobraziliense.com.br\/cbradar\/citacao-do-dia-de-confucio-antes-de-iniciar-uma-jornada-de-vinganca-cave-duas-covas\/#primaryimage"},"image":{"@id":"https:\/\/www.correiobraziliense.com.br\/cbradar\/citacao-do-dia-de-confucio-antes-de-iniciar-uma-jornada-de-vinganca-cave-duas-covas\/#primaryimage"},"thumbnailUrl":"https:\/\/www.correiobraziliense.com.br\/cbradar\/wp-content\/uploads\/2026\/04\/Gemini_Generated_Image_on83ypon83ypon83-1-1.png","datePublished":"2026-04-28T23:05:00+00:00","author":{"@id":"https:\/\/www.correiobraziliense.com.br\/cbradar\/#\/schema\/person\/5440b72be9c7eb74f446c846479dc4da"},"description":"O desejo de vingan\u00e7a pode gerar consequ\u00eancias internas profundas. A filosofia revela impactos emocionais pouco percebidos nesse comportamento.","breadcrumb":{"@id":"https:\/\/www.correiobraziliense.com.br\/cbradar\/citacao-do-dia-de-confucio-antes-de-iniciar-uma-jornada-de-vinganca-cave-duas-covas\/#breadcrumb"},"inLanguage":"pt-BR","potentialAction":[{"@type":"ReadAction","target":["https:\/\/www.correiobraziliense.com.br\/cbradar\/citacao-do-dia-de-confucio-antes-de-iniciar-uma-jornada-de-vinganca-cave-duas-covas\/"]}]},{"@type":"ImageObject","inLanguage":"pt-BR","@id":"https:\/\/www.correiobraziliense.com.br\/cbradar\/citacao-do-dia-de-confucio-antes-de-iniciar-uma-jornada-de-vinganca-cave-duas-covas\/#primaryimage","url":"https:\/\/www.correiobraziliense.com.br\/cbradar\/wp-content\/uploads\/2026\/04\/Gemini_Generated_Image_on83ypon83ypon83-1-1.png","contentUrl":"https:\/\/www.correiobraziliense.com.br\/cbradar\/wp-content\/uploads\/2026\/04\/Gemini_Generated_Image_on83ypon83ypon83-1-1.png","width":1280,"height":720,"caption":"A vingan\u00e7a pode gerar consequ\u00eancias emocionais profundas e afetar o equil\u00edbrio interno"},{"@type":"BreadcrumbList","@id":"https:\/\/www.correiobraziliense.com.br\/cbradar\/citacao-do-dia-de-confucio-antes-de-iniciar-uma-jornada-de-vinganca-cave-duas-covas\/#breadcrumb","itemListElement":[{"@type":"ListItem","position":1,"name":"In\u00edcio","item":"https:\/\/www.correiobraziliense.com.br\/cbradar\/"},{"@type":"ListItem","position":2,"name":"Cita\u00e7\u00e3o do dia de Conf\u00facio: \u201cAntes de iniciar uma jornada de vingan\u00e7a, cave duas covas\u201d"}]},{"@type":"WebSite","@id":"https:\/\/www.correiobraziliense.com.br\/cbradar\/#website","url":"https:\/\/www.correiobraziliense.com.br\/cbradar\/","name":"Correio Braziliense - Radar","description":"Acompanhe as \u00faltimas not\u00edcias e fique bem informado sobre tudo o que acontece no Brasil e no mundo.","potentialAction":[{"@type":"SearchAction","target":{"@type":"EntryPoint","urlTemplate":"https:\/\/www.correiobraziliense.com.br\/cbradar\/?s={search_term_string}"},"query-input":{"@type":"PropertyValueSpecification","valueRequired":true,"valueName":"search_term_string"}}],"inLanguage":"pt-BR"},{"@type":"Person","@id":"https:\/\/www.correiobraziliense.com.br\/cbradar\/#\/schema\/person\/5440b72be9c7eb74f446c846479dc4da","name":"Patrick Silva","image":{"@type":"ImageObject","inLanguage":"pt-BR","@id":"https:\/\/www.correiobraziliense.com.br\/cbradar\/#\/schema\/person\/image\/","url":"https:\/\/secure.gravatar.com\/avatar\/944109df296fc087785c9715fd5f80b2?s=96&d=mm&r=g","contentUrl":"https:\/\/secure.gravatar.com\/avatar\/944109df296fc087785c9715fd5f80b2?s=96&d=mm&r=g","caption":"Patrick Silva"},"sameAs":["https:\/\/www.correiobraziliense.com.br\/cbradar\/"],"url":"https:\/\/www.correiobraziliense.com.br\/cbradar\/author\/patrick-silva\/"}]}},"_links":{"self":[{"href":"https:\/\/www.correiobraziliense.com.br\/cbradar\/wp-json\/wp\/v2\/posts\/233125","targetHints":{"allow":["GET"]}}],"collection":[{"href":"https:\/\/www.correiobraziliense.com.br\/cbradar\/wp-json\/wp\/v2\/posts"}],"about":[{"href":"https:\/\/www.correiobraziliense.com.br\/cbradar\/wp-json\/wp\/v2\/types\/post"}],"author":[{"embeddable":true,"href":"https:\/\/www.correiobraziliense.com.br\/cbradar\/wp-json\/wp\/v2\/users\/21"}],"replies":[{"embeddable":true,"href":"https:\/\/www.correiobraziliense.com.br\/cbradar\/wp-json\/wp\/v2\/comments?post=233125"}],"version-history":[{"count":4,"href":"https:\/\/www.correiobraziliense.com.br\/cbradar\/wp-json\/wp\/v2\/posts\/233125\/revisions"}],"predecessor-version":[{"id":233133,"href":"https:\/\/www.correiobraziliense.com.br\/cbradar\/wp-json\/wp\/v2\/posts\/233125\/revisions\/233133"}],"wp:featuredmedia":[{"embeddable":true,"href":"https:\/\/www.correiobraziliense.com.br\/cbradar\/wp-json\/wp\/v2\/media\/233135"}],"wp:attachment":[{"href":"https:\/\/www.correiobraziliense.com.br\/cbradar\/wp-json\/wp\/v2\/media?parent=233125"}],"wp:term":[{"taxonomy":"category","embeddable":true,"href":"https:\/\/www.correiobraziliense.com.br\/cbradar\/wp-json\/wp\/v2\/categories?post=233125"},{"taxonomy":"post_tag","embeddable":true,"href":"https:\/\/www.correiobraziliense.com.br\/cbradar\/wp-json\/wp\/v2\/post_tag?post=233125"}],"curies":[{"name":"wp","href":"https:\/\/api.w.org\/{rel}","templated":true}]}}